{"id":449193,"date":"2025-09-08T12:14:38","date_gmt":"2025-09-08T15:14:38","guid":{"rendered":"https:\/\/mrnews.com.br\/index.php\/2025\/09\/08\/ibge-lanca-proposta-para-mapear-areas-verdes-urbanas-no-brasil\/"},"modified":"2025-09-08T12:14:38","modified_gmt":"2025-09-08T15:14:38","slug":"ibge-lanca-proposta-para-mapear-areas-verdes-urbanas-no-brasil","status":"publish","type":"post","link":"https:\/\/mrnews.com.br\/index.php\/2025\/09\/08\/ibge-lanca-proposta-para-mapear-areas-verdes-urbanas-no-brasil\/","title":{"rendered":"IBGE lan\u00e7a proposta para mapear \u00e1reas verdes urbanas no Brasil"},"content":{"rendered":"<p>Por EBC, <\/p>\n<div>\n<p>Uma proposta in\u00e9dita para mapear \u00e1reas verdes urbanas no Brasil foi apresentada nesta segunda-feira (8) pelo Instituto Brasileiro de Geografia e Estat\u00edstica (IBGE). <strong>Guarulhos (SP) e Palmas foram escolhidos como \u00e1reas-teste por serem regionalmente diferentes, tanto em termos de forma\u00e7\u00e3o das cidades como de clima e vegeta\u00e7\u00e3o.\u00a0\u00a0<\/strong><\/p>\n<p>Segundo a respons\u00e1vel t\u00e9cnica da pesquisa, Manuela Mendon\u00e7a de Alvarenga, a partir deste projeto piloto, a equipe da Diretoria de Geoci\u00eancias do <strong>IBGE pretende avaliar proposta metodol\u00f3gica que seja realizada futuramente em todo o territ\u00f3rio nacional.<\/strong><\/p>\n<blockquote>\n<p>\u201cPara n\u00f3s \u00e9 importante lan\u00e7ar este estudo em car\u00e1ter experimental, para que possamos colocar a proposta de metodologia em discuss\u00e3o, testar sua aplicabilidade a diferentes contextos e, a partir de um retorno de outros pesquisadores, de gestores e de demais partes interessadas, propor algo que possa ser aplic\u00e1vel a todo o Brasil\u201d, disse Manuela.\u00a0\u00a0<\/p>\n<\/blockquote>\n<p>De acordo com o IBGE, a metodologia realizada nesta investiga\u00e7\u00e3o utilizou a defini\u00e7\u00e3o de \u00e1reas verdes urbanas do C\u00f3digo Florestal Brasileiro, que considera \u00e1reas p\u00fablicas ou privadas de vegeta\u00e7\u00e3o (natural ou recuperada), que t\u00eam uma destina\u00e7\u00e3o no planejamento urbano diferente de loteamentos e moradias.<\/p>\n<p>O <strong>instituto explica que a classifica\u00e7\u00e3o de \u00e1reas verdes seguiu a proposta do Minist\u00e9rio do Meio Ambiente e de Mudan\u00e7a do Clima, que contempla diferentes tipos, como parques, pra\u00e7as, canteiros.<\/strong><\/p>\n<blockquote>\n<p>\u201cPara a \u00e1rea de mapeamento,\u00a0 foi considerada uma delimita\u00e7\u00e3o que segue o padr\u00e3o internacional da ONU-Habitat pautado em densidade demogr\u00e1fica e tamanho da popula\u00e7\u00e3o em \u00e1reas cont\u00ednuas. Al\u00e9m disso, foi proposta a utiliza\u00e7\u00e3o de dados de cartografia colaborativa, que indicam a presen\u00e7a de \u00e1reas verdes diversas.\u00a0Estes foram utilizados como insumos para identifica\u00e7\u00e3o preliminar, cruzados com outros de imagens de sat\u00e9lite, que indicaram a presen\u00e7a de vegeta\u00e7\u00e3o\u201d, diz o IBGE.<\/p>\n<\/blockquote>\n<p>&gt;&gt; Siga o canal da <strong>Ag\u00eancia Brasil <\/strong>no WhatsApp<\/p>\n<p>Conforme o instituto, <strong>em Guarulhos, foram identificados 7.096,37 hectares de \u00e1reas verdes urbanas, o que representa 45% das \u00e1reas urbanizadas do munic\u00edpio, levando em conta a \u00e1rea de 800 metro em torno do centro urbano.<\/strong> Considerando as \u00e1reas verdes intraurbanas, o tamanho \u00e9 reduzido para 6.036,73 hectares, e a propor\u00e7\u00e3o passa a ser de 38% das \u00e1reas urbanizadas da cidade.<\/p>\n<blockquote>\n<p>\u00a0\u201cCom esse resultado, podemos interpretar qual \u00e9 o grau do impacto que o entorno do centro urbano possui para a composi\u00e7\u00e3o do mosaico de \u00e1reas verdes da cidade e consequentemente os servi\u00e7os fornecidos \u00e0 popula\u00e7\u00e3o\u201d, explicou Manuela.<\/p>\n<\/blockquote>\n<p>O <strong>IBGE informou que, em Palmas, o total de \u00e1reas verdes urbanas foi de 5.137 hectares, considerando a \u00e1rea de mapeamento com o entorno de 800 metros do centro urbano, o que representa 49,11% do total de \u00e1reas urbanizadas da cidade.<\/strong><\/p>\n<blockquote>\n<p>\u201cConsiderando apenas a \u00e1rea intraurbana, as \u00c1reas Verdes Urbanas passam a somar 977,99 hectares, representando aproximadamente 10% da mancha urbanizada do munic\u00edpio. A diminui\u00e7\u00e3o de cerca de 80% de \u00e1reas verdes entre os recortes intraurbano e periurbano se deve ao fato de que Palmas possui grandes extens\u00f5es de matas ciliares de rios tribut\u00e1rios ao Rio Tocantins que cruzam a cidade e n\u00e3o s\u00e3o consideradas \u00e1reas urbanizadas, devido \u00e0 sua grande extens\u00e3o sem moradias ou \u00e1rea constru\u00edda\u201d, afirma o instituto.\u00a0<\/p>\n<\/blockquote>\n<p>\u00a0&#8220;O mapeamento foi proposto considerando a disponibilidade de insumos e a simplicidade de processamento, e, com isso, podemos chegar a um dado de qualidade para todo Brasil. Assim, a partir de uma primeira vers\u00e3o e de sua valida\u00e7\u00e3o, o pr\u00f3prio mapeamento pode servir como entrada para treinar algoritmos de intelig\u00eancia artificial, que poder\u00e3o permitir uma atualiza\u00e7\u00e3o do mapeamento mais automatizada&#8221;, completa Manuela.<\/p>\n<p>\u00a0<\/p>\n<p>      <!-- Relacionada --><\/p>\n<p>            <!-- Relacionada -->\n    <\/div>\n","protected":false},"excerpt":{"rendered":"<p>Por EBC, Uma proposta in\u00e9dita para mapear \u00e1reas verdes urbanas no Brasil foi apresentada nesta segunda-feira (8) pelo Instituto Brasileiro de Geografia e Estat\u00edstica (IBGE). Guarulhos (SP) e Palmas foram escolhidos como \u00e1reas-teste por serem regionalmente diferentes, tanto em termos de forma\u00e7\u00e3o das cidades como de clima e vegeta\u00e7\u00e3o.\u00a0\u00a0 Segundo a respons\u00e1vel t\u00e9cnica da pesquisa, &hellip;<\/p>\n","protected":false},"author":1,"featured_media":0,"comment_status":"open","ping_status":"open","sticky":false,"template":"","format":"standard","meta":{"_jetpack_memberships_contains_paid_content":false,"footnotes":""},"categories":[2,12225,4],"tags":[],"class_list":["post-449193","post","type-post","status-publish","format-standard","hentry","category-entretenimento","category-noticias","category-servicos"],"yoast_head":"<!-- This site is optimized with the Yoast SEO plugin v27.4 - https:\/\/yoast.com\/product\/yoast-seo-wordpress\/ -->\n<title>IBGE lan\u00e7a proposta para mapear \u00e1reas verdes urbanas no Brasil<\/title>\n<meta name=\"robots\" content=\"index, follow, max-snippet:-1, max-image-preview:large, max-video-preview:-1\" \/>\n<link rel=\"canonical\" href=\"https:\/\/mrnews.com.br\/index.php\/2025\/09\/08\/ibge-lanca-proposta-para-mapear-areas-verdes-urbanas-no-brasil\/\" \/>\n<meta property=\"og:locale\" content=\"pt_BR\" \/>\n<meta property=\"og:type\" content=\"article\" \/>\n<meta property=\"og:title\" content=\"IBGE lan\u00e7a proposta para mapear \u00e1reas verdes urbanas no Brasil\" \/>\n<meta property=\"og:description\" content=\"Por EBC, Uma proposta in\u00e9dita para mapear \u00e1reas verdes urbanas no Brasil foi apresentada nesta segunda-feira (8) pelo Instituto Brasileiro de Geografia e Estat\u00edstica (IBGE). Guarulhos (SP) e Palmas foram escolhidos como \u00e1reas-teste por serem regionalmente diferentes, tanto em termos de forma\u00e7\u00e3o das cidades como de clima e vegeta\u00e7\u00e3o.\u00a0\u00a0 Segundo a respons\u00e1vel t\u00e9cnica da pesquisa, &hellip;\" \/>\n<meta property=\"og:url\" content=\"https:\/\/mrnews.com.br\/index.php\/2025\/09\/08\/ibge-lanca-proposta-para-mapear-areas-verdes-urbanas-no-brasil\/\" \/>\n<meta property=\"og:site_name\" content=\"MRNews\" \/>\n<meta property=\"article:publisher\" content=\"https:\/\/www.facebook.com\/eaipahpah\/?locale2=pt_BR\" \/>\n<meta property=\"article:published_time\" content=\"2025-09-08T15:14:38+00:00\" \/>\n<meta name=\"author\" content=\"MR News\" \/>\n<meta name=\"twitter:card\" content=\"summary_large_image\" \/>\n<meta name=\"twitter:creator\" content=\"@conspirou\" \/>\n<meta name=\"twitter:site\" content=\"@conspirou\" \/>\n<meta name=\"twitter:label1\" content=\"Escrito por\" \/>\n\t<meta name=\"twitter:data1\" content=\"MR News\" \/>\n\t<meta name=\"twitter:label2\" content=\"Est. tempo de leitura\" \/>\n\t<meta name=\"twitter:data2\" content=\"3 minutos\" \/>\n<script type=\"application\/ld+json\" class=\"yoast-schema-graph\">{\"@context\":\"https:\\\/\\\/schema.org\",\"@graph\":[{\"@type\":\"Article\",\"@id\":\"https:\\\/\\\/mrnews.com.br\\\/index.php\\\/2025\\\/09\\\/08\\\/ibge-lanca-proposta-para-mapear-areas-verdes-urbanas-no-brasil\\\/#article\",\"isPartOf\":{\"@id\":\"https:\\\/\\\/mrnews.com.br\\\/index.php\\\/2025\\\/09\\\/08\\\/ibge-lanca-proposta-para-mapear-areas-verdes-urbanas-no-brasil\\\/\"},\"author\":{\"name\":\"MR News\",\"@id\":\"https:\\\/\\\/mrnews.com.br\\\/#\\\/schema\\\/person\\\/be3203154562a9f207407861cef7827b\"},\"headline\":\"IBGE lan\u00e7a proposta para mapear \u00e1reas verdes urbanas no Brasil\",\"datePublished\":\"2025-09-08T15:14:38+00:00\",\"mainEntityOfPage\":{\"@id\":\"https:\\\/\\\/mrnews.com.br\\\/index.php\\\/2025\\\/09\\\/08\\\/ibge-lanca-proposta-para-mapear-areas-verdes-urbanas-no-brasil\\\/\"},\"wordCount\":624,\"commentCount\":0,\"publisher\":{\"@id\":\"https:\\\/\\\/mrnews.com.br\\\/#organization\"},\"articleSection\":[\"ENTRETENIMENTO\",\"NOTICIAS\",\"SERVI\u00c7OS\"],\"inLanguage\":\"pt-BR\",\"potentialAction\":[{\"@type\":\"CommentAction\",\"name\":\"Comment\",\"target\":[\"https:\\\/\\\/mrnews.com.br\\\/index.php\\\/2025\\\/09\\\/08\\\/ibge-lanca-proposta-para-mapear-areas-verdes-urbanas-no-brasil\\\/#respond\"]}]},{\"@type\":\"WebPage\",\"@id\":\"https:\\\/\\\/mrnews.com.br\\\/index.php\\\/2025\\\/09\\\/08\\\/ibge-lanca-proposta-para-mapear-areas-verdes-urbanas-no-brasil\\\/\",\"url\":\"https:\\\/\\\/mrnews.com.br\\\/index.php\\\/2025\\\/09\\\/08\\\/ibge-lanca-proposta-para-mapear-areas-verdes-urbanas-no-brasil\\\/\",\"name\":\"IBGE lan\u00e7a proposta para mapear \u00e1reas verdes urbanas no Brasil\",\"isPartOf\":{\"@id\":\"https:\\\/\\\/mrnews.com.br\\\/#website\"},\"datePublished\":\"2025-09-08T15:14:38+00:00\",\"breadcrumb\":{\"@id\":\"https:\\\/\\\/mrnews.com.br\\\/index.php\\\/2025\\\/09\\\/08\\\/ibge-lanca-proposta-para-mapear-areas-verdes-urbanas-no-brasil\\\/#breadcrumb\"},\"inLanguage\":\"pt-BR\",\"potentialAction\":[{\"@type\":\"ReadAction\",\"target\":[\"https:\\\/\\\/mrnews.com.br\\\/index.php\\\/2025\\\/09\\\/08\\\/ibge-lanca-proposta-para-mapear-areas-verdes-urbanas-no-brasil\\\/\"]}]},{\"@type\":\"BreadcrumbList\",\"@id\":\"https:\\\/\\\/mrnews.com.br\\\/index.php\\\/2025\\\/09\\\/08\\\/ibge-lanca-proposta-para-mapear-areas-verdes-urbanas-no-brasil\\\/#breadcrumb\",\"itemListElement\":[{\"@type\":\"ListItem\",\"position\":1,\"name\":\"In\u00edcio\",\"item\":\"https:\\\/\\\/mrnews.com.br\\\/\"},{\"@type\":\"ListItem\",\"position\":2,\"name\":\"IBGE lan\u00e7a proposta para mapear \u00e1reas verdes urbanas no Brasil\"}]},{\"@type\":\"WebSite\",\"@id\":\"https:\\\/\\\/mrnews.com.br\\\/#website\",\"url\":\"https:\\\/\\\/mrnews.com.br\\\/\",\"name\":\"MRNews\",\"description\":\"MRNews Jogos de hoje da TV, transmiss\u00f5es ao vivo, Not\u00edcias de futebol, Jogos ao vivo, Lives, resumo de novelas, Programa\u00e7\u00e3o da Globo, A Fazenda e BBB\",\"publisher\":{\"@id\":\"https:\\\/\\\/mrnews.com.br\\\/#organization\"},\"potentialAction\":[{\"@type\":\"SearchAction\",\"target\":{\"@type\":\"EntryPoint\",\"urlTemplate\":\"https:\\\/\\\/mrnews.com.br\\\/?s={search_term_string}\"},\"query-input\":{\"@type\":\"PropertyValueSpecification\",\"valueRequired\":true,\"valueName\":\"search_term_string\"}}],\"inLanguage\":\"pt-BR\"},{\"@type\":\"Organization\",\"@id\":\"https:\\\/\\\/mrnews.com.br\\\/#organization\",\"name\":\"MRNews\",\"url\":\"https:\\\/\\\/mrnews.com.br\\\/\",\"logo\":{\"@type\":\"ImageObject\",\"inLanguage\":\"pt-BR\",\"@id\":\"https:\\\/\\\/mrnews.com.br\\\/#\\\/schema\\\/logo\\\/image\\\/\",\"url\":\"https:\\\/\\\/mrnews.com.br\\\/wp-content\\\/uploads\\\/2019\\\/06\\\/MRNewslogo2.png\",\"contentUrl\":\"https:\\\/\\\/mrnews.com.br\\\/wp-content\\\/uploads\\\/2019\\\/06\\\/MRNewslogo2.png\",\"width\":223,\"height\":58,\"caption\":\"MRNews\"},\"image\":{\"@id\":\"https:\\\/\\\/mrnews.com.br\\\/#\\\/schema\\\/logo\\\/image\\\/\"},\"sameAs\":[\"https:\\\/\\\/www.facebook.com\\\/eaipahpah\\\/?locale2=pt_BR\",\"https:\\\/\\\/x.com\\\/conspirou\",\"https:\\\/\\\/www.instagram.com\\\/eai_pahpah\",\"https:\\\/\\\/br.pinterest.com\\\/mrnewsn\\\/boards\\\/\",\"https:\\\/\\\/www.youtube.com\\\/channel\\\/UCacgnpznQ61fifLWr1tQ-vA?view_as=subscriber\"]},{\"@type\":\"Person\",\"@id\":\"https:\\\/\\\/mrnews.com.br\\\/#\\\/schema\\\/person\\\/be3203154562a9f207407861cef7827b\",\"name\":\"MR News\",\"image\":{\"@type\":\"ImageObject\",\"inLanguage\":\"pt-BR\",\"@id\":\"https:\\\/\\\/secure.gravatar.com\\\/avatar\\\/04084e6d73c042b8646e7c17b494073bf0ede3ea13c7105cfc45cbbbc28385a4?s=96&d=monsterid&r=g\",\"url\":\"https:\\\/\\\/secure.gravatar.com\\\/avatar\\\/04084e6d73c042b8646e7c17b494073bf0ede3ea13c7105cfc45cbbbc28385a4?s=96&d=monsterid&r=g\",\"contentUrl\":\"https:\\\/\\\/secure.gravatar.com\\\/avatar\\\/04084e6d73c042b8646e7c17b494073bf0ede3ea13c7105cfc45cbbbc28385a4?s=96&d=monsterid&r=g\",\"caption\":\"MR News\"},\"description\":\"Especializado em jornalismo colaborativo pela FTP em n\u00edvel de p\u00f3s-gradua\u00e7\u00e3o. suporte@oimeliga.combr\",\"sameAs\":[\"HUGO R.\",\"Admin\"],\"url\":\"https:\\\/\\\/mrnews.com.br\\\/index.php\\\/author\\\/admin\\\/\"}]}<\/script>\n<!-- \/ Yoast SEO plugin. -->","yoast_head_json":{"title":"IBGE lan\u00e7a proposta para mapear \u00e1reas verdes urbanas no Brasil","robots":{"index":"index","follow":"follow","max-snippet":"max-snippet:-1","max-image-preview":"max-image-preview:large","max-video-preview":"max-video-preview:-1"},"canonical":"https:\/\/mrnews.com.br\/index.php\/2025\/09\/08\/ibge-lanca-proposta-para-mapear-areas-verdes-urbanas-no-brasil\/","og_locale":"pt_BR","og_type":"article","og_title":"IBGE lan\u00e7a proposta para mapear \u00e1reas verdes urbanas no Brasil","og_description":"Por EBC, Uma proposta in\u00e9dita para mapear \u00e1reas verdes urbanas no Brasil foi apresentada nesta segunda-feira (8) pelo Instituto Brasileiro de Geografia e Estat\u00edstica (IBGE). Guarulhos (SP) e Palmas foram escolhidos como \u00e1reas-teste por serem regionalmente diferentes, tanto em termos de forma\u00e7\u00e3o das cidades como de clima e vegeta\u00e7\u00e3o.\u00a0\u00a0 Segundo a respons\u00e1vel t\u00e9cnica da pesquisa, &hellip;","og_url":"https:\/\/mrnews.com.br\/index.php\/2025\/09\/08\/ibge-lanca-proposta-para-mapear-areas-verdes-urbanas-no-brasil\/","og_site_name":"MRNews","article_publisher":"https:\/\/www.facebook.com\/eaipahpah\/?locale2=pt_BR","article_published_time":"2025-09-08T15:14:38+00:00","author":"MR News","twitter_card":"summary_large_image","twitter_creator":"@conspirou","twitter_site":"@conspirou","twitter_misc":{"Escrito por":"MR News","Est. tempo de leitura":"3 minutos"},"schema":{"@context":"https:\/\/schema.org","@graph":[{"@type":"Article","@id":"https:\/\/mrnews.com.br\/index.php\/2025\/09\/08\/ibge-lanca-proposta-para-mapear-areas-verdes-urbanas-no-brasil\/#article","isPartOf":{"@id":"https:\/\/mrnews.com.br\/index.php\/2025\/09\/08\/ibge-lanca-proposta-para-mapear-areas-verdes-urbanas-no-brasil\/"},"author":{"name":"MR News","@id":"https:\/\/mrnews.com.br\/#\/schema\/person\/be3203154562a9f207407861cef7827b"},"headline":"IBGE lan\u00e7a proposta para mapear \u00e1reas verdes urbanas no Brasil","datePublished":"2025-09-08T15:14:38+00:00","mainEntityOfPage":{"@id":"https:\/\/mrnews.com.br\/index.php\/2025\/09\/08\/ibge-lanca-proposta-para-mapear-areas-verdes-urbanas-no-brasil\/"},"wordCount":624,"commentCount":0,"publisher":{"@id":"https:\/\/mrnews.com.br\/#organization"},"articleSection":["ENTRETENIMENTO","NOTICIAS","SERVI\u00c7OS"],"inLanguage":"pt-BR","potentialAction":[{"@type":"CommentAction","name":"Comment","target":["https:\/\/mrnews.com.br\/index.php\/2025\/09\/08\/ibge-lanca-proposta-para-mapear-areas-verdes-urbanas-no-brasil\/#respond"]}]},{"@type":"WebPage","@id":"https:\/\/mrnews.com.br\/index.php\/2025\/09\/08\/ibge-lanca-proposta-para-mapear-areas-verdes-urbanas-no-brasil\/","url":"https:\/\/mrnews.com.br\/index.php\/2025\/09\/08\/ibge-lanca-proposta-para-mapear-areas-verdes-urbanas-no-brasil\/","name":"IBGE lan\u00e7a proposta para mapear \u00e1reas verdes urbanas no Brasil","isPartOf":{"@id":"https:\/\/mrnews.com.br\/#website"},"datePublished":"2025-09-08T15:14:38+00:00","breadcrumb":{"@id":"https:\/\/mrnews.com.br\/index.php\/2025\/09\/08\/ibge-lanca-proposta-para-mapear-areas-verdes-urbanas-no-brasil\/#breadcrumb"},"inLanguage":"pt-BR","potentialAction":[{"@type":"ReadAction","target":["https:\/\/mrnews.com.br\/index.php\/2025\/09\/08\/ibge-lanca-proposta-para-mapear-areas-verdes-urbanas-no-brasil\/"]}]},{"@type":"BreadcrumbList","@id":"https:\/\/mrnews.com.br\/index.php\/2025\/09\/08\/ibge-lanca-proposta-para-mapear-areas-verdes-urbanas-no-brasil\/#breadcrumb","itemListElement":[{"@type":"ListItem","position":1,"name":"In\u00edcio","item":"https:\/\/mrnews.com.br\/"},{"@type":"ListItem","position":2,"name":"IBGE lan\u00e7a proposta para mapear \u00e1reas verdes urbanas no Brasil"}]},{"@type":"WebSite","@id":"https:\/\/mrnews.com.br\/#website","url":"https:\/\/mrnews.com.br\/","name":"MRNews","description":"MRNews Jogos de hoje da TV, transmiss\u00f5es ao vivo, Not\u00edcias de futebol, Jogos ao vivo, Lives, resumo de novelas, Programa\u00e7\u00e3o da Globo, A Fazenda e BBB","publisher":{"@id":"https:\/\/mrnews.com.br\/#organization"},"potentialAction":[{"@type":"SearchAction","target":{"@type":"EntryPoint","urlTemplate":"https:\/\/mrnews.com.br\/?s={search_term_string}"},"query-input":{"@type":"PropertyValueSpecification","valueRequired":true,"valueName":"search_term_string"}}],"inLanguage":"pt-BR"},{"@type":"Organization","@id":"https:\/\/mrnews.com.br\/#organization","name":"MRNews","url":"https:\/\/mrnews.com.br\/","logo":{"@type":"ImageObject","inLanguage":"pt-BR","@id":"https:\/\/mrnews.com.br\/#\/schema\/logo\/image\/","url":"https:\/\/mrnews.com.br\/wp-content\/uploads\/2019\/06\/MRNewslogo2.png","contentUrl":"https:\/\/mrnews.com.br\/wp-content\/uploads\/2019\/06\/MRNewslogo2.png","width":223,"height":58,"caption":"MRNews"},"image":{"@id":"https:\/\/mrnews.com.br\/#\/schema\/logo\/image\/"},"sameAs":["https:\/\/www.facebook.com\/eaipahpah\/?locale2=pt_BR","https:\/\/x.com\/conspirou","https:\/\/www.instagram.com\/eai_pahpah","https:\/\/br.pinterest.com\/mrnewsn\/boards\/","https:\/\/www.youtube.com\/channel\/UCacgnpznQ61fifLWr1tQ-vA?view_as=subscriber"]},{"@type":"Person","@id":"https:\/\/mrnews.com.br\/#\/schema\/person\/be3203154562a9f207407861cef7827b","name":"MR News","image":{"@type":"ImageObject","inLanguage":"pt-BR","@id":"https:\/\/secure.gravatar.com\/avatar\/04084e6d73c042b8646e7c17b494073bf0ede3ea13c7105cfc45cbbbc28385a4?s=96&d=monsterid&r=g","url":"https:\/\/secure.gravatar.com\/avatar\/04084e6d73c042b8646e7c17b494073bf0ede3ea13c7105cfc45cbbbc28385a4?s=96&d=monsterid&r=g","contentUrl":"https:\/\/secure.gravatar.com\/avatar\/04084e6d73c042b8646e7c17b494073bf0ede3ea13c7105cfc45cbbbc28385a4?s=96&d=monsterid&r=g","caption":"MR News"},"description":"Especializado em jornalismo colaborativo pela FTP em n\u00edvel de p\u00f3s-gradua\u00e7\u00e3o. suporte@oimeliga.combr","sameAs":["HUGO R.","Admin"],"url":"https:\/\/mrnews.com.br\/index.php\/author\/admin\/"}]}},"jetpack_featured_media_url":"","jetpack_sharing_enabled":true,"jetpack_shortlink":"https:\/\/wp.me\/pa2Qf7-1SR3","amp_enabled":true,"_links":{"self":[{"href":"https:\/\/mrnews.com.br\/index.php\/wp-json\/wp\/v2\/posts\/449193","targetHints":{"allow":["GET"]}}],"collection":[{"href":"https:\/\/mrnews.com.br\/index.php\/wp-json\/wp\/v2\/posts"}],"about":[{"href":"https:\/\/mrnews.com.br\/index.php\/wp-json\/wp\/v2\/types\/post"}],"author":[{"embeddable":true,"href":"https:\/\/mrnews.com.br\/index.php\/wp-json\/wp\/v2\/users\/1"}],"replies":[{"embeddable":true,"href":"https:\/\/mrnews.com.br\/index.php\/wp-json\/wp\/v2\/comments?post=449193"}],"version-history":[{"count":0,"href":"https:\/\/mrnews.com.br\/index.php\/wp-json\/wp\/v2\/posts\/449193\/revisions"}],"wp:attachment":[{"href":"https:\/\/mrnews.com.br\/index.php\/wp-json\/wp\/v2\/media?parent=449193"}],"wp:term":[{"taxonomy":"category","embeddable":true,"href":"https:\/\/mrnews.com.br\/index.php\/wp-json\/wp\/v2\/categories?post=449193"},{"taxonomy":"post_tag","embeddable":true,"href":"https:\/\/mrnews.com.br\/index.php\/wp-json\/wp\/v2\/tags?post=449193"}],"curies":[{"name":"wp","href":"https:\/\/api.w.org\/{rel}","templated":true}]}}