{"id":449204,"date":"2025-09-08T19:16:39","date_gmt":"2025-09-08T22:16:39","guid":{"rendered":"https:\/\/mrnews.com.br\/index.php\/2025\/09\/08\/lula-vai-inaugurar-centro-de-cooperacao-policial-internacional-no-am\/"},"modified":"2025-09-08T19:16:39","modified_gmt":"2025-09-08T22:16:39","slug":"lula-vai-inaugurar-centro-de-cooperacao-policial-internacional-no-am","status":"publish","type":"post","link":"https:\/\/mrnews.com.br\/index.php\/2025\/09\/08\/lula-vai-inaugurar-centro-de-cooperacao-policial-internacional-no-am\/","title":{"rendered":"Lula vai inaugurar centro de coopera\u00e7\u00e3o policial internacional no AM"},"content":{"rendered":"<p>Por EBC, <\/p>\n<div>\n<p><strong>O presidente Luiz In\u00e1cio Lula da Silva vai inaugurar, nesta ter\u00e7a (9), o\u00a0Centro de Coopera\u00e7\u00e3o Policial Internacional (CCPI) da Pol\u00edcia Federal, em Manaus (AM), que tem recursos previstos de R$ 37 milh\u00f5es. <\/strong>A unidade\u00a0promover\u00e1 a colabora\u00e7\u00e3o entre os nove pa\u00edses amaz\u00f4nicos e os nove estados brasileiros que comp\u00f5em a Amaz\u00f4nia Legal no enfrentamento de crimes ambientais, tr\u00e1fico de entorpecentes, armas e pessoas.<\/p>\n<p>Em coletiva nesta segunda (8), o diretor da Amaz\u00f4nia e Meio Ambiente da Pol\u00edcia Federal, delegado federal Humberto Freire, em divulga\u00e7\u00e3o feita pelo governo, destacou que a inaugura\u00e7\u00e3o do CCPI Amaz\u00f4nia ser\u00e1 um divisor de \u00e1guas no combate ao crime organizado e na prote\u00e7\u00e3o da floresta.\u00a0<\/p>\n<blockquote>\n<p>\u201cO centro funcionar\u00e1 de forma permanente, integrando esfor\u00e7os nacionais e internacionais. Al\u00e9m disso, os esfor\u00e7os integrados buscam \u00e0 descapitaliza\u00e7\u00e3o e o mapeamento das cadeias produtivas ilegais\u201d, afirmou.\u00a0<\/p>\n<\/blockquote>\n<h2>Repress\u00e3o e intelig\u00eancia<\/h2>\n<p>Segundo o governo, o objetivo \u00e9 que a estrutura promova articula\u00e7\u00e3o entre os respons\u00e1veis pela seguran\u00e7a p\u00fablica a fim de ampliar a\u00e7\u00f5es de investiga\u00e7\u00e3o e combater crimes na regi\u00e3o.\u00a0<\/p>\n<p>Um exemplo de atua\u00e7\u00e3o do centro seria nas a\u00e7\u00f5es de estrutura\u00e7\u00e3o do projeto Ouro Alvo, da Pol\u00edcia Federal, que busca rastrear a origem do ouro da Amaz\u00f4nia. O centro policial da Amaz\u00f4nia \u00e9 inaugurado no \u00e2mbito do Fundo Amaz\u00f4nia ao \u201cPlano AMAS: Amaz\u00f4nia \u2013Seguran\u00e7a e Soberania\u201d, que tem recursos totais na ordem de R$ 318,5 milh\u00f5es.\u00a0<\/p>\n<p>&gt;&gt; Siga o canal da <strong>Ag\u00eancia Brasil <\/strong>no WhatsApp<\/p>\n<h2>Combate ao desmatamento<\/h2>\n<p>Al\u00e9m da inaugura\u00e7\u00e3o do centro policial, o presidente <strong>Lula vai assinar contrato do projeto Uni\u00e3o com Munic\u00edpios, no valor de R$ 150 milh\u00f5es. A ideia \u00e9 atuar em benef\u00edcio de 48 munic\u00edpios priorit\u00e1rios para o combate de desmatamento em toda a Amaz\u00f4nia.<\/strong><\/p>\n<p>No Estado do Amazonas, por exemplo, as a\u00e7\u00f5es ocorrer\u00e3o em Apu\u00ed, Boca do Acre, Canutama, Humait\u00e1, Itapiranga, Manicor\u00e9, Mau\u00e9s. Os objetivos principais s\u00e3o a preven\u00e7\u00e3o, monitoramento, controle e redu\u00e7\u00e3o do desmatamento e da degrada\u00e7\u00e3o florestal. Para prote\u00e7\u00e3o das \u00e1reas nativas, est\u00e3o ainda previstas a\u00e7\u00f5es de regulariza\u00e7\u00e3o ambiental e fundi\u00e1ria.\u00a0<\/p>\n<p>Outro an\u00fancio desta ter\u00e7a ser\u00e1 a implanta\u00e7\u00e3o de tecnologias sociais de acesso \u00e0 \u00e1gua de qualidade para consumo e produ\u00e7\u00e3o de alimentos para servi\u00e7os de acompanhamento familiar; O objetivo \u00e9\u00a0beneficiar mais de 4 mil fam\u00edlias.<\/p>\n<p>      <!-- Relacionada --><\/p>\n<p>            <!-- Relacionada -->\n    <\/div>\n","protected":false},"excerpt":{"rendered":"<p>Por EBC, O presidente Luiz In\u00e1cio Lula da Silva vai inaugurar, nesta ter\u00e7a (9), o\u00a0Centro de Coopera\u00e7\u00e3o Policial Internacional (CCPI) da Pol\u00edcia Federal, em Manaus (AM), que tem recursos previstos de R$ 37 milh\u00f5es. A unidade\u00a0promover\u00e1 a colabora\u00e7\u00e3o entre os nove pa\u00edses amaz\u00f4nicos e os nove estados brasileiros que comp\u00f5em a Amaz\u00f4nia Legal no enfrentamento &hellip;<\/p>\n","protected":false},"author":1,"featured_media":0,"comment_status":"open","ping_status":"open","sticky":false,"template":"","format":"standard","meta":{"_jetpack_memberships_contains_paid_content":false,"footnotes":""},"categories":[2,12225,4],"tags":[],"class_list":["post-449204","post","type-post","status-publish","format-standard","hentry","category-entretenimento","category-noticias","category-servicos"],"yoast_head":"<!-- This site is optimized with the Yoast SEO plugin v27.5 - https:\/\/yoast.com\/product\/yoast-seo-wordpress\/ -->\n<title>Lula vai inaugurar centro de coopera\u00e7\u00e3o policial internacional no AM<\/title>\n<meta name=\"robots\" content=\"index, follow, max-snippet:-1, max-image-preview:large, max-video-preview:-1\" \/>\n<link rel=\"canonical\" href=\"https:\/\/mrnews.com.br\/index.php\/2025\/09\/08\/lula-vai-inaugurar-centro-de-cooperacao-policial-internacional-no-am\/\" \/>\n<meta property=\"og:locale\" content=\"pt_BR\" \/>\n<meta property=\"og:type\" content=\"article\" \/>\n<meta property=\"og:title\" content=\"Lula vai inaugurar centro de coopera\u00e7\u00e3o policial internacional no AM\" \/>\n<meta property=\"og:description\" content=\"Por EBC, O presidente Luiz In\u00e1cio Lula da Silva vai inaugurar, nesta ter\u00e7a (9), o\u00a0Centro de Coopera\u00e7\u00e3o Policial Internacional (CCPI) da Pol\u00edcia Federal, em Manaus (AM), que tem recursos previstos de R$ 37 milh\u00f5es. A unidade\u00a0promover\u00e1 a colabora\u00e7\u00e3o entre os nove pa\u00edses amaz\u00f4nicos e os nove estados brasileiros que comp\u00f5em a Amaz\u00f4nia Legal no enfrentamento &hellip;\" \/>\n<meta property=\"og:url\" content=\"https:\/\/mrnews.com.br\/index.php\/2025\/09\/08\/lula-vai-inaugurar-centro-de-cooperacao-policial-internacional-no-am\/\" \/>\n<meta property=\"og:site_name\" content=\"MRNews\" \/>\n<meta property=\"article:publisher\" content=\"https:\/\/www.facebook.com\/eaipahpah\/?locale2=pt_BR\" \/>\n<meta property=\"article:published_time\" content=\"2025-09-08T22:16:39+00:00\" \/>\n<meta name=\"author\" content=\"MR News\" \/>\n<meta name=\"twitter:card\" content=\"summary_large_image\" \/>\n<meta name=\"twitter:creator\" content=\"@conspirou\" \/>\n<meta name=\"twitter:site\" content=\"@conspirou\" \/>\n<meta name=\"twitter:label1\" content=\"Escrito por\" \/>\n\t<meta name=\"twitter:data1\" content=\"MR News\" \/>\n\t<meta name=\"twitter:label2\" content=\"Est. tempo de leitura\" \/>\n\t<meta name=\"twitter:data2\" content=\"2 minutos\" \/>\n<script type=\"application\/ld+json\" class=\"yoast-schema-graph\">{\"@context\":\"https:\\\/\\\/schema.org\",\"@graph\":[{\"@type\":\"Article\",\"@id\":\"https:\\\/\\\/mrnews.com.br\\\/index.php\\\/2025\\\/09\\\/08\\\/lula-vai-inaugurar-centro-de-cooperacao-policial-internacional-no-am\\\/#article\",\"isPartOf\":{\"@id\":\"https:\\\/\\\/mrnews.com.br\\\/index.php\\\/2025\\\/09\\\/08\\\/lula-vai-inaugurar-centro-de-cooperacao-policial-internacional-no-am\\\/\"},\"author\":{\"name\":\"MR News\",\"@id\":\"https:\\\/\\\/mrnews.com.br\\\/#\\\/schema\\\/person\\\/be3203154562a9f207407861cef7827b\"},\"headline\":\"Lula vai inaugurar centro de coopera\u00e7\u00e3o policial internacional no AM\",\"datePublished\":\"2025-09-08T22:16:39+00:00\",\"mainEntityOfPage\":{\"@id\":\"https:\\\/\\\/mrnews.com.br\\\/index.php\\\/2025\\\/09\\\/08\\\/lula-vai-inaugurar-centro-de-cooperacao-policial-internacional-no-am\\\/\"},\"wordCount\":433,\"commentCount\":0,\"publisher\":{\"@id\":\"https:\\\/\\\/mrnews.com.br\\\/#organization\"},\"articleSection\":[\"ENTRETENIMENTO\",\"NOTICIAS\",\"SERVI\u00c7OS\"],\"inLanguage\":\"pt-BR\",\"potentialAction\":[{\"@type\":\"CommentAction\",\"name\":\"Comment\",\"target\":[\"https:\\\/\\\/mrnews.com.br\\\/index.php\\\/2025\\\/09\\\/08\\\/lula-vai-inaugurar-centro-de-cooperacao-policial-internacional-no-am\\\/#respond\"]}]},{\"@type\":\"WebPage\",\"@id\":\"https:\\\/\\\/mrnews.com.br\\\/index.php\\\/2025\\\/09\\\/08\\\/lula-vai-inaugurar-centro-de-cooperacao-policial-internacional-no-am\\\/\",\"url\":\"https:\\\/\\\/mrnews.com.br\\\/index.php\\\/2025\\\/09\\\/08\\\/lula-vai-inaugurar-centro-de-cooperacao-policial-internacional-no-am\\\/\",\"name\":\"Lula vai inaugurar centro de coopera\u00e7\u00e3o policial internacional no AM\",\"isPartOf\":{\"@id\":\"https:\\\/\\\/mrnews.com.br\\\/#website\"},\"datePublished\":\"2025-09-08T22:16:39+00:00\",\"breadcrumb\":{\"@id\":\"https:\\\/\\\/mrnews.com.br\\\/index.php\\\/2025\\\/09\\\/08\\\/lula-vai-inaugurar-centro-de-cooperacao-policial-internacional-no-am\\\/#breadcrumb\"},\"inLanguage\":\"pt-BR\",\"potentialAction\":[{\"@type\":\"ReadAction\",\"target\":[\"https:\\\/\\\/mrnews.com.br\\\/index.php\\\/2025\\\/09\\\/08\\\/lula-vai-inaugurar-centro-de-cooperacao-policial-internacional-no-am\\\/\"]}]},{\"@type\":\"BreadcrumbList\",\"@id\":\"https:\\\/\\\/mrnews.com.br\\\/index.php\\\/2025\\\/09\\\/08\\\/lula-vai-inaugurar-centro-de-cooperacao-policial-internacional-no-am\\\/#breadcrumb\",\"itemListElement\":[{\"@type\":\"ListItem\",\"position\":1,\"name\":\"In\u00edcio\",\"item\":\"https:\\\/\\\/mrnews.com.br\\\/\"},{\"@type\":\"ListItem\",\"position\":2,\"name\":\"Lula vai inaugurar centro de coopera\u00e7\u00e3o policial internacional no AM\"}]},{\"@type\":\"WebSite\",\"@id\":\"https:\\\/\\\/mrnews.com.br\\\/#website\",\"url\":\"https:\\\/\\\/mrnews.com.br\\\/\",\"name\":\"MRNews\",\"description\":\"MRNews Jogos de hoje da TV, transmiss\u00f5es ao vivo, Not\u00edcias de futebol, Jogos ao vivo, Lives, resumo de novelas, Programa\u00e7\u00e3o da Globo, A Fazenda e BBB\",\"publisher\":{\"@id\":\"https:\\\/\\\/mrnews.com.br\\\/#organization\"},\"potentialAction\":[{\"@type\":\"SearchAction\",\"target\":{\"@type\":\"EntryPoint\",\"urlTemplate\":\"https:\\\/\\\/mrnews.com.br\\\/?s={search_term_string}\"},\"query-input\":{\"@type\":\"PropertyValueSpecification\",\"valueRequired\":true,\"valueName\":\"search_term_string\"}}],\"inLanguage\":\"pt-BR\"},{\"@type\":\"Organization\",\"@id\":\"https:\\\/\\\/mrnews.com.br\\\/#organization\",\"name\":\"MRNews\",\"url\":\"https:\\\/\\\/mrnews.com.br\\\/\",\"logo\":{\"@type\":\"ImageObject\",\"inLanguage\":\"pt-BR\",\"@id\":\"https:\\\/\\\/mrnews.com.br\\\/#\\\/schema\\\/logo\\\/image\\\/\",\"url\":\"https:\\\/\\\/mrnews.com.br\\\/wp-content\\\/uploads\\\/2019\\\/06\\\/MRNewslogo2.png\",\"contentUrl\":\"https:\\\/\\\/mrnews.com.br\\\/wp-content\\\/uploads\\\/2019\\\/06\\\/MRNewslogo2.png\",\"width\":223,\"height\":58,\"caption\":\"MRNews\"},\"image\":{\"@id\":\"https:\\\/\\\/mrnews.com.br\\\/#\\\/schema\\\/logo\\\/image\\\/\"},\"sameAs\":[\"https:\\\/\\\/www.facebook.com\\\/eaipahpah\\\/?locale2=pt_BR\",\"https:\\\/\\\/x.com\\\/conspirou\",\"https:\\\/\\\/www.instagram.com\\\/eai_pahpah\",\"https:\\\/\\\/br.pinterest.com\\\/mrnewsn\\\/boards\\\/\",\"https:\\\/\\\/www.youtube.com\\\/channel\\\/UCacgnpznQ61fifLWr1tQ-vA?view_as=subscriber\"]},{\"@type\":\"Person\",\"@id\":\"https:\\\/\\\/mrnews.com.br\\\/#\\\/schema\\\/person\\\/be3203154562a9f207407861cef7827b\",\"name\":\"MR News\",\"image\":{\"@type\":\"ImageObject\",\"inLanguage\":\"pt-BR\",\"@id\":\"https:\\\/\\\/secure.gravatar.com\\\/avatar\\\/04084e6d73c042b8646e7c17b494073bf0ede3ea13c7105cfc45cbbbc28385a4?s=96&d=monsterid&r=g\",\"url\":\"https:\\\/\\\/secure.gravatar.com\\\/avatar\\\/04084e6d73c042b8646e7c17b494073bf0ede3ea13c7105cfc45cbbbc28385a4?s=96&d=monsterid&r=g\",\"contentUrl\":\"https:\\\/\\\/secure.gravatar.com\\\/avatar\\\/04084e6d73c042b8646e7c17b494073bf0ede3ea13c7105cfc45cbbbc28385a4?s=96&d=monsterid&r=g\",\"caption\":\"MR News\"},\"description\":\"Especializado em jornalismo colaborativo pela FTP em n\u00edvel de p\u00f3s-gradua\u00e7\u00e3o. suporte@oimeliga.combr\",\"sameAs\":[\"HUGO R.\",\"Admin\"],\"url\":\"https:\\\/\\\/mrnews.com.br\\\/index.php\\\/author\\\/admin\\\/\"}]}<\/script>\n<!-- \/ Yoast SEO plugin. -->","yoast_head_json":{"title":"Lula vai inaugurar centro de coopera\u00e7\u00e3o policial internacional no AM","robots":{"index":"index","follow":"follow","max-snippet":"max-snippet:-1","max-image-preview":"max-image-preview:large","max-video-preview":"max-video-preview:-1"},"canonical":"https:\/\/mrnews.com.br\/index.php\/2025\/09\/08\/lula-vai-inaugurar-centro-de-cooperacao-policial-internacional-no-am\/","og_locale":"pt_BR","og_type":"article","og_title":"Lula vai inaugurar centro de coopera\u00e7\u00e3o policial internacional no AM","og_description":"Por EBC, O presidente Luiz In\u00e1cio Lula da Silva vai inaugurar, nesta ter\u00e7a (9), o\u00a0Centro de Coopera\u00e7\u00e3o Policial Internacional (CCPI) da Pol\u00edcia Federal, em Manaus (AM), que tem recursos previstos de R$ 37 milh\u00f5es. A unidade\u00a0promover\u00e1 a colabora\u00e7\u00e3o entre os nove pa\u00edses amaz\u00f4nicos e os nove estados brasileiros que comp\u00f5em a Amaz\u00f4nia Legal no enfrentamento &hellip;","og_url":"https:\/\/mrnews.com.br\/index.php\/2025\/09\/08\/lula-vai-inaugurar-centro-de-cooperacao-policial-internacional-no-am\/","og_site_name":"MRNews","article_publisher":"https:\/\/www.facebook.com\/eaipahpah\/?locale2=pt_BR","article_published_time":"2025-09-08T22:16:39+00:00","author":"MR News","twitter_card":"summary_large_image","twitter_creator":"@conspirou","twitter_site":"@conspirou","twitter_misc":{"Escrito por":"MR News","Est. tempo de leitura":"2 minutos"},"schema":{"@context":"https:\/\/schema.org","@graph":[{"@type":"Article","@id":"https:\/\/mrnews.com.br\/index.php\/2025\/09\/08\/lula-vai-inaugurar-centro-de-cooperacao-policial-internacional-no-am\/#article","isPartOf":{"@id":"https:\/\/mrnews.com.br\/index.php\/2025\/09\/08\/lula-vai-inaugurar-centro-de-cooperacao-policial-internacional-no-am\/"},"author":{"name":"MR News","@id":"https:\/\/mrnews.com.br\/#\/schema\/person\/be3203154562a9f207407861cef7827b"},"headline":"Lula vai inaugurar centro de coopera\u00e7\u00e3o policial internacional no AM","datePublished":"2025-09-08T22:16:39+00:00","mainEntityOfPage":{"@id":"https:\/\/mrnews.com.br\/index.php\/2025\/09\/08\/lula-vai-inaugurar-centro-de-cooperacao-policial-internacional-no-am\/"},"wordCount":433,"commentCount":0,"publisher":{"@id":"https:\/\/mrnews.com.br\/#organization"},"articleSection":["ENTRETENIMENTO","NOTICIAS","SERVI\u00c7OS"],"inLanguage":"pt-BR","potentialAction":[{"@type":"CommentAction","name":"Comment","target":["https:\/\/mrnews.com.br\/index.php\/2025\/09\/08\/lula-vai-inaugurar-centro-de-cooperacao-policial-internacional-no-am\/#respond"]}]},{"@type":"WebPage","@id":"https:\/\/mrnews.com.br\/index.php\/2025\/09\/08\/lula-vai-inaugurar-centro-de-cooperacao-policial-internacional-no-am\/","url":"https:\/\/mrnews.com.br\/index.php\/2025\/09\/08\/lula-vai-inaugurar-centro-de-cooperacao-policial-internacional-no-am\/","name":"Lula vai inaugurar centro de coopera\u00e7\u00e3o policial internacional no AM","isPartOf":{"@id":"https:\/\/mrnews.com.br\/#website"},"datePublished":"2025-09-08T22:16:39+00:00","breadcrumb":{"@id":"https:\/\/mrnews.com.br\/index.php\/2025\/09\/08\/lula-vai-inaugurar-centro-de-cooperacao-policial-internacional-no-am\/#breadcrumb"},"inLanguage":"pt-BR","potentialAction":[{"@type":"ReadAction","target":["https:\/\/mrnews.com.br\/index.php\/2025\/09\/08\/lula-vai-inaugurar-centro-de-cooperacao-policial-internacional-no-am\/"]}]},{"@type":"BreadcrumbList","@id":"https:\/\/mrnews.com.br\/index.php\/2025\/09\/08\/lula-vai-inaugurar-centro-de-cooperacao-policial-internacional-no-am\/#breadcrumb","itemListElement":[{"@type":"ListItem","position":1,"name":"In\u00edcio","item":"https:\/\/mrnews.com.br\/"},{"@type":"ListItem","position":2,"name":"Lula vai inaugurar centro de coopera\u00e7\u00e3o policial internacional no AM"}]},{"@type":"WebSite","@id":"https:\/\/mrnews.com.br\/#website","url":"https:\/\/mrnews.com.br\/","name":"MRNews","description":"MRNews Jogos de hoje da TV, transmiss\u00f5es ao vivo, Not\u00edcias de futebol, Jogos ao vivo, Lives, resumo de novelas, Programa\u00e7\u00e3o da Globo, A Fazenda e BBB","publisher":{"@id":"https:\/\/mrnews.com.br\/#organization"},"potentialAction":[{"@type":"SearchAction","target":{"@type":"EntryPoint","urlTemplate":"https:\/\/mrnews.com.br\/?s={search_term_string}"},"query-input":{"@type":"PropertyValueSpecification","valueRequired":true,"valueName":"search_term_string"}}],"inLanguage":"pt-BR"},{"@type":"Organization","@id":"https:\/\/mrnews.com.br\/#organization","name":"MRNews","url":"https:\/\/mrnews.com.br\/","logo":{"@type":"ImageObject","inLanguage":"pt-BR","@id":"https:\/\/mrnews.com.br\/#\/schema\/logo\/image\/","url":"https:\/\/mrnews.com.br\/wp-content\/uploads\/2019\/06\/MRNewslogo2.png","contentUrl":"https:\/\/mrnews.com.br\/wp-content\/uploads\/2019\/06\/MRNewslogo2.png","width":223,"height":58,"caption":"MRNews"},"image":{"@id":"https:\/\/mrnews.com.br\/#\/schema\/logo\/image\/"},"sameAs":["https:\/\/www.facebook.com\/eaipahpah\/?locale2=pt_BR","https:\/\/x.com\/conspirou","https:\/\/www.instagram.com\/eai_pahpah","https:\/\/br.pinterest.com\/mrnewsn\/boards\/","https:\/\/www.youtube.com\/channel\/UCacgnpznQ61fifLWr1tQ-vA?view_as=subscriber"]},{"@type":"Person","@id":"https:\/\/mrnews.com.br\/#\/schema\/person\/be3203154562a9f207407861cef7827b","name":"MR News","image":{"@type":"ImageObject","inLanguage":"pt-BR","@id":"https:\/\/secure.gravatar.com\/avatar\/04084e6d73c042b8646e7c17b494073bf0ede3ea13c7105cfc45cbbbc28385a4?s=96&d=monsterid&r=g","url":"https:\/\/secure.gravatar.com\/avatar\/04084e6d73c042b8646e7c17b494073bf0ede3ea13c7105cfc45cbbbc28385a4?s=96&d=monsterid&r=g","contentUrl":"https:\/\/secure.gravatar.com\/avatar\/04084e6d73c042b8646e7c17b494073bf0ede3ea13c7105cfc45cbbbc28385a4?s=96&d=monsterid&r=g","caption":"MR News"},"description":"Especializado em jornalismo colaborativo pela FTP em n\u00edvel de p\u00f3s-gradua\u00e7\u00e3o. suporte@oimeliga.combr","sameAs":["HUGO R.","Admin"],"url":"https:\/\/mrnews.com.br\/index.php\/author\/admin\/"}]}},"jetpack_featured_media_url":"","jetpack_sharing_enabled":true,"jetpack_shortlink":"https:\/\/wp.me\/pa2Qf7-1SRe","amp_enabled":true,"_links":{"self":[{"href":"https:\/\/mrnews.com.br\/index.php\/wp-json\/wp\/v2\/posts\/449204","targetHints":{"allow":["GET"]}}],"collection":[{"href":"https:\/\/mrnews.com.br\/index.php\/wp-json\/wp\/v2\/posts"}],"about":[{"href":"https:\/\/mrnews.com.br\/index.php\/wp-json\/wp\/v2\/types\/post"}],"author":[{"embeddable":true,"href":"https:\/\/mrnews.com.br\/index.php\/wp-json\/wp\/v2\/users\/1"}],"replies":[{"embeddable":true,"href":"https:\/\/mrnews.com.br\/index.php\/wp-json\/wp\/v2\/comments?post=449204"}],"version-history":[{"count":0,"href":"https:\/\/mrnews.com.br\/index.php\/wp-json\/wp\/v2\/posts\/449204\/revisions"}],"wp:attachment":[{"href":"https:\/\/mrnews.com.br\/index.php\/wp-json\/wp\/v2\/media?parent=449204"}],"wp:term":[{"taxonomy":"category","embeddable":true,"href":"https:\/\/mrnews.com.br\/index.php\/wp-json\/wp\/v2\/categories?post=449204"},{"taxonomy":"post_tag","embeddable":true,"href":"https:\/\/mrnews.com.br\/index.php\/wp-json\/wp\/v2\/tags?post=449204"}],"curies":[{"name":"wp","href":"https:\/\/api.w.org\/{rel}","templated":true}]}}