{"id":449249,"date":"2025-09-09T20:52:16","date_gmt":"2025-09-09T23:52:16","guid":{"rendered":"https:\/\/mrnews.com.br\/?p=449249"},"modified":"2025-09-09T20:52:16","modified_gmt":"2025-09-09T23:52:16","slug":"jovem-perde-a-vida-apos-falha-em-clinica-de-hemodialise-em-sao-goncalo","status":"publish","type":"post","link":"https:\/\/mrnews.com.br\/index.php\/2025\/09\/09\/jovem-perde-a-vida-apos-falha-em-clinica-de-hemodialise-em-sao-goncalo\/","title":{"rendered":"Jovem perde a vida ap\u00f3s falha em cl\u00ednica de hemodi\u00e1lise em S\u00e3o Gon\u00e7alo"},"content":{"rendered":"<h3>Jovem perde a vida ap\u00f3s falha em cl\u00ednica de hemodi\u00e1lise em S\u00e3o Gon\u00e7alo<\/h3>\n<p>Um caso grave de erro m\u00e9dico chocou a Regi\u00e3o Metropolitana do Rio nesta semana. <strong>Bruno Rodrigues Ventura dos Santos<\/strong>, de apenas 29 anos, morreu ap\u00f3s passar 18 dias internado na UTI do Pronto Socorro Central de S\u00e3o Gon\u00e7alo. O jovem, que trabalhava como entregador e havia descoberto insufici\u00eancia renal cr\u00f4nica no ano passado, foi v\u00edtima de uma falha durante uma sess\u00e3o de <strong>hemodi\u00e1lise<\/strong>.<\/p>\n<h2>A contamina\u00e7\u00e3o que levou \u00e0 morte<\/h2>\n<p>No dia <strong>20 de agosto<\/strong>, durante um procedimento rotineiro, Bruno foi contaminado por <strong>\u00e1cido perac\u00e9tico<\/strong>, subst\u00e2ncia usada na desinfec\u00e7\u00e3o das m\u00e1quinas de hemodi\u00e1lise. O produto entrou no organismo de forma equivocada, provocando complica\u00e7\u00f5es grav\u00edssimas.<\/p>\n<p>De acordo com o laudo m\u00e9dico, o paciente desenvolveu <strong>hemorragia cerebral, edema e insufici\u00eancia respirat\u00f3ria aguda<\/strong>. Mesmo com todos os esfor\u00e7os da equipe m\u00e9dica, o quadro foi se agravando, resultando no falecimento no dia <strong>8 de setembro<\/strong>.<\/p>\n<h2>Investiga\u00e7\u00e3o aponta homic\u00eddio culposo<\/h2>\n<p>A Pol\u00edcia Civil abriu inqu\u00e9rito para apurar as responsabilidades. Inicialmente, o caso foi registrado como <strong>les\u00e3o corporal por imper\u00edcia<\/strong>, mas, com a morte do jovem, a investiga\u00e7\u00e3o passou a ser tratada como <strong>homic\u00eddio culposo<\/strong> (quando n\u00e3o h\u00e1 inten\u00e7\u00e3o de matar, mas ocorre neglig\u00eancia, imprud\u00eancia ou imper\u00edcia).<\/p>\n<p>O delegado <strong>F\u00e1bio Luiz Souza<\/strong> informou que a maioria dos funcion\u00e1rios da cl\u00ednica j\u00e1 prestou depoimento. As primeiras apura\u00e7\u00f5es apontam que o erro ocorreu durante a <strong>troca de turno da equipe<\/strong>, revelando falhas graves de seguran\u00e7a nos protocolos da unidade.<\/p>\n<h2>Medidas emergenciais da Secretaria de Sa\u00fade<\/h2>\n<p>A <strong>Secretaria Estadual de Sa\u00fade<\/strong> determinou a imediata <strong>transfer\u00eancia dos pacientes<\/strong> atendidos pela cl\u00ednica para outros centros de refer\u00eancia. Al\u00e9m disso, a unidade foi obrigada a apresentar um <strong>plano de melhorias internas<\/strong>, incluindo novos treinamentos para os funcion\u00e1rios.<\/p>\n<p>Em nota, a pasta declarou que continuar\u00e1 acompanhando a implementa\u00e7\u00e3o das medidas para evitar que trag\u00e9dias semelhantes voltem a acontecer.<\/p>\n<h2>Luto e solidariedade<\/h2>\n<p>O corpo de Bruno foi encaminhado ao <strong>Instituto M\u00e9dico Legal (IML) de Tribob\u00f3<\/strong>, em S\u00e3o Gon\u00e7alo. A fam\u00edlia iniciou uma <strong>campanha de arrecada\u00e7\u00e3o<\/strong> para custear o vel\u00f3rio e ainda n\u00e3o divulgou detalhes sobre o sepultamento.<\/p>\n<p>A <strong>Prefeitura de S\u00e3o Gon\u00e7alo<\/strong> emitiu nota lamentando o ocorrido e prestando solidariedade aos familiares, colocando-se \u00e0 disposi\u00e7\u00e3o para oferecer apoio neste momento de dor.<\/p>\n<p>O caso de Bruno Rodrigues exp\u00f5e a gravidade das falhas em procedimentos m\u00e9dicos de alta complexidade e refor\u00e7a a necessidade de <strong>rigor na fiscaliza\u00e7\u00e3o<\/strong> de cl\u00ednicas e hospitais que atendem pacientes em situa\u00e7\u00f5es delicadas e cont\u00ednuas, como os de insufici\u00eancia renal cr\u00f4nica.<\/p>\n<hr \/>\n<p><strong>Tags:<\/strong> hemodi\u00e1lise, erro m\u00e9dico, \u00e1cido perac\u00e9tico, Bruno Rodrigues Ventura dos Santos, homic\u00eddio culposo, S\u00e3o Gon\u00e7alo<\/p>\n<h3>O que \u00e9 histoplasmose, doen\u00e7a diagnosticada no ator Thiago Martins<\/h3>\n<p>O ator e cantor <strong>Thiago Martins<\/strong>, que d\u00e1 vida ao personagem Vasco no remake da novela <em>Vale Tudo<\/em>, da TV Globo, revelou recentemente ter enfrentado um problema de sa\u00fade s\u00e9rio no m\u00eas de julho. Ele foi diagnosticado com <strong>histoplasmose pulmonar<\/strong> e tamb\u00e9m apresentou inflama\u00e7\u00e3o no joelho direito, o que exigiu acompanhamento m\u00e9dico hospitalar e um per\u00edodo de recupera\u00e7\u00e3o cuidadoso.<\/p>\n<h2>O diagn\u00f3stico e os sintomas<\/h2>\n<p>Thiago relatou que come\u00e7ou a sentir <strong>dores intensas<\/strong>, dificuldades para dormir e precisou usar diversos medicamentos para aliviar os sintomas. Exames descartaram trombose, mas apontaram incha\u00e7o no joelho e uma inflama\u00e7\u00e3o no pulm\u00e3o esquerdo. Segundo os m\u00e9dicos, a infec\u00e7\u00e3o pulmonar pode estar relacionada \u00e0 histoplasmose, doen\u00e7a provocada pela inala\u00e7\u00e3o de esporos de fungos presentes em ambientes contaminados.<\/p>\n<p>Ele explicou ainda que a enfermidade pode impactar n\u00e3o apenas os pulm\u00f5es, mas tamb\u00e9m <strong>as articula\u00e7\u00f5es<\/strong>, o que teria agravado a inflama\u00e7\u00e3o no joelho.<\/p>\n<h2>Recupera\u00e7\u00e3o e cuidados<\/h2>\n<p>O tratamento incluiu uso de antif\u00fangicos, fisioterapia e monitoramento constante da equipe m\u00e9dica. Ap\u00f3s 21 dias de acompanhamento, Thiago recebeu libera\u00e7\u00e3o para retomar atividades f\u00edsicas leves, mas ainda com restri\u00e7\u00f5es para exerc\u00edcios de impacto, como corrida. O ator tamb\u00e9m contou que suspendeu o consumo de \u00e1lcool durante essa fase, priorizando a sa\u00fade.<\/p>\n<p>Em suas redes sociais, ele transformou a experi\u00eancia em um momento de reflex\u00e3o:<\/p>\n<blockquote><p>\u201cSomos um gr\u00e3o de areia nesse mund\u00e3o! Valorize quem est\u00e1 ao seu lado em todos os momentos, principalmente nos ruins, nos bons fica f\u00e1cil. Valorize o descanso, valorize o dia. Come\u00e7o esse m\u00eas mais forte, me cuidando ainda mais, mais focado e entendendo que os de verdade ficam\u201d, escreveu.<\/p><\/blockquote>\n<h2>O que \u00e9 histoplasmose?<\/h2>\n<p>A <strong>histoplasmose<\/strong> \u00e9 uma infec\u00e7\u00e3o causada pelo fungo <em>Histoplasma capsulatum<\/em>. Ele vive em solos ricos em fezes de aves, como pombos, e tamb\u00e9m de morcegos, sendo comum em locais \u00famidos e pouco ventilados, como cavernas, galinheiros e s\u00f3t\u00e3os.<\/p>\n<p>A transmiss\u00e3o acontece quando a pessoa <strong>inala esporos do fungo<\/strong> liberados no ar, especialmente em ambientes onde o solo ou as fezes secas s\u00e3o remexidos.<\/p>\n<ul>\n<li><strong>N\u00e3o h\u00e1 transmiss\u00e3o entre pessoas.<\/strong><\/li>\n<li>Em muitos casos, a doen\u00e7a \u00e9 assintom\u00e1tica ou apresenta sintomas leves, semelhantes aos de uma gripe: febre, tosse seca e fadiga.<\/li>\n<li>Em situa\u00e7\u00f5es graves, principalmente em pessoas com baixa imunidade, pode comprometer os pulm\u00f5es de forma intensa e at\u00e9 se espalhar para outros \u00f3rg\u00e3os, levando a febre alta, perda de peso, falta de ar e risco de morte.<\/li>\n<\/ul>\n<p>O tratamento depende da gravidade:<\/p>\n<ul>\n<li>Nos casos leves, pode nem ser necess\u00e1rio o uso de medicamentos.<\/li>\n<li>Em quadros moderados ou graves, s\u00e3o utilizados <strong>antif\u00fangicos<\/strong>, como itraconazol ou anfotericina B.<\/li>\n<\/ul>\n<h2>Um alerta para a sa\u00fade<\/h2>\n<p>O caso de Thiago Martins chama a aten\u00e7\u00e3o para a import\u00e2ncia do <strong>diagn\u00f3stico precoce<\/strong> e do acompanhamento m\u00e9dico em casos de sintomas respirat\u00f3rios persistentes. Apesar de n\u00e3o ser uma doen\u00e7a contagiosa, a histoplasmose pode evoluir rapidamente em pessoas vulner\u00e1veis, exigindo aten\u00e7\u00e3o e cuidado redobrados.<\/p>\n<hr \/>\n<p><strong>Tags:<\/strong> histoplasmose, Thiago Martins, Vale Tudo, sa\u00fade, TV Globo<\/p>\n<h1>Filho mais velho de Renato Arag\u00e3o faz emocionante relato sobre a vida em fam\u00edlia<\/h1>\n<p>Renato Arag\u00e3o, imortalizado como o eterno Didi Moc\u00f3, recebeu uma emocionante homenagem na TV Globo logo ap\u00f3s completar 90 anos. Entre os momentos mais marcantes do tributo, esteve o relato de Paulo Arag\u00e3o, seu filho mais velho, que abriu o cora\u00e7\u00e3o ao compartilhar mem\u00f3rias sobre o conv\u00edvio familiar e os desafios enfrentados com a fama do pai.<\/p>\n<h2>Um homem diferente longe dos palcos<\/h2>\n<p>De acordo com Paulo, o p\u00fablico conheceu Renato Arag\u00e3o como um dos maiores humoristas do Brasil, mas dentro de casa a personalidade era bem diferente. \u201cMuitos humoristas s\u00e3o pessoas muito s\u00e9rias, e o meu pai tamb\u00e9m era assim. Ele se soltava apenas em fam\u00edlia\u201d, revelou o primog\u00eanito, destacando o lado reservado do artista, em contraste com o carism\u00e1tico Didi das telas.<\/p>\n<p>A rela\u00e7\u00e3o com o humor, segundo Paulo, vinha de fam\u00edlia. Dona Dinor\u00e1, m\u00e3e de Renato, j\u00e1 demonstrava uma veia c\u00f4mica natural, ainda que tivesse dificuldade em contar uma piada sem rir antes do final. Essa caracter\u00edstica acabou influenciando o filho, que transformou o riso em profiss\u00e3o e arte.<\/p>\n<h2>O impacto da fama na vida familiar<\/h2>\n<p>Com o sucesso estrondoso na televis\u00e3o, a rotina da fam\u00edlia Arag\u00e3o mudou drasticamente. Paulo relembrou que a fama \u201croubou\u201d o conv\u00edvio di\u00e1rio com o pai. \u201cRoubaram o meu pai. O sucesso era muito grande, ent\u00e3o a gente quase n\u00e3o via ele. S\u00f3 t\u00ednhamos as segundas-feiras, quando estava de folga para escrever\u201d, contou com um misto de humor e nostalgia.<\/p>\n<p>Esses raros momentos de descanso, no entanto, tornavam-se ocasi\u00f5es especiais. Renato tinha o costume de preparar pequenas guloseimas para os filhos, como picol\u00e9s de abacate e laranjas descascadas com cuidado, que eram servidos durante sess\u00f5es de cinema em fam\u00edlia. Esses detalhes, aparentemente simples, marcaram profundamente a inf\u00e2ncia de seus herdeiros.<\/p>\n<h2>Uma dinastia marcada pelo afeto<\/h2>\n<p>Renato Arag\u00e3o construiu n\u00e3o apenas uma carreira de sucesso, mas tamb\u00e9m uma fam\u00edlia numerosa. Ele \u00e9 pai de cinco filhos: Paulo, Ricardo, Renato J\u00fanior e Juliana, frutos do relacionamento com Marta Rangel, e L\u00edvian, a ca\u00e7ula, nascida de sua uni\u00e3o com Lilian.<\/p>\n<p>As lembran\u00e7as compartilhadas por Paulo revelam um lado humano e carinhoso do humorista, que soube equilibrar, dentro do poss\u00edvel, a vida profissional intensa com gestos de afeto. Apesar da aus\u00eancia imposta pela carreira, os filhos guardam lembran\u00e7as especiais que v\u00e3o al\u00e9m do \u00edcone da televis\u00e3o.<\/p>\n<h2>O legado de Renato Arag\u00e3o<\/h2>\n<p>Mais do que um personagem amado por gera\u00e7\u00f5es, Renato Arag\u00e3o deixou uma marca profunda no entretenimento e tamb\u00e9m no cora\u00e7\u00e3o da pr\u00f3pria fam\u00edlia. O depoimento de Paulo mostra que, mesmo diante da rotina atribulada de grava\u00e7\u00f5es e compromissos, Renato nunca deixou de lado a import\u00e2ncia dos la\u00e7os familiares, criando momentos simples, mas inesquec\u00edveis.<\/p>\n<p>Essas hist\u00f3rias ajudam a compreender o verdadeiro Renato Arag\u00e3o: um homem que, al\u00e9m de fazer milh\u00f5es de brasileiros sorrirem, tamb\u00e9m foi capaz de cultivar dentro de casa um ambiente de carinho, uni\u00e3o e mem\u00f3rias afetivas que seguem vivas at\u00e9 hoje.<\/p>\n<hr \/>\n<p><strong>Tags:<\/strong> Renato Arag\u00e3o, Paulo Arag\u00e3o, Didi, fam\u00edlia Arag\u00e3o, humor brasileiro<\/p>\n<p><strong>Filho de Renato Arag\u00e3o emociona com relato sobre o pai: \u201cRoubaram meu pai\u201d<\/strong><\/p>\n<p>Paulo Arag\u00e3o, primog\u00eanito do ic\u00f4nico comediante Renato Arag\u00e3o, emocionou o p\u00fablico com um relato sincero e nost\u00e1lgico sobre a conviv\u00eancia com o pai. Durante uma homenagem exibida pela TV Globo em celebra\u00e7\u00e3o aos 90 anos do humorista, Paulo compartilhou detalhes sobre a vida familiar e a personalidade reservada do homem por tr\u00e1s do lend\u00e1rio Didi Moc\u00f3.<\/p>\n<hr \/>\n<h3><strong>A dualidade de Renato Arag\u00e3o: humorista e pai<\/strong><\/h3>\n<p>Conhecido por suas express\u00f5es c\u00f4micas e bord\u00f5es inesquec\u00edveis, Renato Arag\u00e3o tinha uma faceta mais introspectiva quando estava longe das c\u00e2meras. Paulo revelou que, em casa, Renato era um homem s\u00e9rio e reservado, embora sempre mantivesse um v\u00ednculo especial com a fam\u00edlia. \u201cOs humoristas, e o Renato Arag\u00e3o n\u00e3o \u00e9 diferente, geralmente s\u00e3o pessoas muito s\u00e9rias, muito introvertidas\u201d, comentou.<\/p>\n<p>Apesar da fama e da agenda lotada, Renato sempre encontrou formas de demonstrar carinho pelos filhos, criando momentos \u00fanicos de conex\u00e3o familiar.<\/p>\n<hr \/>\n<h3><strong>Ra\u00edzes do humor e a paix\u00e3o pelo cinema<\/strong><\/h3>\n<p>O talento de Renato Arag\u00e3o para o humor come\u00e7ou cedo, inspirado por sua m\u00e3e, Dona Dinor\u00e1, que era naturalmente c\u00f4mica, mas tinha dificuldade em terminar suas piadas sem cair na risada. Essa heran\u00e7a foi combinada com a paix\u00e3o de Renato pelo cinema, cultivada durante sua juventude em Sobral, Cear\u00e1, onde assistia repetidamente aos filmes de Charlie Chaplin e Oscarito.<\/p>\n<p>Essas influ\u00eancias moldaram sua trajet\u00f3ria e contribu\u00edram para a cria\u00e7\u00e3o de um dos maiores \u00edcones do humor brasileiro.<\/p>\n<hr \/>\n<h3><strong>A fama e o impacto na din\u00e2mica familiar<\/strong><\/h3>\n<p>Com o sucesso estrondoso do <em>Os Trapalh\u00f5es<\/em>, a presen\u00e7a de Renato em casa tornou-se cada vez mais rara. Paulo relembrou, com emo\u00e7\u00e3o e humor, como a rotina de grava\u00e7\u00f5es \u201croubou\u201d seu pai do conv\u00edvio di\u00e1rio. \u201cO sucesso era muito grande, ent\u00e3o a gente n\u00e3o via o meu pai. Mas tinha um dia, segunda-feira, que ele tinha folga pra escrever\u201d, disse Paulo.<\/p>\n<p>Essas segundas-feiras se tornaram um momento sagrado para a fam\u00edlia, quando Renato, depois de cumprir suas tarefas, criava pequenos rituais, como preparar picol\u00e9s de abacate e organizar sess\u00f5es de cinema com os filhos.<\/p>\n<hr \/>\n<h3><strong>Legado de amor e simplicidade<\/strong><\/h3>\n<p>Apesar de sua fama e do impacto cultural de sua carreira, Renato Arag\u00e3o nunca deixou de lado os la\u00e7os familiares. Gestos simples, como descascar laranjas com cuidado ou planejar noites de cinema, demonstram o quanto ele valorizava esses momentos em meio \u00e0 agita\u00e7\u00e3o do mundo art\u00edstico.<\/p>\n<p>O relato de Paulo Arag\u00e3o oferece uma perspectiva intimista e humana sobre Renato, destacando o homem por tr\u00e1s do \u00edcone. Mais do que um humorista, ele foi um pai presente \u00e0 sua maneira, que transformou pequenos gestos em grandes mem\u00f3rias para sua fam\u00edlia.<\/p>\n<p>Essa homenagem refor\u00e7a o carinho que o Brasil tem por Renato Arag\u00e3o, n\u00e3o apenas como artista, mas como um exemplo de dedica\u00e7\u00e3o e afeto em todas as esferas de sua vida.<\/p>\n<p><strong>O Retorno de Molina: Uma Reviravolta Explosiva em &#8220;Mania de Voc\u00ea&#8221;<\/strong><\/p>\n<p>O retorno de Molina (Rodrigo Lombardi) promete revirar completamente os rumos da trama de <em>Mania de Voc\u00ea<\/em>. Considerado morto no in\u00edcio da hist\u00f3ria, o vil\u00e3o ressurge para abalar a vida dos personagens centrais da novela, trazendo \u00e0 tona novos mist\u00e9rios e reviravoltas surpreendentes. Ao longo de toda a narrativa, o assassinato de Molina foi o grande enigma que movimentou os conflitos, com Rud\u00e1 (Nicolas Prattes) sendo injustamente acusado do crime, enquanto Viola (Gabz) se dedicava a provar a culpabilidade de Mavi (Chay Suede).<\/p>\n<p>Agora, o p\u00fablico descobrir\u00e1 que Molina, na verdade, sobreviveu e passou anos escondido na Su\u00ed\u00e7a, acompanhando de longe os desdobramentos de sua suposta morte. Sua aus\u00eancia foi o ponto de partida para a evolu\u00e7\u00e3o de diversas tramas paralelas, e com seu retorno, ele traz um novo prop\u00f3sito: reconquistar o controle de sua vida e neg\u00f3cios, al\u00e9m de colocar fogo nas tens\u00f5es j\u00e1 existentes entre os outros personagens.<\/p>\n<p>A trama de <em>Mania de Voc\u00ea<\/em> ganha um novo f\u00f4lego com esse retorno, com Molina se reaproximando de M\u00e9rcia (Adriana Esteves), a \u00fanica pessoa que sabia a verdade sobre sua suposta morte. Ela teve um papel fundamental no seu desaparecimento, ajudando-o a escapar do atentado arquitetado por Mavi e convencendo todos de sua morte. Enquanto esteve fora, Molina n\u00e3o ficou inativo: ele observou atentamente os movimentos de seus inimigos e aliados, se preparando para retomar o controle de tudo.<\/p>\n<p>Sua chegada a Angra dos Reis (RJ) promete gerar um impacto emocional e estrat\u00e9gico entre os personagens. No momento de seu retorno, a trama j\u00e1 estar\u00e1 no \u00e1pice do plano de vingan\u00e7a de Viola, que, com a ajuda de Volney (Paulo Rocha), criou um golpe financeiro para derrubar Mavi, oferecendo um falso fundo de investimentos e enganando-a com a proposta. A revela\u00e7\u00e3o de que Molina est\u00e1 vivo n\u00e3o s\u00f3 exp\u00f5e a fraude, mas tamb\u00e9m altera completamente as din\u00e2micas de poder entre os envolvidos, especialmente quando ele entra em a\u00e7\u00e3o para proteger o filho de um preju\u00edzo devastador.<\/p>\n<p>Por\u00e9m, o vil\u00e3o n\u00e3o se precipitar\u00e1: inicialmente, ele permanecer\u00e1 oculto em um iate no alto-mar, observando de longe os desdobramentos sem se expor. No entanto, sua presen\u00e7a n\u00e3o permanecer\u00e1 secreta por muito tempo, e o impacto de sua entrada triunfal em Angra dos Reis ser\u00e1 explosivo, levando a trama a novos e inesperados desfechos.<\/p>\n<p>Com o retorno de Molina, <em>Mania de Voc\u00ea<\/em> se prepara para dar uma guinada dram\u00e1tica, com reviravoltas que n\u00e3o apenas afetar\u00e3o Mavi, Viola e Rud\u00e1, mas tamb\u00e9m mexer\u00e3o com as emo\u00e7\u00f5es de todos os personagens. A novela promete intensificar as tens\u00f5es e entregar aos espectadores momentos de pura adrenalina enquanto os conflitos se desdobram de forma imprevis\u00edvel. O retorno de Molina \u00e9 a chave para a explos\u00e3o de novos eventos que ir\u00e3o, sem d\u00favida, colocar todos os envolvidos em um jogo de poder, vingan\u00e7a e sobreviv\u00eancia.<\/p>\n<p><strong>Viola d\u00e1 a volta por cima em <em>Mania de Voc\u00ea<\/em><\/strong><\/p>\n<p>Nos pr\u00f3ximos cap\u00edtulos da novela <em>Mania de Voc\u00ea<\/em>, Viola mostrar\u00e1 que sua for\u00e7a e determina\u00e7\u00e3o podem transformar qualquer desafio em vit\u00f3ria. Ap\u00f3s ser alvo de humilha\u00e7\u00f5es e acusa\u00e7\u00f5es injustas por parte de Mavi e Luma, a chef de cozinha encontra um detalhe surpreendente no contrato de sociedade do resort que muda completamente o jogo.<\/p>\n<h3><strong>A revela\u00e7\u00e3o do contrato<\/strong><\/h3>\n<p>Tudo come\u00e7a quando Viola, com a ajuda de Marcel, decide investigar documentos antigos em busca de uma forma de se defender das acusa\u00e7\u00f5es. Durante essa pesquisa, ela descobre uma cl\u00e1usula esquecida no contrato de sociedade assinado por seus pais. A cl\u00e1usula estabelece que, em casos de m\u00e1 gest\u00e3o ou irregularidades, a sociedade seria transferida para o outro s\u00f3cio, ou seja, para os herdeiros leg\u00edtimos de Marcel.<\/p>\n<p>Essa descoberta acontece no momento certo, j\u00e1 que Mavi e Luma est\u00e3o envolvidos em esc\u00e2ndalos financeiros e den\u00fancias trabalhistas. A chef percebe que tem em m\u00e3os a oportunidade legal de reivindicar a posse do resort.<\/p>\n<h3><strong>Viola enfrenta seus advers\u00e1rios<\/strong><\/h3>\n<p>Decidida a virar o jogo, Viola re\u00fane provas das irregularidades de Mavi e Luma e convoca uma reuni\u00e3o no resort. Acompanhada de Marcel e de um advogado, ela exp\u00f5e as fraudes e apresenta a cl\u00e1usula que lhe garante a transfer\u00eancia da sociedade.<\/p>\n<p>Diante das acusa\u00e7\u00f5es e documentos apresentados, Mavi perde o controle:<br \/>\n\u2014 Voc\u00ea acha que pode entrar aqui e tomar o que \u00e9 meu? Isso \u00e9 loucura! Esse resort \u00e9 a minha vida!<\/p>\n<p>Apesar da resist\u00eancia, a advogada de Viola confirma a legitimidade do contrato e a chef assume o controle do empreendimento, deixando Mavi e Luma em total desespero.<\/p>\n<h3><strong>Uma nova era para o resort<\/strong><\/h3>\n<p>Com Viola no comando, o resort entra em uma nova fase, marcada por \u00e9tica e inova\u00e7\u00e3o. A chef promete transformar o local em refer\u00eancia de excel\u00eancia, resgatando o prest\u00edgio que havia sido perdido sob a gest\u00e3o de Mavi e Luma.<\/p>\n<p>Essa virada mostra que Viola \u00e9 uma personagem que n\u00e3o desiste, independentemente das adversidades. Sua vit\u00f3ria representa n\u00e3o apenas uma conquista pessoal, mas tamb\u00e9m uma li\u00e7\u00e3o sobre resili\u00eancia e justi\u00e7a.<\/p>\n<p><em>Fique ligado nos pr\u00f3ximos cap\u00edtulos de Mania de Voc\u00ea e acompanhe os desdobramentos dessa emocionante trama!<\/em><\/p>\n<p><strong>Destino da Heran\u00e7a de Ney Latorraca Gera Surpresa: Marido e Fam\u00edlia do Ator Est\u00e3o Fora do Testamento<\/strong><\/p>\n<p>Ney Latorraca, um dos maiores nomes das artes c\u00eanicas brasileiras, voltou aos holofotes com a revela\u00e7\u00e3o de detalhes sobre seu testamento. O ator, que sempre foi muito reservado sobre sua vida pessoal, teria exclu\u00eddo tanto seu marido quanto seus familiares do destino de sua heran\u00e7a, priorizando institui\u00e7\u00f5es de caridade.<\/p>\n<h3><strong>Uma Decis\u00e3o Planejada<\/strong><\/h3>\n<p>Em entrevista concedida ao jornal <em>Extra<\/em> em 2021, Ney afirmou que sua vontade sempre foi destinar os frutos de sua carreira para causas sociais. Entre as institui\u00e7\u00f5es escolhidas pelo ator est\u00e3o o Retiro dos Artistas e a Associa\u00e7\u00e3o Brasileira Beneficente de Reabilita\u00e7\u00e3o (ABBR).<\/p>\n<p>\u201c\u00c9 um desejo da minha m\u00e3e tamb\u00e9m. Acho que \u00e9 assim que tem que ser. O que eu ganhei com o teatro tem que voltar para essas causas. Essa \u00e9 a miss\u00e3o do artista, pelo menos para mim\u201d, declarou o ator na \u00e9poca, justificando sua decis\u00e3o como um gesto de retribui\u00e7\u00e3o \u00e0 sociedade que tanto o acolheu.<\/p>\n<h3><strong>Surpresa Entre Amigos e F\u00e3s<\/strong><\/h3>\n<p>A exclus\u00e3o do marido no testamento causou espanto entre amigos pr\u00f3ximos e admiradores, j\u00e1 que Ney sempre demonstrou ter uma rela\u00e7\u00e3o harmoniosa e p\u00fablica com o companheiro. Essa decis\u00e3o reacendeu debates sobre heran\u00e7as em uni\u00f5es afetivas, direitos de c\u00f4njuges em relacionamentos n\u00e3o formalizados e as escolhas individuais em rela\u00e7\u00e3o ao patrim\u00f4nio pessoal.<\/p>\n<p>Fontes pr\u00f3ximas ao casal indicam que, apesar da escolha surpreendente, a rela\u00e7\u00e3o entre Ney e o marido sempre foi de respeito e compreens\u00e3o. No entanto, a not\u00edcia trouxe \u00e0 tona questionamentos sobre como o amor e os la\u00e7os familiares se manifestam em decis\u00f5es patrimoniais.<\/p>\n<h3><strong>Uma Carreira Memor\u00e1vel<\/strong><\/h3>\n<p>Nascido em Santos, S\u00e3o Paulo, Ney Latorraca dedicou sua vida \u00e0s artes, com uma trajet\u00f3ria marcada por atua\u00e7\u00f5es memor\u00e1veis no teatro, na televis\u00e3o e no cinema. Formado na Escola de Arte Dram\u00e1tica da Universidade de S\u00e3o Paulo (USP), o ator consolidou-se como um dos grandes nomes da dramaturgia brasileira.<\/p>\n<p>Seja no humor, como nos cl\u00e1ssicos da TV Globo, ou em pap\u00e9is dram\u00e1ticos no teatro, Ney conquistou o p\u00fablico com seu talento e carisma. O ator sempre destacou a import\u00e2ncia de retribuir ao meio art\u00edstico e \u00e0 sociedade o sucesso que alcan\u00e7ou ao longo de sua carreira.<\/p>\n<h3><strong>Discuss\u00f5es em Torno da Decis\u00e3o<\/strong><\/h3>\n<p>A escolha de Ney Latorraca de priorizar causas sociais em detrimento de sua fam\u00edlia ou c\u00f4njuge levanta reflex\u00f5es sobre autonomia e valores. Para alguns, trata-se de uma atitude altru\u00edsta, que reflete o esp\u00edrito generoso do ator. Para outros, a decis\u00e3o pode ser vista como controversa, especialmente considerando a proximidade com o marido.<\/p>\n<p>Independente das opini\u00f5es, a postura de Ney refor\u00e7a sua vis\u00e3o sobre a arte e a vida: retribuir \u00e9 um ato de amor. Sua decis\u00e3o, certamente, continuar\u00e1 gerando discuss\u00f5es e reflex\u00f5es sobre heran\u00e7a, rela\u00e7\u00f5es familiares e escolhas de vida.<\/p>\n<p>Nos resta acompanhar os desdobramentos dessa hist\u00f3ria e celebrar o legado art\u00edstico e humano de Ney Latorraca.<\/p>\n","protected":false},"excerpt":{"rendered":"<p>Jovem perde a vida ap\u00f3s falha em cl\u00ednica de hemodi\u00e1lise em S\u00e3o Gon\u00e7alo Um caso grave de erro m\u00e9dico chocou a Regi\u00e3o Metropolitana do Rio nesta semana. Bruno Rodrigues Ventura dos Santos, de apenas 29 anos, morreu ap\u00f3s passar 18 dias internado na UTI do Pronto Socorro Central de S\u00e3o Gon\u00e7alo. O jovem, que trabalhava &hellip;<\/p>\n","protected":false},"author":1,"featured_media":352379,"comment_status":"open","ping_status":"open","sticky":false,"template":"","format":"standard","meta":{"_jetpack_memberships_contains_paid_content":false,"footnotes":""},"categories":[2517,2,3937],"tags":[],"class_list":["post-449249","post","type-post","status-publish","format-standard","has-post-thumbnail","hentry","category-a-fazenda","category-entretenimento","category-resumo-de-novelas"],"yoast_head":"<!-- This site is optimized with the Yoast SEO plugin v27.5 - https:\/\/yoast.com\/product\/yoast-seo-wordpress\/ -->\n<title>Jovem perde a vida ap\u00f3s falha em cl\u00ednica de hemodi\u00e1lise em S\u00e3o Gon\u00e7alo<\/title>\n<meta name=\"robots\" content=\"index, follow, max-snippet:-1, max-image-preview:large, max-video-preview:-1\" \/>\n<link rel=\"canonical\" href=\"https:\/\/mrnews.com.br\/index.php\/2025\/09\/09\/jovem-perde-a-vida-apos-falha-em-clinica-de-hemodialise-em-sao-goncalo\/\" \/>\n<meta property=\"og:locale\" content=\"pt_BR\" \/>\n<meta property=\"og:type\" content=\"article\" \/>\n<meta property=\"og:title\" content=\"Jovem perde a vida ap\u00f3s falha em cl\u00ednica de hemodi\u00e1lise em S\u00e3o Gon\u00e7alo\" \/>\n<meta property=\"og:description\" content=\"Jovem perde a vida ap\u00f3s falha em cl\u00ednica de hemodi\u00e1lise em S\u00e3o Gon\u00e7alo Um caso grave de erro m\u00e9dico chocou a Regi\u00e3o Metropolitana do Rio nesta semana. Bruno Rodrigues Ventura dos Santos, de apenas 29 anos, morreu ap\u00f3s passar 18 dias internado na UTI do Pronto Socorro Central de S\u00e3o Gon\u00e7alo. O jovem, que trabalhava &hellip;\" \/>\n<meta property=\"og:url\" content=\"https:\/\/mrnews.com.br\/index.php\/2025\/09\/09\/jovem-perde-a-vida-apos-falha-em-clinica-de-hemodialise-em-sao-goncalo\/\" \/>\n<meta property=\"og:site_name\" content=\"MRNews\" \/>\n<meta property=\"article:publisher\" content=\"https:\/\/www.facebook.com\/eaipahpah\/?locale2=pt_BR\" \/>\n<meta property=\"article:published_time\" content=\"2025-09-09T23:52:16+00:00\" \/>\n<meta property=\"og:image\" content=\"https:\/\/mrnews.com.br\/wp-content\/uploads\/2022\/06\/luto-ator-famoso.jpeg\" \/>\n\t<meta property=\"og:image:width\" content=\"696\" \/>\n\t<meta property=\"og:image:height\" content=\"365\" \/>\n\t<meta property=\"og:image:type\" content=\"image\/jpeg\" \/>\n<meta name=\"author\" content=\"MR News\" \/>\n<meta name=\"twitter:card\" content=\"summary_large_image\" \/>\n<meta name=\"twitter:creator\" content=\"@conspirou\" \/>\n<meta name=\"twitter:site\" content=\"@conspirou\" \/>\n<meta name=\"twitter:label1\" content=\"Escrito por\" \/>\n\t<meta name=\"twitter:data1\" content=\"MR News\" \/>\n\t<meta name=\"twitter:label2\" content=\"Est. tempo de leitura\" \/>\n\t<meta name=\"twitter:data2\" content=\"18 minutos\" \/>\n<script type=\"application\/ld+json\" class=\"yoast-schema-graph\">{\"@context\":\"https:\\\/\\\/schema.org\",\"@graph\":[{\"@type\":\"Article\",\"@id\":\"https:\\\/\\\/mrnews.com.br\\\/index.php\\\/2025\\\/09\\\/09\\\/jovem-perde-a-vida-apos-falha-em-clinica-de-hemodialise-em-sao-goncalo\\\/#article\",\"isPartOf\":{\"@id\":\"https:\\\/\\\/mrnews.com.br\\\/index.php\\\/2025\\\/09\\\/09\\\/jovem-perde-a-vida-apos-falha-em-clinica-de-hemodialise-em-sao-goncalo\\\/\"},\"author\":{\"name\":\"MR News\",\"@id\":\"https:\\\/\\\/mrnews.com.br\\\/#\\\/schema\\\/person\\\/be3203154562a9f207407861cef7827b\"},\"headline\":\"Jovem perde a vida ap\u00f3s falha em cl\u00ednica de hemodi\u00e1lise em S\u00e3o Gon\u00e7alo\",\"datePublished\":\"2025-09-09T23:52:16+00:00\",\"mainEntityOfPage\":{\"@id\":\"https:\\\/\\\/mrnews.com.br\\\/index.php\\\/2025\\\/09\\\/09\\\/jovem-perde-a-vida-apos-falha-em-clinica-de-hemodialise-em-sao-goncalo\\\/\"},\"wordCount\":3630,\"commentCount\":0,\"publisher\":{\"@id\":\"https:\\\/\\\/mrnews.com.br\\\/#organization\"},\"image\":{\"@id\":\"https:\\\/\\\/mrnews.com.br\\\/index.php\\\/2025\\\/09\\\/09\\\/jovem-perde-a-vida-apos-falha-em-clinica-de-hemodialise-em-sao-goncalo\\\/#primaryimage\"},\"thumbnailUrl\":\"https:\\\/\\\/mrnews.com.br\\\/wp-content\\\/uploads\\\/2022\\\/06\\\/luto-ator-famoso.jpeg\",\"articleSection\":[\"A Fazenda\",\"ENTRETENIMENTO\",\"Resumo de novelas\"],\"inLanguage\":\"pt-BR\",\"potentialAction\":[{\"@type\":\"CommentAction\",\"name\":\"Comment\",\"target\":[\"https:\\\/\\\/mrnews.com.br\\\/index.php\\\/2025\\\/09\\\/09\\\/jovem-perde-a-vida-apos-falha-em-clinica-de-hemodialise-em-sao-goncalo\\\/#respond\"]}]},{\"@type\":\"WebPage\",\"@id\":\"https:\\\/\\\/mrnews.com.br\\\/index.php\\\/2025\\\/09\\\/09\\\/jovem-perde-a-vida-apos-falha-em-clinica-de-hemodialise-em-sao-goncalo\\\/\",\"url\":\"https:\\\/\\\/mrnews.com.br\\\/index.php\\\/2025\\\/09\\\/09\\\/jovem-perde-a-vida-apos-falha-em-clinica-de-hemodialise-em-sao-goncalo\\\/\",\"name\":\"Jovem perde a vida ap\u00f3s falha em cl\u00ednica de hemodi\u00e1lise em S\u00e3o Gon\u00e7alo\",\"isPartOf\":{\"@id\":\"https:\\\/\\\/mrnews.com.br\\\/#website\"},\"primaryImageOfPage\":{\"@id\":\"https:\\\/\\\/mrnews.com.br\\\/index.php\\\/2025\\\/09\\\/09\\\/jovem-perde-a-vida-apos-falha-em-clinica-de-hemodialise-em-sao-goncalo\\\/#primaryimage\"},\"image\":{\"@id\":\"https:\\\/\\\/mrnews.com.br\\\/index.php\\\/2025\\\/09\\\/09\\\/jovem-perde-a-vida-apos-falha-em-clinica-de-hemodialise-em-sao-goncalo\\\/#primaryimage\"},\"thumbnailUrl\":\"https:\\\/\\\/mrnews.com.br\\\/wp-content\\\/uploads\\\/2022\\\/06\\\/luto-ator-famoso.jpeg\",\"datePublished\":\"2025-09-09T23:52:16+00:00\",\"breadcrumb\":{\"@id\":\"https:\\\/\\\/mrnews.com.br\\\/index.php\\\/2025\\\/09\\\/09\\\/jovem-perde-a-vida-apos-falha-em-clinica-de-hemodialise-em-sao-goncalo\\\/#breadcrumb\"},\"inLanguage\":\"pt-BR\",\"potentialAction\":[{\"@type\":\"ReadAction\",\"target\":[\"https:\\\/\\\/mrnews.com.br\\\/index.php\\\/2025\\\/09\\\/09\\\/jovem-perde-a-vida-apos-falha-em-clinica-de-hemodialise-em-sao-goncalo\\\/\"]}]},{\"@type\":\"ImageObject\",\"inLanguage\":\"pt-BR\",\"@id\":\"https:\\\/\\\/mrnews.com.br\\\/index.php\\\/2025\\\/09\\\/09\\\/jovem-perde-a-vida-apos-falha-em-clinica-de-hemodialise-em-sao-goncalo\\\/#primaryimage\",\"url\":\"https:\\\/\\\/mrnews.com.br\\\/wp-content\\\/uploads\\\/2022\\\/06\\\/luto-ator-famoso.jpeg\",\"contentUrl\":\"https:\\\/\\\/mrnews.com.br\\\/wp-content\\\/uploads\\\/2022\\\/06\\\/luto-ator-famoso.jpeg\",\"width\":696,\"height\":365},{\"@type\":\"BreadcrumbList\",\"@id\":\"https:\\\/\\\/mrnews.com.br\\\/index.php\\\/2025\\\/09\\\/09\\\/jovem-perde-a-vida-apos-falha-em-clinica-de-hemodialise-em-sao-goncalo\\\/#breadcrumb\",\"itemListElement\":[{\"@type\":\"ListItem\",\"position\":1,\"name\":\"In\u00edcio\",\"item\":\"https:\\\/\\\/mrnews.com.br\\\/\"},{\"@type\":\"ListItem\",\"position\":2,\"name\":\"Jovem perde a vida ap\u00f3s falha em cl\u00ednica de hemodi\u00e1lise em S\u00e3o Gon\u00e7alo\"}]},{\"@type\":\"WebSite\",\"@id\":\"https:\\\/\\\/mrnews.com.br\\\/#website\",\"url\":\"https:\\\/\\\/mrnews.com.br\\\/\",\"name\":\"MRNews\",\"description\":\"MRNews Jogos de hoje da TV, transmiss\u00f5es ao vivo, Not\u00edcias de futebol, Jogos ao vivo, Lives, resumo de novelas, Programa\u00e7\u00e3o da Globo, A Fazenda e BBB\",\"publisher\":{\"@id\":\"https:\\\/\\\/mrnews.com.br\\\/#organization\"},\"potentialAction\":[{\"@type\":\"SearchAction\",\"target\":{\"@type\":\"EntryPoint\",\"urlTemplate\":\"https:\\\/\\\/mrnews.com.br\\\/?s={search_term_string}\"},\"query-input\":{\"@type\":\"PropertyValueSpecification\",\"valueRequired\":true,\"valueName\":\"search_term_string\"}}],\"inLanguage\":\"pt-BR\"},{\"@type\":\"Organization\",\"@id\":\"https:\\\/\\\/mrnews.com.br\\\/#organization\",\"name\":\"MRNews\",\"url\":\"https:\\\/\\\/mrnews.com.br\\\/\",\"logo\":{\"@type\":\"ImageObject\",\"inLanguage\":\"pt-BR\",\"@id\":\"https:\\\/\\\/mrnews.com.br\\\/#\\\/schema\\\/logo\\\/image\\\/\",\"url\":\"https:\\\/\\\/mrnews.com.br\\\/wp-content\\\/uploads\\\/2019\\\/06\\\/MRNewslogo2.png\",\"contentUrl\":\"https:\\\/\\\/mrnews.com.br\\\/wp-content\\\/uploads\\\/2019\\\/06\\\/MRNewslogo2.png\",\"width\":223,\"height\":58,\"caption\":\"MRNews\"},\"image\":{\"@id\":\"https:\\\/\\\/mrnews.com.br\\\/#\\\/schema\\\/logo\\\/image\\\/\"},\"sameAs\":[\"https:\\\/\\\/www.facebook.com\\\/eaipahpah\\\/?locale2=pt_BR\",\"https:\\\/\\\/x.com\\\/conspirou\",\"https:\\\/\\\/www.instagram.com\\\/eai_pahpah\",\"https:\\\/\\\/br.pinterest.com\\\/mrnewsn\\\/boards\\\/\",\"https:\\\/\\\/www.youtube.com\\\/channel\\\/UCacgnpznQ61fifLWr1tQ-vA?view_as=subscriber\"]},{\"@type\":\"Person\",\"@id\":\"https:\\\/\\\/mrnews.com.br\\\/#\\\/schema\\\/person\\\/be3203154562a9f207407861cef7827b\",\"name\":\"MR News\",\"image\":{\"@type\":\"ImageObject\",\"inLanguage\":\"pt-BR\",\"@id\":\"https:\\\/\\\/secure.gravatar.com\\\/avatar\\\/04084e6d73c042b8646e7c17b494073bf0ede3ea13c7105cfc45cbbbc28385a4?s=96&d=monsterid&r=g\",\"url\":\"https:\\\/\\\/secure.gravatar.com\\\/avatar\\\/04084e6d73c042b8646e7c17b494073bf0ede3ea13c7105cfc45cbbbc28385a4?s=96&d=monsterid&r=g\",\"contentUrl\":\"https:\\\/\\\/secure.gravatar.com\\\/avatar\\\/04084e6d73c042b8646e7c17b494073bf0ede3ea13c7105cfc45cbbbc28385a4?s=96&d=monsterid&r=g\",\"caption\":\"MR News\"},\"description\":\"Especializado em jornalismo colaborativo pela FTP em n\u00edvel de p\u00f3s-gradua\u00e7\u00e3o. suporte@oimeliga.combr\",\"sameAs\":[\"HUGO R.\",\"Admin\"],\"url\":\"https:\\\/\\\/mrnews.com.br\\\/index.php\\\/author\\\/admin\\\/\"}]}<\/script>\n<!-- \/ Yoast SEO plugin. -->","yoast_head_json":{"title":"Jovem perde a vida ap\u00f3s falha em cl\u00ednica de hemodi\u00e1lise em S\u00e3o Gon\u00e7alo","robots":{"index":"index","follow":"follow","max-snippet":"max-snippet:-1","max-image-preview":"max-image-preview:large","max-video-preview":"max-video-preview:-1"},"canonical":"https:\/\/mrnews.com.br\/index.php\/2025\/09\/09\/jovem-perde-a-vida-apos-falha-em-clinica-de-hemodialise-em-sao-goncalo\/","og_locale":"pt_BR","og_type":"article","og_title":"Jovem perde a vida ap\u00f3s falha em cl\u00ednica de hemodi\u00e1lise em S\u00e3o Gon\u00e7alo","og_description":"Jovem perde a vida ap\u00f3s falha em cl\u00ednica de hemodi\u00e1lise em S\u00e3o Gon\u00e7alo Um caso grave de erro m\u00e9dico chocou a Regi\u00e3o Metropolitana do Rio nesta semana. Bruno Rodrigues Ventura dos Santos, de apenas 29 anos, morreu ap\u00f3s passar 18 dias internado na UTI do Pronto Socorro Central de S\u00e3o Gon\u00e7alo. O jovem, que trabalhava &hellip;","og_url":"https:\/\/mrnews.com.br\/index.php\/2025\/09\/09\/jovem-perde-a-vida-apos-falha-em-clinica-de-hemodialise-em-sao-goncalo\/","og_site_name":"MRNews","article_publisher":"https:\/\/www.facebook.com\/eaipahpah\/?locale2=pt_BR","article_published_time":"2025-09-09T23:52:16+00:00","og_image":[{"width":696,"height":365,"url":"https:\/\/mrnews.com.br\/wp-content\/uploads\/2022\/06\/luto-ator-famoso.jpeg","type":"image\/jpeg"}],"author":"MR News","twitter_card":"summary_large_image","twitter_creator":"@conspirou","twitter_site":"@conspirou","twitter_misc":{"Escrito por":"MR News","Est. tempo de leitura":"18 minutos"},"schema":{"@context":"https:\/\/schema.org","@graph":[{"@type":"Article","@id":"https:\/\/mrnews.com.br\/index.php\/2025\/09\/09\/jovem-perde-a-vida-apos-falha-em-clinica-de-hemodialise-em-sao-goncalo\/#article","isPartOf":{"@id":"https:\/\/mrnews.com.br\/index.php\/2025\/09\/09\/jovem-perde-a-vida-apos-falha-em-clinica-de-hemodialise-em-sao-goncalo\/"},"author":{"name":"MR News","@id":"https:\/\/mrnews.com.br\/#\/schema\/person\/be3203154562a9f207407861cef7827b"},"headline":"Jovem perde a vida ap\u00f3s falha em cl\u00ednica de hemodi\u00e1lise em S\u00e3o Gon\u00e7alo","datePublished":"2025-09-09T23:52:16+00:00","mainEntityOfPage":{"@id":"https:\/\/mrnews.com.br\/index.php\/2025\/09\/09\/jovem-perde-a-vida-apos-falha-em-clinica-de-hemodialise-em-sao-goncalo\/"},"wordCount":3630,"commentCount":0,"publisher":{"@id":"https:\/\/mrnews.com.br\/#organization"},"image":{"@id":"https:\/\/mrnews.com.br\/index.php\/2025\/09\/09\/jovem-perde-a-vida-apos-falha-em-clinica-de-hemodialise-em-sao-goncalo\/#primaryimage"},"thumbnailUrl":"https:\/\/mrnews.com.br\/wp-content\/uploads\/2022\/06\/luto-ator-famoso.jpeg","articleSection":["A Fazenda","ENTRETENIMENTO","Resumo de novelas"],"inLanguage":"pt-BR","potentialAction":[{"@type":"CommentAction","name":"Comment","target":["https:\/\/mrnews.com.br\/index.php\/2025\/09\/09\/jovem-perde-a-vida-apos-falha-em-clinica-de-hemodialise-em-sao-goncalo\/#respond"]}]},{"@type":"WebPage","@id":"https:\/\/mrnews.com.br\/index.php\/2025\/09\/09\/jovem-perde-a-vida-apos-falha-em-clinica-de-hemodialise-em-sao-goncalo\/","url":"https:\/\/mrnews.com.br\/index.php\/2025\/09\/09\/jovem-perde-a-vida-apos-falha-em-clinica-de-hemodialise-em-sao-goncalo\/","name":"Jovem perde a vida ap\u00f3s falha em cl\u00ednica de hemodi\u00e1lise em S\u00e3o Gon\u00e7alo","isPartOf":{"@id":"https:\/\/mrnews.com.br\/#website"},"primaryImageOfPage":{"@id":"https:\/\/mrnews.com.br\/index.php\/2025\/09\/09\/jovem-perde-a-vida-apos-falha-em-clinica-de-hemodialise-em-sao-goncalo\/#primaryimage"},"image":{"@id":"https:\/\/mrnews.com.br\/index.php\/2025\/09\/09\/jovem-perde-a-vida-apos-falha-em-clinica-de-hemodialise-em-sao-goncalo\/#primaryimage"},"thumbnailUrl":"https:\/\/mrnews.com.br\/wp-content\/uploads\/2022\/06\/luto-ator-famoso.jpeg","datePublished":"2025-09-09T23:52:16+00:00","breadcrumb":{"@id":"https:\/\/mrnews.com.br\/index.php\/2025\/09\/09\/jovem-perde-a-vida-apos-falha-em-clinica-de-hemodialise-em-sao-goncalo\/#breadcrumb"},"inLanguage":"pt-BR","potentialAction":[{"@type":"ReadAction","target":["https:\/\/mrnews.com.br\/index.php\/2025\/09\/09\/jovem-perde-a-vida-apos-falha-em-clinica-de-hemodialise-em-sao-goncalo\/"]}]},{"@type":"ImageObject","inLanguage":"pt-BR","@id":"https:\/\/mrnews.com.br\/index.php\/2025\/09\/09\/jovem-perde-a-vida-apos-falha-em-clinica-de-hemodialise-em-sao-goncalo\/#primaryimage","url":"https:\/\/mrnews.com.br\/wp-content\/uploads\/2022\/06\/luto-ator-famoso.jpeg","contentUrl":"https:\/\/mrnews.com.br\/wp-content\/uploads\/2022\/06\/luto-ator-famoso.jpeg","width":696,"height":365},{"@type":"BreadcrumbList","@id":"https:\/\/mrnews.com.br\/index.php\/2025\/09\/09\/jovem-perde-a-vida-apos-falha-em-clinica-de-hemodialise-em-sao-goncalo\/#breadcrumb","itemListElement":[{"@type":"ListItem","position":1,"name":"In\u00edcio","item":"https:\/\/mrnews.com.br\/"},{"@type":"ListItem","position":2,"name":"Jovem perde a vida ap\u00f3s falha em cl\u00ednica de hemodi\u00e1lise em S\u00e3o Gon\u00e7alo"}]},{"@type":"WebSite","@id":"https:\/\/mrnews.com.br\/#website","url":"https:\/\/mrnews.com.br\/","name":"MRNews","description":"MRNews Jogos de hoje da TV, transmiss\u00f5es ao vivo, Not\u00edcias de futebol, Jogos ao vivo, Lives, resumo de novelas, Programa\u00e7\u00e3o da Globo, A Fazenda e BBB","publisher":{"@id":"https:\/\/mrnews.com.br\/#organization"},"potentialAction":[{"@type":"SearchAction","target":{"@type":"EntryPoint","urlTemplate":"https:\/\/mrnews.com.br\/?s={search_term_string}"},"query-input":{"@type":"PropertyValueSpecification","valueRequired":true,"valueName":"search_term_string"}}],"inLanguage":"pt-BR"},{"@type":"Organization","@id":"https:\/\/mrnews.com.br\/#organization","name":"MRNews","url":"https:\/\/mrnews.com.br\/","logo":{"@type":"ImageObject","inLanguage":"pt-BR","@id":"https:\/\/mrnews.com.br\/#\/schema\/logo\/image\/","url":"https:\/\/mrnews.com.br\/wp-content\/uploads\/2019\/06\/MRNewslogo2.png","contentUrl":"https:\/\/mrnews.com.br\/wp-content\/uploads\/2019\/06\/MRNewslogo2.png","width":223,"height":58,"caption":"MRNews"},"image":{"@id":"https:\/\/mrnews.com.br\/#\/schema\/logo\/image\/"},"sameAs":["https:\/\/www.facebook.com\/eaipahpah\/?locale2=pt_BR","https:\/\/x.com\/conspirou","https:\/\/www.instagram.com\/eai_pahpah","https:\/\/br.pinterest.com\/mrnewsn\/boards\/","https:\/\/www.youtube.com\/channel\/UCacgnpznQ61fifLWr1tQ-vA?view_as=subscriber"]},{"@type":"Person","@id":"https:\/\/mrnews.com.br\/#\/schema\/person\/be3203154562a9f207407861cef7827b","name":"MR News","image":{"@type":"ImageObject","inLanguage":"pt-BR","@id":"https:\/\/secure.gravatar.com\/avatar\/04084e6d73c042b8646e7c17b494073bf0ede3ea13c7105cfc45cbbbc28385a4?s=96&d=monsterid&r=g","url":"https:\/\/secure.gravatar.com\/avatar\/04084e6d73c042b8646e7c17b494073bf0ede3ea13c7105cfc45cbbbc28385a4?s=96&d=monsterid&r=g","contentUrl":"https:\/\/secure.gravatar.com\/avatar\/04084e6d73c042b8646e7c17b494073bf0ede3ea13c7105cfc45cbbbc28385a4?s=96&d=monsterid&r=g","caption":"MR News"},"description":"Especializado em jornalismo colaborativo pela FTP em n\u00edvel de p\u00f3s-gradua\u00e7\u00e3o. suporte@oimeliga.combr","sameAs":["HUGO R.","Admin"],"url":"https:\/\/mrnews.com.br\/index.php\/author\/admin\/"}]}},"jetpack_featured_media_url":"https:\/\/mrnews.com.br\/wp-content\/uploads\/2022\/06\/luto-ator-famoso.jpeg","jetpack_sharing_enabled":true,"jetpack_shortlink":"https:\/\/wp.me\/pa2Qf7-1SRX","amp_enabled":true,"_links":{"self":[{"href":"https:\/\/mrnews.com.br\/index.php\/wp-json\/wp\/v2\/posts\/449249","targetHints":{"allow":["GET"]}}],"collection":[{"href":"https:\/\/mrnews.com.br\/index.php\/wp-json\/wp\/v2\/posts"}],"about":[{"href":"https:\/\/mrnews.com.br\/index.php\/wp-json\/wp\/v2\/types\/post"}],"author":[{"embeddable":true,"href":"https:\/\/mrnews.com.br\/index.php\/wp-json\/wp\/v2\/users\/1"}],"replies":[{"embeddable":true,"href":"https:\/\/mrnews.com.br\/index.php\/wp-json\/wp\/v2\/comments?post=449249"}],"version-history":[{"count":1,"href":"https:\/\/mrnews.com.br\/index.php\/wp-json\/wp\/v2\/posts\/449249\/revisions"}],"predecessor-version":[{"id":449250,"href":"https:\/\/mrnews.com.br\/index.php\/wp-json\/wp\/v2\/posts\/449249\/revisions\/449250"}],"wp:featuredmedia":[{"embeddable":true,"href":"https:\/\/mrnews.com.br\/index.php\/wp-json\/wp\/v2\/media\/352379"}],"wp:attachment":[{"href":"https:\/\/mrnews.com.br\/index.php\/wp-json\/wp\/v2\/media?parent=449249"}],"wp:term":[{"taxonomy":"category","embeddable":true,"href":"https:\/\/mrnews.com.br\/index.php\/wp-json\/wp\/v2\/categories?post=449249"},{"taxonomy":"post_tag","embeddable":true,"href":"https:\/\/mrnews.com.br\/index.php\/wp-json\/wp\/v2\/tags?post=449249"}],"curies":[{"name":"wp","href":"https:\/\/api.w.org\/{rel}","templated":true}]}}