{"id":449300,"date":"2025-09-10T22:16:42","date_gmt":"2025-09-11T01:16:42","guid":{"rendered":"https:\/\/mrnews.com.br\/index.php\/2025\/09\/10\/formacao-de-gestores-e-encontro-regional-fortalecem-programa-trainee-de-gestao-publica-em-ms\/"},"modified":"2025-09-10T22:16:42","modified_gmt":"2025-09-11T01:16:42","slug":"formacao-de-gestores-e-encontro-regional-fortalecem-programa-trainee-de-gestao-publica-em-ms","status":"publish","type":"post","link":"https:\/\/mrnews.com.br\/index.php\/2025\/09\/10\/formacao-de-gestores-e-encontro-regional-fortalecem-programa-trainee-de-gestao-publica-em-ms\/","title":{"rendered":"Forma\u00e7\u00e3o de gestores e encontro regional fortalecem Programa Trainee de Gest\u00e3o P\u00fablica em MS"},"content":{"rendered":"<p><\/p>\n<div>\n<p>O Governo de Mato Grosso do Sul, em parceria com a Motriz, realiza em setembro dois importantes encontros voltados ao fortalecimento da forma\u00e7\u00e3o de lideran\u00e7as p\u00fablicas no Estado. Nesta quarta-feira (10), acontece a primeira edi\u00e7\u00e3o da forma\u00e7\u00e3o &#8216;Desenvolver para Liderar: Forma\u00e7\u00e3o em Gest\u00e3o de Pessoas&#8217;, direcionada a gestores e lideran\u00e7as p\u00fablicas.<\/p>\n<p>Realizado na Funda\u00e7\u00e3o Escola de Governo de MS, em Campo Grande, o encontro tem como objetivo apoiar quem atua na condu\u00e7\u00e3o de equipes a desenvolver pr\u00e1ticas de gest\u00e3o mais inclusivas, humanas e efetivas. A programa\u00e7\u00e3o inclui momentos de escuta, troca de experi\u00eancias e aprofundamento em temas como lideran\u00e7a adaptativa, inclusiva e que desenvolve pessoas.<\/p>\n<p>Na sequ\u00eancia, quinta (11) e sexta-feira (12), tamb\u00e9m em Campo Grande, ser\u00e1 realizado o Encontro Regional do Programa Trainee de Gest\u00e3o P\u00fablica. A atividade reunir\u00e1 trainees, facilitadores e convidados para dois dias de di\u00e1logos inspiradores, trocas de experi\u00eancias e atividades pr\u00e1ticas, com foco em aproximar pessoas, territ\u00f3rios e prop\u00f3sitos.<\/p>\n<p>Entre os destaques da programa\u00e7\u00e3o est\u00e3o as oficinas de comunica\u00e7\u00e3o assertiva e feedback, gest\u00e3o com evid\u00eancias, indicadores e monitoramento, al\u00e9m de uma visita ao Bioparque Pantanal.<\/p>\n<p>De acordo com a organiza\u00e7\u00e3o, a padroniza\u00e7\u00e3o das forma\u00e7\u00f5es tamb\u00e9m \u00e9 uma prioridade nesta etapa. Para isso, todos os facilitadores contar\u00e3o com uma apresenta\u00e7\u00e3o base, constru\u00edda com a identidade visual da Motriz, garantindo alinhamento e consist\u00eancia em todos os encontros.<\/p>\n<p>Com essas a\u00e7\u00f5es, o Governo de Mato Grosso do Sul refor\u00e7a o compromisso de preparar novas lideran\u00e7as e gestores p\u00fablicos, fortalecendo a capacidade de resposta \u00e0s demandas sociais e promovendo servi\u00e7os de qualidade para a popula\u00e7\u00e3o sul-mato-grossense.<\/p>\n<p><em>Taynara Foglia, Comunica\u00e7\u00e3o Governo de MS<\/em><br \/><em>Foto: Arquivo<\/em><\/p>\n<\/div>\n","protected":false},"excerpt":{"rendered":"<p>O Governo de Mato Grosso do Sul, em parceria com a Motriz, realiza em setembro dois importantes encontros voltados ao fortalecimento da forma\u00e7\u00e3o de lideran\u00e7as p\u00fablicas no Estado. Nesta quarta-feira (10), acontece a primeira edi\u00e7\u00e3o da forma\u00e7\u00e3o &#8216;Desenvolver para Liderar: Forma\u00e7\u00e3o em Gest\u00e3o de Pessoas&#8217;, direcionada a gestores e lideran\u00e7as p\u00fablicas. Realizado na Funda\u00e7\u00e3o Escola &hellip;<\/p>\n","protected":false},"author":1,"featured_media":0,"comment_status":"open","ping_status":"open","sticky":false,"template":"","format":"standard","meta":{"_jetpack_memberships_contains_paid_content":false,"footnotes":""},"categories":[12410],"tags":[],"class_list":["post-449300","post","type-post","status-publish","format-standard","hentry","category-ms"],"yoast_head":"<!-- This site is optimized with the Yoast SEO plugin v27.5 - https:\/\/yoast.com\/product\/yoast-seo-wordpress\/ -->\n<title>Forma\u00e7\u00e3o de gestores e encontro regional fortalecem Programa Trainee de Gest\u00e3o P\u00fablica em MS<\/title>\n<meta name=\"robots\" content=\"index, follow, max-snippet:-1, max-image-preview:large, max-video-preview:-1\" \/>\n<link rel=\"canonical\" href=\"https:\/\/mrnews.com.br\/index.php\/2025\/09\/10\/formacao-de-gestores-e-encontro-regional-fortalecem-programa-trainee-de-gestao-publica-em-ms\/\" \/>\n<meta property=\"og:locale\" content=\"pt_BR\" \/>\n<meta property=\"og:type\" content=\"article\" \/>\n<meta property=\"og:title\" content=\"Forma\u00e7\u00e3o de gestores e encontro regional fortalecem Programa Trainee de Gest\u00e3o P\u00fablica em MS\" \/>\n<meta property=\"og:description\" content=\"O Governo de Mato Grosso do Sul, em parceria com a Motriz, realiza em setembro dois importantes encontros voltados ao fortalecimento da forma\u00e7\u00e3o de lideran\u00e7as p\u00fablicas no Estado. Nesta quarta-feira (10), acontece a primeira edi\u00e7\u00e3o da forma\u00e7\u00e3o &#8216;Desenvolver para Liderar: Forma\u00e7\u00e3o em Gest\u00e3o de Pessoas&#8217;, direcionada a gestores e lideran\u00e7as p\u00fablicas. Realizado na Funda\u00e7\u00e3o Escola &hellip;\" \/>\n<meta property=\"og:url\" content=\"https:\/\/mrnews.com.br\/index.php\/2025\/09\/10\/formacao-de-gestores-e-encontro-regional-fortalecem-programa-trainee-de-gestao-publica-em-ms\/\" \/>\n<meta property=\"og:site_name\" content=\"MRNews\" \/>\n<meta property=\"article:publisher\" content=\"https:\/\/www.facebook.com\/eaipahpah\/?locale2=pt_BR\" \/>\n<meta property=\"article:published_time\" content=\"2025-09-11T01:16:42+00:00\" \/>\n<meta name=\"author\" content=\"MR News\" \/>\n<meta name=\"twitter:card\" content=\"summary_large_image\" \/>\n<meta name=\"twitter:creator\" content=\"@conspirou\" \/>\n<meta name=\"twitter:site\" content=\"@conspirou\" \/>\n<meta name=\"twitter:label1\" content=\"Escrito por\" \/>\n\t<meta name=\"twitter:data1\" content=\"MR News\" \/>\n\t<meta name=\"twitter:label2\" content=\"Est. tempo de leitura\" \/>\n\t<meta name=\"twitter:data2\" content=\"2 minutos\" \/>\n<script type=\"application\/ld+json\" class=\"yoast-schema-graph\">{\"@context\":\"https:\\\/\\\/schema.org\",\"@graph\":[{\"@type\":\"Article\",\"@id\":\"https:\\\/\\\/mrnews.com.br\\\/index.php\\\/2025\\\/09\\\/10\\\/formacao-de-gestores-e-encontro-regional-fortalecem-programa-trainee-de-gestao-publica-em-ms\\\/#article\",\"isPartOf\":{\"@id\":\"https:\\\/\\\/mrnews.com.br\\\/index.php\\\/2025\\\/09\\\/10\\\/formacao-de-gestores-e-encontro-regional-fortalecem-programa-trainee-de-gestao-publica-em-ms\\\/\"},\"author\":{\"name\":\"MR News\",\"@id\":\"https:\\\/\\\/mrnews.com.br\\\/#\\\/schema\\\/person\\\/be3203154562a9f207407861cef7827b\"},\"headline\":\"Forma\u00e7\u00e3o de gestores e encontro regional fortalecem Programa Trainee de Gest\u00e3o P\u00fablica em MS\",\"datePublished\":\"2025-09-11T01:16:42+00:00\",\"mainEntityOfPage\":{\"@id\":\"https:\\\/\\\/mrnews.com.br\\\/index.php\\\/2025\\\/09\\\/10\\\/formacao-de-gestores-e-encontro-regional-fortalecem-programa-trainee-de-gestao-publica-em-ms\\\/\"},\"wordCount\":324,\"commentCount\":0,\"publisher\":{\"@id\":\"https:\\\/\\\/mrnews.com.br\\\/#organization\"},\"articleSection\":[\"Mato Grosso do Sul\"],\"inLanguage\":\"pt-BR\",\"potentialAction\":[{\"@type\":\"CommentAction\",\"name\":\"Comment\",\"target\":[\"https:\\\/\\\/mrnews.com.br\\\/index.php\\\/2025\\\/09\\\/10\\\/formacao-de-gestores-e-encontro-regional-fortalecem-programa-trainee-de-gestao-publica-em-ms\\\/#respond\"]}]},{\"@type\":\"WebPage\",\"@id\":\"https:\\\/\\\/mrnews.com.br\\\/index.php\\\/2025\\\/09\\\/10\\\/formacao-de-gestores-e-encontro-regional-fortalecem-programa-trainee-de-gestao-publica-em-ms\\\/\",\"url\":\"https:\\\/\\\/mrnews.com.br\\\/index.php\\\/2025\\\/09\\\/10\\\/formacao-de-gestores-e-encontro-regional-fortalecem-programa-trainee-de-gestao-publica-em-ms\\\/\",\"name\":\"Forma\u00e7\u00e3o de gestores e encontro regional fortalecem Programa Trainee de Gest\u00e3o P\u00fablica em MS\",\"isPartOf\":{\"@id\":\"https:\\\/\\\/mrnews.com.br\\\/#website\"},\"datePublished\":\"2025-09-11T01:16:42+00:00\",\"breadcrumb\":{\"@id\":\"https:\\\/\\\/mrnews.com.br\\\/index.php\\\/2025\\\/09\\\/10\\\/formacao-de-gestores-e-encontro-regional-fortalecem-programa-trainee-de-gestao-publica-em-ms\\\/#breadcrumb\"},\"inLanguage\":\"pt-BR\",\"potentialAction\":[{\"@type\":\"ReadAction\",\"target\":[\"https:\\\/\\\/mrnews.com.br\\\/index.php\\\/2025\\\/09\\\/10\\\/formacao-de-gestores-e-encontro-regional-fortalecem-programa-trainee-de-gestao-publica-em-ms\\\/\"]}]},{\"@type\":\"BreadcrumbList\",\"@id\":\"https:\\\/\\\/mrnews.com.br\\\/index.php\\\/2025\\\/09\\\/10\\\/formacao-de-gestores-e-encontro-regional-fortalecem-programa-trainee-de-gestao-publica-em-ms\\\/#breadcrumb\",\"itemListElement\":[{\"@type\":\"ListItem\",\"position\":1,\"name\":\"In\u00edcio\",\"item\":\"https:\\\/\\\/mrnews.com.br\\\/\"},{\"@type\":\"ListItem\",\"position\":2,\"name\":\"Forma\u00e7\u00e3o de gestores e encontro regional fortalecem Programa Trainee de Gest\u00e3o P\u00fablica em MS\"}]},{\"@type\":\"WebSite\",\"@id\":\"https:\\\/\\\/mrnews.com.br\\\/#website\",\"url\":\"https:\\\/\\\/mrnews.com.br\\\/\",\"name\":\"MRNews\",\"description\":\"MRNews Jogos de hoje da TV, transmiss\u00f5es ao vivo, Not\u00edcias de futebol, Jogos ao vivo, Lives, resumo de novelas, Programa\u00e7\u00e3o da Globo, A Fazenda e BBB\",\"publisher\":{\"@id\":\"https:\\\/\\\/mrnews.com.br\\\/#organization\"},\"potentialAction\":[{\"@type\":\"SearchAction\",\"target\":{\"@type\":\"EntryPoint\",\"urlTemplate\":\"https:\\\/\\\/mrnews.com.br\\\/?s={search_term_string}\"},\"query-input\":{\"@type\":\"PropertyValueSpecification\",\"valueRequired\":true,\"valueName\":\"search_term_string\"}}],\"inLanguage\":\"pt-BR\"},{\"@type\":\"Organization\",\"@id\":\"https:\\\/\\\/mrnews.com.br\\\/#organization\",\"name\":\"MRNews\",\"url\":\"https:\\\/\\\/mrnews.com.br\\\/\",\"logo\":{\"@type\":\"ImageObject\",\"inLanguage\":\"pt-BR\",\"@id\":\"https:\\\/\\\/mrnews.com.br\\\/#\\\/schema\\\/logo\\\/image\\\/\",\"url\":\"https:\\\/\\\/mrnews.com.br\\\/wp-content\\\/uploads\\\/2019\\\/06\\\/MRNewslogo2.png\",\"contentUrl\":\"https:\\\/\\\/mrnews.com.br\\\/wp-content\\\/uploads\\\/2019\\\/06\\\/MRNewslogo2.png\",\"width\":223,\"height\":58,\"caption\":\"MRNews\"},\"image\":{\"@id\":\"https:\\\/\\\/mrnews.com.br\\\/#\\\/schema\\\/logo\\\/image\\\/\"},\"sameAs\":[\"https:\\\/\\\/www.facebook.com\\\/eaipahpah\\\/?locale2=pt_BR\",\"https:\\\/\\\/x.com\\\/conspirou\",\"https:\\\/\\\/www.instagram.com\\\/eai_pahpah\",\"https:\\\/\\\/br.pinterest.com\\\/mrnewsn\\\/boards\\\/\",\"https:\\\/\\\/www.youtube.com\\\/channel\\\/UCacgnpznQ61fifLWr1tQ-vA?view_as=subscriber\"]},{\"@type\":\"Person\",\"@id\":\"https:\\\/\\\/mrnews.com.br\\\/#\\\/schema\\\/person\\\/be3203154562a9f207407861cef7827b\",\"name\":\"MR News\",\"image\":{\"@type\":\"ImageObject\",\"inLanguage\":\"pt-BR\",\"@id\":\"https:\\\/\\\/secure.gravatar.com\\\/avatar\\\/04084e6d73c042b8646e7c17b494073bf0ede3ea13c7105cfc45cbbbc28385a4?s=96&d=monsterid&r=g\",\"url\":\"https:\\\/\\\/secure.gravatar.com\\\/avatar\\\/04084e6d73c042b8646e7c17b494073bf0ede3ea13c7105cfc45cbbbc28385a4?s=96&d=monsterid&r=g\",\"contentUrl\":\"https:\\\/\\\/secure.gravatar.com\\\/avatar\\\/04084e6d73c042b8646e7c17b494073bf0ede3ea13c7105cfc45cbbbc28385a4?s=96&d=monsterid&r=g\",\"caption\":\"MR News\"},\"description\":\"Especializado em jornalismo colaborativo pela FTP em n\u00edvel de p\u00f3s-gradua\u00e7\u00e3o. suporte@oimeliga.combr\",\"sameAs\":[\"HUGO R.\",\"Admin\"],\"url\":\"https:\\\/\\\/mrnews.com.br\\\/index.php\\\/author\\\/admin\\\/\"}]}<\/script>\n<!-- \/ Yoast SEO plugin. -->","yoast_head_json":{"title":"Forma\u00e7\u00e3o de gestores e encontro regional fortalecem Programa Trainee de Gest\u00e3o P\u00fablica em MS","robots":{"index":"index","follow":"follow","max-snippet":"max-snippet:-1","max-image-preview":"max-image-preview:large","max-video-preview":"max-video-preview:-1"},"canonical":"https:\/\/mrnews.com.br\/index.php\/2025\/09\/10\/formacao-de-gestores-e-encontro-regional-fortalecem-programa-trainee-de-gestao-publica-em-ms\/","og_locale":"pt_BR","og_type":"article","og_title":"Forma\u00e7\u00e3o de gestores e encontro regional fortalecem Programa Trainee de Gest\u00e3o P\u00fablica em MS","og_description":"O Governo de Mato Grosso do Sul, em parceria com a Motriz, realiza em setembro dois importantes encontros voltados ao fortalecimento da forma\u00e7\u00e3o de lideran\u00e7as p\u00fablicas no Estado. Nesta quarta-feira (10), acontece a primeira edi\u00e7\u00e3o da forma\u00e7\u00e3o &#8216;Desenvolver para Liderar: Forma\u00e7\u00e3o em Gest\u00e3o de Pessoas&#8217;, direcionada a gestores e lideran\u00e7as p\u00fablicas. Realizado na Funda\u00e7\u00e3o Escola &hellip;","og_url":"https:\/\/mrnews.com.br\/index.php\/2025\/09\/10\/formacao-de-gestores-e-encontro-regional-fortalecem-programa-trainee-de-gestao-publica-em-ms\/","og_site_name":"MRNews","article_publisher":"https:\/\/www.facebook.com\/eaipahpah\/?locale2=pt_BR","article_published_time":"2025-09-11T01:16:42+00:00","author":"MR News","twitter_card":"summary_large_image","twitter_creator":"@conspirou","twitter_site":"@conspirou","twitter_misc":{"Escrito por":"MR News","Est. tempo de leitura":"2 minutos"},"schema":{"@context":"https:\/\/schema.org","@graph":[{"@type":"Article","@id":"https:\/\/mrnews.com.br\/index.php\/2025\/09\/10\/formacao-de-gestores-e-encontro-regional-fortalecem-programa-trainee-de-gestao-publica-em-ms\/#article","isPartOf":{"@id":"https:\/\/mrnews.com.br\/index.php\/2025\/09\/10\/formacao-de-gestores-e-encontro-regional-fortalecem-programa-trainee-de-gestao-publica-em-ms\/"},"author":{"name":"MR News","@id":"https:\/\/mrnews.com.br\/#\/schema\/person\/be3203154562a9f207407861cef7827b"},"headline":"Forma\u00e7\u00e3o de gestores e encontro regional fortalecem Programa Trainee de Gest\u00e3o P\u00fablica em MS","datePublished":"2025-09-11T01:16:42+00:00","mainEntityOfPage":{"@id":"https:\/\/mrnews.com.br\/index.php\/2025\/09\/10\/formacao-de-gestores-e-encontro-regional-fortalecem-programa-trainee-de-gestao-publica-em-ms\/"},"wordCount":324,"commentCount":0,"publisher":{"@id":"https:\/\/mrnews.com.br\/#organization"},"articleSection":["Mato Grosso do Sul"],"inLanguage":"pt-BR","potentialAction":[{"@type":"CommentAction","name":"Comment","target":["https:\/\/mrnews.com.br\/index.php\/2025\/09\/10\/formacao-de-gestores-e-encontro-regional-fortalecem-programa-trainee-de-gestao-publica-em-ms\/#respond"]}]},{"@type":"WebPage","@id":"https:\/\/mrnews.com.br\/index.php\/2025\/09\/10\/formacao-de-gestores-e-encontro-regional-fortalecem-programa-trainee-de-gestao-publica-em-ms\/","url":"https:\/\/mrnews.com.br\/index.php\/2025\/09\/10\/formacao-de-gestores-e-encontro-regional-fortalecem-programa-trainee-de-gestao-publica-em-ms\/","name":"Forma\u00e7\u00e3o de gestores e encontro regional fortalecem Programa Trainee de Gest\u00e3o P\u00fablica em MS","isPartOf":{"@id":"https:\/\/mrnews.com.br\/#website"},"datePublished":"2025-09-11T01:16:42+00:00","breadcrumb":{"@id":"https:\/\/mrnews.com.br\/index.php\/2025\/09\/10\/formacao-de-gestores-e-encontro-regional-fortalecem-programa-trainee-de-gestao-publica-em-ms\/#breadcrumb"},"inLanguage":"pt-BR","potentialAction":[{"@type":"ReadAction","target":["https:\/\/mrnews.com.br\/index.php\/2025\/09\/10\/formacao-de-gestores-e-encontro-regional-fortalecem-programa-trainee-de-gestao-publica-em-ms\/"]}]},{"@type":"BreadcrumbList","@id":"https:\/\/mrnews.com.br\/index.php\/2025\/09\/10\/formacao-de-gestores-e-encontro-regional-fortalecem-programa-trainee-de-gestao-publica-em-ms\/#breadcrumb","itemListElement":[{"@type":"ListItem","position":1,"name":"In\u00edcio","item":"https:\/\/mrnews.com.br\/"},{"@type":"ListItem","position":2,"name":"Forma\u00e7\u00e3o de gestores e encontro regional fortalecem Programa Trainee de Gest\u00e3o P\u00fablica em MS"}]},{"@type":"WebSite","@id":"https:\/\/mrnews.com.br\/#website","url":"https:\/\/mrnews.com.br\/","name":"MRNews","description":"MRNews Jogos de hoje da TV, transmiss\u00f5es ao vivo, Not\u00edcias de futebol, Jogos ao vivo, Lives, resumo de novelas, Programa\u00e7\u00e3o da Globo, A Fazenda e BBB","publisher":{"@id":"https:\/\/mrnews.com.br\/#organization"},"potentialAction":[{"@type":"SearchAction","target":{"@type":"EntryPoint","urlTemplate":"https:\/\/mrnews.com.br\/?s={search_term_string}"},"query-input":{"@type":"PropertyValueSpecification","valueRequired":true,"valueName":"search_term_string"}}],"inLanguage":"pt-BR"},{"@type":"Organization","@id":"https:\/\/mrnews.com.br\/#organization","name":"MRNews","url":"https:\/\/mrnews.com.br\/","logo":{"@type":"ImageObject","inLanguage":"pt-BR","@id":"https:\/\/mrnews.com.br\/#\/schema\/logo\/image\/","url":"https:\/\/mrnews.com.br\/wp-content\/uploads\/2019\/06\/MRNewslogo2.png","contentUrl":"https:\/\/mrnews.com.br\/wp-content\/uploads\/2019\/06\/MRNewslogo2.png","width":223,"height":58,"caption":"MRNews"},"image":{"@id":"https:\/\/mrnews.com.br\/#\/schema\/logo\/image\/"},"sameAs":["https:\/\/www.facebook.com\/eaipahpah\/?locale2=pt_BR","https:\/\/x.com\/conspirou","https:\/\/www.instagram.com\/eai_pahpah","https:\/\/br.pinterest.com\/mrnewsn\/boards\/","https:\/\/www.youtube.com\/channel\/UCacgnpznQ61fifLWr1tQ-vA?view_as=subscriber"]},{"@type":"Person","@id":"https:\/\/mrnews.com.br\/#\/schema\/person\/be3203154562a9f207407861cef7827b","name":"MR News","image":{"@type":"ImageObject","inLanguage":"pt-BR","@id":"https:\/\/secure.gravatar.com\/avatar\/04084e6d73c042b8646e7c17b494073bf0ede3ea13c7105cfc45cbbbc28385a4?s=96&d=monsterid&r=g","url":"https:\/\/secure.gravatar.com\/avatar\/04084e6d73c042b8646e7c17b494073bf0ede3ea13c7105cfc45cbbbc28385a4?s=96&d=monsterid&r=g","contentUrl":"https:\/\/secure.gravatar.com\/avatar\/04084e6d73c042b8646e7c17b494073bf0ede3ea13c7105cfc45cbbbc28385a4?s=96&d=monsterid&r=g","caption":"MR News"},"description":"Especializado em jornalismo colaborativo pela FTP em n\u00edvel de p\u00f3s-gradua\u00e7\u00e3o. suporte@oimeliga.combr","sameAs":["HUGO R.","Admin"],"url":"https:\/\/mrnews.com.br\/index.php\/author\/admin\/"}]}},"jetpack_featured_media_url":"","jetpack_sharing_enabled":true,"jetpack_shortlink":"https:\/\/wp.me\/pa2Qf7-1SSM","amp_enabled":true,"_links":{"self":[{"href":"https:\/\/mrnews.com.br\/index.php\/wp-json\/wp\/v2\/posts\/449300","targetHints":{"allow":["GET"]}}],"collection":[{"href":"https:\/\/mrnews.com.br\/index.php\/wp-json\/wp\/v2\/posts"}],"about":[{"href":"https:\/\/mrnews.com.br\/index.php\/wp-json\/wp\/v2\/types\/post"}],"author":[{"embeddable":true,"href":"https:\/\/mrnews.com.br\/index.php\/wp-json\/wp\/v2\/users\/1"}],"replies":[{"embeddable":true,"href":"https:\/\/mrnews.com.br\/index.php\/wp-json\/wp\/v2\/comments?post=449300"}],"version-history":[{"count":0,"href":"https:\/\/mrnews.com.br\/index.php\/wp-json\/wp\/v2\/posts\/449300\/revisions"}],"wp:attachment":[{"href":"https:\/\/mrnews.com.br\/index.php\/wp-json\/wp\/v2\/media?parent=449300"}],"wp:term":[{"taxonomy":"category","embeddable":true,"href":"https:\/\/mrnews.com.br\/index.php\/wp-json\/wp\/v2\/categories?post=449300"},{"taxonomy":"post_tag","embeddable":true,"href":"https:\/\/mrnews.com.br\/index.php\/wp-json\/wp\/v2\/tags?post=449300"}],"curies":[{"name":"wp","href":"https:\/\/api.w.org\/{rel}","templated":true}]}}