{"id":449328,"date":"2025-09-11T14:29:40","date_gmt":"2025-09-11T17:29:40","guid":{"rendered":"https:\/\/mrnews.com.br\/index.php\/2025\/09\/11\/ao-vivo-acompanhe-3-dia-de-votacao-do-julgamento-de-bolsonaro-no-stf\/"},"modified":"2025-09-11T14:29:40","modified_gmt":"2025-09-11T17:29:40","slug":"ao-vivo-acompanhe-3-dia-de-votacao-do-julgamento-de-bolsonaro-no-stf","status":"publish","type":"post","link":"https:\/\/mrnews.com.br\/index.php\/2025\/09\/11\/ao-vivo-acompanhe-3-dia-de-votacao-do-julgamento-de-bolsonaro-no-stf\/","title":{"rendered":"Ao vivo: acompanhe 3\u00b0 dia de vota\u00e7\u00e3o do julgamento de Bolsonaro no STF"},"content":{"rendered":"<p>Por EBC, <\/p>\n<div>\n<p><strong>Nesta quarta-feira (11), a partir das 14h, a Primeira Turma do Supremo Tribunal Federal (STF) retoma o julgamento do n\u00facleo 1 da trama golpista, formado pelo ex-presidente Jair Bolsonaro e mais sete aliados.<\/strong><\/p>\n<p>Ap\u00f3s mais de 13 horas, o\u00a0ministro Luiz Fux\u00a0votou nesta quarta-feira (10) pela\u00a0absolvi\u00e7\u00e3o\u00a0do ex-presidente Jair Bolsonaro\u00a0e mais cinco aliados na a\u00e7\u00e3o penal da trama golpista. J\u00e1 o ministro condenou Mauro Cid, ex-ajudante de ordens de Bolsonaro, e o\u00a0general Braga Netto pelo crime de tentativa de aboli\u00e7\u00e3o violenta do Estado Democr\u00e1tico de Direito.<\/p>\n<p>Assista ao vivo o julgamento no player abaixo:\u00a0<\/p>\n<p><span class=\"embed-youtube\" style=\"text-align:center; display: block;\"><iframe loading=\"lazy\" class=\"youtube-player\" width=\"640\" height=\"360\" src=\"https:\/\/www.youtube.com\/embed\/cMctT94wPhQ?version=3&#038;rel=1&#038;showsearch=0&#038;showinfo=1&#038;iv_load_policy=1&#038;fs=1&#038;hl=pt-BR&#038;autohide=2&#038;wmode=transparent\" allowfullscreen=\"true\" style=\"border:0;\" sandbox=\"allow-scripts allow-same-origin allow-popups allow-presentation allow-popups-to-escape-sandbox\"><\/iframe><\/span><\/p>\n<p>A maioria de votos pela condena\u00e7\u00e3o ou absolvi\u00e7\u00e3o ocorrer\u00e1 com tr\u00eas dos cinco votos do colegiado.\u00a0O tempo de pena ainda n\u00e3o foi anunciado e deve ser definido somente ao final da rodada de vota\u00e7\u00e3o sobre a condena\u00e7\u00e3o ou absolvi\u00e7\u00e3o dos r\u00e9us. Em caso de condena\u00e7\u00e3o, as penas podem chegar a 30 anos de pris\u00e3o em regime fechado.<\/p>\n<p>&gt;&gt; Siga o canal da <strong>Ag\u00eancia Brasil <\/strong>no WhatsApp<\/p>\n<h2>Quem s\u00e3o os r\u00e9us?<\/h2>\n<ul>\n<li>Jair Bolsonaro\u00a0\u2013 ex-presidente da Rep\u00fablica;<\/li>\n<li>Alexandre Ramagem &#8211; ex-diretor da Ag\u00eancia Brasileira de Intelig\u00eancia (Abin);<\/li>\n<li>Almir Garnier &#8211; ex-comandante da Marinha;<\/li>\n<li>Anderson Torres &#8211; ex-ministro da Justi\u00e7a e ex-secret\u00e1rio de seguran\u00e7a do Distrito Federal;<\/li>\n<li>Augusto Heleno &#8211; ex-ministro do Gabinete de Seguran\u00e7a Institucional (GSI);<\/li>\n<li>Paulo S\u00e9rgio Nogueira &#8211; ex-ministro da Defesa;<\/li>\n<li>Walter Braga Netto &#8211; ex-ministro de Bolsonaro\u00a0e candidato \u00e0 vice na chapa de 2022;<\/li>\n<li>Mauro Cid \u2013 ex-ajudante de ordens de Bolsonaro.<\/li>\n<\/ul>\n<p>      <!-- Relacionada --><\/p>\n<p>            <!-- Relacionada -->\n    <\/div>\n","protected":false},"excerpt":{"rendered":"<p>Por EBC, Nesta quarta-feira (11), a partir das 14h, a Primeira Turma do Supremo Tribunal Federal (STF) retoma o julgamento do n\u00facleo 1 da trama golpista, formado pelo ex-presidente Jair Bolsonaro e mais sete aliados. Ap\u00f3s mais de 13 horas, o\u00a0ministro Luiz Fux\u00a0votou nesta quarta-feira (10) pela\u00a0absolvi\u00e7\u00e3o\u00a0do ex-presidente Jair Bolsonaro\u00a0e mais cinco aliados na a\u00e7\u00e3o &hellip;<\/p>\n","protected":false},"author":1,"featured_media":0,"comment_status":"open","ping_status":"open","sticky":false,"template":"","format":"standard","meta":{"_jetpack_memberships_contains_paid_content":false,"footnotes":""},"categories":[2,12225,4],"tags":[],"class_list":["post-449328","post","type-post","status-publish","format-standard","hentry","category-entretenimento","category-noticias","category-servicos"],"yoast_head":"<!-- This site is optimized with the Yoast SEO plugin v27.5 - https:\/\/yoast.com\/product\/yoast-seo-wordpress\/ -->\n<title>Ao vivo: acompanhe 3\u00b0 dia de vota\u00e7\u00e3o do julgamento de Bolsonaro no STF<\/title>\n<meta name=\"robots\" content=\"index, follow, max-snippet:-1, max-image-preview:large, max-video-preview:-1\" \/>\n<link rel=\"canonical\" href=\"https:\/\/mrnews.com.br\/index.php\/2025\/09\/11\/ao-vivo-acompanhe-3-dia-de-votacao-do-julgamento-de-bolsonaro-no-stf\/\" \/>\n<meta property=\"og:locale\" content=\"pt_BR\" \/>\n<meta property=\"og:type\" content=\"article\" \/>\n<meta property=\"og:title\" content=\"Ao vivo: acompanhe 3\u00b0 dia de vota\u00e7\u00e3o do julgamento de Bolsonaro no STF\" \/>\n<meta property=\"og:description\" content=\"Por EBC, Nesta quarta-feira (11), a partir das 14h, a Primeira Turma do Supremo Tribunal Federal (STF) retoma o julgamento do n\u00facleo 1 da trama golpista, formado pelo ex-presidente Jair Bolsonaro e mais sete aliados. Ap\u00f3s mais de 13 horas, o\u00a0ministro Luiz Fux\u00a0votou nesta quarta-feira (10) pela\u00a0absolvi\u00e7\u00e3o\u00a0do ex-presidente Jair Bolsonaro\u00a0e mais cinco aliados na a\u00e7\u00e3o &hellip;\" \/>\n<meta property=\"og:url\" content=\"https:\/\/mrnews.com.br\/index.php\/2025\/09\/11\/ao-vivo-acompanhe-3-dia-de-votacao-do-julgamento-de-bolsonaro-no-stf\/\" \/>\n<meta property=\"og:site_name\" content=\"MRNews\" \/>\n<meta property=\"article:publisher\" content=\"https:\/\/www.facebook.com\/eaipahpah\/?locale2=pt_BR\" \/>\n<meta property=\"article:published_time\" content=\"2025-09-11T17:29:40+00:00\" \/>\n<meta name=\"author\" content=\"MR News\" \/>\n<meta name=\"twitter:card\" content=\"summary_large_image\" \/>\n<meta name=\"twitter:creator\" content=\"@conspirou\" \/>\n<meta name=\"twitter:site\" content=\"@conspirou\" \/>\n<meta name=\"twitter:label1\" content=\"Escrito por\" \/>\n\t<meta name=\"twitter:data1\" content=\"MR News\" \/>\n\t<meta name=\"twitter:label2\" content=\"Est. tempo de leitura\" \/>\n\t<meta name=\"twitter:data2\" content=\"1 minuto\" \/>\n<script type=\"application\/ld+json\" class=\"yoast-schema-graph\">{\"@context\":\"https:\\\/\\\/schema.org\",\"@graph\":[{\"@type\":\"Article\",\"@id\":\"https:\\\/\\\/mrnews.com.br\\\/index.php\\\/2025\\\/09\\\/11\\\/ao-vivo-acompanhe-3-dia-de-votacao-do-julgamento-de-bolsonaro-no-stf\\\/#article\",\"isPartOf\":{\"@id\":\"https:\\\/\\\/mrnews.com.br\\\/index.php\\\/2025\\\/09\\\/11\\\/ao-vivo-acompanhe-3-dia-de-votacao-do-julgamento-de-bolsonaro-no-stf\\\/\"},\"author\":{\"name\":\"MR News\",\"@id\":\"https:\\\/\\\/mrnews.com.br\\\/#\\\/schema\\\/person\\\/be3203154562a9f207407861cef7827b\"},\"headline\":\"Ao vivo: acompanhe 3\u00b0 dia de vota\u00e7\u00e3o do julgamento de Bolsonaro no STF\",\"datePublished\":\"2025-09-11T17:29:40+00:00\",\"mainEntityOfPage\":{\"@id\":\"https:\\\/\\\/mrnews.com.br\\\/index.php\\\/2025\\\/09\\\/11\\\/ao-vivo-acompanhe-3-dia-de-votacao-do-julgamento-de-bolsonaro-no-stf\\\/\"},\"wordCount\":288,\"commentCount\":0,\"publisher\":{\"@id\":\"https:\\\/\\\/mrnews.com.br\\\/#organization\"},\"articleSection\":[\"ENTRETENIMENTO\",\"NOTICIAS\",\"SERVI\u00c7OS\"],\"inLanguage\":\"pt-BR\",\"potentialAction\":[{\"@type\":\"CommentAction\",\"name\":\"Comment\",\"target\":[\"https:\\\/\\\/mrnews.com.br\\\/index.php\\\/2025\\\/09\\\/11\\\/ao-vivo-acompanhe-3-dia-de-votacao-do-julgamento-de-bolsonaro-no-stf\\\/#respond\"]}]},{\"@type\":\"WebPage\",\"@id\":\"https:\\\/\\\/mrnews.com.br\\\/index.php\\\/2025\\\/09\\\/11\\\/ao-vivo-acompanhe-3-dia-de-votacao-do-julgamento-de-bolsonaro-no-stf\\\/\",\"url\":\"https:\\\/\\\/mrnews.com.br\\\/index.php\\\/2025\\\/09\\\/11\\\/ao-vivo-acompanhe-3-dia-de-votacao-do-julgamento-de-bolsonaro-no-stf\\\/\",\"name\":\"Ao vivo: acompanhe 3\u00b0 dia de vota\u00e7\u00e3o do julgamento de Bolsonaro no STF\",\"isPartOf\":{\"@id\":\"https:\\\/\\\/mrnews.com.br\\\/#website\"},\"datePublished\":\"2025-09-11T17:29:40+00:00\",\"breadcrumb\":{\"@id\":\"https:\\\/\\\/mrnews.com.br\\\/index.php\\\/2025\\\/09\\\/11\\\/ao-vivo-acompanhe-3-dia-de-votacao-do-julgamento-de-bolsonaro-no-stf\\\/#breadcrumb\"},\"inLanguage\":\"pt-BR\",\"potentialAction\":[{\"@type\":\"ReadAction\",\"target\":[\"https:\\\/\\\/mrnews.com.br\\\/index.php\\\/2025\\\/09\\\/11\\\/ao-vivo-acompanhe-3-dia-de-votacao-do-julgamento-de-bolsonaro-no-stf\\\/\"]}]},{\"@type\":\"BreadcrumbList\",\"@id\":\"https:\\\/\\\/mrnews.com.br\\\/index.php\\\/2025\\\/09\\\/11\\\/ao-vivo-acompanhe-3-dia-de-votacao-do-julgamento-de-bolsonaro-no-stf\\\/#breadcrumb\",\"itemListElement\":[{\"@type\":\"ListItem\",\"position\":1,\"name\":\"In\u00edcio\",\"item\":\"https:\\\/\\\/mrnews.com.br\\\/\"},{\"@type\":\"ListItem\",\"position\":2,\"name\":\"Ao vivo: acompanhe 3\u00b0 dia de vota\u00e7\u00e3o do julgamento de Bolsonaro no STF\"}]},{\"@type\":\"WebSite\",\"@id\":\"https:\\\/\\\/mrnews.com.br\\\/#website\",\"url\":\"https:\\\/\\\/mrnews.com.br\\\/\",\"name\":\"MRNews\",\"description\":\"MRNews Jogos de hoje da TV, transmiss\u00f5es ao vivo, Not\u00edcias de futebol, Jogos ao vivo, Lives, resumo de novelas, Programa\u00e7\u00e3o da Globo, A Fazenda e BBB\",\"publisher\":{\"@id\":\"https:\\\/\\\/mrnews.com.br\\\/#organization\"},\"potentialAction\":[{\"@type\":\"SearchAction\",\"target\":{\"@type\":\"EntryPoint\",\"urlTemplate\":\"https:\\\/\\\/mrnews.com.br\\\/?s={search_term_string}\"},\"query-input\":{\"@type\":\"PropertyValueSpecification\",\"valueRequired\":true,\"valueName\":\"search_term_string\"}}],\"inLanguage\":\"pt-BR\"},{\"@type\":\"Organization\",\"@id\":\"https:\\\/\\\/mrnews.com.br\\\/#organization\",\"name\":\"MRNews\",\"url\":\"https:\\\/\\\/mrnews.com.br\\\/\",\"logo\":{\"@type\":\"ImageObject\",\"inLanguage\":\"pt-BR\",\"@id\":\"https:\\\/\\\/mrnews.com.br\\\/#\\\/schema\\\/logo\\\/image\\\/\",\"url\":\"https:\\\/\\\/mrnews.com.br\\\/wp-content\\\/uploads\\\/2019\\\/06\\\/MRNewslogo2.png\",\"contentUrl\":\"https:\\\/\\\/mrnews.com.br\\\/wp-content\\\/uploads\\\/2019\\\/06\\\/MRNewslogo2.png\",\"width\":223,\"height\":58,\"caption\":\"MRNews\"},\"image\":{\"@id\":\"https:\\\/\\\/mrnews.com.br\\\/#\\\/schema\\\/logo\\\/image\\\/\"},\"sameAs\":[\"https:\\\/\\\/www.facebook.com\\\/eaipahpah\\\/?locale2=pt_BR\",\"https:\\\/\\\/x.com\\\/conspirou\",\"https:\\\/\\\/www.instagram.com\\\/eai_pahpah\",\"https:\\\/\\\/br.pinterest.com\\\/mrnewsn\\\/boards\\\/\",\"https:\\\/\\\/www.youtube.com\\\/channel\\\/UCacgnpznQ61fifLWr1tQ-vA?view_as=subscriber\"]},{\"@type\":\"Person\",\"@id\":\"https:\\\/\\\/mrnews.com.br\\\/#\\\/schema\\\/person\\\/be3203154562a9f207407861cef7827b\",\"name\":\"MR News\",\"image\":{\"@type\":\"ImageObject\",\"inLanguage\":\"pt-BR\",\"@id\":\"https:\\\/\\\/secure.gravatar.com\\\/avatar\\\/04084e6d73c042b8646e7c17b494073bf0ede3ea13c7105cfc45cbbbc28385a4?s=96&d=monsterid&r=g\",\"url\":\"https:\\\/\\\/secure.gravatar.com\\\/avatar\\\/04084e6d73c042b8646e7c17b494073bf0ede3ea13c7105cfc45cbbbc28385a4?s=96&d=monsterid&r=g\",\"contentUrl\":\"https:\\\/\\\/secure.gravatar.com\\\/avatar\\\/04084e6d73c042b8646e7c17b494073bf0ede3ea13c7105cfc45cbbbc28385a4?s=96&d=monsterid&r=g\",\"caption\":\"MR News\"},\"description\":\"Especializado em jornalismo colaborativo pela FTP em n\u00edvel de p\u00f3s-gradua\u00e7\u00e3o. suporte@oimeliga.combr\",\"sameAs\":[\"HUGO R.\",\"Admin\"],\"url\":\"https:\\\/\\\/mrnews.com.br\\\/index.php\\\/author\\\/admin\\\/\"}]}<\/script>\n<!-- \/ Yoast SEO plugin. -->","yoast_head_json":{"title":"Ao vivo: acompanhe 3\u00b0 dia de vota\u00e7\u00e3o do julgamento de Bolsonaro no STF","robots":{"index":"index","follow":"follow","max-snippet":"max-snippet:-1","max-image-preview":"max-image-preview:large","max-video-preview":"max-video-preview:-1"},"canonical":"https:\/\/mrnews.com.br\/index.php\/2025\/09\/11\/ao-vivo-acompanhe-3-dia-de-votacao-do-julgamento-de-bolsonaro-no-stf\/","og_locale":"pt_BR","og_type":"article","og_title":"Ao vivo: acompanhe 3\u00b0 dia de vota\u00e7\u00e3o do julgamento de Bolsonaro no STF","og_description":"Por EBC, Nesta quarta-feira (11), a partir das 14h, a Primeira Turma do Supremo Tribunal Federal (STF) retoma o julgamento do n\u00facleo 1 da trama golpista, formado pelo ex-presidente Jair Bolsonaro e mais sete aliados. Ap\u00f3s mais de 13 horas, o\u00a0ministro Luiz Fux\u00a0votou nesta quarta-feira (10) pela\u00a0absolvi\u00e7\u00e3o\u00a0do ex-presidente Jair Bolsonaro\u00a0e mais cinco aliados na a\u00e7\u00e3o &hellip;","og_url":"https:\/\/mrnews.com.br\/index.php\/2025\/09\/11\/ao-vivo-acompanhe-3-dia-de-votacao-do-julgamento-de-bolsonaro-no-stf\/","og_site_name":"MRNews","article_publisher":"https:\/\/www.facebook.com\/eaipahpah\/?locale2=pt_BR","article_published_time":"2025-09-11T17:29:40+00:00","author":"MR News","twitter_card":"summary_large_image","twitter_creator":"@conspirou","twitter_site":"@conspirou","twitter_misc":{"Escrito por":"MR News","Est. tempo de leitura":"1 minuto"},"schema":{"@context":"https:\/\/schema.org","@graph":[{"@type":"Article","@id":"https:\/\/mrnews.com.br\/index.php\/2025\/09\/11\/ao-vivo-acompanhe-3-dia-de-votacao-do-julgamento-de-bolsonaro-no-stf\/#article","isPartOf":{"@id":"https:\/\/mrnews.com.br\/index.php\/2025\/09\/11\/ao-vivo-acompanhe-3-dia-de-votacao-do-julgamento-de-bolsonaro-no-stf\/"},"author":{"name":"MR News","@id":"https:\/\/mrnews.com.br\/#\/schema\/person\/be3203154562a9f207407861cef7827b"},"headline":"Ao vivo: acompanhe 3\u00b0 dia de vota\u00e7\u00e3o do julgamento de Bolsonaro no STF","datePublished":"2025-09-11T17:29:40+00:00","mainEntityOfPage":{"@id":"https:\/\/mrnews.com.br\/index.php\/2025\/09\/11\/ao-vivo-acompanhe-3-dia-de-votacao-do-julgamento-de-bolsonaro-no-stf\/"},"wordCount":288,"commentCount":0,"publisher":{"@id":"https:\/\/mrnews.com.br\/#organization"},"articleSection":["ENTRETENIMENTO","NOTICIAS","SERVI\u00c7OS"],"inLanguage":"pt-BR","potentialAction":[{"@type":"CommentAction","name":"Comment","target":["https:\/\/mrnews.com.br\/index.php\/2025\/09\/11\/ao-vivo-acompanhe-3-dia-de-votacao-do-julgamento-de-bolsonaro-no-stf\/#respond"]}]},{"@type":"WebPage","@id":"https:\/\/mrnews.com.br\/index.php\/2025\/09\/11\/ao-vivo-acompanhe-3-dia-de-votacao-do-julgamento-de-bolsonaro-no-stf\/","url":"https:\/\/mrnews.com.br\/index.php\/2025\/09\/11\/ao-vivo-acompanhe-3-dia-de-votacao-do-julgamento-de-bolsonaro-no-stf\/","name":"Ao vivo: acompanhe 3\u00b0 dia de vota\u00e7\u00e3o do julgamento de Bolsonaro no STF","isPartOf":{"@id":"https:\/\/mrnews.com.br\/#website"},"datePublished":"2025-09-11T17:29:40+00:00","breadcrumb":{"@id":"https:\/\/mrnews.com.br\/index.php\/2025\/09\/11\/ao-vivo-acompanhe-3-dia-de-votacao-do-julgamento-de-bolsonaro-no-stf\/#breadcrumb"},"inLanguage":"pt-BR","potentialAction":[{"@type":"ReadAction","target":["https:\/\/mrnews.com.br\/index.php\/2025\/09\/11\/ao-vivo-acompanhe-3-dia-de-votacao-do-julgamento-de-bolsonaro-no-stf\/"]}]},{"@type":"BreadcrumbList","@id":"https:\/\/mrnews.com.br\/index.php\/2025\/09\/11\/ao-vivo-acompanhe-3-dia-de-votacao-do-julgamento-de-bolsonaro-no-stf\/#breadcrumb","itemListElement":[{"@type":"ListItem","position":1,"name":"In\u00edcio","item":"https:\/\/mrnews.com.br\/"},{"@type":"ListItem","position":2,"name":"Ao vivo: acompanhe 3\u00b0 dia de vota\u00e7\u00e3o do julgamento de Bolsonaro no STF"}]},{"@type":"WebSite","@id":"https:\/\/mrnews.com.br\/#website","url":"https:\/\/mrnews.com.br\/","name":"MRNews","description":"MRNews Jogos de hoje da TV, transmiss\u00f5es ao vivo, Not\u00edcias de futebol, Jogos ao vivo, Lives, resumo de novelas, Programa\u00e7\u00e3o da Globo, A Fazenda e BBB","publisher":{"@id":"https:\/\/mrnews.com.br\/#organization"},"potentialAction":[{"@type":"SearchAction","target":{"@type":"EntryPoint","urlTemplate":"https:\/\/mrnews.com.br\/?s={search_term_string}"},"query-input":{"@type":"PropertyValueSpecification","valueRequired":true,"valueName":"search_term_string"}}],"inLanguage":"pt-BR"},{"@type":"Organization","@id":"https:\/\/mrnews.com.br\/#organization","name":"MRNews","url":"https:\/\/mrnews.com.br\/","logo":{"@type":"ImageObject","inLanguage":"pt-BR","@id":"https:\/\/mrnews.com.br\/#\/schema\/logo\/image\/","url":"https:\/\/mrnews.com.br\/wp-content\/uploads\/2019\/06\/MRNewslogo2.png","contentUrl":"https:\/\/mrnews.com.br\/wp-content\/uploads\/2019\/06\/MRNewslogo2.png","width":223,"height":58,"caption":"MRNews"},"image":{"@id":"https:\/\/mrnews.com.br\/#\/schema\/logo\/image\/"},"sameAs":["https:\/\/www.facebook.com\/eaipahpah\/?locale2=pt_BR","https:\/\/x.com\/conspirou","https:\/\/www.instagram.com\/eai_pahpah","https:\/\/br.pinterest.com\/mrnewsn\/boards\/","https:\/\/www.youtube.com\/channel\/UCacgnpznQ61fifLWr1tQ-vA?view_as=subscriber"]},{"@type":"Person","@id":"https:\/\/mrnews.com.br\/#\/schema\/person\/be3203154562a9f207407861cef7827b","name":"MR News","image":{"@type":"ImageObject","inLanguage":"pt-BR","@id":"https:\/\/secure.gravatar.com\/avatar\/04084e6d73c042b8646e7c17b494073bf0ede3ea13c7105cfc45cbbbc28385a4?s=96&d=monsterid&r=g","url":"https:\/\/secure.gravatar.com\/avatar\/04084e6d73c042b8646e7c17b494073bf0ede3ea13c7105cfc45cbbbc28385a4?s=96&d=monsterid&r=g","contentUrl":"https:\/\/secure.gravatar.com\/avatar\/04084e6d73c042b8646e7c17b494073bf0ede3ea13c7105cfc45cbbbc28385a4?s=96&d=monsterid&r=g","caption":"MR News"},"description":"Especializado em jornalismo colaborativo pela FTP em n\u00edvel de p\u00f3s-gradua\u00e7\u00e3o. suporte@oimeliga.combr","sameAs":["HUGO R.","Admin"],"url":"https:\/\/mrnews.com.br\/index.php\/author\/admin\/"}]}},"jetpack_featured_media_url":"","jetpack_sharing_enabled":true,"jetpack_shortlink":"https:\/\/wp.me\/pa2Qf7-1STe","amp_enabled":true,"_links":{"self":[{"href":"https:\/\/mrnews.com.br\/index.php\/wp-json\/wp\/v2\/posts\/449328","targetHints":{"allow":["GET"]}}],"collection":[{"href":"https:\/\/mrnews.com.br\/index.php\/wp-json\/wp\/v2\/posts"}],"about":[{"href":"https:\/\/mrnews.com.br\/index.php\/wp-json\/wp\/v2\/types\/post"}],"author":[{"embeddable":true,"href":"https:\/\/mrnews.com.br\/index.php\/wp-json\/wp\/v2\/users\/1"}],"replies":[{"embeddable":true,"href":"https:\/\/mrnews.com.br\/index.php\/wp-json\/wp\/v2\/comments?post=449328"}],"version-history":[{"count":0,"href":"https:\/\/mrnews.com.br\/index.php\/wp-json\/wp\/v2\/posts\/449328\/revisions"}],"wp:attachment":[{"href":"https:\/\/mrnews.com.br\/index.php\/wp-json\/wp\/v2\/media?parent=449328"}],"wp:term":[{"taxonomy":"category","embeddable":true,"href":"https:\/\/mrnews.com.br\/index.php\/wp-json\/wp\/v2\/categories?post=449328"},{"taxonomy":"post_tag","embeddable":true,"href":"https:\/\/mrnews.com.br\/index.php\/wp-json\/wp\/v2\/tags?post=449328"}],"curies":[{"name":"wp","href":"https:\/\/api.w.org\/{rel}","templated":true}]}}