{"id":449344,"date":"2025-09-11T19:23:38","date_gmt":"2025-09-11T22:23:38","guid":{"rendered":"https:\/\/mrnews.com.br\/index.php\/2025\/09\/11\/stf-comeca-a-definir-penas-de-bolsonaro-e-aliados\/"},"modified":"2025-09-11T19:23:38","modified_gmt":"2025-09-11T22:23:38","slug":"stf-comeca-a-definir-penas-de-bolsonaro-e-aliados","status":"publish","type":"post","link":"https:\/\/mrnews.com.br\/index.php\/2025\/09\/11\/stf-comeca-a-definir-penas-de-bolsonaro-e-aliados\/","title":{"rendered":"STF come\u00e7a a definir penas de Bolsonaro e aliados"},"content":{"rendered":"<p>Por EBC, <\/p>\n<div>\n<p>A Primeira Turma do Supremo Tribunal Federal (STF) iniciou h\u00e1 pouco a fase da dosimetria das penas do ex-presidente Jair Bolsonaro e mais sete aliados na a\u00e7\u00e3o da trama golpista.<\/p>\n<p>Mais cedo, por 4 votos a 1, o colegiado condenou os r\u00e9us pelos crimes de crimes de organiza\u00e7\u00e3o criminosa armada, tentativa de aboli\u00e7\u00e3o violenta do Estado Democr\u00e1tico de Direito, golpe de Estado, dano qualificado pela viol\u00eancia e grave amea\u00e7a e deteriora\u00e7\u00e3o de patrim\u00f4nio tombado.<\/p>\n<p><strong>O primeiro a anunciar a pena para cada r\u00e9u ser\u00e1 o relator, Alexandre de Moraes<\/strong>.\u00a0Em seguida, <strong>os demais ministros tamb\u00e9m v\u00e3o anunciar suas dosimetrias<\/strong>.<\/p>\n<p>&gt;&gt; Siga o canal da <strong>Ag\u00eancia Brasil <\/strong>no WhatsApp<\/p>\n<h2>Dosimetria<\/h2>\n<p>O c\u00e1lculo do tempo de condena\u00e7\u00e3o \u00e9 feito por meio da chamada dosimetria das penas.<\/p>\n<p>A soma das penas para cada um dos cinco crimes ser\u00e1 realizada por todos os ministros que votaram pela condena\u00e7\u00e3o dos oito r\u00e9us.<\/p>\n<p>A dosimetria segue a l\u00f3gica de aplica\u00e7\u00e3o de doses em rela\u00e7\u00e3o \u00e0 pena m\u00ednima e <strong>\u00e9 feita em tr\u00eas fases<\/strong> para chegar ao tempo total de cumprimento de pena.<\/p>\n<p><strong>1\u00aa Fase: Fixa\u00e7\u00e3o da pena-base<\/strong><\/p>\n<p>Os ministros estabelecem a pena m\u00ednima para o crime, levando em conta o tempo de pena definido no C\u00f3digo Penal, al\u00e9m de outros crit\u00e9rios, como culpabilidade, antecedentes criminais e consequ\u00eancias do crime.<\/p>\n<p><strong>2\u00aa Fase: Atenuantes e agravantes<\/strong><\/p>\n<p>Ser\u00e3o aplicados os agravantes descritos na lei. No caso de Bolsonaro, por exemplo, a acusa\u00e7\u00e3o de liderar organiza\u00e7\u00e3o criminosa armada pode ser agravada pela metade.<\/p>\n<p><strong>3\u00aa Fase: Causas de Aumento e Diminui\u00e7\u00e3o<\/strong><\/p>\n<p>S\u00e3o aplicadas de acordo com as regras definidas no C\u00f3digo Penal ou na lei espec\u00edfica de cada crime.<\/p>\n<h2>Quem s\u00e3o os oito condenados<\/h2>\n<ol>\n<li>Jair Bolsonaro \u2013 ex-presidente da Rep\u00fablica;<\/li>\n<li>Alexandre Ramagem &#8211; ex-diretor da Ag\u00eancia Brasileira de Intelig\u00eancia (Abin);<\/li>\n<li>Almir Garnier &#8211; ex-comandante da Marinha;<\/li>\n<li>Anderson Torres &#8211; ex-ministro da Justi\u00e7a e ex-secret\u00e1rio de Seguran\u00e7a do Distrito Federal;<\/li>\n<li>Augusto Heleno &#8211; ex-ministro do Gabinete de Seguran\u00e7a Institucional (GSI);<\/li>\n<li>Paulo S\u00e9rgio Nogueira &#8211; ex-ministro da Defesa;<\/li>\n<li>Walter Braga Netto &#8211; ex-ministro de Bolsonaro e candidato a vice na chapa de 2022;<\/li>\n<li>Mauro Cid \u2013 ex-ajudante de ordens de Bolsonaro.\u00a0<\/li>\n<\/ol>\n<h2>Resumo dos votos<\/h2>\n<p><strong>Alexandre de Moraes, Fl\u00e1vio Dino, C\u00e1rmen L\u00facia e Cristiano Zanin:<\/strong><\/p>\n<p>Votos pela condena\u00e7\u00e3o de todos os r\u00e9us pelos crimes de organiza\u00e7\u00e3o criminosa armada, tentativa de aboli\u00e7\u00e3o violenta do Estado Democr\u00e1tico de Direito, golpe de Estado, dano qualificado pela viol\u00eancia e grave amea\u00e7a e deteriora\u00e7\u00e3o de patrim\u00f4nio tombado.<\/p>\n<p>A exce\u00e7\u00e3o \u00e9 Alexandre Ramagem, que foi condenado somente pelos crimes de organiza\u00e7\u00e3o criminosa armada, tentativa de aboli\u00e7\u00e3o violenta do Estado Democr\u00e1tico de Direito e golpe de Estado. Deputado federal em exerc\u00edcio, ele foi beneficiado com a suspens\u00e3o de parte das acusa\u00e7\u00f5es e respondia somente a tr\u00eas dos cinco crimes imputados pela PGR.<\/p>\n<p><strong>Luiz Fux:<\/strong><\/p>\n<p>Voto pela absolvi\u00e7\u00e3o de Bolsonaro, Ramagem, Augusto Heleno, Paulo S\u00e9rgio Nogueira, Anderson Torres e Almir Garnier de todos os crimes.<\/p>\n<p>Voto pela condena\u00e7\u00e3o de Mauro Cid e Braga Netto somente pelo crime de aboli\u00e7\u00e3o do Estado Democr\u00e1tico de Direito.<\/p>\n<p>\u00a0<\/p>\n<div class=\"dnd-widget-wrapper context-sem_processamento type-image\">\n<div class=\"dnd-atom-rendered\"><!-- scald=436937:sem_processamento {\"additionalClasses\":\"\"} --><\/p>\n<p>    <!-- END scald=436937 --><\/div>\n<\/div>\n<p>\u00a0<\/p>\n<p>      <!-- Relacionada --><\/p>\n<p>            <!-- Relacionada -->\n    <\/div>\n","protected":false},"excerpt":{"rendered":"<p>Por EBC, A Primeira Turma do Supremo Tribunal Federal (STF) iniciou h\u00e1 pouco a fase da dosimetria das penas do ex-presidente Jair Bolsonaro e mais sete aliados na a\u00e7\u00e3o da trama golpista. Mais cedo, por 4 votos a 1, o colegiado condenou os r\u00e9us pelos crimes de crimes de organiza\u00e7\u00e3o criminosa armada, tentativa de aboli\u00e7\u00e3o &hellip;<\/p>\n","protected":false},"author":1,"featured_media":0,"comment_status":"open","ping_status":"open","sticky":false,"template":"","format":"standard","meta":{"_jetpack_memberships_contains_paid_content":false,"footnotes":""},"categories":[2,12225,4],"tags":[],"class_list":["post-449344","post","type-post","status-publish","format-standard","hentry","category-entretenimento","category-noticias","category-servicos"],"yoast_head":"<!-- This site is optimized with the Yoast SEO plugin v27.5 - https:\/\/yoast.com\/product\/yoast-seo-wordpress\/ -->\n<title>STF come\u00e7a a definir penas de Bolsonaro e aliados<\/title>\n<meta name=\"robots\" content=\"index, follow, max-snippet:-1, max-image-preview:large, max-video-preview:-1\" \/>\n<link rel=\"canonical\" href=\"https:\/\/mrnews.com.br\/index.php\/2025\/09\/11\/stf-comeca-a-definir-penas-de-bolsonaro-e-aliados\/\" \/>\n<meta property=\"og:locale\" content=\"pt_BR\" \/>\n<meta property=\"og:type\" content=\"article\" \/>\n<meta property=\"og:title\" content=\"STF come\u00e7a a definir penas de Bolsonaro e aliados\" \/>\n<meta property=\"og:description\" content=\"Por EBC, A Primeira Turma do Supremo Tribunal Federal (STF) iniciou h\u00e1 pouco a fase da dosimetria das penas do ex-presidente Jair Bolsonaro e mais sete aliados na a\u00e7\u00e3o da trama golpista. Mais cedo, por 4 votos a 1, o colegiado condenou os r\u00e9us pelos crimes de crimes de organiza\u00e7\u00e3o criminosa armada, tentativa de aboli\u00e7\u00e3o &hellip;\" \/>\n<meta property=\"og:url\" content=\"https:\/\/mrnews.com.br\/index.php\/2025\/09\/11\/stf-comeca-a-definir-penas-de-bolsonaro-e-aliados\/\" \/>\n<meta property=\"og:site_name\" content=\"MRNews\" \/>\n<meta property=\"article:publisher\" content=\"https:\/\/www.facebook.com\/eaipahpah\/?locale2=pt_BR\" \/>\n<meta property=\"article:published_time\" content=\"2025-09-11T22:23:38+00:00\" \/>\n<meta name=\"author\" content=\"MR News\" \/>\n<meta name=\"twitter:card\" content=\"summary_large_image\" \/>\n<meta name=\"twitter:creator\" content=\"@conspirou\" \/>\n<meta name=\"twitter:site\" content=\"@conspirou\" \/>\n<meta name=\"twitter:label1\" content=\"Escrito por\" \/>\n\t<meta name=\"twitter:data1\" content=\"MR News\" \/>\n\t<meta name=\"twitter:label2\" content=\"Est. tempo de leitura\" \/>\n\t<meta name=\"twitter:data2\" content=\"3 minutos\" \/>\n<script type=\"application\/ld+json\" class=\"yoast-schema-graph\">{\"@context\":\"https:\\\/\\\/schema.org\",\"@graph\":[{\"@type\":\"Article\",\"@id\":\"https:\\\/\\\/mrnews.com.br\\\/index.php\\\/2025\\\/09\\\/11\\\/stf-comeca-a-definir-penas-de-bolsonaro-e-aliados\\\/#article\",\"isPartOf\":{\"@id\":\"https:\\\/\\\/mrnews.com.br\\\/index.php\\\/2025\\\/09\\\/11\\\/stf-comeca-a-definir-penas-de-bolsonaro-e-aliados\\\/\"},\"author\":{\"name\":\"MR News\",\"@id\":\"https:\\\/\\\/mrnews.com.br\\\/#\\\/schema\\\/person\\\/be3203154562a9f207407861cef7827b\"},\"headline\":\"STF come\u00e7a a definir penas de Bolsonaro e aliados\",\"datePublished\":\"2025-09-11T22:23:38+00:00\",\"mainEntityOfPage\":{\"@id\":\"https:\\\/\\\/mrnews.com.br\\\/index.php\\\/2025\\\/09\\\/11\\\/stf-comeca-a-definir-penas-de-bolsonaro-e-aliados\\\/\"},\"wordCount\":562,\"commentCount\":0,\"publisher\":{\"@id\":\"https:\\\/\\\/mrnews.com.br\\\/#organization\"},\"articleSection\":[\"ENTRETENIMENTO\",\"NOTICIAS\",\"SERVI\u00c7OS\"],\"inLanguage\":\"pt-BR\",\"potentialAction\":[{\"@type\":\"CommentAction\",\"name\":\"Comment\",\"target\":[\"https:\\\/\\\/mrnews.com.br\\\/index.php\\\/2025\\\/09\\\/11\\\/stf-comeca-a-definir-penas-de-bolsonaro-e-aliados\\\/#respond\"]}]},{\"@type\":\"WebPage\",\"@id\":\"https:\\\/\\\/mrnews.com.br\\\/index.php\\\/2025\\\/09\\\/11\\\/stf-comeca-a-definir-penas-de-bolsonaro-e-aliados\\\/\",\"url\":\"https:\\\/\\\/mrnews.com.br\\\/index.php\\\/2025\\\/09\\\/11\\\/stf-comeca-a-definir-penas-de-bolsonaro-e-aliados\\\/\",\"name\":\"STF come\u00e7a a definir penas de Bolsonaro e aliados\",\"isPartOf\":{\"@id\":\"https:\\\/\\\/mrnews.com.br\\\/#website\"},\"datePublished\":\"2025-09-11T22:23:38+00:00\",\"breadcrumb\":{\"@id\":\"https:\\\/\\\/mrnews.com.br\\\/index.php\\\/2025\\\/09\\\/11\\\/stf-comeca-a-definir-penas-de-bolsonaro-e-aliados\\\/#breadcrumb\"},\"inLanguage\":\"pt-BR\",\"potentialAction\":[{\"@type\":\"ReadAction\",\"target\":[\"https:\\\/\\\/mrnews.com.br\\\/index.php\\\/2025\\\/09\\\/11\\\/stf-comeca-a-definir-penas-de-bolsonaro-e-aliados\\\/\"]}]},{\"@type\":\"BreadcrumbList\",\"@id\":\"https:\\\/\\\/mrnews.com.br\\\/index.php\\\/2025\\\/09\\\/11\\\/stf-comeca-a-definir-penas-de-bolsonaro-e-aliados\\\/#breadcrumb\",\"itemListElement\":[{\"@type\":\"ListItem\",\"position\":1,\"name\":\"In\u00edcio\",\"item\":\"https:\\\/\\\/mrnews.com.br\\\/\"},{\"@type\":\"ListItem\",\"position\":2,\"name\":\"STF come\u00e7a a definir penas de Bolsonaro e aliados\"}]},{\"@type\":\"WebSite\",\"@id\":\"https:\\\/\\\/mrnews.com.br\\\/#website\",\"url\":\"https:\\\/\\\/mrnews.com.br\\\/\",\"name\":\"MRNews\",\"description\":\"MRNews Jogos de hoje da TV, transmiss\u00f5es ao vivo, Not\u00edcias de futebol, Jogos ao vivo, Lives, resumo de novelas, Programa\u00e7\u00e3o da Globo, A Fazenda e BBB\",\"publisher\":{\"@id\":\"https:\\\/\\\/mrnews.com.br\\\/#organization\"},\"potentialAction\":[{\"@type\":\"SearchAction\",\"target\":{\"@type\":\"EntryPoint\",\"urlTemplate\":\"https:\\\/\\\/mrnews.com.br\\\/?s={search_term_string}\"},\"query-input\":{\"@type\":\"PropertyValueSpecification\",\"valueRequired\":true,\"valueName\":\"search_term_string\"}}],\"inLanguage\":\"pt-BR\"},{\"@type\":\"Organization\",\"@id\":\"https:\\\/\\\/mrnews.com.br\\\/#organization\",\"name\":\"MRNews\",\"url\":\"https:\\\/\\\/mrnews.com.br\\\/\",\"logo\":{\"@type\":\"ImageObject\",\"inLanguage\":\"pt-BR\",\"@id\":\"https:\\\/\\\/mrnews.com.br\\\/#\\\/schema\\\/logo\\\/image\\\/\",\"url\":\"https:\\\/\\\/mrnews.com.br\\\/wp-content\\\/uploads\\\/2019\\\/06\\\/MRNewslogo2.png\",\"contentUrl\":\"https:\\\/\\\/mrnews.com.br\\\/wp-content\\\/uploads\\\/2019\\\/06\\\/MRNewslogo2.png\",\"width\":223,\"height\":58,\"caption\":\"MRNews\"},\"image\":{\"@id\":\"https:\\\/\\\/mrnews.com.br\\\/#\\\/schema\\\/logo\\\/image\\\/\"},\"sameAs\":[\"https:\\\/\\\/www.facebook.com\\\/eaipahpah\\\/?locale2=pt_BR\",\"https:\\\/\\\/x.com\\\/conspirou\",\"https:\\\/\\\/www.instagram.com\\\/eai_pahpah\",\"https:\\\/\\\/br.pinterest.com\\\/mrnewsn\\\/boards\\\/\",\"https:\\\/\\\/www.youtube.com\\\/channel\\\/UCacgnpznQ61fifLWr1tQ-vA?view_as=subscriber\"]},{\"@type\":\"Person\",\"@id\":\"https:\\\/\\\/mrnews.com.br\\\/#\\\/schema\\\/person\\\/be3203154562a9f207407861cef7827b\",\"name\":\"MR News\",\"image\":{\"@type\":\"ImageObject\",\"inLanguage\":\"pt-BR\",\"@id\":\"https:\\\/\\\/secure.gravatar.com\\\/avatar\\\/04084e6d73c042b8646e7c17b494073bf0ede3ea13c7105cfc45cbbbc28385a4?s=96&d=monsterid&r=g\",\"url\":\"https:\\\/\\\/secure.gravatar.com\\\/avatar\\\/04084e6d73c042b8646e7c17b494073bf0ede3ea13c7105cfc45cbbbc28385a4?s=96&d=monsterid&r=g\",\"contentUrl\":\"https:\\\/\\\/secure.gravatar.com\\\/avatar\\\/04084e6d73c042b8646e7c17b494073bf0ede3ea13c7105cfc45cbbbc28385a4?s=96&d=monsterid&r=g\",\"caption\":\"MR News\"},\"description\":\"Especializado em jornalismo colaborativo pela FTP em n\u00edvel de p\u00f3s-gradua\u00e7\u00e3o. suporte@oimeliga.combr\",\"sameAs\":[\"HUGO R.\",\"Admin\"],\"url\":\"https:\\\/\\\/mrnews.com.br\\\/index.php\\\/author\\\/admin\\\/\"}]}<\/script>\n<!-- \/ Yoast SEO plugin. -->","yoast_head_json":{"title":"STF come\u00e7a a definir penas de Bolsonaro e aliados","robots":{"index":"index","follow":"follow","max-snippet":"max-snippet:-1","max-image-preview":"max-image-preview:large","max-video-preview":"max-video-preview:-1"},"canonical":"https:\/\/mrnews.com.br\/index.php\/2025\/09\/11\/stf-comeca-a-definir-penas-de-bolsonaro-e-aliados\/","og_locale":"pt_BR","og_type":"article","og_title":"STF come\u00e7a a definir penas de Bolsonaro e aliados","og_description":"Por EBC, A Primeira Turma do Supremo Tribunal Federal (STF) iniciou h\u00e1 pouco a fase da dosimetria das penas do ex-presidente Jair Bolsonaro e mais sete aliados na a\u00e7\u00e3o da trama golpista. Mais cedo, por 4 votos a 1, o colegiado condenou os r\u00e9us pelos crimes de crimes de organiza\u00e7\u00e3o criminosa armada, tentativa de aboli\u00e7\u00e3o &hellip;","og_url":"https:\/\/mrnews.com.br\/index.php\/2025\/09\/11\/stf-comeca-a-definir-penas-de-bolsonaro-e-aliados\/","og_site_name":"MRNews","article_publisher":"https:\/\/www.facebook.com\/eaipahpah\/?locale2=pt_BR","article_published_time":"2025-09-11T22:23:38+00:00","author":"MR News","twitter_card":"summary_large_image","twitter_creator":"@conspirou","twitter_site":"@conspirou","twitter_misc":{"Escrito por":"MR News","Est. tempo de leitura":"3 minutos"},"schema":{"@context":"https:\/\/schema.org","@graph":[{"@type":"Article","@id":"https:\/\/mrnews.com.br\/index.php\/2025\/09\/11\/stf-comeca-a-definir-penas-de-bolsonaro-e-aliados\/#article","isPartOf":{"@id":"https:\/\/mrnews.com.br\/index.php\/2025\/09\/11\/stf-comeca-a-definir-penas-de-bolsonaro-e-aliados\/"},"author":{"name":"MR News","@id":"https:\/\/mrnews.com.br\/#\/schema\/person\/be3203154562a9f207407861cef7827b"},"headline":"STF come\u00e7a a definir penas de Bolsonaro e aliados","datePublished":"2025-09-11T22:23:38+00:00","mainEntityOfPage":{"@id":"https:\/\/mrnews.com.br\/index.php\/2025\/09\/11\/stf-comeca-a-definir-penas-de-bolsonaro-e-aliados\/"},"wordCount":562,"commentCount":0,"publisher":{"@id":"https:\/\/mrnews.com.br\/#organization"},"articleSection":["ENTRETENIMENTO","NOTICIAS","SERVI\u00c7OS"],"inLanguage":"pt-BR","potentialAction":[{"@type":"CommentAction","name":"Comment","target":["https:\/\/mrnews.com.br\/index.php\/2025\/09\/11\/stf-comeca-a-definir-penas-de-bolsonaro-e-aliados\/#respond"]}]},{"@type":"WebPage","@id":"https:\/\/mrnews.com.br\/index.php\/2025\/09\/11\/stf-comeca-a-definir-penas-de-bolsonaro-e-aliados\/","url":"https:\/\/mrnews.com.br\/index.php\/2025\/09\/11\/stf-comeca-a-definir-penas-de-bolsonaro-e-aliados\/","name":"STF come\u00e7a a definir penas de Bolsonaro e aliados","isPartOf":{"@id":"https:\/\/mrnews.com.br\/#website"},"datePublished":"2025-09-11T22:23:38+00:00","breadcrumb":{"@id":"https:\/\/mrnews.com.br\/index.php\/2025\/09\/11\/stf-comeca-a-definir-penas-de-bolsonaro-e-aliados\/#breadcrumb"},"inLanguage":"pt-BR","potentialAction":[{"@type":"ReadAction","target":["https:\/\/mrnews.com.br\/index.php\/2025\/09\/11\/stf-comeca-a-definir-penas-de-bolsonaro-e-aliados\/"]}]},{"@type":"BreadcrumbList","@id":"https:\/\/mrnews.com.br\/index.php\/2025\/09\/11\/stf-comeca-a-definir-penas-de-bolsonaro-e-aliados\/#breadcrumb","itemListElement":[{"@type":"ListItem","position":1,"name":"In\u00edcio","item":"https:\/\/mrnews.com.br\/"},{"@type":"ListItem","position":2,"name":"STF come\u00e7a a definir penas de Bolsonaro e aliados"}]},{"@type":"WebSite","@id":"https:\/\/mrnews.com.br\/#website","url":"https:\/\/mrnews.com.br\/","name":"MRNews","description":"MRNews Jogos de hoje da TV, transmiss\u00f5es ao vivo, Not\u00edcias de futebol, Jogos ao vivo, Lives, resumo de novelas, Programa\u00e7\u00e3o da Globo, A Fazenda e BBB","publisher":{"@id":"https:\/\/mrnews.com.br\/#organization"},"potentialAction":[{"@type":"SearchAction","target":{"@type":"EntryPoint","urlTemplate":"https:\/\/mrnews.com.br\/?s={search_term_string}"},"query-input":{"@type":"PropertyValueSpecification","valueRequired":true,"valueName":"search_term_string"}}],"inLanguage":"pt-BR"},{"@type":"Organization","@id":"https:\/\/mrnews.com.br\/#organization","name":"MRNews","url":"https:\/\/mrnews.com.br\/","logo":{"@type":"ImageObject","inLanguage":"pt-BR","@id":"https:\/\/mrnews.com.br\/#\/schema\/logo\/image\/","url":"https:\/\/mrnews.com.br\/wp-content\/uploads\/2019\/06\/MRNewslogo2.png","contentUrl":"https:\/\/mrnews.com.br\/wp-content\/uploads\/2019\/06\/MRNewslogo2.png","width":223,"height":58,"caption":"MRNews"},"image":{"@id":"https:\/\/mrnews.com.br\/#\/schema\/logo\/image\/"},"sameAs":["https:\/\/www.facebook.com\/eaipahpah\/?locale2=pt_BR","https:\/\/x.com\/conspirou","https:\/\/www.instagram.com\/eai_pahpah","https:\/\/br.pinterest.com\/mrnewsn\/boards\/","https:\/\/www.youtube.com\/channel\/UCacgnpznQ61fifLWr1tQ-vA?view_as=subscriber"]},{"@type":"Person","@id":"https:\/\/mrnews.com.br\/#\/schema\/person\/be3203154562a9f207407861cef7827b","name":"MR News","image":{"@type":"ImageObject","inLanguage":"pt-BR","@id":"https:\/\/secure.gravatar.com\/avatar\/04084e6d73c042b8646e7c17b494073bf0ede3ea13c7105cfc45cbbbc28385a4?s=96&d=monsterid&r=g","url":"https:\/\/secure.gravatar.com\/avatar\/04084e6d73c042b8646e7c17b494073bf0ede3ea13c7105cfc45cbbbc28385a4?s=96&d=monsterid&r=g","contentUrl":"https:\/\/secure.gravatar.com\/avatar\/04084e6d73c042b8646e7c17b494073bf0ede3ea13c7105cfc45cbbbc28385a4?s=96&d=monsterid&r=g","caption":"MR News"},"description":"Especializado em jornalismo colaborativo pela FTP em n\u00edvel de p\u00f3s-gradua\u00e7\u00e3o. suporte@oimeliga.combr","sameAs":["HUGO R.","Admin"],"url":"https:\/\/mrnews.com.br\/index.php\/author\/admin\/"}]}},"jetpack_featured_media_url":"","jetpack_sharing_enabled":true,"jetpack_shortlink":"https:\/\/wp.me\/pa2Qf7-1STu","amp_enabled":true,"_links":{"self":[{"href":"https:\/\/mrnews.com.br\/index.php\/wp-json\/wp\/v2\/posts\/449344","targetHints":{"allow":["GET"]}}],"collection":[{"href":"https:\/\/mrnews.com.br\/index.php\/wp-json\/wp\/v2\/posts"}],"about":[{"href":"https:\/\/mrnews.com.br\/index.php\/wp-json\/wp\/v2\/types\/post"}],"author":[{"embeddable":true,"href":"https:\/\/mrnews.com.br\/index.php\/wp-json\/wp\/v2\/users\/1"}],"replies":[{"embeddable":true,"href":"https:\/\/mrnews.com.br\/index.php\/wp-json\/wp\/v2\/comments?post=449344"}],"version-history":[{"count":0,"href":"https:\/\/mrnews.com.br\/index.php\/wp-json\/wp\/v2\/posts\/449344\/revisions"}],"wp:attachment":[{"href":"https:\/\/mrnews.com.br\/index.php\/wp-json\/wp\/v2\/media?parent=449344"}],"wp:term":[{"taxonomy":"category","embeddable":true,"href":"https:\/\/mrnews.com.br\/index.php\/wp-json\/wp\/v2\/categories?post=449344"},{"taxonomy":"post_tag","embeddable":true,"href":"https:\/\/mrnews.com.br\/index.php\/wp-json\/wp\/v2\/tags?post=449344"}],"curies":[{"name":"wp","href":"https:\/\/api.w.org\/{rel}","templated":true}]}}