{"id":449356,"date":"2025-09-12T00:17:39","date_gmt":"2025-09-12T03:17:39","guid":{"rendered":"https:\/\/mrnews.com.br\/index.php\/2025\/09\/12\/boric-e-petro-se-manifestam-apos-condenacao-de-bolsonaro\/"},"modified":"2025-09-12T00:17:39","modified_gmt":"2025-09-12T03:17:39","slug":"boric-e-petro-se-manifestam-apos-condenacao-de-bolsonaro","status":"publish","type":"post","link":"https:\/\/mrnews.com.br\/index.php\/2025\/09\/12\/boric-e-petro-se-manifestam-apos-condenacao-de-bolsonaro\/","title":{"rendered":"Boric e Petro se manifestam ap\u00f3s condena\u00e7\u00e3o de Bolsonaro"},"content":{"rendered":"<p>Por EBC, <\/p>\n<div>\n<p>A condena\u00e7\u00e3o do ex-presidente Jair Bolsonaro por tentativa de golpe de Estado <strong>repercutiu entre presidentes latino-americanos,<\/strong> na noite desta quinta-feira (11).<\/p>\n<p>Ap\u00f3s a concretiza\u00e7\u00e3o do resultado do julgamento da Primeira Turma do Supremo Tribunal Federal (STF), <strong>o presidente do Chile, Gabriel Boric (foto), se manifestou em uma<\/strong> postagem nas redes sociais.<\/p>\n<blockquote>\n<p>&#8220;Meu respeito \u00e0 democracia brasileira, que resistiu a uma tentativa de golpe e agora julga e condena os respons\u00e1veis. Tentaram destru\u00ed-la, e hoje ela emerge mais forte. Democracia sempre&#8221;, escreveu o chileno.<\/p>\n<\/blockquote>\n<div class=\"dnd-widget-wrapper context-grande_6colunas type-image atom-align-left\">\n<div class=\"dnd-atom-rendered\"><!-- scald=310141:grande_6colunas {\"additionalClasses\":\"\"} --><\/p>\n<p>    <!-- END scald=310141 --><\/div>\n<p><h6 class=\"meta\">Gustavo Petro, presidente da Col\u00f4mbia &#8211; <strong>REUTERS\/Luisa Gonzalez\/Direitos Reservados<\/strong><!--END copyright=310141--><\/h6>\n<\/p>\n<\/div>\n<p><strong>Quem tamb\u00e9m se manifestou foi<\/strong> o presidente da Col\u00f4mbia, Gustavo Petro. Ao compartilhar a not\u00edcia do secret\u00e1rio de Estado dos Estados Unidos, Marco Rubio, que criticou o julgamento, o l\u00edder colombiano destacou a import\u00e2ncia do fato.<\/p>\n<p><strong>&#8220;Todo golpista deve ser condenado. Essas s\u00e3o as regras da democracia&#8221;, postou.<\/strong><\/p>\n<p>Mais cedo, em nota, o Pal\u00e1cio Itamaraty reafirmou a independ\u00eancia do Poder Judici\u00e1rio no Brasil, em\u00a0uma resposta a Marco Rubio, secret\u00e1rio norte-americano.\u00a0<\/p>\n<h2>Julgamento<\/h2>\n<p>A Primeira Turma do Supremo Tribunal Federal (STF) finalizou nesta quinta-feira (11) o julgamento da a\u00e7\u00e3o da trama golpista.<\/p>\n<p>Por 4 votos a 1, os\u00a0ministros condenaram o ex-presidente Jair Bolsonaro\u00a0e mais sete aliados pelos crimes de organiza\u00e7\u00e3o criminosa armada, tentativa de aboli\u00e7\u00e3o violenta do Estado Democr\u00e1tico de Direito, golpe de Estado, dano qualificado pela viol\u00eancia e grave amea\u00e7a e deteriora\u00e7\u00e3o de patrim\u00f4nio tombado.\u00a0<\/p>\n<p>A maioria dos r\u00e9us foi condenada a mais de 20 anos de pris\u00e3o em regime fechado.<\/p>\n<p>Apesar da defini\u00e7\u00e3o do tempo de condena\u00e7\u00e3o, Bolsonaro e os demais r\u00e9us n\u00e3o v\u00e3o ser presos imediatamente. Eles ainda\u00a0podem recorrer da decis\u00e3o e tentar reverter as condena\u00e7\u00f5es. Somente se os eventuais recursos forem rejeitados, as pris\u00f5es poder\u00e3o ser efetivadas.<\/p>\n<p>      <!-- Relacionada --><\/p>\n<p>            <!-- Relacionada -->\n    <\/div>\n","protected":false},"excerpt":{"rendered":"<p>Por EBC, A condena\u00e7\u00e3o do ex-presidente Jair Bolsonaro por tentativa de golpe de Estado repercutiu entre presidentes latino-americanos, na noite desta quinta-feira (11). Ap\u00f3s a concretiza\u00e7\u00e3o do resultado do julgamento da Primeira Turma do Supremo Tribunal Federal (STF), o presidente do Chile, Gabriel Boric (foto), se manifestou em uma postagem nas redes sociais. &#8220;Meu respeito &hellip;<\/p>\n","protected":false},"author":1,"featured_media":0,"comment_status":"open","ping_status":"open","sticky":false,"template":"","format":"standard","meta":{"_jetpack_memberships_contains_paid_content":false,"footnotes":""},"categories":[2,12225,4],"tags":[],"class_list":["post-449356","post","type-post","status-publish","format-standard","hentry","category-entretenimento","category-noticias","category-servicos"],"yoast_head":"<!-- This site is optimized with the Yoast SEO plugin v27.5 - https:\/\/yoast.com\/product\/yoast-seo-wordpress\/ -->\n<title>Boric e Petro se manifestam ap\u00f3s condena\u00e7\u00e3o de Bolsonaro<\/title>\n<meta name=\"robots\" content=\"index, follow, max-snippet:-1, max-image-preview:large, max-video-preview:-1\" \/>\n<link rel=\"canonical\" href=\"https:\/\/mrnews.com.br\/index.php\/2025\/09\/12\/boric-e-petro-se-manifestam-apos-condenacao-de-bolsonaro\/\" \/>\n<meta property=\"og:locale\" content=\"pt_BR\" \/>\n<meta property=\"og:type\" content=\"article\" \/>\n<meta property=\"og:title\" content=\"Boric e Petro se manifestam ap\u00f3s condena\u00e7\u00e3o de Bolsonaro\" \/>\n<meta property=\"og:description\" content=\"Por EBC, A condena\u00e7\u00e3o do ex-presidente Jair Bolsonaro por tentativa de golpe de Estado repercutiu entre presidentes latino-americanos, na noite desta quinta-feira (11). Ap\u00f3s a concretiza\u00e7\u00e3o do resultado do julgamento da Primeira Turma do Supremo Tribunal Federal (STF), o presidente do Chile, Gabriel Boric (foto), se manifestou em uma postagem nas redes sociais. &#8220;Meu respeito &hellip;\" \/>\n<meta property=\"og:url\" content=\"https:\/\/mrnews.com.br\/index.php\/2025\/09\/12\/boric-e-petro-se-manifestam-apos-condenacao-de-bolsonaro\/\" \/>\n<meta property=\"og:site_name\" content=\"MRNews\" \/>\n<meta property=\"article:publisher\" content=\"https:\/\/www.facebook.com\/eaipahpah\/?locale2=pt_BR\" \/>\n<meta property=\"article:published_time\" content=\"2025-09-12T03:17:39+00:00\" \/>\n<meta name=\"author\" content=\"MR News\" \/>\n<meta name=\"twitter:card\" content=\"summary_large_image\" \/>\n<meta name=\"twitter:creator\" content=\"@conspirou\" \/>\n<meta name=\"twitter:site\" content=\"@conspirou\" \/>\n<meta name=\"twitter:label1\" content=\"Escrito por\" \/>\n\t<meta name=\"twitter:data1\" content=\"MR News\" \/>\n\t<meta name=\"twitter:label2\" content=\"Est. tempo de leitura\" \/>\n\t<meta name=\"twitter:data2\" content=\"2 minutos\" \/>\n<script type=\"application\/ld+json\" class=\"yoast-schema-graph\">{\"@context\":\"https:\\\/\\\/schema.org\",\"@graph\":[{\"@type\":\"Article\",\"@id\":\"https:\\\/\\\/mrnews.com.br\\\/index.php\\\/2025\\\/09\\\/12\\\/boric-e-petro-se-manifestam-apos-condenacao-de-bolsonaro\\\/#article\",\"isPartOf\":{\"@id\":\"https:\\\/\\\/mrnews.com.br\\\/index.php\\\/2025\\\/09\\\/12\\\/boric-e-petro-se-manifestam-apos-condenacao-de-bolsonaro\\\/\"},\"author\":{\"name\":\"MR News\",\"@id\":\"https:\\\/\\\/mrnews.com.br\\\/#\\\/schema\\\/person\\\/be3203154562a9f207407861cef7827b\"},\"headline\":\"Boric e Petro se manifestam ap\u00f3s condena\u00e7\u00e3o de Bolsonaro\",\"datePublished\":\"2025-09-12T03:17:39+00:00\",\"mainEntityOfPage\":{\"@id\":\"https:\\\/\\\/mrnews.com.br\\\/index.php\\\/2025\\\/09\\\/12\\\/boric-e-petro-se-manifestam-apos-condenacao-de-bolsonaro\\\/\"},\"wordCount\":330,\"commentCount\":0,\"publisher\":{\"@id\":\"https:\\\/\\\/mrnews.com.br\\\/#organization\"},\"articleSection\":[\"ENTRETENIMENTO\",\"NOTICIAS\",\"SERVI\u00c7OS\"],\"inLanguage\":\"pt-BR\",\"potentialAction\":[{\"@type\":\"CommentAction\",\"name\":\"Comment\",\"target\":[\"https:\\\/\\\/mrnews.com.br\\\/index.php\\\/2025\\\/09\\\/12\\\/boric-e-petro-se-manifestam-apos-condenacao-de-bolsonaro\\\/#respond\"]}]},{\"@type\":\"WebPage\",\"@id\":\"https:\\\/\\\/mrnews.com.br\\\/index.php\\\/2025\\\/09\\\/12\\\/boric-e-petro-se-manifestam-apos-condenacao-de-bolsonaro\\\/\",\"url\":\"https:\\\/\\\/mrnews.com.br\\\/index.php\\\/2025\\\/09\\\/12\\\/boric-e-petro-se-manifestam-apos-condenacao-de-bolsonaro\\\/\",\"name\":\"Boric e Petro se manifestam ap\u00f3s condena\u00e7\u00e3o de Bolsonaro\",\"isPartOf\":{\"@id\":\"https:\\\/\\\/mrnews.com.br\\\/#website\"},\"datePublished\":\"2025-09-12T03:17:39+00:00\",\"breadcrumb\":{\"@id\":\"https:\\\/\\\/mrnews.com.br\\\/index.php\\\/2025\\\/09\\\/12\\\/boric-e-petro-se-manifestam-apos-condenacao-de-bolsonaro\\\/#breadcrumb\"},\"inLanguage\":\"pt-BR\",\"potentialAction\":[{\"@type\":\"ReadAction\",\"target\":[\"https:\\\/\\\/mrnews.com.br\\\/index.php\\\/2025\\\/09\\\/12\\\/boric-e-petro-se-manifestam-apos-condenacao-de-bolsonaro\\\/\"]}]},{\"@type\":\"BreadcrumbList\",\"@id\":\"https:\\\/\\\/mrnews.com.br\\\/index.php\\\/2025\\\/09\\\/12\\\/boric-e-petro-se-manifestam-apos-condenacao-de-bolsonaro\\\/#breadcrumb\",\"itemListElement\":[{\"@type\":\"ListItem\",\"position\":1,\"name\":\"In\u00edcio\",\"item\":\"https:\\\/\\\/mrnews.com.br\\\/\"},{\"@type\":\"ListItem\",\"position\":2,\"name\":\"Boric e Petro se manifestam ap\u00f3s condena\u00e7\u00e3o de Bolsonaro\"}]},{\"@type\":\"WebSite\",\"@id\":\"https:\\\/\\\/mrnews.com.br\\\/#website\",\"url\":\"https:\\\/\\\/mrnews.com.br\\\/\",\"name\":\"MRNews\",\"description\":\"MRNews Jogos de hoje da TV, transmiss\u00f5es ao vivo, Not\u00edcias de futebol, Jogos ao vivo, Lives, resumo de novelas, Programa\u00e7\u00e3o da Globo, A Fazenda e BBB\",\"publisher\":{\"@id\":\"https:\\\/\\\/mrnews.com.br\\\/#organization\"},\"potentialAction\":[{\"@type\":\"SearchAction\",\"target\":{\"@type\":\"EntryPoint\",\"urlTemplate\":\"https:\\\/\\\/mrnews.com.br\\\/?s={search_term_string}\"},\"query-input\":{\"@type\":\"PropertyValueSpecification\",\"valueRequired\":true,\"valueName\":\"search_term_string\"}}],\"inLanguage\":\"pt-BR\"},{\"@type\":\"Organization\",\"@id\":\"https:\\\/\\\/mrnews.com.br\\\/#organization\",\"name\":\"MRNews\",\"url\":\"https:\\\/\\\/mrnews.com.br\\\/\",\"logo\":{\"@type\":\"ImageObject\",\"inLanguage\":\"pt-BR\",\"@id\":\"https:\\\/\\\/mrnews.com.br\\\/#\\\/schema\\\/logo\\\/image\\\/\",\"url\":\"https:\\\/\\\/mrnews.com.br\\\/wp-content\\\/uploads\\\/2019\\\/06\\\/MRNewslogo2.png\",\"contentUrl\":\"https:\\\/\\\/mrnews.com.br\\\/wp-content\\\/uploads\\\/2019\\\/06\\\/MRNewslogo2.png\",\"width\":223,\"height\":58,\"caption\":\"MRNews\"},\"image\":{\"@id\":\"https:\\\/\\\/mrnews.com.br\\\/#\\\/schema\\\/logo\\\/image\\\/\"},\"sameAs\":[\"https:\\\/\\\/www.facebook.com\\\/eaipahpah\\\/?locale2=pt_BR\",\"https:\\\/\\\/x.com\\\/conspirou\",\"https:\\\/\\\/www.instagram.com\\\/eai_pahpah\",\"https:\\\/\\\/br.pinterest.com\\\/mrnewsn\\\/boards\\\/\",\"https:\\\/\\\/www.youtube.com\\\/channel\\\/UCacgnpznQ61fifLWr1tQ-vA?view_as=subscriber\"]},{\"@type\":\"Person\",\"@id\":\"https:\\\/\\\/mrnews.com.br\\\/#\\\/schema\\\/person\\\/be3203154562a9f207407861cef7827b\",\"name\":\"MR News\",\"image\":{\"@type\":\"ImageObject\",\"inLanguage\":\"pt-BR\",\"@id\":\"https:\\\/\\\/secure.gravatar.com\\\/avatar\\\/04084e6d73c042b8646e7c17b494073bf0ede3ea13c7105cfc45cbbbc28385a4?s=96&d=monsterid&r=g\",\"url\":\"https:\\\/\\\/secure.gravatar.com\\\/avatar\\\/04084e6d73c042b8646e7c17b494073bf0ede3ea13c7105cfc45cbbbc28385a4?s=96&d=monsterid&r=g\",\"contentUrl\":\"https:\\\/\\\/secure.gravatar.com\\\/avatar\\\/04084e6d73c042b8646e7c17b494073bf0ede3ea13c7105cfc45cbbbc28385a4?s=96&d=monsterid&r=g\",\"caption\":\"MR News\"},\"description\":\"Especializado em jornalismo colaborativo pela FTP em n\u00edvel de p\u00f3s-gradua\u00e7\u00e3o. suporte@oimeliga.combr\",\"sameAs\":[\"HUGO R.\",\"Admin\"],\"url\":\"https:\\\/\\\/mrnews.com.br\\\/index.php\\\/author\\\/admin\\\/\"}]}<\/script>\n<!-- \/ Yoast SEO plugin. -->","yoast_head_json":{"title":"Boric e Petro se manifestam ap\u00f3s condena\u00e7\u00e3o de Bolsonaro","robots":{"index":"index","follow":"follow","max-snippet":"max-snippet:-1","max-image-preview":"max-image-preview:large","max-video-preview":"max-video-preview:-1"},"canonical":"https:\/\/mrnews.com.br\/index.php\/2025\/09\/12\/boric-e-petro-se-manifestam-apos-condenacao-de-bolsonaro\/","og_locale":"pt_BR","og_type":"article","og_title":"Boric e Petro se manifestam ap\u00f3s condena\u00e7\u00e3o de Bolsonaro","og_description":"Por EBC, A condena\u00e7\u00e3o do ex-presidente Jair Bolsonaro por tentativa de golpe de Estado repercutiu entre presidentes latino-americanos, na noite desta quinta-feira (11). Ap\u00f3s a concretiza\u00e7\u00e3o do resultado do julgamento da Primeira Turma do Supremo Tribunal Federal (STF), o presidente do Chile, Gabriel Boric (foto), se manifestou em uma postagem nas redes sociais. &#8220;Meu respeito &hellip;","og_url":"https:\/\/mrnews.com.br\/index.php\/2025\/09\/12\/boric-e-petro-se-manifestam-apos-condenacao-de-bolsonaro\/","og_site_name":"MRNews","article_publisher":"https:\/\/www.facebook.com\/eaipahpah\/?locale2=pt_BR","article_published_time":"2025-09-12T03:17:39+00:00","author":"MR News","twitter_card":"summary_large_image","twitter_creator":"@conspirou","twitter_site":"@conspirou","twitter_misc":{"Escrito por":"MR News","Est. tempo de leitura":"2 minutos"},"schema":{"@context":"https:\/\/schema.org","@graph":[{"@type":"Article","@id":"https:\/\/mrnews.com.br\/index.php\/2025\/09\/12\/boric-e-petro-se-manifestam-apos-condenacao-de-bolsonaro\/#article","isPartOf":{"@id":"https:\/\/mrnews.com.br\/index.php\/2025\/09\/12\/boric-e-petro-se-manifestam-apos-condenacao-de-bolsonaro\/"},"author":{"name":"MR News","@id":"https:\/\/mrnews.com.br\/#\/schema\/person\/be3203154562a9f207407861cef7827b"},"headline":"Boric e Petro se manifestam ap\u00f3s condena\u00e7\u00e3o de Bolsonaro","datePublished":"2025-09-12T03:17:39+00:00","mainEntityOfPage":{"@id":"https:\/\/mrnews.com.br\/index.php\/2025\/09\/12\/boric-e-petro-se-manifestam-apos-condenacao-de-bolsonaro\/"},"wordCount":330,"commentCount":0,"publisher":{"@id":"https:\/\/mrnews.com.br\/#organization"},"articleSection":["ENTRETENIMENTO","NOTICIAS","SERVI\u00c7OS"],"inLanguage":"pt-BR","potentialAction":[{"@type":"CommentAction","name":"Comment","target":["https:\/\/mrnews.com.br\/index.php\/2025\/09\/12\/boric-e-petro-se-manifestam-apos-condenacao-de-bolsonaro\/#respond"]}]},{"@type":"WebPage","@id":"https:\/\/mrnews.com.br\/index.php\/2025\/09\/12\/boric-e-petro-se-manifestam-apos-condenacao-de-bolsonaro\/","url":"https:\/\/mrnews.com.br\/index.php\/2025\/09\/12\/boric-e-petro-se-manifestam-apos-condenacao-de-bolsonaro\/","name":"Boric e Petro se manifestam ap\u00f3s condena\u00e7\u00e3o de Bolsonaro","isPartOf":{"@id":"https:\/\/mrnews.com.br\/#website"},"datePublished":"2025-09-12T03:17:39+00:00","breadcrumb":{"@id":"https:\/\/mrnews.com.br\/index.php\/2025\/09\/12\/boric-e-petro-se-manifestam-apos-condenacao-de-bolsonaro\/#breadcrumb"},"inLanguage":"pt-BR","potentialAction":[{"@type":"ReadAction","target":["https:\/\/mrnews.com.br\/index.php\/2025\/09\/12\/boric-e-petro-se-manifestam-apos-condenacao-de-bolsonaro\/"]}]},{"@type":"BreadcrumbList","@id":"https:\/\/mrnews.com.br\/index.php\/2025\/09\/12\/boric-e-petro-se-manifestam-apos-condenacao-de-bolsonaro\/#breadcrumb","itemListElement":[{"@type":"ListItem","position":1,"name":"In\u00edcio","item":"https:\/\/mrnews.com.br\/"},{"@type":"ListItem","position":2,"name":"Boric e Petro se manifestam ap\u00f3s condena\u00e7\u00e3o de Bolsonaro"}]},{"@type":"WebSite","@id":"https:\/\/mrnews.com.br\/#website","url":"https:\/\/mrnews.com.br\/","name":"MRNews","description":"MRNews Jogos de hoje da TV, transmiss\u00f5es ao vivo, Not\u00edcias de futebol, Jogos ao vivo, Lives, resumo de novelas, Programa\u00e7\u00e3o da Globo, A Fazenda e BBB","publisher":{"@id":"https:\/\/mrnews.com.br\/#organization"},"potentialAction":[{"@type":"SearchAction","target":{"@type":"EntryPoint","urlTemplate":"https:\/\/mrnews.com.br\/?s={search_term_string}"},"query-input":{"@type":"PropertyValueSpecification","valueRequired":true,"valueName":"search_term_string"}}],"inLanguage":"pt-BR"},{"@type":"Organization","@id":"https:\/\/mrnews.com.br\/#organization","name":"MRNews","url":"https:\/\/mrnews.com.br\/","logo":{"@type":"ImageObject","inLanguage":"pt-BR","@id":"https:\/\/mrnews.com.br\/#\/schema\/logo\/image\/","url":"https:\/\/mrnews.com.br\/wp-content\/uploads\/2019\/06\/MRNewslogo2.png","contentUrl":"https:\/\/mrnews.com.br\/wp-content\/uploads\/2019\/06\/MRNewslogo2.png","width":223,"height":58,"caption":"MRNews"},"image":{"@id":"https:\/\/mrnews.com.br\/#\/schema\/logo\/image\/"},"sameAs":["https:\/\/www.facebook.com\/eaipahpah\/?locale2=pt_BR","https:\/\/x.com\/conspirou","https:\/\/www.instagram.com\/eai_pahpah","https:\/\/br.pinterest.com\/mrnewsn\/boards\/","https:\/\/www.youtube.com\/channel\/UCacgnpznQ61fifLWr1tQ-vA?view_as=subscriber"]},{"@type":"Person","@id":"https:\/\/mrnews.com.br\/#\/schema\/person\/be3203154562a9f207407861cef7827b","name":"MR News","image":{"@type":"ImageObject","inLanguage":"pt-BR","@id":"https:\/\/secure.gravatar.com\/avatar\/04084e6d73c042b8646e7c17b494073bf0ede3ea13c7105cfc45cbbbc28385a4?s=96&d=monsterid&r=g","url":"https:\/\/secure.gravatar.com\/avatar\/04084e6d73c042b8646e7c17b494073bf0ede3ea13c7105cfc45cbbbc28385a4?s=96&d=monsterid&r=g","contentUrl":"https:\/\/secure.gravatar.com\/avatar\/04084e6d73c042b8646e7c17b494073bf0ede3ea13c7105cfc45cbbbc28385a4?s=96&d=monsterid&r=g","caption":"MR News"},"description":"Especializado em jornalismo colaborativo pela FTP em n\u00edvel de p\u00f3s-gradua\u00e7\u00e3o. suporte@oimeliga.combr","sameAs":["HUGO R.","Admin"],"url":"https:\/\/mrnews.com.br\/index.php\/author\/admin\/"}]}},"jetpack_featured_media_url":"","jetpack_sharing_enabled":true,"jetpack_shortlink":"https:\/\/wp.me\/pa2Qf7-1STG","amp_enabled":true,"_links":{"self":[{"href":"https:\/\/mrnews.com.br\/index.php\/wp-json\/wp\/v2\/posts\/449356","targetHints":{"allow":["GET"]}}],"collection":[{"href":"https:\/\/mrnews.com.br\/index.php\/wp-json\/wp\/v2\/posts"}],"about":[{"href":"https:\/\/mrnews.com.br\/index.php\/wp-json\/wp\/v2\/types\/post"}],"author":[{"embeddable":true,"href":"https:\/\/mrnews.com.br\/index.php\/wp-json\/wp\/v2\/users\/1"}],"replies":[{"embeddable":true,"href":"https:\/\/mrnews.com.br\/index.php\/wp-json\/wp\/v2\/comments?post=449356"}],"version-history":[{"count":0,"href":"https:\/\/mrnews.com.br\/index.php\/wp-json\/wp\/v2\/posts\/449356\/revisions"}],"wp:attachment":[{"href":"https:\/\/mrnews.com.br\/index.php\/wp-json\/wp\/v2\/media?parent=449356"}],"wp:term":[{"taxonomy":"category","embeddable":true,"href":"https:\/\/mrnews.com.br\/index.php\/wp-json\/wp\/v2\/categories?post=449356"},{"taxonomy":"post_tag","embeddable":true,"href":"https:\/\/mrnews.com.br\/index.php\/wp-json\/wp\/v2\/tags?post=449356"}],"curies":[{"name":"wp","href":"https:\/\/api.w.org\/{rel}","templated":true}]}}