{"id":449365,"date":"2025-09-12T02:23:39","date_gmt":"2025-09-12T05:23:39","guid":{"rendered":"https:\/\/mrnews.com.br\/index.php\/2025\/09\/12\/stm-vai-julgar-perda-de-patente-de-bolsonaro-e-militares-condenados\/"},"modified":"2025-09-12T02:23:39","modified_gmt":"2025-09-12T05:23:39","slug":"stm-vai-julgar-perda-de-patente-de-bolsonaro-e-militares-condenados","status":"publish","type":"post","link":"https:\/\/mrnews.com.br\/index.php\/2025\/09\/12\/stm-vai-julgar-perda-de-patente-de-bolsonaro-e-militares-condenados\/","title":{"rendered":"STM vai julgar perda de patente de Bolsonaro e militares condenados"},"content":{"rendered":"<p>Por EBC, <\/p>\n<div>\n<p>A Primeira Turma do Supremo Tribunal Federal (STF) decidiu nesta quinta-feira (11) que o <strong>Superior Tribunal Militar (STM) dever\u00e1 julgar a perda da patente dos militares das For\u00e7as Armadas condenados na a\u00e7\u00e3o penal da trama golpista<\/strong>.<\/p>\n<p>Com a decis\u00e3o, o <strong>ex-presidente Jair Bolsonaro, que \u00e9 capit\u00e3o da reserva do Ex\u00e9rcito, os generais Augusto Heleno, Paulo Sergio Nogueira, Braga Netto e o almirante Almir Garnier dever\u00e3o ser julgados<\/strong> pelo STM.<\/p>\n<p>De acordo com a Constitui\u00e7\u00e3o, <strong>o oficial das For\u00e7as Armadas pode ser expulso no caso de condena\u00e7\u00e3o criminal superior a dois anos de pris\u00e3o<\/strong>.<\/p>\n<p>A an\u00e1lise do caso pela Justi\u00e7a Militar s\u00f3 poder\u00e1 ocorrer ap\u00f3s o tr\u00e2nsito em julgado da a\u00e7\u00e3o da trama golpista, ou seja, ap\u00f3s o esgotamento de todos os recursos poss\u00edveis contra a condena\u00e7\u00e3o.<\/p>\n<h2>Mauro Cid<\/h2>\n<p><strong>A eventual perda de patente n\u00e3o poder\u00e1 ser aplicada no caso do tenente-coronel Mauro Cid<\/strong>, r\u00e9u e delator na trama golpista. Cid foi condenado a dois em regime aberto e recebeu a garantia de liberdade.<\/p>\n<h2>Delegados<\/h2>\n<p>O STF tamb\u00e9m determinou que o<strong> ex-ministro da Justi\u00e7a, Anderson Torres, e o ex-diretor da Ag\u00eancia Brasileira de Intelig\u00eancia (Abin) Alexandre Ramagem sejam demitidos dos cargos de delegado da Pol\u00edcia Federal.<\/strong><\/p>\n<p>Eles est\u00e3o afastados da corpora\u00e7\u00e3o, mas s\u00e3o concursados e devem perder o cargo em decorr\u00eancia de condena\u00e7\u00e3o pela Corte.<\/p>\n<p>      <!-- Relacionada --><\/p>\n<p>            <!-- Relacionada -->\n    <\/div>\n","protected":false},"excerpt":{"rendered":"<p>Por EBC, A Primeira Turma do Supremo Tribunal Federal (STF) decidiu nesta quinta-feira (11) que o Superior Tribunal Militar (STM) dever\u00e1 julgar a perda da patente dos militares das For\u00e7as Armadas condenados na a\u00e7\u00e3o penal da trama golpista. Com a decis\u00e3o, o ex-presidente Jair Bolsonaro, que \u00e9 capit\u00e3o da reserva do Ex\u00e9rcito, os generais Augusto &hellip;<\/p>\n","protected":false},"author":1,"featured_media":0,"comment_status":"open","ping_status":"open","sticky":false,"template":"","format":"standard","meta":{"_jetpack_memberships_contains_paid_content":false,"footnotes":""},"categories":[2,12225,4],"tags":[],"class_list":["post-449365","post","type-post","status-publish","format-standard","hentry","category-entretenimento","category-noticias","category-servicos"],"yoast_head":"<!-- This site is optimized with the Yoast SEO plugin v27.5 - https:\/\/yoast.com\/product\/yoast-seo-wordpress\/ -->\n<title>STM vai julgar perda de patente de Bolsonaro e militares condenados<\/title>\n<meta name=\"robots\" content=\"index, follow, max-snippet:-1, max-image-preview:large, max-video-preview:-1\" \/>\n<link rel=\"canonical\" href=\"https:\/\/mrnews.com.br\/index.php\/2025\/09\/12\/stm-vai-julgar-perda-de-patente-de-bolsonaro-e-militares-condenados\/\" \/>\n<meta property=\"og:locale\" content=\"pt_BR\" \/>\n<meta property=\"og:type\" content=\"article\" \/>\n<meta property=\"og:title\" content=\"STM vai julgar perda de patente de Bolsonaro e militares condenados\" \/>\n<meta property=\"og:description\" content=\"Por EBC, A Primeira Turma do Supremo Tribunal Federal (STF) decidiu nesta quinta-feira (11) que o Superior Tribunal Militar (STM) dever\u00e1 julgar a perda da patente dos militares das For\u00e7as Armadas condenados na a\u00e7\u00e3o penal da trama golpista. Com a decis\u00e3o, o ex-presidente Jair Bolsonaro, que \u00e9 capit\u00e3o da reserva do Ex\u00e9rcito, os generais Augusto &hellip;\" \/>\n<meta property=\"og:url\" content=\"https:\/\/mrnews.com.br\/index.php\/2025\/09\/12\/stm-vai-julgar-perda-de-patente-de-bolsonaro-e-militares-condenados\/\" \/>\n<meta property=\"og:site_name\" content=\"MRNews\" \/>\n<meta property=\"article:publisher\" content=\"https:\/\/www.facebook.com\/eaipahpah\/?locale2=pt_BR\" \/>\n<meta property=\"article:published_time\" content=\"2025-09-12T05:23:39+00:00\" \/>\n<meta name=\"author\" content=\"MR News\" \/>\n<meta name=\"twitter:card\" content=\"summary_large_image\" \/>\n<meta name=\"twitter:creator\" content=\"@conspirou\" \/>\n<meta name=\"twitter:site\" content=\"@conspirou\" \/>\n<meta name=\"twitter:label1\" content=\"Escrito por\" \/>\n\t<meta name=\"twitter:data1\" content=\"MR News\" \/>\n\t<meta name=\"twitter:label2\" content=\"Est. tempo de leitura\" \/>\n\t<meta name=\"twitter:data2\" content=\"1 minuto\" \/>\n<script type=\"application\/ld+json\" class=\"yoast-schema-graph\">{\"@context\":\"https:\\\/\\\/schema.org\",\"@graph\":[{\"@type\":\"Article\",\"@id\":\"https:\\\/\\\/mrnews.com.br\\\/index.php\\\/2025\\\/09\\\/12\\\/stm-vai-julgar-perda-de-patente-de-bolsonaro-e-militares-condenados\\\/#article\",\"isPartOf\":{\"@id\":\"https:\\\/\\\/mrnews.com.br\\\/index.php\\\/2025\\\/09\\\/12\\\/stm-vai-julgar-perda-de-patente-de-bolsonaro-e-militares-condenados\\\/\"},\"author\":{\"name\":\"MR News\",\"@id\":\"https:\\\/\\\/mrnews.com.br\\\/#\\\/schema\\\/person\\\/be3203154562a9f207407861cef7827b\"},\"headline\":\"STM vai julgar perda de patente de Bolsonaro e militares condenados\",\"datePublished\":\"2025-09-12T05:23:39+00:00\",\"mainEntityOfPage\":{\"@id\":\"https:\\\/\\\/mrnews.com.br\\\/index.php\\\/2025\\\/09\\\/12\\\/stm-vai-julgar-perda-de-patente-de-bolsonaro-e-militares-condenados\\\/\"},\"wordCount\":255,\"commentCount\":0,\"publisher\":{\"@id\":\"https:\\\/\\\/mrnews.com.br\\\/#organization\"},\"articleSection\":[\"ENTRETENIMENTO\",\"NOTICIAS\",\"SERVI\u00c7OS\"],\"inLanguage\":\"pt-BR\",\"potentialAction\":[{\"@type\":\"CommentAction\",\"name\":\"Comment\",\"target\":[\"https:\\\/\\\/mrnews.com.br\\\/index.php\\\/2025\\\/09\\\/12\\\/stm-vai-julgar-perda-de-patente-de-bolsonaro-e-militares-condenados\\\/#respond\"]}]},{\"@type\":\"WebPage\",\"@id\":\"https:\\\/\\\/mrnews.com.br\\\/index.php\\\/2025\\\/09\\\/12\\\/stm-vai-julgar-perda-de-patente-de-bolsonaro-e-militares-condenados\\\/\",\"url\":\"https:\\\/\\\/mrnews.com.br\\\/index.php\\\/2025\\\/09\\\/12\\\/stm-vai-julgar-perda-de-patente-de-bolsonaro-e-militares-condenados\\\/\",\"name\":\"STM vai julgar perda de patente de Bolsonaro e militares condenados\",\"isPartOf\":{\"@id\":\"https:\\\/\\\/mrnews.com.br\\\/#website\"},\"datePublished\":\"2025-09-12T05:23:39+00:00\",\"breadcrumb\":{\"@id\":\"https:\\\/\\\/mrnews.com.br\\\/index.php\\\/2025\\\/09\\\/12\\\/stm-vai-julgar-perda-de-patente-de-bolsonaro-e-militares-condenados\\\/#breadcrumb\"},\"inLanguage\":\"pt-BR\",\"potentialAction\":[{\"@type\":\"ReadAction\",\"target\":[\"https:\\\/\\\/mrnews.com.br\\\/index.php\\\/2025\\\/09\\\/12\\\/stm-vai-julgar-perda-de-patente-de-bolsonaro-e-militares-condenados\\\/\"]}]},{\"@type\":\"BreadcrumbList\",\"@id\":\"https:\\\/\\\/mrnews.com.br\\\/index.php\\\/2025\\\/09\\\/12\\\/stm-vai-julgar-perda-de-patente-de-bolsonaro-e-militares-condenados\\\/#breadcrumb\",\"itemListElement\":[{\"@type\":\"ListItem\",\"position\":1,\"name\":\"In\u00edcio\",\"item\":\"https:\\\/\\\/mrnews.com.br\\\/\"},{\"@type\":\"ListItem\",\"position\":2,\"name\":\"STM vai julgar perda de patente de Bolsonaro e militares condenados\"}]},{\"@type\":\"WebSite\",\"@id\":\"https:\\\/\\\/mrnews.com.br\\\/#website\",\"url\":\"https:\\\/\\\/mrnews.com.br\\\/\",\"name\":\"MRNews\",\"description\":\"MRNews Jogos de hoje da TV, transmiss\u00f5es ao vivo, Not\u00edcias de futebol, Jogos ao vivo, Lives, resumo de novelas, Programa\u00e7\u00e3o da Globo, A Fazenda e BBB\",\"publisher\":{\"@id\":\"https:\\\/\\\/mrnews.com.br\\\/#organization\"},\"potentialAction\":[{\"@type\":\"SearchAction\",\"target\":{\"@type\":\"EntryPoint\",\"urlTemplate\":\"https:\\\/\\\/mrnews.com.br\\\/?s={search_term_string}\"},\"query-input\":{\"@type\":\"PropertyValueSpecification\",\"valueRequired\":true,\"valueName\":\"search_term_string\"}}],\"inLanguage\":\"pt-BR\"},{\"@type\":\"Organization\",\"@id\":\"https:\\\/\\\/mrnews.com.br\\\/#organization\",\"name\":\"MRNews\",\"url\":\"https:\\\/\\\/mrnews.com.br\\\/\",\"logo\":{\"@type\":\"ImageObject\",\"inLanguage\":\"pt-BR\",\"@id\":\"https:\\\/\\\/mrnews.com.br\\\/#\\\/schema\\\/logo\\\/image\\\/\",\"url\":\"https:\\\/\\\/mrnews.com.br\\\/wp-content\\\/uploads\\\/2019\\\/06\\\/MRNewslogo2.png\",\"contentUrl\":\"https:\\\/\\\/mrnews.com.br\\\/wp-content\\\/uploads\\\/2019\\\/06\\\/MRNewslogo2.png\",\"width\":223,\"height\":58,\"caption\":\"MRNews\"},\"image\":{\"@id\":\"https:\\\/\\\/mrnews.com.br\\\/#\\\/schema\\\/logo\\\/image\\\/\"},\"sameAs\":[\"https:\\\/\\\/www.facebook.com\\\/eaipahpah\\\/?locale2=pt_BR\",\"https:\\\/\\\/x.com\\\/conspirou\",\"https:\\\/\\\/www.instagram.com\\\/eai_pahpah\",\"https:\\\/\\\/br.pinterest.com\\\/mrnewsn\\\/boards\\\/\",\"https:\\\/\\\/www.youtube.com\\\/channel\\\/UCacgnpznQ61fifLWr1tQ-vA?view_as=subscriber\"]},{\"@type\":\"Person\",\"@id\":\"https:\\\/\\\/mrnews.com.br\\\/#\\\/schema\\\/person\\\/be3203154562a9f207407861cef7827b\",\"name\":\"MR News\",\"image\":{\"@type\":\"ImageObject\",\"inLanguage\":\"pt-BR\",\"@id\":\"https:\\\/\\\/secure.gravatar.com\\\/avatar\\\/04084e6d73c042b8646e7c17b494073bf0ede3ea13c7105cfc45cbbbc28385a4?s=96&d=monsterid&r=g\",\"url\":\"https:\\\/\\\/secure.gravatar.com\\\/avatar\\\/04084e6d73c042b8646e7c17b494073bf0ede3ea13c7105cfc45cbbbc28385a4?s=96&d=monsterid&r=g\",\"contentUrl\":\"https:\\\/\\\/secure.gravatar.com\\\/avatar\\\/04084e6d73c042b8646e7c17b494073bf0ede3ea13c7105cfc45cbbbc28385a4?s=96&d=monsterid&r=g\",\"caption\":\"MR News\"},\"description\":\"Especializado em jornalismo colaborativo pela FTP em n\u00edvel de p\u00f3s-gradua\u00e7\u00e3o. suporte@oimeliga.combr\",\"sameAs\":[\"HUGO R.\",\"Admin\"],\"url\":\"https:\\\/\\\/mrnews.com.br\\\/index.php\\\/author\\\/admin\\\/\"}]}<\/script>\n<!-- \/ Yoast SEO plugin. -->","yoast_head_json":{"title":"STM vai julgar perda de patente de Bolsonaro e militares condenados","robots":{"index":"index","follow":"follow","max-snippet":"max-snippet:-1","max-image-preview":"max-image-preview:large","max-video-preview":"max-video-preview:-1"},"canonical":"https:\/\/mrnews.com.br\/index.php\/2025\/09\/12\/stm-vai-julgar-perda-de-patente-de-bolsonaro-e-militares-condenados\/","og_locale":"pt_BR","og_type":"article","og_title":"STM vai julgar perda de patente de Bolsonaro e militares condenados","og_description":"Por EBC, A Primeira Turma do Supremo Tribunal Federal (STF) decidiu nesta quinta-feira (11) que o Superior Tribunal Militar (STM) dever\u00e1 julgar a perda da patente dos militares das For\u00e7as Armadas condenados na a\u00e7\u00e3o penal da trama golpista. Com a decis\u00e3o, o ex-presidente Jair Bolsonaro, que \u00e9 capit\u00e3o da reserva do Ex\u00e9rcito, os generais Augusto &hellip;","og_url":"https:\/\/mrnews.com.br\/index.php\/2025\/09\/12\/stm-vai-julgar-perda-de-patente-de-bolsonaro-e-militares-condenados\/","og_site_name":"MRNews","article_publisher":"https:\/\/www.facebook.com\/eaipahpah\/?locale2=pt_BR","article_published_time":"2025-09-12T05:23:39+00:00","author":"MR News","twitter_card":"summary_large_image","twitter_creator":"@conspirou","twitter_site":"@conspirou","twitter_misc":{"Escrito por":"MR News","Est. tempo de leitura":"1 minuto"},"schema":{"@context":"https:\/\/schema.org","@graph":[{"@type":"Article","@id":"https:\/\/mrnews.com.br\/index.php\/2025\/09\/12\/stm-vai-julgar-perda-de-patente-de-bolsonaro-e-militares-condenados\/#article","isPartOf":{"@id":"https:\/\/mrnews.com.br\/index.php\/2025\/09\/12\/stm-vai-julgar-perda-de-patente-de-bolsonaro-e-militares-condenados\/"},"author":{"name":"MR News","@id":"https:\/\/mrnews.com.br\/#\/schema\/person\/be3203154562a9f207407861cef7827b"},"headline":"STM vai julgar perda de patente de Bolsonaro e militares condenados","datePublished":"2025-09-12T05:23:39+00:00","mainEntityOfPage":{"@id":"https:\/\/mrnews.com.br\/index.php\/2025\/09\/12\/stm-vai-julgar-perda-de-patente-de-bolsonaro-e-militares-condenados\/"},"wordCount":255,"commentCount":0,"publisher":{"@id":"https:\/\/mrnews.com.br\/#organization"},"articleSection":["ENTRETENIMENTO","NOTICIAS","SERVI\u00c7OS"],"inLanguage":"pt-BR","potentialAction":[{"@type":"CommentAction","name":"Comment","target":["https:\/\/mrnews.com.br\/index.php\/2025\/09\/12\/stm-vai-julgar-perda-de-patente-de-bolsonaro-e-militares-condenados\/#respond"]}]},{"@type":"WebPage","@id":"https:\/\/mrnews.com.br\/index.php\/2025\/09\/12\/stm-vai-julgar-perda-de-patente-de-bolsonaro-e-militares-condenados\/","url":"https:\/\/mrnews.com.br\/index.php\/2025\/09\/12\/stm-vai-julgar-perda-de-patente-de-bolsonaro-e-militares-condenados\/","name":"STM vai julgar perda de patente de Bolsonaro e militares condenados","isPartOf":{"@id":"https:\/\/mrnews.com.br\/#website"},"datePublished":"2025-09-12T05:23:39+00:00","breadcrumb":{"@id":"https:\/\/mrnews.com.br\/index.php\/2025\/09\/12\/stm-vai-julgar-perda-de-patente-de-bolsonaro-e-militares-condenados\/#breadcrumb"},"inLanguage":"pt-BR","potentialAction":[{"@type":"ReadAction","target":["https:\/\/mrnews.com.br\/index.php\/2025\/09\/12\/stm-vai-julgar-perda-de-patente-de-bolsonaro-e-militares-condenados\/"]}]},{"@type":"BreadcrumbList","@id":"https:\/\/mrnews.com.br\/index.php\/2025\/09\/12\/stm-vai-julgar-perda-de-patente-de-bolsonaro-e-militares-condenados\/#breadcrumb","itemListElement":[{"@type":"ListItem","position":1,"name":"In\u00edcio","item":"https:\/\/mrnews.com.br\/"},{"@type":"ListItem","position":2,"name":"STM vai julgar perda de patente de Bolsonaro e militares condenados"}]},{"@type":"WebSite","@id":"https:\/\/mrnews.com.br\/#website","url":"https:\/\/mrnews.com.br\/","name":"MRNews","description":"MRNews Jogos de hoje da TV, transmiss\u00f5es ao vivo, Not\u00edcias de futebol, Jogos ao vivo, Lives, resumo de novelas, Programa\u00e7\u00e3o da Globo, A Fazenda e BBB","publisher":{"@id":"https:\/\/mrnews.com.br\/#organization"},"potentialAction":[{"@type":"SearchAction","target":{"@type":"EntryPoint","urlTemplate":"https:\/\/mrnews.com.br\/?s={search_term_string}"},"query-input":{"@type":"PropertyValueSpecification","valueRequired":true,"valueName":"search_term_string"}}],"inLanguage":"pt-BR"},{"@type":"Organization","@id":"https:\/\/mrnews.com.br\/#organization","name":"MRNews","url":"https:\/\/mrnews.com.br\/","logo":{"@type":"ImageObject","inLanguage":"pt-BR","@id":"https:\/\/mrnews.com.br\/#\/schema\/logo\/image\/","url":"https:\/\/mrnews.com.br\/wp-content\/uploads\/2019\/06\/MRNewslogo2.png","contentUrl":"https:\/\/mrnews.com.br\/wp-content\/uploads\/2019\/06\/MRNewslogo2.png","width":223,"height":58,"caption":"MRNews"},"image":{"@id":"https:\/\/mrnews.com.br\/#\/schema\/logo\/image\/"},"sameAs":["https:\/\/www.facebook.com\/eaipahpah\/?locale2=pt_BR","https:\/\/x.com\/conspirou","https:\/\/www.instagram.com\/eai_pahpah","https:\/\/br.pinterest.com\/mrnewsn\/boards\/","https:\/\/www.youtube.com\/channel\/UCacgnpznQ61fifLWr1tQ-vA?view_as=subscriber"]},{"@type":"Person","@id":"https:\/\/mrnews.com.br\/#\/schema\/person\/be3203154562a9f207407861cef7827b","name":"MR News","image":{"@type":"ImageObject","inLanguage":"pt-BR","@id":"https:\/\/secure.gravatar.com\/avatar\/04084e6d73c042b8646e7c17b494073bf0ede3ea13c7105cfc45cbbbc28385a4?s=96&d=monsterid&r=g","url":"https:\/\/secure.gravatar.com\/avatar\/04084e6d73c042b8646e7c17b494073bf0ede3ea13c7105cfc45cbbbc28385a4?s=96&d=monsterid&r=g","contentUrl":"https:\/\/secure.gravatar.com\/avatar\/04084e6d73c042b8646e7c17b494073bf0ede3ea13c7105cfc45cbbbc28385a4?s=96&d=monsterid&r=g","caption":"MR News"},"description":"Especializado em jornalismo colaborativo pela FTP em n\u00edvel de p\u00f3s-gradua\u00e7\u00e3o. suporte@oimeliga.combr","sameAs":["HUGO R.","Admin"],"url":"https:\/\/mrnews.com.br\/index.php\/author\/admin\/"}]}},"jetpack_featured_media_url":"","jetpack_sharing_enabled":true,"jetpack_shortlink":"https:\/\/wp.me\/pa2Qf7-1STP","amp_enabled":true,"_links":{"self":[{"href":"https:\/\/mrnews.com.br\/index.php\/wp-json\/wp\/v2\/posts\/449365","targetHints":{"allow":["GET"]}}],"collection":[{"href":"https:\/\/mrnews.com.br\/index.php\/wp-json\/wp\/v2\/posts"}],"about":[{"href":"https:\/\/mrnews.com.br\/index.php\/wp-json\/wp\/v2\/types\/post"}],"author":[{"embeddable":true,"href":"https:\/\/mrnews.com.br\/index.php\/wp-json\/wp\/v2\/users\/1"}],"replies":[{"embeddable":true,"href":"https:\/\/mrnews.com.br\/index.php\/wp-json\/wp\/v2\/comments?post=449365"}],"version-history":[{"count":0,"href":"https:\/\/mrnews.com.br\/index.php\/wp-json\/wp\/v2\/posts\/449365\/revisions"}],"wp:attachment":[{"href":"https:\/\/mrnews.com.br\/index.php\/wp-json\/wp\/v2\/media?parent=449365"}],"wp:term":[{"taxonomy":"category","embeddable":true,"href":"https:\/\/mrnews.com.br\/index.php\/wp-json\/wp\/v2\/categories?post=449365"},{"taxonomy":"post_tag","embeddable":true,"href":"https:\/\/mrnews.com.br\/index.php\/wp-json\/wp\/v2\/tags?post=449365"}],"curies":[{"name":"wp","href":"https:\/\/api.w.org\/{rel}","templated":true}]}}