{"id":449382,"date":"2025-09-12T14:17:38","date_gmt":"2025-09-12T17:17:38","guid":{"rendered":"https:\/\/mrnews.com.br\/index.php\/2025\/09\/12\/lupicinio-rodrigues-e-pixinguinha-sao-declarados-patronos-da-mpb\/"},"modified":"2025-09-12T14:17:38","modified_gmt":"2025-09-12T17:17:38","slug":"lupicinio-rodrigues-e-pixinguinha-sao-declarados-patronos-da-mpb","status":"publish","type":"post","link":"https:\/\/mrnews.com.br\/index.php\/2025\/09\/12\/lupicinio-rodrigues-e-pixinguinha-sao-declarados-patronos-da-mpb\/","title":{"rendered":"Lupic\u00ednio Rodrigues e Pixinguinha s\u00e3o declarados patronos da MPB"},"content":{"rendered":"<p>Por EBC, <\/p>\n<div>\n<p>\u00cdcones da cultura nacional, Pixinguinha e Lupic\u00ednio Rodrigues s\u00e3o oficialmente patronos da M\u00fasica Popular Brasileira (MPB).\u00a0 A lei que d\u00e1 esse t\u00edtulo aos m\u00fasicos foi sancionada pelo presidente Luiz In\u00e1cio Lula da Silva\u00a0e foi publicada no Di\u00e1rio Oficial da Uni\u00e3o desta sexta-feira (12).<\/p>\n<p>O t\u00edtulo de patrono \u00e9 atribu\u00eddo a brasileiros mortos h\u00e1 pelo menos 10 anos que tenham se destacado por excepcional contribui\u00e7\u00e3o ou especial dedica\u00e7\u00e3o ao segmento homenageado.<\/p>\n<p>&gt;&gt; Siga o canal da <strong>Ag\u00eancia Brasil <\/strong>no WhatsApp<\/p>\n<h2>Lupic\u00ednio Rodrigues<br \/>\u00a0<\/h2>\n<div class=\"dnd-widget-wrapper context-cheio_8colunas type-image\">\n<div class=\"dnd-atom-rendered\"><!-- scald=399550:cheio_8colunas --><\/p>\n<p>    <!-- END scald=399550 --><\/div>\n<div class=\"dnd-caption-wrapper\">\n<p>O m\u00fasico brasileiro Lupic\u00ednio Rodrigues\u00a0\u00e9 considerado o criador do estilo \u201cdor-de-cotovelo\u201d.\u00a0<strong>Ag\u00eancia C\u00e2mara de Not\u00edcias\/Divulga\u00e7\u00e3o<\/strong><!--END copyright=399550--><\/p>\n<\/div>\n<\/div>\n<p>Nascido em Porto Alegre, em 16 de setembro de 1914, Lupic\u00ednio Rodrigues \u00e9 considerado o criador do estilo \u201cdor-de-cotovelo\u201d, caracterizado por can\u00e7\u00f5es que expressam desilus\u00f5es amorosas com profundidade po\u00e9tica. Obras suas, como <em>Felicidade\u00a0<\/em>e <em>Nervos de A\u00e7o<\/em>, foram interpretadas por grandes nomes da m\u00fasica brasileira e seguem vivas na mem\u00f3ria afetiva dos brasileiros.<\/p>\n<p>Aos 14 anos comp\u00f4s sua primeira m\u00fasica: <em>Carnaval<\/em>. \u00c9 dele tamb\u00e9m a autoria do hino do time de futebol de seu cora\u00e7\u00e3o, o Gr\u00eamio \u2013 composto em 1953.<\/p>\n<p>Seu v\u00ednculo com o Rio Grande do Sul era tamanho\u00a0a ponto de ele nunca ter morado em qualquer outro estado. As viagens a passeio ou a trabalho eram sempre por curtos per\u00edodos de tempo.<\/p>\n<p>Seu primeiro grande sucesso foi a m\u00fasica <em>Se acaso voc\u00ea chegasse<\/em>, cantada por diversos int\u00e9rpretes de renome no cen\u00e1rio nacional. Deixou, como legado, cerca de 150 can\u00e7\u00f5es, at\u00e9 seu falecimento, aos 59 anos, por problemas no cora\u00e7\u00e3o.<\/p>\n<h2>Pixinguinha<br \/>\u00a0<\/h2>\n<div class=\"dnd-widget-wrapper context-cheio_8colunas type-image\">\n<div class=\"dnd-atom-rendered\"><!-- scald=315466:cheio_8colunas --><\/p>\n<p>    <!-- END scald=315466 --><\/div>\n<div class=\"dnd-caption-wrapper\"><!--copyright=315466--><\/p>\n<p>Pixinguinha, um dos maiores compositores brasileiros e um dos precursores do chorinho. <strong>Foto: Arquivo Nacional\u00a0<\/strong><!--END copyright=315466--><\/p>\n<\/div>\n<\/div>\n<p>O chorinho, um dos estilos musicais mais tradicionais do Brasil, n\u00e3o seria o mesmo sem Alfredo da Rocha Vianna Filho, popularmente conhecido como Pixinguinha. Nascido no Rio de Janeiro, em 4 de maio de 1897, Pixinguinha foi saxofonista, flautista e maestro.\u00a0<\/p>\n<p>Suas harmonias carregavam influ\u00eancias que iam do jazz norte-americano aos ritmos africanos e brasileiros, resultando em uma experi\u00eancia sonora que influencia intensamente a cena musical at\u00e9 os dias atuais.<\/p>\n<p>\u00c9 conhecido\u00a0como um dos maiores expoentes da m\u00fasica brasileira. Foi respons\u00e1vel por consolidar o\u00a0choro e por influenciar profundamente a forma\u00e7\u00e3o da m\u00fasica popular brasileira moderna. Entre suas obras mais conhecidas est\u00e3o <em>Carinhoso<\/em>, <em>Rosa<\/em>\u00a0e <em>Lamentos<\/em>. O Dia Nacional do Choro, lembrado\u00a0em 23 de abril por meio da Lei 10.000\/2000, homenageia seu legado.<\/p>\n<p>Apelidado de Pixinguinha pela av\u00f3, ele come\u00e7ou a trajet\u00f3ria musical sob a batuta do pai e, ainda jovem, integrou o grupo Os Oito Batutas, levando o choro a palcos nacionais e internacionais. Definiu o estilo do choro com suas melodias ricas e arranjos sofisticados. Trabalhou como arranjador na RCA Victor e criou trilhas para cinema, mantendo viva sua influ\u00eancia at\u00e9 morrer em 17 de fevereiro de 1974.<\/p>\n<h2>&gt;&gt; Veja mat\u00e9ria da <strong>TV Brasil<\/strong> que relembra os 50 anos da morte de Pixinguinha<\/h2>\n<h2><span class=\"embed-youtube\" style=\"text-align:center; display: block;\"><iframe loading=\"lazy\" class=\"youtube-player\" width=\"640\" height=\"360\" src=\"https:\/\/www.youtube.com\/embed\/SHCNFNV9kNk?version=3&#038;rel=1&#038;showsearch=0&#038;showinfo=1&#038;iv_load_policy=1&#038;fs=1&#038;hl=pt-BR&#038;autohide=2&#038;wmode=transparent\" allowfullscreen=\"true\" style=\"border:0;\" sandbox=\"allow-scripts allow-same-origin allow-popups allow-presentation allow-popups-to-escape-sandbox\"><\/iframe><\/span><\/h2>\n<h2>\u00a0<\/h2>\n<h2>&gt;&gt; Veja o Caminhos da Reportagem &#8211; Pixinguinha ao mestre com carinho\u00a0<\/h2>\n<h2><span class=\"embed-youtube\" style=\"text-align:center; display: block;\"><iframe loading=\"lazy\" class=\"youtube-player\" width=\"640\" height=\"360\" src=\"https:\/\/www.youtube.com\/embed\/0GMqSatn4is?version=3&#038;rel=1&#038;showsearch=0&#038;showinfo=1&#038;iv_load_policy=1&#038;fs=1&#038;hl=pt-BR&#038;autohide=2&#038;wmode=transparent\" allowfullscreen=\"true\" style=\"border:0;\" sandbox=\"allow-scripts allow-same-origin allow-popups allow-presentation allow-popups-to-escape-sandbox\"><\/iframe><\/span><\/h2>\n<p>      <!-- Relacionada --><\/p>\n<p>            <!-- Relacionada -->\n    <\/div>\n","protected":false},"excerpt":{"rendered":"<p>Por EBC, \u00cdcones da cultura nacional, Pixinguinha e Lupic\u00ednio Rodrigues s\u00e3o oficialmente patronos da M\u00fasica Popular Brasileira (MPB).\u00a0 A lei que d\u00e1 esse t\u00edtulo aos m\u00fasicos foi sancionada pelo presidente Luiz In\u00e1cio Lula da Silva\u00a0e foi publicada no Di\u00e1rio Oficial da Uni\u00e3o desta sexta-feira (12). O t\u00edtulo de patrono \u00e9 atribu\u00eddo a brasileiros mortos h\u00e1 &hellip;<\/p>\n","protected":false},"author":1,"featured_media":0,"comment_status":"open","ping_status":"open","sticky":false,"template":"","format":"standard","meta":{"_jetpack_memberships_contains_paid_content":false,"footnotes":""},"categories":[2,12225,4],"tags":[],"class_list":["post-449382","post","type-post","status-publish","format-standard","hentry","category-entretenimento","category-noticias","category-servicos"],"yoast_head":"<!-- This site is optimized with the Yoast SEO plugin v27.5 - https:\/\/yoast.com\/product\/yoast-seo-wordpress\/ -->\n<title>Lupic\u00ednio Rodrigues e Pixinguinha s\u00e3o declarados patronos da MPB<\/title>\n<meta name=\"robots\" content=\"index, follow, max-snippet:-1, max-image-preview:large, max-video-preview:-1\" \/>\n<link rel=\"canonical\" href=\"https:\/\/mrnews.com.br\/index.php\/2025\/09\/12\/lupicinio-rodrigues-e-pixinguinha-sao-declarados-patronos-da-mpb\/\" \/>\n<meta property=\"og:locale\" content=\"pt_BR\" \/>\n<meta property=\"og:type\" content=\"article\" \/>\n<meta property=\"og:title\" content=\"Lupic\u00ednio Rodrigues e Pixinguinha s\u00e3o declarados patronos da MPB\" \/>\n<meta property=\"og:description\" content=\"Por EBC, \u00cdcones da cultura nacional, Pixinguinha e Lupic\u00ednio Rodrigues s\u00e3o oficialmente patronos da M\u00fasica Popular Brasileira (MPB).\u00a0 A lei que d\u00e1 esse t\u00edtulo aos m\u00fasicos foi sancionada pelo presidente Luiz In\u00e1cio Lula da Silva\u00a0e foi publicada no Di\u00e1rio Oficial da Uni\u00e3o desta sexta-feira (12). O t\u00edtulo de patrono \u00e9 atribu\u00eddo a brasileiros mortos h\u00e1 &hellip;\" \/>\n<meta property=\"og:url\" content=\"https:\/\/mrnews.com.br\/index.php\/2025\/09\/12\/lupicinio-rodrigues-e-pixinguinha-sao-declarados-patronos-da-mpb\/\" \/>\n<meta property=\"og:site_name\" content=\"MRNews\" \/>\n<meta property=\"article:publisher\" content=\"https:\/\/www.facebook.com\/eaipahpah\/?locale2=pt_BR\" \/>\n<meta property=\"article:published_time\" content=\"2025-09-12T17:17:38+00:00\" \/>\n<meta name=\"author\" content=\"MR News\" \/>\n<meta name=\"twitter:card\" content=\"summary_large_image\" \/>\n<meta name=\"twitter:creator\" content=\"@conspirou\" \/>\n<meta name=\"twitter:site\" content=\"@conspirou\" \/>\n<meta name=\"twitter:label1\" content=\"Escrito por\" \/>\n\t<meta name=\"twitter:data1\" content=\"MR News\" \/>\n\t<meta name=\"twitter:label2\" content=\"Est. tempo de leitura\" \/>\n\t<meta name=\"twitter:data2\" content=\"3 minutos\" \/>\n<script type=\"application\/ld+json\" class=\"yoast-schema-graph\">{\"@context\":\"https:\\\/\\\/schema.org\",\"@graph\":[{\"@type\":\"Article\",\"@id\":\"https:\\\/\\\/mrnews.com.br\\\/index.php\\\/2025\\\/09\\\/12\\\/lupicinio-rodrigues-e-pixinguinha-sao-declarados-patronos-da-mpb\\\/#article\",\"isPartOf\":{\"@id\":\"https:\\\/\\\/mrnews.com.br\\\/index.php\\\/2025\\\/09\\\/12\\\/lupicinio-rodrigues-e-pixinguinha-sao-declarados-patronos-da-mpb\\\/\"},\"author\":{\"name\":\"MR News\",\"@id\":\"https:\\\/\\\/mrnews.com.br\\\/#\\\/schema\\\/person\\\/be3203154562a9f207407861cef7827b\"},\"headline\":\"Lupic\u00ednio Rodrigues e Pixinguinha s\u00e3o declarados patronos da MPB\",\"datePublished\":\"2025-09-12T17:17:38+00:00\",\"mainEntityOfPage\":{\"@id\":\"https:\\\/\\\/mrnews.com.br\\\/index.php\\\/2025\\\/09\\\/12\\\/lupicinio-rodrigues-e-pixinguinha-sao-declarados-patronos-da-mpb\\\/\"},\"wordCount\":553,\"commentCount\":0,\"publisher\":{\"@id\":\"https:\\\/\\\/mrnews.com.br\\\/#organization\"},\"articleSection\":[\"ENTRETENIMENTO\",\"NOTICIAS\",\"SERVI\u00c7OS\"],\"inLanguage\":\"pt-BR\",\"potentialAction\":[{\"@type\":\"CommentAction\",\"name\":\"Comment\",\"target\":[\"https:\\\/\\\/mrnews.com.br\\\/index.php\\\/2025\\\/09\\\/12\\\/lupicinio-rodrigues-e-pixinguinha-sao-declarados-patronos-da-mpb\\\/#respond\"]}]},{\"@type\":\"WebPage\",\"@id\":\"https:\\\/\\\/mrnews.com.br\\\/index.php\\\/2025\\\/09\\\/12\\\/lupicinio-rodrigues-e-pixinguinha-sao-declarados-patronos-da-mpb\\\/\",\"url\":\"https:\\\/\\\/mrnews.com.br\\\/index.php\\\/2025\\\/09\\\/12\\\/lupicinio-rodrigues-e-pixinguinha-sao-declarados-patronos-da-mpb\\\/\",\"name\":\"Lupic\u00ednio Rodrigues e Pixinguinha s\u00e3o declarados patronos da MPB\",\"isPartOf\":{\"@id\":\"https:\\\/\\\/mrnews.com.br\\\/#website\"},\"datePublished\":\"2025-09-12T17:17:38+00:00\",\"breadcrumb\":{\"@id\":\"https:\\\/\\\/mrnews.com.br\\\/index.php\\\/2025\\\/09\\\/12\\\/lupicinio-rodrigues-e-pixinguinha-sao-declarados-patronos-da-mpb\\\/#breadcrumb\"},\"inLanguage\":\"pt-BR\",\"potentialAction\":[{\"@type\":\"ReadAction\",\"target\":[\"https:\\\/\\\/mrnews.com.br\\\/index.php\\\/2025\\\/09\\\/12\\\/lupicinio-rodrigues-e-pixinguinha-sao-declarados-patronos-da-mpb\\\/\"]}]},{\"@type\":\"BreadcrumbList\",\"@id\":\"https:\\\/\\\/mrnews.com.br\\\/index.php\\\/2025\\\/09\\\/12\\\/lupicinio-rodrigues-e-pixinguinha-sao-declarados-patronos-da-mpb\\\/#breadcrumb\",\"itemListElement\":[{\"@type\":\"ListItem\",\"position\":1,\"name\":\"In\u00edcio\",\"item\":\"https:\\\/\\\/mrnews.com.br\\\/\"},{\"@type\":\"ListItem\",\"position\":2,\"name\":\"Lupic\u00ednio Rodrigues e Pixinguinha s\u00e3o declarados patronos da MPB\"}]},{\"@type\":\"WebSite\",\"@id\":\"https:\\\/\\\/mrnews.com.br\\\/#website\",\"url\":\"https:\\\/\\\/mrnews.com.br\\\/\",\"name\":\"MRNews\",\"description\":\"MRNews Jogos de hoje da TV, transmiss\u00f5es ao vivo, Not\u00edcias de futebol, Jogos ao vivo, Lives, resumo de novelas, Programa\u00e7\u00e3o da Globo, A Fazenda e BBB\",\"publisher\":{\"@id\":\"https:\\\/\\\/mrnews.com.br\\\/#organization\"},\"potentialAction\":[{\"@type\":\"SearchAction\",\"target\":{\"@type\":\"EntryPoint\",\"urlTemplate\":\"https:\\\/\\\/mrnews.com.br\\\/?s={search_term_string}\"},\"query-input\":{\"@type\":\"PropertyValueSpecification\",\"valueRequired\":true,\"valueName\":\"search_term_string\"}}],\"inLanguage\":\"pt-BR\"},{\"@type\":\"Organization\",\"@id\":\"https:\\\/\\\/mrnews.com.br\\\/#organization\",\"name\":\"MRNews\",\"url\":\"https:\\\/\\\/mrnews.com.br\\\/\",\"logo\":{\"@type\":\"ImageObject\",\"inLanguage\":\"pt-BR\",\"@id\":\"https:\\\/\\\/mrnews.com.br\\\/#\\\/schema\\\/logo\\\/image\\\/\",\"url\":\"https:\\\/\\\/mrnews.com.br\\\/wp-content\\\/uploads\\\/2019\\\/06\\\/MRNewslogo2.png\",\"contentUrl\":\"https:\\\/\\\/mrnews.com.br\\\/wp-content\\\/uploads\\\/2019\\\/06\\\/MRNewslogo2.png\",\"width\":223,\"height\":58,\"caption\":\"MRNews\"},\"image\":{\"@id\":\"https:\\\/\\\/mrnews.com.br\\\/#\\\/schema\\\/logo\\\/image\\\/\"},\"sameAs\":[\"https:\\\/\\\/www.facebook.com\\\/eaipahpah\\\/?locale2=pt_BR\",\"https:\\\/\\\/x.com\\\/conspirou\",\"https:\\\/\\\/www.instagram.com\\\/eai_pahpah\",\"https:\\\/\\\/br.pinterest.com\\\/mrnewsn\\\/boards\\\/\",\"https:\\\/\\\/www.youtube.com\\\/channel\\\/UCacgnpznQ61fifLWr1tQ-vA?view_as=subscriber\"]},{\"@type\":\"Person\",\"@id\":\"https:\\\/\\\/mrnews.com.br\\\/#\\\/schema\\\/person\\\/be3203154562a9f207407861cef7827b\",\"name\":\"MR News\",\"image\":{\"@type\":\"ImageObject\",\"inLanguage\":\"pt-BR\",\"@id\":\"https:\\\/\\\/secure.gravatar.com\\\/avatar\\\/04084e6d73c042b8646e7c17b494073bf0ede3ea13c7105cfc45cbbbc28385a4?s=96&d=monsterid&r=g\",\"url\":\"https:\\\/\\\/secure.gravatar.com\\\/avatar\\\/04084e6d73c042b8646e7c17b494073bf0ede3ea13c7105cfc45cbbbc28385a4?s=96&d=monsterid&r=g\",\"contentUrl\":\"https:\\\/\\\/secure.gravatar.com\\\/avatar\\\/04084e6d73c042b8646e7c17b494073bf0ede3ea13c7105cfc45cbbbc28385a4?s=96&d=monsterid&r=g\",\"caption\":\"MR News\"},\"description\":\"Especializado em jornalismo colaborativo pela FTP em n\u00edvel de p\u00f3s-gradua\u00e7\u00e3o. suporte@oimeliga.combr\",\"sameAs\":[\"HUGO R.\",\"Admin\"],\"url\":\"https:\\\/\\\/mrnews.com.br\\\/index.php\\\/author\\\/admin\\\/\"}]}<\/script>\n<!-- \/ Yoast SEO plugin. -->","yoast_head_json":{"title":"Lupic\u00ednio Rodrigues e Pixinguinha s\u00e3o declarados patronos da MPB","robots":{"index":"index","follow":"follow","max-snippet":"max-snippet:-1","max-image-preview":"max-image-preview:large","max-video-preview":"max-video-preview:-1"},"canonical":"https:\/\/mrnews.com.br\/index.php\/2025\/09\/12\/lupicinio-rodrigues-e-pixinguinha-sao-declarados-patronos-da-mpb\/","og_locale":"pt_BR","og_type":"article","og_title":"Lupic\u00ednio Rodrigues e Pixinguinha s\u00e3o declarados patronos da MPB","og_description":"Por EBC, \u00cdcones da cultura nacional, Pixinguinha e Lupic\u00ednio Rodrigues s\u00e3o oficialmente patronos da M\u00fasica Popular Brasileira (MPB).\u00a0 A lei que d\u00e1 esse t\u00edtulo aos m\u00fasicos foi sancionada pelo presidente Luiz In\u00e1cio Lula da Silva\u00a0e foi publicada no Di\u00e1rio Oficial da Uni\u00e3o desta sexta-feira (12). O t\u00edtulo de patrono \u00e9 atribu\u00eddo a brasileiros mortos h\u00e1 &hellip;","og_url":"https:\/\/mrnews.com.br\/index.php\/2025\/09\/12\/lupicinio-rodrigues-e-pixinguinha-sao-declarados-patronos-da-mpb\/","og_site_name":"MRNews","article_publisher":"https:\/\/www.facebook.com\/eaipahpah\/?locale2=pt_BR","article_published_time":"2025-09-12T17:17:38+00:00","author":"MR News","twitter_card":"summary_large_image","twitter_creator":"@conspirou","twitter_site":"@conspirou","twitter_misc":{"Escrito por":"MR News","Est. tempo de leitura":"3 minutos"},"schema":{"@context":"https:\/\/schema.org","@graph":[{"@type":"Article","@id":"https:\/\/mrnews.com.br\/index.php\/2025\/09\/12\/lupicinio-rodrigues-e-pixinguinha-sao-declarados-patronos-da-mpb\/#article","isPartOf":{"@id":"https:\/\/mrnews.com.br\/index.php\/2025\/09\/12\/lupicinio-rodrigues-e-pixinguinha-sao-declarados-patronos-da-mpb\/"},"author":{"name":"MR News","@id":"https:\/\/mrnews.com.br\/#\/schema\/person\/be3203154562a9f207407861cef7827b"},"headline":"Lupic\u00ednio Rodrigues e Pixinguinha s\u00e3o declarados patronos da MPB","datePublished":"2025-09-12T17:17:38+00:00","mainEntityOfPage":{"@id":"https:\/\/mrnews.com.br\/index.php\/2025\/09\/12\/lupicinio-rodrigues-e-pixinguinha-sao-declarados-patronos-da-mpb\/"},"wordCount":553,"commentCount":0,"publisher":{"@id":"https:\/\/mrnews.com.br\/#organization"},"articleSection":["ENTRETENIMENTO","NOTICIAS","SERVI\u00c7OS"],"inLanguage":"pt-BR","potentialAction":[{"@type":"CommentAction","name":"Comment","target":["https:\/\/mrnews.com.br\/index.php\/2025\/09\/12\/lupicinio-rodrigues-e-pixinguinha-sao-declarados-patronos-da-mpb\/#respond"]}]},{"@type":"WebPage","@id":"https:\/\/mrnews.com.br\/index.php\/2025\/09\/12\/lupicinio-rodrigues-e-pixinguinha-sao-declarados-patronos-da-mpb\/","url":"https:\/\/mrnews.com.br\/index.php\/2025\/09\/12\/lupicinio-rodrigues-e-pixinguinha-sao-declarados-patronos-da-mpb\/","name":"Lupic\u00ednio Rodrigues e Pixinguinha s\u00e3o declarados patronos da MPB","isPartOf":{"@id":"https:\/\/mrnews.com.br\/#website"},"datePublished":"2025-09-12T17:17:38+00:00","breadcrumb":{"@id":"https:\/\/mrnews.com.br\/index.php\/2025\/09\/12\/lupicinio-rodrigues-e-pixinguinha-sao-declarados-patronos-da-mpb\/#breadcrumb"},"inLanguage":"pt-BR","potentialAction":[{"@type":"ReadAction","target":["https:\/\/mrnews.com.br\/index.php\/2025\/09\/12\/lupicinio-rodrigues-e-pixinguinha-sao-declarados-patronos-da-mpb\/"]}]},{"@type":"BreadcrumbList","@id":"https:\/\/mrnews.com.br\/index.php\/2025\/09\/12\/lupicinio-rodrigues-e-pixinguinha-sao-declarados-patronos-da-mpb\/#breadcrumb","itemListElement":[{"@type":"ListItem","position":1,"name":"In\u00edcio","item":"https:\/\/mrnews.com.br\/"},{"@type":"ListItem","position":2,"name":"Lupic\u00ednio Rodrigues e Pixinguinha s\u00e3o declarados patronos da MPB"}]},{"@type":"WebSite","@id":"https:\/\/mrnews.com.br\/#website","url":"https:\/\/mrnews.com.br\/","name":"MRNews","description":"MRNews Jogos de hoje da TV, transmiss\u00f5es ao vivo, Not\u00edcias de futebol, Jogos ao vivo, Lives, resumo de novelas, Programa\u00e7\u00e3o da Globo, A Fazenda e BBB","publisher":{"@id":"https:\/\/mrnews.com.br\/#organization"},"potentialAction":[{"@type":"SearchAction","target":{"@type":"EntryPoint","urlTemplate":"https:\/\/mrnews.com.br\/?s={search_term_string}"},"query-input":{"@type":"PropertyValueSpecification","valueRequired":true,"valueName":"search_term_string"}}],"inLanguage":"pt-BR"},{"@type":"Organization","@id":"https:\/\/mrnews.com.br\/#organization","name":"MRNews","url":"https:\/\/mrnews.com.br\/","logo":{"@type":"ImageObject","inLanguage":"pt-BR","@id":"https:\/\/mrnews.com.br\/#\/schema\/logo\/image\/","url":"https:\/\/mrnews.com.br\/wp-content\/uploads\/2019\/06\/MRNewslogo2.png","contentUrl":"https:\/\/mrnews.com.br\/wp-content\/uploads\/2019\/06\/MRNewslogo2.png","width":223,"height":58,"caption":"MRNews"},"image":{"@id":"https:\/\/mrnews.com.br\/#\/schema\/logo\/image\/"},"sameAs":["https:\/\/www.facebook.com\/eaipahpah\/?locale2=pt_BR","https:\/\/x.com\/conspirou","https:\/\/www.instagram.com\/eai_pahpah","https:\/\/br.pinterest.com\/mrnewsn\/boards\/","https:\/\/www.youtube.com\/channel\/UCacgnpznQ61fifLWr1tQ-vA?view_as=subscriber"]},{"@type":"Person","@id":"https:\/\/mrnews.com.br\/#\/schema\/person\/be3203154562a9f207407861cef7827b","name":"MR News","image":{"@type":"ImageObject","inLanguage":"pt-BR","@id":"https:\/\/secure.gravatar.com\/avatar\/04084e6d73c042b8646e7c17b494073bf0ede3ea13c7105cfc45cbbbc28385a4?s=96&d=monsterid&r=g","url":"https:\/\/secure.gravatar.com\/avatar\/04084e6d73c042b8646e7c17b494073bf0ede3ea13c7105cfc45cbbbc28385a4?s=96&d=monsterid&r=g","contentUrl":"https:\/\/secure.gravatar.com\/avatar\/04084e6d73c042b8646e7c17b494073bf0ede3ea13c7105cfc45cbbbc28385a4?s=96&d=monsterid&r=g","caption":"MR News"},"description":"Especializado em jornalismo colaborativo pela FTP em n\u00edvel de p\u00f3s-gradua\u00e7\u00e3o. suporte@oimeliga.combr","sameAs":["HUGO R.","Admin"],"url":"https:\/\/mrnews.com.br\/index.php\/author\/admin\/"}]}},"jetpack_featured_media_url":"","jetpack_sharing_enabled":true,"jetpack_shortlink":"https:\/\/wp.me\/pa2Qf7-1SU6","amp_enabled":true,"_links":{"self":[{"href":"https:\/\/mrnews.com.br\/index.php\/wp-json\/wp\/v2\/posts\/449382","targetHints":{"allow":["GET"]}}],"collection":[{"href":"https:\/\/mrnews.com.br\/index.php\/wp-json\/wp\/v2\/posts"}],"about":[{"href":"https:\/\/mrnews.com.br\/index.php\/wp-json\/wp\/v2\/types\/post"}],"author":[{"embeddable":true,"href":"https:\/\/mrnews.com.br\/index.php\/wp-json\/wp\/v2\/users\/1"}],"replies":[{"embeddable":true,"href":"https:\/\/mrnews.com.br\/index.php\/wp-json\/wp\/v2\/comments?post=449382"}],"version-history":[{"count":0,"href":"https:\/\/mrnews.com.br\/index.php\/wp-json\/wp\/v2\/posts\/449382\/revisions"}],"wp:attachment":[{"href":"https:\/\/mrnews.com.br\/index.php\/wp-json\/wp\/v2\/media?parent=449382"}],"wp:term":[{"taxonomy":"category","embeddable":true,"href":"https:\/\/mrnews.com.br\/index.php\/wp-json\/wp\/v2\/categories?post=449382"},{"taxonomy":"post_tag","embeddable":true,"href":"https:\/\/mrnews.com.br\/index.php\/wp-json\/wp\/v2\/tags?post=449382"}],"curies":[{"name":"wp","href":"https:\/\/api.w.org\/{rel}","templated":true}]}}