{"id":449456,"date":"2025-09-13T19:41:39","date_gmt":"2025-09-13T22:41:39","guid":{"rendered":"https:\/\/mrnews.com.br\/index.php\/2025\/09\/13\/cpmi-recorrera-de-decisao-do-stf-sobre-depoimento-do-careca-do-inss\/"},"modified":"2025-09-13T19:41:39","modified_gmt":"2025-09-13T22:41:39","slug":"cpmi-recorrera-de-decisao-do-stf-sobre-depoimento-do-careca-do-inss","status":"publish","type":"post","link":"https:\/\/mrnews.com.br\/index.php\/2025\/09\/13\/cpmi-recorrera-de-decisao-do-stf-sobre-depoimento-do-careca-do-inss\/","title":{"rendered":"CPMI recorrer\u00e1 de decis\u00e3o do STF sobre depoimento do &#8220;Careca do INSS&#8221;"},"content":{"rendered":"<p>Por EBC, <\/p>\n<div>\n<p>Ap\u00f3s a decis\u00e3o do ministro do Supremo Tribunal Federal (STF) de facultar a ida \u00e0 Comiss\u00e3o Mista Parlamentar de Inqu\u00e9rito (CPMI) do INSS de Antonio Carlos Camilo Antunes, \u201co Careca do INSS\u201d e Maur\u00edcio Camisotti, o presidente do colegiado, senador Carlos Viana (Podemos-MG) decidiu entrar com um mandado de seguran\u00e7a para assegurar a presen\u00e7a dos investigados.<\/p>\n<p><strong>Carlos Viana afirmou hoje (13) que a presen\u00e7a dos dois \u00e9 essencial para as investiga\u00e7\u00f5es sobre as fraudes em descontos de consignados de aposentados e pensionistas.<\/strong><\/p>\n<blockquote>\n<p>\u201cN\u00f3s entendemos que \u00e9 fundamental a presen\u00e7a dos dois indiciados, dos dois investigados, porque j\u00e1 estavam comprometidos a comparecer e eles, diante dos parlamentares, podem inclusive nos ajudar a esclarecer com muita rapidez tudo o que aconteceu\u201d, disse.<\/p>\n<\/blockquote>\n<p>O senador disse respeitar, mas classificou como injustific\u00e1vel a decis\u00e3o de Mendon\u00e7a de facultar a presen\u00e7a dos investigados. Na sexta-feira (12), a Pol\u00edcia Federal (PF) cumpriu dois mandados judiciais de pris\u00e3o preventiva de Antunes e Maur\u00edcio Camisotti.<\/p>\n<p>Os mandados foram executados no \u00e2mbito da Opera\u00e7\u00e3o Cambota, que a PF deflagrou para aprofundar as investiga\u00e7\u00f5es acerca da cobran\u00e7a ilegal de mensalidades associativas descontadas sem autoriza\u00e7\u00e3o dos benef\u00edcios previdenci\u00e1rios pagos a milh\u00f5es de aposentados e pensionista<\/p>\n<blockquote>\n<p>\u201cRespeito a decis\u00e3o do ministro, mas entendo injustific\u00e1vel dar o direito de n\u00e3o comparecerem, uma vez que est\u00e3o presos e que tem muito a dizer a CPMI. O trabalho da Pol\u00edcia Federal e do Supremo \u00e9 muito diferente da CPMI\u201d, destacou o senador.\u00a0<\/p>\n<\/blockquote>\n<p>Viana esclareceu que a comiss\u00e3o faz um trabalho de investiga\u00e7\u00e3o. \u201cN\u00f3s fazemos uma linha investigativa, inclusive junto ao servi\u00e7o p\u00fablico, junto ao Estado, para entendermos como todo esse roubo da Previd\u00eancia aconteceu. Esperamos que, eu espero que o ministro Andr\u00e9 Mendon\u00e7a reveja a decis\u00e3o e nos permita obrigar a ida dos dois at\u00e9 a CPMI, j\u00e1 na segunda e na pr\u00f3xima quinta-feira\u201d, considerou.<\/p>\n<p>\u00a0<\/p>\n<p>      <!-- Relacionada --><\/p>\n<p>            <!-- Relacionada -->\n    <\/div>\n","protected":false},"excerpt":{"rendered":"<p>Por EBC, Ap\u00f3s a decis\u00e3o do ministro do Supremo Tribunal Federal (STF) de facultar a ida \u00e0 Comiss\u00e3o Mista Parlamentar de Inqu\u00e9rito (CPMI) do INSS de Antonio Carlos Camilo Antunes, \u201co Careca do INSS\u201d e Maur\u00edcio Camisotti, o presidente do colegiado, senador Carlos Viana (Podemos-MG) decidiu entrar com um mandado de seguran\u00e7a para assegurar a &hellip;<\/p>\n","protected":false},"author":1,"featured_media":0,"comment_status":"open","ping_status":"open","sticky":false,"template":"","format":"standard","meta":{"_jetpack_memberships_contains_paid_content":false,"footnotes":""},"categories":[2,12225,4],"tags":[],"class_list":["post-449456","post","type-post","status-publish","format-standard","hentry","category-entretenimento","category-noticias","category-servicos"],"yoast_head":"<!-- This site is optimized with the Yoast SEO plugin v27.5 - https:\/\/yoast.com\/product\/yoast-seo-wordpress\/ -->\n<title>CPMI recorrer\u00e1 de decis\u00e3o do STF sobre depoimento do &quot;Careca do INSS&quot;<\/title>\n<meta name=\"robots\" content=\"index, follow, max-snippet:-1, max-image-preview:large, max-video-preview:-1\" \/>\n<link rel=\"canonical\" href=\"https:\/\/mrnews.com.br\/index.php\/2025\/09\/13\/cpmi-recorrera-de-decisao-do-stf-sobre-depoimento-do-careca-do-inss\/\" \/>\n<meta property=\"og:locale\" content=\"pt_BR\" \/>\n<meta property=\"og:type\" content=\"article\" \/>\n<meta property=\"og:title\" content=\"CPMI recorrer\u00e1 de decis\u00e3o do STF sobre depoimento do &quot;Careca do INSS&quot;\" \/>\n<meta property=\"og:description\" content=\"Por EBC, Ap\u00f3s a decis\u00e3o do ministro do Supremo Tribunal Federal (STF) de facultar a ida \u00e0 Comiss\u00e3o Mista Parlamentar de Inqu\u00e9rito (CPMI) do INSS de Antonio Carlos Camilo Antunes, \u201co Careca do INSS\u201d e Maur\u00edcio Camisotti, o presidente do colegiado, senador Carlos Viana (Podemos-MG) decidiu entrar com um mandado de seguran\u00e7a para assegurar a &hellip;\" \/>\n<meta property=\"og:url\" content=\"https:\/\/mrnews.com.br\/index.php\/2025\/09\/13\/cpmi-recorrera-de-decisao-do-stf-sobre-depoimento-do-careca-do-inss\/\" \/>\n<meta property=\"og:site_name\" content=\"MRNews\" \/>\n<meta property=\"article:publisher\" content=\"https:\/\/www.facebook.com\/eaipahpah\/?locale2=pt_BR\" \/>\n<meta property=\"article:published_time\" content=\"2025-09-13T22:41:39+00:00\" \/>\n<meta name=\"author\" content=\"MR News\" \/>\n<meta name=\"twitter:card\" content=\"summary_large_image\" \/>\n<meta name=\"twitter:creator\" content=\"@conspirou\" \/>\n<meta name=\"twitter:site\" content=\"@conspirou\" \/>\n<meta name=\"twitter:label1\" content=\"Escrito por\" \/>\n\t<meta name=\"twitter:data1\" content=\"MR News\" \/>\n\t<meta name=\"twitter:label2\" content=\"Est. tempo de leitura\" \/>\n\t<meta name=\"twitter:data2\" content=\"2 minutos\" \/>\n<script type=\"application\/ld+json\" class=\"yoast-schema-graph\">{\"@context\":\"https:\\\/\\\/schema.org\",\"@graph\":[{\"@type\":\"Article\",\"@id\":\"https:\\\/\\\/mrnews.com.br\\\/index.php\\\/2025\\\/09\\\/13\\\/cpmi-recorrera-de-decisao-do-stf-sobre-depoimento-do-careca-do-inss\\\/#article\",\"isPartOf\":{\"@id\":\"https:\\\/\\\/mrnews.com.br\\\/index.php\\\/2025\\\/09\\\/13\\\/cpmi-recorrera-de-decisao-do-stf-sobre-depoimento-do-careca-do-inss\\\/\"},\"author\":{\"name\":\"MR News\",\"@id\":\"https:\\\/\\\/mrnews.com.br\\\/#\\\/schema\\\/person\\\/be3203154562a9f207407861cef7827b\"},\"headline\":\"CPMI recorrer\u00e1 de decis\u00e3o do STF sobre depoimento do &#8220;Careca do INSS&#8221;\",\"datePublished\":\"2025-09-13T22:41:39+00:00\",\"mainEntityOfPage\":{\"@id\":\"https:\\\/\\\/mrnews.com.br\\\/index.php\\\/2025\\\/09\\\/13\\\/cpmi-recorrera-de-decisao-do-stf-sobre-depoimento-do-careca-do-inss\\\/\"},\"wordCount\":348,\"commentCount\":0,\"publisher\":{\"@id\":\"https:\\\/\\\/mrnews.com.br\\\/#organization\"},\"articleSection\":[\"ENTRETENIMENTO\",\"NOTICIAS\",\"SERVI\u00c7OS\"],\"inLanguage\":\"pt-BR\",\"potentialAction\":[{\"@type\":\"CommentAction\",\"name\":\"Comment\",\"target\":[\"https:\\\/\\\/mrnews.com.br\\\/index.php\\\/2025\\\/09\\\/13\\\/cpmi-recorrera-de-decisao-do-stf-sobre-depoimento-do-careca-do-inss\\\/#respond\"]}]},{\"@type\":\"WebPage\",\"@id\":\"https:\\\/\\\/mrnews.com.br\\\/index.php\\\/2025\\\/09\\\/13\\\/cpmi-recorrera-de-decisao-do-stf-sobre-depoimento-do-careca-do-inss\\\/\",\"url\":\"https:\\\/\\\/mrnews.com.br\\\/index.php\\\/2025\\\/09\\\/13\\\/cpmi-recorrera-de-decisao-do-stf-sobre-depoimento-do-careca-do-inss\\\/\",\"name\":\"CPMI recorrer\u00e1 de decis\u00e3o do STF sobre depoimento do \\\"Careca do INSS\\\"\",\"isPartOf\":{\"@id\":\"https:\\\/\\\/mrnews.com.br\\\/#website\"},\"datePublished\":\"2025-09-13T22:41:39+00:00\",\"breadcrumb\":{\"@id\":\"https:\\\/\\\/mrnews.com.br\\\/index.php\\\/2025\\\/09\\\/13\\\/cpmi-recorrera-de-decisao-do-stf-sobre-depoimento-do-careca-do-inss\\\/#breadcrumb\"},\"inLanguage\":\"pt-BR\",\"potentialAction\":[{\"@type\":\"ReadAction\",\"target\":[\"https:\\\/\\\/mrnews.com.br\\\/index.php\\\/2025\\\/09\\\/13\\\/cpmi-recorrera-de-decisao-do-stf-sobre-depoimento-do-careca-do-inss\\\/\"]}]},{\"@type\":\"BreadcrumbList\",\"@id\":\"https:\\\/\\\/mrnews.com.br\\\/index.php\\\/2025\\\/09\\\/13\\\/cpmi-recorrera-de-decisao-do-stf-sobre-depoimento-do-careca-do-inss\\\/#breadcrumb\",\"itemListElement\":[{\"@type\":\"ListItem\",\"position\":1,\"name\":\"In\u00edcio\",\"item\":\"https:\\\/\\\/mrnews.com.br\\\/\"},{\"@type\":\"ListItem\",\"position\":2,\"name\":\"CPMI recorrer\u00e1 de decis\u00e3o do STF sobre depoimento do &#8220;Careca do INSS&#8221;\"}]},{\"@type\":\"WebSite\",\"@id\":\"https:\\\/\\\/mrnews.com.br\\\/#website\",\"url\":\"https:\\\/\\\/mrnews.com.br\\\/\",\"name\":\"MRNews\",\"description\":\"MRNews Jogos de hoje da TV, transmiss\u00f5es ao vivo, Not\u00edcias de futebol, Jogos ao vivo, Lives, resumo de novelas, Programa\u00e7\u00e3o da Globo, A Fazenda e BBB\",\"publisher\":{\"@id\":\"https:\\\/\\\/mrnews.com.br\\\/#organization\"},\"potentialAction\":[{\"@type\":\"SearchAction\",\"target\":{\"@type\":\"EntryPoint\",\"urlTemplate\":\"https:\\\/\\\/mrnews.com.br\\\/?s={search_term_string}\"},\"query-input\":{\"@type\":\"PropertyValueSpecification\",\"valueRequired\":true,\"valueName\":\"search_term_string\"}}],\"inLanguage\":\"pt-BR\"},{\"@type\":\"Organization\",\"@id\":\"https:\\\/\\\/mrnews.com.br\\\/#organization\",\"name\":\"MRNews\",\"url\":\"https:\\\/\\\/mrnews.com.br\\\/\",\"logo\":{\"@type\":\"ImageObject\",\"inLanguage\":\"pt-BR\",\"@id\":\"https:\\\/\\\/mrnews.com.br\\\/#\\\/schema\\\/logo\\\/image\\\/\",\"url\":\"https:\\\/\\\/mrnews.com.br\\\/wp-content\\\/uploads\\\/2019\\\/06\\\/MRNewslogo2.png\",\"contentUrl\":\"https:\\\/\\\/mrnews.com.br\\\/wp-content\\\/uploads\\\/2019\\\/06\\\/MRNewslogo2.png\",\"width\":223,\"height\":58,\"caption\":\"MRNews\"},\"image\":{\"@id\":\"https:\\\/\\\/mrnews.com.br\\\/#\\\/schema\\\/logo\\\/image\\\/\"},\"sameAs\":[\"https:\\\/\\\/www.facebook.com\\\/eaipahpah\\\/?locale2=pt_BR\",\"https:\\\/\\\/x.com\\\/conspirou\",\"https:\\\/\\\/www.instagram.com\\\/eai_pahpah\",\"https:\\\/\\\/br.pinterest.com\\\/mrnewsn\\\/boards\\\/\",\"https:\\\/\\\/www.youtube.com\\\/channel\\\/UCacgnpznQ61fifLWr1tQ-vA?view_as=subscriber\"]},{\"@type\":\"Person\",\"@id\":\"https:\\\/\\\/mrnews.com.br\\\/#\\\/schema\\\/person\\\/be3203154562a9f207407861cef7827b\",\"name\":\"MR News\",\"image\":{\"@type\":\"ImageObject\",\"inLanguage\":\"pt-BR\",\"@id\":\"https:\\\/\\\/secure.gravatar.com\\\/avatar\\\/04084e6d73c042b8646e7c17b494073bf0ede3ea13c7105cfc45cbbbc28385a4?s=96&d=monsterid&r=g\",\"url\":\"https:\\\/\\\/secure.gravatar.com\\\/avatar\\\/04084e6d73c042b8646e7c17b494073bf0ede3ea13c7105cfc45cbbbc28385a4?s=96&d=monsterid&r=g\",\"contentUrl\":\"https:\\\/\\\/secure.gravatar.com\\\/avatar\\\/04084e6d73c042b8646e7c17b494073bf0ede3ea13c7105cfc45cbbbc28385a4?s=96&d=monsterid&r=g\",\"caption\":\"MR News\"},\"description\":\"Especializado em jornalismo colaborativo pela FTP em n\u00edvel de p\u00f3s-gradua\u00e7\u00e3o. suporte@oimeliga.combr\",\"sameAs\":[\"HUGO R.\",\"Admin\"],\"url\":\"https:\\\/\\\/mrnews.com.br\\\/index.php\\\/author\\\/admin\\\/\"}]}<\/script>\n<!-- \/ Yoast SEO plugin. -->","yoast_head_json":{"title":"CPMI recorrer\u00e1 de decis\u00e3o do STF sobre depoimento do \"Careca do INSS\"","robots":{"index":"index","follow":"follow","max-snippet":"max-snippet:-1","max-image-preview":"max-image-preview:large","max-video-preview":"max-video-preview:-1"},"canonical":"https:\/\/mrnews.com.br\/index.php\/2025\/09\/13\/cpmi-recorrera-de-decisao-do-stf-sobre-depoimento-do-careca-do-inss\/","og_locale":"pt_BR","og_type":"article","og_title":"CPMI recorrer\u00e1 de decis\u00e3o do STF sobre depoimento do \"Careca do INSS\"","og_description":"Por EBC, Ap\u00f3s a decis\u00e3o do ministro do Supremo Tribunal Federal (STF) de facultar a ida \u00e0 Comiss\u00e3o Mista Parlamentar de Inqu\u00e9rito (CPMI) do INSS de Antonio Carlos Camilo Antunes, \u201co Careca do INSS\u201d e Maur\u00edcio Camisotti, o presidente do colegiado, senador Carlos Viana (Podemos-MG) decidiu entrar com um mandado de seguran\u00e7a para assegurar a &hellip;","og_url":"https:\/\/mrnews.com.br\/index.php\/2025\/09\/13\/cpmi-recorrera-de-decisao-do-stf-sobre-depoimento-do-careca-do-inss\/","og_site_name":"MRNews","article_publisher":"https:\/\/www.facebook.com\/eaipahpah\/?locale2=pt_BR","article_published_time":"2025-09-13T22:41:39+00:00","author":"MR News","twitter_card":"summary_large_image","twitter_creator":"@conspirou","twitter_site":"@conspirou","twitter_misc":{"Escrito por":"MR News","Est. tempo de leitura":"2 minutos"},"schema":{"@context":"https:\/\/schema.org","@graph":[{"@type":"Article","@id":"https:\/\/mrnews.com.br\/index.php\/2025\/09\/13\/cpmi-recorrera-de-decisao-do-stf-sobre-depoimento-do-careca-do-inss\/#article","isPartOf":{"@id":"https:\/\/mrnews.com.br\/index.php\/2025\/09\/13\/cpmi-recorrera-de-decisao-do-stf-sobre-depoimento-do-careca-do-inss\/"},"author":{"name":"MR News","@id":"https:\/\/mrnews.com.br\/#\/schema\/person\/be3203154562a9f207407861cef7827b"},"headline":"CPMI recorrer\u00e1 de decis\u00e3o do STF sobre depoimento do &#8220;Careca do INSS&#8221;","datePublished":"2025-09-13T22:41:39+00:00","mainEntityOfPage":{"@id":"https:\/\/mrnews.com.br\/index.php\/2025\/09\/13\/cpmi-recorrera-de-decisao-do-stf-sobre-depoimento-do-careca-do-inss\/"},"wordCount":348,"commentCount":0,"publisher":{"@id":"https:\/\/mrnews.com.br\/#organization"},"articleSection":["ENTRETENIMENTO","NOTICIAS","SERVI\u00c7OS"],"inLanguage":"pt-BR","potentialAction":[{"@type":"CommentAction","name":"Comment","target":["https:\/\/mrnews.com.br\/index.php\/2025\/09\/13\/cpmi-recorrera-de-decisao-do-stf-sobre-depoimento-do-careca-do-inss\/#respond"]}]},{"@type":"WebPage","@id":"https:\/\/mrnews.com.br\/index.php\/2025\/09\/13\/cpmi-recorrera-de-decisao-do-stf-sobre-depoimento-do-careca-do-inss\/","url":"https:\/\/mrnews.com.br\/index.php\/2025\/09\/13\/cpmi-recorrera-de-decisao-do-stf-sobre-depoimento-do-careca-do-inss\/","name":"CPMI recorrer\u00e1 de decis\u00e3o do STF sobre depoimento do \"Careca do INSS\"","isPartOf":{"@id":"https:\/\/mrnews.com.br\/#website"},"datePublished":"2025-09-13T22:41:39+00:00","breadcrumb":{"@id":"https:\/\/mrnews.com.br\/index.php\/2025\/09\/13\/cpmi-recorrera-de-decisao-do-stf-sobre-depoimento-do-careca-do-inss\/#breadcrumb"},"inLanguage":"pt-BR","potentialAction":[{"@type":"ReadAction","target":["https:\/\/mrnews.com.br\/index.php\/2025\/09\/13\/cpmi-recorrera-de-decisao-do-stf-sobre-depoimento-do-careca-do-inss\/"]}]},{"@type":"BreadcrumbList","@id":"https:\/\/mrnews.com.br\/index.php\/2025\/09\/13\/cpmi-recorrera-de-decisao-do-stf-sobre-depoimento-do-careca-do-inss\/#breadcrumb","itemListElement":[{"@type":"ListItem","position":1,"name":"In\u00edcio","item":"https:\/\/mrnews.com.br\/"},{"@type":"ListItem","position":2,"name":"CPMI recorrer\u00e1 de decis\u00e3o do STF sobre depoimento do &#8220;Careca do INSS&#8221;"}]},{"@type":"WebSite","@id":"https:\/\/mrnews.com.br\/#website","url":"https:\/\/mrnews.com.br\/","name":"MRNews","description":"MRNews Jogos de hoje da TV, transmiss\u00f5es ao vivo, Not\u00edcias de futebol, Jogos ao vivo, Lives, resumo de novelas, Programa\u00e7\u00e3o da Globo, A Fazenda e BBB","publisher":{"@id":"https:\/\/mrnews.com.br\/#organization"},"potentialAction":[{"@type":"SearchAction","target":{"@type":"EntryPoint","urlTemplate":"https:\/\/mrnews.com.br\/?s={search_term_string}"},"query-input":{"@type":"PropertyValueSpecification","valueRequired":true,"valueName":"search_term_string"}}],"inLanguage":"pt-BR"},{"@type":"Organization","@id":"https:\/\/mrnews.com.br\/#organization","name":"MRNews","url":"https:\/\/mrnews.com.br\/","logo":{"@type":"ImageObject","inLanguage":"pt-BR","@id":"https:\/\/mrnews.com.br\/#\/schema\/logo\/image\/","url":"https:\/\/mrnews.com.br\/wp-content\/uploads\/2019\/06\/MRNewslogo2.png","contentUrl":"https:\/\/mrnews.com.br\/wp-content\/uploads\/2019\/06\/MRNewslogo2.png","width":223,"height":58,"caption":"MRNews"},"image":{"@id":"https:\/\/mrnews.com.br\/#\/schema\/logo\/image\/"},"sameAs":["https:\/\/www.facebook.com\/eaipahpah\/?locale2=pt_BR","https:\/\/x.com\/conspirou","https:\/\/www.instagram.com\/eai_pahpah","https:\/\/br.pinterest.com\/mrnewsn\/boards\/","https:\/\/www.youtube.com\/channel\/UCacgnpznQ61fifLWr1tQ-vA?view_as=subscriber"]},{"@type":"Person","@id":"https:\/\/mrnews.com.br\/#\/schema\/person\/be3203154562a9f207407861cef7827b","name":"MR News","image":{"@type":"ImageObject","inLanguage":"pt-BR","@id":"https:\/\/secure.gravatar.com\/avatar\/04084e6d73c042b8646e7c17b494073bf0ede3ea13c7105cfc45cbbbc28385a4?s=96&d=monsterid&r=g","url":"https:\/\/secure.gravatar.com\/avatar\/04084e6d73c042b8646e7c17b494073bf0ede3ea13c7105cfc45cbbbc28385a4?s=96&d=monsterid&r=g","contentUrl":"https:\/\/secure.gravatar.com\/avatar\/04084e6d73c042b8646e7c17b494073bf0ede3ea13c7105cfc45cbbbc28385a4?s=96&d=monsterid&r=g","caption":"MR News"},"description":"Especializado em jornalismo colaborativo pela FTP em n\u00edvel de p\u00f3s-gradua\u00e7\u00e3o. suporte@oimeliga.combr","sameAs":["HUGO R.","Admin"],"url":"https:\/\/mrnews.com.br\/index.php\/author\/admin\/"}]}},"jetpack_featured_media_url":"","jetpack_sharing_enabled":true,"jetpack_shortlink":"https:\/\/wp.me\/pa2Qf7-1SVi","amp_enabled":true,"_links":{"self":[{"href":"https:\/\/mrnews.com.br\/index.php\/wp-json\/wp\/v2\/posts\/449456","targetHints":{"allow":["GET"]}}],"collection":[{"href":"https:\/\/mrnews.com.br\/index.php\/wp-json\/wp\/v2\/posts"}],"about":[{"href":"https:\/\/mrnews.com.br\/index.php\/wp-json\/wp\/v2\/types\/post"}],"author":[{"embeddable":true,"href":"https:\/\/mrnews.com.br\/index.php\/wp-json\/wp\/v2\/users\/1"}],"replies":[{"embeddable":true,"href":"https:\/\/mrnews.com.br\/index.php\/wp-json\/wp\/v2\/comments?post=449456"}],"version-history":[{"count":0,"href":"https:\/\/mrnews.com.br\/index.php\/wp-json\/wp\/v2\/posts\/449456\/revisions"}],"wp:attachment":[{"href":"https:\/\/mrnews.com.br\/index.php\/wp-json\/wp\/v2\/media?parent=449456"}],"wp:term":[{"taxonomy":"category","embeddable":true,"href":"https:\/\/mrnews.com.br\/index.php\/wp-json\/wp\/v2\/categories?post=449456"},{"taxonomy":"post_tag","embeddable":true,"href":"https:\/\/mrnews.com.br\/index.php\/wp-json\/wp\/v2\/tags?post=449456"}],"curies":[{"name":"wp","href":"https:\/\/api.w.org\/{rel}","templated":true}]}}