{"id":449457,"date":"2025-09-13T19:54:08","date_gmt":"2025-09-13T22:54:08","guid":{"rendered":"https:\/\/mrnews.com.br\/?p=449457"},"modified":"2025-09-13T19:54:08","modified_gmt":"2025-09-13T22:54:08","slug":"debochou-janja-faz-publicacao-apos-condenacao-de-bolsonaro-e-repercussao-explode","status":"publish","type":"post","link":"https:\/\/mrnews.com.br\/index.php\/2025\/09\/13\/debochou-janja-faz-publicacao-apos-condenacao-de-bolsonaro-e-repercussao-explode\/","title":{"rendered":"Debochou? Janja faz publica\u00e7\u00e3o ap\u00f3s condena\u00e7\u00e3o de Bolsonaro e repercuss\u00e3o explode"},"content":{"rendered":"<h2>Debochou? Janja faz publica\u00e7\u00e3o ap\u00f3s condena\u00e7\u00e3o de Bolsonaro e repercuss\u00e3o explode<\/h2>\n<h3>Por Reda\u00e7\u00e3o<\/h3>\n<h4>Data: 12 de setembro de 2025<\/h4>\n<p>Na quinta-feira, 11 de setembro de 2025, o ex-presidente Jair Bolsonaro foi condenado pelo Supremo Tribunal Federal (STF) a <strong>27 anos e 3 meses de pris\u00e3o<\/strong>, pelos crimes relacionados \u00e0 trama golpista: lideran\u00e7a de organiza\u00e7\u00e3o criminosa armada, tentativa de aboli\u00e7\u00e3o violenta do Estado Democr\u00e1tico de Direito, golpe de Estado, dano qualificado ao patrim\u00f4nio da Uni\u00e3o e deteriora\u00e7\u00e3o de patrim\u00f4nio tombado.<\/p>\n<p>No dia seguinte \u00e0 condena\u00e7\u00e3o, a primeira-dama <strong>Ros\u00e2ngela \u201cJanja\u201d da Silva<\/strong> fez publica\u00e7\u00f5es em suas redes sociais que levantaram interpreta\u00e7\u00f5es variadas entre seguidores e opositores.<\/p>\n<hr \/>\n<h3>O que Janja publicou<\/h3>\n<ul>\n<li><strong>Um meme do Michael Jackson comendo pipoca<\/strong>, retirado do videoclipe <em>Thriller<\/em>, postado em seus stories durante as horas em que o STF analisava a dosimetria da pena de Bolsonaro.<\/li>\n<li>Tamb\u00e9m publicou meme da personagem <strong>Nazar\u00e9 Tedesco<\/strong>, vil\u00e3 da novela <em>Senhora do Destino<\/em> (2004), dizendo \u201cBom dia! Um dia t\u00e3o lindo!\u201d.<\/li>\n<\/ul>\n<p>Em nenhuma das publica\u00e7\u00f5es Janja fez refer\u00eancia direta ao julgamento ou \u00e0 condena\u00e7\u00e3o. As postagens foram vistas por muitos como indiretas \u2014 ou como um tipo de coment\u00e1rio silencioso \u2014 sobre os acontecimentos pol\u00edticos. (<\/p>\n<hr \/>\n<h3>Rea\u00e7\u00e3o do p\u00fablico<\/h3>\n<p>A repercuss\u00e3o nas redes sociais foi intensa:<\/p>\n<ul>\n<li>Para alguns, as publica\u00e7\u00f5es de Janja soaram como <strong>comemora\u00e7\u00e3o<\/strong> velada ou deboche em rela\u00e7\u00e3o \u00e0 condena\u00e7\u00e3o de Bolsonaro.<\/li>\n<li>Outros destacaram que tudo foi feito de forma sutil, sem men\u00e7\u00e3o aberta, o que pode ser interpretado como cautela ou diplomacia, considerando o papel institucional de primeira-dama.<\/li>\n<li>Alguns seguidores apoiaram, dizendo que o humor faz parte da express\u00e3o pol\u00edtica; outros criticaram, dizendo que se esperava um posicionamento mais expl\u00edcito ou maior discernimento.<\/li>\n<\/ul>\n<hr \/>\n<h3>Interpreta\u00e7\u00e3o pol\u00edtica e simb\u00f3lica<\/h3>\n<p>Especialistas em comunica\u00e7\u00e3o pol\u00edtica e redes sociais interpretam essas a\u00e7\u00f5es como parte de uma nova tend\u00eancia de <strong>usar memes e indiretas<\/strong> para manifestar opini\u00e3o pol\u00edtica, sem expor diretamente a figura p\u00fablica a maiores riscos ou controv\u00e9rsias.<\/p>\n<p>Nesse contexto:<\/p>\n<ul>\n<li>A postagem com Michael Jackson comendo pipoca \u00e9 um meme cl\u00e1ssico de espectadores que assitem a algo com expectativa, como se Janja estivesse dizendo: \u201cvou s\u00f3 assistir\u201d.<\/li>\n<li>O meme da Nazar\u00e9 com \u201cbom dia\u201d e \u201cdia t\u00e3o lindo\u201d refor\u00e7a a ideia de que, para algumas pessoas, a condena\u00e7\u00e3o marca um momento simb\u00f3lico de justi\u00e7a, al\u00edvio ou renova\u00e7\u00e3o, dependendo da vis\u00e3o pol\u00edtica.<\/li>\n<\/ul>\n<hr \/>\n<h3>Limites institucionais e risco pol\u00edtico<\/h3>\n<p>Embora as publica\u00e7\u00f5es sejam sutis, h\u00e1 quem argumente que figuras p\u00fablicas, especialmente aquelas ligadas ao governo, devem medir o tom de suas manifesta\u00e7\u00f5es para evitar que sejam interpretadas como <strong>provoca\u00e7\u00f5es ou polariza\u00e7\u00e3o exacerbada<\/strong>.<\/p>\n<p>Janja, como primeira-dama, ocupa posi\u00e7\u00e3o institucional que tradicionalmente exige certa discri\u00e7\u00e3o, o que torna cada postagem p\u00fablica potencialmente mais significativa:<\/p>\n<ul>\n<li>qualquer coment\u00e1rio ou meme pode ser avaliado como posi\u00e7\u00e3o pol\u00edtica.<\/li>\n<li>repercuss\u00e3o pode influenciar tanto simpatizantes quanto opositores, e causar desgaste se mal interpretada.<\/li>\n<\/ul>\n<hr \/>\n<h3>Conclus\u00e3o<\/h3>\n<p>A publica\u00e7\u00e3o de Janja ap\u00f3s a condena\u00e7\u00e3o de Bolsonaro se insere num cen\u00e1rio em que figuras pol\u00edticas usam simbolismo, memes e indiretas para expressar posi\u00e7\u00e3o sem pronunciamentos formais. O epis\u00f3dio mostra como o humor e a cultura pop viram instrumentos frequentes de comunica\u00e7\u00e3o pol\u00edtica no Brasil moderno.<\/p>\n<p>Seja como for, para muitos, essas postagens est\u00e3o longe de ser apenas memes: carregam simbolismo, rea\u00e7\u00f5es emocionais e consequ\u00eancias pol\u00edticas.<\/p>\n<hr \/>\n<p>&nbsp;<\/p>\n<h3>ValeTudo: Freitas chega ao seu limite e vai contra Marco Aur\u00e9lio com \u201cdela\u00e7\u00e3o premiada\u201d<\/h3>\n<p>A novela <em>Vale Tudo<\/em> vai revelar que, de fato, ningu\u00e9m aguenta tudo \u2014 e Freitas (Luis Lobianco) atingir\u00e1 seu ponto de ruptura. Ap\u00f3s anos de press\u00e3o, humilha\u00e7\u00f5es e trai\u00e7\u00f5es protagonizadas por Marco Aur\u00e9lio (Alexandre Nero), o bra\u00e7o direito do vice-presidente da TCA decide tomar uma atitude extrema. E ela ser\u00e1 t\u00e3o perigosa quanto surpreendente: ele vai entregar todos os planos de seu chefe para Odete Roitman (D\u00e9bora Bloch).<\/p>\n<hr \/>\n<h3>O momento decisivo<\/h3>\n<p>O ponto de virada est\u00e1 marcado para um cap\u00edtulo intenso: depois que todos saem da TCA, Freitas procura Odete a s\u00f3s e revela:<\/p>\n<blockquote><p>\u201cEu vim fazer uma dela\u00e7\u00e3o premiada, dona Odete. Porque eu estou sendo humilhado, a senhora est\u00e1 sendo roubada e eu quero comprar a casa da minha m\u00e3ezinha.\u201d<\/p><\/blockquote>\n<p>A cena se desenrola como um \u201cclim\u00e3o\u201d: ele pede algo pessoal, ligado \u00e0 dignidade, al\u00e9m de uma recompensa. Odete, como sempre fria e calculista, responde:<\/p>\n<blockquote><p>\u201cEu quero que voc\u00ea organize o que tiver de provas, Freitas. E pode fechar a compra da casa da sua m\u00e3e. Ningu\u00e9m se arrepende de ficar do meu lado.\u201d<\/p><\/blockquote>\n<hr \/>\n<h3>O que Freitas vai revelar<\/h3>\n<p>Freitas promete entregar segredos comprometedores de Marco Aur\u00e9lio. Entre eles est\u00e3o:<\/p>\n<ul>\n<li>A lista vazada para a imprensa com os nomes dos homens com quem Odete teve envolvimentos \u00edntimos, algo que ele j\u00e1 sabe que ela suspeitava.<\/li>\n<li>O fato de que Marco Aur\u00e9lio, segundo Freitas, torceu pela morte de Odete quando ela ficou hospitalizada.<\/li>\n<\/ul>\n<p>Esses s\u00e3o apenas alguns dos podres que j\u00e1 come\u00e7aram a vir \u00e0 tona \u2014 e que prometem abalar as estruturas da rivalidade entre Odete e Marco Aur\u00e9lio.<\/p>\n<hr \/>\n<h3>Consequ\u00eancias esperadas<\/h3>\n<ul>\n<li><strong>Marco Aur\u00e9lio ficar\u00e1 na defensiva<\/strong>: j\u00e1 desconfiado, ele ser\u00e1 pego de surpresa pela iniciativa de Freitas. Essa dela\u00e7\u00e3o poder\u00e1 expor trai\u00e7\u00f5es, desvios financeiros ou manipula\u00e7\u00f5es, o que aumenta o risco de desmoronar o poder do executivo.<\/li>\n<li><strong>Odete se fortalece<\/strong>: com provas em m\u00e3os, ela passa de v\u00edtima de difama\u00e7\u00f5es a pessoa com controle sobre parte das pe\u00e7as do tabuleiro. Seu poder interno dentro da TCA ganha ainda mais peso.<\/li>\n<li><strong>Freitas muda de patamar<\/strong>: de mero subordinado humilhado, ele se torna pe\u00e7a-chave. A compra da casa da m\u00e3e vira s\u00edmbolo da reden\u00e7\u00e3o pessoal dele e de que ele escolheu seu lugar: ao lado de quem tem poder, ou ao menos de quem pode salv\u00e1-lo.<\/li>\n<\/ul>\n<hr \/>\n<p>A trama estar\u00e1 cada vez mais pr\u00f3xima do desfecho, e esse momento de trai\u00e7\u00e3o \u00e9 um dos mais aguardados pelos f\u00e3s: ser\u00e1 o estopim para revela\u00e7\u00f5es maiores, confrontos finais e muita tens\u00e3o. Em <em>Vale Tudo<\/em>, todo mundo pode sorrir quando est\u00e1 por cima \u2014 mas ningu\u00e9m est\u00e1 a salvo de desabar.<\/p>\n<hr \/>\n<p>&nbsp;<\/p>\n<p>&nbsp;<\/p>\n<h3>Vale Tudo: Heleninha promete cuidar de Solange e dos g\u00eameos antes de descobrir que Leonardo est\u00e1 vivo<\/h3>\n<p>Os pr\u00f3ximos cap\u00edtulos de <em>Vale Tudo<\/em> prometem fortes emo\u00e7\u00f5es para o p\u00fablico. A novela das nove da Globo se encaminha para sua reta final, e Afonso (Humberto Carr\u00e3o) viver\u00e1 um dos momentos mais dram\u00e1ticos de sua trajet\u00f3ria. Ap\u00f3s receber a not\u00edcia de que a quimioterapia n\u00e3o surtiu efeito, ele decidir\u00e1 encarar a realidade: apenas um transplante de medula \u00f3ssea poder\u00e1 salv\u00e1-lo.<\/p>\n<p>Convicto de que pode n\u00e3o resistir, o triatleta tomar\u00e1 uma decis\u00e3o comovente. Em uma conversa \u00edntima com sua irm\u00e3, Heleninha (Paolla Oliveira), ele far\u00e1 um \u00faltimo pedido: que ela ajude Solange (Alice Wegmann) a criar os g\u00eameos que est\u00e1 esperando.<\/p>\n<h3>A dura promessa de Heleninha<\/h3>\n<p>Afonso abrir\u00e1 o cora\u00e7\u00e3o ao admitir que, sem os medicamentos, sente-se momentaneamente melhor, mas sabe que isso n\u00e3o passa de uma falsa sensa\u00e7\u00e3o. Cansado da luta contra a doen\u00e7a, ele pedir\u00e1 \u00e0 irm\u00e3 que n\u00e3o insista para que ele retome o tratamento. Nesse momento, far\u00e1 um apelo emocionante: quer que Heleninha seja madrinha de um dos beb\u00eas e, acima de tudo, que se comprometa a apoiar Solange caso ele n\u00e3o sobreviva.<\/p>\n<p>A sequ\u00eancia ser\u00e1 marcada por di\u00e1logos intensos, nos quais Afonso insistir\u00e1 diversas vezes para ouvir da irm\u00e3 uma promessa. Mesmo tentando confort\u00e1-lo com palavras de esperan\u00e7a, Heleninha acabar\u00e1 cedendo diante da insist\u00eancia e da fragilidade do irm\u00e3o.<\/p>\n<h3>A revela\u00e7\u00e3o de Leonardo muda tudo<\/h3>\n<p>O que Afonso e Heleninha ainda n\u00e3o sabem \u00e9 que a chance de sobreviv\u00eancia do executivo j\u00e1 existe \u2014 e est\u00e1 mais pr\u00f3xima do que imaginam. Em segredo, Odete Roitman (D\u00e9bora Bloch) colheu sangue de Leonardo (Guilherme Magon), o filho que mant\u00e9m escondido e que todos acreditam estar morto. O exame confirmou que ele \u00e9 o \u00fanico doador compat\u00edvel capaz de salvar a vida do irm\u00e3o.<\/p>\n<p>Agora, o suspense se concentra em um ponto crucial: ser\u00e1 que Odete ter\u00e1 coragem de revelar a verdade sobre Leonardo? O retorno do personagem, vivido por Guilherme Magon, pode mudar completamente o rumo da hist\u00f3ria e colocar em xeque todas as manipula\u00e7\u00f5es da vil\u00e3.<\/p>\n<p>Com o drama familiar \u00e0 flor da pele e a imin\u00eancia da revela\u00e7\u00e3o de um segredo guardado por anos, a novela promete entregar ao p\u00fablico momentos inesquec\u00edveis at\u00e9 o \u00faltimo cap\u00edtulo.<\/p>\n<hr \/>\n<p><strong>Tags:<\/strong> Vale Tudo, novela das nove, Afonso, Heleninha, Solange, Leonardo, Odete Roitman, TV Globo.<\/p>\n<p>&nbsp;<\/p>\n<h3>Vale Tudo: C\u00e9sar descobre segredo da heran\u00e7a de Odete antes da morte da vil\u00e3<\/h3>\n<p>Em <em>Vale Tudo<\/em>, os pr\u00f3ximos cap\u00edtulos prometem momentos de alta tens\u00e3o para C\u00e9sar (Cau\u00e3 Reymond). O jovem empres\u00e1rio, que parecia ter dado um grande passo ao se casar com Odete Roitman (D\u00e9bora Bloch), vai se deparar com uma revela\u00e7\u00e3o inesperada: ele s\u00f3 ter\u00e1 acesso \u00e0 heran\u00e7a da esposa se a poderosa vil\u00e3 vier a falecer.<\/p>\n<p>O casamento entre os dois ser\u00e1 marcado por todo o luxo e ostenta\u00e7\u00e3o que acompanham a trajet\u00f3ria de Odete. A cerim\u00f4nia chamar\u00e1 a aten\u00e7\u00e3o da sociedade, refor\u00e7ando o poder da empres\u00e1ria. At\u00e9 mesmo as fofocas de Maria de F\u00e1tima (Bella Campos), que acusar\u00e1 C\u00e9sar de roubar um quadro de Heleninha (Paolla Oliveira), n\u00e3o ser\u00e3o suficientes para abalar o evento.<\/p>\n<p>Ap\u00f3s o \u201csim\u201d, Odete surpreender\u00e1 o marido com um presente luxuoso \u2014 um carro de alto padr\u00e3o. Por\u00e9m, o verdadeiro impacto vir\u00e1 quando C\u00e9sar se deparar com os termos do contrato pr\u00e9-nupcial e com o testamento da esposa. Ele descobrir\u00e1 que foi nomeado herdeiro de metade das a\u00e7\u00f5es da TCA, o que poderia transform\u00e1-lo em um dos homens mais poderosos do pa\u00eds. No entanto, h\u00e1 uma cl\u00e1usula decisiva: a heran\u00e7a s\u00f3 ser\u00e1 dele no caso da morte de Odete.<\/p>\n<h3>Suspense cresce com atentado contra Odete<\/h3>\n<p>Pouco tempo depois do casamento, a novela das nove da Globo mergulhar\u00e1 em um clima de mist\u00e9rio e suspense. Odete ser\u00e1 v\u00edtima de um atentado e baleada enquanto dirige, em cenas eletrizantes que prometem movimentar a trama. O crime levantar\u00e1 suspeitas imediatas, e C\u00e9sar rapidamente se tornar\u00e1 um dos principais investigados.<\/p>\n<p>Marco Aur\u00e9lio (Alexandre Nero), rival declarado de Odete por causa de desvios financeiros, tamb\u00e9m estar\u00e1 entre os suspeitos. Essa disputa de interesses colocar\u00e1 ainda mais fogo na trama, levando o p\u00fablico a questionar quem realmente teria motivos para acabar com a vida da poderosa vil\u00e3.<\/p>\n<p>Com a heran\u00e7a em jogo e a investiga\u00e7\u00e3o em andamento, C\u00e9sar se ver\u00e1 em uma encruzilhada: herdeiro promissor ou suspeito de um crime brutal. A d\u00favida sobre seu futuro e a iminente morte de Odete prometem prender a aten\u00e7\u00e3o dos telespectadores at\u00e9 o \u00faltimo minuto.<\/p>\n<hr \/>\n<p><strong>Tags:<\/strong> Vale Tudo, novela das nove, Globo, C\u00e9sar e Odete, heran\u00e7a, cap\u00edtulos Vale Tudo, resumo novelas.<\/p>\n<p>&nbsp;<\/p>\n<h2>Gal\u00e3 de Vale Tudo faleceu aos 60 anos ap\u00f3s cirurgia de emerg\u00eancia<\/h2>\n<p>O p\u00fablico brasileiro ainda guarda na mem\u00f3ria a marcante atua\u00e7\u00e3o de <strong>Marcos Manzano<\/strong>, ator que deu vida ao pr\u00edncipe Giovanni Piero Gi\u00e1como na novela <strong>Vale Tudo<\/strong> (1988), da Globo. O artista, que se destacou como um dos gal\u00e3s da trama, faleceu em <strong>novembro de 2020<\/strong>, aos 60 anos, em S\u00e3o Paulo, ap\u00f3s complica\u00e7\u00f5es em uma cirurgia card\u00edaca realizada \u00e0s pressas.<\/p>\n<p>A not\u00edcia, que na \u00e9poca gerou grande como\u00e7\u00e3o entre f\u00e3s e colegas de profiss\u00e3o, volta a ser lembrada ao revisitar a import\u00e2ncia de Manzano para a teledramaturgia e tamb\u00e9m para a cena cultural do pa\u00eds.<\/p>\n<h2>O papel em Vale Tudo e o impacto da trama<\/h2>\n<p>Na novela, Manzano interpretava o pr\u00edncipe Giovanni, personagem que se casava com <strong>Maria de F\u00e1tima<\/strong>, vivida por Gl\u00f3ria Pires. O casamento, no entanto, era apenas uma fachada: Giovanni era homossexual e utilizava a uni\u00e3o para manter as apar\u00eancias em meio \u00e0 sua carreira pol\u00edtica, marcada por v\u00ednculos com partidos conservadores.<\/p>\n<p>O enredo foi ousado para a \u00e9poca e abriu espa\u00e7o para discuss\u00f5es sobre representatividade LGBTQIA+ na televis\u00e3o, ainda que retratado de forma sutil. Esse papel foi determinante para consolidar Manzano como um rosto conhecido do p\u00fablico brasileiro.<\/p>\n<h2>Do sucesso na TV ao Clube das Mulheres<\/h2>\n<p>Ap\u00f3s o sucesso em Vale Tudo, Marcos Manzano investiu no empreendedorismo e fundou, em 1990, o <strong>Clube das Mulheres<\/strong>, uma casa de espet\u00e1culos voltada exclusivamente ao p\u00fablico feminino, localizada na zona oeste de S\u00e3o Paulo. O espa\u00e7o se tornou um fen\u00f4meno, e o pr\u00f3prio Manzano subia ao palco em diversas apresenta\u00e7\u00f5es.<\/p>\n<p>Dois anos depois, em 1992, ele voltou \u00e0 TV em <strong>De Corpo e Alma<\/strong>, de Gl\u00f3ria Perez, interpretando justamente um apresentador do Clube das Mulheres \u2014 um reflexo de sua vida real levado \u00e0 fic\u00e7\u00e3o.<\/p>\n<h2>Um legado que permanece<\/h2>\n<p>Manzano deixou como marca n\u00e3o apenas personagens ic\u00f4nicos, mas tamb\u00e9m um esp\u00edrito inovador. O Clube das Mulheres, criado por ele, se transformou em refer\u00eancia e segue sendo lembrado como um espa\u00e7o que marcou \u00e9poca no entretenimento.<\/p>\n<p>Seu papel em Vale Tudo segue sendo citado como um marco, tanto pela ousadia do roteiro quanto pela forma como introduziu debates sobre diversidade no hor\u00e1rio nobre da televis\u00e3o brasileira.<\/p>\n<p>Marcos Manzano partiu cedo, mas deixou um legado art\u00edstico e cultural que ainda ecoa entre os f\u00e3s de novelas e admiradores de sua trajet\u00f3ria ousada e inovadora.<\/p>\n<p>&nbsp;<\/p>\n<h3>Vale Tudo e o motivo que far\u00e1 Consu\u00ealo aben\u00e7oar uni\u00e3o de Alde\u00edde e Andr\u00e9<\/h3>\n<p>Ap\u00f3s lutar contra o romance de Andr\u00e9 e Alde\u00edde, <strong>Consu\u00ealo<\/strong> mudar\u00e1 de postura e acabar\u00e1 aceitando a rela\u00e7\u00e3o do filho no folhetim das nove da Globo.<\/p>\n<p>Nos pr\u00f3ximos cap\u00edtulos de <em>Vale Tudo<\/em>, Consu\u00ealo (Belize Pombal) viver\u00e1 uma virada surpreendente em sua trajet\u00f3ria. At\u00e9 agora, a secret\u00e1ria vinha se mostrando totalmente contr\u00e1ria ao namoro de <strong>Andr\u00e9 (Breno Ferreira)<\/strong> com <strong>Alde\u00edde (Karine Teles)<\/strong>, sua melhor amiga de longa data. O choque inicial aconteceu quando ela flagrou os dois trocando beijos escondidos no karaok\u00ea, durante uma festa de fam\u00edlia. Na ocasi\u00e3o, a rea\u00e7\u00e3o foi imediata: rompeu a amizade com Alde\u00edde e chegou a expulsar o pr\u00f3prio filho de casa.<\/p>\n<h2>Andr\u00e9 segue firme com Alde\u00edde<\/h2>\n<p>Mesmo sem o apoio da m\u00e3e, Andr\u00e9 decidiu seguir adiante com o romance. Primeiro, passou um tempo morando com Alde\u00edde e Poliana, depois alugou um apartamento para viver ao lado da namorada. A postura determinada do rapaz deixou Consu\u00ealo ainda mais contrariada, ampliando o distanciamento entre m\u00e3e e filho.<\/p>\n<h2>Crise no relacionamento<\/h2>\n<p>A rela\u00e7\u00e3o, no entanto, n\u00e3o demorar\u00e1 a enfrentar turbul\u00eancias. Andr\u00e9 descobrir\u00e1 que Alde\u00edde \u00e9, na verdade, sua patrocinadora secreta na h\u00edpica. A revela\u00e7\u00e3o de que a namorada investiu mais de R$ 200 mil em sua carreira sem contar a verdade cair\u00e1 como uma bomba, fazendo o jovem sentir-se enganado e manipulado. Tomado pela decep\u00e7\u00e3o, ele romper\u00e1 o namoro, desistir\u00e1 do torneio de hipismo e decidir\u00e1 voltar a morar com os pais.<\/p>\n<h2>Consu\u00ealo muda de ideia<\/h2>\n<p>Inicialmente, Consu\u00ealo vibrar\u00e1 com o t\u00e9rmino, acreditando que finalmente o filho se livrou de uma rela\u00e7\u00e3o que ela nunca aprovou. Por\u00e9m, o al\u00edvio dar\u00e1 lugar \u00e0 preocupa\u00e7\u00e3o quando perceber que Andr\u00e9 est\u00e1 cada vez mais abatido e infeliz.<\/p>\n<p>Sensibilizada com o sofrimento dele, a secret\u00e1ria come\u00e7ar\u00e1 a refletir sobre sua postura r\u00edgida e preconceituosa. Aos poucos, o cora\u00e7\u00e3o de m\u00e3e falar\u00e1 mais alto e Consu\u00ealo chegar\u00e1 \u00e0 conclus\u00e3o de que a felicidade de Andr\u00e9 deve estar acima de qualquer julgamento.<\/p>\n<p>Assim, ela voltar\u00e1 atr\u00e1s, deixar\u00e1 de lado o orgulho e acabar\u00e1 <strong>aben\u00e7oando a uni\u00e3o de Andr\u00e9 e Alde\u00edde<\/strong>, marcando um dos momentos mais emocionantes da trama.<\/p>\n<p>A reconcilia\u00e7\u00e3o promete ser um ponto de virada na novela, mostrando que at\u00e9 mesmo os personagens mais resistentes podem aprender a mudar quando o amor da fam\u00edlia fala mais alto.<\/p>\n<hr \/>\n<p>&nbsp;<\/p>\n<h3>A paz reina em <em>Vale Tudo<\/em>: Consu\u00ealo toma a mais linda atitude e surpreende a todos<\/h3>\n<p>O remake de <em>Vale Tudo<\/em> tem emocionado o p\u00fablico com reviravoltas intensas e personagens que oscilam entre ambi\u00e7\u00e3o, amor e rancor. Por\u00e9m, um dos momentos mais marcantes da trama acaba de ir ao ar: Consu\u00ealo, personagem que vinha sendo apresentada em meio a dilemas e conflitos familiares, tomou uma das atitudes mais lindas e inesperadas, trazendo um clima de reconcilia\u00e7\u00e3o e paz para a novela.<\/p>\n<p>Essa cena representa n\u00e3o apenas um ponto de virada na vida da personagem, mas tamb\u00e9m uma li\u00e7\u00e3o de vida para o p\u00fablico, que acompanha atentamente cada detalhe da obra. O gesto de Consu\u00ealo mostrou que, mesmo em meio \u00e0s dificuldades, sempre h\u00e1 espa\u00e7o para o perd\u00e3o, para o recome\u00e7o e para a constru\u00e7\u00e3o de rela\u00e7\u00f5es mais saud\u00e1veis.<\/p>\n<hr \/>\n<h4>A atitude de Consu\u00ealo<\/h4>\n<p>Consu\u00ealo vinha enfrentando uma verdadeira batalha interna. Durante v\u00e1rios cap\u00edtulos, a personagem se viu dividida entre sentimentos de orgulho, feridas do passado e o desejo de proteger sua fam\u00edlia. No entanto, em um momento de clareza, ela decidiu agir de forma diferente: abriu m\u00e3o da m\u00e1goa e estendeu a m\u00e3o para a reconcilia\u00e7\u00e3o.<\/p>\n<p>Esse gesto n\u00e3o foi apenas simb\u00f3lico, mas carregado de emo\u00e7\u00e3o. A cena mostrou uma Consu\u00ealo sens\u00edvel, que ao inv\u00e9s de alimentar rivalidades, optou por resgatar la\u00e7os familiares. O p\u00fablico acompanhou com emo\u00e7\u00e3o a transforma\u00e7\u00e3o dessa personagem, que encontrou for\u00e7as para deixar o orgulho de lado e agir movida pelo cora\u00e7\u00e3o.<\/p>\n<hr \/>\n<h4>Impacto na trama<\/h4>\n<p>A decis\u00e3o de Consu\u00ealo mexeu com todos os personagens em volta dela. Aqueles que estavam acostumados com uma postura r\u00edgida e defensiva se surpreenderam ao ver uma nova vers\u00e3o da mulher, mais aberta e receptiva. Essa mudan\u00e7a trouxe um ar de esperan\u00e7a para a novela, mostrando que nem tudo precisa acabar em desaven\u00e7as e brigas.<\/p>\n<p>Para a narrativa, esse momento foi crucial. Ele quebrou o ciclo de tens\u00e3o que dominava os n\u00facleos da trama e abriu espa\u00e7o para novos caminhos. Agora, os pr\u00f3ximos cap\u00edtulos prometem explorar como essa reconcilia\u00e7\u00e3o pode influenciar n\u00e3o apenas a vida de Consu\u00ealo, mas tamb\u00e9m de todos que orbitam ao seu redor.<\/p>\n<hr \/>\n<h4>A rea\u00e7\u00e3o do p\u00fablico<\/h4>\n<p>Nas redes sociais, os f\u00e3s n\u00e3o deixaram passar despercebido o gesto da personagem. Muitos elogiaram a forma como a novela trouxe um exemplo positivo em meio a tantas intrigas. Coment\u00e1rios como <em>\u201cConsu\u00ealo mostrou que ainda existe amor no meio de tanto \u00f3dio\u201d<\/em> e <em>\u201cQue cena emocionante, chorei junto!\u201d<\/em> tomaram conta das plataformas digitais.<\/p>\n<p>Essa conex\u00e3o mostra como a novela continua sendo um espelho da sociedade, onde o perd\u00e3o e a empatia s\u00e3o valores que precisam ser constantemente relembrados. A atitude de Consu\u00ealo n\u00e3o foi apenas um acontecimento de fic\u00e7\u00e3o, mas tamb\u00e9m um convite para que os telespectadores reflitam sobre suas pr\u00f3prias rela\u00e7\u00f5es.<\/p>\n<hr \/>\n<h4>Uma mensagem de esperan\u00e7a<\/h4>\n<p>A cena em que Consu\u00ealo escolhe a paz \u00e9 um marco que refor\u00e7a o poder do amor e da reconcilia\u00e7\u00e3o. Em uma novela que tem como ess\u00eancia discutir valores, \u00e9tica e rela\u00e7\u00f5es humanas, esse momento se destaca como um dos mais inspiradores.<\/p>\n<p>Mais do que uma reviravolta na hist\u00f3ria, foi uma mensagem clara: perdoar pode ser dif\u00edcil, mas tamb\u00e9m pode abrir portas para um futuro mais leve. Consu\u00ealo mostrou que, ao tomar a mais linda atitude, n\u00e3o apenas muda o rumo de sua vida, mas inspira todos ao seu redor.<\/p>\n<p>Com isso, <em>Vale Tudo<\/em> reafirma seu lugar como uma obra que, al\u00e9m de entreter, provoca reflex\u00e3o e toca diretamente o cora\u00e7\u00e3o do p\u00fablico.<\/p>\n<p>&nbsp;<\/p>\n<h3>Vale Tudo: Consu\u00ealo fica abalada com uma morte que muda toda trama<\/h3>\n<p>Em <em>Vale Tudo<\/em>, a novela das nove da Globo, a trama chega a um de seus momentos mais impactantes com a morte de <strong>Odete Roitman<\/strong> (D\u00e9bora Bloch). O assassinato da poderosa empres\u00e1ria promete mexer profundamente com o rumo da hist\u00f3ria e, principalmente, com a vida de <strong>Consu\u00ealo<\/strong> (Belize Pombal), sua fiel secret\u00e1ria.<\/p>\n<p>Acostumada a seguir todas as ordens da executiva, Consu\u00ealo ficar\u00e1 completamente perdida diante da trag\u00e9dia. A not\u00edcia da morte de Odete a deixar\u00e1 em estado de choque, j\u00e1 que sua vida profissional e at\u00e9 pessoal sempre estiveram diretamente ligadas \u00e0 da patroa.<\/p>\n<h2>Morte em Vale Tudo provoca reviravolta<\/h2>\n<p>Segundo informa\u00e7\u00f5es de Andr\u00e9 Romano, do Observat\u00f3rio da TV, o crime acontecer\u00e1 no apartamento de <strong>Marco Aur\u00e9lio<\/strong> (Alexandre Nero), que acabar\u00e1 se transformando no centro de um enredo de suspense e mist\u00e9rio.<\/p>\n<p>O corpo de Odete ser\u00e1 encontrado em circunst\u00e2ncias enigm\u00e1ticas, levantando uma s\u00e9rie de suspeitas entre aliados, inimigos e at\u00e9 familiares da vil\u00e3. A cena marcar\u00e1 um verdadeiro divisor de \u00e1guas na novela, reacendendo o clima de desconfian\u00e7a entre os personagens.<\/p>\n<h2>Consu\u00ealo entra em colapso emocional<\/h2>\n<p>Entre os mais afetados pela morte, Consu\u00ealo passar\u00e1 a viver dias de grande ang\u00fastia e inseguran\u00e7a. A secret\u00e1ria executiva ter\u00e1 de lidar com a ideia de que o assassinato pode esconder segredos ainda mais sombrios do que ela imaginava.<\/p>\n<p>Seu medo aumentar\u00e1 \u00e0 medida que novas revela\u00e7\u00f5es forem surgindo, j\u00e1 que convivia diariamente com uma mulher de muitos inimigos e cercada de intrigas. A cada cap\u00edtulo, ficar\u00e1 evidente que ningu\u00e9m est\u00e1 totalmente seguro diante dessa atmosfera de tens\u00e3o.<\/p>\n<h2>Repercuss\u00e3o movimenta a novela das nove<\/h2>\n<p>A morte de Odete Roitman n\u00e3o ser\u00e1 apenas um marco para Consu\u00ealo, mas tamb\u00e9m para toda a narrativa de <em>Vale Tudo<\/em>. A trama reacender\u00e1 um dos maiores enigmas da teledramaturgia brasileira: <strong>quem matou Odete Roitman?<\/strong><\/p>\n<p>Com esse mist\u00e9rio de volta \u00e0 cena, a novela promete momentos eletrizantes, capazes de prender o p\u00fablico e reacender debates intensos sobre os poss\u00edveis culpados. Essa virada n\u00e3o apenas movimentar\u00e1 todos os n\u00facleos da trama, mas tamb\u00e9m consolidar\u00e1 a import\u00e2ncia do remake em trazer de volta um dos maiores cl\u00e1ssicos da televis\u00e3o.<\/p>\n<p>&nbsp;<\/p>\n<h4>Grava\u00e7\u00e3o ou vida real? Bella Campos \u00e9 fotografada em clima de romance com atriz de Vale Tudo<\/h4>\n<p>As grava\u00e7\u00f5es do remake de <strong>Vale Tudo<\/strong> continuam rendendo repercuss\u00e3o fora dos est\u00fadios. Desta vez, a atriz <strong>Bella Campos<\/strong>, int\u00e9rprete de Maria de F\u00e1tima, foi fotografada em clima de romance com <strong>Samantha Jones<\/strong>, que d\u00e1 vida a Ana Clara. As imagens foram feitas na Praia de S\u00e3o Conrado, no Rio de Janeiro, e rapidamente chamaram a aten\u00e7\u00e3o do p\u00fablico.<\/p>\n<p>PUBLICIDADE<\/p>\n<p>De acordo com informa\u00e7\u00f5es, os registros fazem parte de cenas in\u00e9ditas da novela das nove da Globo e n\u00e3o t\u00eam rela\u00e7\u00e3o com a vida pessoal das atrizes. Nas filmagens, Maria de F\u00e1tima e Ana Clara aparecem trocando gestos de carinho e proximidade, o que levantou especula\u00e7\u00f5es nas redes sociais sobre um poss\u00edvel envolvimento amoroso entre as personagens.<\/p>\n<h3>Poss\u00edvel novo rumo para Maria de F\u00e1tima<\/h3>\n<p>Embora os resumos oficiais confirmem apenas a uni\u00e3o das duas para enfrentar <strong>Odete Roitman<\/strong> (D\u00e9bora Bloch), f\u00e3s acreditam que a novela pode explorar uma nova camada na trajet\u00f3ria de F\u00e1tima, sugerindo uma poss\u00edvel bissexualidade da personagem. A estrat\u00e9gia narrativa, se confirmada, pode deixar para o p\u00fablico a interpreta\u00e7\u00e3o sobre a natureza da rela\u00e7\u00e3o entre as duas mulheres.<\/p>\n<p>PUBLICIDADE<\/p>\n<h3>Vale Tudo e a diversidade de personagens<\/h3>\n<p>O remake de Vale Tudo j\u00e1 vem apresentando personagens que representam a comunidade <strong>LGBTQIAPN+<\/strong>, como o casal l\u00e9sbico Cec\u00edlia (Maeve Jinkings) e La\u00eds (Lorena Lima), al\u00e9m dos personagens assexuais Poliana (Matheus Nachtergaele) e Marieta (Cac\u00e1 Ottoni). Agora, a poss\u00edvel aproxima\u00e7\u00e3o entre Maria de F\u00e1tima e Ana Clara refor\u00e7a a proposta da novela em dialogar com temas atuais e ampliar a representatividade.<\/p>\n<p>Nas redes sociais, o assunto ganhou grande repercuss\u00e3o, com muitos espectadores divididos entre acreditar que se trata apenas de cumplicidade entre aliadas ou de um romance que pode movimentar ainda mais a trama.<\/p>\n<hr \/>\n<p>\ud83d\udd16 <strong>Categorias:<\/strong> CELEBRIDADES<br \/>\n\ud83c\udff7\ufe0f <strong>Tags:<\/strong> Bella Campos, Samantha Jones, grava\u00e7\u00e3o Vale Tudo, celebridades, televis\u00e3o, fofoca famosos<\/p>\n<p>&nbsp;<\/p>\n<h2>Homem morre em acidente de Porsche na BR-386 horas depois de comprar o ve\u00edculo<\/h2>\n<p>Um grave acidente chocou os moradores do Norte do Rio Grande do Sul nesta quinta-feira (4). Um homem de 45 anos morreu ap\u00f3s perder o controle de um <strong>Porsche Cayman<\/strong> na BR-386, entre os munic\u00edpios de Carazinho e Sarandi. O trecho da rodovia precisou ser bloqueado ap\u00f3s a colis\u00e3o.<\/p>\n<p>A v\u00edtima foi identificada como <strong>Jonas Stefanello<\/strong>, natural de Ibirub\u00e1. Ele havia retirado o carro da concession\u00e1ria poucas horas antes do acidente, o que aumentou ainda mais a como\u00e7\u00e3o de familiares e amigos diante da trag\u00e9dia.<\/p>\n<h3>Carro havia sido comprado duas horas antes<\/h3>\n<p>Segundo informa\u00e7\u00f5es da <strong>Pol\u00edcia Rodovi\u00e1ria Federal (PRF)<\/strong>, Jonas recebeu o ve\u00edculo por volta das 12h, em Rondinha. Pouco depois, \u00e0s 14h30, perdeu o controle na altura do antigo ped\u00e1gio da BR-386. O acidente foi fatal, deixando claro que ele havia dirigido o carro por apenas duas horas e meia antes da colis\u00e3o.<\/p>\n<p>O modelo <strong>Porsche Cayman<\/strong>, avaliado em torno de R$ 750 mil, \u00e9 considerado um dos esportivos de luxo mais desejados por quem aprecia velocidade e pot\u00eancia. O sonho de consumo, no entanto, se transformou em trag\u00e9dia no mesmo dia da compra.<\/p>\n<h3>Bloqueio da rodovia e investiga\u00e7\u00f5es<\/h3>\n<p>Ap\u00f3s o acidente, o tr\u00e2nsito ficou parcialmente interrompido para o trabalho da PRF e do <strong>Instituto-Geral de Per\u00edcia (IGP)<\/strong>, que realizou a per\u00edcia no local. As causas exatas da perda de controle ainda est\u00e3o sendo apuradas.<\/p>\n<p>Esse caso se soma a outros acidentes fatais em rodovias federais brasileiras, que constantemente refor\u00e7am a necessidade de aten\u00e7\u00e3o redobrada ao volante, principalmente em ve\u00edculos de alta performance.<\/p>\n<hr \/>\n<p>\ud83d\udd16 <strong>Categorias:<\/strong> NOT\u00cdCIAS<br \/>\n\ud83c\udff7\ufe0f <strong>Tags:<\/strong> acidente, morte, porsche<\/p>\n<p>&nbsp;<\/p>\n<h3>Tony Ramos volta a gravar Dona de Mim em linda cena com Elis Cabral, a pequena Sofia<\/h3>\n<p>O ator Tony Ramos retornou aos Est\u00fadios Globo nesta ter\u00e7a-feira (2) para novas grava\u00e7\u00f5es da novela <strong>Dona de Mim<\/strong>, exibida na faixa das sete. Um dos momentos mais aguardados pelo p\u00fablico ser\u00e1 o reencontro emocionante entre Abel e sua filha Sofia, interpretada pela jovem atriz Elis Cabral.<\/p>\n<p>Na trama, Sofia sonhar\u00e1 com o pai e viver\u00e1 um instante de forte emo\u00e7\u00e3o, quando os dois se abra\u00e7am em uma sequ\u00eancia carregada de simbolismo e sentimentos. A cena est\u00e1 prevista para ir ao ar a partir do cap\u00edtulo de <strong>9 de outubro<\/strong>, prometendo mexer com o cora\u00e7\u00e3o dos telespectadores.<\/p>\n<h3>O reencontro de Abel e Sofia<\/h3>\n<p>A sequ\u00eancia acontece enquanto Sofia estiver sob os cuidados de Leo, papel de <strong>Clara Moneke<\/strong>, que ter\u00e1 conquistado legalmente a guarda da menina. A apari\u00e7\u00e3o de Abel nos sonhos da filha refor\u00e7ar\u00e1 o v\u00ednculo entre os dois, mesmo ap\u00f3s a aus\u00eancia repentina do personagem na trama. Esse recurso dram\u00e1tico foi pensado justamente para manter viva a mem\u00f3ria do protagonista e aprofundar a liga\u00e7\u00e3o emocional entre pai e filha.<\/p>\n<h3>Retorno programado de Tony Ramos<\/h3>\n<p>Antes de se afastar temporariamente das grava\u00e7\u00f5es, Tony Ramos j\u00e1 havia deixado gravadas algumas cenas em flashback que continuaram sendo exibidas, preservando a presen\u00e7a do personagem na hist\u00f3ria. O retorno especial do ator estava previsto, justamente para manter a conex\u00e3o do p\u00fablico com Abel e alimentar a expectativa sobre seu futuro no enredo.<\/p>\n<h3>Mist\u00e9rio sobre o destino de Abel<\/h3>\n<p>Em entrevista ao Gshow, Tony Ramos preferiu n\u00e3o revelar detalhes sobre o que est\u00e1 por vir. O ator destacou que o destino de Abel segue envolto em mist\u00e9rio, j\u00e1 que nem mesmo a morte do personagem foi confirmada de maneira definitiva. Essa d\u00favida abre espa\u00e7o para diversas interpreta\u00e7\u00f5es, ampliando o suspense e a curiosidade dos telespectadores.<\/p>\n<p>Com o clima de expectativa, a cena entre Abel e Sofia promete ser um dos pontos altos da novela, refor\u00e7ando o talento de Tony Ramos e emocionando o p\u00fablico que acompanha diariamente <strong>Dona de Mim<\/strong>.<\/p>\n<hr \/>\n<p>&nbsp;<\/p>\n<h2>Ap\u00f3s Tony Ramos deixar <em>Dona de Mim<\/em>, autora revela o que muita gente n\u00e3o sabia: \u2018oportunidade de falar\u2026\u2019<\/h2>\n<p>Em entrevista ao <em>GLOBO<\/em>, Rosane Svartman falou sobre a import\u00e2ncia do ator na trama e os bastidores de sua sa\u00edda.<\/p>\n<hr \/>\n<p>A sa\u00edda de Tony Ramos de <em>Dona de Mim<\/em> pegou os f\u00e3s de surpresa e gerou uma onda de coment\u00e1rios nas redes sociais. Int\u00e9rprete de Abel, um personagem marcante e querido pelo p\u00fablico, o ator deixou a trama em um momento decisivo, abrindo espa\u00e7o para novas reviravoltas.<\/p>\n<p>Rosane Svartman, autora da novela, comentou sobre a despedida em entrevista ao <em>GLOBO<\/em>. Com tom emocionado, ela elogiou o talento de Tony e destacou que a constru\u00e7\u00e3o de Abel foi um verdadeiro presente para a obra. \u201cFoi uma oportunidade de falar sobre valores humanos, \u00e9tica e afeto atrav\u00e9s de um personagem intenso e verdadeiro\u201d, disse.<\/p>\n<p>A autora tamb\u00e9m brincou, dizendo que o sucesso de Abel foi \u201cculpa\u201d de Tony Ramos, que conseguiu dar vida e profundidade a cada cena. Segundo Rosane, o ator n\u00e3o apenas interpretou, mas tamb\u00e9m ajudou a desenvolver nuances do personagem, tornando-o inesquec\u00edvel.<\/p>\n<p>Nos bastidores, a despedida foi cercada de carinho. Elenco e equipe se reuniram para um pequeno tributo, relembrando momentos marcantes das grava\u00e7\u00f5es. V\u00eddeos e fotos publicados nas redes sociais mostraram a emo\u00e7\u00e3o de Tony ao receber homenagens de colegas e f\u00e3s.<\/p>\n<p>O motivo da sa\u00edda, segundo informa\u00e7\u00f5es apuradas, est\u00e1 ligado ao planejamento da trama e \u00e0 agenda de compromissos do ator. Ainda assim, Rosane garante que Abel deixar\u00e1 um legado importante na narrativa, e que sua aus\u00eancia ser\u00e1 sentida n\u00e3o apenas pelo p\u00fablico, mas tamb\u00e9m por todos os envolvidos na produ\u00e7\u00e3o.<\/p>\n<p>A repercuss\u00e3o nas redes foi imediata. F\u00e3s postaram mensagens de agradecimento ao ator, relembrando falas ic\u00f4nicas e cenas que marcaram a novela. Hashtags como <strong>#VoltaAbel<\/strong> e <strong>#TonyRamosEterno<\/strong> chegaram aos trending topics, provando a for\u00e7a da conex\u00e3o do p\u00fablico com o personagem.<\/p>\n<p>Rosane tamb\u00e9m adiantou que a sa\u00edda de Abel servir\u00e1 como catalisador para novos conflitos e viradas na hist\u00f3ria. \u201cTudo o que constru\u00edmos com ele vai reverberar nos pr\u00f3ximos cap\u00edtulos. Nada ser\u00e1 em v\u00e3o\u201d, explicou a autora, garantindo que o p\u00fablico pode esperar grandes emo\u00e7\u00f5es at\u00e9 o desfecho.<\/p>\n<p>Apesar da despedida, Tony Ramos n\u00e3o descarta voltar a trabalhar com Rosane no futuro. Fontes pr\u00f3ximas revelam que j\u00e1 existem conversas sobre poss\u00edveis projetos para os pr\u00f3ximos anos, o que mant\u00e9m viva a expectativa dos f\u00e3s de ver novamente o ator brilhando nas telinhas.<\/p>\n<p>Enquanto isso, <em>Dona de Mim<\/em> segue com altos \u00edndices de audi\u00eancia e promete manter o p\u00fablico preso ao sof\u00e1. Com a sa\u00edda de Abel, a trama se prepara para explorar ainda mais os dilemas e segredos dos personagens que ficaram, abrindo espa\u00e7o para novos dramas e paix\u00f5es.<\/p>\n<p>&nbsp;<\/p>\n<h2>Antes de come\u00e7ar quimioterapia, Afonso emociona Solange com pedido de cortar o cora\u00e7\u00e3o em <em>Vale Tudo<\/em><\/h2>\n<p>Os pr\u00f3ximos cap\u00edtulos da novela <em>Vale Tudo<\/em>, exibida na faixa das nove da TV Globo, prometem momentos de forte emo\u00e7\u00e3o e reencontros carregados de sentimentos. A trama, que j\u00e1 conquistou o p\u00fablico com reviravoltas intensas, colocar\u00e1 Afonso (C\u00e1ssio Gabus Mendes) e Solange (L\u00eddia Brondi) frente a frente em uma situa\u00e7\u00e3o delicada e comovente.<\/p>\n<p>Ap\u00f3s descobrir a trai\u00e7\u00e3o de F\u00e1tima (Gl\u00f3ria Pires), Afonso ver\u00e1 seu mundo desmoronar n\u00e3o apenas no campo amoroso, mas tamb\u00e9m na sa\u00fade. Diagnosticado com uma grave doen\u00e7a, o executivo precisar\u00e1 iniciar um tratamento de quimioterapia. Antes, por\u00e9m, ele far\u00e1 um pedido especial a Solange, gesto que promete tocar o cora\u00e7\u00e3o dos telespectadores.<\/p>\n<p>Segundo informa\u00e7\u00f5es dos bastidores, a cena mostrar\u00e1 Afonso reunindo for\u00e7as para se reaproximar de Solange, com quem viveu uma intensa hist\u00f3ria de amor no passado. Mesmo abalado, ele deixar\u00e1 claro que deseja enfrentar o tratamento ao lado da mulher que realmente ama. Ao saber do estado de sa\u00fade do ex-companheiro, Solange ficar\u00e1 visivelmente emocionada, demonstrando que ainda guarda sentimentos profundos por ele.<\/p>\n<p>O momento-chave vir\u00e1 quando Afonso, com voz embargada, pedir a Solange que o acompanhe nesta nova fase da vida. Ser\u00e1 um convite para que eles reescrevam a pr\u00f3pria hist\u00f3ria, n\u00e3o apenas como casal, mas como parceiros diante da adversidade. A conversa, marcada por olhares longos e palavras sinceras, dever\u00e1 comover o p\u00fablico e gerar grande repercuss\u00e3o nas redes sociais.<\/p>\n<p>De acordo com a sinopse dos pr\u00f3ximos cap\u00edtulos, a retomada do romance acontecer\u00e1 gradualmente. Solange, embora tocada pelo gesto de Afonso, ter\u00e1 receio de se envolver novamente, temendo reviver m\u00e1goas passadas. No entanto, a sinceridade dele e a gravidade da situa\u00e7\u00e3o acabar\u00e3o vencendo as barreiras emocionais que ela construiu ao longo dos anos.<\/p>\n<p>A dire\u00e7\u00e3o da novela aposta nessa sequ\u00eancia para entregar um dos momentos mais humanos e sens\u00edveis da trama. Al\u00e9m de avan\u00e7ar no enredo, a cena abordar\u00e1 temas como perd\u00e3o, segunda chance e o poder do afeto diante das dificuldades.<\/p>\n<p><em>Vale Tudo<\/em> segue firme no topo da audi\u00eancia, e hist\u00f3rias como a de Afonso e Solange mostram por que o folhetim continua conquistando novos f\u00e3s. Com interpreta\u00e7\u00f5es intensas e di\u00e1logos carregados de significado, a novela prova que, mesmo em tempos de turbul\u00eancia, o amor ainda pode ser um porto seguro.<\/p>\n<p>&nbsp;<\/p>\n<h2>Vale Tudo: Poliana se aproxima da verdade e coloca Walter contra a parede<\/h2>\n<p>Em <em>Vale Tudo<\/em>, a trama promete fortes emo\u00e7\u00f5es nos pr\u00f3ximos cap\u00edtulos, quando Walter (Leandro Lima) se v\u00ea em uma situa\u00e7\u00e3o delicada ap\u00f3s um deslize que pode custar caro. A tens\u00e3o come\u00e7a durante a madrugada, momento em que ele \u00e9 surpreendido pela chegada repentina de Poliana (Matheus Nachtergaele) e Marieta (Cac\u00e1 Ottoni).<\/p>\n<p>O encontro n\u00e3o estava nos planos do vil\u00e3o, que vinha tentando manter suas a\u00e7\u00f5es ocultas. Por\u00e9m, um detalhe aparentemente pequeno acaba se transformando em uma pista valiosa para Poliana, que, com seu faro investigativo, passa a desconfiar ainda mais das atitudes de Walter.<\/p>\n<p>A visita inesperada acontece em um momento em que Walter acreditava estar seguro. Ele vinha mantendo um comportamento calculado, evitando qualquer atitude que levantasse suspeitas. No entanto, sua rea\u00e7\u00e3o \u00e0 chegada de Poliana e Marieta acaba entregando mais do que gostaria.<\/p>\n<p>Segundo fontes pr\u00f3ximas \u00e0 produ\u00e7\u00e3o, a sequ\u00eancia vai mostrar Poliana observando cada gesto e express\u00e3o de Walter, ciente de que qualquer vacilo pode revelar a verdade. O personagem de Matheus Nachtergaele j\u00e1 demonstrou que \u00e9 capaz de montar um quebra-cabe\u00e7a a partir de fragmentos aparentemente desconexos, e desta vez n\u00e3o ser\u00e1 diferente.<\/p>\n<p>Marieta, por sua vez, entra na cena de forma mais despretensiosa, mas acaba servindo como apoio para as conclus\u00f5es de Poliana. Entre conversas sutis e olhares atentos, os dois come\u00e7am a conectar pontos que podem expor definitivamente os segredos de Walter.<\/p>\n<p>O suspense aumenta quando Poliana encontra um objeto que n\u00e3o deveria estar ali e que pode comprovar parte de suas suspeitas. Sem revelar de imediato o que descobriu, ele opta por agir com cautela, deixando Walter ainda mais inquieto.<\/p>\n<p>A novela, que vem conquistando o p\u00fablico com reviravoltas constantes, promete usar essa situa\u00e7\u00e3o como um dos pontos de virada da trama. O p\u00fablico ser\u00e1 levado a questionar n\u00e3o apenas se Walter ser\u00e1 desmascarado, mas tamb\u00e9m quando e de que forma isso vai acontecer.<\/p>\n<p>Para aumentar o clima de tens\u00e3o, outras personagens come\u00e7ar\u00e3o a desconfiar do comportamento dele, criando um cerco cada vez mais fechado. E, como j\u00e1 \u00e9 de praxe em <em>Vale Tudo<\/em>, o caminho at\u00e9 a revela\u00e7\u00e3o promete ser cheio de armadilhas, alian\u00e7as improv\u00e1veis e momentos de pura adrenalina.<\/p>\n<p>Agora, resta saber se Walter conseguir\u00e1 reverter a situa\u00e7\u00e3o ou se Poliana ter\u00e1 em m\u00e3os a chave para expor todas as suas artimanhas diante de todos.<\/p>\n<p>&nbsp;<\/p>\n<h2>Vale Tudo: morte brutal de Ana Clara muda o rumo da novela<\/h2>\n<p>Nos pr\u00f3ximos cap\u00edtulos de <em>Vale Tudo<\/em>, a trama da novela das nove da Globo passar\u00e1 por um momento de forte impacto emocional e reviravolta. Ana Clara (Samantha Jones), personagem que conquistou o p\u00fablico por sua garra e determina\u00e7\u00e3o, ter\u00e1 um desfecho tr\u00e1gico que promete mexer com todos os n\u00facleos da hist\u00f3ria.<\/p>\n<p>A neta de Nice (Teca Pereira) viveu momentos intensos desde que assumiu a responsabilidade de cuidar de Leonardo Roitman (Guilherme Magon) ap\u00f3s a morte da av\u00f3. Ao longo dos cap\u00edtulos, a personagem enfrentou dificuldades, fez alian\u00e7as inesperadas e se envolveu em conflitos perigosos. No entanto, a amea\u00e7a de Odete Roitman (Debora Bloch) sempre esteve presente \u2014 e agora atingir\u00e1 seu ponto mais cruel.<\/p>\n<p>De acordo com informa\u00e7\u00f5es de bastidores, Odete ser\u00e1 a respons\u00e1vel por arquitetar o crime que tirar\u00e1 a vida de Ana Clara. Movida por vingan\u00e7a e por interesses pessoais, a vil\u00e3 n\u00e3o medir\u00e1 esfor\u00e7os para eliminar a jovem. O assassinato ser\u00e1 meticulosamente planejado e executado de forma fria, deixando o p\u00fablico at\u00f4nito com a ousadia da antagonista.<\/p>\n<p>A cena promete ser uma das mais tensas da novela. Fontes ligadas \u00e0 produ\u00e7\u00e3o revelam que a sequ\u00eancia envolver\u00e1 loca\u00e7\u00f5es externas, ilumina\u00e7\u00e3o dram\u00e1tica e trilha sonora carregada de suspense. A dire\u00e7\u00e3o aposta em enquadramentos fechados para transmitir toda a emo\u00e7\u00e3o e desespero do momento.<\/p>\n<p>A morte de Ana Clara ter\u00e1 repercuss\u00f5es imediatas no enredo. Personagens pr\u00f3ximos a ela, como Leonardo, ficar\u00e3o devastados e determinados a buscar justi\u00e7a. Esse evento tamb\u00e9m reacender\u00e1 rivalidades e trar\u00e1 novos segredos \u00e0 tona, aprofundando ainda mais a teia de intrigas que sustenta a trama.<\/p>\n<p>O autor j\u00e1 sinalizou que a partida de Ana Clara n\u00e3o ser\u00e1 apenas um choque moment\u00e2neo, mas um divisor de \u00e1guas na narrativa. Sua aus\u00eancia abrir\u00e1 espa\u00e7o para novos conflitos, alian\u00e7as improv\u00e1veis e revela\u00e7\u00f5es que podem mudar completamente o destino de outros personagens centrais.<\/p>\n<p>A expectativa \u00e9 que a audi\u00eancia reaja fortemente ao epis\u00f3dio, especialmente porque Ana Clara se tornou uma das queridinhas do p\u00fablico. A personagem, que come\u00e7ou como coadjuvante, ganhou relev\u00e2ncia com seu carisma e trajet\u00f3ria emocionante, tornando sua morte ainda mais dolorosa para quem acompanha a hist\u00f3ria.<\/p>\n<p>&nbsp;<\/p>\n","protected":false},"excerpt":{"rendered":"<p>Debochou? Janja faz publica\u00e7\u00e3o ap\u00f3s condena\u00e7\u00e3o de Bolsonaro e repercuss\u00e3o explode Por Reda\u00e7\u00e3o Data: 12 de setembro de 2025 Na quinta-feira, 11 de setembro de 2025, o ex-presidente Jair Bolsonaro foi condenado pelo Supremo Tribunal Federal (STF) a 27 anos e 3 meses de pris\u00e3o, pelos crimes relacionados \u00e0 trama golpista: lideran\u00e7a de organiza\u00e7\u00e3o criminosa &hellip;<\/p>\n","protected":false},"author":1,"featured_media":0,"comment_status":"open","ping_status":"open","sticky":false,"template":"","format":"standard","meta":{"_jetpack_memberships_contains_paid_content":false,"footnotes":""},"categories":[2],"tags":[],"class_list":["post-449457","post","type-post","status-publish","format-standard","hentry","category-entretenimento"],"yoast_head":"<!-- This site is optimized with the Yoast SEO plugin v27.5 - https:\/\/yoast.com\/product\/yoast-seo-wordpress\/ -->\n<title>Debochou? Janja faz publica\u00e7\u00e3o ap\u00f3s condena\u00e7\u00e3o de Bolsonaro e repercuss\u00e3o explode<\/title>\n<meta name=\"robots\" content=\"index, follow, max-snippet:-1, max-image-preview:large, max-video-preview:-1\" \/>\n<link rel=\"canonical\" href=\"https:\/\/mrnews.com.br\/index.php\/2025\/09\/13\/debochou-janja-faz-publicacao-apos-condenacao-de-bolsonaro-e-repercussao-explode\/\" \/>\n<meta property=\"og:locale\" content=\"pt_BR\" \/>\n<meta property=\"og:type\" content=\"article\" \/>\n<meta property=\"og:title\" content=\"Debochou? Janja faz publica\u00e7\u00e3o ap\u00f3s condena\u00e7\u00e3o de Bolsonaro e repercuss\u00e3o explode\" \/>\n<meta property=\"og:description\" content=\"Debochou? Janja faz publica\u00e7\u00e3o ap\u00f3s condena\u00e7\u00e3o de Bolsonaro e repercuss\u00e3o explode Por Reda\u00e7\u00e3o Data: 12 de setembro de 2025 Na quinta-feira, 11 de setembro de 2025, o ex-presidente Jair Bolsonaro foi condenado pelo Supremo Tribunal Federal (STF) a 27 anos e 3 meses de pris\u00e3o, pelos crimes relacionados \u00e0 trama golpista: lideran\u00e7a de organiza\u00e7\u00e3o criminosa &hellip;\" \/>\n<meta property=\"og:url\" content=\"https:\/\/mrnews.com.br\/index.php\/2025\/09\/13\/debochou-janja-faz-publicacao-apos-condenacao-de-bolsonaro-e-repercussao-explode\/\" \/>\n<meta property=\"og:site_name\" content=\"MRNews\" \/>\n<meta property=\"article:publisher\" content=\"https:\/\/www.facebook.com\/eaipahpah\/?locale2=pt_BR\" \/>\n<meta property=\"article:published_time\" content=\"2025-09-13T22:54:08+00:00\" \/>\n<meta name=\"author\" content=\"MR News\" \/>\n<meta name=\"twitter:card\" content=\"summary_large_image\" \/>\n<meta name=\"twitter:creator\" content=\"@conspirou\" \/>\n<meta name=\"twitter:site\" content=\"@conspirou\" \/>\n<meta name=\"twitter:label1\" content=\"Escrito por\" \/>\n\t<meta name=\"twitter:data1\" content=\"MR News\" \/>\n\t<meta name=\"twitter:label2\" content=\"Est. tempo de leitura\" \/>\n\t<meta name=\"twitter:data2\" content=\"33 minutos\" \/>\n<script type=\"application\/ld+json\" class=\"yoast-schema-graph\">{\"@context\":\"https:\\\/\\\/schema.org\",\"@graph\":[{\"@type\":\"Article\",\"@id\":\"https:\\\/\\\/mrnews.com.br\\\/index.php\\\/2025\\\/09\\\/13\\\/debochou-janja-faz-publicacao-apos-condenacao-de-bolsonaro-e-repercussao-explode\\\/#article\",\"isPartOf\":{\"@id\":\"https:\\\/\\\/mrnews.com.br\\\/index.php\\\/2025\\\/09\\\/13\\\/debochou-janja-faz-publicacao-apos-condenacao-de-bolsonaro-e-repercussao-explode\\\/\"},\"author\":{\"name\":\"MR News\",\"@id\":\"https:\\\/\\\/mrnews.com.br\\\/#\\\/schema\\\/person\\\/be3203154562a9f207407861cef7827b\"},\"headline\":\"Debochou? Janja faz publica\u00e7\u00e3o ap\u00f3s condena\u00e7\u00e3o de Bolsonaro e repercuss\u00e3o explode\",\"datePublished\":\"2025-09-13T22:54:08+00:00\",\"mainEntityOfPage\":{\"@id\":\"https:\\\/\\\/mrnews.com.br\\\/index.php\\\/2025\\\/09\\\/13\\\/debochou-janja-faz-publicacao-apos-condenacao-de-bolsonaro-e-repercussao-explode\\\/\"},\"wordCount\":6655,\"commentCount\":0,\"publisher\":{\"@id\":\"https:\\\/\\\/mrnews.com.br\\\/#organization\"},\"articleSection\":[\"ENTRETENIMENTO\"],\"inLanguage\":\"pt-BR\",\"potentialAction\":[{\"@type\":\"CommentAction\",\"name\":\"Comment\",\"target\":[\"https:\\\/\\\/mrnews.com.br\\\/index.php\\\/2025\\\/09\\\/13\\\/debochou-janja-faz-publicacao-apos-condenacao-de-bolsonaro-e-repercussao-explode\\\/#respond\"]}]},{\"@type\":\"WebPage\",\"@id\":\"https:\\\/\\\/mrnews.com.br\\\/index.php\\\/2025\\\/09\\\/13\\\/debochou-janja-faz-publicacao-apos-condenacao-de-bolsonaro-e-repercussao-explode\\\/\",\"url\":\"https:\\\/\\\/mrnews.com.br\\\/index.php\\\/2025\\\/09\\\/13\\\/debochou-janja-faz-publicacao-apos-condenacao-de-bolsonaro-e-repercussao-explode\\\/\",\"name\":\"Debochou? Janja faz publica\u00e7\u00e3o ap\u00f3s condena\u00e7\u00e3o de Bolsonaro e repercuss\u00e3o explode\",\"isPartOf\":{\"@id\":\"https:\\\/\\\/mrnews.com.br\\\/#website\"},\"datePublished\":\"2025-09-13T22:54:08+00:00\",\"breadcrumb\":{\"@id\":\"https:\\\/\\\/mrnews.com.br\\\/index.php\\\/2025\\\/09\\\/13\\\/debochou-janja-faz-publicacao-apos-condenacao-de-bolsonaro-e-repercussao-explode\\\/#breadcrumb\"},\"inLanguage\":\"pt-BR\",\"potentialAction\":[{\"@type\":\"ReadAction\",\"target\":[\"https:\\\/\\\/mrnews.com.br\\\/index.php\\\/2025\\\/09\\\/13\\\/debochou-janja-faz-publicacao-apos-condenacao-de-bolsonaro-e-repercussao-explode\\\/\"]}]},{\"@type\":\"BreadcrumbList\",\"@id\":\"https:\\\/\\\/mrnews.com.br\\\/index.php\\\/2025\\\/09\\\/13\\\/debochou-janja-faz-publicacao-apos-condenacao-de-bolsonaro-e-repercussao-explode\\\/#breadcrumb\",\"itemListElement\":[{\"@type\":\"ListItem\",\"position\":1,\"name\":\"In\u00edcio\",\"item\":\"https:\\\/\\\/mrnews.com.br\\\/\"},{\"@type\":\"ListItem\",\"position\":2,\"name\":\"Debochou? Janja faz publica\u00e7\u00e3o ap\u00f3s condena\u00e7\u00e3o de Bolsonaro e repercuss\u00e3o explode\"}]},{\"@type\":\"WebSite\",\"@id\":\"https:\\\/\\\/mrnews.com.br\\\/#website\",\"url\":\"https:\\\/\\\/mrnews.com.br\\\/\",\"name\":\"MRNews\",\"description\":\"MRNews Jogos de hoje da TV, transmiss\u00f5es ao vivo, Not\u00edcias de futebol, Jogos ao vivo, Lives, resumo de novelas, Programa\u00e7\u00e3o da Globo, A Fazenda e BBB\",\"publisher\":{\"@id\":\"https:\\\/\\\/mrnews.com.br\\\/#organization\"},\"potentialAction\":[{\"@type\":\"SearchAction\",\"target\":{\"@type\":\"EntryPoint\",\"urlTemplate\":\"https:\\\/\\\/mrnews.com.br\\\/?s={search_term_string}\"},\"query-input\":{\"@type\":\"PropertyValueSpecification\",\"valueRequired\":true,\"valueName\":\"search_term_string\"}}],\"inLanguage\":\"pt-BR\"},{\"@type\":\"Organization\",\"@id\":\"https:\\\/\\\/mrnews.com.br\\\/#organization\",\"name\":\"MRNews\",\"url\":\"https:\\\/\\\/mrnews.com.br\\\/\",\"logo\":{\"@type\":\"ImageObject\",\"inLanguage\":\"pt-BR\",\"@id\":\"https:\\\/\\\/mrnews.com.br\\\/#\\\/schema\\\/logo\\\/image\\\/\",\"url\":\"https:\\\/\\\/mrnews.com.br\\\/wp-content\\\/uploads\\\/2019\\\/06\\\/MRNewslogo2.png\",\"contentUrl\":\"https:\\\/\\\/mrnews.com.br\\\/wp-content\\\/uploads\\\/2019\\\/06\\\/MRNewslogo2.png\",\"width\":223,\"height\":58,\"caption\":\"MRNews\"},\"image\":{\"@id\":\"https:\\\/\\\/mrnews.com.br\\\/#\\\/schema\\\/logo\\\/image\\\/\"},\"sameAs\":[\"https:\\\/\\\/www.facebook.com\\\/eaipahpah\\\/?locale2=pt_BR\",\"https:\\\/\\\/x.com\\\/conspirou\",\"https:\\\/\\\/www.instagram.com\\\/eai_pahpah\",\"https:\\\/\\\/br.pinterest.com\\\/mrnewsn\\\/boards\\\/\",\"https:\\\/\\\/www.youtube.com\\\/channel\\\/UCacgnpznQ61fifLWr1tQ-vA?view_as=subscriber\"]},{\"@type\":\"Person\",\"@id\":\"https:\\\/\\\/mrnews.com.br\\\/#\\\/schema\\\/person\\\/be3203154562a9f207407861cef7827b\",\"name\":\"MR News\",\"image\":{\"@type\":\"ImageObject\",\"inLanguage\":\"pt-BR\",\"@id\":\"https:\\\/\\\/secure.gravatar.com\\\/avatar\\\/04084e6d73c042b8646e7c17b494073bf0ede3ea13c7105cfc45cbbbc28385a4?s=96&d=monsterid&r=g\",\"url\":\"https:\\\/\\\/secure.gravatar.com\\\/avatar\\\/04084e6d73c042b8646e7c17b494073bf0ede3ea13c7105cfc45cbbbc28385a4?s=96&d=monsterid&r=g\",\"contentUrl\":\"https:\\\/\\\/secure.gravatar.com\\\/avatar\\\/04084e6d73c042b8646e7c17b494073bf0ede3ea13c7105cfc45cbbbc28385a4?s=96&d=monsterid&r=g\",\"caption\":\"MR News\"},\"description\":\"Especializado em jornalismo colaborativo pela FTP em n\u00edvel de p\u00f3s-gradua\u00e7\u00e3o. suporte@oimeliga.combr\",\"sameAs\":[\"HUGO R.\",\"Admin\"],\"url\":\"https:\\\/\\\/mrnews.com.br\\\/index.php\\\/author\\\/admin\\\/\"}]}<\/script>\n<!-- \/ Yoast SEO plugin. -->","yoast_head_json":{"title":"Debochou? Janja faz publica\u00e7\u00e3o ap\u00f3s condena\u00e7\u00e3o de Bolsonaro e repercuss\u00e3o explode","robots":{"index":"index","follow":"follow","max-snippet":"max-snippet:-1","max-image-preview":"max-image-preview:large","max-video-preview":"max-video-preview:-1"},"canonical":"https:\/\/mrnews.com.br\/index.php\/2025\/09\/13\/debochou-janja-faz-publicacao-apos-condenacao-de-bolsonaro-e-repercussao-explode\/","og_locale":"pt_BR","og_type":"article","og_title":"Debochou? Janja faz publica\u00e7\u00e3o ap\u00f3s condena\u00e7\u00e3o de Bolsonaro e repercuss\u00e3o explode","og_description":"Debochou? Janja faz publica\u00e7\u00e3o ap\u00f3s condena\u00e7\u00e3o de Bolsonaro e repercuss\u00e3o explode Por Reda\u00e7\u00e3o Data: 12 de setembro de 2025 Na quinta-feira, 11 de setembro de 2025, o ex-presidente Jair Bolsonaro foi condenado pelo Supremo Tribunal Federal (STF) a 27 anos e 3 meses de pris\u00e3o, pelos crimes relacionados \u00e0 trama golpista: lideran\u00e7a de organiza\u00e7\u00e3o criminosa &hellip;","og_url":"https:\/\/mrnews.com.br\/index.php\/2025\/09\/13\/debochou-janja-faz-publicacao-apos-condenacao-de-bolsonaro-e-repercussao-explode\/","og_site_name":"MRNews","article_publisher":"https:\/\/www.facebook.com\/eaipahpah\/?locale2=pt_BR","article_published_time":"2025-09-13T22:54:08+00:00","author":"MR News","twitter_card":"summary_large_image","twitter_creator":"@conspirou","twitter_site":"@conspirou","twitter_misc":{"Escrito por":"MR News","Est. tempo de leitura":"33 minutos"},"schema":{"@context":"https:\/\/schema.org","@graph":[{"@type":"Article","@id":"https:\/\/mrnews.com.br\/index.php\/2025\/09\/13\/debochou-janja-faz-publicacao-apos-condenacao-de-bolsonaro-e-repercussao-explode\/#article","isPartOf":{"@id":"https:\/\/mrnews.com.br\/index.php\/2025\/09\/13\/debochou-janja-faz-publicacao-apos-condenacao-de-bolsonaro-e-repercussao-explode\/"},"author":{"name":"MR News","@id":"https:\/\/mrnews.com.br\/#\/schema\/person\/be3203154562a9f207407861cef7827b"},"headline":"Debochou? Janja faz publica\u00e7\u00e3o ap\u00f3s condena\u00e7\u00e3o de Bolsonaro e repercuss\u00e3o explode","datePublished":"2025-09-13T22:54:08+00:00","mainEntityOfPage":{"@id":"https:\/\/mrnews.com.br\/index.php\/2025\/09\/13\/debochou-janja-faz-publicacao-apos-condenacao-de-bolsonaro-e-repercussao-explode\/"},"wordCount":6655,"commentCount":0,"publisher":{"@id":"https:\/\/mrnews.com.br\/#organization"},"articleSection":["ENTRETENIMENTO"],"inLanguage":"pt-BR","potentialAction":[{"@type":"CommentAction","name":"Comment","target":["https:\/\/mrnews.com.br\/index.php\/2025\/09\/13\/debochou-janja-faz-publicacao-apos-condenacao-de-bolsonaro-e-repercussao-explode\/#respond"]}]},{"@type":"WebPage","@id":"https:\/\/mrnews.com.br\/index.php\/2025\/09\/13\/debochou-janja-faz-publicacao-apos-condenacao-de-bolsonaro-e-repercussao-explode\/","url":"https:\/\/mrnews.com.br\/index.php\/2025\/09\/13\/debochou-janja-faz-publicacao-apos-condenacao-de-bolsonaro-e-repercussao-explode\/","name":"Debochou? Janja faz publica\u00e7\u00e3o ap\u00f3s condena\u00e7\u00e3o de Bolsonaro e repercuss\u00e3o explode","isPartOf":{"@id":"https:\/\/mrnews.com.br\/#website"},"datePublished":"2025-09-13T22:54:08+00:00","breadcrumb":{"@id":"https:\/\/mrnews.com.br\/index.php\/2025\/09\/13\/debochou-janja-faz-publicacao-apos-condenacao-de-bolsonaro-e-repercussao-explode\/#breadcrumb"},"inLanguage":"pt-BR","potentialAction":[{"@type":"ReadAction","target":["https:\/\/mrnews.com.br\/index.php\/2025\/09\/13\/debochou-janja-faz-publicacao-apos-condenacao-de-bolsonaro-e-repercussao-explode\/"]}]},{"@type":"BreadcrumbList","@id":"https:\/\/mrnews.com.br\/index.php\/2025\/09\/13\/debochou-janja-faz-publicacao-apos-condenacao-de-bolsonaro-e-repercussao-explode\/#breadcrumb","itemListElement":[{"@type":"ListItem","position":1,"name":"In\u00edcio","item":"https:\/\/mrnews.com.br\/"},{"@type":"ListItem","position":2,"name":"Debochou? Janja faz publica\u00e7\u00e3o ap\u00f3s condena\u00e7\u00e3o de Bolsonaro e repercuss\u00e3o explode"}]},{"@type":"WebSite","@id":"https:\/\/mrnews.com.br\/#website","url":"https:\/\/mrnews.com.br\/","name":"MRNews","description":"MRNews Jogos de hoje da TV, transmiss\u00f5es ao vivo, Not\u00edcias de futebol, Jogos ao vivo, Lives, resumo de novelas, Programa\u00e7\u00e3o da Globo, A Fazenda e BBB","publisher":{"@id":"https:\/\/mrnews.com.br\/#organization"},"potentialAction":[{"@type":"SearchAction","target":{"@type":"EntryPoint","urlTemplate":"https:\/\/mrnews.com.br\/?s={search_term_string}"},"query-input":{"@type":"PropertyValueSpecification","valueRequired":true,"valueName":"search_term_string"}}],"inLanguage":"pt-BR"},{"@type":"Organization","@id":"https:\/\/mrnews.com.br\/#organization","name":"MRNews","url":"https:\/\/mrnews.com.br\/","logo":{"@type":"ImageObject","inLanguage":"pt-BR","@id":"https:\/\/mrnews.com.br\/#\/schema\/logo\/image\/","url":"https:\/\/mrnews.com.br\/wp-content\/uploads\/2019\/06\/MRNewslogo2.png","contentUrl":"https:\/\/mrnews.com.br\/wp-content\/uploads\/2019\/06\/MRNewslogo2.png","width":223,"height":58,"caption":"MRNews"},"image":{"@id":"https:\/\/mrnews.com.br\/#\/schema\/logo\/image\/"},"sameAs":["https:\/\/www.facebook.com\/eaipahpah\/?locale2=pt_BR","https:\/\/x.com\/conspirou","https:\/\/www.instagram.com\/eai_pahpah","https:\/\/br.pinterest.com\/mrnewsn\/boards\/","https:\/\/www.youtube.com\/channel\/UCacgnpznQ61fifLWr1tQ-vA?view_as=subscriber"]},{"@type":"Person","@id":"https:\/\/mrnews.com.br\/#\/schema\/person\/be3203154562a9f207407861cef7827b","name":"MR News","image":{"@type":"ImageObject","inLanguage":"pt-BR","@id":"https:\/\/secure.gravatar.com\/avatar\/04084e6d73c042b8646e7c17b494073bf0ede3ea13c7105cfc45cbbbc28385a4?s=96&d=monsterid&r=g","url":"https:\/\/secure.gravatar.com\/avatar\/04084e6d73c042b8646e7c17b494073bf0ede3ea13c7105cfc45cbbbc28385a4?s=96&d=monsterid&r=g","contentUrl":"https:\/\/secure.gravatar.com\/avatar\/04084e6d73c042b8646e7c17b494073bf0ede3ea13c7105cfc45cbbbc28385a4?s=96&d=monsterid&r=g","caption":"MR News"},"description":"Especializado em jornalismo colaborativo pela FTP em n\u00edvel de p\u00f3s-gradua\u00e7\u00e3o. suporte@oimeliga.combr","sameAs":["HUGO R.","Admin"],"url":"https:\/\/mrnews.com.br\/index.php\/author\/admin\/"}]}},"jetpack_featured_media_url":"","jetpack_sharing_enabled":true,"jetpack_shortlink":"https:\/\/wp.me\/pa2Qf7-1SVj","amp_enabled":true,"_links":{"self":[{"href":"https:\/\/mrnews.com.br\/index.php\/wp-json\/wp\/v2\/posts\/449457","targetHints":{"allow":["GET"]}}],"collection":[{"href":"https:\/\/mrnews.com.br\/index.php\/wp-json\/wp\/v2\/posts"}],"about":[{"href":"https:\/\/mrnews.com.br\/index.php\/wp-json\/wp\/v2\/types\/post"}],"author":[{"embeddable":true,"href":"https:\/\/mrnews.com.br\/index.php\/wp-json\/wp\/v2\/users\/1"}],"replies":[{"embeddable":true,"href":"https:\/\/mrnews.com.br\/index.php\/wp-json\/wp\/v2\/comments?post=449457"}],"version-history":[{"count":1,"href":"https:\/\/mrnews.com.br\/index.php\/wp-json\/wp\/v2\/posts\/449457\/revisions"}],"predecessor-version":[{"id":449458,"href":"https:\/\/mrnews.com.br\/index.php\/wp-json\/wp\/v2\/posts\/449457\/revisions\/449458"}],"wp:attachment":[{"href":"https:\/\/mrnews.com.br\/index.php\/wp-json\/wp\/v2\/media?parent=449457"}],"wp:term":[{"taxonomy":"category","embeddable":true,"href":"https:\/\/mrnews.com.br\/index.php\/wp-json\/wp\/v2\/categories?post=449457"},{"taxonomy":"post_tag","embeddable":true,"href":"https:\/\/mrnews.com.br\/index.php\/wp-json\/wp\/v2\/tags?post=449457"}],"curies":[{"name":"wp","href":"https:\/\/api.w.org\/{rel}","templated":true}]}}