{"id":450180,"date":"2025-10-01T11:23:39","date_gmt":"2025-10-01T14:23:39","guid":{"rendered":"https:\/\/mrnews.com.br\/index.php\/2025\/10\/01\/cadastro-reserva-do-cpnu1-sera-chamado-muito-em-breve-diz-ministra\/"},"modified":"2025-10-01T11:23:39","modified_gmt":"2025-10-01T14:23:39","slug":"cadastro-reserva-do-cpnu1-sera-chamado-muito-em-breve-diz-ministra","status":"publish","type":"post","link":"https:\/\/mrnews.com.br\/index.php\/2025\/10\/01\/cadastro-reserva-do-cpnu1-sera-chamado-muito-em-breve-diz-ministra\/","title":{"rendered":"Cadastro reserva do CPNU1 ser\u00e1 chamado muito em breve, diz ministra"},"content":{"rendered":"<p>Por EBC, <\/p>\n<div>\n<p><strong>A ministra da Gest\u00e3o e da Inova\u00e7\u00e3o em Servi\u00e7os P\u00fablicos, Esther Dweck, disse nesta quarta-feira (1\u00ba) que o governo federal deve come\u00e7ar a chamar em breve candidatos aprovados no cadastro reserva da primeira edi\u00e7\u00e3o do Concurso P\u00fablico Nacional Unificado (CPNU).<\/strong><\/p>\n<blockquote>\n<p>\u201cVamos come\u00e7ar a chamar esse cadastro reserva em breve. Muito breve. Tenho uma expectativa de que seja nos pr\u00f3ximos dias ou na pr\u00f3xima semana, no m\u00e1ximo\u201d, detalhou, ao participar de entrevista a emissoras de r\u00e1dio durante o programa Bom Dia, Ministra, produzido pela Empresa Brasil de Comunica\u00e7\u00e3o (EBC).<\/p>\n<\/blockquote>\n<p>Esther lembrou que o CPNU1 tem vig\u00eancia de um ano, podendo ser prorrogado por mais um ano.<\/p>\n<blockquote>\n<p>\u201cQuem est\u00e1 no cadastro reserva, a gente sabe que tem uma ansiedade a\u00ed, lembramos que vale at\u00e9 o meio do ano que vem, alguns at\u00e9 um pouco mais. E a gente tem a possibilidade de renovar por mais um ano esse cadastro reserva\u201d.<\/p>\n<\/blockquote>\n<p>&gt;&gt; Siga o canal da <strong>Ag\u00eancia Brasil <\/strong>no WhatsApp<\/p>\n<h2>Vagas distintas<\/h2>\n<p><strong>J\u00e1 na segunda edi\u00e7\u00e3o do CPNU, que acontece no pr\u00f3ximo domingo (5), haver\u00e1 a forma\u00e7\u00e3o de um novo cadastro reserva. \u201cS\u00e3o novas vagas que v\u00e3o ter um novo cadastro reserva e que tamb\u00e9m v\u00e3o ter essa vig\u00eancia de um ano, podendo chegar a mais um ano\u201d, explicou a ministra.<\/strong><\/p>\n<blockquote>\n<p>\u201cO pessoal pode ficar tranquilo. N\u00e3o tem sobreposi\u00e7\u00e3o de vagas. N\u00e3o vai ter algu\u00e9m do 2 sendo chamado na frente do 1 porque n\u00e3o s\u00e3o vagas concorrentes\u201d, disse. \u201cA gente n\u00e3o pode abrir um concurso tendo um em aberto. Ent\u00e3o, eu n\u00e3o posso fazer um concurso pra mesma vaga se aquele ainda est\u00e1 aberto.\u201d<\/p>\n<\/blockquote>\n<p>\u201cO CPNU2 n\u00e3o tem vagas iguais \u00e0s do CPNU1. Isso \u00e9 muito importante para as pessoas ficarem tranquilas quanto a isso. A gente n\u00e3o vai ter essa sobreposi\u00e7\u00e3o de concursos. Isso n\u00e3o pode. \u00c9 at\u00e9 ilegal isso. N\u00e3o est\u00e1 acontecendo\u201d, concluiu.<\/p>\n<p>\u00a0<\/p>\n<p>      <!-- Relacionada --><\/p>\n<p>            <!-- Relacionada -->\n    <\/div>\n","protected":false},"excerpt":{"rendered":"<p>Por EBC, A ministra da Gest\u00e3o e da Inova\u00e7\u00e3o em Servi\u00e7os P\u00fablicos, Esther Dweck, disse nesta quarta-feira (1\u00ba) que o governo federal deve come\u00e7ar a chamar em breve candidatos aprovados no cadastro reserva da primeira edi\u00e7\u00e3o do Concurso P\u00fablico Nacional Unificado (CPNU). \u201cVamos come\u00e7ar a chamar esse cadastro reserva em breve. Muito breve. Tenho uma &hellip;<\/p>\n","protected":false},"author":1,"featured_media":0,"comment_status":"open","ping_status":"open","sticky":false,"template":"","format":"standard","meta":{"_jetpack_memberships_contains_paid_content":false,"footnotes":""},"categories":[2,12225,4],"tags":[],"class_list":["post-450180","post","type-post","status-publish","format-standard","hentry","category-entretenimento","category-noticias","category-servicos"],"yoast_head":"<!-- This site is optimized with the Yoast SEO plugin v27.4 - https:\/\/yoast.com\/product\/yoast-seo-wordpress\/ -->\n<title>Cadastro reserva do CPNU1 ser\u00e1 chamado muito em breve, diz ministra<\/title>\n<meta name=\"robots\" content=\"index, follow, max-snippet:-1, max-image-preview:large, max-video-preview:-1\" \/>\n<link rel=\"canonical\" href=\"https:\/\/mrnews.com.br\/index.php\/2025\/10\/01\/cadastro-reserva-do-cpnu1-sera-chamado-muito-em-breve-diz-ministra\/\" \/>\n<meta property=\"og:locale\" content=\"pt_BR\" \/>\n<meta property=\"og:type\" content=\"article\" \/>\n<meta property=\"og:title\" content=\"Cadastro reserva do CPNU1 ser\u00e1 chamado muito em breve, diz ministra\" \/>\n<meta property=\"og:description\" content=\"Por EBC, A ministra da Gest\u00e3o e da Inova\u00e7\u00e3o em Servi\u00e7os P\u00fablicos, Esther Dweck, disse nesta quarta-feira (1\u00ba) que o governo federal deve come\u00e7ar a chamar em breve candidatos aprovados no cadastro reserva da primeira edi\u00e7\u00e3o do Concurso P\u00fablico Nacional Unificado (CPNU). \u201cVamos come\u00e7ar a chamar esse cadastro reserva em breve. Muito breve. Tenho uma &hellip;\" \/>\n<meta property=\"og:url\" content=\"https:\/\/mrnews.com.br\/index.php\/2025\/10\/01\/cadastro-reserva-do-cpnu1-sera-chamado-muito-em-breve-diz-ministra\/\" \/>\n<meta property=\"og:site_name\" content=\"MRNews\" \/>\n<meta property=\"article:publisher\" content=\"https:\/\/www.facebook.com\/eaipahpah\/?locale2=pt_BR\" \/>\n<meta property=\"article:published_time\" content=\"2025-10-01T14:23:39+00:00\" \/>\n<meta name=\"author\" content=\"MR News\" \/>\n<meta name=\"twitter:card\" content=\"summary_large_image\" \/>\n<meta name=\"twitter:creator\" content=\"@conspirou\" \/>\n<meta name=\"twitter:site\" content=\"@conspirou\" \/>\n<meta name=\"twitter:label1\" content=\"Escrito por\" \/>\n\t<meta name=\"twitter:data1\" content=\"MR News\" \/>\n\t<meta name=\"twitter:label2\" content=\"Est. tempo de leitura\" \/>\n\t<meta name=\"twitter:data2\" content=\"2 minutos\" \/>\n<script type=\"application\/ld+json\" class=\"yoast-schema-graph\">{\"@context\":\"https:\\\/\\\/schema.org\",\"@graph\":[{\"@type\":\"Article\",\"@id\":\"https:\\\/\\\/mrnews.com.br\\\/index.php\\\/2025\\\/10\\\/01\\\/cadastro-reserva-do-cpnu1-sera-chamado-muito-em-breve-diz-ministra\\\/#article\",\"isPartOf\":{\"@id\":\"https:\\\/\\\/mrnews.com.br\\\/index.php\\\/2025\\\/10\\\/01\\\/cadastro-reserva-do-cpnu1-sera-chamado-muito-em-breve-diz-ministra\\\/\"},\"author\":{\"name\":\"MR News\",\"@id\":\"https:\\\/\\\/mrnews.com.br\\\/#\\\/schema\\\/person\\\/be3203154562a9f207407861cef7827b\"},\"headline\":\"Cadastro reserva do CPNU1 ser\u00e1 chamado muito em breve, diz ministra\",\"datePublished\":\"2025-10-01T14:23:39+00:00\",\"mainEntityOfPage\":{\"@id\":\"https:\\\/\\\/mrnews.com.br\\\/index.php\\\/2025\\\/10\\\/01\\\/cadastro-reserva-do-cpnu1-sera-chamado-muito-em-breve-diz-ministra\\\/\"},\"wordCount\":348,\"commentCount\":0,\"publisher\":{\"@id\":\"https:\\\/\\\/mrnews.com.br\\\/#organization\"},\"articleSection\":[\"ENTRETENIMENTO\",\"NOTICIAS\",\"SERVI\u00c7OS\"],\"inLanguage\":\"pt-BR\",\"potentialAction\":[{\"@type\":\"CommentAction\",\"name\":\"Comment\",\"target\":[\"https:\\\/\\\/mrnews.com.br\\\/index.php\\\/2025\\\/10\\\/01\\\/cadastro-reserva-do-cpnu1-sera-chamado-muito-em-breve-diz-ministra\\\/#respond\"]}]},{\"@type\":\"WebPage\",\"@id\":\"https:\\\/\\\/mrnews.com.br\\\/index.php\\\/2025\\\/10\\\/01\\\/cadastro-reserva-do-cpnu1-sera-chamado-muito-em-breve-diz-ministra\\\/\",\"url\":\"https:\\\/\\\/mrnews.com.br\\\/index.php\\\/2025\\\/10\\\/01\\\/cadastro-reserva-do-cpnu1-sera-chamado-muito-em-breve-diz-ministra\\\/\",\"name\":\"Cadastro reserva do CPNU1 ser\u00e1 chamado muito em breve, diz ministra\",\"isPartOf\":{\"@id\":\"https:\\\/\\\/mrnews.com.br\\\/#website\"},\"datePublished\":\"2025-10-01T14:23:39+00:00\",\"breadcrumb\":{\"@id\":\"https:\\\/\\\/mrnews.com.br\\\/index.php\\\/2025\\\/10\\\/01\\\/cadastro-reserva-do-cpnu1-sera-chamado-muito-em-breve-diz-ministra\\\/#breadcrumb\"},\"inLanguage\":\"pt-BR\",\"potentialAction\":[{\"@type\":\"ReadAction\",\"target\":[\"https:\\\/\\\/mrnews.com.br\\\/index.php\\\/2025\\\/10\\\/01\\\/cadastro-reserva-do-cpnu1-sera-chamado-muito-em-breve-diz-ministra\\\/\"]}]},{\"@type\":\"BreadcrumbList\",\"@id\":\"https:\\\/\\\/mrnews.com.br\\\/index.php\\\/2025\\\/10\\\/01\\\/cadastro-reserva-do-cpnu1-sera-chamado-muito-em-breve-diz-ministra\\\/#breadcrumb\",\"itemListElement\":[{\"@type\":\"ListItem\",\"position\":1,\"name\":\"In\u00edcio\",\"item\":\"https:\\\/\\\/mrnews.com.br\\\/\"},{\"@type\":\"ListItem\",\"position\":2,\"name\":\"Cadastro reserva do CPNU1 ser\u00e1 chamado muito em breve, diz ministra\"}]},{\"@type\":\"WebSite\",\"@id\":\"https:\\\/\\\/mrnews.com.br\\\/#website\",\"url\":\"https:\\\/\\\/mrnews.com.br\\\/\",\"name\":\"MRNews\",\"description\":\"MRNews Jogos de hoje da TV, transmiss\u00f5es ao vivo, Not\u00edcias de futebol, Jogos ao vivo, Lives, resumo de novelas, Programa\u00e7\u00e3o da Globo, A Fazenda e BBB\",\"publisher\":{\"@id\":\"https:\\\/\\\/mrnews.com.br\\\/#organization\"},\"potentialAction\":[{\"@type\":\"SearchAction\",\"target\":{\"@type\":\"EntryPoint\",\"urlTemplate\":\"https:\\\/\\\/mrnews.com.br\\\/?s={search_term_string}\"},\"query-input\":{\"@type\":\"PropertyValueSpecification\",\"valueRequired\":true,\"valueName\":\"search_term_string\"}}],\"inLanguage\":\"pt-BR\"},{\"@type\":\"Organization\",\"@id\":\"https:\\\/\\\/mrnews.com.br\\\/#organization\",\"name\":\"MRNews\",\"url\":\"https:\\\/\\\/mrnews.com.br\\\/\",\"logo\":{\"@type\":\"ImageObject\",\"inLanguage\":\"pt-BR\",\"@id\":\"https:\\\/\\\/mrnews.com.br\\\/#\\\/schema\\\/logo\\\/image\\\/\",\"url\":\"https:\\\/\\\/mrnews.com.br\\\/wp-content\\\/uploads\\\/2019\\\/06\\\/MRNewslogo2.png\",\"contentUrl\":\"https:\\\/\\\/mrnews.com.br\\\/wp-content\\\/uploads\\\/2019\\\/06\\\/MRNewslogo2.png\",\"width\":223,\"height\":58,\"caption\":\"MRNews\"},\"image\":{\"@id\":\"https:\\\/\\\/mrnews.com.br\\\/#\\\/schema\\\/logo\\\/image\\\/\"},\"sameAs\":[\"https:\\\/\\\/www.facebook.com\\\/eaipahpah\\\/?locale2=pt_BR\",\"https:\\\/\\\/x.com\\\/conspirou\",\"https:\\\/\\\/www.instagram.com\\\/eai_pahpah\",\"https:\\\/\\\/br.pinterest.com\\\/mrnewsn\\\/boards\\\/\",\"https:\\\/\\\/www.youtube.com\\\/channel\\\/UCacgnpznQ61fifLWr1tQ-vA?view_as=subscriber\"]},{\"@type\":\"Person\",\"@id\":\"https:\\\/\\\/mrnews.com.br\\\/#\\\/schema\\\/person\\\/be3203154562a9f207407861cef7827b\",\"name\":\"MR News\",\"image\":{\"@type\":\"ImageObject\",\"inLanguage\":\"pt-BR\",\"@id\":\"https:\\\/\\\/secure.gravatar.com\\\/avatar\\\/04084e6d73c042b8646e7c17b494073bf0ede3ea13c7105cfc45cbbbc28385a4?s=96&d=monsterid&r=g\",\"url\":\"https:\\\/\\\/secure.gravatar.com\\\/avatar\\\/04084e6d73c042b8646e7c17b494073bf0ede3ea13c7105cfc45cbbbc28385a4?s=96&d=monsterid&r=g\",\"contentUrl\":\"https:\\\/\\\/secure.gravatar.com\\\/avatar\\\/04084e6d73c042b8646e7c17b494073bf0ede3ea13c7105cfc45cbbbc28385a4?s=96&d=monsterid&r=g\",\"caption\":\"MR News\"},\"description\":\"Especializado em jornalismo colaborativo pela FTP em n\u00edvel de p\u00f3s-gradua\u00e7\u00e3o. suporte@oimeliga.combr\",\"sameAs\":[\"HUGO R.\",\"Admin\"],\"url\":\"https:\\\/\\\/mrnews.com.br\\\/index.php\\\/author\\\/admin\\\/\"}]}<\/script>\n<!-- \/ Yoast SEO plugin. -->","yoast_head_json":{"title":"Cadastro reserva do CPNU1 ser\u00e1 chamado muito em breve, diz ministra","robots":{"index":"index","follow":"follow","max-snippet":"max-snippet:-1","max-image-preview":"max-image-preview:large","max-video-preview":"max-video-preview:-1"},"canonical":"https:\/\/mrnews.com.br\/index.php\/2025\/10\/01\/cadastro-reserva-do-cpnu1-sera-chamado-muito-em-breve-diz-ministra\/","og_locale":"pt_BR","og_type":"article","og_title":"Cadastro reserva do CPNU1 ser\u00e1 chamado muito em breve, diz ministra","og_description":"Por EBC, A ministra da Gest\u00e3o e da Inova\u00e7\u00e3o em Servi\u00e7os P\u00fablicos, Esther Dweck, disse nesta quarta-feira (1\u00ba) que o governo federal deve come\u00e7ar a chamar em breve candidatos aprovados no cadastro reserva da primeira edi\u00e7\u00e3o do Concurso P\u00fablico Nacional Unificado (CPNU). \u201cVamos come\u00e7ar a chamar esse cadastro reserva em breve. Muito breve. Tenho uma &hellip;","og_url":"https:\/\/mrnews.com.br\/index.php\/2025\/10\/01\/cadastro-reserva-do-cpnu1-sera-chamado-muito-em-breve-diz-ministra\/","og_site_name":"MRNews","article_publisher":"https:\/\/www.facebook.com\/eaipahpah\/?locale2=pt_BR","article_published_time":"2025-10-01T14:23:39+00:00","author":"MR News","twitter_card":"summary_large_image","twitter_creator":"@conspirou","twitter_site":"@conspirou","twitter_misc":{"Escrito por":"MR News","Est. tempo de leitura":"2 minutos"},"schema":{"@context":"https:\/\/schema.org","@graph":[{"@type":"Article","@id":"https:\/\/mrnews.com.br\/index.php\/2025\/10\/01\/cadastro-reserva-do-cpnu1-sera-chamado-muito-em-breve-diz-ministra\/#article","isPartOf":{"@id":"https:\/\/mrnews.com.br\/index.php\/2025\/10\/01\/cadastro-reserva-do-cpnu1-sera-chamado-muito-em-breve-diz-ministra\/"},"author":{"name":"MR News","@id":"https:\/\/mrnews.com.br\/#\/schema\/person\/be3203154562a9f207407861cef7827b"},"headline":"Cadastro reserva do CPNU1 ser\u00e1 chamado muito em breve, diz ministra","datePublished":"2025-10-01T14:23:39+00:00","mainEntityOfPage":{"@id":"https:\/\/mrnews.com.br\/index.php\/2025\/10\/01\/cadastro-reserva-do-cpnu1-sera-chamado-muito-em-breve-diz-ministra\/"},"wordCount":348,"commentCount":0,"publisher":{"@id":"https:\/\/mrnews.com.br\/#organization"},"articleSection":["ENTRETENIMENTO","NOTICIAS","SERVI\u00c7OS"],"inLanguage":"pt-BR","potentialAction":[{"@type":"CommentAction","name":"Comment","target":["https:\/\/mrnews.com.br\/index.php\/2025\/10\/01\/cadastro-reserva-do-cpnu1-sera-chamado-muito-em-breve-diz-ministra\/#respond"]}]},{"@type":"WebPage","@id":"https:\/\/mrnews.com.br\/index.php\/2025\/10\/01\/cadastro-reserva-do-cpnu1-sera-chamado-muito-em-breve-diz-ministra\/","url":"https:\/\/mrnews.com.br\/index.php\/2025\/10\/01\/cadastro-reserva-do-cpnu1-sera-chamado-muito-em-breve-diz-ministra\/","name":"Cadastro reserva do CPNU1 ser\u00e1 chamado muito em breve, diz ministra","isPartOf":{"@id":"https:\/\/mrnews.com.br\/#website"},"datePublished":"2025-10-01T14:23:39+00:00","breadcrumb":{"@id":"https:\/\/mrnews.com.br\/index.php\/2025\/10\/01\/cadastro-reserva-do-cpnu1-sera-chamado-muito-em-breve-diz-ministra\/#breadcrumb"},"inLanguage":"pt-BR","potentialAction":[{"@type":"ReadAction","target":["https:\/\/mrnews.com.br\/index.php\/2025\/10\/01\/cadastro-reserva-do-cpnu1-sera-chamado-muito-em-breve-diz-ministra\/"]}]},{"@type":"BreadcrumbList","@id":"https:\/\/mrnews.com.br\/index.php\/2025\/10\/01\/cadastro-reserva-do-cpnu1-sera-chamado-muito-em-breve-diz-ministra\/#breadcrumb","itemListElement":[{"@type":"ListItem","position":1,"name":"In\u00edcio","item":"https:\/\/mrnews.com.br\/"},{"@type":"ListItem","position":2,"name":"Cadastro reserva do CPNU1 ser\u00e1 chamado muito em breve, diz ministra"}]},{"@type":"WebSite","@id":"https:\/\/mrnews.com.br\/#website","url":"https:\/\/mrnews.com.br\/","name":"MRNews","description":"MRNews Jogos de hoje da TV, transmiss\u00f5es ao vivo, Not\u00edcias de futebol, Jogos ao vivo, Lives, resumo de novelas, Programa\u00e7\u00e3o da Globo, A Fazenda e BBB","publisher":{"@id":"https:\/\/mrnews.com.br\/#organization"},"potentialAction":[{"@type":"SearchAction","target":{"@type":"EntryPoint","urlTemplate":"https:\/\/mrnews.com.br\/?s={search_term_string}"},"query-input":{"@type":"PropertyValueSpecification","valueRequired":true,"valueName":"search_term_string"}}],"inLanguage":"pt-BR"},{"@type":"Organization","@id":"https:\/\/mrnews.com.br\/#organization","name":"MRNews","url":"https:\/\/mrnews.com.br\/","logo":{"@type":"ImageObject","inLanguage":"pt-BR","@id":"https:\/\/mrnews.com.br\/#\/schema\/logo\/image\/","url":"https:\/\/mrnews.com.br\/wp-content\/uploads\/2019\/06\/MRNewslogo2.png","contentUrl":"https:\/\/mrnews.com.br\/wp-content\/uploads\/2019\/06\/MRNewslogo2.png","width":223,"height":58,"caption":"MRNews"},"image":{"@id":"https:\/\/mrnews.com.br\/#\/schema\/logo\/image\/"},"sameAs":["https:\/\/www.facebook.com\/eaipahpah\/?locale2=pt_BR","https:\/\/x.com\/conspirou","https:\/\/www.instagram.com\/eai_pahpah","https:\/\/br.pinterest.com\/mrnewsn\/boards\/","https:\/\/www.youtube.com\/channel\/UCacgnpznQ61fifLWr1tQ-vA?view_as=subscriber"]},{"@type":"Person","@id":"https:\/\/mrnews.com.br\/#\/schema\/person\/be3203154562a9f207407861cef7827b","name":"MR News","image":{"@type":"ImageObject","inLanguage":"pt-BR","@id":"https:\/\/secure.gravatar.com\/avatar\/04084e6d73c042b8646e7c17b494073bf0ede3ea13c7105cfc45cbbbc28385a4?s=96&d=monsterid&r=g","url":"https:\/\/secure.gravatar.com\/avatar\/04084e6d73c042b8646e7c17b494073bf0ede3ea13c7105cfc45cbbbc28385a4?s=96&d=monsterid&r=g","contentUrl":"https:\/\/secure.gravatar.com\/avatar\/04084e6d73c042b8646e7c17b494073bf0ede3ea13c7105cfc45cbbbc28385a4?s=96&d=monsterid&r=g","caption":"MR News"},"description":"Especializado em jornalismo colaborativo pela FTP em n\u00edvel de p\u00f3s-gradua\u00e7\u00e3o. suporte@oimeliga.combr","sameAs":["HUGO R.","Admin"],"url":"https:\/\/mrnews.com.br\/index.php\/author\/admin\/"}]}},"jetpack_featured_media_url":"","jetpack_sharing_enabled":true,"jetpack_shortlink":"https:\/\/wp.me\/pa2Qf7-1T6Y","amp_enabled":true,"_links":{"self":[{"href":"https:\/\/mrnews.com.br\/index.php\/wp-json\/wp\/v2\/posts\/450180","targetHints":{"allow":["GET"]}}],"collection":[{"href":"https:\/\/mrnews.com.br\/index.php\/wp-json\/wp\/v2\/posts"}],"about":[{"href":"https:\/\/mrnews.com.br\/index.php\/wp-json\/wp\/v2\/types\/post"}],"author":[{"embeddable":true,"href":"https:\/\/mrnews.com.br\/index.php\/wp-json\/wp\/v2\/users\/1"}],"replies":[{"embeddable":true,"href":"https:\/\/mrnews.com.br\/index.php\/wp-json\/wp\/v2\/comments?post=450180"}],"version-history":[{"count":0,"href":"https:\/\/mrnews.com.br\/index.php\/wp-json\/wp\/v2\/posts\/450180\/revisions"}],"wp:attachment":[{"href":"https:\/\/mrnews.com.br\/index.php\/wp-json\/wp\/v2\/media?parent=450180"}],"wp:term":[{"taxonomy":"category","embeddable":true,"href":"https:\/\/mrnews.com.br\/index.php\/wp-json\/wp\/v2\/categories?post=450180"},{"taxonomy":"post_tag","embeddable":true,"href":"https:\/\/mrnews.com.br\/index.php\/wp-json\/wp\/v2\/tags?post=450180"}],"curies":[{"name":"wp","href":"https:\/\/api.w.org\/{rel}","templated":true}]}}