{"id":450315,"date":"2025-10-04T14:19:39","date_gmt":"2025-10-04T17:19:39","guid":{"rendered":"https:\/\/mrnews.com.br\/index.php\/2025\/10\/04\/italia-anuncia-saida-de-israel-do-1o-grupo-de-26-ativistas-da-flotilha\/"},"modified":"2025-10-04T14:19:39","modified_gmt":"2025-10-04T17:19:39","slug":"italia-anuncia-saida-de-israel-do-1o-grupo-de-26-ativistas-da-flotilha","status":"publish","type":"post","link":"https:\/\/mrnews.com.br\/index.php\/2025\/10\/04\/italia-anuncia-saida-de-israel-do-1o-grupo-de-26-ativistas-da-flotilha\/","title":{"rendered":"It\u00e1lia anuncia sa\u00edda de Israel do 1\u00ba grupo de 26 ativistas da flotilha"},"content":{"rendered":"<p>Por EBC, <\/p>\n<div>\n<p><strong>Um primeiro grupo de italianos detidos em Israel que integravam a Flotilha Global Sumud, abordada pelos israelenses quando tentavam chegar a Gaza, vai regressar hoje (4) \u00e0 It\u00e1lia, anunciou o ministro dos Neg\u00f3cios Estrangeiros.<\/strong><\/p>\n<p>O grupo \u00e9 composto por 26 ativistas italianos que assinaram o documento de expuls\u00e3o volunt\u00e1ria e &#8220;est\u00e3o prestes&#8221; a abandonar o territ\u00f3rio israelense a bordo de um voo fretado para Istambul, declarou Antonio Tajani nas redes sociais.<\/p>\n<p><strong>Os 26 italianos j\u00e1 foram transferidos para a base a\u00e9rea israelense de Ramon (sul) e v\u00e3o deixar Israel pelo aeroporto de Eilat<\/strong>. Mais 15 italianos v\u00e3o permanecer em Israel, j\u00e1 que optaram por n\u00e3o assinar o documento de expuls\u00e3o volunt\u00e1ria oferecido pelas autoridades locais.<\/p>\n<blockquote>\n<p>&#8220;Ter\u00e3o de aguardar pela expuls\u00e3o por via judicial, que ocorrer\u00e1 na pr\u00f3xima semana&#8221;, afirmou Tajani, solicitando \u00e0 embaixada italiana em Tel Aviv que &#8220;garanta que os seus cidad\u00e3os sejam tratados com respeito, de acordo com os seus direitos&#8221;.<\/p>\n<\/blockquote>\n<p><strong>Nessa sexta-feira (3) \u00e0 tarde, quatro pol\u00edticos de esquerda, opositores do governo da primeira-ministra italiana, Giorgia Meloni, que embarcaram na flotilha, chegaram a Roma.<\/strong><\/p>\n<p>As <strong>autoridades israelenses detiveram cerca de 450 ativistas que viajavam a bordo da Flotilha Global Sumud &#8211; abordada na noite de quarta-feira quando tentava chegar a Gaza com ajuda humanit\u00e1ria e quebrar o bloqueio israelense ao enclave palestiniano -, na pris\u00e3o de Saharonim, no deserto.<\/strong><\/p>\n<p>As autoridades do Chipre informaram hoje que duas embarca\u00e7\u00f5es que participaram da flotilha atracaram nos portos cipriotas nas \u00faltimas horas, depois de terem solicitado autoriza\u00e7\u00e3o para abastecimento e assist\u00eancia humanit\u00e1ria.<\/p>\n<p><strong>A primeira embarca\u00e7\u00e3o, cujo nome n\u00e3o foi divulgado, com 21 ativistas de v\u00e1rias nacionalidades a bordo, chegou ao porto de Larnaca na noite de quinta-feira (2), ap\u00f3s mais de quatro horas de navega\u00e7\u00e3o em condi\u00e7\u00f5es dif\u00edceis.<\/strong><\/p>\n<p>O barco permaneceu sob vigil\u00e2ncia da pol\u00edcia e das patrulhas mar\u00edtimas at\u00e9, pelo menos, na noite de sexta-feira. \u00c0 chegada, uma equipe m\u00e9dica tratou duas pessoas com problemas de sa\u00fade, sem necessidade de hospitaliza\u00e7\u00e3o.<\/p>\n<p>Na tarde de sexta-feira, uma segunda embarca\u00e7\u00e3o da Flotilha foi autorizada a atracar no porto de Pafos. Segundo o diretor-geral da Autoridade Portu\u00e1ria do Chipre, Anthimos Christodoulides, a embarca\u00e7\u00e3o chama-se Seiren e tem 10 pessoas a bordo. A ag\u00eancia de not\u00edcias cipriota<em> CNA<\/em> informou que o navio de bandeira italiana vai sair hoje do porto cipriota.<\/p>\n<p><em>*\u00c9 proibida a reprodu\u00e7\u00e3o deste conte\u00fado.<\/em><\/p>\n<p>      <!-- Relacionada --><\/p>\n<p>            <!-- Relacionada -->\n    <\/div>\n","protected":false},"excerpt":{"rendered":"<p>Por EBC, Um primeiro grupo de italianos detidos em Israel que integravam a Flotilha Global Sumud, abordada pelos israelenses quando tentavam chegar a Gaza, vai regressar hoje (4) \u00e0 It\u00e1lia, anunciou o ministro dos Neg\u00f3cios Estrangeiros. O grupo \u00e9 composto por 26 ativistas italianos que assinaram o documento de expuls\u00e3o volunt\u00e1ria e &#8220;est\u00e3o prestes&#8221; a &hellip;<\/p>\n","protected":false},"author":1,"featured_media":0,"comment_status":"open","ping_status":"open","sticky":false,"template":"","format":"standard","meta":{"_jetpack_newsletter_access":"","_jetpack_dont_email_post_to_subs":false,"_jetpack_newsletter_tier_id":0,"_jetpack_memberships_contains_paywalled_content":false,"_jetpack_feature_clip_id":0,"_jetpack_memberships_contains_paid_content":false,"footnotes":"","jetpack_post_was_ever_published":false},"categories":[2,12225,4],"tags":[],"class_list":["post-450315","post","type-post","status-publish","format-standard","hentry","category-entretenimento","category-noticias","category-servicos"],"yoast_head":"<!-- This site is optimized with the Yoast SEO plugin v28.4 - https:\/\/yoast.com\/product\/yoast-seo-wordpress\/ -->\n<title>It\u00e1lia anuncia sa\u00edda de Israel do 1\u00ba grupo de 26 ativistas da flotilha<\/title>\n<meta name=\"robots\" content=\"index, follow, max-snippet:-1, max-image-preview:large, max-video-preview:-1\" \/>\n<link rel=\"canonical\" href=\"https:\/\/mrnews.com.br\/index.php\/2025\/10\/04\/italia-anuncia-saida-de-israel-do-1o-grupo-de-26-ativistas-da-flotilha\/\" \/>\n<meta property=\"og:locale\" content=\"pt_BR\" \/>\n<meta property=\"og:type\" content=\"article\" \/>\n<meta property=\"og:title\" content=\"It\u00e1lia anuncia sa\u00edda de Israel do 1\u00ba grupo de 26 ativistas da flotilha\" \/>\n<meta property=\"og:description\" content=\"Por EBC, Um primeiro grupo de italianos detidos em Israel que integravam a Flotilha Global Sumud, abordada pelos israelenses quando tentavam chegar a Gaza, vai regressar hoje (4) \u00e0 It\u00e1lia, anunciou o ministro dos Neg\u00f3cios Estrangeiros. O grupo \u00e9 composto por 26 ativistas italianos que assinaram o documento de expuls\u00e3o volunt\u00e1ria e &#8220;est\u00e3o prestes&#8221; a &hellip;\" \/>\n<meta property=\"og:url\" content=\"https:\/\/mrnews.com.br\/index.php\/2025\/10\/04\/italia-anuncia-saida-de-israel-do-1o-grupo-de-26-ativistas-da-flotilha\/\" \/>\n<meta property=\"og:site_name\" content=\"MRNews\" \/>\n<meta property=\"article:publisher\" content=\"https:\/\/www.facebook.com\/eaipahpah\/?locale2=pt_BR\" \/>\n<meta property=\"article:published_time\" content=\"2025-10-04T17:19:39+00:00\" \/>\n<meta name=\"author\" content=\"MR News\" \/>\n<meta name=\"twitter:card\" content=\"summary_large_image\" \/>\n<meta name=\"twitter:creator\" content=\"@conspirou\" \/>\n<meta name=\"twitter:site\" content=\"@conspirou\" \/>\n<meta name=\"twitter:label1\" content=\"Escrito por\" \/>\n\t<meta name=\"twitter:data1\" content=\"MR News\" \/>\n\t<meta name=\"twitter:label2\" content=\"Est. tempo de leitura\" \/>\n\t<meta name=\"twitter:data2\" content=\"2 minutos\" \/>\n<script type=\"application\/ld+json\" class=\"yoast-schema-graph\">{\"@context\":\"https:\\\/\\\/schema.org\",\"@graph\":[{\"@type\":\"Article\",\"@id\":\"https:\\\/\\\/mrnews.com.br\\\/index.php\\\/2025\\\/10\\\/04\\\/italia-anuncia-saida-de-israel-do-1o-grupo-de-26-ativistas-da-flotilha\\\/#article\",\"isPartOf\":{\"@id\":\"https:\\\/\\\/mrnews.com.br\\\/index.php\\\/2025\\\/10\\\/04\\\/italia-anuncia-saida-de-israel-do-1o-grupo-de-26-ativistas-da-flotilha\\\/\"},\"author\":{\"name\":\"MR News\",\"@id\":\"https:\\\/\\\/mrnews.com.br\\\/#\\\/schema\\\/person\\\/be3203154562a9f207407861cef7827b\"},\"headline\":\"It\u00e1lia anuncia sa\u00edda de Israel do 1\u00ba grupo de 26 ativistas da flotilha\",\"datePublished\":\"2025-10-04T17:19:39+00:00\",\"mainEntityOfPage\":{\"@id\":\"https:\\\/\\\/mrnews.com.br\\\/index.php\\\/2025\\\/10\\\/04\\\/italia-anuncia-saida-de-israel-do-1o-grupo-de-26-ativistas-da-flotilha\\\/\"},\"wordCount\":427,\"commentCount\":0,\"publisher\":{\"@id\":\"https:\\\/\\\/mrnews.com.br\\\/#organization\"},\"articleSection\":[\"ENTRETENIMENTO\",\"NOTICIAS\",\"SERVI\u00c7OS\"],\"inLanguage\":\"pt-BR\",\"potentialAction\":[{\"@type\":\"CommentAction\",\"name\":\"Comment\",\"target\":[\"https:\\\/\\\/mrnews.com.br\\\/index.php\\\/2025\\\/10\\\/04\\\/italia-anuncia-saida-de-israel-do-1o-grupo-de-26-ativistas-da-flotilha\\\/#respond\"]}]},{\"@type\":\"WebPage\",\"@id\":\"https:\\\/\\\/mrnews.com.br\\\/index.php\\\/2025\\\/10\\\/04\\\/italia-anuncia-saida-de-israel-do-1o-grupo-de-26-ativistas-da-flotilha\\\/\",\"url\":\"https:\\\/\\\/mrnews.com.br\\\/index.php\\\/2025\\\/10\\\/04\\\/italia-anuncia-saida-de-israel-do-1o-grupo-de-26-ativistas-da-flotilha\\\/\",\"name\":\"It\u00e1lia anuncia sa\u00edda de Israel do 1\u00ba grupo de 26 ativistas da flotilha\",\"isPartOf\":{\"@id\":\"https:\\\/\\\/mrnews.com.br\\\/#website\"},\"datePublished\":\"2025-10-04T17:19:39+00:00\",\"breadcrumb\":{\"@id\":\"https:\\\/\\\/mrnews.com.br\\\/index.php\\\/2025\\\/10\\\/04\\\/italia-anuncia-saida-de-israel-do-1o-grupo-de-26-ativistas-da-flotilha\\\/#breadcrumb\"},\"inLanguage\":\"pt-BR\",\"potentialAction\":[{\"@type\":\"ReadAction\",\"target\":[\"https:\\\/\\\/mrnews.com.br\\\/index.php\\\/2025\\\/10\\\/04\\\/italia-anuncia-saida-de-israel-do-1o-grupo-de-26-ativistas-da-flotilha\\\/\"]}]},{\"@type\":\"BreadcrumbList\",\"@id\":\"https:\\\/\\\/mrnews.com.br\\\/index.php\\\/2025\\\/10\\\/04\\\/italia-anuncia-saida-de-israel-do-1o-grupo-de-26-ativistas-da-flotilha\\\/#breadcrumb\",\"itemListElement\":[{\"@type\":\"ListItem\",\"position\":1,\"name\":\"In\u00edcio\",\"item\":\"https:\\\/\\\/mrnews.com.br\\\/\"},{\"@type\":\"ListItem\",\"position\":2,\"name\":\"It\u00e1lia anuncia sa\u00edda de Israel do 1\u00ba grupo de 26 ativistas da flotilha\"}]},{\"@type\":\"WebSite\",\"@id\":\"https:\\\/\\\/mrnews.com.br\\\/#website\",\"url\":\"https:\\\/\\\/mrnews.com.br\\\/\",\"name\":\"MRNews\",\"description\":\"MRNews Jogos de hoje da TV, transmiss\u00f5es ao vivo, Not\u00edcias de futebol, Jogos ao vivo, Lives, resumo de novelas, Programa\u00e7\u00e3o da Globo, A Fazenda e BBB\",\"publisher\":{\"@id\":\"https:\\\/\\\/mrnews.com.br\\\/#organization\"},\"potentialAction\":[{\"@type\":\"SearchAction\",\"target\":{\"@type\":\"EntryPoint\",\"urlTemplate\":\"https:\\\/\\\/mrnews.com.br\\\/?s={search_term_string}\"},\"query-input\":{\"@type\":\"PropertyValueSpecification\",\"valueRequired\":true,\"valueName\":\"search_term_string\"}}],\"inLanguage\":\"pt-BR\"},{\"@type\":\"Organization\",\"@id\":\"https:\\\/\\\/mrnews.com.br\\\/#organization\",\"name\":\"MRNews\",\"url\":\"https:\\\/\\\/mrnews.com.br\\\/\",\"logo\":{\"@type\":\"ImageObject\",\"inLanguage\":\"pt-BR\",\"@id\":\"https:\\\/\\\/mrnews.com.br\\\/#\\\/schema\\\/logo\\\/image\\\/\",\"url\":\"https:\\\/\\\/mrnews.com.br\\\/wp-content\\\/uploads\\\/2026\\\/08\\\/MRNEws.png\",\"contentUrl\":\"https:\\\/\\\/mrnews.com.br\\\/wp-content\\\/uploads\\\/2026\\\/08\\\/MRNEws.png\",\"width\":1254,\"height\":1254,\"caption\":\"MRNews\"},\"image\":{\"@id\":\"https:\\\/\\\/mrnews.com.br\\\/#\\\/schema\\\/logo\\\/image\\\/\"},\"sameAs\":[\"https:\\\/\\\/www.facebook.com\\\/eaipahpah\\\/?locale2=pt_BR\",\"https:\\\/\\\/x.com\\\/conspirou\",\"https:\\\/\\\/www.instagram.com\\\/eai_pahpah\",\"https:\\\/\\\/br.pinterest.com\\\/mrnewsn\\\/boards\\\/\",\"https:\\\/\\\/www.youtube.com\\\/channel\\\/UCacgnpznQ61fifLWr1tQ-vA?view_as=subscriber\"]},{\"@type\":\"Person\",\"@id\":\"https:\\\/\\\/mrnews.com.br\\\/#\\\/schema\\\/person\\\/be3203154562a9f207407861cef7827b\",\"name\":\"MR News\",\"image\":{\"@type\":\"ImageObject\",\"inLanguage\":\"pt-BR\",\"@id\":\"https:\\\/\\\/secure.gravatar.com\\\/avatar\\\/04084e6d73c042b8646e7c17b494073bf0ede3ea13c7105cfc45cbbbc28385a4?s=96&d=monsterid&r=g\",\"url\":\"https:\\\/\\\/secure.gravatar.com\\\/avatar\\\/04084e6d73c042b8646e7c17b494073bf0ede3ea13c7105cfc45cbbbc28385a4?s=96&d=monsterid&r=g\",\"contentUrl\":\"https:\\\/\\\/secure.gravatar.com\\\/avatar\\\/04084e6d73c042b8646e7c17b494073bf0ede3ea13c7105cfc45cbbbc28385a4?s=96&d=monsterid&r=g\",\"caption\":\"MR News\"},\"description\":\"Especializado em jornalismo colaborativo pela FTP em n\u00edvel de p\u00f3s-gradua\u00e7\u00e3o. suporte@oimeliga.combr\",\"sameAs\":[\"HUGO R.\",\"Admin\"],\"url\":\"https:\\\/\\\/mrnews.com.br\\\/index.php\\\/author\\\/admin\\\/\"}]}<\/script>\n<!-- \/ Yoast SEO plugin. -->","yoast_head_json":{"title":"It\u00e1lia anuncia sa\u00edda de Israel do 1\u00ba grupo de 26 ativistas da flotilha","robots":{"index":"index","follow":"follow","max-snippet":"max-snippet:-1","max-image-preview":"max-image-preview:large","max-video-preview":"max-video-preview:-1"},"canonical":"https:\/\/mrnews.com.br\/index.php\/2025\/10\/04\/italia-anuncia-saida-de-israel-do-1o-grupo-de-26-ativistas-da-flotilha\/","og_locale":"pt_BR","og_type":"article","og_title":"It\u00e1lia anuncia sa\u00edda de Israel do 1\u00ba grupo de 26 ativistas da flotilha","og_description":"Por EBC, Um primeiro grupo de italianos detidos em Israel que integravam a Flotilha Global Sumud, abordada pelos israelenses quando tentavam chegar a Gaza, vai regressar hoje (4) \u00e0 It\u00e1lia, anunciou o ministro dos Neg\u00f3cios Estrangeiros. O grupo \u00e9 composto por 26 ativistas italianos que assinaram o documento de expuls\u00e3o volunt\u00e1ria e &#8220;est\u00e3o prestes&#8221; a &hellip;","og_url":"https:\/\/mrnews.com.br\/index.php\/2025\/10\/04\/italia-anuncia-saida-de-israel-do-1o-grupo-de-26-ativistas-da-flotilha\/","og_site_name":"MRNews","article_publisher":"https:\/\/www.facebook.com\/eaipahpah\/?locale2=pt_BR","article_published_time":"2025-10-04T17:19:39+00:00","author":"MR News","twitter_card":"summary_large_image","twitter_creator":"@conspirou","twitter_site":"@conspirou","twitter_misc":{"Escrito por":"MR News","Est. tempo de leitura":"2 minutos"},"schema":{"@context":"https:\/\/schema.org","@graph":[{"@type":"Article","@id":"https:\/\/mrnews.com.br\/index.php\/2025\/10\/04\/italia-anuncia-saida-de-israel-do-1o-grupo-de-26-ativistas-da-flotilha\/#article","isPartOf":{"@id":"https:\/\/mrnews.com.br\/index.php\/2025\/10\/04\/italia-anuncia-saida-de-israel-do-1o-grupo-de-26-ativistas-da-flotilha\/"},"author":{"name":"MR News","@id":"https:\/\/mrnews.com.br\/#\/schema\/person\/be3203154562a9f207407861cef7827b"},"headline":"It\u00e1lia anuncia sa\u00edda de Israel do 1\u00ba grupo de 26 ativistas da flotilha","datePublished":"2025-10-04T17:19:39+00:00","mainEntityOfPage":{"@id":"https:\/\/mrnews.com.br\/index.php\/2025\/10\/04\/italia-anuncia-saida-de-israel-do-1o-grupo-de-26-ativistas-da-flotilha\/"},"wordCount":427,"commentCount":0,"publisher":{"@id":"https:\/\/mrnews.com.br\/#organization"},"articleSection":["ENTRETENIMENTO","NOTICIAS","SERVI\u00c7OS"],"inLanguage":"pt-BR","potentialAction":[{"@type":"CommentAction","name":"Comment","target":["https:\/\/mrnews.com.br\/index.php\/2025\/10\/04\/italia-anuncia-saida-de-israel-do-1o-grupo-de-26-ativistas-da-flotilha\/#respond"]}]},{"@type":"WebPage","@id":"https:\/\/mrnews.com.br\/index.php\/2025\/10\/04\/italia-anuncia-saida-de-israel-do-1o-grupo-de-26-ativistas-da-flotilha\/","url":"https:\/\/mrnews.com.br\/index.php\/2025\/10\/04\/italia-anuncia-saida-de-israel-do-1o-grupo-de-26-ativistas-da-flotilha\/","name":"It\u00e1lia anuncia sa\u00edda de Israel do 1\u00ba grupo de 26 ativistas da flotilha","isPartOf":{"@id":"https:\/\/mrnews.com.br\/#website"},"datePublished":"2025-10-04T17:19:39+00:00","breadcrumb":{"@id":"https:\/\/mrnews.com.br\/index.php\/2025\/10\/04\/italia-anuncia-saida-de-israel-do-1o-grupo-de-26-ativistas-da-flotilha\/#breadcrumb"},"inLanguage":"pt-BR","potentialAction":[{"@type":"ReadAction","target":["https:\/\/mrnews.com.br\/index.php\/2025\/10\/04\/italia-anuncia-saida-de-israel-do-1o-grupo-de-26-ativistas-da-flotilha\/"]}]},{"@type":"BreadcrumbList","@id":"https:\/\/mrnews.com.br\/index.php\/2025\/10\/04\/italia-anuncia-saida-de-israel-do-1o-grupo-de-26-ativistas-da-flotilha\/#breadcrumb","itemListElement":[{"@type":"ListItem","position":1,"name":"In\u00edcio","item":"https:\/\/mrnews.com.br\/"},{"@type":"ListItem","position":2,"name":"It\u00e1lia anuncia sa\u00edda de Israel do 1\u00ba grupo de 26 ativistas da flotilha"}]},{"@type":"WebSite","@id":"https:\/\/mrnews.com.br\/#website","url":"https:\/\/mrnews.com.br\/","name":"MRNews","description":"MRNews Jogos de hoje da TV, transmiss\u00f5es ao vivo, Not\u00edcias de futebol, Jogos ao vivo, Lives, resumo de novelas, Programa\u00e7\u00e3o da Globo, A Fazenda e BBB","publisher":{"@id":"https:\/\/mrnews.com.br\/#organization"},"potentialAction":[{"@type":"SearchAction","target":{"@type":"EntryPoint","urlTemplate":"https:\/\/mrnews.com.br\/?s={search_term_string}"},"query-input":{"@type":"PropertyValueSpecification","valueRequired":true,"valueName":"search_term_string"}}],"inLanguage":"pt-BR"},{"@type":"Organization","@id":"https:\/\/mrnews.com.br\/#organization","name":"MRNews","url":"https:\/\/mrnews.com.br\/","logo":{"@type":"ImageObject","inLanguage":"pt-BR","@id":"https:\/\/mrnews.com.br\/#\/schema\/logo\/image\/","url":"https:\/\/mrnews.com.br\/wp-content\/uploads\/2026\/08\/MRNEws.png","contentUrl":"https:\/\/mrnews.com.br\/wp-content\/uploads\/2026\/08\/MRNEws.png","width":1254,"height":1254,"caption":"MRNews"},"image":{"@id":"https:\/\/mrnews.com.br\/#\/schema\/logo\/image\/"},"sameAs":["https:\/\/www.facebook.com\/eaipahpah\/?locale2=pt_BR","https:\/\/x.com\/conspirou","https:\/\/www.instagram.com\/eai_pahpah","https:\/\/br.pinterest.com\/mrnewsn\/boards\/","https:\/\/www.youtube.com\/channel\/UCacgnpznQ61fifLWr1tQ-vA?view_as=subscriber"]},{"@type":"Person","@id":"https:\/\/mrnews.com.br\/#\/schema\/person\/be3203154562a9f207407861cef7827b","name":"MR News","image":{"@type":"ImageObject","inLanguage":"pt-BR","@id":"https:\/\/secure.gravatar.com\/avatar\/04084e6d73c042b8646e7c17b494073bf0ede3ea13c7105cfc45cbbbc28385a4?s=96&d=monsterid&r=g","url":"https:\/\/secure.gravatar.com\/avatar\/04084e6d73c042b8646e7c17b494073bf0ede3ea13c7105cfc45cbbbc28385a4?s=96&d=monsterid&r=g","contentUrl":"https:\/\/secure.gravatar.com\/avatar\/04084e6d73c042b8646e7c17b494073bf0ede3ea13c7105cfc45cbbbc28385a4?s=96&d=monsterid&r=g","caption":"MR News"},"description":"Especializado em jornalismo colaborativo pela FTP em n\u00edvel de p\u00f3s-gradua\u00e7\u00e3o. suporte@oimeliga.combr","sameAs":["HUGO R.","Admin"],"url":"https:\/\/mrnews.com.br\/index.php\/author\/admin\/"}]}},"jetpack_sharing_enabled":true,"jetpack_shortlink":"https:\/\/wp.me\/pa2Qf7-1T99","amp_enabled":true,"jetpack_featured_media_url":"","_links":{"self":[{"href":"https:\/\/mrnews.com.br\/index.php\/wp-json\/wp\/v2\/posts\/450315","targetHints":{"allow":["GET"]}}],"collection":[{"href":"https:\/\/mrnews.com.br\/index.php\/wp-json\/wp\/v2\/posts"}],"about":[{"href":"https:\/\/mrnews.com.br\/index.php\/wp-json\/wp\/v2\/types\/post"}],"author":[{"embeddable":true,"href":"https:\/\/mrnews.com.br\/index.php\/wp-json\/wp\/v2\/users\/1"}],"replies":[{"embeddable":true,"href":"https:\/\/mrnews.com.br\/index.php\/wp-json\/wp\/v2\/comments?post=450315"}],"version-history":[{"count":0,"href":"https:\/\/mrnews.com.br\/index.php\/wp-json\/wp\/v2\/posts\/450315\/revisions"}],"wp:attachment":[{"href":"https:\/\/mrnews.com.br\/index.php\/wp-json\/wp\/v2\/media?parent=450315"}],"wp:term":[{"taxonomy":"category","embeddable":true,"href":"https:\/\/mrnews.com.br\/index.php\/wp-json\/wp\/v2\/categories?post=450315"},{"taxonomy":"post_tag","embeddable":true,"href":"https:\/\/mrnews.com.br\/index.php\/wp-json\/wp\/v2\/tags?post=450315"}],"curies":[{"name":"wp","href":"https:\/\/api.w.org\/{rel}","templated":true}]}}