{"id":450459,"date":"2025-10-08T03:04:44","date_gmt":"2025-10-08T06:04:44","guid":{"rendered":"https:\/\/mrnews.com.br\/index.php\/2025\/10\/08\/fest-kids-oferece-atividades-recreativas-no-cras-canguru-cgnoticias\/"},"modified":"2025-10-08T03:04:44","modified_gmt":"2025-10-08T06:04:44","slug":"fest-kids-oferece-atividades-recreativas-no-cras-canguru-cgnoticias","status":"publish","type":"post","link":"https:\/\/mrnews.com.br\/index.php\/2025\/10\/08\/fest-kids-oferece-atividades-recreativas-no-cras-canguru-cgnoticias\/","title":{"rendered":"Fest Kids oferece atividades recreativas no CRAS Canguru \u2013 CGNot\u00edcias"},"content":{"rendered":"<p><\/p>\n<div>\n<p>Nesta ter\u00e7a-feira (7), o Centro de Refer\u00eancia de Assist\u00eancia Social (CRAS) Canguru recebeu mais uma edi\u00e7\u00e3o do Fest Kids Viva a Inf\u00e2ncia no Suas, evento promovido pela Prefeitura de Campo Grande, por meio da Secretaria Municipal de Assist\u00eancia Social e Cidadania (SAS). A iniciativa, que acontece em seis regi\u00f5es da cidade, integra a programa\u00e7\u00e3o especial do M\u00eas das Crian\u00e7as, reunindo cerca de 1.200 crian\u00e7as atendidas pelo Servi\u00e7o de Conviv\u00eancia e Fortalecimento de V\u00ednculos (SCFV) nos 21 CRAS e Centros de Conviv\u00eancia da cidade.<\/p>\n<figure class=\"wp-block-image size-large\"><\/figure>\n<p>Organizado pela Superintend\u00eancia de Prote\u00e7\u00e3o Social B\u00e1sica, o Fest Kids tem como objetivo oferecer um dia repleto de atividades recreativas, culturais e art\u00edsticas, valorizando a cultura local e promovendo a integra\u00e7\u00e3o entre crian\u00e7as, fam\u00edlias e comunidade. O tema desta edi\u00e7\u00e3o regional foi escolhido para estimular a criatividade e fortalecer os v\u00ednculos comunit\u00e1rios, proporcionando momentos de lazer e aprendizado em um ambiente acolhedor e seguro.<\/p>\n<figure class=\"wp-block-image size-large\"><\/figure>\n<p>Para a coordenadora do CRAS Canguru, M\u00e1rcia da Silva, o formato da festa visa aproximar as fam\u00edlias do servi\u00e7o de conviv\u00eancia. \u201cMuitas pessoas ainda pensam que o CRAS \u00e9 apenas para cadastro e benef\u00edcio, mas trabalhamos com crian\u00e7as, idosos, mulheres e toda a comunidade. Antes faz\u00edamos festas separadas por regi\u00e3o, mas este ano reunimos todas as \u00e1reas para celebrar juntos. Mesmo numa tarde de ter\u00e7a-feira, os pais e as crian\u00e7as participam com muita alegria, mostrando o quanto valorizam estar aqui\u201d, explicou.<\/p>\n<figure class=\"wp-block-image size-large\"><\/figure>\n<p>Entre os presentes, a terapeuta Priscila Neves, moradora da regi\u00e3o, destacou a import\u00e2ncia do evento para sua fam\u00edlia. \u201cJ\u00e1 aproveitei v\u00e1rios cursos e eventos daqui e hoje foi o dia de trazer minha filha, chegamos cedo para ela poder brincar bastante e fazer novos amigos\u201d, contou.<\/p>\n<figure class=\"wp-block-image size-large\"><\/figure>\n<p>Quem tamb\u00e9m se emocionou com o evento foi a assistente administrativa Taynara Torres, que trabalha no CRAS Aero Rancho h\u00e1 cinco meses. \u201cNunca tinha participado de uma a\u00e7\u00e3o t\u00e3o grande. \u00c9 maravilhoso proporcionar esse momento de divers\u00e3o e ver a alegria das crian\u00e7as. Minha filha tamb\u00e9m est\u00e1 participando, e \u00e9 gratificante saber que fazemos a diferen\u00e7a na vida dessas fam\u00edlias\u201d, afirmou.<\/p>\n<figure class=\"wp-block-image size-large\"><\/figure>\n<p>A prefeita em exerc\u00edcio, Camilla Nascimento, explicou a estrat\u00e9gia adotada para a comemora\u00e7\u00e3o do m\u00eas das crian\u00e7as. \u201cA equipe da SAS dividiu as a\u00e7\u00f5es em seis regi\u00f5es, formando grupos de CRAS em cada uma delas, e cada regi\u00e3o escolheu um tema diferente para a festa, essa \u00e9 a segunda comemora\u00e7\u00e3o com cerca de 300 crian\u00e7as\u201d, explicou.<\/p>\n<figure class=\"wp-block-image size-large\"><\/figure>\n<p>Para Camilla, o evento \u00e9 uma forma importante de aproximar a comunidade e fortalecer os v\u00ednculos. \u201c\u00c9 muito bom ver essa meninada podendo se alimentar do que gostam. Eu costumo dizer que \u00e9 a \u2018bagun\u00e7a boa\u2019 da nossa meninada. Muitos pais acompanham, ficam esperando e t\u00eam onde ficar confortavelmente enquanto aguardam. Aproveitam para atualizar o Cadastro \u00danico e verificar o que ainda precisa ser colocado em dia. O sentimento que fica \u00e9 de muita alegria e a vontade de fazer cada vez mais\u201d, afirmou.<\/p>\n<figure class=\"wp-block-image size-large\"><\/figure>\n<p>O Fest Kids \u2013 Viva a Inf\u00e2ncia no Suas refor\u00e7a o papel do Servi\u00e7o de Conviv\u00eancia e Fortalecimento de V\u00ednculos como instrumento fundamental na preven\u00e7\u00e3o social, oferecendo \u00e0s crian\u00e7as um espa\u00e7o de conviv\u00eancia que fortalece sua identidade, cultura e v\u00ednculos comunit\u00e1rios. Al\u00e9m do CRAS Canguru, as pr\u00f3ximas edi\u00e7\u00f5es do evento seguem at\u00e9 o dia 14 de outubro em outras regi\u00f5es da cidade, ampliando o acesso e a participa\u00e7\u00e3o das fam\u00edlias.<\/p>\n<figure class=\"wp-block-image size-large\"><\/figure>\n<p>Confira o calend\u00e1rio das pr\u00f3ximas edi\u00e7\u00f5es do Fest Kids:<\/p>\n<ul class=\"wp-block-list\">\n<li>08\/10 \u2013 CRAS Estrela Dalva (Regi\u00e3o Prosa)<\/li>\n<\/ul>\n<ul class=\"wp-block-list\">\n<li>09\/10 \u2013 CRAS Moreninha (Regi\u00e3o Bandeira)<\/li>\n<\/ul>\n<ul class=\"wp-block-list\">\n<li>10\/10 \u2013 CRAS Vida Nova (Regi\u00e3o Segredo)<\/li>\n<\/ul>\n<ul class=\"wp-block-list\">\n<li>14\/10 \u2013 Centro de Conviv\u00eancia Tijuca (Regi\u00e3o Lagoa)<\/li>\n<\/ul>\n<p>A Prefeitura de Campo Grande reafirma seu compromisso com a prote\u00e7\u00e3o social e o bem-estar das crian\u00e7as, promovendo a\u00e7\u00f5es que fortalecem os v\u00ednculos familiares e comunit\u00e1rios em toda a cidade.<\/p>\n<p><em>#ParaTodosVerem: a foto de capa mostra tr\u00eas crian\u00e7as brincando no pula-pula, j\u00e1 as internas, a 1\u00aa mostra as crian\u00e7as na fila para os brinquedos, a 2\u00aa a coordenadora M\u00e1rcia, 3\u00aa terapeuta Priscila, 4\u00aa a assistente administrativa Taynara, 5\u00aa a prefeita em exerc\u00edcio Camilla Nascimento, 6\u00aa a prefeita em exerc\u00edcio com uma crian\u00e7a, 7\u00aa pintura facial em uma crian\u00e7a e a 8\u00aa tr\u00eas crian\u00e7as descendo de um escorregador.<\/em><\/p>\n<\/div>\n<p><script async defer async defer src=\"https:\/\/connect.facebook.net\/en_US\/sdk.js?ver=1#xfbml=1&amp;version=v3.2\" id=\"prefeitura-campogrande-script-facebook-sdk-js\"><\/script><\/p>\n","protected":false},"excerpt":{"rendered":"<p>Nesta ter\u00e7a-feira (7), o Centro de Refer\u00eancia de Assist\u00eancia Social (CRAS) Canguru recebeu mais uma edi\u00e7\u00e3o do Fest Kids Viva a Inf\u00e2ncia no Suas, evento promovido pela Prefeitura de Campo Grande, por meio da Secretaria Municipal de Assist\u00eancia Social e Cidadania (SAS). A iniciativa, que acontece em seis regi\u00f5es da cidade, integra a programa\u00e7\u00e3o especial &hellip;<\/p>\n","protected":false},"author":1,"featured_media":0,"comment_status":"open","ping_status":"open","sticky":false,"template":"","format":"standard","meta":{"_jetpack_newsletter_access":"","_jetpack_dont_email_post_to_subs":false,"_jetpack_newsletter_tier_id":0,"_jetpack_memberships_contains_paywalled_content":false,"_jetpack_feature_clip_id":0,"_jetpack_memberships_contains_paid_content":false,"footnotes":"","jetpack_post_was_ever_published":false},"categories":[12410],"tags":[],"class_list":["post-450459","post","type-post","status-publish","format-standard","hentry","category-ms"],"yoast_head":"<!-- This site is optimized with the Yoast SEO plugin v28.4 - https:\/\/yoast.com\/product\/yoast-seo-wordpress\/ -->\n<title>Fest Kids oferece atividades recreativas no CRAS Canguru \u2013 CGNot\u00edcias<\/title>\n<meta name=\"robots\" content=\"index, follow, max-snippet:-1, max-image-preview:large, max-video-preview:-1\" \/>\n<link rel=\"canonical\" href=\"https:\/\/mrnews.com.br\/index.php\/2025\/10\/08\/fest-kids-oferece-atividades-recreativas-no-cras-canguru-cgnoticias\/\" \/>\n<meta property=\"og:locale\" content=\"pt_BR\" \/>\n<meta property=\"og:type\" content=\"article\" \/>\n<meta property=\"og:title\" content=\"Fest Kids oferece atividades recreativas no CRAS Canguru \u2013 CGNot\u00edcias\" \/>\n<meta property=\"og:description\" content=\"Nesta ter\u00e7a-feira (7), o Centro de Refer\u00eancia de Assist\u00eancia Social (CRAS) Canguru recebeu mais uma edi\u00e7\u00e3o do Fest Kids Viva a Inf\u00e2ncia no Suas, evento promovido pela Prefeitura de Campo Grande, por meio da Secretaria Municipal de Assist\u00eancia Social e Cidadania (SAS). A iniciativa, que acontece em seis regi\u00f5es da cidade, integra a programa\u00e7\u00e3o especial &hellip;\" \/>\n<meta property=\"og:url\" content=\"https:\/\/mrnews.com.br\/index.php\/2025\/10\/08\/fest-kids-oferece-atividades-recreativas-no-cras-canguru-cgnoticias\/\" \/>\n<meta property=\"og:site_name\" content=\"MRNews\" \/>\n<meta property=\"article:publisher\" content=\"https:\/\/www.facebook.com\/eaipahpah\/?locale2=pt_BR\" \/>\n<meta property=\"article:published_time\" content=\"2025-10-08T06:04:44+00:00\" \/>\n<meta name=\"author\" content=\"MR News\" \/>\n<meta name=\"twitter:card\" content=\"summary_large_image\" \/>\n<meta name=\"twitter:creator\" content=\"@conspirou\" \/>\n<meta name=\"twitter:site\" content=\"@conspirou\" \/>\n<meta name=\"twitter:label1\" content=\"Escrito por\" \/>\n\t<meta name=\"twitter:data1\" content=\"MR News\" \/>\n\t<meta name=\"twitter:label2\" content=\"Est. tempo de leitura\" \/>\n\t<meta name=\"twitter:data2\" content=\"4 minutos\" \/>\n<script type=\"application\/ld+json\" class=\"yoast-schema-graph\">{\"@context\":\"https:\\\/\\\/schema.org\",\"@graph\":[{\"@type\":\"Article\",\"@id\":\"https:\\\/\\\/mrnews.com.br\\\/index.php\\\/2025\\\/10\\\/08\\\/fest-kids-oferece-atividades-recreativas-no-cras-canguru-cgnoticias\\\/#article\",\"isPartOf\":{\"@id\":\"https:\\\/\\\/mrnews.com.br\\\/index.php\\\/2025\\\/10\\\/08\\\/fest-kids-oferece-atividades-recreativas-no-cras-canguru-cgnoticias\\\/\"},\"author\":{\"name\":\"MR News\",\"@id\":\"https:\\\/\\\/mrnews.com.br\\\/#\\\/schema\\\/person\\\/be3203154562a9f207407861cef7827b\"},\"headline\":\"Fest Kids oferece atividades recreativas no CRAS Canguru \u2013 CGNot\u00edcias\",\"datePublished\":\"2025-10-08T06:04:44+00:00\",\"mainEntityOfPage\":{\"@id\":\"https:\\\/\\\/mrnews.com.br\\\/index.php\\\/2025\\\/10\\\/08\\\/fest-kids-oferece-atividades-recreativas-no-cras-canguru-cgnoticias\\\/\"},\"wordCount\":759,\"commentCount\":0,\"publisher\":{\"@id\":\"https:\\\/\\\/mrnews.com.br\\\/#organization\"},\"articleSection\":[\"Mato Grosso do Sul\"],\"inLanguage\":\"pt-BR\",\"potentialAction\":[{\"@type\":\"CommentAction\",\"name\":\"Comment\",\"target\":[\"https:\\\/\\\/mrnews.com.br\\\/index.php\\\/2025\\\/10\\\/08\\\/fest-kids-oferece-atividades-recreativas-no-cras-canguru-cgnoticias\\\/#respond\"]}]},{\"@type\":\"WebPage\",\"@id\":\"https:\\\/\\\/mrnews.com.br\\\/index.php\\\/2025\\\/10\\\/08\\\/fest-kids-oferece-atividades-recreativas-no-cras-canguru-cgnoticias\\\/\",\"url\":\"https:\\\/\\\/mrnews.com.br\\\/index.php\\\/2025\\\/10\\\/08\\\/fest-kids-oferece-atividades-recreativas-no-cras-canguru-cgnoticias\\\/\",\"name\":\"Fest Kids oferece atividades recreativas no CRAS Canguru \u2013 CGNot\u00edcias\",\"isPartOf\":{\"@id\":\"https:\\\/\\\/mrnews.com.br\\\/#website\"},\"datePublished\":\"2025-10-08T06:04:44+00:00\",\"breadcrumb\":{\"@id\":\"https:\\\/\\\/mrnews.com.br\\\/index.php\\\/2025\\\/10\\\/08\\\/fest-kids-oferece-atividades-recreativas-no-cras-canguru-cgnoticias\\\/#breadcrumb\"},\"inLanguage\":\"pt-BR\",\"potentialAction\":[{\"@type\":\"ReadAction\",\"target\":[\"https:\\\/\\\/mrnews.com.br\\\/index.php\\\/2025\\\/10\\\/08\\\/fest-kids-oferece-atividades-recreativas-no-cras-canguru-cgnoticias\\\/\"]}]},{\"@type\":\"BreadcrumbList\",\"@id\":\"https:\\\/\\\/mrnews.com.br\\\/index.php\\\/2025\\\/10\\\/08\\\/fest-kids-oferece-atividades-recreativas-no-cras-canguru-cgnoticias\\\/#breadcrumb\",\"itemListElement\":[{\"@type\":\"ListItem\",\"position\":1,\"name\":\"In\u00edcio\",\"item\":\"https:\\\/\\\/mrnews.com.br\\\/\"},{\"@type\":\"ListItem\",\"position\":2,\"name\":\"Fest Kids oferece atividades recreativas no CRAS Canguru \u2013 CGNot\u00edcias\"}]},{\"@type\":\"WebSite\",\"@id\":\"https:\\\/\\\/mrnews.com.br\\\/#website\",\"url\":\"https:\\\/\\\/mrnews.com.br\\\/\",\"name\":\"MRNews\",\"description\":\"MRNews Jogos de hoje da TV, transmiss\u00f5es ao vivo, Not\u00edcias de futebol, Jogos ao vivo, Lives, resumo de novelas, Programa\u00e7\u00e3o da Globo, A Fazenda e BBB\",\"publisher\":{\"@id\":\"https:\\\/\\\/mrnews.com.br\\\/#organization\"},\"potentialAction\":[{\"@type\":\"SearchAction\",\"target\":{\"@type\":\"EntryPoint\",\"urlTemplate\":\"https:\\\/\\\/mrnews.com.br\\\/?s={search_term_string}\"},\"query-input\":{\"@type\":\"PropertyValueSpecification\",\"valueRequired\":true,\"valueName\":\"search_term_string\"}}],\"inLanguage\":\"pt-BR\"},{\"@type\":\"Organization\",\"@id\":\"https:\\\/\\\/mrnews.com.br\\\/#organization\",\"name\":\"MRNews\",\"url\":\"https:\\\/\\\/mrnews.com.br\\\/\",\"logo\":{\"@type\":\"ImageObject\",\"inLanguage\":\"pt-BR\",\"@id\":\"https:\\\/\\\/mrnews.com.br\\\/#\\\/schema\\\/logo\\\/image\\\/\",\"url\":\"https:\\\/\\\/mrnews.com.br\\\/wp-content\\\/uploads\\\/2026\\\/08\\\/MRNEws.png\",\"contentUrl\":\"https:\\\/\\\/mrnews.com.br\\\/wp-content\\\/uploads\\\/2026\\\/08\\\/MRNEws.png\",\"width\":1254,\"height\":1254,\"caption\":\"MRNews\"},\"image\":{\"@id\":\"https:\\\/\\\/mrnews.com.br\\\/#\\\/schema\\\/logo\\\/image\\\/\"},\"sameAs\":[\"https:\\\/\\\/www.facebook.com\\\/eaipahpah\\\/?locale2=pt_BR\",\"https:\\\/\\\/x.com\\\/conspirou\",\"https:\\\/\\\/www.instagram.com\\\/eai_pahpah\",\"https:\\\/\\\/br.pinterest.com\\\/mrnewsn\\\/boards\\\/\",\"https:\\\/\\\/www.youtube.com\\\/channel\\\/UCacgnpznQ61fifLWr1tQ-vA?view_as=subscriber\"]},{\"@type\":\"Person\",\"@id\":\"https:\\\/\\\/mrnews.com.br\\\/#\\\/schema\\\/person\\\/be3203154562a9f207407861cef7827b\",\"name\":\"MR News\",\"image\":{\"@type\":\"ImageObject\",\"inLanguage\":\"pt-BR\",\"@id\":\"https:\\\/\\\/secure.gravatar.com\\\/avatar\\\/04084e6d73c042b8646e7c17b494073bf0ede3ea13c7105cfc45cbbbc28385a4?s=96&d=monsterid&r=g\",\"url\":\"https:\\\/\\\/secure.gravatar.com\\\/avatar\\\/04084e6d73c042b8646e7c17b494073bf0ede3ea13c7105cfc45cbbbc28385a4?s=96&d=monsterid&r=g\",\"contentUrl\":\"https:\\\/\\\/secure.gravatar.com\\\/avatar\\\/04084e6d73c042b8646e7c17b494073bf0ede3ea13c7105cfc45cbbbc28385a4?s=96&d=monsterid&r=g\",\"caption\":\"MR News\"},\"description\":\"Especializado em jornalismo colaborativo pela FTP em n\u00edvel de p\u00f3s-gradua\u00e7\u00e3o. suporte@oimeliga.combr\",\"sameAs\":[\"HUGO R.\",\"Admin\"],\"url\":\"https:\\\/\\\/mrnews.com.br\\\/index.php\\\/author\\\/admin\\\/\"}]}<\/script>\n<!-- \/ Yoast SEO plugin. -->","yoast_head_json":{"title":"Fest Kids oferece atividades recreativas no CRAS Canguru \u2013 CGNot\u00edcias","robots":{"index":"index","follow":"follow","max-snippet":"max-snippet:-1","max-image-preview":"max-image-preview:large","max-video-preview":"max-video-preview:-1"},"canonical":"https:\/\/mrnews.com.br\/index.php\/2025\/10\/08\/fest-kids-oferece-atividades-recreativas-no-cras-canguru-cgnoticias\/","og_locale":"pt_BR","og_type":"article","og_title":"Fest Kids oferece atividades recreativas no CRAS Canguru \u2013 CGNot\u00edcias","og_description":"Nesta ter\u00e7a-feira (7), o Centro de Refer\u00eancia de Assist\u00eancia Social (CRAS) Canguru recebeu mais uma edi\u00e7\u00e3o do Fest Kids Viva a Inf\u00e2ncia no Suas, evento promovido pela Prefeitura de Campo Grande, por meio da Secretaria Municipal de Assist\u00eancia Social e Cidadania (SAS). A iniciativa, que acontece em seis regi\u00f5es da cidade, integra a programa\u00e7\u00e3o especial &hellip;","og_url":"https:\/\/mrnews.com.br\/index.php\/2025\/10\/08\/fest-kids-oferece-atividades-recreativas-no-cras-canguru-cgnoticias\/","og_site_name":"MRNews","article_publisher":"https:\/\/www.facebook.com\/eaipahpah\/?locale2=pt_BR","article_published_time":"2025-10-08T06:04:44+00:00","author":"MR News","twitter_card":"summary_large_image","twitter_creator":"@conspirou","twitter_site":"@conspirou","twitter_misc":{"Escrito por":"MR News","Est. tempo de leitura":"4 minutos"},"schema":{"@context":"https:\/\/schema.org","@graph":[{"@type":"Article","@id":"https:\/\/mrnews.com.br\/index.php\/2025\/10\/08\/fest-kids-oferece-atividades-recreativas-no-cras-canguru-cgnoticias\/#article","isPartOf":{"@id":"https:\/\/mrnews.com.br\/index.php\/2025\/10\/08\/fest-kids-oferece-atividades-recreativas-no-cras-canguru-cgnoticias\/"},"author":{"name":"MR News","@id":"https:\/\/mrnews.com.br\/#\/schema\/person\/be3203154562a9f207407861cef7827b"},"headline":"Fest Kids oferece atividades recreativas no CRAS Canguru \u2013 CGNot\u00edcias","datePublished":"2025-10-08T06:04:44+00:00","mainEntityOfPage":{"@id":"https:\/\/mrnews.com.br\/index.php\/2025\/10\/08\/fest-kids-oferece-atividades-recreativas-no-cras-canguru-cgnoticias\/"},"wordCount":759,"commentCount":0,"publisher":{"@id":"https:\/\/mrnews.com.br\/#organization"},"articleSection":["Mato Grosso do Sul"],"inLanguage":"pt-BR","potentialAction":[{"@type":"CommentAction","name":"Comment","target":["https:\/\/mrnews.com.br\/index.php\/2025\/10\/08\/fest-kids-oferece-atividades-recreativas-no-cras-canguru-cgnoticias\/#respond"]}]},{"@type":"WebPage","@id":"https:\/\/mrnews.com.br\/index.php\/2025\/10\/08\/fest-kids-oferece-atividades-recreativas-no-cras-canguru-cgnoticias\/","url":"https:\/\/mrnews.com.br\/index.php\/2025\/10\/08\/fest-kids-oferece-atividades-recreativas-no-cras-canguru-cgnoticias\/","name":"Fest Kids oferece atividades recreativas no CRAS Canguru \u2013 CGNot\u00edcias","isPartOf":{"@id":"https:\/\/mrnews.com.br\/#website"},"datePublished":"2025-10-08T06:04:44+00:00","breadcrumb":{"@id":"https:\/\/mrnews.com.br\/index.php\/2025\/10\/08\/fest-kids-oferece-atividades-recreativas-no-cras-canguru-cgnoticias\/#breadcrumb"},"inLanguage":"pt-BR","potentialAction":[{"@type":"ReadAction","target":["https:\/\/mrnews.com.br\/index.php\/2025\/10\/08\/fest-kids-oferece-atividades-recreativas-no-cras-canguru-cgnoticias\/"]}]},{"@type":"BreadcrumbList","@id":"https:\/\/mrnews.com.br\/index.php\/2025\/10\/08\/fest-kids-oferece-atividades-recreativas-no-cras-canguru-cgnoticias\/#breadcrumb","itemListElement":[{"@type":"ListItem","position":1,"name":"In\u00edcio","item":"https:\/\/mrnews.com.br\/"},{"@type":"ListItem","position":2,"name":"Fest Kids oferece atividades recreativas no CRAS Canguru \u2013 CGNot\u00edcias"}]},{"@type":"WebSite","@id":"https:\/\/mrnews.com.br\/#website","url":"https:\/\/mrnews.com.br\/","name":"MRNews","description":"MRNews Jogos de hoje da TV, transmiss\u00f5es ao vivo, Not\u00edcias de futebol, Jogos ao vivo, Lives, resumo de novelas, Programa\u00e7\u00e3o da Globo, A Fazenda e BBB","publisher":{"@id":"https:\/\/mrnews.com.br\/#organization"},"potentialAction":[{"@type":"SearchAction","target":{"@type":"EntryPoint","urlTemplate":"https:\/\/mrnews.com.br\/?s={search_term_string}"},"query-input":{"@type":"PropertyValueSpecification","valueRequired":true,"valueName":"search_term_string"}}],"inLanguage":"pt-BR"},{"@type":"Organization","@id":"https:\/\/mrnews.com.br\/#organization","name":"MRNews","url":"https:\/\/mrnews.com.br\/","logo":{"@type":"ImageObject","inLanguage":"pt-BR","@id":"https:\/\/mrnews.com.br\/#\/schema\/logo\/image\/","url":"https:\/\/mrnews.com.br\/wp-content\/uploads\/2026\/08\/MRNEws.png","contentUrl":"https:\/\/mrnews.com.br\/wp-content\/uploads\/2026\/08\/MRNEws.png","width":1254,"height":1254,"caption":"MRNews"},"image":{"@id":"https:\/\/mrnews.com.br\/#\/schema\/logo\/image\/"},"sameAs":["https:\/\/www.facebook.com\/eaipahpah\/?locale2=pt_BR","https:\/\/x.com\/conspirou","https:\/\/www.instagram.com\/eai_pahpah","https:\/\/br.pinterest.com\/mrnewsn\/boards\/","https:\/\/www.youtube.com\/channel\/UCacgnpznQ61fifLWr1tQ-vA?view_as=subscriber"]},{"@type":"Person","@id":"https:\/\/mrnews.com.br\/#\/schema\/person\/be3203154562a9f207407861cef7827b","name":"MR News","image":{"@type":"ImageObject","inLanguage":"pt-BR","@id":"https:\/\/secure.gravatar.com\/avatar\/04084e6d73c042b8646e7c17b494073bf0ede3ea13c7105cfc45cbbbc28385a4?s=96&d=monsterid&r=g","url":"https:\/\/secure.gravatar.com\/avatar\/04084e6d73c042b8646e7c17b494073bf0ede3ea13c7105cfc45cbbbc28385a4?s=96&d=monsterid&r=g","contentUrl":"https:\/\/secure.gravatar.com\/avatar\/04084e6d73c042b8646e7c17b494073bf0ede3ea13c7105cfc45cbbbc28385a4?s=96&d=monsterid&r=g","caption":"MR News"},"description":"Especializado em jornalismo colaborativo pela FTP em n\u00edvel de p\u00f3s-gradua\u00e7\u00e3o. suporte@oimeliga.combr","sameAs":["HUGO R.","Admin"],"url":"https:\/\/mrnews.com.br\/index.php\/author\/admin\/"}]}},"jetpack_sharing_enabled":true,"jetpack_shortlink":"https:\/\/wp.me\/pa2Qf7-1Tbt","amp_enabled":true,"jetpack_featured_media_url":"","_links":{"self":[{"href":"https:\/\/mrnews.com.br\/index.php\/wp-json\/wp\/v2\/posts\/450459","targetHints":{"allow":["GET"]}}],"collection":[{"href":"https:\/\/mrnews.com.br\/index.php\/wp-json\/wp\/v2\/posts"}],"about":[{"href":"https:\/\/mrnews.com.br\/index.php\/wp-json\/wp\/v2\/types\/post"}],"author":[{"embeddable":true,"href":"https:\/\/mrnews.com.br\/index.php\/wp-json\/wp\/v2\/users\/1"}],"replies":[{"embeddable":true,"href":"https:\/\/mrnews.com.br\/index.php\/wp-json\/wp\/v2\/comments?post=450459"}],"version-history":[{"count":0,"href":"https:\/\/mrnews.com.br\/index.php\/wp-json\/wp\/v2\/posts\/450459\/revisions"}],"wp:attachment":[{"href":"https:\/\/mrnews.com.br\/index.php\/wp-json\/wp\/v2\/media?parent=450459"}],"wp:term":[{"taxonomy":"category","embeddable":true,"href":"https:\/\/mrnews.com.br\/index.php\/wp-json\/wp\/v2\/categories?post=450459"},{"taxonomy":"post_tag","embeddable":true,"href":"https:\/\/mrnews.com.br\/index.php\/wp-json\/wp\/v2\/tags?post=450459"}],"curies":[{"name":"wp","href":"https:\/\/api.w.org\/{rel}","templated":true}]}}