{"id":450491,"date":"2025-10-08T18:57:47","date_gmt":"2025-10-08T21:57:47","guid":{"rendered":"https:\/\/mrnews.com.br\/index.php\/2025\/10\/08\/estudantes-da-rede-publica-participam-do-projeto-casarao-de-historias-em-brigadeiro-tobias-agencia-de-noticias\/"},"modified":"2025-10-08T18:57:47","modified_gmt":"2025-10-08T21:57:47","slug":"estudantes-da-rede-publica-participam-do-projeto-casarao-de-historias-em-brigadeiro-tobias-agencia-de-noticias","status":"publish","type":"post","link":"https:\/\/mrnews.com.br\/index.php\/2025\/10\/08\/estudantes-da-rede-publica-participam-do-projeto-casarao-de-historias-em-brigadeiro-tobias-agencia-de-noticias\/","title":{"rendered":"Estudantes da rede p\u00fablica participam do projeto \u201cCasar\u00e3o de Hist\u00f3rias\u201d em Brigadeiro Tobias \u2013 Ag\u00eancia de Not\u00edcias"},"content":{"rendered":"<p><\/p>\n<div wp_automatic_readability=\"31\">\n<div class=\"col\" wp_automatic_readability=\"7\">\n<p class=\"mt-0\">\n                        <strong><br \/>\n                            <span class=\"far fa-calendar mr-1 mt-2\"\/><br \/>\n                            8 de outubro de 2025<br \/>\n                            <span class=\"far fa-clock ml-3 mt-2\"\/><br \/>\n                            17:35<br \/>\n                        <\/strong>\n                    <\/p>\n<p class=\"mb-0\">Por: <strong>Evelyn Azevedo<\/strong><\/p>\n<\/p><\/div>\n<\/p><\/div>\n<div wp_automatic_readability=\"104\">\n<p><em>Fotos: Nath\u00e1lia Rodrigues (Secom) e Secult<\/em><\/p>\n<p>Mais de 180 estudantes, dos 3\u00ba anos do Ensino Fundamental da rede p\u00fablica, participaram do projeto \u201cCasar\u00e3o de Hist\u00f3rias\u201d, que aconteceu no Casar\u00e3o de Brigadeiro Tobias, na segunda e ter\u00e7a-feira (6 e 7), em comemora\u00e7\u00e3o \u00e0 Semana \u201cBrigadeiro Rafael Tobias de Aguiar\u201d.<\/p>\n<p>Realizada pela Prefeitura de Sorocaba, por meio da Secretaria de Cultura (Secult), com recursos de emenda do vereador F\u00e1bio Simoa, a iniciativa atendeu alunos das escolas do bairro, que leva o nome do patrono, com foco na valoriza\u00e7\u00e3o do patrim\u00f4nio hist\u00f3rico, natural e imaterial.<\/p>\n<p>O pr\u00e9dio, tombado pelo Conselho de Defesa do Patrim\u00f4nio Hist\u00f3rico, Art\u00edstico, Arqueol\u00f3gico e Tur\u00edstico do Estado de S\u00e3o Paulo, integra parte importante da hist\u00f3ria de Sorocaba. \u201cEsse projeto garante que as crian\u00e7as de escolas municipais e estaduais possam conhecer um pouco mais sobre hist\u00f3ria, m\u00fasica, arte, flora e fauna, aspectos relevantes da nossa hist\u00f3ria que atravessam gera\u00e7\u00f5es e fazem parte das ra\u00edzes da nossa cidade\u201d, ressaltou a assessora de gabinete da Secult, Jackeline Pil\u00e3o.<\/p>\n<p>Participaram do projeto as escolas municipais \u201cDr. Milton Leite Oliveira\u201d e \u201cTadeusz Jozefczyk\u201d, al\u00e9m da unidade estadual \u201cIzabel Rodrigues Galv\u00e3o\u201d. Ao chegaram no casar\u00e3o, os alunos conferiram uma conta\u00e7\u00e3o de hist\u00f3rias com a Marquesa de Santos, esposa de Brigadeiro Tobias, que foi interpretada pela atriz Tatiana Zalla que narrou a trajet\u00f3ria do homenageado.<\/p>\n<p>Ap\u00f3s o conhecimento biogr\u00e1fico, os visitantes participaram de uma apresenta\u00e7\u00e3o sobre a flora e a fauna que envolve a regi\u00e3o, realizada pela equipe de Educa\u00e7\u00e3o Ambiental da Secretaria do Meio Ambiente, Prote\u00e7\u00e3o e Bem-Estar Animal (Sema), que mostrou as individualidades naturais do entorno.<\/p>\n<p>Segunda a orientadora pedag\u00f3gica da E.M \u201cDr. Milton Leite Oliveira\u201d, Rafaela Almeida, a visita at\u00e9 o local hist\u00f3rico refor\u00e7a a import\u00e2ncia do patrim\u00f4nio da cidade, reafirmando o compromisso da popula\u00e7\u00e3o para a preserva\u00e7\u00e3o do mesmo. \u201cEsse \u00e9 um espa\u00e7o do bairro em que temos o privil\u00e9gio de estar cercado de natureza, e essa oportunidade levar\u00e1 o conhecimento de preserva\u00e7\u00e3o. Esperamos que outras crian\u00e7as tamb\u00e9m tenham essa mesma chance, valorizando o que temos de hist\u00f3rico\u201d, disse.<\/p>\n<p>A programa\u00e7\u00e3o especial contou, ainda, com uma oficina de pintura utilizando tintas naturais, ministrada pelo artista pl\u00e1stico Etore Piqueria. Ap\u00f3s participarem das atividades, os convidados puderam conhecer a cultura da m\u00fasica caipira, com uma apresenta\u00e7\u00e3o da Orquestra de Viola Caipira de Sorocaba.<\/p>\n<p><!-- Root element of PhotoSwipe. Must have class pswp. --><\/p><\/div>\n","protected":false},"excerpt":{"rendered":"<p>8 de outubro de 2025 17:35 Por: Evelyn Azevedo Fotos: Nath\u00e1lia Rodrigues (Secom) e Secult Mais de 180 estudantes, dos 3\u00ba anos do Ensino Fundamental da rede p\u00fablica, participaram do projeto \u201cCasar\u00e3o de Hist\u00f3rias\u201d, que aconteceu no Casar\u00e3o de Brigadeiro Tobias, na segunda e ter\u00e7a-feira (6 e 7), em comemora\u00e7\u00e3o \u00e0 Semana \u201cBrigadeiro Rafael Tobias &hellip;<\/p>\n","protected":false},"author":1,"featured_media":0,"comment_status":"open","ping_status":"open","sticky":false,"template":"","format":"standard","meta":{"_jetpack_newsletter_access":"","_jetpack_dont_email_post_to_subs":false,"_jetpack_newsletter_tier_id":0,"_jetpack_memberships_contains_paywalled_content":false,"_jetpack_feature_clip_id":0,"_jetpack_memberships_contains_paid_content":false,"footnotes":"","jetpack_post_was_ever_published":false},"categories":[4],"tags":[],"class_list":["post-450491","post","type-post","status-publish","format-standard","hentry","category-servicos"],"yoast_head":"<!-- This site is optimized with the Yoast SEO plugin v28.3 - https:\/\/yoast.com\/product\/yoast-seo-wordpress\/ -->\n<title>Estudantes da rede p\u00fablica participam do projeto \u201cCasar\u00e3o de Hist\u00f3rias\u201d em Brigadeiro Tobias \u2013 Ag\u00eancia de Not\u00edcias<\/title>\n<meta name=\"robots\" content=\"index, follow, max-snippet:-1, max-image-preview:large, max-video-preview:-1\" \/>\n<link rel=\"canonical\" href=\"https:\/\/mrnews.com.br\/index.php\/2025\/10\/08\/estudantes-da-rede-publica-participam-do-projeto-casarao-de-historias-em-brigadeiro-tobias-agencia-de-noticias\/\" \/>\n<meta property=\"og:locale\" content=\"pt_BR\" \/>\n<meta property=\"og:type\" content=\"article\" \/>\n<meta property=\"og:title\" content=\"Estudantes da rede p\u00fablica participam do projeto \u201cCasar\u00e3o de Hist\u00f3rias\u201d em Brigadeiro Tobias \u2013 Ag\u00eancia de Not\u00edcias\" \/>\n<meta property=\"og:description\" content=\"8 de outubro de 2025 17:35 Por: Evelyn Azevedo Fotos: Nath\u00e1lia Rodrigues (Secom) e Secult Mais de 180 estudantes, dos 3\u00ba anos do Ensino Fundamental da rede p\u00fablica, participaram do projeto \u201cCasar\u00e3o de Hist\u00f3rias\u201d, que aconteceu no Casar\u00e3o de Brigadeiro Tobias, na segunda e ter\u00e7a-feira (6 e 7), em comemora\u00e7\u00e3o \u00e0 Semana \u201cBrigadeiro Rafael Tobias &hellip;\" \/>\n<meta property=\"og:url\" content=\"https:\/\/mrnews.com.br\/index.php\/2025\/10\/08\/estudantes-da-rede-publica-participam-do-projeto-casarao-de-historias-em-brigadeiro-tobias-agencia-de-noticias\/\" \/>\n<meta property=\"og:site_name\" content=\"MRNews\" \/>\n<meta property=\"article:publisher\" content=\"https:\/\/www.facebook.com\/eaipahpah\/?locale2=pt_BR\" \/>\n<meta property=\"article:published_time\" content=\"2025-10-08T21:57:47+00:00\" \/>\n<meta name=\"author\" content=\"MR News\" \/>\n<meta name=\"twitter:card\" content=\"summary_large_image\" \/>\n<meta name=\"twitter:creator\" content=\"@conspirou\" \/>\n<meta name=\"twitter:site\" content=\"@conspirou\" \/>\n<meta name=\"twitter:label1\" content=\"Escrito por\" \/>\n\t<meta name=\"twitter:data1\" content=\"MR News\" \/>\n\t<meta name=\"twitter:label2\" content=\"Est. tempo de leitura\" \/>\n\t<meta name=\"twitter:data2\" content=\"2 minutos\" \/>\n<script type=\"application\/ld+json\" class=\"yoast-schema-graph\">{\"@context\":\"https:\\\/\\\/schema.org\",\"@graph\":[{\"@type\":\"Article\",\"@id\":\"https:\\\/\\\/mrnews.com.br\\\/index.php\\\/2025\\\/10\\\/08\\\/estudantes-da-rede-publica-participam-do-projeto-casarao-de-historias-em-brigadeiro-tobias-agencia-de-noticias\\\/#article\",\"isPartOf\":{\"@id\":\"https:\\\/\\\/mrnews.com.br\\\/index.php\\\/2025\\\/10\\\/08\\\/estudantes-da-rede-publica-participam-do-projeto-casarao-de-historias-em-brigadeiro-tobias-agencia-de-noticias\\\/\"},\"author\":{\"name\":\"MR News\",\"@id\":\"https:\\\/\\\/mrnews.com.br\\\/#\\\/schema\\\/person\\\/be3203154562a9f207407861cef7827b\"},\"headline\":\"Estudantes da rede p\u00fablica participam do projeto \u201cCasar\u00e3o de Hist\u00f3rias\u201d em Brigadeiro Tobias \u2013 Ag\u00eancia de Not\u00edcias\",\"datePublished\":\"2025-10-08T21:57:47+00:00\",\"mainEntityOfPage\":{\"@id\":\"https:\\\/\\\/mrnews.com.br\\\/index.php\\\/2025\\\/10\\\/08\\\/estudantes-da-rede-publica-participam-do-projeto-casarao-de-historias-em-brigadeiro-tobias-agencia-de-noticias\\\/\"},\"wordCount\":457,\"commentCount\":0,\"publisher\":{\"@id\":\"https:\\\/\\\/mrnews.com.br\\\/#organization\"},\"articleSection\":[\"SERVI\u00c7OS\"],\"inLanguage\":\"pt-BR\",\"potentialAction\":[{\"@type\":\"CommentAction\",\"name\":\"Comment\",\"target\":[\"https:\\\/\\\/mrnews.com.br\\\/index.php\\\/2025\\\/10\\\/08\\\/estudantes-da-rede-publica-participam-do-projeto-casarao-de-historias-em-brigadeiro-tobias-agencia-de-noticias\\\/#respond\"]}]},{\"@type\":\"WebPage\",\"@id\":\"https:\\\/\\\/mrnews.com.br\\\/index.php\\\/2025\\\/10\\\/08\\\/estudantes-da-rede-publica-participam-do-projeto-casarao-de-historias-em-brigadeiro-tobias-agencia-de-noticias\\\/\",\"url\":\"https:\\\/\\\/mrnews.com.br\\\/index.php\\\/2025\\\/10\\\/08\\\/estudantes-da-rede-publica-participam-do-projeto-casarao-de-historias-em-brigadeiro-tobias-agencia-de-noticias\\\/\",\"name\":\"Estudantes da rede p\u00fablica participam do projeto \u201cCasar\u00e3o de Hist\u00f3rias\u201d em Brigadeiro Tobias \u2013 Ag\u00eancia de Not\u00edcias\",\"isPartOf\":{\"@id\":\"https:\\\/\\\/mrnews.com.br\\\/#website\"},\"datePublished\":\"2025-10-08T21:57:47+00:00\",\"breadcrumb\":{\"@id\":\"https:\\\/\\\/mrnews.com.br\\\/index.php\\\/2025\\\/10\\\/08\\\/estudantes-da-rede-publica-participam-do-projeto-casarao-de-historias-em-brigadeiro-tobias-agencia-de-noticias\\\/#breadcrumb\"},\"inLanguage\":\"pt-BR\",\"potentialAction\":[{\"@type\":\"ReadAction\",\"target\":[\"https:\\\/\\\/mrnews.com.br\\\/index.php\\\/2025\\\/10\\\/08\\\/estudantes-da-rede-publica-participam-do-projeto-casarao-de-historias-em-brigadeiro-tobias-agencia-de-noticias\\\/\"]}]},{\"@type\":\"BreadcrumbList\",\"@id\":\"https:\\\/\\\/mrnews.com.br\\\/index.php\\\/2025\\\/10\\\/08\\\/estudantes-da-rede-publica-participam-do-projeto-casarao-de-historias-em-brigadeiro-tobias-agencia-de-noticias\\\/#breadcrumb\",\"itemListElement\":[{\"@type\":\"ListItem\",\"position\":1,\"name\":\"In\u00edcio\",\"item\":\"https:\\\/\\\/mrnews.com.br\\\/\"},{\"@type\":\"ListItem\",\"position\":2,\"name\":\"Estudantes da rede p\u00fablica participam do projeto \u201cCasar\u00e3o de Hist\u00f3rias\u201d em Brigadeiro Tobias \u2013 Ag\u00eancia de Not\u00edcias\"}]},{\"@type\":\"WebSite\",\"@id\":\"https:\\\/\\\/mrnews.com.br\\\/#website\",\"url\":\"https:\\\/\\\/mrnews.com.br\\\/\",\"name\":\"MRNews\",\"description\":\"MRNews Jogos de hoje da TV, transmiss\u00f5es ao vivo, Not\u00edcias de futebol, Jogos ao vivo, Lives, resumo de novelas, Programa\u00e7\u00e3o da Globo, A Fazenda e BBB\",\"publisher\":{\"@id\":\"https:\\\/\\\/mrnews.com.br\\\/#organization\"},\"potentialAction\":[{\"@type\":\"SearchAction\",\"target\":{\"@type\":\"EntryPoint\",\"urlTemplate\":\"https:\\\/\\\/mrnews.com.br\\\/?s={search_term_string}\"},\"query-input\":{\"@type\":\"PropertyValueSpecification\",\"valueRequired\":true,\"valueName\":\"search_term_string\"}}],\"inLanguage\":\"pt-BR\"},{\"@type\":\"Organization\",\"@id\":\"https:\\\/\\\/mrnews.com.br\\\/#organization\",\"name\":\"MRNews\",\"url\":\"https:\\\/\\\/mrnews.com.br\\\/\",\"logo\":{\"@type\":\"ImageObject\",\"inLanguage\":\"pt-BR\",\"@id\":\"https:\\\/\\\/mrnews.com.br\\\/#\\\/schema\\\/logo\\\/image\\\/\",\"url\":\"https:\\\/\\\/mrnews.com.br\\\/wp-content\\\/uploads\\\/2026\\\/08\\\/MRNEws.png\",\"contentUrl\":\"https:\\\/\\\/mrnews.com.br\\\/wp-content\\\/uploads\\\/2026\\\/08\\\/MRNEws.png\",\"width\":1254,\"height\":1254,\"caption\":\"MRNews\"},\"image\":{\"@id\":\"https:\\\/\\\/mrnews.com.br\\\/#\\\/schema\\\/logo\\\/image\\\/\"},\"sameAs\":[\"https:\\\/\\\/www.facebook.com\\\/eaipahpah\\\/?locale2=pt_BR\",\"https:\\\/\\\/x.com\\\/conspirou\",\"https:\\\/\\\/www.instagram.com\\\/eai_pahpah\",\"https:\\\/\\\/br.pinterest.com\\\/mrnewsn\\\/boards\\\/\",\"https:\\\/\\\/www.youtube.com\\\/channel\\\/UCacgnpznQ61fifLWr1tQ-vA?view_as=subscriber\"]},{\"@type\":\"Person\",\"@id\":\"https:\\\/\\\/mrnews.com.br\\\/#\\\/schema\\\/person\\\/be3203154562a9f207407861cef7827b\",\"name\":\"MR News\",\"image\":{\"@type\":\"ImageObject\",\"inLanguage\":\"pt-BR\",\"@id\":\"https:\\\/\\\/secure.gravatar.com\\\/avatar\\\/04084e6d73c042b8646e7c17b494073bf0ede3ea13c7105cfc45cbbbc28385a4?s=96&d=monsterid&r=g\",\"url\":\"https:\\\/\\\/secure.gravatar.com\\\/avatar\\\/04084e6d73c042b8646e7c17b494073bf0ede3ea13c7105cfc45cbbbc28385a4?s=96&d=monsterid&r=g\",\"contentUrl\":\"https:\\\/\\\/secure.gravatar.com\\\/avatar\\\/04084e6d73c042b8646e7c17b494073bf0ede3ea13c7105cfc45cbbbc28385a4?s=96&d=monsterid&r=g\",\"caption\":\"MR News\"},\"description\":\"Especializado em jornalismo colaborativo pela FTP em n\u00edvel de p\u00f3s-gradua\u00e7\u00e3o. suporte@oimeliga.combr\",\"sameAs\":[\"HUGO R.\",\"Admin\"],\"url\":\"https:\\\/\\\/mrnews.com.br\\\/index.php\\\/author\\\/admin\\\/\"}]}<\/script>\n<!-- \/ Yoast SEO plugin. -->","yoast_head_json":{"title":"Estudantes da rede p\u00fablica participam do projeto \u201cCasar\u00e3o de Hist\u00f3rias\u201d em Brigadeiro Tobias \u2013 Ag\u00eancia de Not\u00edcias","robots":{"index":"index","follow":"follow","max-snippet":"max-snippet:-1","max-image-preview":"max-image-preview:large","max-video-preview":"max-video-preview:-1"},"canonical":"https:\/\/mrnews.com.br\/index.php\/2025\/10\/08\/estudantes-da-rede-publica-participam-do-projeto-casarao-de-historias-em-brigadeiro-tobias-agencia-de-noticias\/","og_locale":"pt_BR","og_type":"article","og_title":"Estudantes da rede p\u00fablica participam do projeto \u201cCasar\u00e3o de Hist\u00f3rias\u201d em Brigadeiro Tobias \u2013 Ag\u00eancia de Not\u00edcias","og_description":"8 de outubro de 2025 17:35 Por: Evelyn Azevedo Fotos: Nath\u00e1lia Rodrigues (Secom) e Secult Mais de 180 estudantes, dos 3\u00ba anos do Ensino Fundamental da rede p\u00fablica, participaram do projeto \u201cCasar\u00e3o de Hist\u00f3rias\u201d, que aconteceu no Casar\u00e3o de Brigadeiro Tobias, na segunda e ter\u00e7a-feira (6 e 7), em comemora\u00e7\u00e3o \u00e0 Semana \u201cBrigadeiro Rafael Tobias &hellip;","og_url":"https:\/\/mrnews.com.br\/index.php\/2025\/10\/08\/estudantes-da-rede-publica-participam-do-projeto-casarao-de-historias-em-brigadeiro-tobias-agencia-de-noticias\/","og_site_name":"MRNews","article_publisher":"https:\/\/www.facebook.com\/eaipahpah\/?locale2=pt_BR","article_published_time":"2025-10-08T21:57:47+00:00","author":"MR News","twitter_card":"summary_large_image","twitter_creator":"@conspirou","twitter_site":"@conspirou","twitter_misc":{"Escrito por":"MR News","Est. tempo de leitura":"2 minutos"},"schema":{"@context":"https:\/\/schema.org","@graph":[{"@type":"Article","@id":"https:\/\/mrnews.com.br\/index.php\/2025\/10\/08\/estudantes-da-rede-publica-participam-do-projeto-casarao-de-historias-em-brigadeiro-tobias-agencia-de-noticias\/#article","isPartOf":{"@id":"https:\/\/mrnews.com.br\/index.php\/2025\/10\/08\/estudantes-da-rede-publica-participam-do-projeto-casarao-de-historias-em-brigadeiro-tobias-agencia-de-noticias\/"},"author":{"name":"MR News","@id":"https:\/\/mrnews.com.br\/#\/schema\/person\/be3203154562a9f207407861cef7827b"},"headline":"Estudantes da rede p\u00fablica participam do projeto \u201cCasar\u00e3o de Hist\u00f3rias\u201d em Brigadeiro Tobias \u2013 Ag\u00eancia de Not\u00edcias","datePublished":"2025-10-08T21:57:47+00:00","mainEntityOfPage":{"@id":"https:\/\/mrnews.com.br\/index.php\/2025\/10\/08\/estudantes-da-rede-publica-participam-do-projeto-casarao-de-historias-em-brigadeiro-tobias-agencia-de-noticias\/"},"wordCount":457,"commentCount":0,"publisher":{"@id":"https:\/\/mrnews.com.br\/#organization"},"articleSection":["SERVI\u00c7OS"],"inLanguage":"pt-BR","potentialAction":[{"@type":"CommentAction","name":"Comment","target":["https:\/\/mrnews.com.br\/index.php\/2025\/10\/08\/estudantes-da-rede-publica-participam-do-projeto-casarao-de-historias-em-brigadeiro-tobias-agencia-de-noticias\/#respond"]}]},{"@type":"WebPage","@id":"https:\/\/mrnews.com.br\/index.php\/2025\/10\/08\/estudantes-da-rede-publica-participam-do-projeto-casarao-de-historias-em-brigadeiro-tobias-agencia-de-noticias\/","url":"https:\/\/mrnews.com.br\/index.php\/2025\/10\/08\/estudantes-da-rede-publica-participam-do-projeto-casarao-de-historias-em-brigadeiro-tobias-agencia-de-noticias\/","name":"Estudantes da rede p\u00fablica participam do projeto \u201cCasar\u00e3o de Hist\u00f3rias\u201d em Brigadeiro Tobias \u2013 Ag\u00eancia de Not\u00edcias","isPartOf":{"@id":"https:\/\/mrnews.com.br\/#website"},"datePublished":"2025-10-08T21:57:47+00:00","breadcrumb":{"@id":"https:\/\/mrnews.com.br\/index.php\/2025\/10\/08\/estudantes-da-rede-publica-participam-do-projeto-casarao-de-historias-em-brigadeiro-tobias-agencia-de-noticias\/#breadcrumb"},"inLanguage":"pt-BR","potentialAction":[{"@type":"ReadAction","target":["https:\/\/mrnews.com.br\/index.php\/2025\/10\/08\/estudantes-da-rede-publica-participam-do-projeto-casarao-de-historias-em-brigadeiro-tobias-agencia-de-noticias\/"]}]},{"@type":"BreadcrumbList","@id":"https:\/\/mrnews.com.br\/index.php\/2025\/10\/08\/estudantes-da-rede-publica-participam-do-projeto-casarao-de-historias-em-brigadeiro-tobias-agencia-de-noticias\/#breadcrumb","itemListElement":[{"@type":"ListItem","position":1,"name":"In\u00edcio","item":"https:\/\/mrnews.com.br\/"},{"@type":"ListItem","position":2,"name":"Estudantes da rede p\u00fablica participam do projeto \u201cCasar\u00e3o de Hist\u00f3rias\u201d em Brigadeiro Tobias \u2013 Ag\u00eancia de Not\u00edcias"}]},{"@type":"WebSite","@id":"https:\/\/mrnews.com.br\/#website","url":"https:\/\/mrnews.com.br\/","name":"MRNews","description":"MRNews Jogos de hoje da TV, transmiss\u00f5es ao vivo, Not\u00edcias de futebol, Jogos ao vivo, Lives, resumo de novelas, Programa\u00e7\u00e3o da Globo, A Fazenda e BBB","publisher":{"@id":"https:\/\/mrnews.com.br\/#organization"},"potentialAction":[{"@type":"SearchAction","target":{"@type":"EntryPoint","urlTemplate":"https:\/\/mrnews.com.br\/?s={search_term_string}"},"query-input":{"@type":"PropertyValueSpecification","valueRequired":true,"valueName":"search_term_string"}}],"inLanguage":"pt-BR"},{"@type":"Organization","@id":"https:\/\/mrnews.com.br\/#organization","name":"MRNews","url":"https:\/\/mrnews.com.br\/","logo":{"@type":"ImageObject","inLanguage":"pt-BR","@id":"https:\/\/mrnews.com.br\/#\/schema\/logo\/image\/","url":"https:\/\/mrnews.com.br\/wp-content\/uploads\/2026\/08\/MRNEws.png","contentUrl":"https:\/\/mrnews.com.br\/wp-content\/uploads\/2026\/08\/MRNEws.png","width":1254,"height":1254,"caption":"MRNews"},"image":{"@id":"https:\/\/mrnews.com.br\/#\/schema\/logo\/image\/"},"sameAs":["https:\/\/www.facebook.com\/eaipahpah\/?locale2=pt_BR","https:\/\/x.com\/conspirou","https:\/\/www.instagram.com\/eai_pahpah","https:\/\/br.pinterest.com\/mrnewsn\/boards\/","https:\/\/www.youtube.com\/channel\/UCacgnpznQ61fifLWr1tQ-vA?view_as=subscriber"]},{"@type":"Person","@id":"https:\/\/mrnews.com.br\/#\/schema\/person\/be3203154562a9f207407861cef7827b","name":"MR News","image":{"@type":"ImageObject","inLanguage":"pt-BR","@id":"https:\/\/secure.gravatar.com\/avatar\/04084e6d73c042b8646e7c17b494073bf0ede3ea13c7105cfc45cbbbc28385a4?s=96&d=monsterid&r=g","url":"https:\/\/secure.gravatar.com\/avatar\/04084e6d73c042b8646e7c17b494073bf0ede3ea13c7105cfc45cbbbc28385a4?s=96&d=monsterid&r=g","contentUrl":"https:\/\/secure.gravatar.com\/avatar\/04084e6d73c042b8646e7c17b494073bf0ede3ea13c7105cfc45cbbbc28385a4?s=96&d=monsterid&r=g","caption":"MR News"},"description":"Especializado em jornalismo colaborativo pela FTP em n\u00edvel de p\u00f3s-gradua\u00e7\u00e3o. suporte@oimeliga.combr","sameAs":["HUGO R.","Admin"],"url":"https:\/\/mrnews.com.br\/index.php\/author\/admin\/"}]}},"jetpack_sharing_enabled":true,"jetpack_shortlink":"https:\/\/wp.me\/pa2Qf7-1TbZ","amp_enabled":true,"jetpack_featured_media_url":"","_links":{"self":[{"href":"https:\/\/mrnews.com.br\/index.php\/wp-json\/wp\/v2\/posts\/450491","targetHints":{"allow":["GET"]}}],"collection":[{"href":"https:\/\/mrnews.com.br\/index.php\/wp-json\/wp\/v2\/posts"}],"about":[{"href":"https:\/\/mrnews.com.br\/index.php\/wp-json\/wp\/v2\/types\/post"}],"author":[{"embeddable":true,"href":"https:\/\/mrnews.com.br\/index.php\/wp-json\/wp\/v2\/users\/1"}],"replies":[{"embeddable":true,"href":"https:\/\/mrnews.com.br\/index.php\/wp-json\/wp\/v2\/comments?post=450491"}],"version-history":[{"count":0,"href":"https:\/\/mrnews.com.br\/index.php\/wp-json\/wp\/v2\/posts\/450491\/revisions"}],"wp:attachment":[{"href":"https:\/\/mrnews.com.br\/index.php\/wp-json\/wp\/v2\/media?parent=450491"}],"wp:term":[{"taxonomy":"category","embeddable":true,"href":"https:\/\/mrnews.com.br\/index.php\/wp-json\/wp\/v2\/categories?post=450491"},{"taxonomy":"post_tag","embeddable":true,"href":"https:\/\/mrnews.com.br\/index.php\/wp-json\/wp\/v2\/tags?post=450491"}],"curies":[{"name":"wp","href":"https:\/\/api.w.org\/{rel}","templated":true}]}}