{"id":450513,"date":"2025-10-09T09:34:43","date_gmt":"2025-10-09T12:34:43","guid":{"rendered":"https:\/\/mrnews.com.br\/index.php\/2025\/10\/09\/governo-de-mato-grosso-do-sul-abre-portas-e-transforma-vidas-com-qualificacao-profissional-e-emprego\/"},"modified":"2025-10-09T09:34:43","modified_gmt":"2025-10-09T12:34:43","slug":"governo-de-mato-grosso-do-sul-abre-portas-e-transforma-vidas-com-qualificacao-profissional-e-emprego","status":"publish","type":"post","link":"https:\/\/mrnews.com.br\/index.php\/2025\/10\/09\/governo-de-mato-grosso-do-sul-abre-portas-e-transforma-vidas-com-qualificacao-profissional-e-emprego\/","title":{"rendered":"Governo de Mato Grosso do Sul abre portas e transforma vidas com qualifica\u00e7\u00e3o profissional e emprego"},"content":{"rendered":"<p><\/p>\n<div>\n<p>Ao comemorar 48 anos, Mato Grosso do Sul conta sua hist\u00f3ria atrav\u00e9s do seu povo e das oportunidades que mudam a vida das pessoas. Muitas vezes o que falta \u00e9 um apoio e qualifica\u00e7\u00e3o profissional, para abrir portas que antes estavam fechadas. Com este foco o Governo do Estado criou dois programas inovadores: Voucher Transportador e Voucher Desenvolvedor.<\/p>\n<p>Katielly de Souza Pereira n\u00e3o estava satisfeita com sua carreira profissional e sonhava em mudar de vida. Foi quando ela resolveu se tornar motorista. Primeiro tirou a carteira \u201cD\u201d para ser tratorista em uma fazenda em Ivinhema. Animou e queria seguir nesta profiss\u00e3o.<\/p>\n<figure id=\"attachment_523652\" aria-describedby=\"caption-attachment-523652\" style=\"width: 300px\" class=\"wp-caption alignright\"><figcaption id=\"caption-attachment-523652\" class=\"wp-caption-text\"><em>Katielly de Souza (Arquivo Pessoal)<\/em><\/figcaption><\/figure>\n<p>Anos depois conheceu o \u201cVoucher Transportador\u201d pelas redes sociais. O programa do Governo do Estado proporciona qualifica\u00e7\u00e3o gratuita para motoristas de carga e \u00f4nibus. Al\u00e9m de receber treinamento especializado, os participantes t\u00eam a oportunidade de adicionar as categorias \u201cD\u201d e \u201cE\u201d, sem nenhum custo.<\/p>\n<p>\u201cFiz a inscri\u00e7\u00e3o, mas n\u00e3o estava confiante, por\u00e9m entraram em contato comigo na terceira chamada. Fiz o curso e consegui a carteira \u201cE\u201d sem gastar nada. Terminei tudo em julho de 2024. Foi quando j\u00e1 comecei a procurar emprego na \u00e1rea. Meu objetivo era dirigir carreta. Na \u00e9poca ganhava um sal\u00e1rio m\u00ednimo como promotora de vendas\u201d.<\/p>\n<p>Ela seguiu confiante e as oportunidades come\u00e7aram a aparecer. A primeira chance foi em Ribas do Rio Pardo, no entanto tinha que morar na cidade. \u201cO aluguel era caro, tenho dois filhos tamb\u00e9m, mas n\u00e3o desisti e continuei atr\u00e1s. Foi quando fui selecionada para outra empresa como motorista de carreta. Agora dirijo uma (carreta) de nove eixos (tritrem) e estou h\u00e1 um ano e dois meses na fun\u00e7\u00e3o. Com sal\u00e1rio muito melhor\u201d.<\/p>\n<figure id=\"attachment_523650\" aria-describedby=\"caption-attachment-523650\" style=\"width: 1024px\" class=\"wp-caption aligncenter\"><figcaption id=\"caption-attachment-523650\" class=\"wp-caption-text\"><em>Katielly de Souza transporta madeira no Vale da Celulose (Foto: Arquivo Pessoal)<\/em><\/figcaption><\/figure>\n<p>Com o cora\u00e7\u00e3o na estrada, ela faz a rota Sonora, Ribas do Rio Pardo, Palmeiras (distrito) e Campo Grande. \u201cOs cursos e o Voucher foram importantes para eu conseguir este emprego. Se n\u00e3o fosse o programa n\u00e3o tinha chegado onde desejava. Agora posso dar melhores condi\u00e7\u00f5es para minha fam\u00edlia\u201d.<\/p>\n<p>Estas hist\u00f3rias foram poss\u00edveis por uma decis\u00e3o e convic\u00e7\u00e3o da gest\u00e3o estadual. &#8220;O Governo \u00e9 um agente que liga os pontos, para alcan\u00e7ar as pessoas. Para ter um Estado pr\u00f3spero, ele precisa ser inclusivo, chegar l\u00e1 na ponta. Este \u00e9 um programa para quem busca um emprego, uma nova oportunidade, em um setor que tem uma demanda reprimida e precisa de profissionais qualificados. Nosso objetivo \u00e9 facilitar e tornar isto poss\u00edvel, para aumentar a renda das pessoas\u201d, afirmou o governador Eduardo Riedel.\u00a0<\/p>\n<figure id=\"attachment_459061\" aria-describedby=\"caption-attachment-459061\" style=\"width: 1024px\" class=\"wp-caption aligncenter\"><figcaption id=\"caption-attachment-459061\" class=\"wp-caption-text\"><em>Voucher Transportador abre portas para quem deseja seguir na profiss\u00e3o (Foto: \u00c1lvaro Rezende) <\/em><\/figcaption><\/figure>\n<p><strong>Premia\u00e7\u00e3o e reconhecimento<\/strong><\/p>\n<p>Rafael Rodrigues \u00e9 mais um exemplo de que quando as \u201cportas se abrem\u201d as oportunidades aparecem. Ele foi aluno do \u201cVoucher Desenvolvedor\u201d. O programa atende \u00e0 crescente demanda por profissionais na \u00e1rea de Tecnologia da Informa\u00e7\u00e3o, promovendo a forma\u00e7\u00e3o t\u00e9cnica de jovens e adultos em An\u00e1lise e Desenvolvimento de Sistemas.<\/p>\n<p>Depois de fazer parte do programa, Rafael foi premiado em diversas maratonas nacionais da \u00e1rea e ainda conseguiu sucesso na profiss\u00e3o. \u201cComputadores, equipes e professores me ajudaram a trazer medalhas para Mato Grosso do Sul na \u00e1rea de desenvolvimento de sistemas. S\u00f3 posso agradecer, nunca pensei viver tudo isto. Atualmente vou fazer um projeto de um sistema para o (hospital) S\u00e3o Juli\u00e3o\u201d, afirmou.<\/p>\n<figure id=\"attachment_523643\" aria-describedby=\"caption-attachment-523643\" style=\"width: 1024px\" class=\"wp-caption aligncenter\"><figcaption id=\"caption-attachment-523643\" class=\"wp-caption-text\"><em>Rafael Rodrigues ex-aluno do Voucher Desenvolvedor (Foto: Mairinco de Pauda\/Semadesc)<\/em><\/figcaption><\/figure>\n<p>Rodrigues destaca que o programa deu o suporte e as condi\u00e7\u00f5es para este avan\u00e7o profissional. \u201cO Voucher (Desenvolvedor) conseguiu realizar e contribuir com a minha forma\u00e7\u00e3o. Estou vivenciando toda esta experiencia com desenvolvimento de software. Atualmente a \u00e1rea de programa\u00e7\u00e3o \u00e9 uma das melhores para seguir, com crescimento muito alto. Se estudar e se dedicar consegue ir muito longe, tem espa\u00e7o para o futuro\u201d.<\/p>\n<p>Para o secret\u00e1rio da Semadesc (Secretaria de Meio Ambiente, Desenvolvimento, Ci\u00eancia, Tecnologia e Inova\u00e7\u00e3o), Jaime Verruck, o Voucher Desenvolvedor nasceu com o prop\u00f3sito de conectar a juventude ao mercado de trabalho, com foco na demanda real do setor produtivo, especialmente na \u00e1rea de tecnologia.<\/p>\n<p>\u201cEsse \u00e9 um exemplo concreto de como a qualifica\u00e7\u00e3o t\u00e9cnica, aliada ao planejamento e \u00e0 articula\u00e7\u00e3o com o setor produtivo, pode transformar a realidade de centenas de jovens. A tecnologia \u00e9 uma das prioridades do Governo do Estado, e formar profissionais para esse mercado \u00e9 fundamental\u201d.<\/p>\n<figure id=\"attachment_469861\" aria-describedby=\"caption-attachment-469861\" style=\"width: 1024px\" class=\"wp-caption aligncenter\"><figcaption id=\"caption-attachment-469861\" class=\"wp-caption-text\"><em>Voucher Desenvolvedor teve estudantes como p\u00fablico alvo (Foto: \u00c1lvaro Rezende)<\/em><\/figcaption><\/figure>\n<p>Esa\u00fa Aguiar, secret\u00e1rio-executivo de Qualifica\u00e7\u00e3o Profissional e Trabalho, garantiu que Mato Grosso do Sul est\u00e1 se transformando em refer\u00eancia nacional, com programas que levam qualifica\u00e7\u00e3o e d\u00e3o novas oportunidades a quem procura. Inclus\u00e3o, gera\u00e7\u00e3o de empregos e aumento de renda.<\/p>\n<p>\u201cEstamos preparando nosso capital humano para as profiss\u00f5es do futuro, de forma inclusiva e estrat\u00e9gica. O Voucher Desenvolvedor \u00e9 uma pol\u00edtica p\u00fablica que transforma realidades e impulsiona a moderniza\u00e7\u00e3o do nosso Estado. Ele foi pensado para gerar resultados r\u00e1pidos e efetivos\u201d, completou.<\/p>\n<figure id=\"attachment_509187\" aria-describedby=\"caption-attachment-509187\" style=\"width: 1024px\" class=\"wp-caption aligncenter\"><figcaption id=\"caption-attachment-509187\" class=\"wp-caption-text\"><em>Governador no lan\u00e7amento do MS Qualifica (Foto: Saul Schramm)<\/em><\/figcaption><\/figure>\n<p><strong>Qualifica\u00e7\u00e3o<\/strong><\/p>\n<p>Para coordenar e abrigar todas estas iniciativas de sucesso, o Governo do Estado criou o programa MS Qualifica j\u00e1 atendeu milhares de pessoas desde 2023 com capacita\u00e7\u00e3o profissional para inser\u00e7\u00e3o no mercado de trabalho. A principal miss\u00e3o \u00e9 capacitar profissionais para setores que est\u00e3o com vagas abertas, mas que n\u00e3o s\u00e3o preenchidas por falta de qualifica\u00e7\u00e3o.<\/p>\n<p>O Voucher Transportador j\u00e1 beneficiou 2.688 profissionais. Pessoas que j\u00e1 eram do setor ou se interessaram em se tornar motoristas, mas muitas vezes n\u00e3o tinham recursos para fazer os cursos e trocar a habilita\u00e7\u00e3o para as categorias D e E. Uma demanda que surgiu do setor de transporte, que tem muitas vagas dispon\u00edveis.<\/p>\n<p>J\u00e1 o Voucher Desenvolvedor j\u00e1 formou 372 alunos, distribu\u00eddos em cinco munic\u00edpios: Campo Grande, Dourados, Corumb\u00e1, Ponta Por\u00e3 e Tr\u00eas Lagoas. Desenvolvido pela Semadesc, em parceria com a SED (Secretaria de Educa\u00e7\u00e3o) e Fecom\u00e9rcio (Sistema da Federa\u00e7\u00e3o de Com\u00e9rcio), teve como p\u00fablico alvo alunos do ensino m\u00e9dio da Rede Estadual de Ensino. O Governo do Estado j\u00e1 emitiu 16.670 certificados de capacita\u00e7\u00e3o profissional desde 2023.\u00a0<\/p>\n<p><em>Leonardo Rocha, Comunica\u00e7\u00e3o do Governo de MS<\/em><br \/><em>Foto de capa: \u00c1lvaro Rezende\/Secom\/Arquivo<\/em><\/p>\n<\/div>\n","protected":false},"excerpt":{"rendered":"<p>Ao comemorar 48 anos, Mato Grosso do Sul conta sua hist\u00f3ria atrav\u00e9s do seu povo e das oportunidades que mudam a vida das pessoas. Muitas vezes o que falta \u00e9 um apoio e qualifica\u00e7\u00e3o profissional, para abrir portas que antes estavam fechadas. Com este foco o Governo do Estado criou dois programas inovadores: Voucher Transportador &hellip;<\/p>\n","protected":false},"author":1,"featured_media":0,"comment_status":"open","ping_status":"open","sticky":false,"template":"","format":"standard","meta":{"_jetpack_memberships_contains_paid_content":false,"footnotes":""},"categories":[12410],"tags":[],"class_list":["post-450513","post","type-post","status-publish","format-standard","hentry","category-ms"],"yoast_head":"<!-- This site is optimized with the Yoast SEO plugin v27.4 - https:\/\/yoast.com\/product\/yoast-seo-wordpress\/ -->\n<title>Governo de Mato Grosso do Sul abre portas e transforma vidas com qualifica\u00e7\u00e3o profissional e emprego<\/title>\n<meta name=\"robots\" content=\"index, follow, max-snippet:-1, max-image-preview:large, max-video-preview:-1\" \/>\n<link rel=\"canonical\" href=\"https:\/\/mrnews.com.br\/index.php\/2025\/10\/09\/governo-de-mato-grosso-do-sul-abre-portas-e-transforma-vidas-com-qualificacao-profissional-e-emprego\/\" \/>\n<meta property=\"og:locale\" content=\"pt_BR\" \/>\n<meta property=\"og:type\" content=\"article\" \/>\n<meta property=\"og:title\" content=\"Governo de Mato Grosso do Sul abre portas e transforma vidas com qualifica\u00e7\u00e3o profissional e emprego\" \/>\n<meta property=\"og:description\" content=\"Ao comemorar 48 anos, Mato Grosso do Sul conta sua hist\u00f3ria atrav\u00e9s do seu povo e das oportunidades que mudam a vida das pessoas. Muitas vezes o que falta \u00e9 um apoio e qualifica\u00e7\u00e3o profissional, para abrir portas que antes estavam fechadas. Com este foco o Governo do Estado criou dois programas inovadores: Voucher Transportador &hellip;\" \/>\n<meta property=\"og:url\" content=\"https:\/\/mrnews.com.br\/index.php\/2025\/10\/09\/governo-de-mato-grosso-do-sul-abre-portas-e-transforma-vidas-com-qualificacao-profissional-e-emprego\/\" \/>\n<meta property=\"og:site_name\" content=\"MRNews\" \/>\n<meta property=\"article:publisher\" content=\"https:\/\/www.facebook.com\/eaipahpah\/?locale2=pt_BR\" \/>\n<meta property=\"article:published_time\" content=\"2025-10-09T12:34:43+00:00\" \/>\n<meta name=\"author\" content=\"MR News\" \/>\n<meta name=\"twitter:card\" content=\"summary_large_image\" \/>\n<meta name=\"twitter:creator\" content=\"@conspirou\" \/>\n<meta name=\"twitter:site\" content=\"@conspirou\" \/>\n<meta name=\"twitter:label1\" content=\"Escrito por\" \/>\n\t<meta name=\"twitter:data1\" content=\"MR News\" \/>\n\t<meta name=\"twitter:label2\" content=\"Est. tempo de leitura\" \/>\n\t<meta name=\"twitter:data2\" content=\"5 minutos\" \/>\n<script type=\"application\/ld+json\" class=\"yoast-schema-graph\">{\"@context\":\"https:\\\/\\\/schema.org\",\"@graph\":[{\"@type\":\"Article\",\"@id\":\"https:\\\/\\\/mrnews.com.br\\\/index.php\\\/2025\\\/10\\\/09\\\/governo-de-mato-grosso-do-sul-abre-portas-e-transforma-vidas-com-qualificacao-profissional-e-emprego\\\/#article\",\"isPartOf\":{\"@id\":\"https:\\\/\\\/mrnews.com.br\\\/index.php\\\/2025\\\/10\\\/09\\\/governo-de-mato-grosso-do-sul-abre-portas-e-transforma-vidas-com-qualificacao-profissional-e-emprego\\\/\"},\"author\":{\"name\":\"MR News\",\"@id\":\"https:\\\/\\\/mrnews.com.br\\\/#\\\/schema\\\/person\\\/be3203154562a9f207407861cef7827b\"},\"headline\":\"Governo de Mato Grosso do Sul abre portas e transforma vidas com qualifica\u00e7\u00e3o profissional e emprego\",\"datePublished\":\"2025-10-09T12:34:43+00:00\",\"mainEntityOfPage\":{\"@id\":\"https:\\\/\\\/mrnews.com.br\\\/index.php\\\/2025\\\/10\\\/09\\\/governo-de-mato-grosso-do-sul-abre-portas-e-transforma-vidas-com-qualificacao-profissional-e-emprego\\\/\"},\"wordCount\":1092,\"commentCount\":0,\"publisher\":{\"@id\":\"https:\\\/\\\/mrnews.com.br\\\/#organization\"},\"articleSection\":[\"Mato Grosso do Sul\"],\"inLanguage\":\"pt-BR\",\"potentialAction\":[{\"@type\":\"CommentAction\",\"name\":\"Comment\",\"target\":[\"https:\\\/\\\/mrnews.com.br\\\/index.php\\\/2025\\\/10\\\/09\\\/governo-de-mato-grosso-do-sul-abre-portas-e-transforma-vidas-com-qualificacao-profissional-e-emprego\\\/#respond\"]}]},{\"@type\":\"WebPage\",\"@id\":\"https:\\\/\\\/mrnews.com.br\\\/index.php\\\/2025\\\/10\\\/09\\\/governo-de-mato-grosso-do-sul-abre-portas-e-transforma-vidas-com-qualificacao-profissional-e-emprego\\\/\",\"url\":\"https:\\\/\\\/mrnews.com.br\\\/index.php\\\/2025\\\/10\\\/09\\\/governo-de-mato-grosso-do-sul-abre-portas-e-transforma-vidas-com-qualificacao-profissional-e-emprego\\\/\",\"name\":\"Governo de Mato Grosso do Sul abre portas e transforma vidas com qualifica\u00e7\u00e3o profissional e emprego\",\"isPartOf\":{\"@id\":\"https:\\\/\\\/mrnews.com.br\\\/#website\"},\"datePublished\":\"2025-10-09T12:34:43+00:00\",\"breadcrumb\":{\"@id\":\"https:\\\/\\\/mrnews.com.br\\\/index.php\\\/2025\\\/10\\\/09\\\/governo-de-mato-grosso-do-sul-abre-portas-e-transforma-vidas-com-qualificacao-profissional-e-emprego\\\/#breadcrumb\"},\"inLanguage\":\"pt-BR\",\"potentialAction\":[{\"@type\":\"ReadAction\",\"target\":[\"https:\\\/\\\/mrnews.com.br\\\/index.php\\\/2025\\\/10\\\/09\\\/governo-de-mato-grosso-do-sul-abre-portas-e-transforma-vidas-com-qualificacao-profissional-e-emprego\\\/\"]}]},{\"@type\":\"BreadcrumbList\",\"@id\":\"https:\\\/\\\/mrnews.com.br\\\/index.php\\\/2025\\\/10\\\/09\\\/governo-de-mato-grosso-do-sul-abre-portas-e-transforma-vidas-com-qualificacao-profissional-e-emprego\\\/#breadcrumb\",\"itemListElement\":[{\"@type\":\"ListItem\",\"position\":1,\"name\":\"In\u00edcio\",\"item\":\"https:\\\/\\\/mrnews.com.br\\\/\"},{\"@type\":\"ListItem\",\"position\":2,\"name\":\"Governo de Mato Grosso do Sul abre portas e transforma vidas com qualifica\u00e7\u00e3o profissional e emprego\"}]},{\"@type\":\"WebSite\",\"@id\":\"https:\\\/\\\/mrnews.com.br\\\/#website\",\"url\":\"https:\\\/\\\/mrnews.com.br\\\/\",\"name\":\"MRNews\",\"description\":\"MRNews Jogos de hoje da TV, transmiss\u00f5es ao vivo, Not\u00edcias de futebol, Jogos ao vivo, Lives, resumo de novelas, Programa\u00e7\u00e3o da Globo, A Fazenda e BBB\",\"publisher\":{\"@id\":\"https:\\\/\\\/mrnews.com.br\\\/#organization\"},\"potentialAction\":[{\"@type\":\"SearchAction\",\"target\":{\"@type\":\"EntryPoint\",\"urlTemplate\":\"https:\\\/\\\/mrnews.com.br\\\/?s={search_term_string}\"},\"query-input\":{\"@type\":\"PropertyValueSpecification\",\"valueRequired\":true,\"valueName\":\"search_term_string\"}}],\"inLanguage\":\"pt-BR\"},{\"@type\":\"Organization\",\"@id\":\"https:\\\/\\\/mrnews.com.br\\\/#organization\",\"name\":\"MRNews\",\"url\":\"https:\\\/\\\/mrnews.com.br\\\/\",\"logo\":{\"@type\":\"ImageObject\",\"inLanguage\":\"pt-BR\",\"@id\":\"https:\\\/\\\/mrnews.com.br\\\/#\\\/schema\\\/logo\\\/image\\\/\",\"url\":\"https:\\\/\\\/mrnews.com.br\\\/wp-content\\\/uploads\\\/2019\\\/06\\\/MRNewslogo2.png\",\"contentUrl\":\"https:\\\/\\\/mrnews.com.br\\\/wp-content\\\/uploads\\\/2019\\\/06\\\/MRNewslogo2.png\",\"width\":223,\"height\":58,\"caption\":\"MRNews\"},\"image\":{\"@id\":\"https:\\\/\\\/mrnews.com.br\\\/#\\\/schema\\\/logo\\\/image\\\/\"},\"sameAs\":[\"https:\\\/\\\/www.facebook.com\\\/eaipahpah\\\/?locale2=pt_BR\",\"https:\\\/\\\/x.com\\\/conspirou\",\"https:\\\/\\\/www.instagram.com\\\/eai_pahpah\",\"https:\\\/\\\/br.pinterest.com\\\/mrnewsn\\\/boards\\\/\",\"https:\\\/\\\/www.youtube.com\\\/channel\\\/UCacgnpznQ61fifLWr1tQ-vA?view_as=subscriber\"]},{\"@type\":\"Person\",\"@id\":\"https:\\\/\\\/mrnews.com.br\\\/#\\\/schema\\\/person\\\/be3203154562a9f207407861cef7827b\",\"name\":\"MR News\",\"image\":{\"@type\":\"ImageObject\",\"inLanguage\":\"pt-BR\",\"@id\":\"https:\\\/\\\/secure.gravatar.com\\\/avatar\\\/04084e6d73c042b8646e7c17b494073bf0ede3ea13c7105cfc45cbbbc28385a4?s=96&d=monsterid&r=g\",\"url\":\"https:\\\/\\\/secure.gravatar.com\\\/avatar\\\/04084e6d73c042b8646e7c17b494073bf0ede3ea13c7105cfc45cbbbc28385a4?s=96&d=monsterid&r=g\",\"contentUrl\":\"https:\\\/\\\/secure.gravatar.com\\\/avatar\\\/04084e6d73c042b8646e7c17b494073bf0ede3ea13c7105cfc45cbbbc28385a4?s=96&d=monsterid&r=g\",\"caption\":\"MR News\"},\"description\":\"Especializado em jornalismo colaborativo pela FTP em n\u00edvel de p\u00f3s-gradua\u00e7\u00e3o. suporte@oimeliga.combr\",\"sameAs\":[\"HUGO R.\",\"Admin\"],\"url\":\"https:\\\/\\\/mrnews.com.br\\\/index.php\\\/author\\\/admin\\\/\"}]}<\/script>\n<!-- \/ Yoast SEO plugin. -->","yoast_head_json":{"title":"Governo de Mato Grosso do Sul abre portas e transforma vidas com qualifica\u00e7\u00e3o profissional e emprego","robots":{"index":"index","follow":"follow","max-snippet":"max-snippet:-1","max-image-preview":"max-image-preview:large","max-video-preview":"max-video-preview:-1"},"canonical":"https:\/\/mrnews.com.br\/index.php\/2025\/10\/09\/governo-de-mato-grosso-do-sul-abre-portas-e-transforma-vidas-com-qualificacao-profissional-e-emprego\/","og_locale":"pt_BR","og_type":"article","og_title":"Governo de Mato Grosso do Sul abre portas e transforma vidas com qualifica\u00e7\u00e3o profissional e emprego","og_description":"Ao comemorar 48 anos, Mato Grosso do Sul conta sua hist\u00f3ria atrav\u00e9s do seu povo e das oportunidades que mudam a vida das pessoas. Muitas vezes o que falta \u00e9 um apoio e qualifica\u00e7\u00e3o profissional, para abrir portas que antes estavam fechadas. Com este foco o Governo do Estado criou dois programas inovadores: Voucher Transportador &hellip;","og_url":"https:\/\/mrnews.com.br\/index.php\/2025\/10\/09\/governo-de-mato-grosso-do-sul-abre-portas-e-transforma-vidas-com-qualificacao-profissional-e-emprego\/","og_site_name":"MRNews","article_publisher":"https:\/\/www.facebook.com\/eaipahpah\/?locale2=pt_BR","article_published_time":"2025-10-09T12:34:43+00:00","author":"MR News","twitter_card":"summary_large_image","twitter_creator":"@conspirou","twitter_site":"@conspirou","twitter_misc":{"Escrito por":"MR News","Est. tempo de leitura":"5 minutos"},"schema":{"@context":"https:\/\/schema.org","@graph":[{"@type":"Article","@id":"https:\/\/mrnews.com.br\/index.php\/2025\/10\/09\/governo-de-mato-grosso-do-sul-abre-portas-e-transforma-vidas-com-qualificacao-profissional-e-emprego\/#article","isPartOf":{"@id":"https:\/\/mrnews.com.br\/index.php\/2025\/10\/09\/governo-de-mato-grosso-do-sul-abre-portas-e-transforma-vidas-com-qualificacao-profissional-e-emprego\/"},"author":{"name":"MR News","@id":"https:\/\/mrnews.com.br\/#\/schema\/person\/be3203154562a9f207407861cef7827b"},"headline":"Governo de Mato Grosso do Sul abre portas e transforma vidas com qualifica\u00e7\u00e3o profissional e emprego","datePublished":"2025-10-09T12:34:43+00:00","mainEntityOfPage":{"@id":"https:\/\/mrnews.com.br\/index.php\/2025\/10\/09\/governo-de-mato-grosso-do-sul-abre-portas-e-transforma-vidas-com-qualificacao-profissional-e-emprego\/"},"wordCount":1092,"commentCount":0,"publisher":{"@id":"https:\/\/mrnews.com.br\/#organization"},"articleSection":["Mato Grosso do Sul"],"inLanguage":"pt-BR","potentialAction":[{"@type":"CommentAction","name":"Comment","target":["https:\/\/mrnews.com.br\/index.php\/2025\/10\/09\/governo-de-mato-grosso-do-sul-abre-portas-e-transforma-vidas-com-qualificacao-profissional-e-emprego\/#respond"]}]},{"@type":"WebPage","@id":"https:\/\/mrnews.com.br\/index.php\/2025\/10\/09\/governo-de-mato-grosso-do-sul-abre-portas-e-transforma-vidas-com-qualificacao-profissional-e-emprego\/","url":"https:\/\/mrnews.com.br\/index.php\/2025\/10\/09\/governo-de-mato-grosso-do-sul-abre-portas-e-transforma-vidas-com-qualificacao-profissional-e-emprego\/","name":"Governo de Mato Grosso do Sul abre portas e transforma vidas com qualifica\u00e7\u00e3o profissional e emprego","isPartOf":{"@id":"https:\/\/mrnews.com.br\/#website"},"datePublished":"2025-10-09T12:34:43+00:00","breadcrumb":{"@id":"https:\/\/mrnews.com.br\/index.php\/2025\/10\/09\/governo-de-mato-grosso-do-sul-abre-portas-e-transforma-vidas-com-qualificacao-profissional-e-emprego\/#breadcrumb"},"inLanguage":"pt-BR","potentialAction":[{"@type":"ReadAction","target":["https:\/\/mrnews.com.br\/index.php\/2025\/10\/09\/governo-de-mato-grosso-do-sul-abre-portas-e-transforma-vidas-com-qualificacao-profissional-e-emprego\/"]}]},{"@type":"BreadcrumbList","@id":"https:\/\/mrnews.com.br\/index.php\/2025\/10\/09\/governo-de-mato-grosso-do-sul-abre-portas-e-transforma-vidas-com-qualificacao-profissional-e-emprego\/#breadcrumb","itemListElement":[{"@type":"ListItem","position":1,"name":"In\u00edcio","item":"https:\/\/mrnews.com.br\/"},{"@type":"ListItem","position":2,"name":"Governo de Mato Grosso do Sul abre portas e transforma vidas com qualifica\u00e7\u00e3o profissional e emprego"}]},{"@type":"WebSite","@id":"https:\/\/mrnews.com.br\/#website","url":"https:\/\/mrnews.com.br\/","name":"MRNews","description":"MRNews Jogos de hoje da TV, transmiss\u00f5es ao vivo, Not\u00edcias de futebol, Jogos ao vivo, Lives, resumo de novelas, Programa\u00e7\u00e3o da Globo, A Fazenda e BBB","publisher":{"@id":"https:\/\/mrnews.com.br\/#organization"},"potentialAction":[{"@type":"SearchAction","target":{"@type":"EntryPoint","urlTemplate":"https:\/\/mrnews.com.br\/?s={search_term_string}"},"query-input":{"@type":"PropertyValueSpecification","valueRequired":true,"valueName":"search_term_string"}}],"inLanguage":"pt-BR"},{"@type":"Organization","@id":"https:\/\/mrnews.com.br\/#organization","name":"MRNews","url":"https:\/\/mrnews.com.br\/","logo":{"@type":"ImageObject","inLanguage":"pt-BR","@id":"https:\/\/mrnews.com.br\/#\/schema\/logo\/image\/","url":"https:\/\/mrnews.com.br\/wp-content\/uploads\/2019\/06\/MRNewslogo2.png","contentUrl":"https:\/\/mrnews.com.br\/wp-content\/uploads\/2019\/06\/MRNewslogo2.png","width":223,"height":58,"caption":"MRNews"},"image":{"@id":"https:\/\/mrnews.com.br\/#\/schema\/logo\/image\/"},"sameAs":["https:\/\/www.facebook.com\/eaipahpah\/?locale2=pt_BR","https:\/\/x.com\/conspirou","https:\/\/www.instagram.com\/eai_pahpah","https:\/\/br.pinterest.com\/mrnewsn\/boards\/","https:\/\/www.youtube.com\/channel\/UCacgnpznQ61fifLWr1tQ-vA?view_as=subscriber"]},{"@type":"Person","@id":"https:\/\/mrnews.com.br\/#\/schema\/person\/be3203154562a9f207407861cef7827b","name":"MR News","image":{"@type":"ImageObject","inLanguage":"pt-BR","@id":"https:\/\/secure.gravatar.com\/avatar\/04084e6d73c042b8646e7c17b494073bf0ede3ea13c7105cfc45cbbbc28385a4?s=96&d=monsterid&r=g","url":"https:\/\/secure.gravatar.com\/avatar\/04084e6d73c042b8646e7c17b494073bf0ede3ea13c7105cfc45cbbbc28385a4?s=96&d=monsterid&r=g","contentUrl":"https:\/\/secure.gravatar.com\/avatar\/04084e6d73c042b8646e7c17b494073bf0ede3ea13c7105cfc45cbbbc28385a4?s=96&d=monsterid&r=g","caption":"MR News"},"description":"Especializado em jornalismo colaborativo pela FTP em n\u00edvel de p\u00f3s-gradua\u00e7\u00e3o. suporte@oimeliga.combr","sameAs":["HUGO R.","Admin"],"url":"https:\/\/mrnews.com.br\/index.php\/author\/admin\/"}]}},"jetpack_featured_media_url":"","jetpack_sharing_enabled":true,"jetpack_shortlink":"https:\/\/wp.me\/pa2Qf7-1Tcl","amp_enabled":true,"_links":{"self":[{"href":"https:\/\/mrnews.com.br\/index.php\/wp-json\/wp\/v2\/posts\/450513","targetHints":{"allow":["GET"]}}],"collection":[{"href":"https:\/\/mrnews.com.br\/index.php\/wp-json\/wp\/v2\/posts"}],"about":[{"href":"https:\/\/mrnews.com.br\/index.php\/wp-json\/wp\/v2\/types\/post"}],"author":[{"embeddable":true,"href":"https:\/\/mrnews.com.br\/index.php\/wp-json\/wp\/v2\/users\/1"}],"replies":[{"embeddable":true,"href":"https:\/\/mrnews.com.br\/index.php\/wp-json\/wp\/v2\/comments?post=450513"}],"version-history":[{"count":0,"href":"https:\/\/mrnews.com.br\/index.php\/wp-json\/wp\/v2\/posts\/450513\/revisions"}],"wp:attachment":[{"href":"https:\/\/mrnews.com.br\/index.php\/wp-json\/wp\/v2\/media?parent=450513"}],"wp:term":[{"taxonomy":"category","embeddable":true,"href":"https:\/\/mrnews.com.br\/index.php\/wp-json\/wp\/v2\/categories?post=450513"},{"taxonomy":"post_tag","embeddable":true,"href":"https:\/\/mrnews.com.br\/index.php\/wp-json\/wp\/v2\/tags?post=450513"}],"curies":[{"name":"wp","href":"https:\/\/api.w.org\/{rel}","templated":true}]}}