{"id":450649,"date":"2025-10-12T14:54:39","date_gmt":"2025-10-12T17:54:39","guid":{"rendered":"https:\/\/mrnews.com.br\/index.php\/2025\/10\/12\/arcebispo-de-aparecida-pede-que-politicos-eleitos-votem-pelos-pobres\/"},"modified":"2025-10-12T14:54:39","modified_gmt":"2025-10-12T17:54:39","slug":"arcebispo-de-aparecida-pede-que-politicos-eleitos-votem-pelos-pobres","status":"publish","type":"post","link":"https:\/\/mrnews.com.br\/index.php\/2025\/10\/12\/arcebispo-de-aparecida-pede-que-politicos-eleitos-votem-pelos-pobres\/","title":{"rendered":"Arcebispo de Aparecida pede que pol\u00edticos eleitos votem pelos pobres"},"content":{"rendered":"<p>Por EBC, <\/p>\n<div>\n<p><strong>Durante a prega\u00e7\u00e3o deste domingo (12), o arcebispo de Aparecida (SP), Dom Orlando Brandes, pediu\u00a0para que os pol\u00edticos que foram eleitos pelo povo votem por leis que sejam favor\u00e1veis aos pobres<\/strong>. O discurso foi feito durante a missa das 08h da manh\u00e3 no Santu\u00e1rio Nacional de Aparecida (SP), em celebra\u00e7\u00e3o a Nossa Senhora da Aparecida, padroeira do Brasil, cujo dia \u00e9 comemorado sempre em 12 de outubro.<\/p>\n<p>A celebra\u00e7\u00e3o cat\u00f3lica foi acompanhada presencialmente pelo presidente da Rep\u00fablica em exerc\u00edcio Geraldo Alckmin.<\/p>\n<p>&#8220;Para muitos, os pobres s\u00e3o invis\u00edveis, n\u00e3o se v\u00ea, n\u00e3o se tem sensibilidade. Para outros, s\u00e3o criticados, chamados de vagabundos. Para outros, n\u00e3o se importam com os pobres. Que a M\u00e3e Aparecida nos ajude e que os que foram eleitos pelo povo votem em leis favor\u00e1veis ao povo de Deus, favor\u00e1veis aos pobres&#8221;, disse o arcebispo, sendo bastante aplaudido pelo p\u00fablico presente.<\/p>\n<p><strong>Em\u00a0serm\u00e3o, Brandes tamb\u00e9m pediu para que Nossa Senhora Aparecida interceda para diminuir as desigualdades do pa\u00eds.<\/strong> &#8220;Vamos pedir duas esperan\u00e7as para o povo brasileiro. Primeiro, a diminui\u00e7\u00e3o da pobreza. Quando diminui a pobreza, n\u00f3s vamos experimentando o que \u00e9 a paz, o que \u00e9 a\u00a0conviv\u00eancia e o que \u00e9 vida. A segunda esperan\u00e7a \u00e9 que diminuam as desigualdades sociais, que s\u00e3o muitas, mas \u00e9 poss\u00edvel diminu\u00ed-las&#8221;, disse Brandes.<\/p>\n<p><strong>Durante a homilia, o arcebispo tamb\u00e9m pediu\u00a0que os cat\u00f3licos quebrem \u201cas correntes das ideologias\u201d.<\/strong><\/p>\n<p>\u201cEu tenho correntes que me amarram. Voc\u00ea tamb\u00e9m tem correntes, se for sincero. Vamos quebrar as correntes das ideologias, do mal, do \u00e1lcool, das drogas e de tantas outras correntes\u201d, convocou.<\/p>\n<h2>Roma<\/h2>\n<p>Amanh\u00e3 (13), o presidente Luiz In\u00e1cio Lula da Silva ser\u00e1 recebido pelo Papa Le\u00e3o XIV, no Vaticano. A informa\u00e7\u00e3o \u00e9 da Sala de Imprensa da Santa S\u00e9. Lula viajou ontem (11) para Roma para participar da Semana Mundial da Alimenta\u00e7\u00e3o da Organiza\u00e7\u00e3o das Na\u00e7\u00f5es Unidas para Alimenta\u00e7\u00e3o e Agricultura (FAO) e de uma s\u00e9rie de encontros relacionados \u00e0 Alian\u00e7a Global contra a Fome e a Pobreza.<\/p>\n<p>Em entrevista ap\u00f3s a missa, Alckmin falou sobre a viagem de Lula.<\/p>\n<blockquote>\n<p>&#8220;Acho que este ser\u00e1 um encontro importante para a paz, para a diminui\u00e7\u00e3o da pobreza no mundo e erradica\u00e7\u00e3o da fome.&#8221;<\/p>\n<\/blockquote>\n<p>Questionado sobre o serm\u00e3o feito hoje pelo arcebispo, Alckmin disse, depois de citar um vers\u00edculo da B\u00edblia, que &#8220;\u00e9 preciso olhar para aqueles que sofrem&#8221;.\u00a0<\/p>\n<p>&#8220;Acho que n\u00f3s avan\u00e7amos. Diminu\u00edmos a pobreza, sa\u00edmos do Mapa da Fome. Mas essa \u00e9 uma tarefa que nunca vai terminar. \u00c9 importante cada dia avan\u00e7armos mais no sentido de melhorarmos a qualidade de vida da nossa popula\u00e7\u00e3o&#8221;, disse.\u00a0<\/p>\n<h2>Dia da Padroeira<\/h2>\n<p>A celebra\u00e7\u00e3o do dia da padroeira do Brasil \u00e9 um dos momentos mais festejados pelos cat\u00f3licos brasileiros. Neste ano, de acordo com um levantamento feito pelo Centro de Intelig\u00eancia da Economia do Turismo (CIET), ligado \u00e0 Secretaria de Turismo e Viagens do Estado de S\u00e3o Paulo (Setur-SP), eram esperados 450 mil visitantes durante a Festa da Padroeira,\u00a0realizado no Santu\u00e1rio Nacional, em Aparecida, interior paulista. Desse total, disse o arcebispo, cerca de 40 mil pessoas s\u00e3o romeiros, pessoas que viajam at\u00e9 l\u00e1, geralmente \u00e0 p\u00e9, para cumprir uma promessa, agradecer ou pedir uma gra\u00e7a. \u201cCom p\u00e9s machucados, eles n\u00e3o perderam a esperan\u00e7a e chegaram\u201d, afirmou Brandes.<\/p>\n<p>A secretaria de turismo estima que a Festa da Padroeira, em Aparecida, deve gerar R$ 168,8 milh\u00f5es em movimenta\u00e7\u00e3o financeira direta.<\/p>\n<p>      <!-- Relacionada --><\/p>\n<p>            <!-- Relacionada -->\n    <\/div>\n","protected":false},"excerpt":{"rendered":"<p>Por EBC, Durante a prega\u00e7\u00e3o deste domingo (12), o arcebispo de Aparecida (SP), Dom Orlando Brandes, pediu\u00a0para que os pol\u00edticos que foram eleitos pelo povo votem por leis que sejam favor\u00e1veis aos pobres. O discurso foi feito durante a missa das 08h da manh\u00e3 no Santu\u00e1rio Nacional de Aparecida (SP), em celebra\u00e7\u00e3o a Nossa Senhora &hellip;<\/p>\n","protected":false},"author":1,"featured_media":0,"comment_status":"open","ping_status":"open","sticky":false,"template":"","format":"standard","meta":{"_jetpack_memberships_contains_paid_content":false,"footnotes":""},"categories":[2,12225,4],"tags":[],"class_list":["post-450649","post","type-post","status-publish","format-standard","hentry","category-entretenimento","category-noticias","category-servicos"],"yoast_head":"<!-- This site is optimized with the Yoast SEO plugin v27.4 - https:\/\/yoast.com\/product\/yoast-seo-wordpress\/ -->\n<title>Arcebispo de Aparecida pede que pol\u00edticos eleitos votem pelos pobres<\/title>\n<meta name=\"robots\" content=\"index, follow, max-snippet:-1, max-image-preview:large, max-video-preview:-1\" \/>\n<link rel=\"canonical\" href=\"https:\/\/mrnews.com.br\/index.php\/2025\/10\/12\/arcebispo-de-aparecida-pede-que-politicos-eleitos-votem-pelos-pobres\/\" \/>\n<meta property=\"og:locale\" content=\"pt_BR\" \/>\n<meta property=\"og:type\" content=\"article\" \/>\n<meta property=\"og:title\" content=\"Arcebispo de Aparecida pede que pol\u00edticos eleitos votem pelos pobres\" \/>\n<meta property=\"og:description\" content=\"Por EBC, Durante a prega\u00e7\u00e3o deste domingo (12), o arcebispo de Aparecida (SP), Dom Orlando Brandes, pediu\u00a0para que os pol\u00edticos que foram eleitos pelo povo votem por leis que sejam favor\u00e1veis aos pobres. O discurso foi feito durante a missa das 08h da manh\u00e3 no Santu\u00e1rio Nacional de Aparecida (SP), em celebra\u00e7\u00e3o a Nossa Senhora &hellip;\" \/>\n<meta property=\"og:url\" content=\"https:\/\/mrnews.com.br\/index.php\/2025\/10\/12\/arcebispo-de-aparecida-pede-que-politicos-eleitos-votem-pelos-pobres\/\" \/>\n<meta property=\"og:site_name\" content=\"MRNews\" \/>\n<meta property=\"article:publisher\" content=\"https:\/\/www.facebook.com\/eaipahpah\/?locale2=pt_BR\" \/>\n<meta property=\"article:published_time\" content=\"2025-10-12T17:54:39+00:00\" \/>\n<meta name=\"author\" content=\"MR News\" \/>\n<meta name=\"twitter:card\" content=\"summary_large_image\" \/>\n<meta name=\"twitter:creator\" content=\"@conspirou\" \/>\n<meta name=\"twitter:site\" content=\"@conspirou\" \/>\n<meta name=\"twitter:label1\" content=\"Escrito por\" \/>\n\t<meta name=\"twitter:data1\" content=\"MR News\" \/>\n\t<meta name=\"twitter:label2\" content=\"Est. tempo de leitura\" \/>\n\t<meta name=\"twitter:data2\" content=\"3 minutos\" \/>\n<script type=\"application\/ld+json\" class=\"yoast-schema-graph\">{\"@context\":\"https:\\\/\\\/schema.org\",\"@graph\":[{\"@type\":\"Article\",\"@id\":\"https:\\\/\\\/mrnews.com.br\\\/index.php\\\/2025\\\/10\\\/12\\\/arcebispo-de-aparecida-pede-que-politicos-eleitos-votem-pelos-pobres\\\/#article\",\"isPartOf\":{\"@id\":\"https:\\\/\\\/mrnews.com.br\\\/index.php\\\/2025\\\/10\\\/12\\\/arcebispo-de-aparecida-pede-que-politicos-eleitos-votem-pelos-pobres\\\/\"},\"author\":{\"name\":\"MR News\",\"@id\":\"https:\\\/\\\/mrnews.com.br\\\/#\\\/schema\\\/person\\\/be3203154562a9f207407861cef7827b\"},\"headline\":\"Arcebispo de Aparecida pede que pol\u00edticos eleitos votem pelos pobres\",\"datePublished\":\"2025-10-12T17:54:39+00:00\",\"mainEntityOfPage\":{\"@id\":\"https:\\\/\\\/mrnews.com.br\\\/index.php\\\/2025\\\/10\\\/12\\\/arcebispo-de-aparecida-pede-que-politicos-eleitos-votem-pelos-pobres\\\/\"},\"wordCount\":612,\"commentCount\":0,\"publisher\":{\"@id\":\"https:\\\/\\\/mrnews.com.br\\\/#organization\"},\"articleSection\":[\"ENTRETENIMENTO\",\"NOTICIAS\",\"SERVI\u00c7OS\"],\"inLanguage\":\"pt-BR\",\"potentialAction\":[{\"@type\":\"CommentAction\",\"name\":\"Comment\",\"target\":[\"https:\\\/\\\/mrnews.com.br\\\/index.php\\\/2025\\\/10\\\/12\\\/arcebispo-de-aparecida-pede-que-politicos-eleitos-votem-pelos-pobres\\\/#respond\"]}]},{\"@type\":\"WebPage\",\"@id\":\"https:\\\/\\\/mrnews.com.br\\\/index.php\\\/2025\\\/10\\\/12\\\/arcebispo-de-aparecida-pede-que-politicos-eleitos-votem-pelos-pobres\\\/\",\"url\":\"https:\\\/\\\/mrnews.com.br\\\/index.php\\\/2025\\\/10\\\/12\\\/arcebispo-de-aparecida-pede-que-politicos-eleitos-votem-pelos-pobres\\\/\",\"name\":\"Arcebispo de Aparecida pede que pol\u00edticos eleitos votem pelos pobres\",\"isPartOf\":{\"@id\":\"https:\\\/\\\/mrnews.com.br\\\/#website\"},\"datePublished\":\"2025-10-12T17:54:39+00:00\",\"breadcrumb\":{\"@id\":\"https:\\\/\\\/mrnews.com.br\\\/index.php\\\/2025\\\/10\\\/12\\\/arcebispo-de-aparecida-pede-que-politicos-eleitos-votem-pelos-pobres\\\/#breadcrumb\"},\"inLanguage\":\"pt-BR\",\"potentialAction\":[{\"@type\":\"ReadAction\",\"target\":[\"https:\\\/\\\/mrnews.com.br\\\/index.php\\\/2025\\\/10\\\/12\\\/arcebispo-de-aparecida-pede-que-politicos-eleitos-votem-pelos-pobres\\\/\"]}]},{\"@type\":\"BreadcrumbList\",\"@id\":\"https:\\\/\\\/mrnews.com.br\\\/index.php\\\/2025\\\/10\\\/12\\\/arcebispo-de-aparecida-pede-que-politicos-eleitos-votem-pelos-pobres\\\/#breadcrumb\",\"itemListElement\":[{\"@type\":\"ListItem\",\"position\":1,\"name\":\"In\u00edcio\",\"item\":\"https:\\\/\\\/mrnews.com.br\\\/\"},{\"@type\":\"ListItem\",\"position\":2,\"name\":\"Arcebispo de Aparecida pede que pol\u00edticos eleitos votem pelos pobres\"}]},{\"@type\":\"WebSite\",\"@id\":\"https:\\\/\\\/mrnews.com.br\\\/#website\",\"url\":\"https:\\\/\\\/mrnews.com.br\\\/\",\"name\":\"MRNews\",\"description\":\"MRNews Jogos de hoje da TV, transmiss\u00f5es ao vivo, Not\u00edcias de futebol, Jogos ao vivo, Lives, resumo de novelas, Programa\u00e7\u00e3o da Globo, A Fazenda e BBB\",\"publisher\":{\"@id\":\"https:\\\/\\\/mrnews.com.br\\\/#organization\"},\"potentialAction\":[{\"@type\":\"SearchAction\",\"target\":{\"@type\":\"EntryPoint\",\"urlTemplate\":\"https:\\\/\\\/mrnews.com.br\\\/?s={search_term_string}\"},\"query-input\":{\"@type\":\"PropertyValueSpecification\",\"valueRequired\":true,\"valueName\":\"search_term_string\"}}],\"inLanguage\":\"pt-BR\"},{\"@type\":\"Organization\",\"@id\":\"https:\\\/\\\/mrnews.com.br\\\/#organization\",\"name\":\"MRNews\",\"url\":\"https:\\\/\\\/mrnews.com.br\\\/\",\"logo\":{\"@type\":\"ImageObject\",\"inLanguage\":\"pt-BR\",\"@id\":\"https:\\\/\\\/mrnews.com.br\\\/#\\\/schema\\\/logo\\\/image\\\/\",\"url\":\"https:\\\/\\\/mrnews.com.br\\\/wp-content\\\/uploads\\\/2019\\\/06\\\/MRNewslogo2.png\",\"contentUrl\":\"https:\\\/\\\/mrnews.com.br\\\/wp-content\\\/uploads\\\/2019\\\/06\\\/MRNewslogo2.png\",\"width\":223,\"height\":58,\"caption\":\"MRNews\"},\"image\":{\"@id\":\"https:\\\/\\\/mrnews.com.br\\\/#\\\/schema\\\/logo\\\/image\\\/\"},\"sameAs\":[\"https:\\\/\\\/www.facebook.com\\\/eaipahpah\\\/?locale2=pt_BR\",\"https:\\\/\\\/x.com\\\/conspirou\",\"https:\\\/\\\/www.instagram.com\\\/eai_pahpah\",\"https:\\\/\\\/br.pinterest.com\\\/mrnewsn\\\/boards\\\/\",\"https:\\\/\\\/www.youtube.com\\\/channel\\\/UCacgnpznQ61fifLWr1tQ-vA?view_as=subscriber\"]},{\"@type\":\"Person\",\"@id\":\"https:\\\/\\\/mrnews.com.br\\\/#\\\/schema\\\/person\\\/be3203154562a9f207407861cef7827b\",\"name\":\"MR News\",\"image\":{\"@type\":\"ImageObject\",\"inLanguage\":\"pt-BR\",\"@id\":\"https:\\\/\\\/secure.gravatar.com\\\/avatar\\\/04084e6d73c042b8646e7c17b494073bf0ede3ea13c7105cfc45cbbbc28385a4?s=96&d=monsterid&r=g\",\"url\":\"https:\\\/\\\/secure.gravatar.com\\\/avatar\\\/04084e6d73c042b8646e7c17b494073bf0ede3ea13c7105cfc45cbbbc28385a4?s=96&d=monsterid&r=g\",\"contentUrl\":\"https:\\\/\\\/secure.gravatar.com\\\/avatar\\\/04084e6d73c042b8646e7c17b494073bf0ede3ea13c7105cfc45cbbbc28385a4?s=96&d=monsterid&r=g\",\"caption\":\"MR News\"},\"description\":\"Especializado em jornalismo colaborativo pela FTP em n\u00edvel de p\u00f3s-gradua\u00e7\u00e3o. suporte@oimeliga.combr\",\"sameAs\":[\"HUGO R.\",\"Admin\"],\"url\":\"https:\\\/\\\/mrnews.com.br\\\/index.php\\\/author\\\/admin\\\/\"}]}<\/script>\n<!-- \/ Yoast SEO plugin. -->","yoast_head_json":{"title":"Arcebispo de Aparecida pede que pol\u00edticos eleitos votem pelos pobres","robots":{"index":"index","follow":"follow","max-snippet":"max-snippet:-1","max-image-preview":"max-image-preview:large","max-video-preview":"max-video-preview:-1"},"canonical":"https:\/\/mrnews.com.br\/index.php\/2025\/10\/12\/arcebispo-de-aparecida-pede-que-politicos-eleitos-votem-pelos-pobres\/","og_locale":"pt_BR","og_type":"article","og_title":"Arcebispo de Aparecida pede que pol\u00edticos eleitos votem pelos pobres","og_description":"Por EBC, Durante a prega\u00e7\u00e3o deste domingo (12), o arcebispo de Aparecida (SP), Dom Orlando Brandes, pediu\u00a0para que os pol\u00edticos que foram eleitos pelo povo votem por leis que sejam favor\u00e1veis aos pobres. O discurso foi feito durante a missa das 08h da manh\u00e3 no Santu\u00e1rio Nacional de Aparecida (SP), em celebra\u00e7\u00e3o a Nossa Senhora &hellip;","og_url":"https:\/\/mrnews.com.br\/index.php\/2025\/10\/12\/arcebispo-de-aparecida-pede-que-politicos-eleitos-votem-pelos-pobres\/","og_site_name":"MRNews","article_publisher":"https:\/\/www.facebook.com\/eaipahpah\/?locale2=pt_BR","article_published_time":"2025-10-12T17:54:39+00:00","author":"MR News","twitter_card":"summary_large_image","twitter_creator":"@conspirou","twitter_site":"@conspirou","twitter_misc":{"Escrito por":"MR News","Est. tempo de leitura":"3 minutos"},"schema":{"@context":"https:\/\/schema.org","@graph":[{"@type":"Article","@id":"https:\/\/mrnews.com.br\/index.php\/2025\/10\/12\/arcebispo-de-aparecida-pede-que-politicos-eleitos-votem-pelos-pobres\/#article","isPartOf":{"@id":"https:\/\/mrnews.com.br\/index.php\/2025\/10\/12\/arcebispo-de-aparecida-pede-que-politicos-eleitos-votem-pelos-pobres\/"},"author":{"name":"MR News","@id":"https:\/\/mrnews.com.br\/#\/schema\/person\/be3203154562a9f207407861cef7827b"},"headline":"Arcebispo de Aparecida pede que pol\u00edticos eleitos votem pelos pobres","datePublished":"2025-10-12T17:54:39+00:00","mainEntityOfPage":{"@id":"https:\/\/mrnews.com.br\/index.php\/2025\/10\/12\/arcebispo-de-aparecida-pede-que-politicos-eleitos-votem-pelos-pobres\/"},"wordCount":612,"commentCount":0,"publisher":{"@id":"https:\/\/mrnews.com.br\/#organization"},"articleSection":["ENTRETENIMENTO","NOTICIAS","SERVI\u00c7OS"],"inLanguage":"pt-BR","potentialAction":[{"@type":"CommentAction","name":"Comment","target":["https:\/\/mrnews.com.br\/index.php\/2025\/10\/12\/arcebispo-de-aparecida-pede-que-politicos-eleitos-votem-pelos-pobres\/#respond"]}]},{"@type":"WebPage","@id":"https:\/\/mrnews.com.br\/index.php\/2025\/10\/12\/arcebispo-de-aparecida-pede-que-politicos-eleitos-votem-pelos-pobres\/","url":"https:\/\/mrnews.com.br\/index.php\/2025\/10\/12\/arcebispo-de-aparecida-pede-que-politicos-eleitos-votem-pelos-pobres\/","name":"Arcebispo de Aparecida pede que pol\u00edticos eleitos votem pelos pobres","isPartOf":{"@id":"https:\/\/mrnews.com.br\/#website"},"datePublished":"2025-10-12T17:54:39+00:00","breadcrumb":{"@id":"https:\/\/mrnews.com.br\/index.php\/2025\/10\/12\/arcebispo-de-aparecida-pede-que-politicos-eleitos-votem-pelos-pobres\/#breadcrumb"},"inLanguage":"pt-BR","potentialAction":[{"@type":"ReadAction","target":["https:\/\/mrnews.com.br\/index.php\/2025\/10\/12\/arcebispo-de-aparecida-pede-que-politicos-eleitos-votem-pelos-pobres\/"]}]},{"@type":"BreadcrumbList","@id":"https:\/\/mrnews.com.br\/index.php\/2025\/10\/12\/arcebispo-de-aparecida-pede-que-politicos-eleitos-votem-pelos-pobres\/#breadcrumb","itemListElement":[{"@type":"ListItem","position":1,"name":"In\u00edcio","item":"https:\/\/mrnews.com.br\/"},{"@type":"ListItem","position":2,"name":"Arcebispo de Aparecida pede que pol\u00edticos eleitos votem pelos pobres"}]},{"@type":"WebSite","@id":"https:\/\/mrnews.com.br\/#website","url":"https:\/\/mrnews.com.br\/","name":"MRNews","description":"MRNews Jogos de hoje da TV, transmiss\u00f5es ao vivo, Not\u00edcias de futebol, Jogos ao vivo, Lives, resumo de novelas, Programa\u00e7\u00e3o da Globo, A Fazenda e BBB","publisher":{"@id":"https:\/\/mrnews.com.br\/#organization"},"potentialAction":[{"@type":"SearchAction","target":{"@type":"EntryPoint","urlTemplate":"https:\/\/mrnews.com.br\/?s={search_term_string}"},"query-input":{"@type":"PropertyValueSpecification","valueRequired":true,"valueName":"search_term_string"}}],"inLanguage":"pt-BR"},{"@type":"Organization","@id":"https:\/\/mrnews.com.br\/#organization","name":"MRNews","url":"https:\/\/mrnews.com.br\/","logo":{"@type":"ImageObject","inLanguage":"pt-BR","@id":"https:\/\/mrnews.com.br\/#\/schema\/logo\/image\/","url":"https:\/\/mrnews.com.br\/wp-content\/uploads\/2019\/06\/MRNewslogo2.png","contentUrl":"https:\/\/mrnews.com.br\/wp-content\/uploads\/2019\/06\/MRNewslogo2.png","width":223,"height":58,"caption":"MRNews"},"image":{"@id":"https:\/\/mrnews.com.br\/#\/schema\/logo\/image\/"},"sameAs":["https:\/\/www.facebook.com\/eaipahpah\/?locale2=pt_BR","https:\/\/x.com\/conspirou","https:\/\/www.instagram.com\/eai_pahpah","https:\/\/br.pinterest.com\/mrnewsn\/boards\/","https:\/\/www.youtube.com\/channel\/UCacgnpznQ61fifLWr1tQ-vA?view_as=subscriber"]},{"@type":"Person","@id":"https:\/\/mrnews.com.br\/#\/schema\/person\/be3203154562a9f207407861cef7827b","name":"MR News","image":{"@type":"ImageObject","inLanguage":"pt-BR","@id":"https:\/\/secure.gravatar.com\/avatar\/04084e6d73c042b8646e7c17b494073bf0ede3ea13c7105cfc45cbbbc28385a4?s=96&d=monsterid&r=g","url":"https:\/\/secure.gravatar.com\/avatar\/04084e6d73c042b8646e7c17b494073bf0ede3ea13c7105cfc45cbbbc28385a4?s=96&d=monsterid&r=g","contentUrl":"https:\/\/secure.gravatar.com\/avatar\/04084e6d73c042b8646e7c17b494073bf0ede3ea13c7105cfc45cbbbc28385a4?s=96&d=monsterid&r=g","caption":"MR News"},"description":"Especializado em jornalismo colaborativo pela FTP em n\u00edvel de p\u00f3s-gradua\u00e7\u00e3o. suporte@oimeliga.combr","sameAs":["HUGO R.","Admin"],"url":"https:\/\/mrnews.com.br\/index.php\/author\/admin\/"}]}},"jetpack_featured_media_url":"","jetpack_sharing_enabled":true,"jetpack_shortlink":"https:\/\/wp.me\/pa2Qf7-1Tex","amp_enabled":true,"_links":{"self":[{"href":"https:\/\/mrnews.com.br\/index.php\/wp-json\/wp\/v2\/posts\/450649","targetHints":{"allow":["GET"]}}],"collection":[{"href":"https:\/\/mrnews.com.br\/index.php\/wp-json\/wp\/v2\/posts"}],"about":[{"href":"https:\/\/mrnews.com.br\/index.php\/wp-json\/wp\/v2\/types\/post"}],"author":[{"embeddable":true,"href":"https:\/\/mrnews.com.br\/index.php\/wp-json\/wp\/v2\/users\/1"}],"replies":[{"embeddable":true,"href":"https:\/\/mrnews.com.br\/index.php\/wp-json\/wp\/v2\/comments?post=450649"}],"version-history":[{"count":0,"href":"https:\/\/mrnews.com.br\/index.php\/wp-json\/wp\/v2\/posts\/450649\/revisions"}],"wp:attachment":[{"href":"https:\/\/mrnews.com.br\/index.php\/wp-json\/wp\/v2\/media?parent=450649"}],"wp:term":[{"taxonomy":"category","embeddable":true,"href":"https:\/\/mrnews.com.br\/index.php\/wp-json\/wp\/v2\/categories?post=450649"},{"taxonomy":"post_tag","embeddable":true,"href":"https:\/\/mrnews.com.br\/index.php\/wp-json\/wp\/v2\/tags?post=450649"}],"curies":[{"name":"wp","href":"https:\/\/api.w.org\/{rel}","templated":true}]}}