{"id":450668,"date":"2025-10-13T05:04:41","date_gmt":"2025-10-13T08:04:41","guid":{"rendered":"https:\/\/mrnews.com.br\/index.php\/2025\/10\/13\/ms-celebra-48-anos-de-historia-com-uma-trajetoria-marcada-por-grandes-conquistas-no-esporte\/"},"modified":"2025-10-13T05:04:41","modified_gmt":"2025-10-13T08:04:41","slug":"ms-celebra-48-anos-de-historia-com-uma-trajetoria-marcada-por-grandes-conquistas-no-esporte","status":"publish","type":"post","link":"https:\/\/mrnews.com.br\/index.php\/2025\/10\/13\/ms-celebra-48-anos-de-historia-com-uma-trajetoria-marcada-por-grandes-conquistas-no-esporte\/","title":{"rendered":"MS celebra 48 anos de hist\u00f3ria com uma trajet\u00f3ria marcada por grandes conquistas no esporte"},"content":{"rendered":"<p><\/p>\n<div>\n<p><span style=\"font-weight: 400;\">Neste 11 de outubro Mato Grosso do Sul celebra 48 anos de sua cria\u00e7\u00e3o, marcada por uma hist\u00f3ria rica em cultura, diversidade e grandes conquistas no esporte.<\/span><span style=\"font-weight: 400;\"> Nas quadras, nos campos e nos tatames, atletas sul-mato-grossenses ajudaram a construir uma trajet\u00f3ria de orgulho e dedica\u00e7\u00e3o.<\/span><\/p>\n<p><span style=\"font-weight: 400;\">Nesta data, escolhemos relembrar dois nomes que representam n\u00e3o apenas seus feitos individuais, mas tamb\u00e9m a hist\u00f3ria de tantos outros atletas que levaram o nome de Mato Grosso do Sul para al\u00e9m de suas fronteiras: o jogador de basquete Joelcio Joerke, o Janj\u00e3o, e o judoca Reinaldo Martins Amaral Filho.<\/span><\/p>\n<p><span style=\"font-weight: 400;\">Entre os nomes que ajudaram a escrever a hist\u00f3ria do esporte sul-mato-grossense est\u00e1 Joelcio Joerke, mais conhecido como Janj\u00e3o, de 53 anos, natural de Campo Grande. Formado em Educa\u00e7\u00e3o F\u00edsica e Administra\u00e7\u00e3o, iniciou cedo sua trajet\u00f3ria no basquetebol. Aos 16 anos, deixou a Capital rumo \u00e0 Franca, no interior paulista, para seguir o sonho de ser jogador de basquete, decis\u00e3o que o colocaria entre os principais atletas da modalidade no pa\u00eds.<\/span><\/p>\n<div id=\"gallery-1\" class=\"gallery galleryid-523920 gallery-columns-2 gallery-size-large\">\n<figure class=\"gallery-item\">\n<div class=\"gallery-icon landscape\"><\/div>\n<\/figure>\n<figure class=\"gallery-item\">\n<div class=\"gallery-icon landscape\"><\/div>\n<\/figure><\/div>\n<p><span style=\"font-weight: 400;\">Joelcio integrou todas as sele\u00e7\u00f5es brasileiras de base e, mais tarde, defendeu a Sele\u00e7\u00e3o Brasileira Adulta por uma d\u00e9cada. Representou o Brasil em torneios internacionais, como os Mundiais de 1994 (Canad\u00e1) e 1998 (Gr\u00e9cia), al\u00e9m dos Jogos Ol\u00edmpicos de Atlanta, em 1996.<\/span><\/p>\n<p><span style=\"font-weight: 400;\">No exterior, atuou por tr\u00eas temporadas na It\u00e1lia, onde conquistou a Copa It\u00e1lia pelo Snaidero Udine. No Brasil, colecionou t\u00edtulos expressivos: campe\u00e3o brasileiro adulto em cinco oportunidades, tr\u00eas por Franca, al\u00e9m de conquistas pelo Vasco da Gama e por Uberl\u00e2ndia. Foi tamb\u00e9m tricampe\u00e3o sul-americano, tricampe\u00e3o paulista e campe\u00e3o carioca, goiano e mineiro. Um dos momentos mais marcantes de sua carreira foi o vice-campeonato mundial com o Vasco da Gama.<\/span><\/p>\n<p><span style=\"font-weight: 400;\">Quando questionado sobre sua maior conquista, Janj\u00e3o recorda com emo\u00e7\u00e3o.<\/span><\/p>\n<p><span style=\"font-weight: 400;\">\u201cN\u00e3o \u00e9 uma conquista particular, mas acho que a maior da minha carreira foi ter jogado a Olimp\u00edada de 96. Foi o meu \u00e1pice como jogador, o momento em que pude contemplar o sucesso de todo o esfor\u00e7o, o sacrif\u00edcio de sair cedo de casa e ficar longe da fam\u00edlia. Foi a certeza de que tudo valeu a pena. E ainda foi a \u00faltima Olimp\u00edada do Oscar Schmidt, o que tornou tudo ainda mais especial\u201d.<\/span><\/p>\n<p><span style=\"font-weight: 400;\">Sobre os desafios, ele lembra. \u201cTodo ano o desafio se renovava. Cada temporada trazia um novo campeonato, uma nova equipe, um novo objetivo. O intuito era sempre o mesmo: colocar o clube em evid\u00eancia e, por consequ\u00eancia, crescer como atleta\u201d.<\/span><\/p>\n<p><span style=\"font-weight: 400;\">Ap\u00f3s encerrar sua carreira em 2009, Joelcio retornou a Campo Grande. Hoje, atua como administrador e segue contribuindo com o desenvolvimento do basquete no Estado, promovendo cl\u00ednicas e eventos. Mais do que um \u00edcone do passado, tornou-se um agente ativo na forma\u00e7\u00e3o de novas gera\u00e7\u00f5es.<\/span><\/p>\n<p><b>A for\u00e7a do jud\u00f4 sul-mato-grossense<\/b><\/p>\n<p><span style=\"font-weight: 400;\">O esporte sul-mato-grossense \u00e9 tamb\u00e9m marcado por conquistas no jud\u00f4, modalidade que carrega tradi\u00e7\u00e3o no estado. Entre os nomes que ajudaram a consolidar essa hist\u00f3ria est\u00e1 o judoca Reinaldo Martins Amaral Filho, de 58 anos, que relata ter o jud\u00f4 como parte essencial de sua vida.<\/span><\/p>\n<p><span style=\"font-weight: 400;\">\u201cN\u00f3s vemos o irm\u00e3o mais velho fazendo as coisas e quer seguir o mesmo caminho. Meu irm\u00e3o praticava jud\u00f4, e eu ia com ele assistir, porque achava bonito. Em poucas semanas, comecei a treinar e logo me destaquei. Aquilo entrou no sangue, e desde ent\u00e3o nunca mais parei. Quando comecei a trabalhar no Estado, na pol\u00edcia, passei a dar aulas de jud\u00f4 e a formar policiais em todo o Mato Grosso do Sul. A principal postura de um judoca est\u00e1 ligada aos princ\u00edpios de hierarquia e disciplina\u201d.<\/span><\/p>\n<p><span style=\"font-weight: 400;\">Reinaldo iniciou na modalidade ainda antes da divis\u00e3o do Estado, por volta de 1974, no Jud\u00f4 Clube do Sesi. Desde ent\u00e3o, construiu uma trajet\u00f3ria marcada por t\u00edtulos e dedica\u00e7\u00e3o, com conquistas nacionais e reconhecimento pelo empenho dentro e fora dos tatames.<\/span><\/p>\n<p><span style=\"font-weight: 400;\">Ele lembra com gratid\u00e3o. \u201cCom o tempo, fui forjado pelos valores do jud\u00f4. Disputei v\u00e1rios campeonatos, conquistei medalhas em n\u00edvel nacional e vivi momentos de imensa alegria. Para um jovem do Estado, sem muito curr\u00edculo e sem for\u00e7a nacional, ser campe\u00e3o brasileiro era quase inacredit\u00e1vel\u201d, relembrou.<\/span><\/p>\n<p><span style=\"font-weight: 400;\">As hist\u00f3rias de Janj\u00e3o e Reinaldo s\u00e3o apenas duas entre tantas que comp\u00f5em o mosaico de conquistas do Mato Grosso do Sul. Elas representam o esfor\u00e7o, o talento e a determina\u00e7\u00e3o de uma terra que, a cada anivers\u00e1rio, reafirma seu compromisso com o futuro sem esquecer de honrar quem pavimentou o caminho com suor, coragem e amor pelo esporte.<\/span><\/p>\n<p><i><span style=\"font-weight: 400;\">Bel Manvailer, Comunica\u00e7\u00e3o Setesc<\/span><\/i><i><span style=\"font-weight: 400;\"><br \/><\/span><\/i><i><span style=\"font-weight: 400;\">Fotos: arquivo\/ Fundesporte<\/span><\/i><\/p>\n<\/div>\n","protected":false},"excerpt":{"rendered":"<p>Neste 11 de outubro Mato Grosso do Sul celebra 48 anos de sua cria\u00e7\u00e3o, marcada por uma hist\u00f3ria rica em cultura, diversidade e grandes conquistas no esporte. Nas quadras, nos campos e nos tatames, atletas sul-mato-grossenses ajudaram a construir uma trajet\u00f3ria de orgulho e dedica\u00e7\u00e3o. Nesta data, escolhemos relembrar dois nomes que representam n\u00e3o apenas &hellip;<\/p>\n","protected":false},"author":1,"featured_media":0,"comment_status":"open","ping_status":"open","sticky":false,"template":"","format":"standard","meta":{"_jetpack_memberships_contains_paid_content":false,"footnotes":""},"categories":[12410],"tags":[],"class_list":["post-450668","post","type-post","status-publish","format-standard","hentry","category-ms"],"yoast_head":"<!-- This site is optimized with the Yoast SEO plugin v27.4 - https:\/\/yoast.com\/product\/yoast-seo-wordpress\/ -->\n<title>MS celebra 48 anos de hist\u00f3ria com uma trajet\u00f3ria marcada por grandes conquistas no esporte<\/title>\n<meta name=\"robots\" content=\"index, follow, max-snippet:-1, max-image-preview:large, max-video-preview:-1\" \/>\n<link rel=\"canonical\" href=\"https:\/\/mrnews.com.br\/index.php\/2025\/10\/13\/ms-celebra-48-anos-de-historia-com-uma-trajetoria-marcada-por-grandes-conquistas-no-esporte\/\" \/>\n<meta property=\"og:locale\" content=\"pt_BR\" \/>\n<meta property=\"og:type\" content=\"article\" \/>\n<meta property=\"og:title\" content=\"MS celebra 48 anos de hist\u00f3ria com uma trajet\u00f3ria marcada por grandes conquistas no esporte\" \/>\n<meta property=\"og:description\" content=\"Neste 11 de outubro Mato Grosso do Sul celebra 48 anos de sua cria\u00e7\u00e3o, marcada por uma hist\u00f3ria rica em cultura, diversidade e grandes conquistas no esporte. Nas quadras, nos campos e nos tatames, atletas sul-mato-grossenses ajudaram a construir uma trajet\u00f3ria de orgulho e dedica\u00e7\u00e3o. Nesta data, escolhemos relembrar dois nomes que representam n\u00e3o apenas &hellip;\" \/>\n<meta property=\"og:url\" content=\"https:\/\/mrnews.com.br\/index.php\/2025\/10\/13\/ms-celebra-48-anos-de-historia-com-uma-trajetoria-marcada-por-grandes-conquistas-no-esporte\/\" \/>\n<meta property=\"og:site_name\" content=\"MRNews\" \/>\n<meta property=\"article:publisher\" content=\"https:\/\/www.facebook.com\/eaipahpah\/?locale2=pt_BR\" \/>\n<meta property=\"article:published_time\" content=\"2025-10-13T08:04:41+00:00\" \/>\n<meta name=\"author\" content=\"MR News\" \/>\n<meta name=\"twitter:card\" content=\"summary_large_image\" \/>\n<meta name=\"twitter:creator\" content=\"@conspirou\" \/>\n<meta name=\"twitter:site\" content=\"@conspirou\" \/>\n<meta name=\"twitter:label1\" content=\"Escrito por\" \/>\n\t<meta name=\"twitter:data1\" content=\"MR News\" \/>\n\t<meta name=\"twitter:label2\" content=\"Est. tempo de leitura\" \/>\n\t<meta name=\"twitter:data2\" content=\"4 minutos\" \/>\n<script type=\"application\/ld+json\" class=\"yoast-schema-graph\">{\"@context\":\"https:\\\/\\\/schema.org\",\"@graph\":[{\"@type\":\"Article\",\"@id\":\"https:\\\/\\\/mrnews.com.br\\\/index.php\\\/2025\\\/10\\\/13\\\/ms-celebra-48-anos-de-historia-com-uma-trajetoria-marcada-por-grandes-conquistas-no-esporte\\\/#article\",\"isPartOf\":{\"@id\":\"https:\\\/\\\/mrnews.com.br\\\/index.php\\\/2025\\\/10\\\/13\\\/ms-celebra-48-anos-de-historia-com-uma-trajetoria-marcada-por-grandes-conquistas-no-esporte\\\/\"},\"author\":{\"name\":\"MR News\",\"@id\":\"https:\\\/\\\/mrnews.com.br\\\/#\\\/schema\\\/person\\\/be3203154562a9f207407861cef7827b\"},\"headline\":\"MS celebra 48 anos de hist\u00f3ria com uma trajet\u00f3ria marcada por grandes conquistas no esporte\",\"datePublished\":\"2025-10-13T08:04:41+00:00\",\"mainEntityOfPage\":{\"@id\":\"https:\\\/\\\/mrnews.com.br\\\/index.php\\\/2025\\\/10\\\/13\\\/ms-celebra-48-anos-de-historia-com-uma-trajetoria-marcada-por-grandes-conquistas-no-esporte\\\/\"},\"wordCount\":819,\"commentCount\":0,\"publisher\":{\"@id\":\"https:\\\/\\\/mrnews.com.br\\\/#organization\"},\"articleSection\":[\"Mato Grosso do Sul\"],\"inLanguage\":\"pt-BR\",\"potentialAction\":[{\"@type\":\"CommentAction\",\"name\":\"Comment\",\"target\":[\"https:\\\/\\\/mrnews.com.br\\\/index.php\\\/2025\\\/10\\\/13\\\/ms-celebra-48-anos-de-historia-com-uma-trajetoria-marcada-por-grandes-conquistas-no-esporte\\\/#respond\"]}]},{\"@type\":\"WebPage\",\"@id\":\"https:\\\/\\\/mrnews.com.br\\\/index.php\\\/2025\\\/10\\\/13\\\/ms-celebra-48-anos-de-historia-com-uma-trajetoria-marcada-por-grandes-conquistas-no-esporte\\\/\",\"url\":\"https:\\\/\\\/mrnews.com.br\\\/index.php\\\/2025\\\/10\\\/13\\\/ms-celebra-48-anos-de-historia-com-uma-trajetoria-marcada-por-grandes-conquistas-no-esporte\\\/\",\"name\":\"MS celebra 48 anos de hist\u00f3ria com uma trajet\u00f3ria marcada por grandes conquistas no esporte\",\"isPartOf\":{\"@id\":\"https:\\\/\\\/mrnews.com.br\\\/#website\"},\"datePublished\":\"2025-10-13T08:04:41+00:00\",\"breadcrumb\":{\"@id\":\"https:\\\/\\\/mrnews.com.br\\\/index.php\\\/2025\\\/10\\\/13\\\/ms-celebra-48-anos-de-historia-com-uma-trajetoria-marcada-por-grandes-conquistas-no-esporte\\\/#breadcrumb\"},\"inLanguage\":\"pt-BR\",\"potentialAction\":[{\"@type\":\"ReadAction\",\"target\":[\"https:\\\/\\\/mrnews.com.br\\\/index.php\\\/2025\\\/10\\\/13\\\/ms-celebra-48-anos-de-historia-com-uma-trajetoria-marcada-por-grandes-conquistas-no-esporte\\\/\"]}]},{\"@type\":\"BreadcrumbList\",\"@id\":\"https:\\\/\\\/mrnews.com.br\\\/index.php\\\/2025\\\/10\\\/13\\\/ms-celebra-48-anos-de-historia-com-uma-trajetoria-marcada-por-grandes-conquistas-no-esporte\\\/#breadcrumb\",\"itemListElement\":[{\"@type\":\"ListItem\",\"position\":1,\"name\":\"In\u00edcio\",\"item\":\"https:\\\/\\\/mrnews.com.br\\\/\"},{\"@type\":\"ListItem\",\"position\":2,\"name\":\"MS celebra 48 anos de hist\u00f3ria com uma trajet\u00f3ria marcada por grandes conquistas no esporte\"}]},{\"@type\":\"WebSite\",\"@id\":\"https:\\\/\\\/mrnews.com.br\\\/#website\",\"url\":\"https:\\\/\\\/mrnews.com.br\\\/\",\"name\":\"MRNews\",\"description\":\"MRNews Jogos de hoje da TV, transmiss\u00f5es ao vivo, Not\u00edcias de futebol, Jogos ao vivo, Lives, resumo de novelas, Programa\u00e7\u00e3o da Globo, A Fazenda e BBB\",\"publisher\":{\"@id\":\"https:\\\/\\\/mrnews.com.br\\\/#organization\"},\"potentialAction\":[{\"@type\":\"SearchAction\",\"target\":{\"@type\":\"EntryPoint\",\"urlTemplate\":\"https:\\\/\\\/mrnews.com.br\\\/?s={search_term_string}\"},\"query-input\":{\"@type\":\"PropertyValueSpecification\",\"valueRequired\":true,\"valueName\":\"search_term_string\"}}],\"inLanguage\":\"pt-BR\"},{\"@type\":\"Organization\",\"@id\":\"https:\\\/\\\/mrnews.com.br\\\/#organization\",\"name\":\"MRNews\",\"url\":\"https:\\\/\\\/mrnews.com.br\\\/\",\"logo\":{\"@type\":\"ImageObject\",\"inLanguage\":\"pt-BR\",\"@id\":\"https:\\\/\\\/mrnews.com.br\\\/#\\\/schema\\\/logo\\\/image\\\/\",\"url\":\"https:\\\/\\\/mrnews.com.br\\\/wp-content\\\/uploads\\\/2019\\\/06\\\/MRNewslogo2.png\",\"contentUrl\":\"https:\\\/\\\/mrnews.com.br\\\/wp-content\\\/uploads\\\/2019\\\/06\\\/MRNewslogo2.png\",\"width\":223,\"height\":58,\"caption\":\"MRNews\"},\"image\":{\"@id\":\"https:\\\/\\\/mrnews.com.br\\\/#\\\/schema\\\/logo\\\/image\\\/\"},\"sameAs\":[\"https:\\\/\\\/www.facebook.com\\\/eaipahpah\\\/?locale2=pt_BR\",\"https:\\\/\\\/x.com\\\/conspirou\",\"https:\\\/\\\/www.instagram.com\\\/eai_pahpah\",\"https:\\\/\\\/br.pinterest.com\\\/mrnewsn\\\/boards\\\/\",\"https:\\\/\\\/www.youtube.com\\\/channel\\\/UCacgnpznQ61fifLWr1tQ-vA?view_as=subscriber\"]},{\"@type\":\"Person\",\"@id\":\"https:\\\/\\\/mrnews.com.br\\\/#\\\/schema\\\/person\\\/be3203154562a9f207407861cef7827b\",\"name\":\"MR News\",\"image\":{\"@type\":\"ImageObject\",\"inLanguage\":\"pt-BR\",\"@id\":\"https:\\\/\\\/secure.gravatar.com\\\/avatar\\\/04084e6d73c042b8646e7c17b494073bf0ede3ea13c7105cfc45cbbbc28385a4?s=96&d=monsterid&r=g\",\"url\":\"https:\\\/\\\/secure.gravatar.com\\\/avatar\\\/04084e6d73c042b8646e7c17b494073bf0ede3ea13c7105cfc45cbbbc28385a4?s=96&d=monsterid&r=g\",\"contentUrl\":\"https:\\\/\\\/secure.gravatar.com\\\/avatar\\\/04084e6d73c042b8646e7c17b494073bf0ede3ea13c7105cfc45cbbbc28385a4?s=96&d=monsterid&r=g\",\"caption\":\"MR News\"},\"description\":\"Especializado em jornalismo colaborativo pela FTP em n\u00edvel de p\u00f3s-gradua\u00e7\u00e3o. suporte@oimeliga.combr\",\"sameAs\":[\"HUGO R.\",\"Admin\"],\"url\":\"https:\\\/\\\/mrnews.com.br\\\/index.php\\\/author\\\/admin\\\/\"}]}<\/script>\n<!-- \/ Yoast SEO plugin. -->","yoast_head_json":{"title":"MS celebra 48 anos de hist\u00f3ria com uma trajet\u00f3ria marcada por grandes conquistas no esporte","robots":{"index":"index","follow":"follow","max-snippet":"max-snippet:-1","max-image-preview":"max-image-preview:large","max-video-preview":"max-video-preview:-1"},"canonical":"https:\/\/mrnews.com.br\/index.php\/2025\/10\/13\/ms-celebra-48-anos-de-historia-com-uma-trajetoria-marcada-por-grandes-conquistas-no-esporte\/","og_locale":"pt_BR","og_type":"article","og_title":"MS celebra 48 anos de hist\u00f3ria com uma trajet\u00f3ria marcada por grandes conquistas no esporte","og_description":"Neste 11 de outubro Mato Grosso do Sul celebra 48 anos de sua cria\u00e7\u00e3o, marcada por uma hist\u00f3ria rica em cultura, diversidade e grandes conquistas no esporte. Nas quadras, nos campos e nos tatames, atletas sul-mato-grossenses ajudaram a construir uma trajet\u00f3ria de orgulho e dedica\u00e7\u00e3o. Nesta data, escolhemos relembrar dois nomes que representam n\u00e3o apenas &hellip;","og_url":"https:\/\/mrnews.com.br\/index.php\/2025\/10\/13\/ms-celebra-48-anos-de-historia-com-uma-trajetoria-marcada-por-grandes-conquistas-no-esporte\/","og_site_name":"MRNews","article_publisher":"https:\/\/www.facebook.com\/eaipahpah\/?locale2=pt_BR","article_published_time":"2025-10-13T08:04:41+00:00","author":"MR News","twitter_card":"summary_large_image","twitter_creator":"@conspirou","twitter_site":"@conspirou","twitter_misc":{"Escrito por":"MR News","Est. tempo de leitura":"4 minutos"},"schema":{"@context":"https:\/\/schema.org","@graph":[{"@type":"Article","@id":"https:\/\/mrnews.com.br\/index.php\/2025\/10\/13\/ms-celebra-48-anos-de-historia-com-uma-trajetoria-marcada-por-grandes-conquistas-no-esporte\/#article","isPartOf":{"@id":"https:\/\/mrnews.com.br\/index.php\/2025\/10\/13\/ms-celebra-48-anos-de-historia-com-uma-trajetoria-marcada-por-grandes-conquistas-no-esporte\/"},"author":{"name":"MR News","@id":"https:\/\/mrnews.com.br\/#\/schema\/person\/be3203154562a9f207407861cef7827b"},"headline":"MS celebra 48 anos de hist\u00f3ria com uma trajet\u00f3ria marcada por grandes conquistas no esporte","datePublished":"2025-10-13T08:04:41+00:00","mainEntityOfPage":{"@id":"https:\/\/mrnews.com.br\/index.php\/2025\/10\/13\/ms-celebra-48-anos-de-historia-com-uma-trajetoria-marcada-por-grandes-conquistas-no-esporte\/"},"wordCount":819,"commentCount":0,"publisher":{"@id":"https:\/\/mrnews.com.br\/#organization"},"articleSection":["Mato Grosso do Sul"],"inLanguage":"pt-BR","potentialAction":[{"@type":"CommentAction","name":"Comment","target":["https:\/\/mrnews.com.br\/index.php\/2025\/10\/13\/ms-celebra-48-anos-de-historia-com-uma-trajetoria-marcada-por-grandes-conquistas-no-esporte\/#respond"]}]},{"@type":"WebPage","@id":"https:\/\/mrnews.com.br\/index.php\/2025\/10\/13\/ms-celebra-48-anos-de-historia-com-uma-trajetoria-marcada-por-grandes-conquistas-no-esporte\/","url":"https:\/\/mrnews.com.br\/index.php\/2025\/10\/13\/ms-celebra-48-anos-de-historia-com-uma-trajetoria-marcada-por-grandes-conquistas-no-esporte\/","name":"MS celebra 48 anos de hist\u00f3ria com uma trajet\u00f3ria marcada por grandes conquistas no esporte","isPartOf":{"@id":"https:\/\/mrnews.com.br\/#website"},"datePublished":"2025-10-13T08:04:41+00:00","breadcrumb":{"@id":"https:\/\/mrnews.com.br\/index.php\/2025\/10\/13\/ms-celebra-48-anos-de-historia-com-uma-trajetoria-marcada-por-grandes-conquistas-no-esporte\/#breadcrumb"},"inLanguage":"pt-BR","potentialAction":[{"@type":"ReadAction","target":["https:\/\/mrnews.com.br\/index.php\/2025\/10\/13\/ms-celebra-48-anos-de-historia-com-uma-trajetoria-marcada-por-grandes-conquistas-no-esporte\/"]}]},{"@type":"BreadcrumbList","@id":"https:\/\/mrnews.com.br\/index.php\/2025\/10\/13\/ms-celebra-48-anos-de-historia-com-uma-trajetoria-marcada-por-grandes-conquistas-no-esporte\/#breadcrumb","itemListElement":[{"@type":"ListItem","position":1,"name":"In\u00edcio","item":"https:\/\/mrnews.com.br\/"},{"@type":"ListItem","position":2,"name":"MS celebra 48 anos de hist\u00f3ria com uma trajet\u00f3ria marcada por grandes conquistas no esporte"}]},{"@type":"WebSite","@id":"https:\/\/mrnews.com.br\/#website","url":"https:\/\/mrnews.com.br\/","name":"MRNews","description":"MRNews Jogos de hoje da TV, transmiss\u00f5es ao vivo, Not\u00edcias de futebol, Jogos ao vivo, Lives, resumo de novelas, Programa\u00e7\u00e3o da Globo, A Fazenda e BBB","publisher":{"@id":"https:\/\/mrnews.com.br\/#organization"},"potentialAction":[{"@type":"SearchAction","target":{"@type":"EntryPoint","urlTemplate":"https:\/\/mrnews.com.br\/?s={search_term_string}"},"query-input":{"@type":"PropertyValueSpecification","valueRequired":true,"valueName":"search_term_string"}}],"inLanguage":"pt-BR"},{"@type":"Organization","@id":"https:\/\/mrnews.com.br\/#organization","name":"MRNews","url":"https:\/\/mrnews.com.br\/","logo":{"@type":"ImageObject","inLanguage":"pt-BR","@id":"https:\/\/mrnews.com.br\/#\/schema\/logo\/image\/","url":"https:\/\/mrnews.com.br\/wp-content\/uploads\/2019\/06\/MRNewslogo2.png","contentUrl":"https:\/\/mrnews.com.br\/wp-content\/uploads\/2019\/06\/MRNewslogo2.png","width":223,"height":58,"caption":"MRNews"},"image":{"@id":"https:\/\/mrnews.com.br\/#\/schema\/logo\/image\/"},"sameAs":["https:\/\/www.facebook.com\/eaipahpah\/?locale2=pt_BR","https:\/\/x.com\/conspirou","https:\/\/www.instagram.com\/eai_pahpah","https:\/\/br.pinterest.com\/mrnewsn\/boards\/","https:\/\/www.youtube.com\/channel\/UCacgnpznQ61fifLWr1tQ-vA?view_as=subscriber"]},{"@type":"Person","@id":"https:\/\/mrnews.com.br\/#\/schema\/person\/be3203154562a9f207407861cef7827b","name":"MR News","image":{"@type":"ImageObject","inLanguage":"pt-BR","@id":"https:\/\/secure.gravatar.com\/avatar\/04084e6d73c042b8646e7c17b494073bf0ede3ea13c7105cfc45cbbbc28385a4?s=96&d=monsterid&r=g","url":"https:\/\/secure.gravatar.com\/avatar\/04084e6d73c042b8646e7c17b494073bf0ede3ea13c7105cfc45cbbbc28385a4?s=96&d=monsterid&r=g","contentUrl":"https:\/\/secure.gravatar.com\/avatar\/04084e6d73c042b8646e7c17b494073bf0ede3ea13c7105cfc45cbbbc28385a4?s=96&d=monsterid&r=g","caption":"MR News"},"description":"Especializado em jornalismo colaborativo pela FTP em n\u00edvel de p\u00f3s-gradua\u00e7\u00e3o. suporte@oimeliga.combr","sameAs":["HUGO R.","Admin"],"url":"https:\/\/mrnews.com.br\/index.php\/author\/admin\/"}]}},"jetpack_featured_media_url":"","jetpack_sharing_enabled":true,"jetpack_shortlink":"https:\/\/wp.me\/pa2Qf7-1TeQ","amp_enabled":true,"_links":{"self":[{"href":"https:\/\/mrnews.com.br\/index.php\/wp-json\/wp\/v2\/posts\/450668","targetHints":{"allow":["GET"]}}],"collection":[{"href":"https:\/\/mrnews.com.br\/index.php\/wp-json\/wp\/v2\/posts"}],"about":[{"href":"https:\/\/mrnews.com.br\/index.php\/wp-json\/wp\/v2\/types\/post"}],"author":[{"embeddable":true,"href":"https:\/\/mrnews.com.br\/index.php\/wp-json\/wp\/v2\/users\/1"}],"replies":[{"embeddable":true,"href":"https:\/\/mrnews.com.br\/index.php\/wp-json\/wp\/v2\/comments?post=450668"}],"version-history":[{"count":0,"href":"https:\/\/mrnews.com.br\/index.php\/wp-json\/wp\/v2\/posts\/450668\/revisions"}],"wp:attachment":[{"href":"https:\/\/mrnews.com.br\/index.php\/wp-json\/wp\/v2\/media?parent=450668"}],"wp:term":[{"taxonomy":"category","embeddable":true,"href":"https:\/\/mrnews.com.br\/index.php\/wp-json\/wp\/v2\/categories?post=450668"},{"taxonomy":"post_tag","embeddable":true,"href":"https:\/\/mrnews.com.br\/index.php\/wp-json\/wp\/v2\/tags?post=450668"}],"curies":[{"name":"wp","href":"https:\/\/api.w.org\/{rel}","templated":true}]}}