{"id":450707,"date":"2025-10-13T22:24:39","date_gmt":"2025-10-14T01:24:39","guid":{"rendered":"https:\/\/mrnews.com.br\/index.php\/2025\/10\/13\/no-df-indigenas-pedem-demarcacoes-e-combate-as-mudancas-climaticas\/"},"modified":"2025-10-13T22:24:39","modified_gmt":"2025-10-14T01:24:39","slug":"no-df-indigenas-pedem-demarcacoes-e-combate-as-mudancas-climaticas","status":"publish","type":"post","link":"https:\/\/mrnews.com.br\/index.php\/2025\/10\/13\/no-df-indigenas-pedem-demarcacoes-e-combate-as-mudancas-climaticas\/","title":{"rendered":"No DF, ind\u00edgenas pedem demarca\u00e7\u00f5es e combate \u00e0s mudan\u00e7as clim\u00e1ticas"},"content":{"rendered":"<p>Por EBC, <\/p>\n<div>\n<p>A artes\u00e3 Luana Kaingang, de 34 anos, utiliza no\u00a0corpo pe\u00e7as produzidas por pessoas da sua comunidade, em um territ\u00f3rio demarcado em Porto Alegre (RS). O problema \u00e9 que as <strong>mudan\u00e7as clim\u00e1ticas t\u00eam abalado a renda\u00a0de\u00a0seu povo<\/strong>.\u00a0<\/p>\n<blockquote>\n<p>\u201cA crici\u00fama, a taquara e o komag n\u00e3o crescem como antes\u201d, conta.<\/p>\n<\/blockquote>\n<p>S\u00e3o com essas plantas que \u00e9 produzido o artesanato na comunidade de 58 fam\u00edlias.\u00a0\u201cPassamos por per\u00edodos de longa estiagem e de temporais. Isso prejudica muito nossa terra\u201d, lamentou.\u00a0<\/p>\n<p>Enfrentar as mudan\u00e7as do clima \u00e9 ainda mais dif\u00edcil quando n\u00e3o h\u00e1 sequer seguran\u00e7a no lugar em que se vive. Ela estava entre os <strong>cerca de 200 representantes de povos ind\u00edgenas de todo o pa\u00eds que realizaram um evento nesta segunda-feira (13), em Bras\u00edlia,\u00a0pedindo a regulariza\u00e7\u00e3o de terras<\/strong>.<\/p>\n<p>Eles andaram at\u00e9 o gramado em frente ao Minist\u00e9rio da Justi\u00e7a, na Esplanada dos Minist\u00e9rios, e fizeram falas de reivindica\u00e7\u00e3o.\u00a0<\/p>\n<h2>\u201cEscudo contra desmatamento\u201d<\/h2>\n<p>Segundo o diretor-executivo da Apib, Kleber Karipuna, <strong>cada terra ind\u00edgena demarcada \u00e9 um \u201cescudo\u201d contra o desmatamento<\/strong>.<\/p>\n<blockquote>\n<p>\u201cA ci\u00eancia comprova o que j\u00e1 sabemos: terra demarcada \u00e9 floresta em p\u00e9 e viva. S\u00f3 nossos territ\u00f3rios na Amaz\u00f4nia geram 80% das chuvas que regam o agroneg\u00f3cio no Brasil\u201d.\u00a0<\/p>\n<\/blockquote>\n<p>O ato, promovido pela Articula\u00e7\u00e3o dos Povos Ind\u00edgenas do Brasil (Apib) com apoio da Avaaz, integra a programa\u00e7\u00e3o da Pr\u00e9-COP Ind\u00edgena, que acontece em\u00a0Bras\u00edlia, tamb\u00e9m na ter\u00e7a-feira (14), em paralelo \u00e0 Pr\u00e9-COP dos Estados;<\/p>\n<p>Segundo a Apib, a demarca\u00e7\u00e3o de 104 Terras Ind\u00edgenas aguarda apenas as etapas finais no Executivo Federal.\u00a0<\/p>\n<div class=\"dnd-widget-wrapper context-cheio_8colunas type-image\">\n<div class=\"dnd-atom-rendered\"><!-- scald=440361:cheio_8colunas --><\/p>\n<p>    <!-- END scald=440361 --><\/div>\n<p><h6 class=\"meta\"><!--copyright=440361-->Bras\u00edlia (DF), 13\/10\/2025 &#8211; Passeata ind\u00edgena em defesa da demarca\u00e7\u00e3o de terras. <strong>Foto:<\/strong>\u00a0<strong>Valter Campanato\/Ag\u00eancia Brasil<\/strong><!--END copyright=440361--><\/h6>\n<\/p>\n<\/div>\n<p>\u00a0<\/p>\n<h2>Prote\u00e7\u00e3o<\/h2>\n<p>Ele exemplificou que, apenas na Amaz\u00f4nia, entre 2001 e 2021, esses territ\u00f3rios absorveram cerca de 340 milh\u00f5es de toneladas de CO2 da atmosfera, o equivalente \u00e0s emiss\u00f5es anuais de combust\u00edveis f\u00f3sseis do Reino Unido.\u00a0<\/p>\n<p>Um argumento importante que mostra o papel desses defensores da natureza \u00e9 que as Terras Ind\u00edgenas j\u00e1 demarcadas da Amaz\u00f4nia apresentam \u00edndice de desmatamento baix\u00edssimo, tendo perdido historicamente apenas 1,74% de sua vegeta\u00e7\u00e3o original.<\/p>\n<p>O ato fez parte da campanha \u201cA Resposta Somos N\u00f3s&#8221;, da Apib. Inclusive, a entidade lan\u00e7ou neste ano a NDC Ind\u00edgena (Contribui\u00e7\u00f5es Nacionalmente Determinadas), constru\u00edda pelos pr\u00f3prios povos, que prop\u00f5e incluir a prote\u00e7\u00e3o de territ\u00f3rios, saberes e modos de vida como parte das metas oficiais do Brasil no Acordo de Paris.<\/p>\n<h2>Modo de vida<\/h2>\n<p>No caso de Luana Kaingang, do Rio Grande do Sul, a demarca\u00e7\u00e3o viabiliza o modo de vida da agroecologia e de prote\u00e7\u00e3o das matas nativas.<\/p>\n<blockquote>\n<p>\u201cNa nossa regi\u00e3o, a nossa principal reivindica\u00e7\u00e3o \u00e9 para manter o parque e n\u00e3o criar pr\u00e9dios, condom\u00ednios, com a especula\u00e7\u00e3o imobili\u00e1ria\u201d.<\/p>\n<\/blockquote>\n<p>Tamb\u00e9m da Regi\u00e3o Sul e do povo\u00a0Kaingang, a artes\u00e3 Kauane F\u00e9lix, de 24 anos, tinha nos bra\u00e7os o filho de dois anos de idade, agasalhado por uma bandeira do Brasil. Ela vive em comunidade rural na cidade de Novas Laranjeiras. Segundo ela, o desmatamento nas redondezas, promovido por\u00a0 invasores\u00a0t\u00eam sido um problema para o seu povo.\u00a0<\/p>\n<div class=\"dnd-widget-wrapper context-grande_6colunas type-image atom-align-left\">\n<div class=\"dnd-atom-rendered\"><!-- scald=440358:grande_6colunas {\"additionalClasses\":\"\"} --><\/p>\n<p>    <!-- END scald=440358 --><\/div>\n<p><h6 class=\"meta\">Bras\u00edlia &#8211; 13\/10\/2025 &#8211; Kauane F\u00e9lix fala do impacto do desmatamento em sua comunidade &#8211;<strong> Foto:\u00a0Valter Campanato\/Ag\u00eancia Brasil<\/strong><!--END copyright=440358--><\/h6>\n<\/p>\n<\/div>\n<p>Com mais arauc\u00e1rias nativas derrubadas, mais vulner\u00e1vel fica o seu povo. \u201cEst\u00e1 impactando nossa alimenta\u00e7\u00e3o. Impacto no milho, feij\u00e3o, mandioca e tamb\u00e9m nas frutas nativas, como a pitanga\u201d. O lugar n\u00e3o \u00e9 igual como era na sua inf\u00e2ncia. \u201cQuando eu era crian\u00e7a, era muito frio. Hoje, na mesma \u00e9poca, est\u00e1 calor\u201d.<\/p>\n<p>Ela se orgulha que a comunidade tem conseguido trabalho de reflorestamento com apoio da Pol\u00edcia Rodovi\u00e1ria Federal, que tem lan\u00e7ado sementes por\u00a0helic\u00f3ptero.\u00a0<\/p>\n<h2>Tens\u00e3o na fronteira<\/h2>\n<p>Tamb\u00e9m presente no ato, a ind\u00edgena Sally Nhandeva (foto em destaque), de 21 anos, que mora em\u00a0Japur\u00e3, fronteira do Mato Grosso do Sul com o Paraguai, disse que h\u00e1 desafios no dia a dia. Um dos problemas reais que eles passam \u00e9, segundo ela, as amea\u00e7as de fazendeiros brasileiros e tamb\u00e9m paraguaios.\u00a0<\/p>\n<p>\u201cQueremos viver sem os agrot\u00f3xicos dos vizinhos. E proteger a nossa floresta. Eles entram na nossa comunidade querendo nos despejar\u201d. O que tem protegido o seu povo \u00e9 que a demarca\u00e7\u00e3o j\u00e1 chegou para eles.\u00a0<\/p>\n<p>Mesmo diante das dificuldades, ela, que tem um filho, n\u00e3o pensa em deixar a comunidade. \u201cSe a gente fugir, quem vai lutar por n\u00f3s?\u201d, questiona.<\/p>\n<p>      <!-- Relacionada --><\/p>\n<p>            <!-- Relacionada -->\n    <\/div>\n","protected":false},"excerpt":{"rendered":"<p>Por EBC, A artes\u00e3 Luana Kaingang, de 34 anos, utiliza no\u00a0corpo pe\u00e7as produzidas por pessoas da sua comunidade, em um territ\u00f3rio demarcado em Porto Alegre (RS). O problema \u00e9 que as mudan\u00e7as clim\u00e1ticas t\u00eam abalado a renda\u00a0de\u00a0seu povo.\u00a0 \u201cA crici\u00fama, a taquara e o komag n\u00e3o crescem como antes\u201d, conta. S\u00e3o com essas plantas que &hellip;<\/p>\n","protected":false},"author":1,"featured_media":0,"comment_status":"open","ping_status":"open","sticky":false,"template":"","format":"standard","meta":{"_jetpack_newsletter_access":"","_jetpack_dont_email_post_to_subs":false,"_jetpack_newsletter_tier_id":0,"_jetpack_memberships_contains_paywalled_content":false,"_jetpack_feature_clip_id":0,"_jetpack_memberships_contains_paid_content":false,"footnotes":"","jetpack_post_was_ever_published":false},"categories":[2,12225,4],"tags":[],"class_list":["post-450707","post","type-post","status-publish","format-standard","hentry","category-entretenimento","category-noticias","category-servicos"],"yoast_head":"<!-- This site is optimized with the Yoast SEO plugin v28.4 - https:\/\/yoast.com\/product\/yoast-seo-wordpress\/ -->\n<title>No DF, ind\u00edgenas pedem demarca\u00e7\u00f5es e combate \u00e0s mudan\u00e7as clim\u00e1ticas<\/title>\n<meta name=\"robots\" content=\"index, follow, max-snippet:-1, max-image-preview:large, max-video-preview:-1\" \/>\n<link rel=\"canonical\" href=\"https:\/\/mrnews.com.br\/index.php\/2025\/10\/13\/no-df-indigenas-pedem-demarcacoes-e-combate-as-mudancas-climaticas\/\" \/>\n<meta property=\"og:locale\" content=\"pt_BR\" \/>\n<meta property=\"og:type\" content=\"article\" \/>\n<meta property=\"og:title\" content=\"No DF, ind\u00edgenas pedem demarca\u00e7\u00f5es e combate \u00e0s mudan\u00e7as clim\u00e1ticas\" \/>\n<meta property=\"og:description\" content=\"Por EBC, A artes\u00e3 Luana Kaingang, de 34 anos, utiliza no\u00a0corpo pe\u00e7as produzidas por pessoas da sua comunidade, em um territ\u00f3rio demarcado em Porto Alegre (RS). O problema \u00e9 que as mudan\u00e7as clim\u00e1ticas t\u00eam abalado a renda\u00a0de\u00a0seu povo.\u00a0 \u201cA crici\u00fama, a taquara e o komag n\u00e3o crescem como antes\u201d, conta. S\u00e3o com essas plantas que &hellip;\" \/>\n<meta property=\"og:url\" content=\"https:\/\/mrnews.com.br\/index.php\/2025\/10\/13\/no-df-indigenas-pedem-demarcacoes-e-combate-as-mudancas-climaticas\/\" \/>\n<meta property=\"og:site_name\" content=\"MRNews\" \/>\n<meta property=\"article:publisher\" content=\"https:\/\/www.facebook.com\/eaipahpah\/?locale2=pt_BR\" \/>\n<meta property=\"article:published_time\" content=\"2025-10-14T01:24:39+00:00\" \/>\n<meta name=\"author\" content=\"MR News\" \/>\n<meta name=\"twitter:card\" content=\"summary_large_image\" \/>\n<meta name=\"twitter:creator\" content=\"@conspirou\" \/>\n<meta name=\"twitter:site\" content=\"@conspirou\" \/>\n<meta name=\"twitter:label1\" content=\"Escrito por\" \/>\n\t<meta name=\"twitter:data1\" content=\"MR News\" \/>\n\t<meta name=\"twitter:label2\" content=\"Est. tempo de leitura\" \/>\n\t<meta name=\"twitter:data2\" content=\"4 minutos\" \/>\n<script type=\"application\/ld+json\" class=\"yoast-schema-graph\">{\"@context\":\"https:\\\/\\\/schema.org\",\"@graph\":[{\"@type\":\"Article\",\"@id\":\"https:\\\/\\\/mrnews.com.br\\\/index.php\\\/2025\\\/10\\\/13\\\/no-df-indigenas-pedem-demarcacoes-e-combate-as-mudancas-climaticas\\\/#article\",\"isPartOf\":{\"@id\":\"https:\\\/\\\/mrnews.com.br\\\/index.php\\\/2025\\\/10\\\/13\\\/no-df-indigenas-pedem-demarcacoes-e-combate-as-mudancas-climaticas\\\/\"},\"author\":{\"name\":\"MR News\",\"@id\":\"https:\\\/\\\/mrnews.com.br\\\/#\\\/schema\\\/person\\\/be3203154562a9f207407861cef7827b\"},\"headline\":\"No DF, ind\u00edgenas pedem demarca\u00e7\u00f5es e combate \u00e0s mudan\u00e7as clim\u00e1ticas\",\"datePublished\":\"2025-10-14T01:24:39+00:00\",\"mainEntityOfPage\":{\"@id\":\"https:\\\/\\\/mrnews.com.br\\\/index.php\\\/2025\\\/10\\\/13\\\/no-df-indigenas-pedem-demarcacoes-e-combate-as-mudancas-climaticas\\\/\"},\"wordCount\":795,\"commentCount\":0,\"publisher\":{\"@id\":\"https:\\\/\\\/mrnews.com.br\\\/#organization\"},\"articleSection\":[\"ENTRETENIMENTO\",\"NOTICIAS\",\"SERVI\u00c7OS\"],\"inLanguage\":\"pt-BR\",\"potentialAction\":[{\"@type\":\"CommentAction\",\"name\":\"Comment\",\"target\":[\"https:\\\/\\\/mrnews.com.br\\\/index.php\\\/2025\\\/10\\\/13\\\/no-df-indigenas-pedem-demarcacoes-e-combate-as-mudancas-climaticas\\\/#respond\"]}]},{\"@type\":\"WebPage\",\"@id\":\"https:\\\/\\\/mrnews.com.br\\\/index.php\\\/2025\\\/10\\\/13\\\/no-df-indigenas-pedem-demarcacoes-e-combate-as-mudancas-climaticas\\\/\",\"url\":\"https:\\\/\\\/mrnews.com.br\\\/index.php\\\/2025\\\/10\\\/13\\\/no-df-indigenas-pedem-demarcacoes-e-combate-as-mudancas-climaticas\\\/\",\"name\":\"No DF, ind\u00edgenas pedem demarca\u00e7\u00f5es e combate \u00e0s mudan\u00e7as clim\u00e1ticas\",\"isPartOf\":{\"@id\":\"https:\\\/\\\/mrnews.com.br\\\/#website\"},\"datePublished\":\"2025-10-14T01:24:39+00:00\",\"breadcrumb\":{\"@id\":\"https:\\\/\\\/mrnews.com.br\\\/index.php\\\/2025\\\/10\\\/13\\\/no-df-indigenas-pedem-demarcacoes-e-combate-as-mudancas-climaticas\\\/#breadcrumb\"},\"inLanguage\":\"pt-BR\",\"potentialAction\":[{\"@type\":\"ReadAction\",\"target\":[\"https:\\\/\\\/mrnews.com.br\\\/index.php\\\/2025\\\/10\\\/13\\\/no-df-indigenas-pedem-demarcacoes-e-combate-as-mudancas-climaticas\\\/\"]}]},{\"@type\":\"BreadcrumbList\",\"@id\":\"https:\\\/\\\/mrnews.com.br\\\/index.php\\\/2025\\\/10\\\/13\\\/no-df-indigenas-pedem-demarcacoes-e-combate-as-mudancas-climaticas\\\/#breadcrumb\",\"itemListElement\":[{\"@type\":\"ListItem\",\"position\":1,\"name\":\"In\u00edcio\",\"item\":\"https:\\\/\\\/mrnews.com.br\\\/\"},{\"@type\":\"ListItem\",\"position\":2,\"name\":\"No DF, ind\u00edgenas pedem demarca\u00e7\u00f5es e combate \u00e0s mudan\u00e7as clim\u00e1ticas\"}]},{\"@type\":\"WebSite\",\"@id\":\"https:\\\/\\\/mrnews.com.br\\\/#website\",\"url\":\"https:\\\/\\\/mrnews.com.br\\\/\",\"name\":\"MRNews\",\"description\":\"MRNews Jogos de hoje da TV, transmiss\u00f5es ao vivo, Not\u00edcias de futebol, Jogos ao vivo, Lives, resumo de novelas, Programa\u00e7\u00e3o da Globo, A Fazenda e BBB\",\"publisher\":{\"@id\":\"https:\\\/\\\/mrnews.com.br\\\/#organization\"},\"potentialAction\":[{\"@type\":\"SearchAction\",\"target\":{\"@type\":\"EntryPoint\",\"urlTemplate\":\"https:\\\/\\\/mrnews.com.br\\\/?s={search_term_string}\"},\"query-input\":{\"@type\":\"PropertyValueSpecification\",\"valueRequired\":true,\"valueName\":\"search_term_string\"}}],\"inLanguage\":\"pt-BR\"},{\"@type\":\"Organization\",\"@id\":\"https:\\\/\\\/mrnews.com.br\\\/#organization\",\"name\":\"MRNews\",\"url\":\"https:\\\/\\\/mrnews.com.br\\\/\",\"logo\":{\"@type\":\"ImageObject\",\"inLanguage\":\"pt-BR\",\"@id\":\"https:\\\/\\\/mrnews.com.br\\\/#\\\/schema\\\/logo\\\/image\\\/\",\"url\":\"https:\\\/\\\/mrnews.com.br\\\/wp-content\\\/uploads\\\/2026\\\/08\\\/MRNEws.png\",\"contentUrl\":\"https:\\\/\\\/mrnews.com.br\\\/wp-content\\\/uploads\\\/2026\\\/08\\\/MRNEws.png\",\"width\":1254,\"height\":1254,\"caption\":\"MRNews\"},\"image\":{\"@id\":\"https:\\\/\\\/mrnews.com.br\\\/#\\\/schema\\\/logo\\\/image\\\/\"},\"sameAs\":[\"https:\\\/\\\/www.facebook.com\\\/eaipahpah\\\/?locale2=pt_BR\",\"https:\\\/\\\/x.com\\\/conspirou\",\"https:\\\/\\\/www.instagram.com\\\/eai_pahpah\",\"https:\\\/\\\/br.pinterest.com\\\/mrnewsn\\\/boards\\\/\",\"https:\\\/\\\/www.youtube.com\\\/channel\\\/UCacgnpznQ61fifLWr1tQ-vA?view_as=subscriber\"]},{\"@type\":\"Person\",\"@id\":\"https:\\\/\\\/mrnews.com.br\\\/#\\\/schema\\\/person\\\/be3203154562a9f207407861cef7827b\",\"name\":\"MR News\",\"image\":{\"@type\":\"ImageObject\",\"inLanguage\":\"pt-BR\",\"@id\":\"https:\\\/\\\/secure.gravatar.com\\\/avatar\\\/04084e6d73c042b8646e7c17b494073bf0ede3ea13c7105cfc45cbbbc28385a4?s=96&d=monsterid&r=g\",\"url\":\"https:\\\/\\\/secure.gravatar.com\\\/avatar\\\/04084e6d73c042b8646e7c17b494073bf0ede3ea13c7105cfc45cbbbc28385a4?s=96&d=monsterid&r=g\",\"contentUrl\":\"https:\\\/\\\/secure.gravatar.com\\\/avatar\\\/04084e6d73c042b8646e7c17b494073bf0ede3ea13c7105cfc45cbbbc28385a4?s=96&d=monsterid&r=g\",\"caption\":\"MR News\"},\"description\":\"Especializado em jornalismo colaborativo pela FTP em n\u00edvel de p\u00f3s-gradua\u00e7\u00e3o. suporte@oimeliga.combr\",\"sameAs\":[\"HUGO R.\",\"Admin\"],\"url\":\"https:\\\/\\\/mrnews.com.br\\\/index.php\\\/author\\\/admin\\\/\"}]}<\/script>\n<!-- \/ Yoast SEO plugin. -->","yoast_head_json":{"title":"No DF, ind\u00edgenas pedem demarca\u00e7\u00f5es e combate \u00e0s mudan\u00e7as clim\u00e1ticas","robots":{"index":"index","follow":"follow","max-snippet":"max-snippet:-1","max-image-preview":"max-image-preview:large","max-video-preview":"max-video-preview:-1"},"canonical":"https:\/\/mrnews.com.br\/index.php\/2025\/10\/13\/no-df-indigenas-pedem-demarcacoes-e-combate-as-mudancas-climaticas\/","og_locale":"pt_BR","og_type":"article","og_title":"No DF, ind\u00edgenas pedem demarca\u00e7\u00f5es e combate \u00e0s mudan\u00e7as clim\u00e1ticas","og_description":"Por EBC, A artes\u00e3 Luana Kaingang, de 34 anos, utiliza no\u00a0corpo pe\u00e7as produzidas por pessoas da sua comunidade, em um territ\u00f3rio demarcado em Porto Alegre (RS). O problema \u00e9 que as mudan\u00e7as clim\u00e1ticas t\u00eam abalado a renda\u00a0de\u00a0seu povo.\u00a0 \u201cA crici\u00fama, a taquara e o komag n\u00e3o crescem como antes\u201d, conta. S\u00e3o com essas plantas que &hellip;","og_url":"https:\/\/mrnews.com.br\/index.php\/2025\/10\/13\/no-df-indigenas-pedem-demarcacoes-e-combate-as-mudancas-climaticas\/","og_site_name":"MRNews","article_publisher":"https:\/\/www.facebook.com\/eaipahpah\/?locale2=pt_BR","article_published_time":"2025-10-14T01:24:39+00:00","author":"MR News","twitter_card":"summary_large_image","twitter_creator":"@conspirou","twitter_site":"@conspirou","twitter_misc":{"Escrito por":"MR News","Est. tempo de leitura":"4 minutos"},"schema":{"@context":"https:\/\/schema.org","@graph":[{"@type":"Article","@id":"https:\/\/mrnews.com.br\/index.php\/2025\/10\/13\/no-df-indigenas-pedem-demarcacoes-e-combate-as-mudancas-climaticas\/#article","isPartOf":{"@id":"https:\/\/mrnews.com.br\/index.php\/2025\/10\/13\/no-df-indigenas-pedem-demarcacoes-e-combate-as-mudancas-climaticas\/"},"author":{"name":"MR News","@id":"https:\/\/mrnews.com.br\/#\/schema\/person\/be3203154562a9f207407861cef7827b"},"headline":"No DF, ind\u00edgenas pedem demarca\u00e7\u00f5es e combate \u00e0s mudan\u00e7as clim\u00e1ticas","datePublished":"2025-10-14T01:24:39+00:00","mainEntityOfPage":{"@id":"https:\/\/mrnews.com.br\/index.php\/2025\/10\/13\/no-df-indigenas-pedem-demarcacoes-e-combate-as-mudancas-climaticas\/"},"wordCount":795,"commentCount":0,"publisher":{"@id":"https:\/\/mrnews.com.br\/#organization"},"articleSection":["ENTRETENIMENTO","NOTICIAS","SERVI\u00c7OS"],"inLanguage":"pt-BR","potentialAction":[{"@type":"CommentAction","name":"Comment","target":["https:\/\/mrnews.com.br\/index.php\/2025\/10\/13\/no-df-indigenas-pedem-demarcacoes-e-combate-as-mudancas-climaticas\/#respond"]}]},{"@type":"WebPage","@id":"https:\/\/mrnews.com.br\/index.php\/2025\/10\/13\/no-df-indigenas-pedem-demarcacoes-e-combate-as-mudancas-climaticas\/","url":"https:\/\/mrnews.com.br\/index.php\/2025\/10\/13\/no-df-indigenas-pedem-demarcacoes-e-combate-as-mudancas-climaticas\/","name":"No DF, ind\u00edgenas pedem demarca\u00e7\u00f5es e combate \u00e0s mudan\u00e7as clim\u00e1ticas","isPartOf":{"@id":"https:\/\/mrnews.com.br\/#website"},"datePublished":"2025-10-14T01:24:39+00:00","breadcrumb":{"@id":"https:\/\/mrnews.com.br\/index.php\/2025\/10\/13\/no-df-indigenas-pedem-demarcacoes-e-combate-as-mudancas-climaticas\/#breadcrumb"},"inLanguage":"pt-BR","potentialAction":[{"@type":"ReadAction","target":["https:\/\/mrnews.com.br\/index.php\/2025\/10\/13\/no-df-indigenas-pedem-demarcacoes-e-combate-as-mudancas-climaticas\/"]}]},{"@type":"BreadcrumbList","@id":"https:\/\/mrnews.com.br\/index.php\/2025\/10\/13\/no-df-indigenas-pedem-demarcacoes-e-combate-as-mudancas-climaticas\/#breadcrumb","itemListElement":[{"@type":"ListItem","position":1,"name":"In\u00edcio","item":"https:\/\/mrnews.com.br\/"},{"@type":"ListItem","position":2,"name":"No DF, ind\u00edgenas pedem demarca\u00e7\u00f5es e combate \u00e0s mudan\u00e7as clim\u00e1ticas"}]},{"@type":"WebSite","@id":"https:\/\/mrnews.com.br\/#website","url":"https:\/\/mrnews.com.br\/","name":"MRNews","description":"MRNews Jogos de hoje da TV, transmiss\u00f5es ao vivo, Not\u00edcias de futebol, Jogos ao vivo, Lives, resumo de novelas, Programa\u00e7\u00e3o da Globo, A Fazenda e BBB","publisher":{"@id":"https:\/\/mrnews.com.br\/#organization"},"potentialAction":[{"@type":"SearchAction","target":{"@type":"EntryPoint","urlTemplate":"https:\/\/mrnews.com.br\/?s={search_term_string}"},"query-input":{"@type":"PropertyValueSpecification","valueRequired":true,"valueName":"search_term_string"}}],"inLanguage":"pt-BR"},{"@type":"Organization","@id":"https:\/\/mrnews.com.br\/#organization","name":"MRNews","url":"https:\/\/mrnews.com.br\/","logo":{"@type":"ImageObject","inLanguage":"pt-BR","@id":"https:\/\/mrnews.com.br\/#\/schema\/logo\/image\/","url":"https:\/\/mrnews.com.br\/wp-content\/uploads\/2026\/08\/MRNEws.png","contentUrl":"https:\/\/mrnews.com.br\/wp-content\/uploads\/2026\/08\/MRNEws.png","width":1254,"height":1254,"caption":"MRNews"},"image":{"@id":"https:\/\/mrnews.com.br\/#\/schema\/logo\/image\/"},"sameAs":["https:\/\/www.facebook.com\/eaipahpah\/?locale2=pt_BR","https:\/\/x.com\/conspirou","https:\/\/www.instagram.com\/eai_pahpah","https:\/\/br.pinterest.com\/mrnewsn\/boards\/","https:\/\/www.youtube.com\/channel\/UCacgnpznQ61fifLWr1tQ-vA?view_as=subscriber"]},{"@type":"Person","@id":"https:\/\/mrnews.com.br\/#\/schema\/person\/be3203154562a9f207407861cef7827b","name":"MR News","image":{"@type":"ImageObject","inLanguage":"pt-BR","@id":"https:\/\/secure.gravatar.com\/avatar\/04084e6d73c042b8646e7c17b494073bf0ede3ea13c7105cfc45cbbbc28385a4?s=96&d=monsterid&r=g","url":"https:\/\/secure.gravatar.com\/avatar\/04084e6d73c042b8646e7c17b494073bf0ede3ea13c7105cfc45cbbbc28385a4?s=96&d=monsterid&r=g","contentUrl":"https:\/\/secure.gravatar.com\/avatar\/04084e6d73c042b8646e7c17b494073bf0ede3ea13c7105cfc45cbbbc28385a4?s=96&d=monsterid&r=g","caption":"MR News"},"description":"Especializado em jornalismo colaborativo pela FTP em n\u00edvel de p\u00f3s-gradua\u00e7\u00e3o. suporte@oimeliga.combr","sameAs":["HUGO R.","Admin"],"url":"https:\/\/mrnews.com.br\/index.php\/author\/admin\/"}]}},"jetpack_sharing_enabled":true,"jetpack_shortlink":"https:\/\/wp.me\/pa2Qf7-1Tft","amp_enabled":true,"jetpack_featured_media_url":"","_links":{"self":[{"href":"https:\/\/mrnews.com.br\/index.php\/wp-json\/wp\/v2\/posts\/450707","targetHints":{"allow":["GET"]}}],"collection":[{"href":"https:\/\/mrnews.com.br\/index.php\/wp-json\/wp\/v2\/posts"}],"about":[{"href":"https:\/\/mrnews.com.br\/index.php\/wp-json\/wp\/v2\/types\/post"}],"author":[{"embeddable":true,"href":"https:\/\/mrnews.com.br\/index.php\/wp-json\/wp\/v2\/users\/1"}],"replies":[{"embeddable":true,"href":"https:\/\/mrnews.com.br\/index.php\/wp-json\/wp\/v2\/comments?post=450707"}],"version-history":[{"count":0,"href":"https:\/\/mrnews.com.br\/index.php\/wp-json\/wp\/v2\/posts\/450707\/revisions"}],"wp:attachment":[{"href":"https:\/\/mrnews.com.br\/index.php\/wp-json\/wp\/v2\/media?parent=450707"}],"wp:term":[{"taxonomy":"category","embeddable":true,"href":"https:\/\/mrnews.com.br\/index.php\/wp-json\/wp\/v2\/categories?post=450707"},{"taxonomy":"post_tag","embeddable":true,"href":"https:\/\/mrnews.com.br\/index.php\/wp-json\/wp\/v2\/tags?post=450707"}],"curies":[{"name":"wp","href":"https:\/\/api.w.org\/{rel}","templated":true}]}}