{"id":450801,"date":"2025-10-15T10:07:39","date_gmt":"2025-10-15T13:07:39","guid":{"rendered":"https:\/\/mrnews.com.br\/index.php\/2025\/10\/15\/cop-e-o-lugar-para-resolver-financiamento-climatico-diz-economista\/"},"modified":"2025-10-15T10:07:39","modified_gmt":"2025-10-15T13:07:39","slug":"cop-e-o-lugar-para-resolver-financiamento-climatico-diz-economista","status":"publish","type":"post","link":"https:\/\/mrnews.com.br\/index.php\/2025\/10\/15\/cop-e-o-lugar-para-resolver-financiamento-climatico-diz-economista\/","title":{"rendered":"\u201cCOP \u00e9 o lugar para resolver financiamento clim\u00e1tico\u201d, diz economista"},"content":{"rendered":"<p>Por EBC, <\/p>\n<div>\n<p><strong>O economista Jos\u00e9 Alexandre Scheinkman, professor da Universidade de Columbia e integrante do conselho consultivo de finan\u00e7as da presid\u00eancia brasileira da Confer\u00eancia das Na\u00e7\u00f5es Unidas sobre Mudan\u00e7as Clim\u00e1ticas (COP30), afirma que o<\/strong> <strong>multilateralismo \u00e9 o espa\u00e7o para solucionar o desafio sobre o fluxo de financiamento clim\u00e1tico dos pa\u00edses em desenvolvimento.<\/strong><\/p>\n<blockquote>\n<p>\u201cA COP \u00e9 o caminho. \u00c9 um \u00f3timo lugar para ter ideias, criar e tentar propor ideias\u201d, afirmou durante uma entrevista coletiva nesta ter\u00e7a-feira (14), durante a Pr\u00e9-COP, em Bras\u00edlia.<\/p>\n<\/blockquote>\n<p>O especialista acredita que antes de definir valores para o financiamento clim\u00e1tico dos pa\u00edses em desenvolvimento \u00e9 preciso definir etapas anteriores, portanto <strong>o valor de US$ 1,3 trilh\u00f5es que vem sendo discutido nos encontros multilaterais pode n\u00e3o ser um n\u00famero real. <\/strong><\/p>\n<div class=\"dnd-widget-wrapper context-grande_6colunas type-image atom-align-left\">\n<div class=\"dnd-atom-rendered\"><!-- scald=440483:grande_6colunas {\"additionalClasses\":\"\"} --><\/p>\n<p>    <!-- END scald=440483 --><\/div>\n<p><h6 class=\"meta\">Economista e professor da Universidade de Columbia, Jos\u00e9 Alexandre Scheinkman, durante entrevista na Pr\u00e9-Cop30. <strong>Foto:<\/strong>\u00a0<strong>Marcelo Camargo\/Ag\u00eancia Brasil<\/strong><!--END copyright=440483--><\/h6>\n<\/p>\n<\/div>\n<p>\u201cUm economista pensa numa meta onde quer chegar. Neste caso \u00e9 alcan\u00e7ar netzero [neutralidade nas emiss\u00f5es de gases do efeito estufa]. Depois a gente vem com projetos baratos, j\u00e1 que a quantidade de dinheiro \u00e9 escassa, e depois a gente descobre quanto custa\u201d, diz.<\/p>\n<p>Essa \u00e9 uma das estrat\u00e9gias sugeridas pelo grupo de economistas que d\u00e3o suporte \u00e0 presid\u00eancia da COP30 sobre o tema. <strong>O grupo tamb\u00e9m sugeriu projetos como o Fundo Florestas Tropicais para Sempre (TFFF)<\/strong> (Cinco pa\u00edses aderem a fundo para conserva\u00e7\u00e3o de florestas tropicais | <strong>Ag\u00eancia Brasil<\/strong>) , o Ecoinvest (Brasil quer capital estrangeiro para financiar transforma\u00e7\u00e3o ecol\u00f3gica | <strong>Ag\u00eancia Brasil<\/strong>), a coaliz\u00e3o aberta de pa\u00edses para um mercado de carbono global (Brasil apresenta solu\u00e7\u00f5es de financiamento clim\u00e1tico em Nova York | <strong>Ag\u00eancia Brasil<\/strong> ) e a transfer\u00eancia de subs\u00eddios globais do setor de combust\u00edveis f\u00f3sseis para setores da energia renov\u00e1vel (Subs\u00eddio para energia limpa precisa superar o de f\u00f3sseis, diz Marina | <strong>Ag\u00eancia Brasil<\/strong>).<\/p>\n<p>Segundo Scheinkman, a ideia que ainda n\u00e3o foi formalmente adotada pelos pa\u00edses que fazem parte do Acordo de Paris, mas podem contribuir de forma eficaz para a redu\u00e7\u00e3o das emiss\u00f5es de gases do efeito estufa, desde que haja ades\u00e3o de pa\u00edses onde essas ferramentas podem gerar efeito.<\/p>\n<blockquote>\n<p>\u201cO lugar onde a gente corta emiss\u00f5es \u00e9 completamente irrelevante. O importante \u00e9 quanto voc\u00ea corta no agregado de emiss\u00f5es. Uma tonelada de g\u00e1s carb\u00f4nico equivalente (CO2e) que voc\u00ea corta no Brasil, tem o mesmo impacto de uma tonelada de CO2e na China\u201d, diz<\/p>\n<\/blockquote>\n<p>De acordo com o economista, o modelo adotado pela Uni\u00e3o Europeia, pode inspirar um modelo global no sentido de que os pa\u00edses mais capazes em termos financeiros saem na frente com cotas maiores de obriga\u00e7\u00f5es e tamb\u00e9m dando suporte aos pa\u00edses com menos capacidade financeira.<\/p>\n<blockquote>\n<p>\u201cA Uni\u00e3o Europeia definiu o valor das emiss\u00f5es que querem ter at\u00e9 um determinado ano e eles t\u00eam uma maneira de distribuir essas cotas [de redu\u00e7\u00e3o de emiss\u00f5es] que privilegiam pa\u00edses menos desenvolvidos. Esse processo permite uma redistribui\u00e7\u00e3o e ao mesmo tempo atinge efici\u00eancia,\u201d explica.<\/p>\n<\/blockquote>\n<p>Apesar de haver modelos ideais, o andamento desses projetos podem esbarrar em interesses nacionais ou regionais que inviabilizem um modelo global. Segundo Scheinkman, pa\u00edses at\u00e9 mesmo da pr\u00f3pria Uni\u00e3o Europeia podem n\u00e3o se interessar por uma coaliz\u00e3o aberta de mercado de carbono global ou de um fundo como o TFFF.<\/p>\n<p>Um dos limitadores, poderia ser a n\u00e3o admiss\u00e3o de cr\u00e9dito gerado por captura de carbono a partir de florestas restauradas, j\u00e1 que ainda n\u00e3o h\u00e1 um c\u00e1lculo padr\u00e3o para calcular projetando a captura de carbono para um futuro ap\u00f3s a restaura\u00e7\u00e3o.<\/p>\n<blockquote>\n<p>\u201cPara isso funcionar voc\u00ea teria que ter algu\u00e9m para medir carbono, com uma certa independ\u00eancia, um padr\u00e3o standard de medi\u00e7\u00e3o. Criar uma esp\u00e9cie de comiss\u00e3o para fazer toda a contabilidade, acesso ao risco e verifica\u00e7\u00e3o da contabilidade\u201d, explicou.<\/p>\n<\/blockquote>\n<p>H\u00e1 ainda fatores ideol\u00f3gicos como ocorre nos Estados Unidos, que impedem pa\u00edses de participar de uma iniciativa como essas, diz o economista.<\/p>\n<p><strong>Por outro lado, Scheinkman diz que pa\u00edses podem ser atra\u00eddos por vantagens como a facilidade de gerar cr\u00e9dito de carbono em \u00e1reas naturais amplas, como as florestas tropicais.<\/strong> Ou ainda, gerar cr\u00e9dito mais facilmente com baixos investimentos em emiss\u00f5es mais f\u00e1ceis de serem mitigadas.<\/p>\n<blockquote>\n<p>\u201cNa \u00c1frica, as pessoas ainda cozinham com lenha, o que tem custo ambiental, sem falar no custo de sa\u00fade alt\u00edssimo. \u00c9 muito barato parar, mas eles [os pa\u00edses africanos] n\u00e3o t\u00eam or\u00e7amento para isso e eles ainda precisam gastar dinheiro com adapta\u00e7\u00e3o\u201d.<\/p>\n<\/blockquote>\n<p>Gerar cr\u00e9dito de carbono fora do pr\u00f3prio pa\u00eds pode ser uma forma mais barata de investimento que parar uma produ\u00e7\u00e3o eficiente em termos econ\u00f4micos para gerar carbono, diz o economista. Mas, apesar de ser uma ferramenta que pode viabilizar uma transi\u00e7\u00e3o justa, isso n\u00e3o \u00e9 garantia de interesse dos pa\u00edses por esse mercado.<\/p>\n<blockquote>\n<p><strong>\u201cNosso papel \u00e9 gerar ideias e a factibilidade \u00e9 um problemas dos negociadores\u201d, diz.<\/strong><\/p>\n<p>\u00a0<\/p>\n<\/blockquote>\n<p>      <!-- Relacionada --><\/p>\n<p>            <!-- Relacionada -->\n    <\/div>\n","protected":false},"excerpt":{"rendered":"<p>Por EBC, O economista Jos\u00e9 Alexandre Scheinkman, professor da Universidade de Columbia e integrante do conselho consultivo de finan\u00e7as da presid\u00eancia brasileira da Confer\u00eancia das Na\u00e7\u00f5es Unidas sobre Mudan\u00e7as Clim\u00e1ticas (COP30), afirma que o multilateralismo \u00e9 o espa\u00e7o para solucionar o desafio sobre o fluxo de financiamento clim\u00e1tico dos pa\u00edses em desenvolvimento. \u201cA COP \u00e9 &hellip;<\/p>\n","protected":false},"author":1,"featured_media":0,"comment_status":"open","ping_status":"open","sticky":false,"template":"","format":"standard","meta":{"_jetpack_memberships_contains_paid_content":false,"footnotes":""},"categories":[2,12225,4],"tags":[],"class_list":["post-450801","post","type-post","status-publish","format-standard","hentry","category-entretenimento","category-noticias","category-servicos"],"yoast_head":"<!-- This site is optimized with the Yoast SEO plugin v27.4 - https:\/\/yoast.com\/product\/yoast-seo-wordpress\/ -->\n<title>\u201cCOP \u00e9 o lugar para resolver financiamento clim\u00e1tico\u201d, diz economista<\/title>\n<meta name=\"robots\" content=\"index, follow, max-snippet:-1, max-image-preview:large, max-video-preview:-1\" \/>\n<link rel=\"canonical\" href=\"https:\/\/mrnews.com.br\/index.php\/2025\/10\/15\/cop-e-o-lugar-para-resolver-financiamento-climatico-diz-economista\/\" \/>\n<meta property=\"og:locale\" content=\"pt_BR\" \/>\n<meta property=\"og:type\" content=\"article\" \/>\n<meta property=\"og:title\" content=\"\u201cCOP \u00e9 o lugar para resolver financiamento clim\u00e1tico\u201d, diz economista\" \/>\n<meta property=\"og:description\" content=\"Por EBC, O economista Jos\u00e9 Alexandre Scheinkman, professor da Universidade de Columbia e integrante do conselho consultivo de finan\u00e7as da presid\u00eancia brasileira da Confer\u00eancia das Na\u00e7\u00f5es Unidas sobre Mudan\u00e7as Clim\u00e1ticas (COP30), afirma que o multilateralismo \u00e9 o espa\u00e7o para solucionar o desafio sobre o fluxo de financiamento clim\u00e1tico dos pa\u00edses em desenvolvimento. \u201cA COP \u00e9 &hellip;\" \/>\n<meta property=\"og:url\" content=\"https:\/\/mrnews.com.br\/index.php\/2025\/10\/15\/cop-e-o-lugar-para-resolver-financiamento-climatico-diz-economista\/\" \/>\n<meta property=\"og:site_name\" content=\"MRNews\" \/>\n<meta property=\"article:publisher\" content=\"https:\/\/www.facebook.com\/eaipahpah\/?locale2=pt_BR\" \/>\n<meta property=\"article:published_time\" content=\"2025-10-15T13:07:39+00:00\" \/>\n<meta name=\"author\" content=\"MR News\" \/>\n<meta name=\"twitter:card\" content=\"summary_large_image\" \/>\n<meta name=\"twitter:creator\" content=\"@conspirou\" \/>\n<meta name=\"twitter:site\" content=\"@conspirou\" \/>\n<meta name=\"twitter:label1\" content=\"Escrito por\" \/>\n\t<meta name=\"twitter:data1\" content=\"MR News\" \/>\n\t<meta name=\"twitter:label2\" content=\"Est. tempo de leitura\" \/>\n\t<meta name=\"twitter:data2\" content=\"4 minutos\" \/>\n<script type=\"application\/ld+json\" class=\"yoast-schema-graph\">{\"@context\":\"https:\\\/\\\/schema.org\",\"@graph\":[{\"@type\":\"Article\",\"@id\":\"https:\\\/\\\/mrnews.com.br\\\/index.php\\\/2025\\\/10\\\/15\\\/cop-e-o-lugar-para-resolver-financiamento-climatico-diz-economista\\\/#article\",\"isPartOf\":{\"@id\":\"https:\\\/\\\/mrnews.com.br\\\/index.php\\\/2025\\\/10\\\/15\\\/cop-e-o-lugar-para-resolver-financiamento-climatico-diz-economista\\\/\"},\"author\":{\"name\":\"MR News\",\"@id\":\"https:\\\/\\\/mrnews.com.br\\\/#\\\/schema\\\/person\\\/be3203154562a9f207407861cef7827b\"},\"headline\":\"\u201cCOP \u00e9 o lugar para resolver financiamento clim\u00e1tico\u201d, diz economista\",\"datePublished\":\"2025-10-15T13:07:39+00:00\",\"mainEntityOfPage\":{\"@id\":\"https:\\\/\\\/mrnews.com.br\\\/index.php\\\/2025\\\/10\\\/15\\\/cop-e-o-lugar-para-resolver-financiamento-climatico-diz-economista\\\/\"},\"wordCount\":885,\"commentCount\":0,\"publisher\":{\"@id\":\"https:\\\/\\\/mrnews.com.br\\\/#organization\"},\"articleSection\":[\"ENTRETENIMENTO\",\"NOTICIAS\",\"SERVI\u00c7OS\"],\"inLanguage\":\"pt-BR\",\"potentialAction\":[{\"@type\":\"CommentAction\",\"name\":\"Comment\",\"target\":[\"https:\\\/\\\/mrnews.com.br\\\/index.php\\\/2025\\\/10\\\/15\\\/cop-e-o-lugar-para-resolver-financiamento-climatico-diz-economista\\\/#respond\"]}]},{\"@type\":\"WebPage\",\"@id\":\"https:\\\/\\\/mrnews.com.br\\\/index.php\\\/2025\\\/10\\\/15\\\/cop-e-o-lugar-para-resolver-financiamento-climatico-diz-economista\\\/\",\"url\":\"https:\\\/\\\/mrnews.com.br\\\/index.php\\\/2025\\\/10\\\/15\\\/cop-e-o-lugar-para-resolver-financiamento-climatico-diz-economista\\\/\",\"name\":\"\u201cCOP \u00e9 o lugar para resolver financiamento clim\u00e1tico\u201d, diz economista\",\"isPartOf\":{\"@id\":\"https:\\\/\\\/mrnews.com.br\\\/#website\"},\"datePublished\":\"2025-10-15T13:07:39+00:00\",\"breadcrumb\":{\"@id\":\"https:\\\/\\\/mrnews.com.br\\\/index.php\\\/2025\\\/10\\\/15\\\/cop-e-o-lugar-para-resolver-financiamento-climatico-diz-economista\\\/#breadcrumb\"},\"inLanguage\":\"pt-BR\",\"potentialAction\":[{\"@type\":\"ReadAction\",\"target\":[\"https:\\\/\\\/mrnews.com.br\\\/index.php\\\/2025\\\/10\\\/15\\\/cop-e-o-lugar-para-resolver-financiamento-climatico-diz-economista\\\/\"]}]},{\"@type\":\"BreadcrumbList\",\"@id\":\"https:\\\/\\\/mrnews.com.br\\\/index.php\\\/2025\\\/10\\\/15\\\/cop-e-o-lugar-para-resolver-financiamento-climatico-diz-economista\\\/#breadcrumb\",\"itemListElement\":[{\"@type\":\"ListItem\",\"position\":1,\"name\":\"In\u00edcio\",\"item\":\"https:\\\/\\\/mrnews.com.br\\\/\"},{\"@type\":\"ListItem\",\"position\":2,\"name\":\"\u201cCOP \u00e9 o lugar para resolver financiamento clim\u00e1tico\u201d, diz economista\"}]},{\"@type\":\"WebSite\",\"@id\":\"https:\\\/\\\/mrnews.com.br\\\/#website\",\"url\":\"https:\\\/\\\/mrnews.com.br\\\/\",\"name\":\"MRNews\",\"description\":\"MRNews Jogos de hoje da TV, transmiss\u00f5es ao vivo, Not\u00edcias de futebol, Jogos ao vivo, Lives, resumo de novelas, Programa\u00e7\u00e3o da Globo, A Fazenda e BBB\",\"publisher\":{\"@id\":\"https:\\\/\\\/mrnews.com.br\\\/#organization\"},\"potentialAction\":[{\"@type\":\"SearchAction\",\"target\":{\"@type\":\"EntryPoint\",\"urlTemplate\":\"https:\\\/\\\/mrnews.com.br\\\/?s={search_term_string}\"},\"query-input\":{\"@type\":\"PropertyValueSpecification\",\"valueRequired\":true,\"valueName\":\"search_term_string\"}}],\"inLanguage\":\"pt-BR\"},{\"@type\":\"Organization\",\"@id\":\"https:\\\/\\\/mrnews.com.br\\\/#organization\",\"name\":\"MRNews\",\"url\":\"https:\\\/\\\/mrnews.com.br\\\/\",\"logo\":{\"@type\":\"ImageObject\",\"inLanguage\":\"pt-BR\",\"@id\":\"https:\\\/\\\/mrnews.com.br\\\/#\\\/schema\\\/logo\\\/image\\\/\",\"url\":\"https:\\\/\\\/mrnews.com.br\\\/wp-content\\\/uploads\\\/2019\\\/06\\\/MRNewslogo2.png\",\"contentUrl\":\"https:\\\/\\\/mrnews.com.br\\\/wp-content\\\/uploads\\\/2019\\\/06\\\/MRNewslogo2.png\",\"width\":223,\"height\":58,\"caption\":\"MRNews\"},\"image\":{\"@id\":\"https:\\\/\\\/mrnews.com.br\\\/#\\\/schema\\\/logo\\\/image\\\/\"},\"sameAs\":[\"https:\\\/\\\/www.facebook.com\\\/eaipahpah\\\/?locale2=pt_BR\",\"https:\\\/\\\/x.com\\\/conspirou\",\"https:\\\/\\\/www.instagram.com\\\/eai_pahpah\",\"https:\\\/\\\/br.pinterest.com\\\/mrnewsn\\\/boards\\\/\",\"https:\\\/\\\/www.youtube.com\\\/channel\\\/UCacgnpznQ61fifLWr1tQ-vA?view_as=subscriber\"]},{\"@type\":\"Person\",\"@id\":\"https:\\\/\\\/mrnews.com.br\\\/#\\\/schema\\\/person\\\/be3203154562a9f207407861cef7827b\",\"name\":\"MR News\",\"image\":{\"@type\":\"ImageObject\",\"inLanguage\":\"pt-BR\",\"@id\":\"https:\\\/\\\/secure.gravatar.com\\\/avatar\\\/04084e6d73c042b8646e7c17b494073bf0ede3ea13c7105cfc45cbbbc28385a4?s=96&d=monsterid&r=g\",\"url\":\"https:\\\/\\\/secure.gravatar.com\\\/avatar\\\/04084e6d73c042b8646e7c17b494073bf0ede3ea13c7105cfc45cbbbc28385a4?s=96&d=monsterid&r=g\",\"contentUrl\":\"https:\\\/\\\/secure.gravatar.com\\\/avatar\\\/04084e6d73c042b8646e7c17b494073bf0ede3ea13c7105cfc45cbbbc28385a4?s=96&d=monsterid&r=g\",\"caption\":\"MR News\"},\"description\":\"Especializado em jornalismo colaborativo pela FTP em n\u00edvel de p\u00f3s-gradua\u00e7\u00e3o. suporte@oimeliga.combr\",\"sameAs\":[\"HUGO R.\",\"Admin\"],\"url\":\"https:\\\/\\\/mrnews.com.br\\\/index.php\\\/author\\\/admin\\\/\"}]}<\/script>\n<!-- \/ Yoast SEO plugin. -->","yoast_head_json":{"title":"\u201cCOP \u00e9 o lugar para resolver financiamento clim\u00e1tico\u201d, diz economista","robots":{"index":"index","follow":"follow","max-snippet":"max-snippet:-1","max-image-preview":"max-image-preview:large","max-video-preview":"max-video-preview:-1"},"canonical":"https:\/\/mrnews.com.br\/index.php\/2025\/10\/15\/cop-e-o-lugar-para-resolver-financiamento-climatico-diz-economista\/","og_locale":"pt_BR","og_type":"article","og_title":"\u201cCOP \u00e9 o lugar para resolver financiamento clim\u00e1tico\u201d, diz economista","og_description":"Por EBC, O economista Jos\u00e9 Alexandre Scheinkman, professor da Universidade de Columbia e integrante do conselho consultivo de finan\u00e7as da presid\u00eancia brasileira da Confer\u00eancia das Na\u00e7\u00f5es Unidas sobre Mudan\u00e7as Clim\u00e1ticas (COP30), afirma que o multilateralismo \u00e9 o espa\u00e7o para solucionar o desafio sobre o fluxo de financiamento clim\u00e1tico dos pa\u00edses em desenvolvimento. \u201cA COP \u00e9 &hellip;","og_url":"https:\/\/mrnews.com.br\/index.php\/2025\/10\/15\/cop-e-o-lugar-para-resolver-financiamento-climatico-diz-economista\/","og_site_name":"MRNews","article_publisher":"https:\/\/www.facebook.com\/eaipahpah\/?locale2=pt_BR","article_published_time":"2025-10-15T13:07:39+00:00","author":"MR News","twitter_card":"summary_large_image","twitter_creator":"@conspirou","twitter_site":"@conspirou","twitter_misc":{"Escrito por":"MR News","Est. tempo de leitura":"4 minutos"},"schema":{"@context":"https:\/\/schema.org","@graph":[{"@type":"Article","@id":"https:\/\/mrnews.com.br\/index.php\/2025\/10\/15\/cop-e-o-lugar-para-resolver-financiamento-climatico-diz-economista\/#article","isPartOf":{"@id":"https:\/\/mrnews.com.br\/index.php\/2025\/10\/15\/cop-e-o-lugar-para-resolver-financiamento-climatico-diz-economista\/"},"author":{"name":"MR News","@id":"https:\/\/mrnews.com.br\/#\/schema\/person\/be3203154562a9f207407861cef7827b"},"headline":"\u201cCOP \u00e9 o lugar para resolver financiamento clim\u00e1tico\u201d, diz economista","datePublished":"2025-10-15T13:07:39+00:00","mainEntityOfPage":{"@id":"https:\/\/mrnews.com.br\/index.php\/2025\/10\/15\/cop-e-o-lugar-para-resolver-financiamento-climatico-diz-economista\/"},"wordCount":885,"commentCount":0,"publisher":{"@id":"https:\/\/mrnews.com.br\/#organization"},"articleSection":["ENTRETENIMENTO","NOTICIAS","SERVI\u00c7OS"],"inLanguage":"pt-BR","potentialAction":[{"@type":"CommentAction","name":"Comment","target":["https:\/\/mrnews.com.br\/index.php\/2025\/10\/15\/cop-e-o-lugar-para-resolver-financiamento-climatico-diz-economista\/#respond"]}]},{"@type":"WebPage","@id":"https:\/\/mrnews.com.br\/index.php\/2025\/10\/15\/cop-e-o-lugar-para-resolver-financiamento-climatico-diz-economista\/","url":"https:\/\/mrnews.com.br\/index.php\/2025\/10\/15\/cop-e-o-lugar-para-resolver-financiamento-climatico-diz-economista\/","name":"\u201cCOP \u00e9 o lugar para resolver financiamento clim\u00e1tico\u201d, diz economista","isPartOf":{"@id":"https:\/\/mrnews.com.br\/#website"},"datePublished":"2025-10-15T13:07:39+00:00","breadcrumb":{"@id":"https:\/\/mrnews.com.br\/index.php\/2025\/10\/15\/cop-e-o-lugar-para-resolver-financiamento-climatico-diz-economista\/#breadcrumb"},"inLanguage":"pt-BR","potentialAction":[{"@type":"ReadAction","target":["https:\/\/mrnews.com.br\/index.php\/2025\/10\/15\/cop-e-o-lugar-para-resolver-financiamento-climatico-diz-economista\/"]}]},{"@type":"BreadcrumbList","@id":"https:\/\/mrnews.com.br\/index.php\/2025\/10\/15\/cop-e-o-lugar-para-resolver-financiamento-climatico-diz-economista\/#breadcrumb","itemListElement":[{"@type":"ListItem","position":1,"name":"In\u00edcio","item":"https:\/\/mrnews.com.br\/"},{"@type":"ListItem","position":2,"name":"\u201cCOP \u00e9 o lugar para resolver financiamento clim\u00e1tico\u201d, diz economista"}]},{"@type":"WebSite","@id":"https:\/\/mrnews.com.br\/#website","url":"https:\/\/mrnews.com.br\/","name":"MRNews","description":"MRNews Jogos de hoje da TV, transmiss\u00f5es ao vivo, Not\u00edcias de futebol, Jogos ao vivo, Lives, resumo de novelas, Programa\u00e7\u00e3o da Globo, A Fazenda e BBB","publisher":{"@id":"https:\/\/mrnews.com.br\/#organization"},"potentialAction":[{"@type":"SearchAction","target":{"@type":"EntryPoint","urlTemplate":"https:\/\/mrnews.com.br\/?s={search_term_string}"},"query-input":{"@type":"PropertyValueSpecification","valueRequired":true,"valueName":"search_term_string"}}],"inLanguage":"pt-BR"},{"@type":"Organization","@id":"https:\/\/mrnews.com.br\/#organization","name":"MRNews","url":"https:\/\/mrnews.com.br\/","logo":{"@type":"ImageObject","inLanguage":"pt-BR","@id":"https:\/\/mrnews.com.br\/#\/schema\/logo\/image\/","url":"https:\/\/mrnews.com.br\/wp-content\/uploads\/2019\/06\/MRNewslogo2.png","contentUrl":"https:\/\/mrnews.com.br\/wp-content\/uploads\/2019\/06\/MRNewslogo2.png","width":223,"height":58,"caption":"MRNews"},"image":{"@id":"https:\/\/mrnews.com.br\/#\/schema\/logo\/image\/"},"sameAs":["https:\/\/www.facebook.com\/eaipahpah\/?locale2=pt_BR","https:\/\/x.com\/conspirou","https:\/\/www.instagram.com\/eai_pahpah","https:\/\/br.pinterest.com\/mrnewsn\/boards\/","https:\/\/www.youtube.com\/channel\/UCacgnpznQ61fifLWr1tQ-vA?view_as=subscriber"]},{"@type":"Person","@id":"https:\/\/mrnews.com.br\/#\/schema\/person\/be3203154562a9f207407861cef7827b","name":"MR News","image":{"@type":"ImageObject","inLanguage":"pt-BR","@id":"https:\/\/secure.gravatar.com\/avatar\/04084e6d73c042b8646e7c17b494073bf0ede3ea13c7105cfc45cbbbc28385a4?s=96&d=monsterid&r=g","url":"https:\/\/secure.gravatar.com\/avatar\/04084e6d73c042b8646e7c17b494073bf0ede3ea13c7105cfc45cbbbc28385a4?s=96&d=monsterid&r=g","contentUrl":"https:\/\/secure.gravatar.com\/avatar\/04084e6d73c042b8646e7c17b494073bf0ede3ea13c7105cfc45cbbbc28385a4?s=96&d=monsterid&r=g","caption":"MR News"},"description":"Especializado em jornalismo colaborativo pela FTP em n\u00edvel de p\u00f3s-gradua\u00e7\u00e3o. suporte@oimeliga.combr","sameAs":["HUGO R.","Admin"],"url":"https:\/\/mrnews.com.br\/index.php\/author\/admin\/"}]}},"jetpack_featured_media_url":"","jetpack_sharing_enabled":true,"jetpack_shortlink":"https:\/\/wp.me\/pa2Qf7-1TgZ","amp_enabled":true,"_links":{"self":[{"href":"https:\/\/mrnews.com.br\/index.php\/wp-json\/wp\/v2\/posts\/450801","targetHints":{"allow":["GET"]}}],"collection":[{"href":"https:\/\/mrnews.com.br\/index.php\/wp-json\/wp\/v2\/posts"}],"about":[{"href":"https:\/\/mrnews.com.br\/index.php\/wp-json\/wp\/v2\/types\/post"}],"author":[{"embeddable":true,"href":"https:\/\/mrnews.com.br\/index.php\/wp-json\/wp\/v2\/users\/1"}],"replies":[{"embeddable":true,"href":"https:\/\/mrnews.com.br\/index.php\/wp-json\/wp\/v2\/comments?post=450801"}],"version-history":[{"count":0,"href":"https:\/\/mrnews.com.br\/index.php\/wp-json\/wp\/v2\/posts\/450801\/revisions"}],"wp:attachment":[{"href":"https:\/\/mrnews.com.br\/index.php\/wp-json\/wp\/v2\/media?parent=450801"}],"wp:term":[{"taxonomy":"category","embeddable":true,"href":"https:\/\/mrnews.com.br\/index.php\/wp-json\/wp\/v2\/categories?post=450801"},{"taxonomy":"post_tag","embeddable":true,"href":"https:\/\/mrnews.com.br\/index.php\/wp-json\/wp\/v2\/tags?post=450801"}],"curies":[{"name":"wp","href":"https:\/\/api.w.org\/{rel}","templated":true}]}}