{"id":450840,"date":"2025-10-15T23:25:39","date_gmt":"2025-10-16T02:25:39","guid":{"rendered":"https:\/\/mrnews.com.br\/index.php\/2025\/10\/15\/tcu-suspende-exigencia-de-governo-buscar-centro-da-meta-fiscal-em-2025\/"},"modified":"2025-10-15T23:25:39","modified_gmt":"2025-10-16T02:25:39","slug":"tcu-suspende-exigencia-de-governo-buscar-centro-da-meta-fiscal-em-2025","status":"publish","type":"post","link":"https:\/\/mrnews.com.br\/index.php\/2025\/10\/15\/tcu-suspende-exigencia-de-governo-buscar-centro-da-meta-fiscal-em-2025\/","title":{"rendered":"TCU suspende exig\u00eancia de governo buscar centro da meta fiscal em 2025"},"content":{"rendered":"<p>Por EBC, <\/p>\n<div>\n<p>Em uma decis\u00e3o que traz al\u00edvio ao governo, o <strong>Tribunal de Contas da Uni\u00e3o (TCU) aceitou nesta quarta-feira (15) recurso da Advocacia-Geral da Uni\u00e3o (AGU) e suspendeu a exig\u00eancia de que o governo federal busque o centro da meta fiscal<\/strong>, d\u00e9ficit zero para 2025.<\/p>\n<p>A medida, tomada de forma monocr\u00e1tica pelo ministro Benjamin Zymler, representa uma vit\u00f3ria expressiva para o Executivo, ao <strong>afastar, ao menos por ora, o risco de um bloqueio adicional de at\u00e9 R$ 31 bilh\u00f5es no Or\u00e7amento deste ano<\/strong>.<\/p>\n<p>Em setembro, os<strong> ministros do TCU haviam emitido um alerta de que o governo que deveria perseguir o resultado central da meta de resultado prim\u00e1rio<\/strong>, considerado um sinal de compromisso com a responsabilidade fiscal.<\/p>\n<p>A\u00a0 <strong>AGU, no entanto, argumentou que a interpreta\u00e7\u00e3o mais adequada da norma seria o cumprimento dentro da banda de toler\u00e2ncia<\/strong> \u2014 que admite varia\u00e7\u00e3o de 0,25% do Produto Interno Bruto (PIB) para cima ou para baixo.<\/p>\n<p>Na pr\u00e1tica, <strong>isso permite \u00e0 Uni\u00e3o trabalhar com o limite inferior da meta, um d\u00e9ficit de at\u00e9 R$ 31 bilh\u00f5es<\/strong>.<\/p>\n<h2>\u201cGrave risco\u201d \u00e0s pol\u00edticas p\u00fablicas<\/h2>\n<p>Ao acolher o recurso, <strong>Zymler justificou sua decis\u00e3o pela \u201cimpossibilidade pr\u00e1tica\u201d de impor novo contingenciamento neste ano e pelo \u201cgrave risco\u201d que um bloqueio adicional do Or\u00e7amento <\/strong>representaria para a execu\u00e7\u00e3o de pol\u00edticas p\u00fablicas essenciais. O ministro destacou ainda que o tema envolve \u201cmat\u00e9ria in\u00e9dita e complexa\u201d, com diverg\u00eancias de entendimento t\u00e9cnico tanto dentro do Executivo quanto no pr\u00f3prio tribunal.<\/p>\n<p>Na pr\u00e1tica, a decis\u00e3o de Zymler permite que o governo mire um d\u00e9ficit prim\u00e1rio de R$ 31 bilh\u00f5es no Or\u00e7amento de 2025. O <strong>governo sustentou que a imposi\u00e7\u00e3o do TCU comprometeria o funcionamento da m\u00e1quina p\u00fablica e paralisaria programas estrat\u00e9gicos<\/strong>, sobretudo em \u00e1reas sociais e de investimento.<\/p>\n<p>O relator acatou o argumento e concedeu efeito suspensivo at\u00e9 o julgamento definitivo do caso pelo plen\u00e1rio do tribunal.<\/p>\n<h2>Questionamentos sobre arcabou\u00e7o<\/h2>\n<p>A decis\u00e3o alivia de forma imediata a press\u00e3o sobre as contas federais e assegura maior previsibilidade \u00e0 execu\u00e7\u00e3o or\u00e7ament\u00e1ria de 2025. No entanto, diversos economistas alertam para os efeitos simb\u00f3licos da medida sobre a credibilidade das metas estabelecidas pelo arcabou\u00e7o fiscal.<\/p>\n<p>A controv\u00e9rsia traz o debate sobre a defini\u00e7\u00e3o de qual seria o \u201calvo\u201d correto da pol\u00edtica fiscal: o centro da meta, como defendia o TCU, ou o intervalo de toler\u00e2ncia previsto em lei, como sustenta o governo.<\/p>\n<p>A decis\u00e3o de Zymler, ao dar raz\u00e3o \u00e0 AGU, sinaliza uma mudan\u00e7a de entendimento que favorece a interpreta\u00e7\u00e3o mais ampla e pragm\u00e1tica da regra.<\/p>\n<p>O governo alega que o pacote de corte de gastos aprovado pelo Congresso no fim do ano passado\u00a0acabou com o \u201cdever de execu\u00e7\u00e3o\u201d do Or\u00e7amento, permitindo que o governo mirasse qualquer valor dentro da banda de toler\u00e2ncia do arcabou\u00e7o fiscal.<\/p>\n<p>Ainda que tempor\u00e1ria, a medida tem implica\u00e7\u00f5es pol\u00edticas relevantes sobre o marco fiscal do governo. Ela ocorre em meio \u00e0s negocia\u00e7\u00f5es da Lei de Diretrizes Or\u00e7ament\u00e1rias (LDO) e ao esfor\u00e7o do governo em manter a execu\u00e7\u00e3o de programas priorit\u00e1rios sem novos cortes.<\/p>\n<p>No Congresso e no TCU, por\u00e9m, o debate sobre a necessidade de preservar a disciplina fiscal continuar\u00e1 em 2026.<\/p>\n<p>A\u00a0decis\u00e3o de Zymler vale at\u00e9 o julgamento definitivo do caso pelo Plen\u00e1rio do TCU, previsto para 2026. O tribunal pode determinar a persegui\u00e7\u00e3o do centro da meta para o pr\u00f3ximo ano, estipulada em\u00a0super\u00e1vit prim\u00e1rio de R$ 34,3 bilh\u00f5es.<\/p>\n<p>Caso continue a permitir \u00e0 equipe econ\u00f4mica mirar o piso da meta, o governo poder\u00e1 terminar o pr\u00f3ximo ano com d\u00e9ficit zero, dentro da margem de toler\u00e2ncia de 0,25% do PIB.<\/p>\n<p>      <!-- Relacionada --><\/p>\n<p>            <!-- Relacionada -->\n    <\/div>\n","protected":false},"excerpt":{"rendered":"<p>Por EBC, Em uma decis\u00e3o que traz al\u00edvio ao governo, o Tribunal de Contas da Uni\u00e3o (TCU) aceitou nesta quarta-feira (15) recurso da Advocacia-Geral da Uni\u00e3o (AGU) e suspendeu a exig\u00eancia de que o governo federal busque o centro da meta fiscal, d\u00e9ficit zero para 2025. A medida, tomada de forma monocr\u00e1tica pelo ministro Benjamin &hellip;<\/p>\n","protected":false},"author":1,"featured_media":0,"comment_status":"open","ping_status":"open","sticky":false,"template":"","format":"standard","meta":{"_jetpack_memberships_contains_paid_content":false,"footnotes":""},"categories":[2,12225,4],"tags":[],"class_list":["post-450840","post","type-post","status-publish","format-standard","hentry","category-entretenimento","category-noticias","category-servicos"],"yoast_head":"<!-- This site is optimized with the Yoast SEO plugin v27.4 - https:\/\/yoast.com\/product\/yoast-seo-wordpress\/ -->\n<title>TCU suspende exig\u00eancia de governo buscar centro da meta fiscal em 2025<\/title>\n<meta name=\"robots\" content=\"index, follow, max-snippet:-1, max-image-preview:large, max-video-preview:-1\" \/>\n<link rel=\"canonical\" href=\"https:\/\/mrnews.com.br\/index.php\/2025\/10\/15\/tcu-suspende-exigencia-de-governo-buscar-centro-da-meta-fiscal-em-2025\/\" \/>\n<meta property=\"og:locale\" content=\"pt_BR\" \/>\n<meta property=\"og:type\" content=\"article\" \/>\n<meta property=\"og:title\" content=\"TCU suspende exig\u00eancia de governo buscar centro da meta fiscal em 2025\" \/>\n<meta property=\"og:description\" content=\"Por EBC, Em uma decis\u00e3o que traz al\u00edvio ao governo, o Tribunal de Contas da Uni\u00e3o (TCU) aceitou nesta quarta-feira (15) recurso da Advocacia-Geral da Uni\u00e3o (AGU) e suspendeu a exig\u00eancia de que o governo federal busque o centro da meta fiscal, d\u00e9ficit zero para 2025. A medida, tomada de forma monocr\u00e1tica pelo ministro Benjamin &hellip;\" \/>\n<meta property=\"og:url\" content=\"https:\/\/mrnews.com.br\/index.php\/2025\/10\/15\/tcu-suspende-exigencia-de-governo-buscar-centro-da-meta-fiscal-em-2025\/\" \/>\n<meta property=\"og:site_name\" content=\"MRNews\" \/>\n<meta property=\"article:publisher\" content=\"https:\/\/www.facebook.com\/eaipahpah\/?locale2=pt_BR\" \/>\n<meta property=\"article:published_time\" content=\"2025-10-16T02:25:39+00:00\" \/>\n<meta name=\"author\" content=\"MR News\" \/>\n<meta name=\"twitter:card\" content=\"summary_large_image\" \/>\n<meta name=\"twitter:creator\" content=\"@conspirou\" \/>\n<meta name=\"twitter:site\" content=\"@conspirou\" \/>\n<meta name=\"twitter:label1\" content=\"Escrito por\" \/>\n\t<meta name=\"twitter:data1\" content=\"MR News\" \/>\n\t<meta name=\"twitter:label2\" content=\"Est. tempo de leitura\" \/>\n\t<meta name=\"twitter:data2\" content=\"3 minutos\" \/>\n<script type=\"application\/ld+json\" class=\"yoast-schema-graph\">{\"@context\":\"https:\\\/\\\/schema.org\",\"@graph\":[{\"@type\":\"Article\",\"@id\":\"https:\\\/\\\/mrnews.com.br\\\/index.php\\\/2025\\\/10\\\/15\\\/tcu-suspende-exigencia-de-governo-buscar-centro-da-meta-fiscal-em-2025\\\/#article\",\"isPartOf\":{\"@id\":\"https:\\\/\\\/mrnews.com.br\\\/index.php\\\/2025\\\/10\\\/15\\\/tcu-suspende-exigencia-de-governo-buscar-centro-da-meta-fiscal-em-2025\\\/\"},\"author\":{\"name\":\"MR News\",\"@id\":\"https:\\\/\\\/mrnews.com.br\\\/#\\\/schema\\\/person\\\/be3203154562a9f207407861cef7827b\"},\"headline\":\"TCU suspende exig\u00eancia de governo buscar centro da meta fiscal em 2025\",\"datePublished\":\"2025-10-16T02:25:39+00:00\",\"mainEntityOfPage\":{\"@id\":\"https:\\\/\\\/mrnews.com.br\\\/index.php\\\/2025\\\/10\\\/15\\\/tcu-suspende-exigencia-de-governo-buscar-centro-da-meta-fiscal-em-2025\\\/\"},\"wordCount\":662,\"commentCount\":0,\"publisher\":{\"@id\":\"https:\\\/\\\/mrnews.com.br\\\/#organization\"},\"articleSection\":[\"ENTRETENIMENTO\",\"NOTICIAS\",\"SERVI\u00c7OS\"],\"inLanguage\":\"pt-BR\",\"potentialAction\":[{\"@type\":\"CommentAction\",\"name\":\"Comment\",\"target\":[\"https:\\\/\\\/mrnews.com.br\\\/index.php\\\/2025\\\/10\\\/15\\\/tcu-suspende-exigencia-de-governo-buscar-centro-da-meta-fiscal-em-2025\\\/#respond\"]}]},{\"@type\":\"WebPage\",\"@id\":\"https:\\\/\\\/mrnews.com.br\\\/index.php\\\/2025\\\/10\\\/15\\\/tcu-suspende-exigencia-de-governo-buscar-centro-da-meta-fiscal-em-2025\\\/\",\"url\":\"https:\\\/\\\/mrnews.com.br\\\/index.php\\\/2025\\\/10\\\/15\\\/tcu-suspende-exigencia-de-governo-buscar-centro-da-meta-fiscal-em-2025\\\/\",\"name\":\"TCU suspende exig\u00eancia de governo buscar centro da meta fiscal em 2025\",\"isPartOf\":{\"@id\":\"https:\\\/\\\/mrnews.com.br\\\/#website\"},\"datePublished\":\"2025-10-16T02:25:39+00:00\",\"breadcrumb\":{\"@id\":\"https:\\\/\\\/mrnews.com.br\\\/index.php\\\/2025\\\/10\\\/15\\\/tcu-suspende-exigencia-de-governo-buscar-centro-da-meta-fiscal-em-2025\\\/#breadcrumb\"},\"inLanguage\":\"pt-BR\",\"potentialAction\":[{\"@type\":\"ReadAction\",\"target\":[\"https:\\\/\\\/mrnews.com.br\\\/index.php\\\/2025\\\/10\\\/15\\\/tcu-suspende-exigencia-de-governo-buscar-centro-da-meta-fiscal-em-2025\\\/\"]}]},{\"@type\":\"BreadcrumbList\",\"@id\":\"https:\\\/\\\/mrnews.com.br\\\/index.php\\\/2025\\\/10\\\/15\\\/tcu-suspende-exigencia-de-governo-buscar-centro-da-meta-fiscal-em-2025\\\/#breadcrumb\",\"itemListElement\":[{\"@type\":\"ListItem\",\"position\":1,\"name\":\"In\u00edcio\",\"item\":\"https:\\\/\\\/mrnews.com.br\\\/\"},{\"@type\":\"ListItem\",\"position\":2,\"name\":\"TCU suspende exig\u00eancia de governo buscar centro da meta fiscal em 2025\"}]},{\"@type\":\"WebSite\",\"@id\":\"https:\\\/\\\/mrnews.com.br\\\/#website\",\"url\":\"https:\\\/\\\/mrnews.com.br\\\/\",\"name\":\"MRNews\",\"description\":\"MRNews Jogos de hoje da TV, transmiss\u00f5es ao vivo, Not\u00edcias de futebol, Jogos ao vivo, Lives, resumo de novelas, Programa\u00e7\u00e3o da Globo, A Fazenda e BBB\",\"publisher\":{\"@id\":\"https:\\\/\\\/mrnews.com.br\\\/#organization\"},\"potentialAction\":[{\"@type\":\"SearchAction\",\"target\":{\"@type\":\"EntryPoint\",\"urlTemplate\":\"https:\\\/\\\/mrnews.com.br\\\/?s={search_term_string}\"},\"query-input\":{\"@type\":\"PropertyValueSpecification\",\"valueRequired\":true,\"valueName\":\"search_term_string\"}}],\"inLanguage\":\"pt-BR\"},{\"@type\":\"Organization\",\"@id\":\"https:\\\/\\\/mrnews.com.br\\\/#organization\",\"name\":\"MRNews\",\"url\":\"https:\\\/\\\/mrnews.com.br\\\/\",\"logo\":{\"@type\":\"ImageObject\",\"inLanguage\":\"pt-BR\",\"@id\":\"https:\\\/\\\/mrnews.com.br\\\/#\\\/schema\\\/logo\\\/image\\\/\",\"url\":\"https:\\\/\\\/mrnews.com.br\\\/wp-content\\\/uploads\\\/2019\\\/06\\\/MRNewslogo2.png\",\"contentUrl\":\"https:\\\/\\\/mrnews.com.br\\\/wp-content\\\/uploads\\\/2019\\\/06\\\/MRNewslogo2.png\",\"width\":223,\"height\":58,\"caption\":\"MRNews\"},\"image\":{\"@id\":\"https:\\\/\\\/mrnews.com.br\\\/#\\\/schema\\\/logo\\\/image\\\/\"},\"sameAs\":[\"https:\\\/\\\/www.facebook.com\\\/eaipahpah\\\/?locale2=pt_BR\",\"https:\\\/\\\/x.com\\\/conspirou\",\"https:\\\/\\\/www.instagram.com\\\/eai_pahpah\",\"https:\\\/\\\/br.pinterest.com\\\/mrnewsn\\\/boards\\\/\",\"https:\\\/\\\/www.youtube.com\\\/channel\\\/UCacgnpznQ61fifLWr1tQ-vA?view_as=subscriber\"]},{\"@type\":\"Person\",\"@id\":\"https:\\\/\\\/mrnews.com.br\\\/#\\\/schema\\\/person\\\/be3203154562a9f207407861cef7827b\",\"name\":\"MR News\",\"image\":{\"@type\":\"ImageObject\",\"inLanguage\":\"pt-BR\",\"@id\":\"https:\\\/\\\/secure.gravatar.com\\\/avatar\\\/04084e6d73c042b8646e7c17b494073bf0ede3ea13c7105cfc45cbbbc28385a4?s=96&d=monsterid&r=g\",\"url\":\"https:\\\/\\\/secure.gravatar.com\\\/avatar\\\/04084e6d73c042b8646e7c17b494073bf0ede3ea13c7105cfc45cbbbc28385a4?s=96&d=monsterid&r=g\",\"contentUrl\":\"https:\\\/\\\/secure.gravatar.com\\\/avatar\\\/04084e6d73c042b8646e7c17b494073bf0ede3ea13c7105cfc45cbbbc28385a4?s=96&d=monsterid&r=g\",\"caption\":\"MR News\"},\"description\":\"Especializado em jornalismo colaborativo pela FTP em n\u00edvel de p\u00f3s-gradua\u00e7\u00e3o. suporte@oimeliga.combr\",\"sameAs\":[\"HUGO R.\",\"Admin\"],\"url\":\"https:\\\/\\\/mrnews.com.br\\\/index.php\\\/author\\\/admin\\\/\"}]}<\/script>\n<!-- \/ Yoast SEO plugin. -->","yoast_head_json":{"title":"TCU suspende exig\u00eancia de governo buscar centro da meta fiscal em 2025","robots":{"index":"index","follow":"follow","max-snippet":"max-snippet:-1","max-image-preview":"max-image-preview:large","max-video-preview":"max-video-preview:-1"},"canonical":"https:\/\/mrnews.com.br\/index.php\/2025\/10\/15\/tcu-suspende-exigencia-de-governo-buscar-centro-da-meta-fiscal-em-2025\/","og_locale":"pt_BR","og_type":"article","og_title":"TCU suspende exig\u00eancia de governo buscar centro da meta fiscal em 2025","og_description":"Por EBC, Em uma decis\u00e3o que traz al\u00edvio ao governo, o Tribunal de Contas da Uni\u00e3o (TCU) aceitou nesta quarta-feira (15) recurso da Advocacia-Geral da Uni\u00e3o (AGU) e suspendeu a exig\u00eancia de que o governo federal busque o centro da meta fiscal, d\u00e9ficit zero para 2025. A medida, tomada de forma monocr\u00e1tica pelo ministro Benjamin &hellip;","og_url":"https:\/\/mrnews.com.br\/index.php\/2025\/10\/15\/tcu-suspende-exigencia-de-governo-buscar-centro-da-meta-fiscal-em-2025\/","og_site_name":"MRNews","article_publisher":"https:\/\/www.facebook.com\/eaipahpah\/?locale2=pt_BR","article_published_time":"2025-10-16T02:25:39+00:00","author":"MR News","twitter_card":"summary_large_image","twitter_creator":"@conspirou","twitter_site":"@conspirou","twitter_misc":{"Escrito por":"MR News","Est. tempo de leitura":"3 minutos"},"schema":{"@context":"https:\/\/schema.org","@graph":[{"@type":"Article","@id":"https:\/\/mrnews.com.br\/index.php\/2025\/10\/15\/tcu-suspende-exigencia-de-governo-buscar-centro-da-meta-fiscal-em-2025\/#article","isPartOf":{"@id":"https:\/\/mrnews.com.br\/index.php\/2025\/10\/15\/tcu-suspende-exigencia-de-governo-buscar-centro-da-meta-fiscal-em-2025\/"},"author":{"name":"MR News","@id":"https:\/\/mrnews.com.br\/#\/schema\/person\/be3203154562a9f207407861cef7827b"},"headline":"TCU suspende exig\u00eancia de governo buscar centro da meta fiscal em 2025","datePublished":"2025-10-16T02:25:39+00:00","mainEntityOfPage":{"@id":"https:\/\/mrnews.com.br\/index.php\/2025\/10\/15\/tcu-suspende-exigencia-de-governo-buscar-centro-da-meta-fiscal-em-2025\/"},"wordCount":662,"commentCount":0,"publisher":{"@id":"https:\/\/mrnews.com.br\/#organization"},"articleSection":["ENTRETENIMENTO","NOTICIAS","SERVI\u00c7OS"],"inLanguage":"pt-BR","potentialAction":[{"@type":"CommentAction","name":"Comment","target":["https:\/\/mrnews.com.br\/index.php\/2025\/10\/15\/tcu-suspende-exigencia-de-governo-buscar-centro-da-meta-fiscal-em-2025\/#respond"]}]},{"@type":"WebPage","@id":"https:\/\/mrnews.com.br\/index.php\/2025\/10\/15\/tcu-suspende-exigencia-de-governo-buscar-centro-da-meta-fiscal-em-2025\/","url":"https:\/\/mrnews.com.br\/index.php\/2025\/10\/15\/tcu-suspende-exigencia-de-governo-buscar-centro-da-meta-fiscal-em-2025\/","name":"TCU suspende exig\u00eancia de governo buscar centro da meta fiscal em 2025","isPartOf":{"@id":"https:\/\/mrnews.com.br\/#website"},"datePublished":"2025-10-16T02:25:39+00:00","breadcrumb":{"@id":"https:\/\/mrnews.com.br\/index.php\/2025\/10\/15\/tcu-suspende-exigencia-de-governo-buscar-centro-da-meta-fiscal-em-2025\/#breadcrumb"},"inLanguage":"pt-BR","potentialAction":[{"@type":"ReadAction","target":["https:\/\/mrnews.com.br\/index.php\/2025\/10\/15\/tcu-suspende-exigencia-de-governo-buscar-centro-da-meta-fiscal-em-2025\/"]}]},{"@type":"BreadcrumbList","@id":"https:\/\/mrnews.com.br\/index.php\/2025\/10\/15\/tcu-suspende-exigencia-de-governo-buscar-centro-da-meta-fiscal-em-2025\/#breadcrumb","itemListElement":[{"@type":"ListItem","position":1,"name":"In\u00edcio","item":"https:\/\/mrnews.com.br\/"},{"@type":"ListItem","position":2,"name":"TCU suspende exig\u00eancia de governo buscar centro da meta fiscal em 2025"}]},{"@type":"WebSite","@id":"https:\/\/mrnews.com.br\/#website","url":"https:\/\/mrnews.com.br\/","name":"MRNews","description":"MRNews Jogos de hoje da TV, transmiss\u00f5es ao vivo, Not\u00edcias de futebol, Jogos ao vivo, Lives, resumo de novelas, Programa\u00e7\u00e3o da Globo, A Fazenda e BBB","publisher":{"@id":"https:\/\/mrnews.com.br\/#organization"},"potentialAction":[{"@type":"SearchAction","target":{"@type":"EntryPoint","urlTemplate":"https:\/\/mrnews.com.br\/?s={search_term_string}"},"query-input":{"@type":"PropertyValueSpecification","valueRequired":true,"valueName":"search_term_string"}}],"inLanguage":"pt-BR"},{"@type":"Organization","@id":"https:\/\/mrnews.com.br\/#organization","name":"MRNews","url":"https:\/\/mrnews.com.br\/","logo":{"@type":"ImageObject","inLanguage":"pt-BR","@id":"https:\/\/mrnews.com.br\/#\/schema\/logo\/image\/","url":"https:\/\/mrnews.com.br\/wp-content\/uploads\/2019\/06\/MRNewslogo2.png","contentUrl":"https:\/\/mrnews.com.br\/wp-content\/uploads\/2019\/06\/MRNewslogo2.png","width":223,"height":58,"caption":"MRNews"},"image":{"@id":"https:\/\/mrnews.com.br\/#\/schema\/logo\/image\/"},"sameAs":["https:\/\/www.facebook.com\/eaipahpah\/?locale2=pt_BR","https:\/\/x.com\/conspirou","https:\/\/www.instagram.com\/eai_pahpah","https:\/\/br.pinterest.com\/mrnewsn\/boards\/","https:\/\/www.youtube.com\/channel\/UCacgnpznQ61fifLWr1tQ-vA?view_as=subscriber"]},{"@type":"Person","@id":"https:\/\/mrnews.com.br\/#\/schema\/person\/be3203154562a9f207407861cef7827b","name":"MR News","image":{"@type":"ImageObject","inLanguage":"pt-BR","@id":"https:\/\/secure.gravatar.com\/avatar\/04084e6d73c042b8646e7c17b494073bf0ede3ea13c7105cfc45cbbbc28385a4?s=96&d=monsterid&r=g","url":"https:\/\/secure.gravatar.com\/avatar\/04084e6d73c042b8646e7c17b494073bf0ede3ea13c7105cfc45cbbbc28385a4?s=96&d=monsterid&r=g","contentUrl":"https:\/\/secure.gravatar.com\/avatar\/04084e6d73c042b8646e7c17b494073bf0ede3ea13c7105cfc45cbbbc28385a4?s=96&d=monsterid&r=g","caption":"MR News"},"description":"Especializado em jornalismo colaborativo pela FTP em n\u00edvel de p\u00f3s-gradua\u00e7\u00e3o. suporte@oimeliga.combr","sameAs":["HUGO R.","Admin"],"url":"https:\/\/mrnews.com.br\/index.php\/author\/admin\/"}]}},"jetpack_featured_media_url":"","jetpack_sharing_enabled":true,"jetpack_shortlink":"https:\/\/wp.me\/pa2Qf7-1ThC","amp_enabled":true,"_links":{"self":[{"href":"https:\/\/mrnews.com.br\/index.php\/wp-json\/wp\/v2\/posts\/450840","targetHints":{"allow":["GET"]}}],"collection":[{"href":"https:\/\/mrnews.com.br\/index.php\/wp-json\/wp\/v2\/posts"}],"about":[{"href":"https:\/\/mrnews.com.br\/index.php\/wp-json\/wp\/v2\/types\/post"}],"author":[{"embeddable":true,"href":"https:\/\/mrnews.com.br\/index.php\/wp-json\/wp\/v2\/users\/1"}],"replies":[{"embeddable":true,"href":"https:\/\/mrnews.com.br\/index.php\/wp-json\/wp\/v2\/comments?post=450840"}],"version-history":[{"count":0,"href":"https:\/\/mrnews.com.br\/index.php\/wp-json\/wp\/v2\/posts\/450840\/revisions"}],"wp:attachment":[{"href":"https:\/\/mrnews.com.br\/index.php\/wp-json\/wp\/v2\/media?parent=450840"}],"wp:term":[{"taxonomy":"category","embeddable":true,"href":"https:\/\/mrnews.com.br\/index.php\/wp-json\/wp\/v2\/categories?post=450840"},{"taxonomy":"post_tag","embeddable":true,"href":"https:\/\/mrnews.com.br\/index.php\/wp-json\/wp\/v2\/tags?post=450840"}],"curies":[{"name":"wp","href":"https:\/\/api.w.org\/{rel}","templated":true}]}}