{"id":450887,"date":"2025-10-16T19:44:39","date_gmt":"2025-10-16T22:44:39","guid":{"rendered":"https:\/\/mrnews.com.br\/index.php\/2025\/10\/16\/quilombolas-lancam-ndc-propria-e-cobram-inclusao-na-politica-climatica\/"},"modified":"2025-10-16T19:44:39","modified_gmt":"2025-10-16T22:44:39","slug":"quilombolas-lancam-ndc-propria-e-cobram-inclusao-na-politica-climatica","status":"publish","type":"post","link":"https:\/\/mrnews.com.br\/index.php\/2025\/10\/16\/quilombolas-lancam-ndc-propria-e-cobram-inclusao-na-politica-climatica\/","title":{"rendered":"Quilombolas lan\u00e7am NDC pr\u00f3pria e cobram inclus\u00e3o na pol\u00edtica clim\u00e1tica"},"content":{"rendered":"<p>Por EBC, <\/p>\n<div>\n<p>A Coordena\u00e7\u00e3o Nacional de Articula\u00e7\u00e3o das Comunidades Negras Rurais Quilombolas (Conaq) lan\u00e7ou nesta quarta-feira (16) a Contribui\u00e7\u00e3o Nacionalmente Determinada (NDC) Quilombola, documento que apresenta demandas espec\u00edficas para serem incorporadas nos compromissos brasileiros de redu\u00e7\u00e3o das emiss\u00f5es de gases de efeito estufa at\u00e9 2035.<\/p>\n<p><strong>O documento prop\u00f5e que o Estado brasileiro reconhe\u00e7a os territ\u00f3rios quilombolas como parte essencial da pol\u00edtica clim\u00e1tica nacional. Segundo a Conaq, o lan\u00e7amento representa um marco hist\u00f3rico de justi\u00e7a clim\u00e1tica e repara\u00e7\u00e3o racial, ao articular saberes ancestrais e ci\u00eancia ambiental em um plano de a\u00e7\u00e3o com metas, prazos e indicadores claros.<\/strong><\/p>\n<blockquote>\n<p>\u201cOs quilombos n\u00e3o s\u00e3o apenas afetados pela crise clim\u00e1tica, mas s\u00e3o tamb\u00e9m parte central da solu\u00e7\u00e3o clim\u00e1tica. Ao protegermos nossos territ\u00f3rios, n\u00f3s quilombolas fazemos uma boa parte do trabalho de mitiga\u00e7\u00e3o e conserva\u00e7\u00e3o\u201d, disse Selma Dealdina, articuladora pol\u00edtica do Conaq.<\/p>\n<\/blockquote>\n<p><strong>Quilombos s\u00e3o tidos como barreiras eficazes contra o desmatamento.<\/strong> A titula\u00e7\u00e3o deles seria uma das pol\u00edticas clim\u00e1ticas mais baratas e eficientes do pa\u00eds, diz a Conaq. Segundo dados do MapBiomas citados no estudo, territ\u00f3rios quilombolas titulados perderam\u00a03,2% da vegeta\u00e7\u00e3o nativa entre 1985 e 2022 \u2014 menos da metade da taxa observada em \u00e1reas privadas (17%).<\/p>\n<p>O texto da NDC Quilombola destaca avan\u00e7os recentes da Organiza\u00e7\u00e3o das Na\u00e7\u00f5es Unidas (ONU), como o reconhecimento de afrodescendentes nas conven\u00e7\u00f5es sobre Biodiversidade (CDB) e Mudan\u00e7a do Clima (UNFCCC).<\/p>\n<p>Esses marcos, segundo a Conaq, abrem caminho para que quilombolas tenham acesso direto a financiamentos clim\u00e1ticos e voz ativa na COP30, que ser\u00e1 realizada em Bel\u00e9m. O documento reivindica que 40% dos recursos clim\u00e1ticos nacionais e internacionais sejam destinados diretamente \u00e0s comunidades quilombolas, incluindo fundos como o Fundo Clima, Fundo Amaz\u00f4nia e o Fundo Verde para o Clima.<\/p>\n<h2>Eixos estrat\u00e9gicos<\/h2>\n<p>A NDC Quilombola \u00e9 estruturada em tr\u00eas eixos:<\/p>\n<ul>\n<li>Ordenamento Territorial e Fundi\u00e1rio: metas para titular 44 territ\u00f3rios at\u00e9 2026, e 536 at\u00e9 2030, o que garantir\u00e1 seguran\u00e7a jur\u00eddica e manuten\u00e7\u00e3o de 1 bilh\u00e3o de toneladas de carbono;<\/li>\n<li>Transi\u00e7\u00e3o Energ\u00e9tica Justa e Consulta Pr\u00e9via: garantia de que comunidades quilombolas sejam consultadas em 1.385 projetos de minera\u00e7\u00e3o e infraestrutura, conforme a Conven\u00e7\u00e3o 169 da Organiza\u00e7\u00e3o Internacional do Trabalho (OIT).<\/li>\n<li>Desenvolvimento Sustent\u00e1vel com Justi\u00e7a Social, Racial e Clim\u00e1tica: implementa\u00e7\u00e3o de planos de adapta\u00e7\u00e3o, manejo tradicional, restaura\u00e7\u00e3o florestal e fortalecimento da Pol\u00edtica Nacional de Gest\u00e3o Territorial e Ambiental Quilombola (PNGTAQ).<\/li>\n<\/ul>\n<p>\u201cO entendimento sobre racismo ambiental \u00e9 fundamental para o Estado brasileiro. A sobreposi\u00e7\u00e3o de uma terra ind\u00edgena, quilombola ou unidade de conserva\u00e7\u00e3o \u00e9 racismo. A forma como os \u00f3rg\u00e3os ambientais atuam nesses territ\u00f3rios \u00e9 racismo. A NDC Quilombola busca trazer maior visibilidade para esses territ\u00f3rios na Amaz\u00f4nia Legal. O documento materializa informa\u00e7\u00f5es bem concretas para que o poder p\u00fablico possa agir de forma mais efetiva\u201d, diz Milene Maia, coordenadora do Programa de Pol\u00edtica e Direito Socioambiental do Instituto Socioambiental (ISA).<\/p>\n<p>      <!-- Relacionada --><\/p>\n<p>            <!-- Relacionada -->\n    <\/div>\n","protected":false},"excerpt":{"rendered":"<p>Por EBC, A Coordena\u00e7\u00e3o Nacional de Articula\u00e7\u00e3o das Comunidades Negras Rurais Quilombolas (Conaq) lan\u00e7ou nesta quarta-feira (16) a Contribui\u00e7\u00e3o Nacionalmente Determinada (NDC) Quilombola, documento que apresenta demandas espec\u00edficas para serem incorporadas nos compromissos brasileiros de redu\u00e7\u00e3o das emiss\u00f5es de gases de efeito estufa at\u00e9 2035. O documento prop\u00f5e que o Estado brasileiro reconhe\u00e7a os territ\u00f3rios &hellip;<\/p>\n","protected":false},"author":1,"featured_media":0,"comment_status":"open","ping_status":"open","sticky":false,"template":"","format":"standard","meta":{"_jetpack_memberships_contains_paid_content":false,"footnotes":""},"categories":[2,12225,4],"tags":[],"class_list":["post-450887","post","type-post","status-publish","format-standard","hentry","category-entretenimento","category-noticias","category-servicos"],"yoast_head":"<!-- This site is optimized with the Yoast SEO plugin v27.5 - https:\/\/yoast.com\/product\/yoast-seo-wordpress\/ -->\n<title>Quilombolas lan\u00e7am NDC pr\u00f3pria e cobram inclus\u00e3o na pol\u00edtica clim\u00e1tica<\/title>\n<meta name=\"robots\" content=\"index, follow, max-snippet:-1, max-image-preview:large, max-video-preview:-1\" \/>\n<link rel=\"canonical\" href=\"https:\/\/mrnews.com.br\/index.php\/2025\/10\/16\/quilombolas-lancam-ndc-propria-e-cobram-inclusao-na-politica-climatica\/\" \/>\n<meta property=\"og:locale\" content=\"pt_BR\" \/>\n<meta property=\"og:type\" content=\"article\" \/>\n<meta property=\"og:title\" content=\"Quilombolas lan\u00e7am NDC pr\u00f3pria e cobram inclus\u00e3o na pol\u00edtica clim\u00e1tica\" \/>\n<meta property=\"og:description\" content=\"Por EBC, A Coordena\u00e7\u00e3o Nacional de Articula\u00e7\u00e3o das Comunidades Negras Rurais Quilombolas (Conaq) lan\u00e7ou nesta quarta-feira (16) a Contribui\u00e7\u00e3o Nacionalmente Determinada (NDC) Quilombola, documento que apresenta demandas espec\u00edficas para serem incorporadas nos compromissos brasileiros de redu\u00e7\u00e3o das emiss\u00f5es de gases de efeito estufa at\u00e9 2035. O documento prop\u00f5e que o Estado brasileiro reconhe\u00e7a os territ\u00f3rios &hellip;\" \/>\n<meta property=\"og:url\" content=\"https:\/\/mrnews.com.br\/index.php\/2025\/10\/16\/quilombolas-lancam-ndc-propria-e-cobram-inclusao-na-politica-climatica\/\" \/>\n<meta property=\"og:site_name\" content=\"MRNews\" \/>\n<meta property=\"article:publisher\" content=\"https:\/\/www.facebook.com\/eaipahpah\/?locale2=pt_BR\" \/>\n<meta property=\"article:published_time\" content=\"2025-10-16T22:44:39+00:00\" \/>\n<meta name=\"author\" content=\"MR News\" \/>\n<meta name=\"twitter:card\" content=\"summary_large_image\" \/>\n<meta name=\"twitter:creator\" content=\"@conspirou\" \/>\n<meta name=\"twitter:site\" content=\"@conspirou\" \/>\n<meta name=\"twitter:label1\" content=\"Escrito por\" \/>\n\t<meta name=\"twitter:data1\" content=\"MR News\" \/>\n\t<meta name=\"twitter:label2\" content=\"Est. tempo de leitura\" \/>\n\t<meta name=\"twitter:data2\" content=\"3 minutos\" \/>\n<script type=\"application\/ld+json\" class=\"yoast-schema-graph\">{\"@context\":\"https:\\\/\\\/schema.org\",\"@graph\":[{\"@type\":\"Article\",\"@id\":\"https:\\\/\\\/mrnews.com.br\\\/index.php\\\/2025\\\/10\\\/16\\\/quilombolas-lancam-ndc-propria-e-cobram-inclusao-na-politica-climatica\\\/#article\",\"isPartOf\":{\"@id\":\"https:\\\/\\\/mrnews.com.br\\\/index.php\\\/2025\\\/10\\\/16\\\/quilombolas-lancam-ndc-propria-e-cobram-inclusao-na-politica-climatica\\\/\"},\"author\":{\"name\":\"MR News\",\"@id\":\"https:\\\/\\\/mrnews.com.br\\\/#\\\/schema\\\/person\\\/be3203154562a9f207407861cef7827b\"},\"headline\":\"Quilombolas lan\u00e7am NDC pr\u00f3pria e cobram inclus\u00e3o na pol\u00edtica clim\u00e1tica\",\"datePublished\":\"2025-10-16T22:44:39+00:00\",\"mainEntityOfPage\":{\"@id\":\"https:\\\/\\\/mrnews.com.br\\\/index.php\\\/2025\\\/10\\\/16\\\/quilombolas-lancam-ndc-propria-e-cobram-inclusao-na-politica-climatica\\\/\"},\"wordCount\":532,\"commentCount\":0,\"publisher\":{\"@id\":\"https:\\\/\\\/mrnews.com.br\\\/#organization\"},\"articleSection\":[\"ENTRETENIMENTO\",\"NOTICIAS\",\"SERVI\u00c7OS\"],\"inLanguage\":\"pt-BR\",\"potentialAction\":[{\"@type\":\"CommentAction\",\"name\":\"Comment\",\"target\":[\"https:\\\/\\\/mrnews.com.br\\\/index.php\\\/2025\\\/10\\\/16\\\/quilombolas-lancam-ndc-propria-e-cobram-inclusao-na-politica-climatica\\\/#respond\"]}]},{\"@type\":\"WebPage\",\"@id\":\"https:\\\/\\\/mrnews.com.br\\\/index.php\\\/2025\\\/10\\\/16\\\/quilombolas-lancam-ndc-propria-e-cobram-inclusao-na-politica-climatica\\\/\",\"url\":\"https:\\\/\\\/mrnews.com.br\\\/index.php\\\/2025\\\/10\\\/16\\\/quilombolas-lancam-ndc-propria-e-cobram-inclusao-na-politica-climatica\\\/\",\"name\":\"Quilombolas lan\u00e7am NDC pr\u00f3pria e cobram inclus\u00e3o na pol\u00edtica clim\u00e1tica\",\"isPartOf\":{\"@id\":\"https:\\\/\\\/mrnews.com.br\\\/#website\"},\"datePublished\":\"2025-10-16T22:44:39+00:00\",\"breadcrumb\":{\"@id\":\"https:\\\/\\\/mrnews.com.br\\\/index.php\\\/2025\\\/10\\\/16\\\/quilombolas-lancam-ndc-propria-e-cobram-inclusao-na-politica-climatica\\\/#breadcrumb\"},\"inLanguage\":\"pt-BR\",\"potentialAction\":[{\"@type\":\"ReadAction\",\"target\":[\"https:\\\/\\\/mrnews.com.br\\\/index.php\\\/2025\\\/10\\\/16\\\/quilombolas-lancam-ndc-propria-e-cobram-inclusao-na-politica-climatica\\\/\"]}]},{\"@type\":\"BreadcrumbList\",\"@id\":\"https:\\\/\\\/mrnews.com.br\\\/index.php\\\/2025\\\/10\\\/16\\\/quilombolas-lancam-ndc-propria-e-cobram-inclusao-na-politica-climatica\\\/#breadcrumb\",\"itemListElement\":[{\"@type\":\"ListItem\",\"position\":1,\"name\":\"In\u00edcio\",\"item\":\"https:\\\/\\\/mrnews.com.br\\\/\"},{\"@type\":\"ListItem\",\"position\":2,\"name\":\"Quilombolas lan\u00e7am NDC pr\u00f3pria e cobram inclus\u00e3o na pol\u00edtica clim\u00e1tica\"}]},{\"@type\":\"WebSite\",\"@id\":\"https:\\\/\\\/mrnews.com.br\\\/#website\",\"url\":\"https:\\\/\\\/mrnews.com.br\\\/\",\"name\":\"MRNews\",\"description\":\"MRNews Jogos de hoje da TV, transmiss\u00f5es ao vivo, Not\u00edcias de futebol, Jogos ao vivo, Lives, resumo de novelas, Programa\u00e7\u00e3o da Globo, A Fazenda e BBB\",\"publisher\":{\"@id\":\"https:\\\/\\\/mrnews.com.br\\\/#organization\"},\"potentialAction\":[{\"@type\":\"SearchAction\",\"target\":{\"@type\":\"EntryPoint\",\"urlTemplate\":\"https:\\\/\\\/mrnews.com.br\\\/?s={search_term_string}\"},\"query-input\":{\"@type\":\"PropertyValueSpecification\",\"valueRequired\":true,\"valueName\":\"search_term_string\"}}],\"inLanguage\":\"pt-BR\"},{\"@type\":\"Organization\",\"@id\":\"https:\\\/\\\/mrnews.com.br\\\/#organization\",\"name\":\"MRNews\",\"url\":\"https:\\\/\\\/mrnews.com.br\\\/\",\"logo\":{\"@type\":\"ImageObject\",\"inLanguage\":\"pt-BR\",\"@id\":\"https:\\\/\\\/mrnews.com.br\\\/#\\\/schema\\\/logo\\\/image\\\/\",\"url\":\"https:\\\/\\\/mrnews.com.br\\\/wp-content\\\/uploads\\\/2019\\\/06\\\/MRNewslogo2.png\",\"contentUrl\":\"https:\\\/\\\/mrnews.com.br\\\/wp-content\\\/uploads\\\/2019\\\/06\\\/MRNewslogo2.png\",\"width\":223,\"height\":58,\"caption\":\"MRNews\"},\"image\":{\"@id\":\"https:\\\/\\\/mrnews.com.br\\\/#\\\/schema\\\/logo\\\/image\\\/\"},\"sameAs\":[\"https:\\\/\\\/www.facebook.com\\\/eaipahpah\\\/?locale2=pt_BR\",\"https:\\\/\\\/x.com\\\/conspirou\",\"https:\\\/\\\/www.instagram.com\\\/eai_pahpah\",\"https:\\\/\\\/br.pinterest.com\\\/mrnewsn\\\/boards\\\/\",\"https:\\\/\\\/www.youtube.com\\\/channel\\\/UCacgnpznQ61fifLWr1tQ-vA?view_as=subscriber\"]},{\"@type\":\"Person\",\"@id\":\"https:\\\/\\\/mrnews.com.br\\\/#\\\/schema\\\/person\\\/be3203154562a9f207407861cef7827b\",\"name\":\"MR News\",\"image\":{\"@type\":\"ImageObject\",\"inLanguage\":\"pt-BR\",\"@id\":\"https:\\\/\\\/secure.gravatar.com\\\/avatar\\\/04084e6d73c042b8646e7c17b494073bf0ede3ea13c7105cfc45cbbbc28385a4?s=96&d=monsterid&r=g\",\"url\":\"https:\\\/\\\/secure.gravatar.com\\\/avatar\\\/04084e6d73c042b8646e7c17b494073bf0ede3ea13c7105cfc45cbbbc28385a4?s=96&d=monsterid&r=g\",\"contentUrl\":\"https:\\\/\\\/secure.gravatar.com\\\/avatar\\\/04084e6d73c042b8646e7c17b494073bf0ede3ea13c7105cfc45cbbbc28385a4?s=96&d=monsterid&r=g\",\"caption\":\"MR News\"},\"description\":\"Especializado em jornalismo colaborativo pela FTP em n\u00edvel de p\u00f3s-gradua\u00e7\u00e3o. suporte@oimeliga.combr\",\"sameAs\":[\"HUGO R.\",\"Admin\"],\"url\":\"https:\\\/\\\/mrnews.com.br\\\/index.php\\\/author\\\/admin\\\/\"}]}<\/script>\n<!-- \/ Yoast SEO plugin. -->","yoast_head_json":{"title":"Quilombolas lan\u00e7am NDC pr\u00f3pria e cobram inclus\u00e3o na pol\u00edtica clim\u00e1tica","robots":{"index":"index","follow":"follow","max-snippet":"max-snippet:-1","max-image-preview":"max-image-preview:large","max-video-preview":"max-video-preview:-1"},"canonical":"https:\/\/mrnews.com.br\/index.php\/2025\/10\/16\/quilombolas-lancam-ndc-propria-e-cobram-inclusao-na-politica-climatica\/","og_locale":"pt_BR","og_type":"article","og_title":"Quilombolas lan\u00e7am NDC pr\u00f3pria e cobram inclus\u00e3o na pol\u00edtica clim\u00e1tica","og_description":"Por EBC, A Coordena\u00e7\u00e3o Nacional de Articula\u00e7\u00e3o das Comunidades Negras Rurais Quilombolas (Conaq) lan\u00e7ou nesta quarta-feira (16) a Contribui\u00e7\u00e3o Nacionalmente Determinada (NDC) Quilombola, documento que apresenta demandas espec\u00edficas para serem incorporadas nos compromissos brasileiros de redu\u00e7\u00e3o das emiss\u00f5es de gases de efeito estufa at\u00e9 2035. O documento prop\u00f5e que o Estado brasileiro reconhe\u00e7a os territ\u00f3rios &hellip;","og_url":"https:\/\/mrnews.com.br\/index.php\/2025\/10\/16\/quilombolas-lancam-ndc-propria-e-cobram-inclusao-na-politica-climatica\/","og_site_name":"MRNews","article_publisher":"https:\/\/www.facebook.com\/eaipahpah\/?locale2=pt_BR","article_published_time":"2025-10-16T22:44:39+00:00","author":"MR News","twitter_card":"summary_large_image","twitter_creator":"@conspirou","twitter_site":"@conspirou","twitter_misc":{"Escrito por":"MR News","Est. tempo de leitura":"3 minutos"},"schema":{"@context":"https:\/\/schema.org","@graph":[{"@type":"Article","@id":"https:\/\/mrnews.com.br\/index.php\/2025\/10\/16\/quilombolas-lancam-ndc-propria-e-cobram-inclusao-na-politica-climatica\/#article","isPartOf":{"@id":"https:\/\/mrnews.com.br\/index.php\/2025\/10\/16\/quilombolas-lancam-ndc-propria-e-cobram-inclusao-na-politica-climatica\/"},"author":{"name":"MR News","@id":"https:\/\/mrnews.com.br\/#\/schema\/person\/be3203154562a9f207407861cef7827b"},"headline":"Quilombolas lan\u00e7am NDC pr\u00f3pria e cobram inclus\u00e3o na pol\u00edtica clim\u00e1tica","datePublished":"2025-10-16T22:44:39+00:00","mainEntityOfPage":{"@id":"https:\/\/mrnews.com.br\/index.php\/2025\/10\/16\/quilombolas-lancam-ndc-propria-e-cobram-inclusao-na-politica-climatica\/"},"wordCount":532,"commentCount":0,"publisher":{"@id":"https:\/\/mrnews.com.br\/#organization"},"articleSection":["ENTRETENIMENTO","NOTICIAS","SERVI\u00c7OS"],"inLanguage":"pt-BR","potentialAction":[{"@type":"CommentAction","name":"Comment","target":["https:\/\/mrnews.com.br\/index.php\/2025\/10\/16\/quilombolas-lancam-ndc-propria-e-cobram-inclusao-na-politica-climatica\/#respond"]}]},{"@type":"WebPage","@id":"https:\/\/mrnews.com.br\/index.php\/2025\/10\/16\/quilombolas-lancam-ndc-propria-e-cobram-inclusao-na-politica-climatica\/","url":"https:\/\/mrnews.com.br\/index.php\/2025\/10\/16\/quilombolas-lancam-ndc-propria-e-cobram-inclusao-na-politica-climatica\/","name":"Quilombolas lan\u00e7am NDC pr\u00f3pria e cobram inclus\u00e3o na pol\u00edtica clim\u00e1tica","isPartOf":{"@id":"https:\/\/mrnews.com.br\/#website"},"datePublished":"2025-10-16T22:44:39+00:00","breadcrumb":{"@id":"https:\/\/mrnews.com.br\/index.php\/2025\/10\/16\/quilombolas-lancam-ndc-propria-e-cobram-inclusao-na-politica-climatica\/#breadcrumb"},"inLanguage":"pt-BR","potentialAction":[{"@type":"ReadAction","target":["https:\/\/mrnews.com.br\/index.php\/2025\/10\/16\/quilombolas-lancam-ndc-propria-e-cobram-inclusao-na-politica-climatica\/"]}]},{"@type":"BreadcrumbList","@id":"https:\/\/mrnews.com.br\/index.php\/2025\/10\/16\/quilombolas-lancam-ndc-propria-e-cobram-inclusao-na-politica-climatica\/#breadcrumb","itemListElement":[{"@type":"ListItem","position":1,"name":"In\u00edcio","item":"https:\/\/mrnews.com.br\/"},{"@type":"ListItem","position":2,"name":"Quilombolas lan\u00e7am NDC pr\u00f3pria e cobram inclus\u00e3o na pol\u00edtica clim\u00e1tica"}]},{"@type":"WebSite","@id":"https:\/\/mrnews.com.br\/#website","url":"https:\/\/mrnews.com.br\/","name":"MRNews","description":"MRNews Jogos de hoje da TV, transmiss\u00f5es ao vivo, Not\u00edcias de futebol, Jogos ao vivo, Lives, resumo de novelas, Programa\u00e7\u00e3o da Globo, A Fazenda e BBB","publisher":{"@id":"https:\/\/mrnews.com.br\/#organization"},"potentialAction":[{"@type":"SearchAction","target":{"@type":"EntryPoint","urlTemplate":"https:\/\/mrnews.com.br\/?s={search_term_string}"},"query-input":{"@type":"PropertyValueSpecification","valueRequired":true,"valueName":"search_term_string"}}],"inLanguage":"pt-BR"},{"@type":"Organization","@id":"https:\/\/mrnews.com.br\/#organization","name":"MRNews","url":"https:\/\/mrnews.com.br\/","logo":{"@type":"ImageObject","inLanguage":"pt-BR","@id":"https:\/\/mrnews.com.br\/#\/schema\/logo\/image\/","url":"https:\/\/mrnews.com.br\/wp-content\/uploads\/2019\/06\/MRNewslogo2.png","contentUrl":"https:\/\/mrnews.com.br\/wp-content\/uploads\/2019\/06\/MRNewslogo2.png","width":223,"height":58,"caption":"MRNews"},"image":{"@id":"https:\/\/mrnews.com.br\/#\/schema\/logo\/image\/"},"sameAs":["https:\/\/www.facebook.com\/eaipahpah\/?locale2=pt_BR","https:\/\/x.com\/conspirou","https:\/\/www.instagram.com\/eai_pahpah","https:\/\/br.pinterest.com\/mrnewsn\/boards\/","https:\/\/www.youtube.com\/channel\/UCacgnpznQ61fifLWr1tQ-vA?view_as=subscriber"]},{"@type":"Person","@id":"https:\/\/mrnews.com.br\/#\/schema\/person\/be3203154562a9f207407861cef7827b","name":"MR News","image":{"@type":"ImageObject","inLanguage":"pt-BR","@id":"https:\/\/secure.gravatar.com\/avatar\/04084e6d73c042b8646e7c17b494073bf0ede3ea13c7105cfc45cbbbc28385a4?s=96&d=monsterid&r=g","url":"https:\/\/secure.gravatar.com\/avatar\/04084e6d73c042b8646e7c17b494073bf0ede3ea13c7105cfc45cbbbc28385a4?s=96&d=monsterid&r=g","contentUrl":"https:\/\/secure.gravatar.com\/avatar\/04084e6d73c042b8646e7c17b494073bf0ede3ea13c7105cfc45cbbbc28385a4?s=96&d=monsterid&r=g","caption":"MR News"},"description":"Especializado em jornalismo colaborativo pela FTP em n\u00edvel de p\u00f3s-gradua\u00e7\u00e3o. suporte@oimeliga.combr","sameAs":["HUGO R.","Admin"],"url":"https:\/\/mrnews.com.br\/index.php\/author\/admin\/"}]}},"jetpack_featured_media_url":"","jetpack_sharing_enabled":true,"jetpack_shortlink":"https:\/\/wp.me\/pa2Qf7-1Tin","amp_enabled":true,"_links":{"self":[{"href":"https:\/\/mrnews.com.br\/index.php\/wp-json\/wp\/v2\/posts\/450887","targetHints":{"allow":["GET"]}}],"collection":[{"href":"https:\/\/mrnews.com.br\/index.php\/wp-json\/wp\/v2\/posts"}],"about":[{"href":"https:\/\/mrnews.com.br\/index.php\/wp-json\/wp\/v2\/types\/post"}],"author":[{"embeddable":true,"href":"https:\/\/mrnews.com.br\/index.php\/wp-json\/wp\/v2\/users\/1"}],"replies":[{"embeddable":true,"href":"https:\/\/mrnews.com.br\/index.php\/wp-json\/wp\/v2\/comments?post=450887"}],"version-history":[{"count":0,"href":"https:\/\/mrnews.com.br\/index.php\/wp-json\/wp\/v2\/posts\/450887\/revisions"}],"wp:attachment":[{"href":"https:\/\/mrnews.com.br\/index.php\/wp-json\/wp\/v2\/media?parent=450887"}],"wp:term":[{"taxonomy":"category","embeddable":true,"href":"https:\/\/mrnews.com.br\/index.php\/wp-json\/wp\/v2\/categories?post=450887"},{"taxonomy":"post_tag","embeddable":true,"href":"https:\/\/mrnews.com.br\/index.php\/wp-json\/wp\/v2\/tags?post=450887"}],"curies":[{"name":"wp","href":"https:\/\/api.w.org\/{rel}","templated":true}]}}