{"id":450949,"date":"2025-10-17T23:02:39","date_gmt":"2025-10-18T02:02:39","guid":{"rendered":"https:\/\/mrnews.com.br\/index.php\/2025\/10\/17\/moradores-em-situacao-de-rua-sao-atacados-por-homens-armados-no-rio\/"},"modified":"2025-10-17T23:02:39","modified_gmt":"2025-10-18T02:02:39","slug":"moradores-em-situacao-de-rua-sao-atacados-por-homens-armados-no-rio","status":"publish","type":"post","link":"https:\/\/mrnews.com.br\/index.php\/2025\/10\/17\/moradores-em-situacao-de-rua-sao-atacados-por-homens-armados-no-rio\/","title":{"rendered":"Moradores em situa\u00e7\u00e3o de rua s\u00e3o atacados por homens armados no Rio"},"content":{"rendered":"<p>Por EBC, <\/p>\n<div>\n<p><strong>A Delegacia de Homic\u00eddio da Capital (DHC) ir\u00e1\u00a0investigar o ataque a tiros contra tr\u00eas homens em situa\u00e7\u00e3o de rua, na madrugada desta sexta-feira (17).<\/strong> Os atiradores desceram de um carro e fizeram disparos contra os homens que estavam embaixo do viaduto do Iraj\u00e1, na zona norte do Rio, onde moravam com outras pessoas na mesma condi\u00e7\u00e3o de vulnerabilidade social.<\/p>\n<p>Dois deles morreram no local e o terceiro foi levado para o Hospital Get\u00falio Vargas, na Penha, onde est\u00e1 internado em estado grave. Ele foi identificado como Ja\u00edlton Matias Anselmo, de 37 anos. \u00a0\u00a0<\/p>\n<p>Policiais militares do Batalh\u00e3o de Iraj\u00e1 atenderam a ocorr\u00eancia e isolaram o local para o trabalho da per\u00edcia.<\/p>\n<p><strong>Um dos mortos \u00e9 Ethervaldo Bispo dos Santos, de 52 anos, natural de Salvador e que sofria de sequelas de um acidente vascular cerebral isqu\u00eamico.<\/strong> Ele morava embaixo do viaduto h\u00e1 mais de 10 anos e era conhecido no bairro de Iraj\u00e1. Ele era percussionista e, devido a sequela da doen\u00e7a, participava dos ensaios do Movimento Afro Cultural Ilu Odara, um bloco afro inspirado nos ritmos de samba afro e reggae.<\/p>\n<p>O outro morto ainda n\u00e3o foi identificado.<\/p>\n<h2>Movimento Afro Cultural Ilu Odara<\/h2>\n<p>O idealizador do movimento, Lucas Xarar\u00e1, disse, pela rede social do bloco, ter sido surpreendido com o ataque.\u00a0<\/p>\n<p>\u201cHoje, n\u00f3s do Movimento Afro Batikum, fomos surpreendidos pela not\u00edcia de mais um atentado \u00e0 popula\u00e7\u00e3o em situa\u00e7\u00e3o de rua, desta vez, aos moradores que sempre nos acolheram sob o metr\u00f4 de Iraj\u00e1\u201d.<\/p>\n<p>De acordo com Xarar\u00e1, foi a Secretaria Municipal de Assist\u00eancia Social do Rio de Janeiro que o informou sobre a morte de Ethervaldo, que era conhecido como Bahia. \u201cEle n\u00e3o possu\u00eda documenta\u00e7\u00e3o e familiares no Rio. Em momentos de troca conosco, dizia que era natural de Salvador\u201d.<\/p>\n<blockquote>\n<p>\u201cFazemos aqui um apelo a todos amigos, apoiadores e autoridades, que nos ajudem a encontrar familiares ou pessoas que possam reconhec\u00ea-lo. Queremos garantir um sepultamento digno, preservar sua mem\u00f3ria e prestar a ele o respeito que merece\u201d, destacou.<\/p>\n<\/blockquote>\n<p><strong>\u201cQue este gesto de acolhida e luta seja tamb\u00e9m uma forma de denunciar a viol\u00eancia e o abandono que recai sobre quem menos pode se defender. Se voc\u00ea tiver qualquer informa\u00e7\u00e3o, por favor entre em contato com o Movimento Afro Batikum ou com os \u00f3rg\u00e3os competentes\u201d, concluiu o l\u00edder do bloco afro.<\/strong><\/p>\n<h2>Defensoria P\u00fablica<\/h2>\n<p>A subcoordenadora do N\u00facleo de Defesa dos Direitos Humanos (Nudedh) da Defensoria P\u00fablica do Rio, Cristiane Xavier,\u00a0esteve na Delegacia de Homic\u00eddios, no Hospital Get\u00falio Vargas e no Instituto M\u00e9dico Legal para acompanhar o caso.<\/p>\n<p>A defensoria\u00a0vai enviar of\u00edcio \u00e0s autoridades para garantir a preserva\u00e7\u00e3o de imagens eventualmente captadas por c\u00e2meras pr\u00f3ximas ao local do crime.<\/p>\n<p>J\u00e1 a Comiss\u00e3o de Defesa dos Direitos Humanos e Cidadania da Assembleia Legislativa do Estado do Rio de Janeiro (Alerj) repudiou o ataque a tiros.<\/p>\n<p>\u201cTemos acompanhado um avan\u00e7o perigoso de pr\u00e1ticas justiceiras e higienistas no Rio. A aus\u00eancia de pol\u00edticas p\u00fablicas s\u00e9rias, o aumento no n\u00famero de pessoas em situa\u00e7\u00e3o de rua e de abrigos insuficientes jamais pode justificar que algu\u00e9m saia atirando contra essas pessoas\u201d, disse a deputada Dani Monteiro, presidente da comiss\u00e3o.<\/p>\n<p><em>*Colaborou Vladimir Platonow, da <strong>TV Brasil<\/strong><\/em><\/p>\n<p>      <!-- Relacionada --><\/p>\n<p>            <!-- Relacionada -->\n    <\/div>\n","protected":false},"excerpt":{"rendered":"<p>Por EBC, A Delegacia de Homic\u00eddio da Capital (DHC) ir\u00e1\u00a0investigar o ataque a tiros contra tr\u00eas homens em situa\u00e7\u00e3o de rua, na madrugada desta sexta-feira (17). Os atiradores desceram de um carro e fizeram disparos contra os homens que estavam embaixo do viaduto do Iraj\u00e1, na zona norte do Rio, onde moravam com outras pessoas &hellip;<\/p>\n","protected":false},"author":1,"featured_media":0,"comment_status":"open","ping_status":"open","sticky":false,"template":"","format":"standard","meta":{"_jetpack_newsletter_access":"","_jetpack_dont_email_post_to_subs":false,"_jetpack_newsletter_tier_id":0,"_jetpack_memberships_contains_paywalled_content":false,"_jetpack_feature_clip_id":0,"_jetpack_memberships_contains_paid_content":false,"footnotes":"","jetpack_post_was_ever_published":false},"categories":[2,12225,4],"tags":[],"class_list":["post-450949","post","type-post","status-publish","format-standard","hentry","category-entretenimento","category-noticias","category-servicos"],"yoast_head":"<!-- This site is optimized with the Yoast SEO plugin v28.4 - https:\/\/yoast.com\/product\/yoast-seo-wordpress\/ -->\n<title>Moradores em situa\u00e7\u00e3o de rua s\u00e3o atacados por homens armados no Rio<\/title>\n<meta name=\"robots\" content=\"index, follow, max-snippet:-1, max-image-preview:large, max-video-preview:-1\" \/>\n<link rel=\"canonical\" href=\"https:\/\/mrnews.com.br\/index.php\/2025\/10\/17\/moradores-em-situacao-de-rua-sao-atacados-por-homens-armados-no-rio\/\" \/>\n<meta property=\"og:locale\" content=\"pt_BR\" \/>\n<meta property=\"og:type\" content=\"article\" \/>\n<meta property=\"og:title\" content=\"Moradores em situa\u00e7\u00e3o de rua s\u00e3o atacados por homens armados no Rio\" \/>\n<meta property=\"og:description\" content=\"Por EBC, A Delegacia de Homic\u00eddio da Capital (DHC) ir\u00e1\u00a0investigar o ataque a tiros contra tr\u00eas homens em situa\u00e7\u00e3o de rua, na madrugada desta sexta-feira (17). Os atiradores desceram de um carro e fizeram disparos contra os homens que estavam embaixo do viaduto do Iraj\u00e1, na zona norte do Rio, onde moravam com outras pessoas &hellip;\" \/>\n<meta property=\"og:url\" content=\"https:\/\/mrnews.com.br\/index.php\/2025\/10\/17\/moradores-em-situacao-de-rua-sao-atacados-por-homens-armados-no-rio\/\" \/>\n<meta property=\"og:site_name\" content=\"MRNews\" \/>\n<meta property=\"article:publisher\" content=\"https:\/\/www.facebook.com\/eaipahpah\/?locale2=pt_BR\" \/>\n<meta property=\"article:published_time\" content=\"2025-10-18T02:02:39+00:00\" \/>\n<meta name=\"author\" content=\"MR News\" \/>\n<meta name=\"twitter:card\" content=\"summary_large_image\" \/>\n<meta name=\"twitter:creator\" content=\"@conspirou\" \/>\n<meta name=\"twitter:site\" content=\"@conspirou\" \/>\n<meta name=\"twitter:label1\" content=\"Escrito por\" \/>\n\t<meta name=\"twitter:data1\" content=\"MR News\" \/>\n\t<meta name=\"twitter:label2\" content=\"Est. tempo de leitura\" \/>\n\t<meta name=\"twitter:data2\" content=\"3 minutos\" \/>\n<script type=\"application\/ld+json\" class=\"yoast-schema-graph\">{\"@context\":\"https:\\\/\\\/schema.org\",\"@graph\":[{\"@type\":\"Article\",\"@id\":\"https:\\\/\\\/mrnews.com.br\\\/index.php\\\/2025\\\/10\\\/17\\\/moradores-em-situacao-de-rua-sao-atacados-por-homens-armados-no-rio\\\/#article\",\"isPartOf\":{\"@id\":\"https:\\\/\\\/mrnews.com.br\\\/index.php\\\/2025\\\/10\\\/17\\\/moradores-em-situacao-de-rua-sao-atacados-por-homens-armados-no-rio\\\/\"},\"author\":{\"name\":\"MR News\",\"@id\":\"https:\\\/\\\/mrnews.com.br\\\/#\\\/schema\\\/person\\\/be3203154562a9f207407861cef7827b\"},\"headline\":\"Moradores em situa\u00e7\u00e3o de rua s\u00e3o atacados por homens armados no Rio\",\"datePublished\":\"2025-10-18T02:02:39+00:00\",\"mainEntityOfPage\":{\"@id\":\"https:\\\/\\\/mrnews.com.br\\\/index.php\\\/2025\\\/10\\\/17\\\/moradores-em-situacao-de-rua-sao-atacados-por-homens-armados-no-rio\\\/\"},\"wordCount\":580,\"commentCount\":0,\"publisher\":{\"@id\":\"https:\\\/\\\/mrnews.com.br\\\/#organization\"},\"articleSection\":[\"ENTRETENIMENTO\",\"NOTICIAS\",\"SERVI\u00c7OS\"],\"inLanguage\":\"pt-BR\",\"potentialAction\":[{\"@type\":\"CommentAction\",\"name\":\"Comment\",\"target\":[\"https:\\\/\\\/mrnews.com.br\\\/index.php\\\/2025\\\/10\\\/17\\\/moradores-em-situacao-de-rua-sao-atacados-por-homens-armados-no-rio\\\/#respond\"]}]},{\"@type\":\"WebPage\",\"@id\":\"https:\\\/\\\/mrnews.com.br\\\/index.php\\\/2025\\\/10\\\/17\\\/moradores-em-situacao-de-rua-sao-atacados-por-homens-armados-no-rio\\\/\",\"url\":\"https:\\\/\\\/mrnews.com.br\\\/index.php\\\/2025\\\/10\\\/17\\\/moradores-em-situacao-de-rua-sao-atacados-por-homens-armados-no-rio\\\/\",\"name\":\"Moradores em situa\u00e7\u00e3o de rua s\u00e3o atacados por homens armados no Rio\",\"isPartOf\":{\"@id\":\"https:\\\/\\\/mrnews.com.br\\\/#website\"},\"datePublished\":\"2025-10-18T02:02:39+00:00\",\"breadcrumb\":{\"@id\":\"https:\\\/\\\/mrnews.com.br\\\/index.php\\\/2025\\\/10\\\/17\\\/moradores-em-situacao-de-rua-sao-atacados-por-homens-armados-no-rio\\\/#breadcrumb\"},\"inLanguage\":\"pt-BR\",\"potentialAction\":[{\"@type\":\"ReadAction\",\"target\":[\"https:\\\/\\\/mrnews.com.br\\\/index.php\\\/2025\\\/10\\\/17\\\/moradores-em-situacao-de-rua-sao-atacados-por-homens-armados-no-rio\\\/\"]}]},{\"@type\":\"BreadcrumbList\",\"@id\":\"https:\\\/\\\/mrnews.com.br\\\/index.php\\\/2025\\\/10\\\/17\\\/moradores-em-situacao-de-rua-sao-atacados-por-homens-armados-no-rio\\\/#breadcrumb\",\"itemListElement\":[{\"@type\":\"ListItem\",\"position\":1,\"name\":\"In\u00edcio\",\"item\":\"https:\\\/\\\/mrnews.com.br\\\/\"},{\"@type\":\"ListItem\",\"position\":2,\"name\":\"Moradores em situa\u00e7\u00e3o de rua s\u00e3o atacados por homens armados no Rio\"}]},{\"@type\":\"WebSite\",\"@id\":\"https:\\\/\\\/mrnews.com.br\\\/#website\",\"url\":\"https:\\\/\\\/mrnews.com.br\\\/\",\"name\":\"MRNews\",\"description\":\"MRNews Jogos de hoje da TV, transmiss\u00f5es ao vivo, Not\u00edcias de futebol, Jogos ao vivo, Lives, resumo de novelas, Programa\u00e7\u00e3o da Globo, A Fazenda e BBB\",\"publisher\":{\"@id\":\"https:\\\/\\\/mrnews.com.br\\\/#organization\"},\"potentialAction\":[{\"@type\":\"SearchAction\",\"target\":{\"@type\":\"EntryPoint\",\"urlTemplate\":\"https:\\\/\\\/mrnews.com.br\\\/?s={search_term_string}\"},\"query-input\":{\"@type\":\"PropertyValueSpecification\",\"valueRequired\":true,\"valueName\":\"search_term_string\"}}],\"inLanguage\":\"pt-BR\"},{\"@type\":\"Organization\",\"@id\":\"https:\\\/\\\/mrnews.com.br\\\/#organization\",\"name\":\"MRNews\",\"url\":\"https:\\\/\\\/mrnews.com.br\\\/\",\"logo\":{\"@type\":\"ImageObject\",\"inLanguage\":\"pt-BR\",\"@id\":\"https:\\\/\\\/mrnews.com.br\\\/#\\\/schema\\\/logo\\\/image\\\/\",\"url\":\"https:\\\/\\\/mrnews.com.br\\\/wp-content\\\/uploads\\\/2026\\\/08\\\/MRNEws.png\",\"contentUrl\":\"https:\\\/\\\/mrnews.com.br\\\/wp-content\\\/uploads\\\/2026\\\/08\\\/MRNEws.png\",\"width\":1254,\"height\":1254,\"caption\":\"MRNews\"},\"image\":{\"@id\":\"https:\\\/\\\/mrnews.com.br\\\/#\\\/schema\\\/logo\\\/image\\\/\"},\"sameAs\":[\"https:\\\/\\\/www.facebook.com\\\/eaipahpah\\\/?locale2=pt_BR\",\"https:\\\/\\\/x.com\\\/conspirou\",\"https:\\\/\\\/www.instagram.com\\\/eai_pahpah\",\"https:\\\/\\\/br.pinterest.com\\\/mrnewsn\\\/boards\\\/\",\"https:\\\/\\\/www.youtube.com\\\/channel\\\/UCacgnpznQ61fifLWr1tQ-vA?view_as=subscriber\"]},{\"@type\":\"Person\",\"@id\":\"https:\\\/\\\/mrnews.com.br\\\/#\\\/schema\\\/person\\\/be3203154562a9f207407861cef7827b\",\"name\":\"MR News\",\"image\":{\"@type\":\"ImageObject\",\"inLanguage\":\"pt-BR\",\"@id\":\"https:\\\/\\\/secure.gravatar.com\\\/avatar\\\/04084e6d73c042b8646e7c17b494073bf0ede3ea13c7105cfc45cbbbc28385a4?s=96&d=monsterid&r=g\",\"url\":\"https:\\\/\\\/secure.gravatar.com\\\/avatar\\\/04084e6d73c042b8646e7c17b494073bf0ede3ea13c7105cfc45cbbbc28385a4?s=96&d=monsterid&r=g\",\"contentUrl\":\"https:\\\/\\\/secure.gravatar.com\\\/avatar\\\/04084e6d73c042b8646e7c17b494073bf0ede3ea13c7105cfc45cbbbc28385a4?s=96&d=monsterid&r=g\",\"caption\":\"MR News\"},\"description\":\"Especializado em jornalismo colaborativo pela FTP em n\u00edvel de p\u00f3s-gradua\u00e7\u00e3o. suporte@oimeliga.combr\",\"sameAs\":[\"HUGO R.\",\"Admin\"],\"url\":\"https:\\\/\\\/mrnews.com.br\\\/index.php\\\/author\\\/admin\\\/\"}]}<\/script>\n<!-- \/ Yoast SEO plugin. -->","yoast_head_json":{"title":"Moradores em situa\u00e7\u00e3o de rua s\u00e3o atacados por homens armados no Rio","robots":{"index":"index","follow":"follow","max-snippet":"max-snippet:-1","max-image-preview":"max-image-preview:large","max-video-preview":"max-video-preview:-1"},"canonical":"https:\/\/mrnews.com.br\/index.php\/2025\/10\/17\/moradores-em-situacao-de-rua-sao-atacados-por-homens-armados-no-rio\/","og_locale":"pt_BR","og_type":"article","og_title":"Moradores em situa\u00e7\u00e3o de rua s\u00e3o atacados por homens armados no Rio","og_description":"Por EBC, A Delegacia de Homic\u00eddio da Capital (DHC) ir\u00e1\u00a0investigar o ataque a tiros contra tr\u00eas homens em situa\u00e7\u00e3o de rua, na madrugada desta sexta-feira (17). Os atiradores desceram de um carro e fizeram disparos contra os homens que estavam embaixo do viaduto do Iraj\u00e1, na zona norte do Rio, onde moravam com outras pessoas &hellip;","og_url":"https:\/\/mrnews.com.br\/index.php\/2025\/10\/17\/moradores-em-situacao-de-rua-sao-atacados-por-homens-armados-no-rio\/","og_site_name":"MRNews","article_publisher":"https:\/\/www.facebook.com\/eaipahpah\/?locale2=pt_BR","article_published_time":"2025-10-18T02:02:39+00:00","author":"MR News","twitter_card":"summary_large_image","twitter_creator":"@conspirou","twitter_site":"@conspirou","twitter_misc":{"Escrito por":"MR News","Est. tempo de leitura":"3 minutos"},"schema":{"@context":"https:\/\/schema.org","@graph":[{"@type":"Article","@id":"https:\/\/mrnews.com.br\/index.php\/2025\/10\/17\/moradores-em-situacao-de-rua-sao-atacados-por-homens-armados-no-rio\/#article","isPartOf":{"@id":"https:\/\/mrnews.com.br\/index.php\/2025\/10\/17\/moradores-em-situacao-de-rua-sao-atacados-por-homens-armados-no-rio\/"},"author":{"name":"MR News","@id":"https:\/\/mrnews.com.br\/#\/schema\/person\/be3203154562a9f207407861cef7827b"},"headline":"Moradores em situa\u00e7\u00e3o de rua s\u00e3o atacados por homens armados no Rio","datePublished":"2025-10-18T02:02:39+00:00","mainEntityOfPage":{"@id":"https:\/\/mrnews.com.br\/index.php\/2025\/10\/17\/moradores-em-situacao-de-rua-sao-atacados-por-homens-armados-no-rio\/"},"wordCount":580,"commentCount":0,"publisher":{"@id":"https:\/\/mrnews.com.br\/#organization"},"articleSection":["ENTRETENIMENTO","NOTICIAS","SERVI\u00c7OS"],"inLanguage":"pt-BR","potentialAction":[{"@type":"CommentAction","name":"Comment","target":["https:\/\/mrnews.com.br\/index.php\/2025\/10\/17\/moradores-em-situacao-de-rua-sao-atacados-por-homens-armados-no-rio\/#respond"]}]},{"@type":"WebPage","@id":"https:\/\/mrnews.com.br\/index.php\/2025\/10\/17\/moradores-em-situacao-de-rua-sao-atacados-por-homens-armados-no-rio\/","url":"https:\/\/mrnews.com.br\/index.php\/2025\/10\/17\/moradores-em-situacao-de-rua-sao-atacados-por-homens-armados-no-rio\/","name":"Moradores em situa\u00e7\u00e3o de rua s\u00e3o atacados por homens armados no Rio","isPartOf":{"@id":"https:\/\/mrnews.com.br\/#website"},"datePublished":"2025-10-18T02:02:39+00:00","breadcrumb":{"@id":"https:\/\/mrnews.com.br\/index.php\/2025\/10\/17\/moradores-em-situacao-de-rua-sao-atacados-por-homens-armados-no-rio\/#breadcrumb"},"inLanguage":"pt-BR","potentialAction":[{"@type":"ReadAction","target":["https:\/\/mrnews.com.br\/index.php\/2025\/10\/17\/moradores-em-situacao-de-rua-sao-atacados-por-homens-armados-no-rio\/"]}]},{"@type":"BreadcrumbList","@id":"https:\/\/mrnews.com.br\/index.php\/2025\/10\/17\/moradores-em-situacao-de-rua-sao-atacados-por-homens-armados-no-rio\/#breadcrumb","itemListElement":[{"@type":"ListItem","position":1,"name":"In\u00edcio","item":"https:\/\/mrnews.com.br\/"},{"@type":"ListItem","position":2,"name":"Moradores em situa\u00e7\u00e3o de rua s\u00e3o atacados por homens armados no Rio"}]},{"@type":"WebSite","@id":"https:\/\/mrnews.com.br\/#website","url":"https:\/\/mrnews.com.br\/","name":"MRNews","description":"MRNews Jogos de hoje da TV, transmiss\u00f5es ao vivo, Not\u00edcias de futebol, Jogos ao vivo, Lives, resumo de novelas, Programa\u00e7\u00e3o da Globo, A Fazenda e BBB","publisher":{"@id":"https:\/\/mrnews.com.br\/#organization"},"potentialAction":[{"@type":"SearchAction","target":{"@type":"EntryPoint","urlTemplate":"https:\/\/mrnews.com.br\/?s={search_term_string}"},"query-input":{"@type":"PropertyValueSpecification","valueRequired":true,"valueName":"search_term_string"}}],"inLanguage":"pt-BR"},{"@type":"Organization","@id":"https:\/\/mrnews.com.br\/#organization","name":"MRNews","url":"https:\/\/mrnews.com.br\/","logo":{"@type":"ImageObject","inLanguage":"pt-BR","@id":"https:\/\/mrnews.com.br\/#\/schema\/logo\/image\/","url":"https:\/\/mrnews.com.br\/wp-content\/uploads\/2026\/08\/MRNEws.png","contentUrl":"https:\/\/mrnews.com.br\/wp-content\/uploads\/2026\/08\/MRNEws.png","width":1254,"height":1254,"caption":"MRNews"},"image":{"@id":"https:\/\/mrnews.com.br\/#\/schema\/logo\/image\/"},"sameAs":["https:\/\/www.facebook.com\/eaipahpah\/?locale2=pt_BR","https:\/\/x.com\/conspirou","https:\/\/www.instagram.com\/eai_pahpah","https:\/\/br.pinterest.com\/mrnewsn\/boards\/","https:\/\/www.youtube.com\/channel\/UCacgnpznQ61fifLWr1tQ-vA?view_as=subscriber"]},{"@type":"Person","@id":"https:\/\/mrnews.com.br\/#\/schema\/person\/be3203154562a9f207407861cef7827b","name":"MR News","image":{"@type":"ImageObject","inLanguage":"pt-BR","@id":"https:\/\/secure.gravatar.com\/avatar\/04084e6d73c042b8646e7c17b494073bf0ede3ea13c7105cfc45cbbbc28385a4?s=96&d=monsterid&r=g","url":"https:\/\/secure.gravatar.com\/avatar\/04084e6d73c042b8646e7c17b494073bf0ede3ea13c7105cfc45cbbbc28385a4?s=96&d=monsterid&r=g","contentUrl":"https:\/\/secure.gravatar.com\/avatar\/04084e6d73c042b8646e7c17b494073bf0ede3ea13c7105cfc45cbbbc28385a4?s=96&d=monsterid&r=g","caption":"MR News"},"description":"Especializado em jornalismo colaborativo pela FTP em n\u00edvel de p\u00f3s-gradua\u00e7\u00e3o. suporte@oimeliga.combr","sameAs":["HUGO R.","Admin"],"url":"https:\/\/mrnews.com.br\/index.php\/author\/admin\/"}]}},"jetpack_sharing_enabled":true,"jetpack_shortlink":"https:\/\/wp.me\/pa2Qf7-1Tjn","amp_enabled":true,"jetpack_featured_media_url":"","_links":{"self":[{"href":"https:\/\/mrnews.com.br\/index.php\/wp-json\/wp\/v2\/posts\/450949","targetHints":{"allow":["GET"]}}],"collection":[{"href":"https:\/\/mrnews.com.br\/index.php\/wp-json\/wp\/v2\/posts"}],"about":[{"href":"https:\/\/mrnews.com.br\/index.php\/wp-json\/wp\/v2\/types\/post"}],"author":[{"embeddable":true,"href":"https:\/\/mrnews.com.br\/index.php\/wp-json\/wp\/v2\/users\/1"}],"replies":[{"embeddable":true,"href":"https:\/\/mrnews.com.br\/index.php\/wp-json\/wp\/v2\/comments?post=450949"}],"version-history":[{"count":0,"href":"https:\/\/mrnews.com.br\/index.php\/wp-json\/wp\/v2\/posts\/450949\/revisions"}],"wp:attachment":[{"href":"https:\/\/mrnews.com.br\/index.php\/wp-json\/wp\/v2\/media?parent=450949"}],"wp:term":[{"taxonomy":"category","embeddable":true,"href":"https:\/\/mrnews.com.br\/index.php\/wp-json\/wp\/v2\/categories?post=450949"},{"taxonomy":"post_tag","embeddable":true,"href":"https:\/\/mrnews.com.br\/index.php\/wp-json\/wp\/v2\/tags?post=450949"}],"curies":[{"name":"wp","href":"https:\/\/api.w.org\/{rel}","templated":true}]}}