{"id":451024,"date":"2025-10-20T08:29:39","date_gmt":"2025-10-20T11:29:39","guid":{"rendered":"https:\/\/mrnews.com.br\/index.php\/2025\/10\/20\/novo-parque-de-inovacao-vira-bercario-de-tecnologia-em-pernambuco\/"},"modified":"2025-10-20T08:29:39","modified_gmt":"2025-10-20T11:29:39","slug":"novo-parque-de-inovacao-vira-bercario-de-tecnologia-em-pernambuco","status":"publish","type":"post","link":"https:\/\/mrnews.com.br\/index.php\/2025\/10\/20\/novo-parque-de-inovacao-vira-bercario-de-tecnologia-em-pernambuco\/","title":{"rendered":"Novo parque de inova\u00e7\u00e3o vira \u201cber\u00e7\u00e1rio\u201d de tecnologia em Pernambuco"},"content":{"rendered":"<p>Por EBC, <\/p>\n<div>\n<p><strong>O estado de Pernambuco vai ganhar nesta segunda-feira (20) um centro de inova\u00e7\u00e3o e tecnologia que funcionar\u00e1 como um ber\u00e7\u00e1rio para desenvolver projetos que impulsionem a produtividade da ind\u00fastria da regi\u00e3o e de todo o pa\u00eds.<\/strong> A estrutura montada pelo Servi\u00e7o Nacional de Aprendizagem Industrial de Pernambuco (Senai-PE) foi batizada de Senai Park e fica na cidade de Ipojuca, na regi\u00e3o metropolitana do Recife.<\/p>\n<p>A instala\u00e7\u00e3o de 1,4 hectare \u2013 quase um campo de futebol e meio \u2013 \u00e9 dividida em m\u00f3dulos e fica nos arredores de dois outros locais que s\u00e3o refer\u00eancia para o setor industrial nordestino: a refinaria da Petrobras Abreu e Lima e o Porto do Suape.\u00a0<\/p>\n<p>O espa\u00e7o servir\u00e1 para que ind\u00fastrias possam montar as chamadas plantas-piloto, que funcionar\u00e3o como ambiente de testes para o desenvolvimento de produtos e tecnologias. \u00c9 como se fossem minif\u00e1bricas, de forma que seja mais f\u00e1cil testar e avaliar solu\u00e7\u00f5es, procedimentos e inova\u00e7\u00f5es.\u00a0<\/p>\n<p>De acordo com o diretor de Inova\u00e7\u00e3o e Tecnologia do Senai-PE, Oziel Alves, o objetivo \u00e9 fornecer aos industriais caminhos para a se chegar \u00e0 \u201cind\u00fastria do futuro\u201d.\u00a0<\/p>\n<blockquote>\n<p>\u201cO grande prop\u00f3sito \u00e9 desenvolver novas tecnologias, coloc\u00e1-las no mercado, levar para um cen\u00e1rio real industrial, para que possamos efetivamente mostrar essas tecnologias em opera\u00e7\u00e3o\u201d, descreveu.<\/p>\n<\/blockquote>\n<div class=\"dnd-widget-wrapper context-cheio_8colunas type-image\">\n<div class=\"dnd-atom-rendered\"><!-- scald=440974:cheio_8colunas --><\/p>\n<p>    <!-- END scald=440974 --><\/div>\n<div class=\"dnd-caption-wrapper\">\n<p><!--copyright=440974-->Recife (PE) 17\/10\/2025 &#8211; Galp\u00e3o do Senai Park, um parque de inova\u00e7\u00e3o e tecnologia no Complexo Industrial Portu\u00e1rio de Suape, no munic\u00edpio de Ipojuca, Regi\u00e3o Metropolitana do Recife Foto: Fabio Rodrigues-Pozzebom\/ Ag\u00eancia Brasil &#8211; <strong>undefined<\/strong><!--END copyright=440974--><\/p>\n<\/div>\n<\/div>\n<h2>Ind\u00fastria 4.0<\/h2>\n<p>A ind\u00fastria do futuro, tamb\u00e9m conhecida como ind\u00fastria 4.0, \u00e9 a que utiliza tecnologias digitais como intelig\u00eancia artificial (IA), internet industrial das coisas, g\u00eameos digitais (r\u00e9plica virtual de um objeto ou sistema), manufatura aditiva (impressora 3D) e realidade aumentada.<\/p>\n<p>\u00a0A diretora regional do Senai, Camila Barreto, aponta que o centro de inova\u00e7\u00e3o \u00e9 um elemento de integra\u00e7\u00e3o de empresas, universidades e institutos de pesquisa \u201cem torno de solu\u00e7\u00f5es para desafios concretos da ind\u00fastria\u201d.<\/p>\n<p>Os industriais poder\u00e3o tamb\u00e9m fazer visitas virtuais para acompanhar o desenvolvimento das inova\u00e7\u00f5es. Ferramentas de intelig\u00eancia artificial (IA) acompanhar\u00e3o os processos.\u00a0<\/p>\n<p>Al\u00e9m de criar produtos e tecnologias, o espa\u00e7o ser\u00e1 voltado para \u201ctropicalizar\u201d t\u00e9cnicas estrangeiras, ou seja, adapt\u00e1-las ao ambiente das f\u00e1bricas nacionais.\u00a0<\/p>\n<p>O Senai Park poder\u00e1 ser acessado por empresas de fora de Pernambuco. Para Oziel Alves, mesmo que a ind\u00fastria n\u00e3o seja pernambucana, aumenta a chance de novos neg\u00f3cios na regi\u00e3o.<\/p>\n<h2>Projetos de R$ 100 milh\u00f5es<\/h2>\n<p>O espa\u00e7o de inova\u00e7\u00e3o j\u00e1 conta com dois projetos contratados que somam R$ 100 milh\u00f5es em investimentos, ambos relacionados \u00e0 transi\u00e7\u00e3o energ\u00e9tica.\u00a0<\/p>\n<p>Um tem como objeto desenvolver a cadeia do hidrog\u00eanio verde, um combust\u00edvel limpo. O segundo trata de produ\u00e7\u00e3o de baterias de l\u00edtio, essenciais para a crescente frota de carros h\u00edbridos e el\u00e9tricos.\u00a0<\/p>\n<p><strong>&gt;&gt;Centro de inova\u00e7\u00e3o leva transi\u00e7\u00e3o energ\u00e9tica para dentro da ind\u00fastria<\/strong>\u00a0<\/p>\n<p>H\u00e1 a expectativa de captar mais R$ 200 milh\u00f5es em outros desenvolvimentos. Um desenvolver\u00e1 sistema de radar para frenagem autom\u00e1tica de ve\u00edculos. Outro, com a petroleira multinacional americana ExxonMobil, envolve drones com fun\u00e7\u00f5es espec\u00edficas em plataformas de petr\u00f3leo em alto-mar.<\/p>\n<p>Com o desenvolvimento de tecnologias no Senai Park, as ind\u00fastrias participam de uma esp\u00e9cie de divis\u00e3o de riscos, uma vez que n\u00e3o assumem sozinhas todo o processo de inova\u00e7\u00e3o, uma vez que j\u00e1 encontram um \u201cber\u00e7\u00e1rio\u201d estruturado.<\/p>\n<h2>Investimento se multiplica<\/h2>\n<p>O presidente da Federa\u00e7\u00e3o das Ind\u00fastrias do Estado de Pernambuco (Fiepe), Bruno Veloso, classifica o Senai como \u201co grande pesquisador de tecnologia que n\u00f3s temos hoje no Brasil\u201d.<\/p>\n<div class=\"dnd-widget-wrapper context-cheio_8colunas type-image\">\n<div class=\"dnd-atom-rendered\"><!-- scald=440987:cheio_8colunas --><\/p>\n<p>    <!-- END scald=440987 --><\/div>\n<div class=\"dnd-caption-wrapper\">\n<p><!--copyright=440987-->Recife (PE) 17\/10\/2025 &#8211; Porto de Suape, situado no munic\u00edpio de Ipojuca, Regi\u00e3o Metropolitana do Recife Foto: Fabio Rodrigues-Pozzebom\/ Ag\u00eancia Brasil &#8211; <strong>undefined<\/strong><!--END copyright=440987--><\/p>\n<\/div>\n<\/div>\n<p>Ele ressalta o fato de o centro de inova\u00e7\u00e3o ser vizinho ao Porto de Suape, um complexo industrial com 90 empresas em opera\u00e7\u00e3o. \u201c<strong>Essa quantidade de colaboradores \u00e9 um ambiente perfeito para estarmos aqui fazendo desenvolvimento tecnol\u00f3gico, porque ao nosso redor temos uma diversidade muito grande de ind\u00fastria\u201d, avalia.<\/strong><\/p>\n<p>A diretora regional, Camila Barreto, citou um estudo do Instituto Fraunhofer, maior organiza\u00e7\u00e3o de pesquisa aplicada da Europa, sobre o efeito multiplicador do investimento em inova\u00e7\u00e3o na economia.\u00a0<\/p>\n<blockquote>\n<p>\u201cA cada R$ 1 colocado em projetos que buscam a inova\u00e7\u00e3o dentro do Senai, devolve R$ 18 para a economia\u201d.\u00a0<\/p>\n<\/blockquote>\n<p>O Senai, que tamb\u00e9m atuar\u00e1 na qualifica\u00e7\u00e3o de m\u00e3o de obra, faz parte do Sistema S, entidades mantidas por contribui\u00e7\u00f5es de empresas e voltadas para a qualifica\u00e7\u00e3o profissional e a assist\u00eancia social.<\/p>\n<p><em>*Rep\u00f3rter e fot\u00f3grafo da <strong>Ag\u00eancia Brasil<\/strong> viajaram a convite do Senai-PE.<\/em><\/p>\n<p>      <!-- Relacionada --><br \/>\n            <!-- Relacionada -->\n    <\/div>\n","protected":false},"excerpt":{"rendered":"<p>Por EBC, O estado de Pernambuco vai ganhar nesta segunda-feira (20) um centro de inova\u00e7\u00e3o e tecnologia que funcionar\u00e1 como um ber\u00e7\u00e1rio para desenvolver projetos que impulsionem a produtividade da ind\u00fastria da regi\u00e3o e de todo o pa\u00eds. A estrutura montada pelo Servi\u00e7o Nacional de Aprendizagem Industrial de Pernambuco (Senai-PE) foi batizada de Senai Park &hellip;<\/p>\n","protected":false},"author":1,"featured_media":0,"comment_status":"open","ping_status":"open","sticky":false,"template":"","format":"standard","meta":{"_jetpack_memberships_contains_paid_content":false,"footnotes":""},"categories":[2,12225,4],"tags":[],"class_list":["post-451024","post","type-post","status-publish","format-standard","hentry","category-entretenimento","category-noticias","category-servicos"],"yoast_head":"<!-- This site is optimized with the Yoast SEO plugin v27.5 - https:\/\/yoast.com\/product\/yoast-seo-wordpress\/ -->\n<title>Novo parque de inova\u00e7\u00e3o vira \u201cber\u00e7\u00e1rio\u201d de tecnologia em Pernambuco<\/title>\n<meta name=\"robots\" content=\"index, follow, max-snippet:-1, max-image-preview:large, max-video-preview:-1\" \/>\n<link rel=\"canonical\" href=\"https:\/\/mrnews.com.br\/index.php\/2025\/10\/20\/novo-parque-de-inovacao-vira-bercario-de-tecnologia-em-pernambuco\/\" \/>\n<meta property=\"og:locale\" content=\"pt_BR\" \/>\n<meta property=\"og:type\" content=\"article\" \/>\n<meta property=\"og:title\" content=\"Novo parque de inova\u00e7\u00e3o vira \u201cber\u00e7\u00e1rio\u201d de tecnologia em Pernambuco\" \/>\n<meta property=\"og:description\" content=\"Por EBC, O estado de Pernambuco vai ganhar nesta segunda-feira (20) um centro de inova\u00e7\u00e3o e tecnologia que funcionar\u00e1 como um ber\u00e7\u00e1rio para desenvolver projetos que impulsionem a produtividade da ind\u00fastria da regi\u00e3o e de todo o pa\u00eds. A estrutura montada pelo Servi\u00e7o Nacional de Aprendizagem Industrial de Pernambuco (Senai-PE) foi batizada de Senai Park &hellip;\" \/>\n<meta property=\"og:url\" content=\"https:\/\/mrnews.com.br\/index.php\/2025\/10\/20\/novo-parque-de-inovacao-vira-bercario-de-tecnologia-em-pernambuco\/\" \/>\n<meta property=\"og:site_name\" content=\"MRNews\" \/>\n<meta property=\"article:publisher\" content=\"https:\/\/www.facebook.com\/eaipahpah\/?locale2=pt_BR\" \/>\n<meta property=\"article:published_time\" content=\"2025-10-20T11:29:39+00:00\" \/>\n<meta name=\"author\" content=\"MR News\" \/>\n<meta name=\"twitter:card\" content=\"summary_large_image\" \/>\n<meta name=\"twitter:creator\" content=\"@conspirou\" \/>\n<meta name=\"twitter:site\" content=\"@conspirou\" \/>\n<meta name=\"twitter:label1\" content=\"Escrito por\" \/>\n\t<meta name=\"twitter:data1\" content=\"MR News\" \/>\n\t<meta name=\"twitter:label2\" content=\"Est. tempo de leitura\" \/>\n\t<meta name=\"twitter:data2\" content=\"4 minutos\" \/>\n<script type=\"application\/ld+json\" class=\"yoast-schema-graph\">{\"@context\":\"https:\\\/\\\/schema.org\",\"@graph\":[{\"@type\":\"Article\",\"@id\":\"https:\\\/\\\/mrnews.com.br\\\/index.php\\\/2025\\\/10\\\/20\\\/novo-parque-de-inovacao-vira-bercario-de-tecnologia-em-pernambuco\\\/#article\",\"isPartOf\":{\"@id\":\"https:\\\/\\\/mrnews.com.br\\\/index.php\\\/2025\\\/10\\\/20\\\/novo-parque-de-inovacao-vira-bercario-de-tecnologia-em-pernambuco\\\/\"},\"author\":{\"name\":\"MR News\",\"@id\":\"https:\\\/\\\/mrnews.com.br\\\/#\\\/schema\\\/person\\\/be3203154562a9f207407861cef7827b\"},\"headline\":\"Novo parque de inova\u00e7\u00e3o vira \u201cber\u00e7\u00e1rio\u201d de tecnologia em Pernambuco\",\"datePublished\":\"2025-10-20T11:29:39+00:00\",\"mainEntityOfPage\":{\"@id\":\"https:\\\/\\\/mrnews.com.br\\\/index.php\\\/2025\\\/10\\\/20\\\/novo-parque-de-inovacao-vira-bercario-de-tecnologia-em-pernambuco\\\/\"},\"wordCount\":827,\"commentCount\":0,\"publisher\":{\"@id\":\"https:\\\/\\\/mrnews.com.br\\\/#organization\"},\"articleSection\":[\"ENTRETENIMENTO\",\"NOTICIAS\",\"SERVI\u00c7OS\"],\"inLanguage\":\"pt-BR\",\"potentialAction\":[{\"@type\":\"CommentAction\",\"name\":\"Comment\",\"target\":[\"https:\\\/\\\/mrnews.com.br\\\/index.php\\\/2025\\\/10\\\/20\\\/novo-parque-de-inovacao-vira-bercario-de-tecnologia-em-pernambuco\\\/#respond\"]}]},{\"@type\":\"WebPage\",\"@id\":\"https:\\\/\\\/mrnews.com.br\\\/index.php\\\/2025\\\/10\\\/20\\\/novo-parque-de-inovacao-vira-bercario-de-tecnologia-em-pernambuco\\\/\",\"url\":\"https:\\\/\\\/mrnews.com.br\\\/index.php\\\/2025\\\/10\\\/20\\\/novo-parque-de-inovacao-vira-bercario-de-tecnologia-em-pernambuco\\\/\",\"name\":\"Novo parque de inova\u00e7\u00e3o vira \u201cber\u00e7\u00e1rio\u201d de tecnologia em Pernambuco\",\"isPartOf\":{\"@id\":\"https:\\\/\\\/mrnews.com.br\\\/#website\"},\"datePublished\":\"2025-10-20T11:29:39+00:00\",\"breadcrumb\":{\"@id\":\"https:\\\/\\\/mrnews.com.br\\\/index.php\\\/2025\\\/10\\\/20\\\/novo-parque-de-inovacao-vira-bercario-de-tecnologia-em-pernambuco\\\/#breadcrumb\"},\"inLanguage\":\"pt-BR\",\"potentialAction\":[{\"@type\":\"ReadAction\",\"target\":[\"https:\\\/\\\/mrnews.com.br\\\/index.php\\\/2025\\\/10\\\/20\\\/novo-parque-de-inovacao-vira-bercario-de-tecnologia-em-pernambuco\\\/\"]}]},{\"@type\":\"BreadcrumbList\",\"@id\":\"https:\\\/\\\/mrnews.com.br\\\/index.php\\\/2025\\\/10\\\/20\\\/novo-parque-de-inovacao-vira-bercario-de-tecnologia-em-pernambuco\\\/#breadcrumb\",\"itemListElement\":[{\"@type\":\"ListItem\",\"position\":1,\"name\":\"In\u00edcio\",\"item\":\"https:\\\/\\\/mrnews.com.br\\\/\"},{\"@type\":\"ListItem\",\"position\":2,\"name\":\"Novo parque de inova\u00e7\u00e3o vira \u201cber\u00e7\u00e1rio\u201d de tecnologia em Pernambuco\"}]},{\"@type\":\"WebSite\",\"@id\":\"https:\\\/\\\/mrnews.com.br\\\/#website\",\"url\":\"https:\\\/\\\/mrnews.com.br\\\/\",\"name\":\"MRNews\",\"description\":\"MRNews Jogos de hoje da TV, transmiss\u00f5es ao vivo, Not\u00edcias de futebol, Jogos ao vivo, Lives, resumo de novelas, Programa\u00e7\u00e3o da Globo, A Fazenda e BBB\",\"publisher\":{\"@id\":\"https:\\\/\\\/mrnews.com.br\\\/#organization\"},\"potentialAction\":[{\"@type\":\"SearchAction\",\"target\":{\"@type\":\"EntryPoint\",\"urlTemplate\":\"https:\\\/\\\/mrnews.com.br\\\/?s={search_term_string}\"},\"query-input\":{\"@type\":\"PropertyValueSpecification\",\"valueRequired\":true,\"valueName\":\"search_term_string\"}}],\"inLanguage\":\"pt-BR\"},{\"@type\":\"Organization\",\"@id\":\"https:\\\/\\\/mrnews.com.br\\\/#organization\",\"name\":\"MRNews\",\"url\":\"https:\\\/\\\/mrnews.com.br\\\/\",\"logo\":{\"@type\":\"ImageObject\",\"inLanguage\":\"pt-BR\",\"@id\":\"https:\\\/\\\/mrnews.com.br\\\/#\\\/schema\\\/logo\\\/image\\\/\",\"url\":\"https:\\\/\\\/mrnews.com.br\\\/wp-content\\\/uploads\\\/2019\\\/06\\\/MRNewslogo2.png\",\"contentUrl\":\"https:\\\/\\\/mrnews.com.br\\\/wp-content\\\/uploads\\\/2019\\\/06\\\/MRNewslogo2.png\",\"width\":223,\"height\":58,\"caption\":\"MRNews\"},\"image\":{\"@id\":\"https:\\\/\\\/mrnews.com.br\\\/#\\\/schema\\\/logo\\\/image\\\/\"},\"sameAs\":[\"https:\\\/\\\/www.facebook.com\\\/eaipahpah\\\/?locale2=pt_BR\",\"https:\\\/\\\/x.com\\\/conspirou\",\"https:\\\/\\\/www.instagram.com\\\/eai_pahpah\",\"https:\\\/\\\/br.pinterest.com\\\/mrnewsn\\\/boards\\\/\",\"https:\\\/\\\/www.youtube.com\\\/channel\\\/UCacgnpznQ61fifLWr1tQ-vA?view_as=subscriber\"]},{\"@type\":\"Person\",\"@id\":\"https:\\\/\\\/mrnews.com.br\\\/#\\\/schema\\\/person\\\/be3203154562a9f207407861cef7827b\",\"name\":\"MR News\",\"image\":{\"@type\":\"ImageObject\",\"inLanguage\":\"pt-BR\",\"@id\":\"https:\\\/\\\/secure.gravatar.com\\\/avatar\\\/04084e6d73c042b8646e7c17b494073bf0ede3ea13c7105cfc45cbbbc28385a4?s=96&d=monsterid&r=g\",\"url\":\"https:\\\/\\\/secure.gravatar.com\\\/avatar\\\/04084e6d73c042b8646e7c17b494073bf0ede3ea13c7105cfc45cbbbc28385a4?s=96&d=monsterid&r=g\",\"contentUrl\":\"https:\\\/\\\/secure.gravatar.com\\\/avatar\\\/04084e6d73c042b8646e7c17b494073bf0ede3ea13c7105cfc45cbbbc28385a4?s=96&d=monsterid&r=g\",\"caption\":\"MR News\"},\"description\":\"Especializado em jornalismo colaborativo pela FTP em n\u00edvel de p\u00f3s-gradua\u00e7\u00e3o. suporte@oimeliga.combr\",\"sameAs\":[\"HUGO R.\",\"Admin\"],\"url\":\"https:\\\/\\\/mrnews.com.br\\\/index.php\\\/author\\\/admin\\\/\"}]}<\/script>\n<!-- \/ Yoast SEO plugin. -->","yoast_head_json":{"title":"Novo parque de inova\u00e7\u00e3o vira \u201cber\u00e7\u00e1rio\u201d de tecnologia em Pernambuco","robots":{"index":"index","follow":"follow","max-snippet":"max-snippet:-1","max-image-preview":"max-image-preview:large","max-video-preview":"max-video-preview:-1"},"canonical":"https:\/\/mrnews.com.br\/index.php\/2025\/10\/20\/novo-parque-de-inovacao-vira-bercario-de-tecnologia-em-pernambuco\/","og_locale":"pt_BR","og_type":"article","og_title":"Novo parque de inova\u00e7\u00e3o vira \u201cber\u00e7\u00e1rio\u201d de tecnologia em Pernambuco","og_description":"Por EBC, O estado de Pernambuco vai ganhar nesta segunda-feira (20) um centro de inova\u00e7\u00e3o e tecnologia que funcionar\u00e1 como um ber\u00e7\u00e1rio para desenvolver projetos que impulsionem a produtividade da ind\u00fastria da regi\u00e3o e de todo o pa\u00eds. A estrutura montada pelo Servi\u00e7o Nacional de Aprendizagem Industrial de Pernambuco (Senai-PE) foi batizada de Senai Park &hellip;","og_url":"https:\/\/mrnews.com.br\/index.php\/2025\/10\/20\/novo-parque-de-inovacao-vira-bercario-de-tecnologia-em-pernambuco\/","og_site_name":"MRNews","article_publisher":"https:\/\/www.facebook.com\/eaipahpah\/?locale2=pt_BR","article_published_time":"2025-10-20T11:29:39+00:00","author":"MR News","twitter_card":"summary_large_image","twitter_creator":"@conspirou","twitter_site":"@conspirou","twitter_misc":{"Escrito por":"MR News","Est. tempo de leitura":"4 minutos"},"schema":{"@context":"https:\/\/schema.org","@graph":[{"@type":"Article","@id":"https:\/\/mrnews.com.br\/index.php\/2025\/10\/20\/novo-parque-de-inovacao-vira-bercario-de-tecnologia-em-pernambuco\/#article","isPartOf":{"@id":"https:\/\/mrnews.com.br\/index.php\/2025\/10\/20\/novo-parque-de-inovacao-vira-bercario-de-tecnologia-em-pernambuco\/"},"author":{"name":"MR News","@id":"https:\/\/mrnews.com.br\/#\/schema\/person\/be3203154562a9f207407861cef7827b"},"headline":"Novo parque de inova\u00e7\u00e3o vira \u201cber\u00e7\u00e1rio\u201d de tecnologia em Pernambuco","datePublished":"2025-10-20T11:29:39+00:00","mainEntityOfPage":{"@id":"https:\/\/mrnews.com.br\/index.php\/2025\/10\/20\/novo-parque-de-inovacao-vira-bercario-de-tecnologia-em-pernambuco\/"},"wordCount":827,"commentCount":0,"publisher":{"@id":"https:\/\/mrnews.com.br\/#organization"},"articleSection":["ENTRETENIMENTO","NOTICIAS","SERVI\u00c7OS"],"inLanguage":"pt-BR","potentialAction":[{"@type":"CommentAction","name":"Comment","target":["https:\/\/mrnews.com.br\/index.php\/2025\/10\/20\/novo-parque-de-inovacao-vira-bercario-de-tecnologia-em-pernambuco\/#respond"]}]},{"@type":"WebPage","@id":"https:\/\/mrnews.com.br\/index.php\/2025\/10\/20\/novo-parque-de-inovacao-vira-bercario-de-tecnologia-em-pernambuco\/","url":"https:\/\/mrnews.com.br\/index.php\/2025\/10\/20\/novo-parque-de-inovacao-vira-bercario-de-tecnologia-em-pernambuco\/","name":"Novo parque de inova\u00e7\u00e3o vira \u201cber\u00e7\u00e1rio\u201d de tecnologia em Pernambuco","isPartOf":{"@id":"https:\/\/mrnews.com.br\/#website"},"datePublished":"2025-10-20T11:29:39+00:00","breadcrumb":{"@id":"https:\/\/mrnews.com.br\/index.php\/2025\/10\/20\/novo-parque-de-inovacao-vira-bercario-de-tecnologia-em-pernambuco\/#breadcrumb"},"inLanguage":"pt-BR","potentialAction":[{"@type":"ReadAction","target":["https:\/\/mrnews.com.br\/index.php\/2025\/10\/20\/novo-parque-de-inovacao-vira-bercario-de-tecnologia-em-pernambuco\/"]}]},{"@type":"BreadcrumbList","@id":"https:\/\/mrnews.com.br\/index.php\/2025\/10\/20\/novo-parque-de-inovacao-vira-bercario-de-tecnologia-em-pernambuco\/#breadcrumb","itemListElement":[{"@type":"ListItem","position":1,"name":"In\u00edcio","item":"https:\/\/mrnews.com.br\/"},{"@type":"ListItem","position":2,"name":"Novo parque de inova\u00e7\u00e3o vira \u201cber\u00e7\u00e1rio\u201d de tecnologia em Pernambuco"}]},{"@type":"WebSite","@id":"https:\/\/mrnews.com.br\/#website","url":"https:\/\/mrnews.com.br\/","name":"MRNews","description":"MRNews Jogos de hoje da TV, transmiss\u00f5es ao vivo, Not\u00edcias de futebol, Jogos ao vivo, Lives, resumo de novelas, Programa\u00e7\u00e3o da Globo, A Fazenda e BBB","publisher":{"@id":"https:\/\/mrnews.com.br\/#organization"},"potentialAction":[{"@type":"SearchAction","target":{"@type":"EntryPoint","urlTemplate":"https:\/\/mrnews.com.br\/?s={search_term_string}"},"query-input":{"@type":"PropertyValueSpecification","valueRequired":true,"valueName":"search_term_string"}}],"inLanguage":"pt-BR"},{"@type":"Organization","@id":"https:\/\/mrnews.com.br\/#organization","name":"MRNews","url":"https:\/\/mrnews.com.br\/","logo":{"@type":"ImageObject","inLanguage":"pt-BR","@id":"https:\/\/mrnews.com.br\/#\/schema\/logo\/image\/","url":"https:\/\/mrnews.com.br\/wp-content\/uploads\/2019\/06\/MRNewslogo2.png","contentUrl":"https:\/\/mrnews.com.br\/wp-content\/uploads\/2019\/06\/MRNewslogo2.png","width":223,"height":58,"caption":"MRNews"},"image":{"@id":"https:\/\/mrnews.com.br\/#\/schema\/logo\/image\/"},"sameAs":["https:\/\/www.facebook.com\/eaipahpah\/?locale2=pt_BR","https:\/\/x.com\/conspirou","https:\/\/www.instagram.com\/eai_pahpah","https:\/\/br.pinterest.com\/mrnewsn\/boards\/","https:\/\/www.youtube.com\/channel\/UCacgnpznQ61fifLWr1tQ-vA?view_as=subscriber"]},{"@type":"Person","@id":"https:\/\/mrnews.com.br\/#\/schema\/person\/be3203154562a9f207407861cef7827b","name":"MR News","image":{"@type":"ImageObject","inLanguage":"pt-BR","@id":"https:\/\/secure.gravatar.com\/avatar\/04084e6d73c042b8646e7c17b494073bf0ede3ea13c7105cfc45cbbbc28385a4?s=96&d=monsterid&r=g","url":"https:\/\/secure.gravatar.com\/avatar\/04084e6d73c042b8646e7c17b494073bf0ede3ea13c7105cfc45cbbbc28385a4?s=96&d=monsterid&r=g","contentUrl":"https:\/\/secure.gravatar.com\/avatar\/04084e6d73c042b8646e7c17b494073bf0ede3ea13c7105cfc45cbbbc28385a4?s=96&d=monsterid&r=g","caption":"MR News"},"description":"Especializado em jornalismo colaborativo pela FTP em n\u00edvel de p\u00f3s-gradua\u00e7\u00e3o. suporte@oimeliga.combr","sameAs":["HUGO R.","Admin"],"url":"https:\/\/mrnews.com.br\/index.php\/author\/admin\/"}]}},"jetpack_featured_media_url":"","jetpack_sharing_enabled":true,"jetpack_shortlink":"https:\/\/wp.me\/pa2Qf7-1TkA","amp_enabled":true,"_links":{"self":[{"href":"https:\/\/mrnews.com.br\/index.php\/wp-json\/wp\/v2\/posts\/451024","targetHints":{"allow":["GET"]}}],"collection":[{"href":"https:\/\/mrnews.com.br\/index.php\/wp-json\/wp\/v2\/posts"}],"about":[{"href":"https:\/\/mrnews.com.br\/index.php\/wp-json\/wp\/v2\/types\/post"}],"author":[{"embeddable":true,"href":"https:\/\/mrnews.com.br\/index.php\/wp-json\/wp\/v2\/users\/1"}],"replies":[{"embeddable":true,"href":"https:\/\/mrnews.com.br\/index.php\/wp-json\/wp\/v2\/comments?post=451024"}],"version-history":[{"count":0,"href":"https:\/\/mrnews.com.br\/index.php\/wp-json\/wp\/v2\/posts\/451024\/revisions"}],"wp:attachment":[{"href":"https:\/\/mrnews.com.br\/index.php\/wp-json\/wp\/v2\/media?parent=451024"}],"wp:term":[{"taxonomy":"category","embeddable":true,"href":"https:\/\/mrnews.com.br\/index.php\/wp-json\/wp\/v2\/categories?post=451024"},{"taxonomy":"post_tag","embeddable":true,"href":"https:\/\/mrnews.com.br\/index.php\/wp-json\/wp\/v2\/tags?post=451024"}],"curies":[{"name":"wp","href":"https:\/\/api.w.org\/{rel}","templated":true}]}}