{"id":451063,"date":"2025-10-21T02:11:41","date_gmt":"2025-10-21T05:11:41","guid":{"rendered":"https:\/\/mrnews.com.br\/index.php\/2025\/10\/21\/gcm-revitaliza-bases-e-fortalece-lacos-com-a-comunidade-cgnoticias\/"},"modified":"2025-10-21T02:11:41","modified_gmt":"2025-10-21T05:11:41","slug":"gcm-revitaliza-bases-e-fortalece-lacos-com-a-comunidade-cgnoticias","status":"publish","type":"post","link":"https:\/\/mrnews.com.br\/index.php\/2025\/10\/21\/gcm-revitaliza-bases-e-fortalece-lacos-com-a-comunidade-cgnoticias\/","title":{"rendered":"GCM revitaliza bases e fortalece la\u00e7os com a comunidade \u2013 CGNot\u00edcias"},"content":{"rendered":"<p><\/p>\n<div>\n<p>A Guarda Civil Metropolitana (GCM) de Campo Grande iniciou um processo de revitaliza\u00e7\u00e3o de suas bases regionais, com pintura, atualiza\u00e7\u00e3o do layout e entrega de novos eletrodom\u00e9sticos e mobili\u00e1rio. A a\u00e7\u00e3o come\u00e7ou pela Base Regional do Segredo, localizada no bairro Estrela do Sul, e ser\u00e1 estendida a todas as regi\u00f5es da cidade.<\/p>\n<p>Segundo o secret\u00e1rio especial de Seguran\u00e7a e Defesa Social, Anderson Gonzaga da Silva Assis, o objetivo \u00e9 modernizar e padronizar a identidade visual das estruturas da GCM, seguindo o mesmo modelo adotado nas novas viaturas.<\/p>\n<p>\u201cA GCM est\u00e1 renovando o layout das bases, um modelo inovador que d\u00e1 mais identidade \u00e0 institui\u00e7\u00e3o de Seguran\u00e7a P\u00fablica. Iniciamos pela regi\u00e3o do Segredo e iremos estender a a\u00e7\u00e3o pelas sete regi\u00f5es da cidade, incluindo os n\u00facleos operacionais. Todas as bases ser\u00e3o pintadas e equipadas com eletrodom\u00e9sticos e mob\u00edlia, proporcionando melhores condi\u00e7\u00f5es de trabalho aos nossos servidores\u201d, destacou o secret\u00e1rio.<\/p>\n<p>O pacote de a\u00e7\u00f5es ainda inclui a entrega de geladeiras, fog\u00f5es e micro-ondas, garantindo mais conforto e praticidade aos guardas que cumprem longas jornadas de servi\u00e7o. Al\u00e9m disso, o novo layout traz um visual moderno e padronizado, com as cores e s\u00edmbolos da institui\u00e7\u00e3o, refor\u00e7ando a presen\u00e7a da GCM nas comunidades.<\/p>\n<p>A revitaliza\u00e7\u00e3o est\u00e1 sendo executada com recursos otimizados, fruto de parcerias e do trabalho direto dos servidores da pr\u00f3pria Guarda, o que refor\u00e7a o engajamento da equipe e o cuidado com o patrim\u00f4nio p\u00fablico.<\/p>\n<p>Com dez bases regionais e n\u00facleos operacionais, o projeto representa um importante passo na valoriza\u00e7\u00e3o dos profissionais da seguran\u00e7a p\u00fablica e no fortalecimento da rela\u00e7\u00e3o entre a corpora\u00e7\u00e3o e a popula\u00e7\u00e3o campo-grandense.<\/p>\n<p><strong>Investimentos que fortalecem a seguran\u00e7a p\u00fablica<\/strong><\/p>\n<p>A Prefeitura de Campo Grande tem refor\u00e7ado o compromisso de estruturar e valorizar a GCM, oferecendo melhores condi\u00e7\u00f5es de trabalho e modernizando o aparato da corpora\u00e7\u00e3o.<\/p>\n<p>Em 2025, ano em que a institui\u00e7\u00e3o completa 35 anos de atua\u00e7\u00e3o, a Guarda vive sua maior fase de moderniza\u00e7\u00e3o. At\u00e9 o fim do ano, ser\u00e1 consolidado um pacote de investimentos voltado \u00e0 infraestrutura, equipamentos e capacita\u00e7\u00e3o dos agentes.<\/p>\n<p>Entre as a\u00e7\u00f5es em andamento, est\u00e1 a licita\u00e7\u00e3o para aquisi\u00e7\u00e3o de 15 novas viaturas, sendo cinco destinadas \u00e0s rondas escolares, com investimento de R$ 2,7 milh\u00f5es. Esses ve\u00edculos se somar\u00e3o \u00e0 atual frota de 94 carros operacionais e j\u00e1 circular\u00e3o com a nova identidade visual da corpora\u00e7\u00e3o, ampliando a presen\u00e7a da Guarda em toda a cidade.<\/p>\n<p>O pacote ainda contempla novos uniformes, 52 armas de incapacita\u00e7\u00e3o neuromuscular e coletes bal\u00edsticos, que juntos somam mais de R$ 3,7 milh\u00f5es. No total, a moderniza\u00e7\u00e3o da GCM representa R$ 6,7 milh\u00f5es em investimentos.<\/p>\n<p>Recentemente, a corpora\u00e7\u00e3o tamb\u00e9m recebeu 14 motocicletas BMW de alta cilindrada e dez carabinas CTT.40. Todos os guardas passar\u00e3o por treinamento espec\u00edfico para o uso do novo armamento. Al\u00e9m disso, outras cinco viaturas foram revitalizadas e j\u00e1 exibem o novo layout, refor\u00e7ando a imagem e a atua\u00e7\u00e3o da GCM nas ruas da Capital.<\/p>\n<p><em>#ParaTodosVerem: Imagem da Base Regional do Segredo, da Guarda Civil Metropolitana de Campo Grande, j\u00e1 revitalizada com o novo layout visual.<\/em><\/p>\n<\/div>\n<p><script async defer async defer src=\"https:\/\/connect.facebook.net\/en_US\/sdk.js?ver=1#xfbml=1&amp;version=v3.2\" id=\"prefeitura-campogrande-script-facebook-sdk-js\"><\/script><\/p>\n","protected":false},"excerpt":{"rendered":"<p>A Guarda Civil Metropolitana (GCM) de Campo Grande iniciou um processo de revitaliza\u00e7\u00e3o de suas bases regionais, com pintura, atualiza\u00e7\u00e3o do layout e entrega de novos eletrodom\u00e9sticos e mobili\u00e1rio. A a\u00e7\u00e3o come\u00e7ou pela Base Regional do Segredo, localizada no bairro Estrela do Sul, e ser\u00e1 estendida a todas as regi\u00f5es da cidade. Segundo o secret\u00e1rio &hellip;<\/p>\n","protected":false},"author":1,"featured_media":0,"comment_status":"open","ping_status":"open","sticky":false,"template":"","format":"standard","meta":{"_jetpack_memberships_contains_paid_content":false,"footnotes":""},"categories":[12410],"tags":[],"class_list":["post-451063","post","type-post","status-publish","format-standard","hentry","category-ms"],"yoast_head":"<!-- This site is optimized with the Yoast SEO plugin v27.4 - https:\/\/yoast.com\/product\/yoast-seo-wordpress\/ -->\n<title>GCM revitaliza bases e fortalece la\u00e7os com a comunidade \u2013 CGNot\u00edcias<\/title>\n<meta name=\"robots\" content=\"index, follow, max-snippet:-1, max-image-preview:large, max-video-preview:-1\" \/>\n<link rel=\"canonical\" href=\"https:\/\/mrnews.com.br\/index.php\/2025\/10\/21\/gcm-revitaliza-bases-e-fortalece-lacos-com-a-comunidade-cgnoticias\/\" \/>\n<meta property=\"og:locale\" content=\"pt_BR\" \/>\n<meta property=\"og:type\" content=\"article\" \/>\n<meta property=\"og:title\" content=\"GCM revitaliza bases e fortalece la\u00e7os com a comunidade \u2013 CGNot\u00edcias\" \/>\n<meta property=\"og:description\" content=\"A Guarda Civil Metropolitana (GCM) de Campo Grande iniciou um processo de revitaliza\u00e7\u00e3o de suas bases regionais, com pintura, atualiza\u00e7\u00e3o do layout e entrega de novos eletrodom\u00e9sticos e mobili\u00e1rio. A a\u00e7\u00e3o come\u00e7ou pela Base Regional do Segredo, localizada no bairro Estrela do Sul, e ser\u00e1 estendida a todas as regi\u00f5es da cidade. Segundo o secret\u00e1rio &hellip;\" \/>\n<meta property=\"og:url\" content=\"https:\/\/mrnews.com.br\/index.php\/2025\/10\/21\/gcm-revitaliza-bases-e-fortalece-lacos-com-a-comunidade-cgnoticias\/\" \/>\n<meta property=\"og:site_name\" content=\"MRNews\" \/>\n<meta property=\"article:publisher\" content=\"https:\/\/www.facebook.com\/eaipahpah\/?locale2=pt_BR\" \/>\n<meta property=\"article:published_time\" content=\"2025-10-21T05:11:41+00:00\" \/>\n<meta name=\"author\" content=\"MR News\" \/>\n<meta name=\"twitter:card\" content=\"summary_large_image\" \/>\n<meta name=\"twitter:creator\" content=\"@conspirou\" \/>\n<meta name=\"twitter:site\" content=\"@conspirou\" \/>\n<meta name=\"twitter:label1\" content=\"Escrito por\" \/>\n\t<meta name=\"twitter:data1\" content=\"MR News\" \/>\n\t<meta name=\"twitter:label2\" content=\"Est. tempo de leitura\" \/>\n\t<meta name=\"twitter:data2\" content=\"3 minutos\" \/>\n<script type=\"application\/ld+json\" class=\"yoast-schema-graph\">{\"@context\":\"https:\\\/\\\/schema.org\",\"@graph\":[{\"@type\":\"Article\",\"@id\":\"https:\\\/\\\/mrnews.com.br\\\/index.php\\\/2025\\\/10\\\/21\\\/gcm-revitaliza-bases-e-fortalece-lacos-com-a-comunidade-cgnoticias\\\/#article\",\"isPartOf\":{\"@id\":\"https:\\\/\\\/mrnews.com.br\\\/index.php\\\/2025\\\/10\\\/21\\\/gcm-revitaliza-bases-e-fortalece-lacos-com-a-comunidade-cgnoticias\\\/\"},\"author\":{\"name\":\"MR News\",\"@id\":\"https:\\\/\\\/mrnews.com.br\\\/#\\\/schema\\\/person\\\/be3203154562a9f207407861cef7827b\"},\"headline\":\"GCM revitaliza bases e fortalece la\u00e7os com a comunidade \u2013 CGNot\u00edcias\",\"datePublished\":\"2025-10-21T05:11:41+00:00\",\"mainEntityOfPage\":{\"@id\":\"https:\\\/\\\/mrnews.com.br\\\/index.php\\\/2025\\\/10\\\/21\\\/gcm-revitaliza-bases-e-fortalece-lacos-com-a-comunidade-cgnoticias\\\/\"},\"wordCount\":570,\"commentCount\":0,\"publisher\":{\"@id\":\"https:\\\/\\\/mrnews.com.br\\\/#organization\"},\"articleSection\":[\"Mato Grosso do Sul\"],\"inLanguage\":\"pt-BR\",\"potentialAction\":[{\"@type\":\"CommentAction\",\"name\":\"Comment\",\"target\":[\"https:\\\/\\\/mrnews.com.br\\\/index.php\\\/2025\\\/10\\\/21\\\/gcm-revitaliza-bases-e-fortalece-lacos-com-a-comunidade-cgnoticias\\\/#respond\"]}]},{\"@type\":\"WebPage\",\"@id\":\"https:\\\/\\\/mrnews.com.br\\\/index.php\\\/2025\\\/10\\\/21\\\/gcm-revitaliza-bases-e-fortalece-lacos-com-a-comunidade-cgnoticias\\\/\",\"url\":\"https:\\\/\\\/mrnews.com.br\\\/index.php\\\/2025\\\/10\\\/21\\\/gcm-revitaliza-bases-e-fortalece-lacos-com-a-comunidade-cgnoticias\\\/\",\"name\":\"GCM revitaliza bases e fortalece la\u00e7os com a comunidade \u2013 CGNot\u00edcias\",\"isPartOf\":{\"@id\":\"https:\\\/\\\/mrnews.com.br\\\/#website\"},\"datePublished\":\"2025-10-21T05:11:41+00:00\",\"breadcrumb\":{\"@id\":\"https:\\\/\\\/mrnews.com.br\\\/index.php\\\/2025\\\/10\\\/21\\\/gcm-revitaliza-bases-e-fortalece-lacos-com-a-comunidade-cgnoticias\\\/#breadcrumb\"},\"inLanguage\":\"pt-BR\",\"potentialAction\":[{\"@type\":\"ReadAction\",\"target\":[\"https:\\\/\\\/mrnews.com.br\\\/index.php\\\/2025\\\/10\\\/21\\\/gcm-revitaliza-bases-e-fortalece-lacos-com-a-comunidade-cgnoticias\\\/\"]}]},{\"@type\":\"BreadcrumbList\",\"@id\":\"https:\\\/\\\/mrnews.com.br\\\/index.php\\\/2025\\\/10\\\/21\\\/gcm-revitaliza-bases-e-fortalece-lacos-com-a-comunidade-cgnoticias\\\/#breadcrumb\",\"itemListElement\":[{\"@type\":\"ListItem\",\"position\":1,\"name\":\"In\u00edcio\",\"item\":\"https:\\\/\\\/mrnews.com.br\\\/\"},{\"@type\":\"ListItem\",\"position\":2,\"name\":\"GCM revitaliza bases e fortalece la\u00e7os com a comunidade \u2013 CGNot\u00edcias\"}]},{\"@type\":\"WebSite\",\"@id\":\"https:\\\/\\\/mrnews.com.br\\\/#website\",\"url\":\"https:\\\/\\\/mrnews.com.br\\\/\",\"name\":\"MRNews\",\"description\":\"MRNews Jogos de hoje da TV, transmiss\u00f5es ao vivo, Not\u00edcias de futebol, Jogos ao vivo, Lives, resumo de novelas, Programa\u00e7\u00e3o da Globo, A Fazenda e BBB\",\"publisher\":{\"@id\":\"https:\\\/\\\/mrnews.com.br\\\/#organization\"},\"potentialAction\":[{\"@type\":\"SearchAction\",\"target\":{\"@type\":\"EntryPoint\",\"urlTemplate\":\"https:\\\/\\\/mrnews.com.br\\\/?s={search_term_string}\"},\"query-input\":{\"@type\":\"PropertyValueSpecification\",\"valueRequired\":true,\"valueName\":\"search_term_string\"}}],\"inLanguage\":\"pt-BR\"},{\"@type\":\"Organization\",\"@id\":\"https:\\\/\\\/mrnews.com.br\\\/#organization\",\"name\":\"MRNews\",\"url\":\"https:\\\/\\\/mrnews.com.br\\\/\",\"logo\":{\"@type\":\"ImageObject\",\"inLanguage\":\"pt-BR\",\"@id\":\"https:\\\/\\\/mrnews.com.br\\\/#\\\/schema\\\/logo\\\/image\\\/\",\"url\":\"https:\\\/\\\/mrnews.com.br\\\/wp-content\\\/uploads\\\/2019\\\/06\\\/MRNewslogo2.png\",\"contentUrl\":\"https:\\\/\\\/mrnews.com.br\\\/wp-content\\\/uploads\\\/2019\\\/06\\\/MRNewslogo2.png\",\"width\":223,\"height\":58,\"caption\":\"MRNews\"},\"image\":{\"@id\":\"https:\\\/\\\/mrnews.com.br\\\/#\\\/schema\\\/logo\\\/image\\\/\"},\"sameAs\":[\"https:\\\/\\\/www.facebook.com\\\/eaipahpah\\\/?locale2=pt_BR\",\"https:\\\/\\\/x.com\\\/conspirou\",\"https:\\\/\\\/www.instagram.com\\\/eai_pahpah\",\"https:\\\/\\\/br.pinterest.com\\\/mrnewsn\\\/boards\\\/\",\"https:\\\/\\\/www.youtube.com\\\/channel\\\/UCacgnpznQ61fifLWr1tQ-vA?view_as=subscriber\"]},{\"@type\":\"Person\",\"@id\":\"https:\\\/\\\/mrnews.com.br\\\/#\\\/schema\\\/person\\\/be3203154562a9f207407861cef7827b\",\"name\":\"MR News\",\"image\":{\"@type\":\"ImageObject\",\"inLanguage\":\"pt-BR\",\"@id\":\"https:\\\/\\\/secure.gravatar.com\\\/avatar\\\/04084e6d73c042b8646e7c17b494073bf0ede3ea13c7105cfc45cbbbc28385a4?s=96&d=monsterid&r=g\",\"url\":\"https:\\\/\\\/secure.gravatar.com\\\/avatar\\\/04084e6d73c042b8646e7c17b494073bf0ede3ea13c7105cfc45cbbbc28385a4?s=96&d=monsterid&r=g\",\"contentUrl\":\"https:\\\/\\\/secure.gravatar.com\\\/avatar\\\/04084e6d73c042b8646e7c17b494073bf0ede3ea13c7105cfc45cbbbc28385a4?s=96&d=monsterid&r=g\",\"caption\":\"MR News\"},\"description\":\"Especializado em jornalismo colaborativo pela FTP em n\u00edvel de p\u00f3s-gradua\u00e7\u00e3o. suporte@oimeliga.combr\",\"sameAs\":[\"HUGO R.\",\"Admin\"],\"url\":\"https:\\\/\\\/mrnews.com.br\\\/index.php\\\/author\\\/admin\\\/\"}]}<\/script>\n<!-- \/ Yoast SEO plugin. -->","yoast_head_json":{"title":"GCM revitaliza bases e fortalece la\u00e7os com a comunidade \u2013 CGNot\u00edcias","robots":{"index":"index","follow":"follow","max-snippet":"max-snippet:-1","max-image-preview":"max-image-preview:large","max-video-preview":"max-video-preview:-1"},"canonical":"https:\/\/mrnews.com.br\/index.php\/2025\/10\/21\/gcm-revitaliza-bases-e-fortalece-lacos-com-a-comunidade-cgnoticias\/","og_locale":"pt_BR","og_type":"article","og_title":"GCM revitaliza bases e fortalece la\u00e7os com a comunidade \u2013 CGNot\u00edcias","og_description":"A Guarda Civil Metropolitana (GCM) de Campo Grande iniciou um processo de revitaliza\u00e7\u00e3o de suas bases regionais, com pintura, atualiza\u00e7\u00e3o do layout e entrega de novos eletrodom\u00e9sticos e mobili\u00e1rio. A a\u00e7\u00e3o come\u00e7ou pela Base Regional do Segredo, localizada no bairro Estrela do Sul, e ser\u00e1 estendida a todas as regi\u00f5es da cidade. Segundo o secret\u00e1rio &hellip;","og_url":"https:\/\/mrnews.com.br\/index.php\/2025\/10\/21\/gcm-revitaliza-bases-e-fortalece-lacos-com-a-comunidade-cgnoticias\/","og_site_name":"MRNews","article_publisher":"https:\/\/www.facebook.com\/eaipahpah\/?locale2=pt_BR","article_published_time":"2025-10-21T05:11:41+00:00","author":"MR News","twitter_card":"summary_large_image","twitter_creator":"@conspirou","twitter_site":"@conspirou","twitter_misc":{"Escrito por":"MR News","Est. tempo de leitura":"3 minutos"},"schema":{"@context":"https:\/\/schema.org","@graph":[{"@type":"Article","@id":"https:\/\/mrnews.com.br\/index.php\/2025\/10\/21\/gcm-revitaliza-bases-e-fortalece-lacos-com-a-comunidade-cgnoticias\/#article","isPartOf":{"@id":"https:\/\/mrnews.com.br\/index.php\/2025\/10\/21\/gcm-revitaliza-bases-e-fortalece-lacos-com-a-comunidade-cgnoticias\/"},"author":{"name":"MR News","@id":"https:\/\/mrnews.com.br\/#\/schema\/person\/be3203154562a9f207407861cef7827b"},"headline":"GCM revitaliza bases e fortalece la\u00e7os com a comunidade \u2013 CGNot\u00edcias","datePublished":"2025-10-21T05:11:41+00:00","mainEntityOfPage":{"@id":"https:\/\/mrnews.com.br\/index.php\/2025\/10\/21\/gcm-revitaliza-bases-e-fortalece-lacos-com-a-comunidade-cgnoticias\/"},"wordCount":570,"commentCount":0,"publisher":{"@id":"https:\/\/mrnews.com.br\/#organization"},"articleSection":["Mato Grosso do Sul"],"inLanguage":"pt-BR","potentialAction":[{"@type":"CommentAction","name":"Comment","target":["https:\/\/mrnews.com.br\/index.php\/2025\/10\/21\/gcm-revitaliza-bases-e-fortalece-lacos-com-a-comunidade-cgnoticias\/#respond"]}]},{"@type":"WebPage","@id":"https:\/\/mrnews.com.br\/index.php\/2025\/10\/21\/gcm-revitaliza-bases-e-fortalece-lacos-com-a-comunidade-cgnoticias\/","url":"https:\/\/mrnews.com.br\/index.php\/2025\/10\/21\/gcm-revitaliza-bases-e-fortalece-lacos-com-a-comunidade-cgnoticias\/","name":"GCM revitaliza bases e fortalece la\u00e7os com a comunidade \u2013 CGNot\u00edcias","isPartOf":{"@id":"https:\/\/mrnews.com.br\/#website"},"datePublished":"2025-10-21T05:11:41+00:00","breadcrumb":{"@id":"https:\/\/mrnews.com.br\/index.php\/2025\/10\/21\/gcm-revitaliza-bases-e-fortalece-lacos-com-a-comunidade-cgnoticias\/#breadcrumb"},"inLanguage":"pt-BR","potentialAction":[{"@type":"ReadAction","target":["https:\/\/mrnews.com.br\/index.php\/2025\/10\/21\/gcm-revitaliza-bases-e-fortalece-lacos-com-a-comunidade-cgnoticias\/"]}]},{"@type":"BreadcrumbList","@id":"https:\/\/mrnews.com.br\/index.php\/2025\/10\/21\/gcm-revitaliza-bases-e-fortalece-lacos-com-a-comunidade-cgnoticias\/#breadcrumb","itemListElement":[{"@type":"ListItem","position":1,"name":"In\u00edcio","item":"https:\/\/mrnews.com.br\/"},{"@type":"ListItem","position":2,"name":"GCM revitaliza bases e fortalece la\u00e7os com a comunidade \u2013 CGNot\u00edcias"}]},{"@type":"WebSite","@id":"https:\/\/mrnews.com.br\/#website","url":"https:\/\/mrnews.com.br\/","name":"MRNews","description":"MRNews Jogos de hoje da TV, transmiss\u00f5es ao vivo, Not\u00edcias de futebol, Jogos ao vivo, Lives, resumo de novelas, Programa\u00e7\u00e3o da Globo, A Fazenda e BBB","publisher":{"@id":"https:\/\/mrnews.com.br\/#organization"},"potentialAction":[{"@type":"SearchAction","target":{"@type":"EntryPoint","urlTemplate":"https:\/\/mrnews.com.br\/?s={search_term_string}"},"query-input":{"@type":"PropertyValueSpecification","valueRequired":true,"valueName":"search_term_string"}}],"inLanguage":"pt-BR"},{"@type":"Organization","@id":"https:\/\/mrnews.com.br\/#organization","name":"MRNews","url":"https:\/\/mrnews.com.br\/","logo":{"@type":"ImageObject","inLanguage":"pt-BR","@id":"https:\/\/mrnews.com.br\/#\/schema\/logo\/image\/","url":"https:\/\/mrnews.com.br\/wp-content\/uploads\/2019\/06\/MRNewslogo2.png","contentUrl":"https:\/\/mrnews.com.br\/wp-content\/uploads\/2019\/06\/MRNewslogo2.png","width":223,"height":58,"caption":"MRNews"},"image":{"@id":"https:\/\/mrnews.com.br\/#\/schema\/logo\/image\/"},"sameAs":["https:\/\/www.facebook.com\/eaipahpah\/?locale2=pt_BR","https:\/\/x.com\/conspirou","https:\/\/www.instagram.com\/eai_pahpah","https:\/\/br.pinterest.com\/mrnewsn\/boards\/","https:\/\/www.youtube.com\/channel\/UCacgnpznQ61fifLWr1tQ-vA?view_as=subscriber"]},{"@type":"Person","@id":"https:\/\/mrnews.com.br\/#\/schema\/person\/be3203154562a9f207407861cef7827b","name":"MR News","image":{"@type":"ImageObject","inLanguage":"pt-BR","@id":"https:\/\/secure.gravatar.com\/avatar\/04084e6d73c042b8646e7c17b494073bf0ede3ea13c7105cfc45cbbbc28385a4?s=96&d=monsterid&r=g","url":"https:\/\/secure.gravatar.com\/avatar\/04084e6d73c042b8646e7c17b494073bf0ede3ea13c7105cfc45cbbbc28385a4?s=96&d=monsterid&r=g","contentUrl":"https:\/\/secure.gravatar.com\/avatar\/04084e6d73c042b8646e7c17b494073bf0ede3ea13c7105cfc45cbbbc28385a4?s=96&d=monsterid&r=g","caption":"MR News"},"description":"Especializado em jornalismo colaborativo pela FTP em n\u00edvel de p\u00f3s-gradua\u00e7\u00e3o. suporte@oimeliga.combr","sameAs":["HUGO R.","Admin"],"url":"https:\/\/mrnews.com.br\/index.php\/author\/admin\/"}]}},"jetpack_featured_media_url":"","jetpack_sharing_enabled":true,"jetpack_shortlink":"https:\/\/wp.me\/pa2Qf7-1Tld","amp_enabled":true,"_links":{"self":[{"href":"https:\/\/mrnews.com.br\/index.php\/wp-json\/wp\/v2\/posts\/451063","targetHints":{"allow":["GET"]}}],"collection":[{"href":"https:\/\/mrnews.com.br\/index.php\/wp-json\/wp\/v2\/posts"}],"about":[{"href":"https:\/\/mrnews.com.br\/index.php\/wp-json\/wp\/v2\/types\/post"}],"author":[{"embeddable":true,"href":"https:\/\/mrnews.com.br\/index.php\/wp-json\/wp\/v2\/users\/1"}],"replies":[{"embeddable":true,"href":"https:\/\/mrnews.com.br\/index.php\/wp-json\/wp\/v2\/comments?post=451063"}],"version-history":[{"count":0,"href":"https:\/\/mrnews.com.br\/index.php\/wp-json\/wp\/v2\/posts\/451063\/revisions"}],"wp:attachment":[{"href":"https:\/\/mrnews.com.br\/index.php\/wp-json\/wp\/v2\/media?parent=451063"}],"wp:term":[{"taxonomy":"category","embeddable":true,"href":"https:\/\/mrnews.com.br\/index.php\/wp-json\/wp\/v2\/categories?post=451063"},{"taxonomy":"post_tag","embeddable":true,"href":"https:\/\/mrnews.com.br\/index.php\/wp-json\/wp\/v2\/tags?post=451063"}],"curies":[{"name":"wp","href":"https:\/\/api.w.org\/{rel}","templated":true}]}}