{"id":451068,"date":"2025-10-21T08:18:44","date_gmt":"2025-10-21T11:18:44","guid":{"rendered":"https:\/\/mrnews.com.br\/index.php\/2025\/10\/21\/beneficiarios-com-nis-final-2-recebem-auxilio-gas-nesta-terca-feira\/"},"modified":"2025-10-21T08:18:44","modified_gmt":"2025-10-21T11:18:44","slug":"beneficiarios-com-nis-final-2-recebem-auxilio-gas-nesta-terca-feira","status":"publish","type":"post","link":"https:\/\/mrnews.com.br\/index.php\/2025\/10\/21\/beneficiarios-com-nis-final-2-recebem-auxilio-gas-nesta-terca-feira\/","title":{"rendered":"Benefici\u00e1rios com NIS final 2 recebem Aux\u00edlio G\u00e1s nesta ter\u00e7a-feira"},"content":{"rendered":"<p>Por EBC, <\/p>\n<div>\n<p><strong>Benefici\u00e1rios que est\u00e3o no Cadastro \u00danico para Programas Sociais do Governo Federal (Cad\u00danico) com\u00a0N\u00famero de Inscri\u00e7\u00e3o Social (NIS) de final 2\u00a0recebem nesta ter\u00e7a-feira (21) o\u00a0Aux\u00edlio G\u00e1s de outubro no valor de\u00a0R$ 108.<\/strong><\/p>\n<p>Com dura\u00e7\u00e3o prevista at\u00e9 o fim de 2026, o programa beneficia 5,01 milh\u00f5es de fam\u00edlias. Com a aprova\u00e7\u00e3o da Emenda Constitucional da Transi\u00e7\u00e3o, no fim de 2022, o benef\u00edcio foi mantido em 100% do pre\u00e7o m\u00e9dio do botij\u00e3o de 13 kg.<\/p>\n<p><strong>O benef\u00edcio \u00e9 pago duas vezes a cada semestre e segue o calend\u00e1rio do Bolsa Fam\u00edlia, com pagamentos\u00a0at\u00e9 31 de outubro, para benefici\u00e1rios com NIS final 0.<\/strong><\/p>\n<p>S\u00f3 pode receber o Aux\u00edlio G\u00e1s quem est\u00e1 inclu\u00eddo no Cad\u00danico e tenha pelo menos um membro da fam\u00edlia que receba o Benef\u00edcio de Presta\u00e7\u00e3o Continuada (BPC).<\/p>\n<p>A lei que criou o programa definiu que a mulher respons\u00e1vel pela fam\u00edlia ter\u00e1 prefer\u00eancia, assim como mulheres v\u00edtimas de viol\u00eancia dom\u00e9stica.<\/p>\n<p>Neste m\u00eas, o investimento do Minist\u00e9rio do Desenvolvimento e Assist\u00eancia Social, Fam\u00edlia e Combate \u00e0 Fome para o Aux\u00edlio G\u00e1s \u00e9 de pouco mais de R$ 542 milh\u00f5es.<\/p>\n<h2>G\u00e1s do povo<\/h2>\n<p>Em setembro, o governo federal lan\u00e7ou o programa G\u00e1s do Povo, que vai gradualmente substituir o Aux\u00edlio G\u00e1s.<\/p>\n<p>Em vez do benef\u00edcio em dinheiro, as fam\u00edlias v\u00e3o retirar a recarga do botij\u00e3o de g\u00e1s em revendedoras credenciadas.<\/p>\n<p>O\u00a0novo programa pretende triplicar o n\u00famero de favorecidos, alcan\u00e7ando cerca de 15 milh\u00f5es de fam\u00edlias.<\/p>\n<p>\u00a0<\/p>\n<p>      <!-- Relacionada --><br \/>\n            <!-- Relacionada -->\n    <\/div>\n","protected":false},"excerpt":{"rendered":"<p>Por EBC, Benefici\u00e1rios que est\u00e3o no Cadastro \u00danico para Programas Sociais do Governo Federal (Cad\u00danico) com\u00a0N\u00famero de Inscri\u00e7\u00e3o Social (NIS) de final 2\u00a0recebem nesta ter\u00e7a-feira (21) o\u00a0Aux\u00edlio G\u00e1s de outubro no valor de\u00a0R$ 108. Com dura\u00e7\u00e3o prevista at\u00e9 o fim de 2026, o programa beneficia 5,01 milh\u00f5es de fam\u00edlias. Com a aprova\u00e7\u00e3o da Emenda Constitucional &hellip;<\/p>\n","protected":false},"author":1,"featured_media":0,"comment_status":"open","ping_status":"open","sticky":false,"template":"","format":"standard","meta":{"_jetpack_memberships_contains_paid_content":false,"footnotes":""},"categories":[2,12225,4],"tags":[],"class_list":["post-451068","post","type-post","status-publish","format-standard","hentry","category-entretenimento","category-noticias","category-servicos"],"yoast_head":"<!-- This site is optimized with the Yoast SEO plugin v27.4 - https:\/\/yoast.com\/product\/yoast-seo-wordpress\/ -->\n<title>Benefici\u00e1rios com NIS final 2 recebem Aux\u00edlio G\u00e1s nesta ter\u00e7a-feira<\/title>\n<meta name=\"robots\" content=\"index, follow, max-snippet:-1, max-image-preview:large, max-video-preview:-1\" \/>\n<link rel=\"canonical\" href=\"https:\/\/mrnews.com.br\/index.php\/2025\/10\/21\/beneficiarios-com-nis-final-2-recebem-auxilio-gas-nesta-terca-feira\/\" \/>\n<meta property=\"og:locale\" content=\"pt_BR\" \/>\n<meta property=\"og:type\" content=\"article\" \/>\n<meta property=\"og:title\" content=\"Benefici\u00e1rios com NIS final 2 recebem Aux\u00edlio G\u00e1s nesta ter\u00e7a-feira\" \/>\n<meta property=\"og:description\" content=\"Por EBC, Benefici\u00e1rios que est\u00e3o no Cadastro \u00danico para Programas Sociais do Governo Federal (Cad\u00danico) com\u00a0N\u00famero de Inscri\u00e7\u00e3o Social (NIS) de final 2\u00a0recebem nesta ter\u00e7a-feira (21) o\u00a0Aux\u00edlio G\u00e1s de outubro no valor de\u00a0R$ 108. Com dura\u00e7\u00e3o prevista at\u00e9 o fim de 2026, o programa beneficia 5,01 milh\u00f5es de fam\u00edlias. Com a aprova\u00e7\u00e3o da Emenda Constitucional &hellip;\" \/>\n<meta property=\"og:url\" content=\"https:\/\/mrnews.com.br\/index.php\/2025\/10\/21\/beneficiarios-com-nis-final-2-recebem-auxilio-gas-nesta-terca-feira\/\" \/>\n<meta property=\"og:site_name\" content=\"MRNews\" \/>\n<meta property=\"article:publisher\" content=\"https:\/\/www.facebook.com\/eaipahpah\/?locale2=pt_BR\" \/>\n<meta property=\"article:published_time\" content=\"2025-10-21T11:18:44+00:00\" \/>\n<meta name=\"author\" content=\"MR News\" \/>\n<meta name=\"twitter:card\" content=\"summary_large_image\" \/>\n<meta name=\"twitter:creator\" content=\"@conspirou\" \/>\n<meta name=\"twitter:site\" content=\"@conspirou\" \/>\n<meta name=\"twitter:label1\" content=\"Escrito por\" \/>\n\t<meta name=\"twitter:data1\" content=\"MR News\" \/>\n\t<meta name=\"twitter:label2\" content=\"Est. tempo de leitura\" \/>\n\t<meta name=\"twitter:data2\" content=\"1 minuto\" \/>\n<script type=\"application\/ld+json\" class=\"yoast-schema-graph\">{\"@context\":\"https:\\\/\\\/schema.org\",\"@graph\":[{\"@type\":\"Article\",\"@id\":\"https:\\\/\\\/mrnews.com.br\\\/index.php\\\/2025\\\/10\\\/21\\\/beneficiarios-com-nis-final-2-recebem-auxilio-gas-nesta-terca-feira\\\/#article\",\"isPartOf\":{\"@id\":\"https:\\\/\\\/mrnews.com.br\\\/index.php\\\/2025\\\/10\\\/21\\\/beneficiarios-com-nis-final-2-recebem-auxilio-gas-nesta-terca-feira\\\/\"},\"author\":{\"name\":\"MR News\",\"@id\":\"https:\\\/\\\/mrnews.com.br\\\/#\\\/schema\\\/person\\\/be3203154562a9f207407861cef7827b\"},\"headline\":\"Benefici\u00e1rios com NIS final 2 recebem Aux\u00edlio G\u00e1s nesta ter\u00e7a-feira\",\"datePublished\":\"2025-10-21T11:18:44+00:00\",\"mainEntityOfPage\":{\"@id\":\"https:\\\/\\\/mrnews.com.br\\\/index.php\\\/2025\\\/10\\\/21\\\/beneficiarios-com-nis-final-2-recebem-auxilio-gas-nesta-terca-feira\\\/\"},\"wordCount\":293,\"commentCount\":0,\"publisher\":{\"@id\":\"https:\\\/\\\/mrnews.com.br\\\/#organization\"},\"articleSection\":[\"ENTRETENIMENTO\",\"NOTICIAS\",\"SERVI\u00c7OS\"],\"inLanguage\":\"pt-BR\",\"potentialAction\":[{\"@type\":\"CommentAction\",\"name\":\"Comment\",\"target\":[\"https:\\\/\\\/mrnews.com.br\\\/index.php\\\/2025\\\/10\\\/21\\\/beneficiarios-com-nis-final-2-recebem-auxilio-gas-nesta-terca-feira\\\/#respond\"]}]},{\"@type\":\"WebPage\",\"@id\":\"https:\\\/\\\/mrnews.com.br\\\/index.php\\\/2025\\\/10\\\/21\\\/beneficiarios-com-nis-final-2-recebem-auxilio-gas-nesta-terca-feira\\\/\",\"url\":\"https:\\\/\\\/mrnews.com.br\\\/index.php\\\/2025\\\/10\\\/21\\\/beneficiarios-com-nis-final-2-recebem-auxilio-gas-nesta-terca-feira\\\/\",\"name\":\"Benefici\u00e1rios com NIS final 2 recebem Aux\u00edlio G\u00e1s nesta ter\u00e7a-feira\",\"isPartOf\":{\"@id\":\"https:\\\/\\\/mrnews.com.br\\\/#website\"},\"datePublished\":\"2025-10-21T11:18:44+00:00\",\"breadcrumb\":{\"@id\":\"https:\\\/\\\/mrnews.com.br\\\/index.php\\\/2025\\\/10\\\/21\\\/beneficiarios-com-nis-final-2-recebem-auxilio-gas-nesta-terca-feira\\\/#breadcrumb\"},\"inLanguage\":\"pt-BR\",\"potentialAction\":[{\"@type\":\"ReadAction\",\"target\":[\"https:\\\/\\\/mrnews.com.br\\\/index.php\\\/2025\\\/10\\\/21\\\/beneficiarios-com-nis-final-2-recebem-auxilio-gas-nesta-terca-feira\\\/\"]}]},{\"@type\":\"BreadcrumbList\",\"@id\":\"https:\\\/\\\/mrnews.com.br\\\/index.php\\\/2025\\\/10\\\/21\\\/beneficiarios-com-nis-final-2-recebem-auxilio-gas-nesta-terca-feira\\\/#breadcrumb\",\"itemListElement\":[{\"@type\":\"ListItem\",\"position\":1,\"name\":\"In\u00edcio\",\"item\":\"https:\\\/\\\/mrnews.com.br\\\/\"},{\"@type\":\"ListItem\",\"position\":2,\"name\":\"Benefici\u00e1rios com NIS final 2 recebem Aux\u00edlio G\u00e1s nesta ter\u00e7a-feira\"}]},{\"@type\":\"WebSite\",\"@id\":\"https:\\\/\\\/mrnews.com.br\\\/#website\",\"url\":\"https:\\\/\\\/mrnews.com.br\\\/\",\"name\":\"MRNews\",\"description\":\"MRNews Jogos de hoje da TV, transmiss\u00f5es ao vivo, Not\u00edcias de futebol, Jogos ao vivo, Lives, resumo de novelas, Programa\u00e7\u00e3o da Globo, A Fazenda e BBB\",\"publisher\":{\"@id\":\"https:\\\/\\\/mrnews.com.br\\\/#organization\"},\"potentialAction\":[{\"@type\":\"SearchAction\",\"target\":{\"@type\":\"EntryPoint\",\"urlTemplate\":\"https:\\\/\\\/mrnews.com.br\\\/?s={search_term_string}\"},\"query-input\":{\"@type\":\"PropertyValueSpecification\",\"valueRequired\":true,\"valueName\":\"search_term_string\"}}],\"inLanguage\":\"pt-BR\"},{\"@type\":\"Organization\",\"@id\":\"https:\\\/\\\/mrnews.com.br\\\/#organization\",\"name\":\"MRNews\",\"url\":\"https:\\\/\\\/mrnews.com.br\\\/\",\"logo\":{\"@type\":\"ImageObject\",\"inLanguage\":\"pt-BR\",\"@id\":\"https:\\\/\\\/mrnews.com.br\\\/#\\\/schema\\\/logo\\\/image\\\/\",\"url\":\"https:\\\/\\\/mrnews.com.br\\\/wp-content\\\/uploads\\\/2019\\\/06\\\/MRNewslogo2.png\",\"contentUrl\":\"https:\\\/\\\/mrnews.com.br\\\/wp-content\\\/uploads\\\/2019\\\/06\\\/MRNewslogo2.png\",\"width\":223,\"height\":58,\"caption\":\"MRNews\"},\"image\":{\"@id\":\"https:\\\/\\\/mrnews.com.br\\\/#\\\/schema\\\/logo\\\/image\\\/\"},\"sameAs\":[\"https:\\\/\\\/www.facebook.com\\\/eaipahpah\\\/?locale2=pt_BR\",\"https:\\\/\\\/x.com\\\/conspirou\",\"https:\\\/\\\/www.instagram.com\\\/eai_pahpah\",\"https:\\\/\\\/br.pinterest.com\\\/mrnewsn\\\/boards\\\/\",\"https:\\\/\\\/www.youtube.com\\\/channel\\\/UCacgnpznQ61fifLWr1tQ-vA?view_as=subscriber\"]},{\"@type\":\"Person\",\"@id\":\"https:\\\/\\\/mrnews.com.br\\\/#\\\/schema\\\/person\\\/be3203154562a9f207407861cef7827b\",\"name\":\"MR News\",\"image\":{\"@type\":\"ImageObject\",\"inLanguage\":\"pt-BR\",\"@id\":\"https:\\\/\\\/secure.gravatar.com\\\/avatar\\\/04084e6d73c042b8646e7c17b494073bf0ede3ea13c7105cfc45cbbbc28385a4?s=96&d=monsterid&r=g\",\"url\":\"https:\\\/\\\/secure.gravatar.com\\\/avatar\\\/04084e6d73c042b8646e7c17b494073bf0ede3ea13c7105cfc45cbbbc28385a4?s=96&d=monsterid&r=g\",\"contentUrl\":\"https:\\\/\\\/secure.gravatar.com\\\/avatar\\\/04084e6d73c042b8646e7c17b494073bf0ede3ea13c7105cfc45cbbbc28385a4?s=96&d=monsterid&r=g\",\"caption\":\"MR News\"},\"description\":\"Especializado em jornalismo colaborativo pela FTP em n\u00edvel de p\u00f3s-gradua\u00e7\u00e3o. suporte@oimeliga.combr\",\"sameAs\":[\"HUGO R.\",\"Admin\"],\"url\":\"https:\\\/\\\/mrnews.com.br\\\/index.php\\\/author\\\/admin\\\/\"}]}<\/script>\n<!-- \/ Yoast SEO plugin. -->","yoast_head_json":{"title":"Benefici\u00e1rios com NIS final 2 recebem Aux\u00edlio G\u00e1s nesta ter\u00e7a-feira","robots":{"index":"index","follow":"follow","max-snippet":"max-snippet:-1","max-image-preview":"max-image-preview:large","max-video-preview":"max-video-preview:-1"},"canonical":"https:\/\/mrnews.com.br\/index.php\/2025\/10\/21\/beneficiarios-com-nis-final-2-recebem-auxilio-gas-nesta-terca-feira\/","og_locale":"pt_BR","og_type":"article","og_title":"Benefici\u00e1rios com NIS final 2 recebem Aux\u00edlio G\u00e1s nesta ter\u00e7a-feira","og_description":"Por EBC, Benefici\u00e1rios que est\u00e3o no Cadastro \u00danico para Programas Sociais do Governo Federal (Cad\u00danico) com\u00a0N\u00famero de Inscri\u00e7\u00e3o Social (NIS) de final 2\u00a0recebem nesta ter\u00e7a-feira (21) o\u00a0Aux\u00edlio G\u00e1s de outubro no valor de\u00a0R$ 108. Com dura\u00e7\u00e3o prevista at\u00e9 o fim de 2026, o programa beneficia 5,01 milh\u00f5es de fam\u00edlias. Com a aprova\u00e7\u00e3o da Emenda Constitucional &hellip;","og_url":"https:\/\/mrnews.com.br\/index.php\/2025\/10\/21\/beneficiarios-com-nis-final-2-recebem-auxilio-gas-nesta-terca-feira\/","og_site_name":"MRNews","article_publisher":"https:\/\/www.facebook.com\/eaipahpah\/?locale2=pt_BR","article_published_time":"2025-10-21T11:18:44+00:00","author":"MR News","twitter_card":"summary_large_image","twitter_creator":"@conspirou","twitter_site":"@conspirou","twitter_misc":{"Escrito por":"MR News","Est. tempo de leitura":"1 minuto"},"schema":{"@context":"https:\/\/schema.org","@graph":[{"@type":"Article","@id":"https:\/\/mrnews.com.br\/index.php\/2025\/10\/21\/beneficiarios-com-nis-final-2-recebem-auxilio-gas-nesta-terca-feira\/#article","isPartOf":{"@id":"https:\/\/mrnews.com.br\/index.php\/2025\/10\/21\/beneficiarios-com-nis-final-2-recebem-auxilio-gas-nesta-terca-feira\/"},"author":{"name":"MR News","@id":"https:\/\/mrnews.com.br\/#\/schema\/person\/be3203154562a9f207407861cef7827b"},"headline":"Benefici\u00e1rios com NIS final 2 recebem Aux\u00edlio G\u00e1s nesta ter\u00e7a-feira","datePublished":"2025-10-21T11:18:44+00:00","mainEntityOfPage":{"@id":"https:\/\/mrnews.com.br\/index.php\/2025\/10\/21\/beneficiarios-com-nis-final-2-recebem-auxilio-gas-nesta-terca-feira\/"},"wordCount":293,"commentCount":0,"publisher":{"@id":"https:\/\/mrnews.com.br\/#organization"},"articleSection":["ENTRETENIMENTO","NOTICIAS","SERVI\u00c7OS"],"inLanguage":"pt-BR","potentialAction":[{"@type":"CommentAction","name":"Comment","target":["https:\/\/mrnews.com.br\/index.php\/2025\/10\/21\/beneficiarios-com-nis-final-2-recebem-auxilio-gas-nesta-terca-feira\/#respond"]}]},{"@type":"WebPage","@id":"https:\/\/mrnews.com.br\/index.php\/2025\/10\/21\/beneficiarios-com-nis-final-2-recebem-auxilio-gas-nesta-terca-feira\/","url":"https:\/\/mrnews.com.br\/index.php\/2025\/10\/21\/beneficiarios-com-nis-final-2-recebem-auxilio-gas-nesta-terca-feira\/","name":"Benefici\u00e1rios com NIS final 2 recebem Aux\u00edlio G\u00e1s nesta ter\u00e7a-feira","isPartOf":{"@id":"https:\/\/mrnews.com.br\/#website"},"datePublished":"2025-10-21T11:18:44+00:00","breadcrumb":{"@id":"https:\/\/mrnews.com.br\/index.php\/2025\/10\/21\/beneficiarios-com-nis-final-2-recebem-auxilio-gas-nesta-terca-feira\/#breadcrumb"},"inLanguage":"pt-BR","potentialAction":[{"@type":"ReadAction","target":["https:\/\/mrnews.com.br\/index.php\/2025\/10\/21\/beneficiarios-com-nis-final-2-recebem-auxilio-gas-nesta-terca-feira\/"]}]},{"@type":"BreadcrumbList","@id":"https:\/\/mrnews.com.br\/index.php\/2025\/10\/21\/beneficiarios-com-nis-final-2-recebem-auxilio-gas-nesta-terca-feira\/#breadcrumb","itemListElement":[{"@type":"ListItem","position":1,"name":"In\u00edcio","item":"https:\/\/mrnews.com.br\/"},{"@type":"ListItem","position":2,"name":"Benefici\u00e1rios com NIS final 2 recebem Aux\u00edlio G\u00e1s nesta ter\u00e7a-feira"}]},{"@type":"WebSite","@id":"https:\/\/mrnews.com.br\/#website","url":"https:\/\/mrnews.com.br\/","name":"MRNews","description":"MRNews Jogos de hoje da TV, transmiss\u00f5es ao vivo, Not\u00edcias de futebol, Jogos ao vivo, Lives, resumo de novelas, Programa\u00e7\u00e3o da Globo, A Fazenda e BBB","publisher":{"@id":"https:\/\/mrnews.com.br\/#organization"},"potentialAction":[{"@type":"SearchAction","target":{"@type":"EntryPoint","urlTemplate":"https:\/\/mrnews.com.br\/?s={search_term_string}"},"query-input":{"@type":"PropertyValueSpecification","valueRequired":true,"valueName":"search_term_string"}}],"inLanguage":"pt-BR"},{"@type":"Organization","@id":"https:\/\/mrnews.com.br\/#organization","name":"MRNews","url":"https:\/\/mrnews.com.br\/","logo":{"@type":"ImageObject","inLanguage":"pt-BR","@id":"https:\/\/mrnews.com.br\/#\/schema\/logo\/image\/","url":"https:\/\/mrnews.com.br\/wp-content\/uploads\/2019\/06\/MRNewslogo2.png","contentUrl":"https:\/\/mrnews.com.br\/wp-content\/uploads\/2019\/06\/MRNewslogo2.png","width":223,"height":58,"caption":"MRNews"},"image":{"@id":"https:\/\/mrnews.com.br\/#\/schema\/logo\/image\/"},"sameAs":["https:\/\/www.facebook.com\/eaipahpah\/?locale2=pt_BR","https:\/\/x.com\/conspirou","https:\/\/www.instagram.com\/eai_pahpah","https:\/\/br.pinterest.com\/mrnewsn\/boards\/","https:\/\/www.youtube.com\/channel\/UCacgnpznQ61fifLWr1tQ-vA?view_as=subscriber"]},{"@type":"Person","@id":"https:\/\/mrnews.com.br\/#\/schema\/person\/be3203154562a9f207407861cef7827b","name":"MR News","image":{"@type":"ImageObject","inLanguage":"pt-BR","@id":"https:\/\/secure.gravatar.com\/avatar\/04084e6d73c042b8646e7c17b494073bf0ede3ea13c7105cfc45cbbbc28385a4?s=96&d=monsterid&r=g","url":"https:\/\/secure.gravatar.com\/avatar\/04084e6d73c042b8646e7c17b494073bf0ede3ea13c7105cfc45cbbbc28385a4?s=96&d=monsterid&r=g","contentUrl":"https:\/\/secure.gravatar.com\/avatar\/04084e6d73c042b8646e7c17b494073bf0ede3ea13c7105cfc45cbbbc28385a4?s=96&d=monsterid&r=g","caption":"MR News"},"description":"Especializado em jornalismo colaborativo pela FTP em n\u00edvel de p\u00f3s-gradua\u00e7\u00e3o. suporte@oimeliga.combr","sameAs":["HUGO R.","Admin"],"url":"https:\/\/mrnews.com.br\/index.php\/author\/admin\/"}]}},"jetpack_featured_media_url":"","jetpack_sharing_enabled":true,"jetpack_shortlink":"https:\/\/wp.me\/pa2Qf7-1Tli","amp_enabled":true,"_links":{"self":[{"href":"https:\/\/mrnews.com.br\/index.php\/wp-json\/wp\/v2\/posts\/451068","targetHints":{"allow":["GET"]}}],"collection":[{"href":"https:\/\/mrnews.com.br\/index.php\/wp-json\/wp\/v2\/posts"}],"about":[{"href":"https:\/\/mrnews.com.br\/index.php\/wp-json\/wp\/v2\/types\/post"}],"author":[{"embeddable":true,"href":"https:\/\/mrnews.com.br\/index.php\/wp-json\/wp\/v2\/users\/1"}],"replies":[{"embeddable":true,"href":"https:\/\/mrnews.com.br\/index.php\/wp-json\/wp\/v2\/comments?post=451068"}],"version-history":[{"count":0,"href":"https:\/\/mrnews.com.br\/index.php\/wp-json\/wp\/v2\/posts\/451068\/revisions"}],"wp:attachment":[{"href":"https:\/\/mrnews.com.br\/index.php\/wp-json\/wp\/v2\/media?parent=451068"}],"wp:term":[{"taxonomy":"category","embeddable":true,"href":"https:\/\/mrnews.com.br\/index.php\/wp-json\/wp\/v2\/categories?post=451068"},{"taxonomy":"post_tag","embeddable":true,"href":"https:\/\/mrnews.com.br\/index.php\/wp-json\/wp\/v2\/tags?post=451068"}],"curies":[{"name":"wp","href":"https:\/\/api.w.org\/{rel}","templated":true}]}}