{"id":451069,"date":"2025-10-21T08:45:41","date_gmt":"2025-10-21T11:45:41","guid":{"rendered":"https:\/\/mrnews.com.br\/index.php\/2025\/10\/21\/triunfo-do-vitoria-embola-luta-contra-rebaixamento-no-brasileirao\/"},"modified":"2025-10-21T08:45:41","modified_gmt":"2025-10-21T11:45:41","slug":"triunfo-do-vitoria-embola-luta-contra-rebaixamento-no-brasileirao","status":"publish","type":"post","link":"https:\/\/mrnews.com.br\/index.php\/2025\/10\/21\/triunfo-do-vitoria-embola-luta-contra-rebaixamento-no-brasileirao\/","title":{"rendered":"Triunfo do Vit\u00f3ria embola luta contra rebaixamento no Brasileir\u00e3o"},"content":{"rendered":"<p><\/p>\n<div>\n<p><strong>A partida que encerrou a 29\u00aa rodada do Campeonato Brasileiro embolou a luta contra a queda \u00e0 S\u00e9rie B<\/strong>. Primeiro time da zona de rebaixamento (que re\u00fane os quatro \u00faltimos colocados, o chamado &#8220;Z-4&#8221;), na 17\u00aa posi\u00e7\u00e3o, o Vit\u00f3ria superou o Santos por 1 a 0, na Vila Belmiro, empatando em pontos com o pr\u00f3prio Alvinegro, que fica \u00e0 frente, em 16\u00ba, por ter um triunfo a mais. Os dois somam 31 pontos.<\/p>\n<p><strong>Al\u00e9m de se igualar ao Santos, o Vit\u00f3ria diminuiu a dist\u00e2ncia para outros times que est\u00e3o fora do Z-4. O Atl\u00e9tico-MG, com 33 pontos, passa a ser amea\u00e7ado de entrar na zona de rebaixamento na pr\u00f3xima rodada, em caso de derrota para o Cear\u00e1 e de triunfos do Rubro-Negro baiano e do Peixe contra Corinthians e Botafogo, respectivamente.<\/strong><\/p>\n<p>A arbitragem de v\u00eddeo (VAR) foi decisiva no primeiro tempo do jogo em Santos (SP). Logo no minuto inicial, o atacante Lautaro Diaz caiu na \u00e1rea em disputa com o zagueiro Edu. O \u00e1rbitro Rafael Klein deu p\u00eanalti para o Santos, mas anulou a marca\u00e7\u00e3o ao rever o lance e ver que Lautaro chutou a grama e n\u00e3o houve toque de Edu.<\/p>\n<p>Aos 34 minutos, o Vit\u00f3ria pediu p\u00eanalti em uma disputa pelo alto entre o atacante Renzo L\u00f3pez e o goleiro Gabriel Braz\u00e3o. O \u00e1rbitro foi chamado ao VAR e entendeu que o camisa 77 do Peixe fez a falta no Rubro-Negro, assinalando a infra\u00e7\u00e3o dentro da \u00e1rea. O meia Matheuzinho cobrou a penalidade e abriu o placar para o Le\u00e3o.<\/p>\n<p><strong>Na etapa final, o Santos marcou presen\u00e7a no ataque, mas quando conseguiu finalizar, parou no goleiro Lucas Arcanjo<\/strong>. Na chance mais clara, aos 26 minutos, o lateral Igor Vin\u00edcius cruzou pela direita e o atacante Guilherme, livre de marca\u00e7\u00e3o, tentou cabecear, mas errou a bola.<\/p>\n<p>O Vit\u00f3ria, no contra-ataque, teve como melhor oportunidade um chute de Lucas Braga na trave, aos 40 minutos, em bola rolada pelo tamb\u00e9m atacante Osvaldo, na esquerda. <strong>O gol perdido, contudo, n\u00e3o fez falta para o Le\u00e3o, que ganhou do Santos pela primeira vez na Vila Belmiro.<\/strong><\/p>\n<p>      <!-- Relacionada --><\/p>\n<p>            <!-- Relacionada -->\n    <\/div>\n","protected":false},"excerpt":{"rendered":"<p>A partida que encerrou a 29\u00aa rodada do Campeonato Brasileiro embolou a luta contra a queda \u00e0 S\u00e9rie B. Primeiro time da zona de rebaixamento (que re\u00fane os quatro \u00faltimos colocados, o chamado &#8220;Z-4&#8221;), na 17\u00aa posi\u00e7\u00e3o, o Vit\u00f3ria superou o Santos por 1 a 0, na Vila Belmiro, empatando em pontos com o pr\u00f3prio &hellip;<\/p>\n","protected":false},"author":1,"featured_media":0,"comment_status":"open","ping_status":"open","sticky":false,"template":"","format":"standard","meta":{"_jetpack_memberships_contains_paid_content":false,"footnotes":""},"categories":[3,4587,4],"tags":[],"class_list":["post-451069","post","type-post","status-publish","format-standard","hentry","category-esportes1","category-esportes","category-servicos"],"yoast_head":"<!-- This site is optimized with the Yoast SEO plugin v27.4 - https:\/\/yoast.com\/product\/yoast-seo-wordpress\/ -->\n<title>Triunfo do Vit\u00f3ria embola luta contra rebaixamento no Brasileir\u00e3o<\/title>\n<meta name=\"robots\" content=\"index, follow, max-snippet:-1, max-image-preview:large, max-video-preview:-1\" \/>\n<link rel=\"canonical\" href=\"https:\/\/mrnews.com.br\/index.php\/2025\/10\/21\/triunfo-do-vitoria-embola-luta-contra-rebaixamento-no-brasileirao\/\" \/>\n<meta property=\"og:locale\" content=\"pt_BR\" \/>\n<meta property=\"og:type\" content=\"article\" \/>\n<meta property=\"og:title\" content=\"Triunfo do Vit\u00f3ria embola luta contra rebaixamento no Brasileir\u00e3o\" \/>\n<meta property=\"og:description\" content=\"A partida que encerrou a 29\u00aa rodada do Campeonato Brasileiro embolou a luta contra a queda \u00e0 S\u00e9rie B. Primeiro time da zona de rebaixamento (que re\u00fane os quatro \u00faltimos colocados, o chamado &#8220;Z-4&#8221;), na 17\u00aa posi\u00e7\u00e3o, o Vit\u00f3ria superou o Santos por 1 a 0, na Vila Belmiro, empatando em pontos com o pr\u00f3prio &hellip;\" \/>\n<meta property=\"og:url\" content=\"https:\/\/mrnews.com.br\/index.php\/2025\/10\/21\/triunfo-do-vitoria-embola-luta-contra-rebaixamento-no-brasileirao\/\" \/>\n<meta property=\"og:site_name\" content=\"MRNews\" \/>\n<meta property=\"article:publisher\" content=\"https:\/\/www.facebook.com\/eaipahpah\/?locale2=pt_BR\" \/>\n<meta property=\"article:published_time\" content=\"2025-10-21T11:45:41+00:00\" \/>\n<meta name=\"author\" content=\"MR News\" \/>\n<meta name=\"twitter:card\" content=\"summary_large_image\" \/>\n<meta name=\"twitter:creator\" content=\"@conspirou\" \/>\n<meta name=\"twitter:site\" content=\"@conspirou\" \/>\n<meta name=\"twitter:label1\" content=\"Escrito por\" \/>\n\t<meta name=\"twitter:data1\" content=\"MR News\" \/>\n\t<meta name=\"twitter:label2\" content=\"Est. tempo de leitura\" \/>\n\t<meta name=\"twitter:data2\" content=\"2 minutos\" \/>\n<script type=\"application\/ld+json\" class=\"yoast-schema-graph\">{\"@context\":\"https:\\\/\\\/schema.org\",\"@graph\":[{\"@type\":\"Article\",\"@id\":\"https:\\\/\\\/mrnews.com.br\\\/index.php\\\/2025\\\/10\\\/21\\\/triunfo-do-vitoria-embola-luta-contra-rebaixamento-no-brasileirao\\\/#article\",\"isPartOf\":{\"@id\":\"https:\\\/\\\/mrnews.com.br\\\/index.php\\\/2025\\\/10\\\/21\\\/triunfo-do-vitoria-embola-luta-contra-rebaixamento-no-brasileirao\\\/\"},\"author\":{\"name\":\"MR News\",\"@id\":\"https:\\\/\\\/mrnews.com.br\\\/#\\\/schema\\\/person\\\/be3203154562a9f207407861cef7827b\"},\"headline\":\"Triunfo do Vit\u00f3ria embola luta contra rebaixamento no Brasileir\u00e3o\",\"datePublished\":\"2025-10-21T11:45:41+00:00\",\"mainEntityOfPage\":{\"@id\":\"https:\\\/\\\/mrnews.com.br\\\/index.php\\\/2025\\\/10\\\/21\\\/triunfo-do-vitoria-embola-luta-contra-rebaixamento-no-brasileirao\\\/\"},\"wordCount\":372,\"commentCount\":0,\"publisher\":{\"@id\":\"https:\\\/\\\/mrnews.com.br\\\/#organization\"},\"articleSection\":[\"ESPORTES\",\"Esportes\",\"SERVI\u00c7OS\"],\"inLanguage\":\"pt-BR\",\"potentialAction\":[{\"@type\":\"CommentAction\",\"name\":\"Comment\",\"target\":[\"https:\\\/\\\/mrnews.com.br\\\/index.php\\\/2025\\\/10\\\/21\\\/triunfo-do-vitoria-embola-luta-contra-rebaixamento-no-brasileirao\\\/#respond\"]}]},{\"@type\":\"WebPage\",\"@id\":\"https:\\\/\\\/mrnews.com.br\\\/index.php\\\/2025\\\/10\\\/21\\\/triunfo-do-vitoria-embola-luta-contra-rebaixamento-no-brasileirao\\\/\",\"url\":\"https:\\\/\\\/mrnews.com.br\\\/index.php\\\/2025\\\/10\\\/21\\\/triunfo-do-vitoria-embola-luta-contra-rebaixamento-no-brasileirao\\\/\",\"name\":\"Triunfo do Vit\u00f3ria embola luta contra rebaixamento no Brasileir\u00e3o\",\"isPartOf\":{\"@id\":\"https:\\\/\\\/mrnews.com.br\\\/#website\"},\"datePublished\":\"2025-10-21T11:45:41+00:00\",\"breadcrumb\":{\"@id\":\"https:\\\/\\\/mrnews.com.br\\\/index.php\\\/2025\\\/10\\\/21\\\/triunfo-do-vitoria-embola-luta-contra-rebaixamento-no-brasileirao\\\/#breadcrumb\"},\"inLanguage\":\"pt-BR\",\"potentialAction\":[{\"@type\":\"ReadAction\",\"target\":[\"https:\\\/\\\/mrnews.com.br\\\/index.php\\\/2025\\\/10\\\/21\\\/triunfo-do-vitoria-embola-luta-contra-rebaixamento-no-brasileirao\\\/\"]}]},{\"@type\":\"BreadcrumbList\",\"@id\":\"https:\\\/\\\/mrnews.com.br\\\/index.php\\\/2025\\\/10\\\/21\\\/triunfo-do-vitoria-embola-luta-contra-rebaixamento-no-brasileirao\\\/#breadcrumb\",\"itemListElement\":[{\"@type\":\"ListItem\",\"position\":1,\"name\":\"In\u00edcio\",\"item\":\"https:\\\/\\\/mrnews.com.br\\\/\"},{\"@type\":\"ListItem\",\"position\":2,\"name\":\"Triunfo do Vit\u00f3ria embola luta contra rebaixamento no Brasileir\u00e3o\"}]},{\"@type\":\"WebSite\",\"@id\":\"https:\\\/\\\/mrnews.com.br\\\/#website\",\"url\":\"https:\\\/\\\/mrnews.com.br\\\/\",\"name\":\"MRNews\",\"description\":\"MRNews Jogos de hoje da TV, transmiss\u00f5es ao vivo, Not\u00edcias de futebol, Jogos ao vivo, Lives, resumo de novelas, Programa\u00e7\u00e3o da Globo, A Fazenda e BBB\",\"publisher\":{\"@id\":\"https:\\\/\\\/mrnews.com.br\\\/#organization\"},\"potentialAction\":[{\"@type\":\"SearchAction\",\"target\":{\"@type\":\"EntryPoint\",\"urlTemplate\":\"https:\\\/\\\/mrnews.com.br\\\/?s={search_term_string}\"},\"query-input\":{\"@type\":\"PropertyValueSpecification\",\"valueRequired\":true,\"valueName\":\"search_term_string\"}}],\"inLanguage\":\"pt-BR\"},{\"@type\":\"Organization\",\"@id\":\"https:\\\/\\\/mrnews.com.br\\\/#organization\",\"name\":\"MRNews\",\"url\":\"https:\\\/\\\/mrnews.com.br\\\/\",\"logo\":{\"@type\":\"ImageObject\",\"inLanguage\":\"pt-BR\",\"@id\":\"https:\\\/\\\/mrnews.com.br\\\/#\\\/schema\\\/logo\\\/image\\\/\",\"url\":\"https:\\\/\\\/mrnews.com.br\\\/wp-content\\\/uploads\\\/2019\\\/06\\\/MRNewslogo2.png\",\"contentUrl\":\"https:\\\/\\\/mrnews.com.br\\\/wp-content\\\/uploads\\\/2019\\\/06\\\/MRNewslogo2.png\",\"width\":223,\"height\":58,\"caption\":\"MRNews\"},\"image\":{\"@id\":\"https:\\\/\\\/mrnews.com.br\\\/#\\\/schema\\\/logo\\\/image\\\/\"},\"sameAs\":[\"https:\\\/\\\/www.facebook.com\\\/eaipahpah\\\/?locale2=pt_BR\",\"https:\\\/\\\/x.com\\\/conspirou\",\"https:\\\/\\\/www.instagram.com\\\/eai_pahpah\",\"https:\\\/\\\/br.pinterest.com\\\/mrnewsn\\\/boards\\\/\",\"https:\\\/\\\/www.youtube.com\\\/channel\\\/UCacgnpznQ61fifLWr1tQ-vA?view_as=subscriber\"]},{\"@type\":\"Person\",\"@id\":\"https:\\\/\\\/mrnews.com.br\\\/#\\\/schema\\\/person\\\/be3203154562a9f207407861cef7827b\",\"name\":\"MR News\",\"image\":{\"@type\":\"ImageObject\",\"inLanguage\":\"pt-BR\",\"@id\":\"https:\\\/\\\/secure.gravatar.com\\\/avatar\\\/04084e6d73c042b8646e7c17b494073bf0ede3ea13c7105cfc45cbbbc28385a4?s=96&d=monsterid&r=g\",\"url\":\"https:\\\/\\\/secure.gravatar.com\\\/avatar\\\/04084e6d73c042b8646e7c17b494073bf0ede3ea13c7105cfc45cbbbc28385a4?s=96&d=monsterid&r=g\",\"contentUrl\":\"https:\\\/\\\/secure.gravatar.com\\\/avatar\\\/04084e6d73c042b8646e7c17b494073bf0ede3ea13c7105cfc45cbbbc28385a4?s=96&d=monsterid&r=g\",\"caption\":\"MR News\"},\"description\":\"Especializado em jornalismo colaborativo pela FTP em n\u00edvel de p\u00f3s-gradua\u00e7\u00e3o. suporte@oimeliga.combr\",\"sameAs\":[\"HUGO R.\",\"Admin\"],\"url\":\"https:\\\/\\\/mrnews.com.br\\\/index.php\\\/author\\\/admin\\\/\"}]}<\/script>\n<!-- \/ Yoast SEO plugin. -->","yoast_head_json":{"title":"Triunfo do Vit\u00f3ria embola luta contra rebaixamento no Brasileir\u00e3o","robots":{"index":"index","follow":"follow","max-snippet":"max-snippet:-1","max-image-preview":"max-image-preview:large","max-video-preview":"max-video-preview:-1"},"canonical":"https:\/\/mrnews.com.br\/index.php\/2025\/10\/21\/triunfo-do-vitoria-embola-luta-contra-rebaixamento-no-brasileirao\/","og_locale":"pt_BR","og_type":"article","og_title":"Triunfo do Vit\u00f3ria embola luta contra rebaixamento no Brasileir\u00e3o","og_description":"A partida que encerrou a 29\u00aa rodada do Campeonato Brasileiro embolou a luta contra a queda \u00e0 S\u00e9rie B. Primeiro time da zona de rebaixamento (que re\u00fane os quatro \u00faltimos colocados, o chamado &#8220;Z-4&#8221;), na 17\u00aa posi\u00e7\u00e3o, o Vit\u00f3ria superou o Santos por 1 a 0, na Vila Belmiro, empatando em pontos com o pr\u00f3prio &hellip;","og_url":"https:\/\/mrnews.com.br\/index.php\/2025\/10\/21\/triunfo-do-vitoria-embola-luta-contra-rebaixamento-no-brasileirao\/","og_site_name":"MRNews","article_publisher":"https:\/\/www.facebook.com\/eaipahpah\/?locale2=pt_BR","article_published_time":"2025-10-21T11:45:41+00:00","author":"MR News","twitter_card":"summary_large_image","twitter_creator":"@conspirou","twitter_site":"@conspirou","twitter_misc":{"Escrito por":"MR News","Est. tempo de leitura":"2 minutos"},"schema":{"@context":"https:\/\/schema.org","@graph":[{"@type":"Article","@id":"https:\/\/mrnews.com.br\/index.php\/2025\/10\/21\/triunfo-do-vitoria-embola-luta-contra-rebaixamento-no-brasileirao\/#article","isPartOf":{"@id":"https:\/\/mrnews.com.br\/index.php\/2025\/10\/21\/triunfo-do-vitoria-embola-luta-contra-rebaixamento-no-brasileirao\/"},"author":{"name":"MR News","@id":"https:\/\/mrnews.com.br\/#\/schema\/person\/be3203154562a9f207407861cef7827b"},"headline":"Triunfo do Vit\u00f3ria embola luta contra rebaixamento no Brasileir\u00e3o","datePublished":"2025-10-21T11:45:41+00:00","mainEntityOfPage":{"@id":"https:\/\/mrnews.com.br\/index.php\/2025\/10\/21\/triunfo-do-vitoria-embola-luta-contra-rebaixamento-no-brasileirao\/"},"wordCount":372,"commentCount":0,"publisher":{"@id":"https:\/\/mrnews.com.br\/#organization"},"articleSection":["ESPORTES","Esportes","SERVI\u00c7OS"],"inLanguage":"pt-BR","potentialAction":[{"@type":"CommentAction","name":"Comment","target":["https:\/\/mrnews.com.br\/index.php\/2025\/10\/21\/triunfo-do-vitoria-embola-luta-contra-rebaixamento-no-brasileirao\/#respond"]}]},{"@type":"WebPage","@id":"https:\/\/mrnews.com.br\/index.php\/2025\/10\/21\/triunfo-do-vitoria-embola-luta-contra-rebaixamento-no-brasileirao\/","url":"https:\/\/mrnews.com.br\/index.php\/2025\/10\/21\/triunfo-do-vitoria-embola-luta-contra-rebaixamento-no-brasileirao\/","name":"Triunfo do Vit\u00f3ria embola luta contra rebaixamento no Brasileir\u00e3o","isPartOf":{"@id":"https:\/\/mrnews.com.br\/#website"},"datePublished":"2025-10-21T11:45:41+00:00","breadcrumb":{"@id":"https:\/\/mrnews.com.br\/index.php\/2025\/10\/21\/triunfo-do-vitoria-embola-luta-contra-rebaixamento-no-brasileirao\/#breadcrumb"},"inLanguage":"pt-BR","potentialAction":[{"@type":"ReadAction","target":["https:\/\/mrnews.com.br\/index.php\/2025\/10\/21\/triunfo-do-vitoria-embola-luta-contra-rebaixamento-no-brasileirao\/"]}]},{"@type":"BreadcrumbList","@id":"https:\/\/mrnews.com.br\/index.php\/2025\/10\/21\/triunfo-do-vitoria-embola-luta-contra-rebaixamento-no-brasileirao\/#breadcrumb","itemListElement":[{"@type":"ListItem","position":1,"name":"In\u00edcio","item":"https:\/\/mrnews.com.br\/"},{"@type":"ListItem","position":2,"name":"Triunfo do Vit\u00f3ria embola luta contra rebaixamento no Brasileir\u00e3o"}]},{"@type":"WebSite","@id":"https:\/\/mrnews.com.br\/#website","url":"https:\/\/mrnews.com.br\/","name":"MRNews","description":"MRNews Jogos de hoje da TV, transmiss\u00f5es ao vivo, Not\u00edcias de futebol, Jogos ao vivo, Lives, resumo de novelas, Programa\u00e7\u00e3o da Globo, A Fazenda e BBB","publisher":{"@id":"https:\/\/mrnews.com.br\/#organization"},"potentialAction":[{"@type":"SearchAction","target":{"@type":"EntryPoint","urlTemplate":"https:\/\/mrnews.com.br\/?s={search_term_string}"},"query-input":{"@type":"PropertyValueSpecification","valueRequired":true,"valueName":"search_term_string"}}],"inLanguage":"pt-BR"},{"@type":"Organization","@id":"https:\/\/mrnews.com.br\/#organization","name":"MRNews","url":"https:\/\/mrnews.com.br\/","logo":{"@type":"ImageObject","inLanguage":"pt-BR","@id":"https:\/\/mrnews.com.br\/#\/schema\/logo\/image\/","url":"https:\/\/mrnews.com.br\/wp-content\/uploads\/2019\/06\/MRNewslogo2.png","contentUrl":"https:\/\/mrnews.com.br\/wp-content\/uploads\/2019\/06\/MRNewslogo2.png","width":223,"height":58,"caption":"MRNews"},"image":{"@id":"https:\/\/mrnews.com.br\/#\/schema\/logo\/image\/"},"sameAs":["https:\/\/www.facebook.com\/eaipahpah\/?locale2=pt_BR","https:\/\/x.com\/conspirou","https:\/\/www.instagram.com\/eai_pahpah","https:\/\/br.pinterest.com\/mrnewsn\/boards\/","https:\/\/www.youtube.com\/channel\/UCacgnpznQ61fifLWr1tQ-vA?view_as=subscriber"]},{"@type":"Person","@id":"https:\/\/mrnews.com.br\/#\/schema\/person\/be3203154562a9f207407861cef7827b","name":"MR News","image":{"@type":"ImageObject","inLanguage":"pt-BR","@id":"https:\/\/secure.gravatar.com\/avatar\/04084e6d73c042b8646e7c17b494073bf0ede3ea13c7105cfc45cbbbc28385a4?s=96&d=monsterid&r=g","url":"https:\/\/secure.gravatar.com\/avatar\/04084e6d73c042b8646e7c17b494073bf0ede3ea13c7105cfc45cbbbc28385a4?s=96&d=monsterid&r=g","contentUrl":"https:\/\/secure.gravatar.com\/avatar\/04084e6d73c042b8646e7c17b494073bf0ede3ea13c7105cfc45cbbbc28385a4?s=96&d=monsterid&r=g","caption":"MR News"},"description":"Especializado em jornalismo colaborativo pela FTP em n\u00edvel de p\u00f3s-gradua\u00e7\u00e3o. suporte@oimeliga.combr","sameAs":["HUGO R.","Admin"],"url":"https:\/\/mrnews.com.br\/index.php\/author\/admin\/"}]}},"jetpack_featured_media_url":"","jetpack_sharing_enabled":true,"jetpack_shortlink":"https:\/\/wp.me\/pa2Qf7-1Tlj","amp_enabled":true,"_links":{"self":[{"href":"https:\/\/mrnews.com.br\/index.php\/wp-json\/wp\/v2\/posts\/451069","targetHints":{"allow":["GET"]}}],"collection":[{"href":"https:\/\/mrnews.com.br\/index.php\/wp-json\/wp\/v2\/posts"}],"about":[{"href":"https:\/\/mrnews.com.br\/index.php\/wp-json\/wp\/v2\/types\/post"}],"author":[{"embeddable":true,"href":"https:\/\/mrnews.com.br\/index.php\/wp-json\/wp\/v2\/users\/1"}],"replies":[{"embeddable":true,"href":"https:\/\/mrnews.com.br\/index.php\/wp-json\/wp\/v2\/comments?post=451069"}],"version-history":[{"count":0,"href":"https:\/\/mrnews.com.br\/index.php\/wp-json\/wp\/v2\/posts\/451069\/revisions"}],"wp:attachment":[{"href":"https:\/\/mrnews.com.br\/index.php\/wp-json\/wp\/v2\/media?parent=451069"}],"wp:term":[{"taxonomy":"category","embeddable":true,"href":"https:\/\/mrnews.com.br\/index.php\/wp-json\/wp\/v2\/categories?post=451069"},{"taxonomy":"post_tag","embeddable":true,"href":"https:\/\/mrnews.com.br\/index.php\/wp-json\/wp\/v2\/tags?post=451069"}],"curies":[{"name":"wp","href":"https:\/\/api.w.org\/{rel}","templated":true}]}}