{"id":451072,"date":"2025-10-21T09:00:39","date_gmt":"2025-10-21T12:00:39","guid":{"rendered":"https:\/\/mrnews.com.br\/index.php\/2025\/10\/21\/estado-do-rio-descarta-presenca-de-metanol-em-mais-quatro-pacientes\/"},"modified":"2025-10-21T09:00:39","modified_gmt":"2025-10-21T12:00:39","slug":"estado-do-rio-descarta-presenca-de-metanol-em-mais-quatro-pacientes","status":"publish","type":"post","link":"https:\/\/mrnews.com.br\/index.php\/2025\/10\/21\/estado-do-rio-descarta-presenca-de-metanol-em-mais-quatro-pacientes\/","title":{"rendered":"Estado do Rio descarta presen\u00e7a de metanol em mais quatro pacientes"},"content":{"rendered":"<p>Por EBC, <\/p>\n<div>\n<p>A Secretaria de Estado de Sa\u00fade do Rio (SES-RJ) descartou a presen\u00e7a de metanol nas amostras de exames laboratoriais de mais quatro pacientes que eram investigados. <strong>Dos 17 casos notificados at\u00e9 agora como suspeitos, 15 foram descartados<\/strong>.<\/p>\n<p>Dos quatro casos exclu\u00eddos, dois foram em S\u00e3o Pedro da Aldeia, um em Cabo Frio e outro em Niter\u00f3i.\u00a0 Dos dois suspeitos que permanecem em investiga\u00e7\u00e3o, um \u00e9 de Cabo Frio, na Regi\u00e3o dos Lagos, e o outro de S\u00e3o Jo\u00e3o de Meriti, na Baixada Fluminense.<\/p>\n<blockquote>\n<p>\u201cA not\u00edcia \u00e9 um al\u00edvio, mas continuamos atentos e vigilantes. Orientamos a popula\u00e7\u00e3o a ficar alerta. Caso apare\u00e7am sintomas suspeitos ap\u00f3s a ingest\u00e3o de bebidas alco\u00f3licas, \u00e9 fundamental procurar atendimento m\u00e9dico imediatamente\u201d, orientou a secret\u00e1ria de Sa\u00fade, Claudia Mello.<\/p>\n<\/blockquote>\n<h2>Sintomas<\/h2>\n<p><strong>Os principais sinais de intoxica\u00e7\u00e3o por metanol s\u00e3o vis\u00e3o turva, desconforto g\u00e1strico e quadros de gastrite.<\/strong> No caso do aparecimento desses sinais, \u00e9 necess\u00e1rio procurar a unidade de atendimento mais pr\u00f3xima de casa. A intoxica\u00e7\u00e3o por metanol pode causar cegueira irrevers\u00edvel e \u00f3bito.<\/p>\n<h2>Suspei\u00e7\u00e3o<\/h2>\n<p>No come\u00e7o de outubro, o estado do Rio registrou a primeira suspeita de intoxica\u00e7\u00e3o por metanol. Desde ent\u00e3o, a Secretaria tem orientado a popula\u00e7\u00e3o sobre os cuidados necess\u00e1rios ao ingerir bebidas alco\u00f3licas. A secretaria esclarece que o ideal \u00e9 reduzir o consumo, principalmente das bebidas destiladas, at\u00e9 que haja o rastreio das adultera\u00e7\u00f5es.<\/p>\n<p><strong>As unidades de sa\u00fade estaduais est\u00e3o orientadas sobre os sintomas compat\u00edveis e o tratamento de poss\u00edveis contamina\u00e7\u00f5es por metanol.<\/strong> Os munic\u00edpios est\u00e3o orientados a enviar as amostras para detec\u00e7\u00e3o ao Laborat\u00f3rio Central de Sa\u00fade P\u00fablica Noel Nutels (Lacen-RJ), que fechou parceria para an\u00e1lise na Universidade Estadual de Campinas (Unicamp), refer\u00eancia nacional para a identifica\u00e7\u00e3o de amostras com metanol.<\/p>\n<p><strong>No in\u00edcio do m\u00eas, a Secretaria de Sa\u00fade do Rio\u00a0recebeu remessas de etanol farmac\u00eautico e do ant\u00eddoto fomepizol enviadas pelo Minist\u00e9rio da Sa\u00fade para o tratamento dos poss\u00edveis pacientes intoxicados<\/strong>. Os medicamentos foram enviados ao Hospital Estadual Anchieta, refer\u00eancia no estado para os casos de intoxica\u00e7\u00e3o por metanol.<\/p>\n<h2>Emerg\u00eancia m\u00e9dica<\/h2>\n<p><strong>A intoxica\u00e7\u00e3o por metanol \u00e9 uma emerg\u00eancia m\u00e9dica de extrema gravidade. A subst\u00e2ncia, quando ingerida, \u00e9 metabolizada no organismo em produtos t\u00f3xicos (como formalde\u00eddo e \u00e1cido f\u00f3rmico), que podem levar \u00e0 morte.<\/strong><\/p>\n<p>Os principais sintomas da intoxica\u00e7\u00e3o s\u00e3o: vis\u00e3o turva ou perda de vis\u00e3o (podendo chegar \u00e0 cegueira) e mal-estar generalizado (n\u00e1useas, v\u00f4mitos, dores abdominais, sudorese).<\/p>\n<p>Em caso de identifica\u00e7\u00e3o dos sintomas, buscar imediatamente os servi\u00e7os de emerg\u00eancia m\u00e9dica e contatar pelo menos uma das institui\u00e7\u00f5es a seguir:<\/p>\n<p>Disque-Intoxica\u00e7\u00e3o da Anvisa: 0800 722 6001;<\/p>\n<p>CIATox da sua cidade para orienta\u00e7\u00e3o especializada (veja lista aqui); LINK:\u00a0https:\/\/www.gov.br\/saude\/pt-br\/assuntos\/saude-de-a-a-z\/a\/animais-peconhentos\/ciatox\u00a0<\/p>\n<p>Centro de Controle de Intoxica\u00e7\u00f5es de S\u00e3o Paulo (CCI): (11) 5012-5311 ou 0800-771-3733 \u2013 de qualquer lugar do pa\u00eds;<\/p>\n<p>\u00c9 importante identificar e orientar poss\u00edveis contatos que tenham consumido a mesma bebida, recomendando que procurem imediatamente um servi\u00e7o de sa\u00fade para avalia\u00e7\u00e3o e tratamento adequado. A demora no atendimento e na identifica\u00e7\u00e3o da intoxica\u00e7\u00e3o aumenta a probabilidade do desfecho mais grave, com o \u00f3bito do paciente.<\/p>\n<div class=\"dnd-widget-wrapper context-cheio_8colunas type-image\">\n<div class=\"dnd-atom-rendered\"><!-- scald=439053:cheio_8colunas --><\/p>\n<p>    <!-- END scald=439053 --><\/div>\n<\/div>\n<p>      <!-- Relacionada --><\/p>\n<p>            <!-- Relacionada -->\n    <\/div>\n","protected":false},"excerpt":{"rendered":"<p>Por EBC, A Secretaria de Estado de Sa\u00fade do Rio (SES-RJ) descartou a presen\u00e7a de metanol nas amostras de exames laboratoriais de mais quatro pacientes que eram investigados. Dos 17 casos notificados at\u00e9 agora como suspeitos, 15 foram descartados. Dos quatro casos exclu\u00eddos, dois foram em S\u00e3o Pedro da Aldeia, um em Cabo Frio e &hellip;<\/p>\n","protected":false},"author":1,"featured_media":0,"comment_status":"open","ping_status":"open","sticky":false,"template":"","format":"standard","meta":{"_jetpack_memberships_contains_paid_content":false,"footnotes":""},"categories":[2,12225,4],"tags":[],"class_list":["post-451072","post","type-post","status-publish","format-standard","hentry","category-entretenimento","category-noticias","category-servicos"],"yoast_head":"<!-- This site is optimized with the Yoast SEO plugin v27.4 - https:\/\/yoast.com\/product\/yoast-seo-wordpress\/ -->\n<title>Estado do Rio descarta presen\u00e7a de metanol em mais quatro pacientes<\/title>\n<meta name=\"robots\" content=\"index, follow, max-snippet:-1, max-image-preview:large, max-video-preview:-1\" \/>\n<link rel=\"canonical\" href=\"https:\/\/mrnews.com.br\/index.php\/2025\/10\/21\/estado-do-rio-descarta-presenca-de-metanol-em-mais-quatro-pacientes\/\" \/>\n<meta property=\"og:locale\" content=\"pt_BR\" \/>\n<meta property=\"og:type\" content=\"article\" \/>\n<meta property=\"og:title\" content=\"Estado do Rio descarta presen\u00e7a de metanol em mais quatro pacientes\" \/>\n<meta property=\"og:description\" content=\"Por EBC, A Secretaria de Estado de Sa\u00fade do Rio (SES-RJ) descartou a presen\u00e7a de metanol nas amostras de exames laboratoriais de mais quatro pacientes que eram investigados. Dos 17 casos notificados at\u00e9 agora como suspeitos, 15 foram descartados. Dos quatro casos exclu\u00eddos, dois foram em S\u00e3o Pedro da Aldeia, um em Cabo Frio e &hellip;\" \/>\n<meta property=\"og:url\" content=\"https:\/\/mrnews.com.br\/index.php\/2025\/10\/21\/estado-do-rio-descarta-presenca-de-metanol-em-mais-quatro-pacientes\/\" \/>\n<meta property=\"og:site_name\" content=\"MRNews\" \/>\n<meta property=\"article:publisher\" content=\"https:\/\/www.facebook.com\/eaipahpah\/?locale2=pt_BR\" \/>\n<meta property=\"article:published_time\" content=\"2025-10-21T12:00:39+00:00\" \/>\n<meta name=\"author\" content=\"MR News\" \/>\n<meta name=\"twitter:card\" content=\"summary_large_image\" \/>\n<meta name=\"twitter:creator\" content=\"@conspirou\" \/>\n<meta name=\"twitter:site\" content=\"@conspirou\" \/>\n<meta name=\"twitter:label1\" content=\"Escrito por\" \/>\n\t<meta name=\"twitter:data1\" content=\"MR News\" \/>\n\t<meta name=\"twitter:label2\" content=\"Est. tempo de leitura\" \/>\n\t<meta name=\"twitter:data2\" content=\"3 minutos\" \/>\n<script type=\"application\/ld+json\" class=\"yoast-schema-graph\">{\"@context\":\"https:\\\/\\\/schema.org\",\"@graph\":[{\"@type\":\"Article\",\"@id\":\"https:\\\/\\\/mrnews.com.br\\\/index.php\\\/2025\\\/10\\\/21\\\/estado-do-rio-descarta-presenca-de-metanol-em-mais-quatro-pacientes\\\/#article\",\"isPartOf\":{\"@id\":\"https:\\\/\\\/mrnews.com.br\\\/index.php\\\/2025\\\/10\\\/21\\\/estado-do-rio-descarta-presenca-de-metanol-em-mais-quatro-pacientes\\\/\"},\"author\":{\"name\":\"MR News\",\"@id\":\"https:\\\/\\\/mrnews.com.br\\\/#\\\/schema\\\/person\\\/be3203154562a9f207407861cef7827b\"},\"headline\":\"Estado do Rio descarta presen\u00e7a de metanol em mais quatro pacientes\",\"datePublished\":\"2025-10-21T12:00:39+00:00\",\"mainEntityOfPage\":{\"@id\":\"https:\\\/\\\/mrnews.com.br\\\/index.php\\\/2025\\\/10\\\/21\\\/estado-do-rio-descarta-presenca-de-metanol-em-mais-quatro-pacientes\\\/\"},\"wordCount\":589,\"commentCount\":0,\"publisher\":{\"@id\":\"https:\\\/\\\/mrnews.com.br\\\/#organization\"},\"articleSection\":[\"ENTRETENIMENTO\",\"NOTICIAS\",\"SERVI\u00c7OS\"],\"inLanguage\":\"pt-BR\",\"potentialAction\":[{\"@type\":\"CommentAction\",\"name\":\"Comment\",\"target\":[\"https:\\\/\\\/mrnews.com.br\\\/index.php\\\/2025\\\/10\\\/21\\\/estado-do-rio-descarta-presenca-de-metanol-em-mais-quatro-pacientes\\\/#respond\"]}]},{\"@type\":\"WebPage\",\"@id\":\"https:\\\/\\\/mrnews.com.br\\\/index.php\\\/2025\\\/10\\\/21\\\/estado-do-rio-descarta-presenca-de-metanol-em-mais-quatro-pacientes\\\/\",\"url\":\"https:\\\/\\\/mrnews.com.br\\\/index.php\\\/2025\\\/10\\\/21\\\/estado-do-rio-descarta-presenca-de-metanol-em-mais-quatro-pacientes\\\/\",\"name\":\"Estado do Rio descarta presen\u00e7a de metanol em mais quatro pacientes\",\"isPartOf\":{\"@id\":\"https:\\\/\\\/mrnews.com.br\\\/#website\"},\"datePublished\":\"2025-10-21T12:00:39+00:00\",\"breadcrumb\":{\"@id\":\"https:\\\/\\\/mrnews.com.br\\\/index.php\\\/2025\\\/10\\\/21\\\/estado-do-rio-descarta-presenca-de-metanol-em-mais-quatro-pacientes\\\/#breadcrumb\"},\"inLanguage\":\"pt-BR\",\"potentialAction\":[{\"@type\":\"ReadAction\",\"target\":[\"https:\\\/\\\/mrnews.com.br\\\/index.php\\\/2025\\\/10\\\/21\\\/estado-do-rio-descarta-presenca-de-metanol-em-mais-quatro-pacientes\\\/\"]}]},{\"@type\":\"BreadcrumbList\",\"@id\":\"https:\\\/\\\/mrnews.com.br\\\/index.php\\\/2025\\\/10\\\/21\\\/estado-do-rio-descarta-presenca-de-metanol-em-mais-quatro-pacientes\\\/#breadcrumb\",\"itemListElement\":[{\"@type\":\"ListItem\",\"position\":1,\"name\":\"In\u00edcio\",\"item\":\"https:\\\/\\\/mrnews.com.br\\\/\"},{\"@type\":\"ListItem\",\"position\":2,\"name\":\"Estado do Rio descarta presen\u00e7a de metanol em mais quatro pacientes\"}]},{\"@type\":\"WebSite\",\"@id\":\"https:\\\/\\\/mrnews.com.br\\\/#website\",\"url\":\"https:\\\/\\\/mrnews.com.br\\\/\",\"name\":\"MRNews\",\"description\":\"MRNews Jogos de hoje da TV, transmiss\u00f5es ao vivo, Not\u00edcias de futebol, Jogos ao vivo, Lives, resumo de novelas, Programa\u00e7\u00e3o da Globo, A Fazenda e BBB\",\"publisher\":{\"@id\":\"https:\\\/\\\/mrnews.com.br\\\/#organization\"},\"potentialAction\":[{\"@type\":\"SearchAction\",\"target\":{\"@type\":\"EntryPoint\",\"urlTemplate\":\"https:\\\/\\\/mrnews.com.br\\\/?s={search_term_string}\"},\"query-input\":{\"@type\":\"PropertyValueSpecification\",\"valueRequired\":true,\"valueName\":\"search_term_string\"}}],\"inLanguage\":\"pt-BR\"},{\"@type\":\"Organization\",\"@id\":\"https:\\\/\\\/mrnews.com.br\\\/#organization\",\"name\":\"MRNews\",\"url\":\"https:\\\/\\\/mrnews.com.br\\\/\",\"logo\":{\"@type\":\"ImageObject\",\"inLanguage\":\"pt-BR\",\"@id\":\"https:\\\/\\\/mrnews.com.br\\\/#\\\/schema\\\/logo\\\/image\\\/\",\"url\":\"https:\\\/\\\/mrnews.com.br\\\/wp-content\\\/uploads\\\/2019\\\/06\\\/MRNewslogo2.png\",\"contentUrl\":\"https:\\\/\\\/mrnews.com.br\\\/wp-content\\\/uploads\\\/2019\\\/06\\\/MRNewslogo2.png\",\"width\":223,\"height\":58,\"caption\":\"MRNews\"},\"image\":{\"@id\":\"https:\\\/\\\/mrnews.com.br\\\/#\\\/schema\\\/logo\\\/image\\\/\"},\"sameAs\":[\"https:\\\/\\\/www.facebook.com\\\/eaipahpah\\\/?locale2=pt_BR\",\"https:\\\/\\\/x.com\\\/conspirou\",\"https:\\\/\\\/www.instagram.com\\\/eai_pahpah\",\"https:\\\/\\\/br.pinterest.com\\\/mrnewsn\\\/boards\\\/\",\"https:\\\/\\\/www.youtube.com\\\/channel\\\/UCacgnpznQ61fifLWr1tQ-vA?view_as=subscriber\"]},{\"@type\":\"Person\",\"@id\":\"https:\\\/\\\/mrnews.com.br\\\/#\\\/schema\\\/person\\\/be3203154562a9f207407861cef7827b\",\"name\":\"MR News\",\"image\":{\"@type\":\"ImageObject\",\"inLanguage\":\"pt-BR\",\"@id\":\"https:\\\/\\\/secure.gravatar.com\\\/avatar\\\/04084e6d73c042b8646e7c17b494073bf0ede3ea13c7105cfc45cbbbc28385a4?s=96&d=monsterid&r=g\",\"url\":\"https:\\\/\\\/secure.gravatar.com\\\/avatar\\\/04084e6d73c042b8646e7c17b494073bf0ede3ea13c7105cfc45cbbbc28385a4?s=96&d=monsterid&r=g\",\"contentUrl\":\"https:\\\/\\\/secure.gravatar.com\\\/avatar\\\/04084e6d73c042b8646e7c17b494073bf0ede3ea13c7105cfc45cbbbc28385a4?s=96&d=monsterid&r=g\",\"caption\":\"MR News\"},\"description\":\"Especializado em jornalismo colaborativo pela FTP em n\u00edvel de p\u00f3s-gradua\u00e7\u00e3o. suporte@oimeliga.combr\",\"sameAs\":[\"HUGO R.\",\"Admin\"],\"url\":\"https:\\\/\\\/mrnews.com.br\\\/index.php\\\/author\\\/admin\\\/\"}]}<\/script>\n<!-- \/ Yoast SEO plugin. -->","yoast_head_json":{"title":"Estado do Rio descarta presen\u00e7a de metanol em mais quatro pacientes","robots":{"index":"index","follow":"follow","max-snippet":"max-snippet:-1","max-image-preview":"max-image-preview:large","max-video-preview":"max-video-preview:-1"},"canonical":"https:\/\/mrnews.com.br\/index.php\/2025\/10\/21\/estado-do-rio-descarta-presenca-de-metanol-em-mais-quatro-pacientes\/","og_locale":"pt_BR","og_type":"article","og_title":"Estado do Rio descarta presen\u00e7a de metanol em mais quatro pacientes","og_description":"Por EBC, A Secretaria de Estado de Sa\u00fade do Rio (SES-RJ) descartou a presen\u00e7a de metanol nas amostras de exames laboratoriais de mais quatro pacientes que eram investigados. Dos 17 casos notificados at\u00e9 agora como suspeitos, 15 foram descartados. Dos quatro casos exclu\u00eddos, dois foram em S\u00e3o Pedro da Aldeia, um em Cabo Frio e &hellip;","og_url":"https:\/\/mrnews.com.br\/index.php\/2025\/10\/21\/estado-do-rio-descarta-presenca-de-metanol-em-mais-quatro-pacientes\/","og_site_name":"MRNews","article_publisher":"https:\/\/www.facebook.com\/eaipahpah\/?locale2=pt_BR","article_published_time":"2025-10-21T12:00:39+00:00","author":"MR News","twitter_card":"summary_large_image","twitter_creator":"@conspirou","twitter_site":"@conspirou","twitter_misc":{"Escrito por":"MR News","Est. tempo de leitura":"3 minutos"},"schema":{"@context":"https:\/\/schema.org","@graph":[{"@type":"Article","@id":"https:\/\/mrnews.com.br\/index.php\/2025\/10\/21\/estado-do-rio-descarta-presenca-de-metanol-em-mais-quatro-pacientes\/#article","isPartOf":{"@id":"https:\/\/mrnews.com.br\/index.php\/2025\/10\/21\/estado-do-rio-descarta-presenca-de-metanol-em-mais-quatro-pacientes\/"},"author":{"name":"MR News","@id":"https:\/\/mrnews.com.br\/#\/schema\/person\/be3203154562a9f207407861cef7827b"},"headline":"Estado do Rio descarta presen\u00e7a de metanol em mais quatro pacientes","datePublished":"2025-10-21T12:00:39+00:00","mainEntityOfPage":{"@id":"https:\/\/mrnews.com.br\/index.php\/2025\/10\/21\/estado-do-rio-descarta-presenca-de-metanol-em-mais-quatro-pacientes\/"},"wordCount":589,"commentCount":0,"publisher":{"@id":"https:\/\/mrnews.com.br\/#organization"},"articleSection":["ENTRETENIMENTO","NOTICIAS","SERVI\u00c7OS"],"inLanguage":"pt-BR","potentialAction":[{"@type":"CommentAction","name":"Comment","target":["https:\/\/mrnews.com.br\/index.php\/2025\/10\/21\/estado-do-rio-descarta-presenca-de-metanol-em-mais-quatro-pacientes\/#respond"]}]},{"@type":"WebPage","@id":"https:\/\/mrnews.com.br\/index.php\/2025\/10\/21\/estado-do-rio-descarta-presenca-de-metanol-em-mais-quatro-pacientes\/","url":"https:\/\/mrnews.com.br\/index.php\/2025\/10\/21\/estado-do-rio-descarta-presenca-de-metanol-em-mais-quatro-pacientes\/","name":"Estado do Rio descarta presen\u00e7a de metanol em mais quatro pacientes","isPartOf":{"@id":"https:\/\/mrnews.com.br\/#website"},"datePublished":"2025-10-21T12:00:39+00:00","breadcrumb":{"@id":"https:\/\/mrnews.com.br\/index.php\/2025\/10\/21\/estado-do-rio-descarta-presenca-de-metanol-em-mais-quatro-pacientes\/#breadcrumb"},"inLanguage":"pt-BR","potentialAction":[{"@type":"ReadAction","target":["https:\/\/mrnews.com.br\/index.php\/2025\/10\/21\/estado-do-rio-descarta-presenca-de-metanol-em-mais-quatro-pacientes\/"]}]},{"@type":"BreadcrumbList","@id":"https:\/\/mrnews.com.br\/index.php\/2025\/10\/21\/estado-do-rio-descarta-presenca-de-metanol-em-mais-quatro-pacientes\/#breadcrumb","itemListElement":[{"@type":"ListItem","position":1,"name":"In\u00edcio","item":"https:\/\/mrnews.com.br\/"},{"@type":"ListItem","position":2,"name":"Estado do Rio descarta presen\u00e7a de metanol em mais quatro pacientes"}]},{"@type":"WebSite","@id":"https:\/\/mrnews.com.br\/#website","url":"https:\/\/mrnews.com.br\/","name":"MRNews","description":"MRNews Jogos de hoje da TV, transmiss\u00f5es ao vivo, Not\u00edcias de futebol, Jogos ao vivo, Lives, resumo de novelas, Programa\u00e7\u00e3o da Globo, A Fazenda e BBB","publisher":{"@id":"https:\/\/mrnews.com.br\/#organization"},"potentialAction":[{"@type":"SearchAction","target":{"@type":"EntryPoint","urlTemplate":"https:\/\/mrnews.com.br\/?s={search_term_string}"},"query-input":{"@type":"PropertyValueSpecification","valueRequired":true,"valueName":"search_term_string"}}],"inLanguage":"pt-BR"},{"@type":"Organization","@id":"https:\/\/mrnews.com.br\/#organization","name":"MRNews","url":"https:\/\/mrnews.com.br\/","logo":{"@type":"ImageObject","inLanguage":"pt-BR","@id":"https:\/\/mrnews.com.br\/#\/schema\/logo\/image\/","url":"https:\/\/mrnews.com.br\/wp-content\/uploads\/2019\/06\/MRNewslogo2.png","contentUrl":"https:\/\/mrnews.com.br\/wp-content\/uploads\/2019\/06\/MRNewslogo2.png","width":223,"height":58,"caption":"MRNews"},"image":{"@id":"https:\/\/mrnews.com.br\/#\/schema\/logo\/image\/"},"sameAs":["https:\/\/www.facebook.com\/eaipahpah\/?locale2=pt_BR","https:\/\/x.com\/conspirou","https:\/\/www.instagram.com\/eai_pahpah","https:\/\/br.pinterest.com\/mrnewsn\/boards\/","https:\/\/www.youtube.com\/channel\/UCacgnpznQ61fifLWr1tQ-vA?view_as=subscriber"]},{"@type":"Person","@id":"https:\/\/mrnews.com.br\/#\/schema\/person\/be3203154562a9f207407861cef7827b","name":"MR News","image":{"@type":"ImageObject","inLanguage":"pt-BR","@id":"https:\/\/secure.gravatar.com\/avatar\/04084e6d73c042b8646e7c17b494073bf0ede3ea13c7105cfc45cbbbc28385a4?s=96&d=monsterid&r=g","url":"https:\/\/secure.gravatar.com\/avatar\/04084e6d73c042b8646e7c17b494073bf0ede3ea13c7105cfc45cbbbc28385a4?s=96&d=monsterid&r=g","contentUrl":"https:\/\/secure.gravatar.com\/avatar\/04084e6d73c042b8646e7c17b494073bf0ede3ea13c7105cfc45cbbbc28385a4?s=96&d=monsterid&r=g","caption":"MR News"},"description":"Especializado em jornalismo colaborativo pela FTP em n\u00edvel de p\u00f3s-gradua\u00e7\u00e3o. suporte@oimeliga.combr","sameAs":["HUGO R.","Admin"],"url":"https:\/\/mrnews.com.br\/index.php\/author\/admin\/"}]}},"jetpack_featured_media_url":"","jetpack_sharing_enabled":true,"jetpack_shortlink":"https:\/\/wp.me\/pa2Qf7-1Tlm","amp_enabled":true,"_links":{"self":[{"href":"https:\/\/mrnews.com.br\/index.php\/wp-json\/wp\/v2\/posts\/451072","targetHints":{"allow":["GET"]}}],"collection":[{"href":"https:\/\/mrnews.com.br\/index.php\/wp-json\/wp\/v2\/posts"}],"about":[{"href":"https:\/\/mrnews.com.br\/index.php\/wp-json\/wp\/v2\/types\/post"}],"author":[{"embeddable":true,"href":"https:\/\/mrnews.com.br\/index.php\/wp-json\/wp\/v2\/users\/1"}],"replies":[{"embeddable":true,"href":"https:\/\/mrnews.com.br\/index.php\/wp-json\/wp\/v2\/comments?post=451072"}],"version-history":[{"count":0,"href":"https:\/\/mrnews.com.br\/index.php\/wp-json\/wp\/v2\/posts\/451072\/revisions"}],"wp:attachment":[{"href":"https:\/\/mrnews.com.br\/index.php\/wp-json\/wp\/v2\/media?parent=451072"}],"wp:term":[{"taxonomy":"category","embeddable":true,"href":"https:\/\/mrnews.com.br\/index.php\/wp-json\/wp\/v2\/categories?post=451072"},{"taxonomy":"post_tag","embeddable":true,"href":"https:\/\/mrnews.com.br\/index.php\/wp-json\/wp\/v2\/tags?post=451072"}],"curies":[{"name":"wp","href":"https:\/\/api.w.org\/{rel}","templated":true}]}}