{"id":451114,"date":"2025-10-22T01:07:41","date_gmt":"2025-10-22T04:07:41","guid":{"rendered":"https:\/\/mrnews.com.br\/index.php\/2025\/10\/22\/fux-pede-para-participar-de-proximos-julgamentos-da-trama-golpista\/"},"modified":"2025-10-22T01:07:41","modified_gmt":"2025-10-22T04:07:41","slug":"fux-pede-para-participar-de-proximos-julgamentos-da-trama-golpista","status":"publish","type":"post","link":"https:\/\/mrnews.com.br\/index.php\/2025\/10\/22\/fux-pede-para-participar-de-proximos-julgamentos-da-trama-golpista\/","title":{"rendered":"Fux pede para participar de pr\u00f3ximos julgamentos da trama golpista"},"content":{"rendered":"<p>Por EBC, <\/p>\n<div>\n<p><strong>O ministro Luiz Fux, do Supremo Tribunal Federal (STF), pediu nesta ter\u00e7a-feira (21) para participar dos pr\u00f3ximos julgamentos das a\u00e7\u00f5es penais sobre a trama golpista ocorrida no governo do ex-presidente Jair Bolsonaro.<\/strong><\/p>\n<p>O pedido foi feito ao ministro Fl\u00e1vio Dino, presidente da Primeira Turma da Corte, ap\u00f3s o colegiado condenar os r\u00e9us do N\u00facleo 4, grupo acusado de gerar desinforma\u00e7\u00e3o para propagar not\u00edcias falsas sobre o processo eleitoral.<\/p>\n<p><strong>Fux j\u00e1 faz parte da Primeira Turma, mas solicitou mudan\u00e7a para a Segunda Turma.<\/strong><\/p>\n<p>Contudo, <strong>o ministro quer participar dos demais julgamentos marcados pelo colegiado, entre eles, o julgamento do N\u00facleo 3, marcado para 11 de novembro, e do N\u00facleo 2, que ser\u00e1 julgado a partir de 9 de dezembro.\u00a0<\/strong><\/p>\n<p>O ministro afirmou que o regimento interno do Supremo \u00e9 omisso sobre a quest\u00e3o.<\/p>\n<blockquote>\n<p>\u201cTenho v\u00e1rias vincula\u00e7\u00f5es de processos na Primeira Turma. Queria me colocar \u00e0 disposi\u00e7\u00e3o, porque o regimento \u00e9 omisso, de participar de todos os julgamentos que Vossa Excel\u00eancia j\u00e1 designou em prol da pr\u00f3pria Justi\u00e7a&#8221;, afirmou.<\/p>\n<\/blockquote>\n<p>Em reposta a Fux, <strong>Flavio Dino disse que vai consultar o presidente do STF, Edson Fachin, sobre a possibilidade levantada pelo ministro. &#8220;N\u00e3o me sinto autorizado para arbitrar essa quest\u00e3o&#8221;, disse.\u00a0<\/strong><\/p>\n<p><strong>Fachin j\u00e1 analisa o pedido de Fux para mudar para a Segunda Turma, composta pelos ministros Andr\u00e9 Mendon\u00e7a, Nunes Marques, Gilmar Mendes e Dias Toffoli.\u00a0<\/strong><\/p>\n<p>A vaga foi aberta com a aposentadoria antecipada de Lu\u00eds Roberto Barroso. Se estivesse permanecido na Corte, Barroso deveria ocupar uma vaga nesse colegiado.<\/p>\n<p>Com a decis\u00e3o de Fux, a Primeira Turma poder\u00e1 ficar somente com quatro integrantes. A quinta vaga seria ocupada somente ap\u00f3s a nomea\u00e7\u00e3o de um novo ministro pelo presidente Luiz In\u00e1cio Lula da Silva para a vaga de Barroso.<\/p>\n<p>\u00a0<\/p>\n<p>      <!-- Relacionada --><\/p>\n<p>            <!-- Relacionada -->\n    <\/div>\n","protected":false},"excerpt":{"rendered":"<p>Por EBC, O ministro Luiz Fux, do Supremo Tribunal Federal (STF), pediu nesta ter\u00e7a-feira (21) para participar dos pr\u00f3ximos julgamentos das a\u00e7\u00f5es penais sobre a trama golpista ocorrida no governo do ex-presidente Jair Bolsonaro. O pedido foi feito ao ministro Fl\u00e1vio Dino, presidente da Primeira Turma da Corte, ap\u00f3s o colegiado condenar os r\u00e9us do &hellip;<\/p>\n","protected":false},"author":1,"featured_media":0,"comment_status":"open","ping_status":"open","sticky":false,"template":"","format":"standard","meta":{"_jetpack_memberships_contains_paid_content":false,"footnotes":""},"categories":[2,12225,4],"tags":[],"class_list":["post-451114","post","type-post","status-publish","format-standard","hentry","category-entretenimento","category-noticias","category-servicos"],"yoast_head":"<!-- This site is optimized with the Yoast SEO plugin v27.5 - https:\/\/yoast.com\/product\/yoast-seo-wordpress\/ -->\n<title>Fux pede para participar de pr\u00f3ximos julgamentos da trama golpista<\/title>\n<meta name=\"robots\" content=\"index, follow, max-snippet:-1, max-image-preview:large, max-video-preview:-1\" \/>\n<link rel=\"canonical\" href=\"https:\/\/mrnews.com.br\/index.php\/2025\/10\/22\/fux-pede-para-participar-de-proximos-julgamentos-da-trama-golpista\/\" \/>\n<meta property=\"og:locale\" content=\"pt_BR\" \/>\n<meta property=\"og:type\" content=\"article\" \/>\n<meta property=\"og:title\" content=\"Fux pede para participar de pr\u00f3ximos julgamentos da trama golpista\" \/>\n<meta property=\"og:description\" content=\"Por EBC, O ministro Luiz Fux, do Supremo Tribunal Federal (STF), pediu nesta ter\u00e7a-feira (21) para participar dos pr\u00f3ximos julgamentos das a\u00e7\u00f5es penais sobre a trama golpista ocorrida no governo do ex-presidente Jair Bolsonaro. O pedido foi feito ao ministro Fl\u00e1vio Dino, presidente da Primeira Turma da Corte, ap\u00f3s o colegiado condenar os r\u00e9us do &hellip;\" \/>\n<meta property=\"og:url\" content=\"https:\/\/mrnews.com.br\/index.php\/2025\/10\/22\/fux-pede-para-participar-de-proximos-julgamentos-da-trama-golpista\/\" \/>\n<meta property=\"og:site_name\" content=\"MRNews\" \/>\n<meta property=\"article:publisher\" content=\"https:\/\/www.facebook.com\/eaipahpah\/?locale2=pt_BR\" \/>\n<meta property=\"article:published_time\" content=\"2025-10-22T04:07:41+00:00\" \/>\n<meta name=\"author\" content=\"MR News\" \/>\n<meta name=\"twitter:card\" content=\"summary_large_image\" \/>\n<meta name=\"twitter:creator\" content=\"@conspirou\" \/>\n<meta name=\"twitter:site\" content=\"@conspirou\" \/>\n<meta name=\"twitter:label1\" content=\"Escrito por\" \/>\n\t<meta name=\"twitter:data1\" content=\"MR News\" \/>\n\t<meta name=\"twitter:label2\" content=\"Est. tempo de leitura\" \/>\n\t<meta name=\"twitter:data2\" content=\"2 minutos\" \/>\n<script type=\"application\/ld+json\" class=\"yoast-schema-graph\">{\"@context\":\"https:\\\/\\\/schema.org\",\"@graph\":[{\"@type\":\"Article\",\"@id\":\"https:\\\/\\\/mrnews.com.br\\\/index.php\\\/2025\\\/10\\\/22\\\/fux-pede-para-participar-de-proximos-julgamentos-da-trama-golpista\\\/#article\",\"isPartOf\":{\"@id\":\"https:\\\/\\\/mrnews.com.br\\\/index.php\\\/2025\\\/10\\\/22\\\/fux-pede-para-participar-de-proximos-julgamentos-da-trama-golpista\\\/\"},\"author\":{\"name\":\"MR News\",\"@id\":\"https:\\\/\\\/mrnews.com.br\\\/#\\\/schema\\\/person\\\/be3203154562a9f207407861cef7827b\"},\"headline\":\"Fux pede para participar de pr\u00f3ximos julgamentos da trama golpista\",\"datePublished\":\"2025-10-22T04:07:41+00:00\",\"mainEntityOfPage\":{\"@id\":\"https:\\\/\\\/mrnews.com.br\\\/index.php\\\/2025\\\/10\\\/22\\\/fux-pede-para-participar-de-proximos-julgamentos-da-trama-golpista\\\/\"},\"wordCount\":317,\"commentCount\":0,\"publisher\":{\"@id\":\"https:\\\/\\\/mrnews.com.br\\\/#organization\"},\"articleSection\":[\"ENTRETENIMENTO\",\"NOTICIAS\",\"SERVI\u00c7OS\"],\"inLanguage\":\"pt-BR\",\"potentialAction\":[{\"@type\":\"CommentAction\",\"name\":\"Comment\",\"target\":[\"https:\\\/\\\/mrnews.com.br\\\/index.php\\\/2025\\\/10\\\/22\\\/fux-pede-para-participar-de-proximos-julgamentos-da-trama-golpista\\\/#respond\"]}]},{\"@type\":\"WebPage\",\"@id\":\"https:\\\/\\\/mrnews.com.br\\\/index.php\\\/2025\\\/10\\\/22\\\/fux-pede-para-participar-de-proximos-julgamentos-da-trama-golpista\\\/\",\"url\":\"https:\\\/\\\/mrnews.com.br\\\/index.php\\\/2025\\\/10\\\/22\\\/fux-pede-para-participar-de-proximos-julgamentos-da-trama-golpista\\\/\",\"name\":\"Fux pede para participar de pr\u00f3ximos julgamentos da trama golpista\",\"isPartOf\":{\"@id\":\"https:\\\/\\\/mrnews.com.br\\\/#website\"},\"datePublished\":\"2025-10-22T04:07:41+00:00\",\"breadcrumb\":{\"@id\":\"https:\\\/\\\/mrnews.com.br\\\/index.php\\\/2025\\\/10\\\/22\\\/fux-pede-para-participar-de-proximos-julgamentos-da-trama-golpista\\\/#breadcrumb\"},\"inLanguage\":\"pt-BR\",\"potentialAction\":[{\"@type\":\"ReadAction\",\"target\":[\"https:\\\/\\\/mrnews.com.br\\\/index.php\\\/2025\\\/10\\\/22\\\/fux-pede-para-participar-de-proximos-julgamentos-da-trama-golpista\\\/\"]}]},{\"@type\":\"BreadcrumbList\",\"@id\":\"https:\\\/\\\/mrnews.com.br\\\/index.php\\\/2025\\\/10\\\/22\\\/fux-pede-para-participar-de-proximos-julgamentos-da-trama-golpista\\\/#breadcrumb\",\"itemListElement\":[{\"@type\":\"ListItem\",\"position\":1,\"name\":\"In\u00edcio\",\"item\":\"https:\\\/\\\/mrnews.com.br\\\/\"},{\"@type\":\"ListItem\",\"position\":2,\"name\":\"Fux pede para participar de pr\u00f3ximos julgamentos da trama golpista\"}]},{\"@type\":\"WebSite\",\"@id\":\"https:\\\/\\\/mrnews.com.br\\\/#website\",\"url\":\"https:\\\/\\\/mrnews.com.br\\\/\",\"name\":\"MRNews\",\"description\":\"MRNews Jogos de hoje da TV, transmiss\u00f5es ao vivo, Not\u00edcias de futebol, Jogos ao vivo, Lives, resumo de novelas, Programa\u00e7\u00e3o da Globo, A Fazenda e BBB\",\"publisher\":{\"@id\":\"https:\\\/\\\/mrnews.com.br\\\/#organization\"},\"potentialAction\":[{\"@type\":\"SearchAction\",\"target\":{\"@type\":\"EntryPoint\",\"urlTemplate\":\"https:\\\/\\\/mrnews.com.br\\\/?s={search_term_string}\"},\"query-input\":{\"@type\":\"PropertyValueSpecification\",\"valueRequired\":true,\"valueName\":\"search_term_string\"}}],\"inLanguage\":\"pt-BR\"},{\"@type\":\"Organization\",\"@id\":\"https:\\\/\\\/mrnews.com.br\\\/#organization\",\"name\":\"MRNews\",\"url\":\"https:\\\/\\\/mrnews.com.br\\\/\",\"logo\":{\"@type\":\"ImageObject\",\"inLanguage\":\"pt-BR\",\"@id\":\"https:\\\/\\\/mrnews.com.br\\\/#\\\/schema\\\/logo\\\/image\\\/\",\"url\":\"https:\\\/\\\/mrnews.com.br\\\/wp-content\\\/uploads\\\/2019\\\/06\\\/MRNewslogo2.png\",\"contentUrl\":\"https:\\\/\\\/mrnews.com.br\\\/wp-content\\\/uploads\\\/2019\\\/06\\\/MRNewslogo2.png\",\"width\":223,\"height\":58,\"caption\":\"MRNews\"},\"image\":{\"@id\":\"https:\\\/\\\/mrnews.com.br\\\/#\\\/schema\\\/logo\\\/image\\\/\"},\"sameAs\":[\"https:\\\/\\\/www.facebook.com\\\/eaipahpah\\\/?locale2=pt_BR\",\"https:\\\/\\\/x.com\\\/conspirou\",\"https:\\\/\\\/www.instagram.com\\\/eai_pahpah\",\"https:\\\/\\\/br.pinterest.com\\\/mrnewsn\\\/boards\\\/\",\"https:\\\/\\\/www.youtube.com\\\/channel\\\/UCacgnpznQ61fifLWr1tQ-vA?view_as=subscriber\"]},{\"@type\":\"Person\",\"@id\":\"https:\\\/\\\/mrnews.com.br\\\/#\\\/schema\\\/person\\\/be3203154562a9f207407861cef7827b\",\"name\":\"MR News\",\"image\":{\"@type\":\"ImageObject\",\"inLanguage\":\"pt-BR\",\"@id\":\"https:\\\/\\\/secure.gravatar.com\\\/avatar\\\/04084e6d73c042b8646e7c17b494073bf0ede3ea13c7105cfc45cbbbc28385a4?s=96&d=monsterid&r=g\",\"url\":\"https:\\\/\\\/secure.gravatar.com\\\/avatar\\\/04084e6d73c042b8646e7c17b494073bf0ede3ea13c7105cfc45cbbbc28385a4?s=96&d=monsterid&r=g\",\"contentUrl\":\"https:\\\/\\\/secure.gravatar.com\\\/avatar\\\/04084e6d73c042b8646e7c17b494073bf0ede3ea13c7105cfc45cbbbc28385a4?s=96&d=monsterid&r=g\",\"caption\":\"MR News\"},\"description\":\"Especializado em jornalismo colaborativo pela FTP em n\u00edvel de p\u00f3s-gradua\u00e7\u00e3o. suporte@oimeliga.combr\",\"sameAs\":[\"HUGO R.\",\"Admin\"],\"url\":\"https:\\\/\\\/mrnews.com.br\\\/index.php\\\/author\\\/admin\\\/\"}]}<\/script>\n<!-- \/ Yoast SEO plugin. -->","yoast_head_json":{"title":"Fux pede para participar de pr\u00f3ximos julgamentos da trama golpista","robots":{"index":"index","follow":"follow","max-snippet":"max-snippet:-1","max-image-preview":"max-image-preview:large","max-video-preview":"max-video-preview:-1"},"canonical":"https:\/\/mrnews.com.br\/index.php\/2025\/10\/22\/fux-pede-para-participar-de-proximos-julgamentos-da-trama-golpista\/","og_locale":"pt_BR","og_type":"article","og_title":"Fux pede para participar de pr\u00f3ximos julgamentos da trama golpista","og_description":"Por EBC, O ministro Luiz Fux, do Supremo Tribunal Federal (STF), pediu nesta ter\u00e7a-feira (21) para participar dos pr\u00f3ximos julgamentos das a\u00e7\u00f5es penais sobre a trama golpista ocorrida no governo do ex-presidente Jair Bolsonaro. O pedido foi feito ao ministro Fl\u00e1vio Dino, presidente da Primeira Turma da Corte, ap\u00f3s o colegiado condenar os r\u00e9us do &hellip;","og_url":"https:\/\/mrnews.com.br\/index.php\/2025\/10\/22\/fux-pede-para-participar-de-proximos-julgamentos-da-trama-golpista\/","og_site_name":"MRNews","article_publisher":"https:\/\/www.facebook.com\/eaipahpah\/?locale2=pt_BR","article_published_time":"2025-10-22T04:07:41+00:00","author":"MR News","twitter_card":"summary_large_image","twitter_creator":"@conspirou","twitter_site":"@conspirou","twitter_misc":{"Escrito por":"MR News","Est. tempo de leitura":"2 minutos"},"schema":{"@context":"https:\/\/schema.org","@graph":[{"@type":"Article","@id":"https:\/\/mrnews.com.br\/index.php\/2025\/10\/22\/fux-pede-para-participar-de-proximos-julgamentos-da-trama-golpista\/#article","isPartOf":{"@id":"https:\/\/mrnews.com.br\/index.php\/2025\/10\/22\/fux-pede-para-participar-de-proximos-julgamentos-da-trama-golpista\/"},"author":{"name":"MR News","@id":"https:\/\/mrnews.com.br\/#\/schema\/person\/be3203154562a9f207407861cef7827b"},"headline":"Fux pede para participar de pr\u00f3ximos julgamentos da trama golpista","datePublished":"2025-10-22T04:07:41+00:00","mainEntityOfPage":{"@id":"https:\/\/mrnews.com.br\/index.php\/2025\/10\/22\/fux-pede-para-participar-de-proximos-julgamentos-da-trama-golpista\/"},"wordCount":317,"commentCount":0,"publisher":{"@id":"https:\/\/mrnews.com.br\/#organization"},"articleSection":["ENTRETENIMENTO","NOTICIAS","SERVI\u00c7OS"],"inLanguage":"pt-BR","potentialAction":[{"@type":"CommentAction","name":"Comment","target":["https:\/\/mrnews.com.br\/index.php\/2025\/10\/22\/fux-pede-para-participar-de-proximos-julgamentos-da-trama-golpista\/#respond"]}]},{"@type":"WebPage","@id":"https:\/\/mrnews.com.br\/index.php\/2025\/10\/22\/fux-pede-para-participar-de-proximos-julgamentos-da-trama-golpista\/","url":"https:\/\/mrnews.com.br\/index.php\/2025\/10\/22\/fux-pede-para-participar-de-proximos-julgamentos-da-trama-golpista\/","name":"Fux pede para participar de pr\u00f3ximos julgamentos da trama golpista","isPartOf":{"@id":"https:\/\/mrnews.com.br\/#website"},"datePublished":"2025-10-22T04:07:41+00:00","breadcrumb":{"@id":"https:\/\/mrnews.com.br\/index.php\/2025\/10\/22\/fux-pede-para-participar-de-proximos-julgamentos-da-trama-golpista\/#breadcrumb"},"inLanguage":"pt-BR","potentialAction":[{"@type":"ReadAction","target":["https:\/\/mrnews.com.br\/index.php\/2025\/10\/22\/fux-pede-para-participar-de-proximos-julgamentos-da-trama-golpista\/"]}]},{"@type":"BreadcrumbList","@id":"https:\/\/mrnews.com.br\/index.php\/2025\/10\/22\/fux-pede-para-participar-de-proximos-julgamentos-da-trama-golpista\/#breadcrumb","itemListElement":[{"@type":"ListItem","position":1,"name":"In\u00edcio","item":"https:\/\/mrnews.com.br\/"},{"@type":"ListItem","position":2,"name":"Fux pede para participar de pr\u00f3ximos julgamentos da trama golpista"}]},{"@type":"WebSite","@id":"https:\/\/mrnews.com.br\/#website","url":"https:\/\/mrnews.com.br\/","name":"MRNews","description":"MRNews Jogos de hoje da TV, transmiss\u00f5es ao vivo, Not\u00edcias de futebol, Jogos ao vivo, Lives, resumo de novelas, Programa\u00e7\u00e3o da Globo, A Fazenda e BBB","publisher":{"@id":"https:\/\/mrnews.com.br\/#organization"},"potentialAction":[{"@type":"SearchAction","target":{"@type":"EntryPoint","urlTemplate":"https:\/\/mrnews.com.br\/?s={search_term_string}"},"query-input":{"@type":"PropertyValueSpecification","valueRequired":true,"valueName":"search_term_string"}}],"inLanguage":"pt-BR"},{"@type":"Organization","@id":"https:\/\/mrnews.com.br\/#organization","name":"MRNews","url":"https:\/\/mrnews.com.br\/","logo":{"@type":"ImageObject","inLanguage":"pt-BR","@id":"https:\/\/mrnews.com.br\/#\/schema\/logo\/image\/","url":"https:\/\/mrnews.com.br\/wp-content\/uploads\/2019\/06\/MRNewslogo2.png","contentUrl":"https:\/\/mrnews.com.br\/wp-content\/uploads\/2019\/06\/MRNewslogo2.png","width":223,"height":58,"caption":"MRNews"},"image":{"@id":"https:\/\/mrnews.com.br\/#\/schema\/logo\/image\/"},"sameAs":["https:\/\/www.facebook.com\/eaipahpah\/?locale2=pt_BR","https:\/\/x.com\/conspirou","https:\/\/www.instagram.com\/eai_pahpah","https:\/\/br.pinterest.com\/mrnewsn\/boards\/","https:\/\/www.youtube.com\/channel\/UCacgnpznQ61fifLWr1tQ-vA?view_as=subscriber"]},{"@type":"Person","@id":"https:\/\/mrnews.com.br\/#\/schema\/person\/be3203154562a9f207407861cef7827b","name":"MR News","image":{"@type":"ImageObject","inLanguage":"pt-BR","@id":"https:\/\/secure.gravatar.com\/avatar\/04084e6d73c042b8646e7c17b494073bf0ede3ea13c7105cfc45cbbbc28385a4?s=96&d=monsterid&r=g","url":"https:\/\/secure.gravatar.com\/avatar\/04084e6d73c042b8646e7c17b494073bf0ede3ea13c7105cfc45cbbbc28385a4?s=96&d=monsterid&r=g","contentUrl":"https:\/\/secure.gravatar.com\/avatar\/04084e6d73c042b8646e7c17b494073bf0ede3ea13c7105cfc45cbbbc28385a4?s=96&d=monsterid&r=g","caption":"MR News"},"description":"Especializado em jornalismo colaborativo pela FTP em n\u00edvel de p\u00f3s-gradua\u00e7\u00e3o. suporte@oimeliga.combr","sameAs":["HUGO R.","Admin"],"url":"https:\/\/mrnews.com.br\/index.php\/author\/admin\/"}]}},"jetpack_featured_media_url":"","jetpack_sharing_enabled":true,"jetpack_shortlink":"https:\/\/wp.me\/pa2Qf7-1Tm2","amp_enabled":true,"_links":{"self":[{"href":"https:\/\/mrnews.com.br\/index.php\/wp-json\/wp\/v2\/posts\/451114","targetHints":{"allow":["GET"]}}],"collection":[{"href":"https:\/\/mrnews.com.br\/index.php\/wp-json\/wp\/v2\/posts"}],"about":[{"href":"https:\/\/mrnews.com.br\/index.php\/wp-json\/wp\/v2\/types\/post"}],"author":[{"embeddable":true,"href":"https:\/\/mrnews.com.br\/index.php\/wp-json\/wp\/v2\/users\/1"}],"replies":[{"embeddable":true,"href":"https:\/\/mrnews.com.br\/index.php\/wp-json\/wp\/v2\/comments?post=451114"}],"version-history":[{"count":0,"href":"https:\/\/mrnews.com.br\/index.php\/wp-json\/wp\/v2\/posts\/451114\/revisions"}],"wp:attachment":[{"href":"https:\/\/mrnews.com.br\/index.php\/wp-json\/wp\/v2\/media?parent=451114"}],"wp:term":[{"taxonomy":"category","embeddable":true,"href":"https:\/\/mrnews.com.br\/index.php\/wp-json\/wp\/v2\/categories?post=451114"},{"taxonomy":"post_tag","embeddable":true,"href":"https:\/\/mrnews.com.br\/index.php\/wp-json\/wp\/v2\/tags?post=451114"}],"curies":[{"name":"wp","href":"https:\/\/api.w.org\/{rel}","templated":true}]}}