{"id":451184,"date":"2025-10-23T19:08:13","date_gmt":"2025-10-23T22:08:13","guid":{"rendered":"https:\/\/mrnews.com.br\/index.php\/2025\/10\/23\/stf-tem-maioria-para-manter-nomeacao-de-parentes-para-cargos-politicos\/"},"modified":"2025-10-23T19:08:13","modified_gmt":"2025-10-23T22:08:13","slug":"stf-tem-maioria-para-manter-nomeacao-de-parentes-para-cargos-politicos","status":"publish","type":"post","link":"https:\/\/mrnews.com.br\/index.php\/2025\/10\/23\/stf-tem-maioria-para-manter-nomeacao-de-parentes-para-cargos-politicos\/","title":{"rendered":"STF tem maioria para manter nomea\u00e7\u00e3o de parentes para cargos pol\u00edticos"},"content":{"rendered":"<p>Por EBC, <\/p>\n<div>\n<p>O Supremo Tribunal Federal (STF) formou nesta quinta-feira (23) maioria de votos para manter a regra da Corte que permitiu nomea\u00e7\u00f5es de parentes para cargos pol\u00edticos.\u00a0<\/p>\n<p><strong>A Corte formou placar de 6 votos a 1 para manter o entendimento de que a nomea\u00e7\u00e3o de parentes para cargos de natureza pol\u00edtica n\u00e3o configura nepotismo. <\/strong>Apesar do placar, o julgamento foi suspenso e ser\u00e1 retomado na pr\u00f3xima quarta-feira (29).\u00a0<\/p>\n<p><strong>Em 2008, o Supremo editou uma s\u00famula vinculante para proibir o nepotismo. De acordo com o texto da decis\u00e3o, a nomea\u00e7\u00e3o de c\u00f4njuge, companheiro ou parente at\u00e9 terceiro grau para cargos p\u00fablicos viola a Constitui\u00e7\u00e3o.<\/strong><\/p>\n<p><strong>Contudo, a Corte reconheceu meses depois que a restri\u00e7\u00e3o n\u00e3o vale para cargos de natureza pol\u00edtica, como secret\u00e1rios de Estado. A decis\u00e3o permitiu que governadores indiquem parentes para cargos na administra\u00e7\u00e3o estadual, por exemplo.\u00a0<\/strong><\/p>\n<p>O caso voltou ao Supremo por meio de um recurso para derrubar uma lei de Tup\u00e3 (SP), de 2013, que proibiu a contrata\u00e7\u00e3o de parentes do prefeito, vice-prefeito, secret\u00e1rios e vereadores na gest\u00e3o municipal. A norma contrariou o entendimento da Corte que validou as nomea\u00e7\u00f5es para fun\u00e7\u00f5es pol\u00edticas.\u00a0<\/p>\n<p>&gt;&gt; Siga o canal da <strong>Ag\u00eancia Brasil <\/strong>no WhatsApp<\/p>\n<h2>Votos<\/h2>\n<p><strong>Ao voltar a julgar a quest\u00e3o nesta quinta-feira, o relator do caso, ministro Luiz Fux, votou pela perman\u00eancia do entendimento de que a veda\u00e7\u00e3o do nepotismo n\u00e3o vale para cargos pol\u00edticos.<\/strong><\/p>\n<p>Para o ministro, o chefe do Executivo tem a prerrogativa de escolher seus secret\u00e1rios, desde que sejam observados os crit\u00e9rios de qualifica\u00e7\u00e3o t\u00e9cnica e a proibi\u00e7\u00e3o de nepotismo cruzado.<\/p>\n<blockquote>\n<p>&#8220;A mensagem do Supremo \u00e9 que a regra \u00e9 a possibilidade, a exce\u00e7\u00e3o \u00e9 a impossibilidade. N\u00e3o \u00e9 uma carta de alforria para nomear quem quer que seja&#8221;, afirmou.<\/p>\n<\/blockquote>\n<p>O voto de Fux foi seguido pelos ministros Cristiano Zanin, Andr\u00e9 Mendon\u00e7a, Nunes Marques, Alexandre de Moraes e Dias Toffoli.\u00a0<\/p>\n<p><strong>Fl\u00e1vio Dino foi o primeiro a divergir do relator e questionou a possibilidade de nomea\u00e7\u00e3o de parentes para cargos pol\u00edticos.<\/strong><\/p>\n<p>Dino disse que &#8220;legalidade e afeto n\u00e3o se combinam&#8221;. O ministro argumentou que a nomea\u00e7\u00e3o de parentes n\u00e3o funciona na iniciativa privada e s\u00f3 acontece na administra\u00e7\u00e3o p\u00fablica.<\/p>\n<blockquote>\n<p>&#8220;Legalidades e afetos n\u00e3o se combinam. Uma reuni\u00e3o de governo n\u00e3o pode ser um almo\u00e7o de domingo. Uma reuni\u00e3o de governo n\u00e3o pode ser uma ceia de Natal. Ei, papai, titio, irm\u00e3o, passe a\u00ed o macarr\u00e3o. Isso \u00e9 imprescind\u00edvel, lindo na fam\u00edlia, no jardim, n\u00e3o na pra\u00e7a. Na pra\u00e7a, no espa\u00e7o p\u00fablico, n\u00f3s temos que compreender que \u00e9 preciso ter coer\u00eancia nas regras&#8221;, afirmou.<\/p>\n<\/blockquote>\n<p>A ministra C\u00e1rmen L\u00facia n\u00e3o adiantou voto , mas se manifestou sobre o tema. A ministra disse que cumprir o princ\u00edpio constitucional da impessoalidade \u00e9 um desafio.\u00a0<\/p>\n<blockquote>\n<p>&#8220;A esposa vai para o Tribunal de Contas para aprovar ou n\u00e3o as contas do pr\u00f3prio marido, que foi titular do Executivo. Isso \u00e9 completamente contr\u00e1rio ao que n\u00f3s discutimos, embora seja um cargo pol\u00edtico&#8221;, comentou.\u00a0<\/p>\n<\/blockquote>\n<p>Os votos dos ministros\u00a0Edson Fachin, Gilmar Mendes e C\u00e1rmen L\u00facia, \u00faltimos a votar, ser\u00e3o proferidos na pr\u00f3xima sess\u00e3o.\u00a0<\/p>\n<p>      <!-- Relacionada --><\/p>\n<p>            <!-- Relacionada -->\n    <\/div>\n","protected":false},"excerpt":{"rendered":"<p>Por EBC, O Supremo Tribunal Federal (STF) formou nesta quinta-feira (23) maioria de votos para manter a regra da Corte que permitiu nomea\u00e7\u00f5es de parentes para cargos pol\u00edticos.\u00a0 A Corte formou placar de 6 votos a 1 para manter o entendimento de que a nomea\u00e7\u00e3o de parentes para cargos de natureza pol\u00edtica n\u00e3o configura nepotismo. &hellip;<\/p>\n","protected":false},"author":1,"featured_media":0,"comment_status":"open","ping_status":"open","sticky":false,"template":"","format":"standard","meta":{"_jetpack_memberships_contains_paid_content":false,"footnotes":""},"categories":[2,12225,4],"tags":[],"class_list":["post-451184","post","type-post","status-publish","format-standard","hentry","category-entretenimento","category-noticias","category-servicos"],"yoast_head":"<!-- This site is optimized with the Yoast SEO plugin v27.4 - https:\/\/yoast.com\/product\/yoast-seo-wordpress\/ -->\n<title>STF tem maioria para manter nomea\u00e7\u00e3o de parentes para cargos pol\u00edticos<\/title>\n<meta name=\"robots\" content=\"index, follow, max-snippet:-1, max-image-preview:large, max-video-preview:-1\" \/>\n<link rel=\"canonical\" href=\"https:\/\/mrnews.com.br\/index.php\/2025\/10\/23\/stf-tem-maioria-para-manter-nomeacao-de-parentes-para-cargos-politicos\/\" \/>\n<meta property=\"og:locale\" content=\"pt_BR\" \/>\n<meta property=\"og:type\" content=\"article\" \/>\n<meta property=\"og:title\" content=\"STF tem maioria para manter nomea\u00e7\u00e3o de parentes para cargos pol\u00edticos\" \/>\n<meta property=\"og:description\" content=\"Por EBC, O Supremo Tribunal Federal (STF) formou nesta quinta-feira (23) maioria de votos para manter a regra da Corte que permitiu nomea\u00e7\u00f5es de parentes para cargos pol\u00edticos.\u00a0 A Corte formou placar de 6 votos a 1 para manter o entendimento de que a nomea\u00e7\u00e3o de parentes para cargos de natureza pol\u00edtica n\u00e3o configura nepotismo. &hellip;\" \/>\n<meta property=\"og:url\" content=\"https:\/\/mrnews.com.br\/index.php\/2025\/10\/23\/stf-tem-maioria-para-manter-nomeacao-de-parentes-para-cargos-politicos\/\" \/>\n<meta property=\"og:site_name\" content=\"MRNews\" \/>\n<meta property=\"article:publisher\" content=\"https:\/\/www.facebook.com\/eaipahpah\/?locale2=pt_BR\" \/>\n<meta property=\"article:published_time\" content=\"2025-10-23T22:08:13+00:00\" \/>\n<meta name=\"author\" content=\"MR News\" \/>\n<meta name=\"twitter:card\" content=\"summary_large_image\" \/>\n<meta name=\"twitter:creator\" content=\"@conspirou\" \/>\n<meta name=\"twitter:site\" content=\"@conspirou\" \/>\n<meta name=\"twitter:label1\" content=\"Escrito por\" \/>\n\t<meta name=\"twitter:data1\" content=\"MR News\" \/>\n\t<meta name=\"twitter:label2\" content=\"Est. tempo de leitura\" \/>\n\t<meta name=\"twitter:data2\" content=\"3 minutos\" \/>\n<script type=\"application\/ld+json\" class=\"yoast-schema-graph\">{\"@context\":\"https:\\\/\\\/schema.org\",\"@graph\":[{\"@type\":\"Article\",\"@id\":\"https:\\\/\\\/mrnews.com.br\\\/index.php\\\/2025\\\/10\\\/23\\\/stf-tem-maioria-para-manter-nomeacao-de-parentes-para-cargos-politicos\\\/#article\",\"isPartOf\":{\"@id\":\"https:\\\/\\\/mrnews.com.br\\\/index.php\\\/2025\\\/10\\\/23\\\/stf-tem-maioria-para-manter-nomeacao-de-parentes-para-cargos-politicos\\\/\"},\"author\":{\"name\":\"MR News\",\"@id\":\"https:\\\/\\\/mrnews.com.br\\\/#\\\/schema\\\/person\\\/be3203154562a9f207407861cef7827b\"},\"headline\":\"STF tem maioria para manter nomea\u00e7\u00e3o de parentes para cargos pol\u00edticos\",\"datePublished\":\"2025-10-23T22:08:13+00:00\",\"mainEntityOfPage\":{\"@id\":\"https:\\\/\\\/mrnews.com.br\\\/index.php\\\/2025\\\/10\\\/23\\\/stf-tem-maioria-para-manter-nomeacao-de-parentes-para-cargos-politicos\\\/\"},\"wordCount\":575,\"commentCount\":0,\"publisher\":{\"@id\":\"https:\\\/\\\/mrnews.com.br\\\/#organization\"},\"articleSection\":[\"ENTRETENIMENTO\",\"NOTICIAS\",\"SERVI\u00c7OS\"],\"inLanguage\":\"pt-BR\",\"potentialAction\":[{\"@type\":\"CommentAction\",\"name\":\"Comment\",\"target\":[\"https:\\\/\\\/mrnews.com.br\\\/index.php\\\/2025\\\/10\\\/23\\\/stf-tem-maioria-para-manter-nomeacao-de-parentes-para-cargos-politicos\\\/#respond\"]}]},{\"@type\":\"WebPage\",\"@id\":\"https:\\\/\\\/mrnews.com.br\\\/index.php\\\/2025\\\/10\\\/23\\\/stf-tem-maioria-para-manter-nomeacao-de-parentes-para-cargos-politicos\\\/\",\"url\":\"https:\\\/\\\/mrnews.com.br\\\/index.php\\\/2025\\\/10\\\/23\\\/stf-tem-maioria-para-manter-nomeacao-de-parentes-para-cargos-politicos\\\/\",\"name\":\"STF tem maioria para manter nomea\u00e7\u00e3o de parentes para cargos pol\u00edticos\",\"isPartOf\":{\"@id\":\"https:\\\/\\\/mrnews.com.br\\\/#website\"},\"datePublished\":\"2025-10-23T22:08:13+00:00\",\"breadcrumb\":{\"@id\":\"https:\\\/\\\/mrnews.com.br\\\/index.php\\\/2025\\\/10\\\/23\\\/stf-tem-maioria-para-manter-nomeacao-de-parentes-para-cargos-politicos\\\/#breadcrumb\"},\"inLanguage\":\"pt-BR\",\"potentialAction\":[{\"@type\":\"ReadAction\",\"target\":[\"https:\\\/\\\/mrnews.com.br\\\/index.php\\\/2025\\\/10\\\/23\\\/stf-tem-maioria-para-manter-nomeacao-de-parentes-para-cargos-politicos\\\/\"]}]},{\"@type\":\"BreadcrumbList\",\"@id\":\"https:\\\/\\\/mrnews.com.br\\\/index.php\\\/2025\\\/10\\\/23\\\/stf-tem-maioria-para-manter-nomeacao-de-parentes-para-cargos-politicos\\\/#breadcrumb\",\"itemListElement\":[{\"@type\":\"ListItem\",\"position\":1,\"name\":\"In\u00edcio\",\"item\":\"https:\\\/\\\/mrnews.com.br\\\/\"},{\"@type\":\"ListItem\",\"position\":2,\"name\":\"STF tem maioria para manter nomea\u00e7\u00e3o de parentes para cargos pol\u00edticos\"}]},{\"@type\":\"WebSite\",\"@id\":\"https:\\\/\\\/mrnews.com.br\\\/#website\",\"url\":\"https:\\\/\\\/mrnews.com.br\\\/\",\"name\":\"MRNews\",\"description\":\"MRNews Jogos de hoje da TV, transmiss\u00f5es ao vivo, Not\u00edcias de futebol, Jogos ao vivo, Lives, resumo de novelas, Programa\u00e7\u00e3o da Globo, A Fazenda e BBB\",\"publisher\":{\"@id\":\"https:\\\/\\\/mrnews.com.br\\\/#organization\"},\"potentialAction\":[{\"@type\":\"SearchAction\",\"target\":{\"@type\":\"EntryPoint\",\"urlTemplate\":\"https:\\\/\\\/mrnews.com.br\\\/?s={search_term_string}\"},\"query-input\":{\"@type\":\"PropertyValueSpecification\",\"valueRequired\":true,\"valueName\":\"search_term_string\"}}],\"inLanguage\":\"pt-BR\"},{\"@type\":\"Organization\",\"@id\":\"https:\\\/\\\/mrnews.com.br\\\/#organization\",\"name\":\"MRNews\",\"url\":\"https:\\\/\\\/mrnews.com.br\\\/\",\"logo\":{\"@type\":\"ImageObject\",\"inLanguage\":\"pt-BR\",\"@id\":\"https:\\\/\\\/mrnews.com.br\\\/#\\\/schema\\\/logo\\\/image\\\/\",\"url\":\"https:\\\/\\\/mrnews.com.br\\\/wp-content\\\/uploads\\\/2019\\\/06\\\/MRNewslogo2.png\",\"contentUrl\":\"https:\\\/\\\/mrnews.com.br\\\/wp-content\\\/uploads\\\/2019\\\/06\\\/MRNewslogo2.png\",\"width\":223,\"height\":58,\"caption\":\"MRNews\"},\"image\":{\"@id\":\"https:\\\/\\\/mrnews.com.br\\\/#\\\/schema\\\/logo\\\/image\\\/\"},\"sameAs\":[\"https:\\\/\\\/www.facebook.com\\\/eaipahpah\\\/?locale2=pt_BR\",\"https:\\\/\\\/x.com\\\/conspirou\",\"https:\\\/\\\/www.instagram.com\\\/eai_pahpah\",\"https:\\\/\\\/br.pinterest.com\\\/mrnewsn\\\/boards\\\/\",\"https:\\\/\\\/www.youtube.com\\\/channel\\\/UCacgnpznQ61fifLWr1tQ-vA?view_as=subscriber\"]},{\"@type\":\"Person\",\"@id\":\"https:\\\/\\\/mrnews.com.br\\\/#\\\/schema\\\/person\\\/be3203154562a9f207407861cef7827b\",\"name\":\"MR News\",\"image\":{\"@type\":\"ImageObject\",\"inLanguage\":\"pt-BR\",\"@id\":\"https:\\\/\\\/secure.gravatar.com\\\/avatar\\\/04084e6d73c042b8646e7c17b494073bf0ede3ea13c7105cfc45cbbbc28385a4?s=96&d=monsterid&r=g\",\"url\":\"https:\\\/\\\/secure.gravatar.com\\\/avatar\\\/04084e6d73c042b8646e7c17b494073bf0ede3ea13c7105cfc45cbbbc28385a4?s=96&d=monsterid&r=g\",\"contentUrl\":\"https:\\\/\\\/secure.gravatar.com\\\/avatar\\\/04084e6d73c042b8646e7c17b494073bf0ede3ea13c7105cfc45cbbbc28385a4?s=96&d=monsterid&r=g\",\"caption\":\"MR News\"},\"description\":\"Especializado em jornalismo colaborativo pela FTP em n\u00edvel de p\u00f3s-gradua\u00e7\u00e3o. suporte@oimeliga.combr\",\"sameAs\":[\"HUGO R.\",\"Admin\"],\"url\":\"https:\\\/\\\/mrnews.com.br\\\/index.php\\\/author\\\/admin\\\/\"}]}<\/script>\n<!-- \/ Yoast SEO plugin. -->","yoast_head_json":{"title":"STF tem maioria para manter nomea\u00e7\u00e3o de parentes para cargos pol\u00edticos","robots":{"index":"index","follow":"follow","max-snippet":"max-snippet:-1","max-image-preview":"max-image-preview:large","max-video-preview":"max-video-preview:-1"},"canonical":"https:\/\/mrnews.com.br\/index.php\/2025\/10\/23\/stf-tem-maioria-para-manter-nomeacao-de-parentes-para-cargos-politicos\/","og_locale":"pt_BR","og_type":"article","og_title":"STF tem maioria para manter nomea\u00e7\u00e3o de parentes para cargos pol\u00edticos","og_description":"Por EBC, O Supremo Tribunal Federal (STF) formou nesta quinta-feira (23) maioria de votos para manter a regra da Corte que permitiu nomea\u00e7\u00f5es de parentes para cargos pol\u00edticos.\u00a0 A Corte formou placar de 6 votos a 1 para manter o entendimento de que a nomea\u00e7\u00e3o de parentes para cargos de natureza pol\u00edtica n\u00e3o configura nepotismo. &hellip;","og_url":"https:\/\/mrnews.com.br\/index.php\/2025\/10\/23\/stf-tem-maioria-para-manter-nomeacao-de-parentes-para-cargos-politicos\/","og_site_name":"MRNews","article_publisher":"https:\/\/www.facebook.com\/eaipahpah\/?locale2=pt_BR","article_published_time":"2025-10-23T22:08:13+00:00","author":"MR News","twitter_card":"summary_large_image","twitter_creator":"@conspirou","twitter_site":"@conspirou","twitter_misc":{"Escrito por":"MR News","Est. tempo de leitura":"3 minutos"},"schema":{"@context":"https:\/\/schema.org","@graph":[{"@type":"Article","@id":"https:\/\/mrnews.com.br\/index.php\/2025\/10\/23\/stf-tem-maioria-para-manter-nomeacao-de-parentes-para-cargos-politicos\/#article","isPartOf":{"@id":"https:\/\/mrnews.com.br\/index.php\/2025\/10\/23\/stf-tem-maioria-para-manter-nomeacao-de-parentes-para-cargos-politicos\/"},"author":{"name":"MR News","@id":"https:\/\/mrnews.com.br\/#\/schema\/person\/be3203154562a9f207407861cef7827b"},"headline":"STF tem maioria para manter nomea\u00e7\u00e3o de parentes para cargos pol\u00edticos","datePublished":"2025-10-23T22:08:13+00:00","mainEntityOfPage":{"@id":"https:\/\/mrnews.com.br\/index.php\/2025\/10\/23\/stf-tem-maioria-para-manter-nomeacao-de-parentes-para-cargos-politicos\/"},"wordCount":575,"commentCount":0,"publisher":{"@id":"https:\/\/mrnews.com.br\/#organization"},"articleSection":["ENTRETENIMENTO","NOTICIAS","SERVI\u00c7OS"],"inLanguage":"pt-BR","potentialAction":[{"@type":"CommentAction","name":"Comment","target":["https:\/\/mrnews.com.br\/index.php\/2025\/10\/23\/stf-tem-maioria-para-manter-nomeacao-de-parentes-para-cargos-politicos\/#respond"]}]},{"@type":"WebPage","@id":"https:\/\/mrnews.com.br\/index.php\/2025\/10\/23\/stf-tem-maioria-para-manter-nomeacao-de-parentes-para-cargos-politicos\/","url":"https:\/\/mrnews.com.br\/index.php\/2025\/10\/23\/stf-tem-maioria-para-manter-nomeacao-de-parentes-para-cargos-politicos\/","name":"STF tem maioria para manter nomea\u00e7\u00e3o de parentes para cargos pol\u00edticos","isPartOf":{"@id":"https:\/\/mrnews.com.br\/#website"},"datePublished":"2025-10-23T22:08:13+00:00","breadcrumb":{"@id":"https:\/\/mrnews.com.br\/index.php\/2025\/10\/23\/stf-tem-maioria-para-manter-nomeacao-de-parentes-para-cargos-politicos\/#breadcrumb"},"inLanguage":"pt-BR","potentialAction":[{"@type":"ReadAction","target":["https:\/\/mrnews.com.br\/index.php\/2025\/10\/23\/stf-tem-maioria-para-manter-nomeacao-de-parentes-para-cargos-politicos\/"]}]},{"@type":"BreadcrumbList","@id":"https:\/\/mrnews.com.br\/index.php\/2025\/10\/23\/stf-tem-maioria-para-manter-nomeacao-de-parentes-para-cargos-politicos\/#breadcrumb","itemListElement":[{"@type":"ListItem","position":1,"name":"In\u00edcio","item":"https:\/\/mrnews.com.br\/"},{"@type":"ListItem","position":2,"name":"STF tem maioria para manter nomea\u00e7\u00e3o de parentes para cargos pol\u00edticos"}]},{"@type":"WebSite","@id":"https:\/\/mrnews.com.br\/#website","url":"https:\/\/mrnews.com.br\/","name":"MRNews","description":"MRNews Jogos de hoje da TV, transmiss\u00f5es ao vivo, Not\u00edcias de futebol, Jogos ao vivo, Lives, resumo de novelas, Programa\u00e7\u00e3o da Globo, A Fazenda e BBB","publisher":{"@id":"https:\/\/mrnews.com.br\/#organization"},"potentialAction":[{"@type":"SearchAction","target":{"@type":"EntryPoint","urlTemplate":"https:\/\/mrnews.com.br\/?s={search_term_string}"},"query-input":{"@type":"PropertyValueSpecification","valueRequired":true,"valueName":"search_term_string"}}],"inLanguage":"pt-BR"},{"@type":"Organization","@id":"https:\/\/mrnews.com.br\/#organization","name":"MRNews","url":"https:\/\/mrnews.com.br\/","logo":{"@type":"ImageObject","inLanguage":"pt-BR","@id":"https:\/\/mrnews.com.br\/#\/schema\/logo\/image\/","url":"https:\/\/mrnews.com.br\/wp-content\/uploads\/2019\/06\/MRNewslogo2.png","contentUrl":"https:\/\/mrnews.com.br\/wp-content\/uploads\/2019\/06\/MRNewslogo2.png","width":223,"height":58,"caption":"MRNews"},"image":{"@id":"https:\/\/mrnews.com.br\/#\/schema\/logo\/image\/"},"sameAs":["https:\/\/www.facebook.com\/eaipahpah\/?locale2=pt_BR","https:\/\/x.com\/conspirou","https:\/\/www.instagram.com\/eai_pahpah","https:\/\/br.pinterest.com\/mrnewsn\/boards\/","https:\/\/www.youtube.com\/channel\/UCacgnpznQ61fifLWr1tQ-vA?view_as=subscriber"]},{"@type":"Person","@id":"https:\/\/mrnews.com.br\/#\/schema\/person\/be3203154562a9f207407861cef7827b","name":"MR News","image":{"@type":"ImageObject","inLanguage":"pt-BR","@id":"https:\/\/secure.gravatar.com\/avatar\/04084e6d73c042b8646e7c17b494073bf0ede3ea13c7105cfc45cbbbc28385a4?s=96&d=monsterid&r=g","url":"https:\/\/secure.gravatar.com\/avatar\/04084e6d73c042b8646e7c17b494073bf0ede3ea13c7105cfc45cbbbc28385a4?s=96&d=monsterid&r=g","contentUrl":"https:\/\/secure.gravatar.com\/avatar\/04084e6d73c042b8646e7c17b494073bf0ede3ea13c7105cfc45cbbbc28385a4?s=96&d=monsterid&r=g","caption":"MR News"},"description":"Especializado em jornalismo colaborativo pela FTP em n\u00edvel de p\u00f3s-gradua\u00e7\u00e3o. suporte@oimeliga.combr","sameAs":["HUGO R.","Admin"],"url":"https:\/\/mrnews.com.br\/index.php\/author\/admin\/"}]}},"jetpack_featured_media_url":"","jetpack_sharing_enabled":true,"jetpack_shortlink":"https:\/\/wp.me\/pa2Qf7-1Tna","amp_enabled":true,"_links":{"self":[{"href":"https:\/\/mrnews.com.br\/index.php\/wp-json\/wp\/v2\/posts\/451184","targetHints":{"allow":["GET"]}}],"collection":[{"href":"https:\/\/mrnews.com.br\/index.php\/wp-json\/wp\/v2\/posts"}],"about":[{"href":"https:\/\/mrnews.com.br\/index.php\/wp-json\/wp\/v2\/types\/post"}],"author":[{"embeddable":true,"href":"https:\/\/mrnews.com.br\/index.php\/wp-json\/wp\/v2\/users\/1"}],"replies":[{"embeddable":true,"href":"https:\/\/mrnews.com.br\/index.php\/wp-json\/wp\/v2\/comments?post=451184"}],"version-history":[{"count":0,"href":"https:\/\/mrnews.com.br\/index.php\/wp-json\/wp\/v2\/posts\/451184\/revisions"}],"wp:attachment":[{"href":"https:\/\/mrnews.com.br\/index.php\/wp-json\/wp\/v2\/media?parent=451184"}],"wp:term":[{"taxonomy":"category","embeddable":true,"href":"https:\/\/mrnews.com.br\/index.php\/wp-json\/wp\/v2\/categories?post=451184"},{"taxonomy":"post_tag","embeddable":true,"href":"https:\/\/mrnews.com.br\/index.php\/wp-json\/wp\/v2\/tags?post=451184"}],"curies":[{"name":"wp","href":"https:\/\/api.w.org\/{rel}","templated":true}]}}