{"id":451212,"date":"2025-10-24T09:08:12","date_gmt":"2025-10-24T12:08:12","guid":{"rendered":"https:\/\/mrnews.com.br\/index.php\/2025\/10\/24\/samarco-e-vale-sao-multadas-em-mais-de-r-18-bilhao\/"},"modified":"2025-10-24T09:08:12","modified_gmt":"2025-10-24T12:08:12","slug":"samarco-e-vale-sao-multadas-em-mais-de-r-18-bilhao","status":"publish","type":"post","link":"https:\/\/mrnews.com.br\/index.php\/2025\/10\/24\/samarco-e-vale-sao-multadas-em-mais-de-r-18-bilhao\/","title":{"rendered":"Samarco e Vale s\u00e3o multadas em mais de R$ 1,8 bilh\u00e3o"},"content":{"rendered":"<p>Por EBC, <\/p>\n<div>\n<p>A Procuradoria-Geral da Fazenda Nacional (PGFN) obteve decis\u00e3o favor\u00e1vel \u00e0 Uni\u00e3o contra o pedido da Samarco Minera\u00e7\u00e3o S.A., que deduziu indevidamente do Imposto de Renda de Pessoa Jur\u00eddica (IRPJ) e da Contribui\u00e7\u00e3o Social sobre o Lucro L\u00edquido (CSLL) valores devidos pela empresa a t\u00edtulo de recupera\u00e7\u00e3o ambiental e multas ambientais, de 2016 a 2019.\u00a0 O colegiado do Conselho Administrativo de Recursos Fiscais (Carf) seguiu entendimento da PGFN e manteve as autua\u00e7\u00f5es no valor de mais de R$ 1,8 bilh\u00e3o para a Samarco e a Vale, que \u00e9 acionista da mineradora.<\/p>\n<p><strong>Durante a sustenta\u00e7\u00e3o no julgamento, o procurador da PGFN\u00a0Vin\u00edcius Campos destacou que, se a decis\u00e3o favorecesse a mineradora, desvirtuaria o sistema punitivo e administrativo do direito tribut\u00e1rio. Na sua opini\u00e3o, estaria sendo criado \u201cum sistema contradit\u00f3rio, em que o Estado, ao mesmo tempo em que aplica uma penalidade, aceita que ela use isso como benef\u00edcio fiscal\u201d, sustentou Vin\u00edcius. O procurador completou que, dessa forma, a \u201cUni\u00e3o daria est\u00edmulo \u00e0 pr\u00e1tica de il\u00edcito\u201d.<\/strong><\/p>\n<p>O caso foi julgado pelo Conselho Administrativo de Recursos Fiscais (Carf), que negou o pedido da mineradora e manteve o valor integral dos autos de infra\u00e7\u00e3o. A empresa descontou na apura\u00e7\u00e3o dos tributos as despesas com repara\u00e7\u00e3o ambiental e socioambiental e multas por infra\u00e7\u00f5es de natureza n\u00e3o tribut\u00e1ria, decorrentes dos gastos envolvendo o rompimento da barragem do Fund\u00e3o em Mariana, em Minas Gerais, em 2015.\u00a0<\/p>\n<p><strong>No recurso, a Samarco alegou que os valores deduzidos s\u00e3o de recupera\u00e7\u00e3o e compreendidos como essenciais, pois a sua atividade envolve risco ambiental.<\/strong>\u00a0\u00a0A mineradora considera\u00a0as despesas operacionais como aquelas necess\u00e1rias, normais e usuais para o desenvolvimento da atividade. Na normativa, esses gastos s\u00e3o caracterizados como dedut\u00edveis das tributa\u00e7\u00f5es.<\/p>\n<p><strong>Os valores suprimidos pela Samarco, segundo a defesa da mineradora, decorrem das despesas fixadas em acordos judiciais assinados com munic\u00edpios, o Minist\u00e9rio P\u00fablico Federal (MPF), a Defensoria P\u00fablica da Uni\u00e3o (DPU) e outros \u00f3rg\u00e3os da Justi\u00e7a<\/strong>. Um deles, o Termo de Transa\u00e7\u00e3o e Ajustamento de Conduta (TTAC),\u00a0 definiu a cria\u00e7\u00e3o da Funda\u00e7\u00e3o Renova, inicialmente designada para gerir o processo reparat\u00f3rio da cidade e de indeniza\u00e7\u00f5es, sendo o principal destino de parte do valor deduzido dos impostos. Outra parte da soma descontada teria sido paga em multas ambientais.\u00a0<\/p>\n<p>Em defesa da Fazenda, a PGFN alegou que tais gastos n\u00e3o preenchem os requisitos legais de necessidade, normalidade e usualidade, previstos no\u00a0artigo 47 da Lei n\u00ba 4.506\/1964, tratando-se de sinistro excepcional, e que sua dedutibilidade representaria socializa\u00e7\u00e3o indevida do risco empresarial.<\/p>\n<p>.Ap\u00f3s a celebra\u00e7\u00e3o do Termo de Ajustamento de Conduta, a Vale S. A. foi definida como respons\u00e1vel subsidi\u00e1ria por ser acionista da Samarco. Dessa forma, ela tamb\u00e9m seria respons\u00e1vel pelos repasses \u00e0 funda\u00e7\u00e3o, usando o mesmo argumento para descontar valores do IRPJ e da CSLL, baseando-se na mesma legisla\u00e7\u00e3o apresentada no recurso da Samarco ao Carf.<\/p>\n<p><strong>Na tese da PFGN, acolhida pelo colegiado, a Vale \u00e9 definida como respons\u00e1vel subsidi\u00e1ria,\u00a0tendo seu pedido de deduzir despesas, negado, assim como a respons\u00e1vel principal (Samarco).<\/strong> De acordo com o Carf, \u201cos repasses n\u00e3o se relacionam com as transa\u00e7\u00f5es ou opera\u00e7\u00f5es de suas atividades produtivas\u201d.<\/p>\n<p>Em nota, a Samarco informou que discutir\u00e1 o assunto nos autos dos processos, que\u00a0a\u00a0empresa cumpre rigorosamente o Novo Acordo do Rio Doce e reafirma o compromisso com a repara\u00e7\u00e3o\u201d. Ainda cabe recurso no Carf.<\/p>\n<h2>Entenda o caso<\/h2>\n<p><strong>O desastre ocorreu em 5 de novembro de 2015. O rompimento da barragem de rejeitos de Fund\u00e3o, em Mariana, de propriedade da Samarco, resultou em grande volume de lama e detritos, que devastaram o distrito de Bento Rodrigues, em Mariana. A onda de lama deixou 19 mortos, al\u00e9m de dezenas de desabrigados e desaparecidos.<\/strong><\/p>\n<p>A lama de rejeitos percorreu mais de 600 quil\u00f4metros pelo Rio Doce at\u00e9 chegar ao litoral do Esp\u00edrito Santo, causando um dos maiores desastres ambientais da hist\u00f3ria do Brasil. O distrito de Bento Rodrigues, que ficava a 25 km do centro de Mariana, foi praticamente destru\u00eddo pela enxurrada de lama e rejeitos. As mat\u00e9rias da \u00e9poca mostravam imagens a\u00e9reas do vilarejo soterrado, com a lama invadindo e arrastando casas e carros.<\/p>\n<p><strong>A avalanche de rejeitos se espalhou por mais de 650 quil\u00f4metros\u00a0pelo Rio Doce e seus afluentes, chegando at\u00e9 o litoral do Esp\u00edrito Santo.<\/strong> A Samarco, \u00e0 \u00e9poca, declarou que ainda n\u00e3o era poss\u00edvel determinar a causa ou a extens\u00e3o do acidente, enquanto moradores eram aconselhados a deixar a regi\u00e3o.<\/p>\n<p>As reportagens iniciais noticiavam mortes e desaparecimentos, com a quantidade de v\u00edtimas aumentando com o passar dos dias. Posteriormente, o n\u00famero oficial de mortos foi confirmado em 19 pessoas, al\u00e9m de 600 fam\u00edlias desabrigadas.<\/p>\n<p>Houve a\u00a0contamina\u00e7\u00e3o do Rio Doce, com os efeitos da lama sobre a vida aqu\u00e1tica, com a morte de peixes e a degrada\u00e7\u00e3o da biodiversidade local. A preocupa\u00e7\u00e3o com o abastecimento de \u00e1gua pot\u00e1vel para cidades ao longo da bacia tamb\u00e9m foi tema recorrente.\u00a0<\/p>\n<p>      <!-- Relacionada --><\/p>\n<p>            <!-- Relacionada -->\n    <\/div>\n","protected":false},"excerpt":{"rendered":"<p>Por EBC, A Procuradoria-Geral da Fazenda Nacional (PGFN) obteve decis\u00e3o favor\u00e1vel \u00e0 Uni\u00e3o contra o pedido da Samarco Minera\u00e7\u00e3o S.A., que deduziu indevidamente do Imposto de Renda de Pessoa Jur\u00eddica (IRPJ) e da Contribui\u00e7\u00e3o Social sobre o Lucro L\u00edquido (CSLL) valores devidos pela empresa a t\u00edtulo de recupera\u00e7\u00e3o ambiental e multas ambientais, de 2016 a &hellip;<\/p>\n","protected":false},"author":1,"featured_media":0,"comment_status":"open","ping_status":"open","sticky":false,"template":"","format":"standard","meta":{"_jetpack_memberships_contains_paid_content":false,"footnotes":""},"categories":[2,12225,4],"tags":[],"class_list":["post-451212","post","type-post","status-publish","format-standard","hentry","category-entretenimento","category-noticias","category-servicos"],"yoast_head":"<!-- This site is optimized with the Yoast SEO plugin v27.5 - https:\/\/yoast.com\/product\/yoast-seo-wordpress\/ -->\n<title>Samarco e Vale s\u00e3o multadas em mais de R$ 1,8 bilh\u00e3o<\/title>\n<meta name=\"robots\" content=\"index, follow, max-snippet:-1, max-image-preview:large, max-video-preview:-1\" \/>\n<link rel=\"canonical\" href=\"https:\/\/mrnews.com.br\/index.php\/2025\/10\/24\/samarco-e-vale-sao-multadas-em-mais-de-r-18-bilhao\/\" \/>\n<meta property=\"og:locale\" content=\"pt_BR\" \/>\n<meta property=\"og:type\" content=\"article\" \/>\n<meta property=\"og:title\" content=\"Samarco e Vale s\u00e3o multadas em mais de R$ 1,8 bilh\u00e3o\" \/>\n<meta property=\"og:description\" content=\"Por EBC, A Procuradoria-Geral da Fazenda Nacional (PGFN) obteve decis\u00e3o favor\u00e1vel \u00e0 Uni\u00e3o contra o pedido da Samarco Minera\u00e7\u00e3o S.A., que deduziu indevidamente do Imposto de Renda de Pessoa Jur\u00eddica (IRPJ) e da Contribui\u00e7\u00e3o Social sobre o Lucro L\u00edquido (CSLL) valores devidos pela empresa a t\u00edtulo de recupera\u00e7\u00e3o ambiental e multas ambientais, de 2016 a &hellip;\" \/>\n<meta property=\"og:url\" content=\"https:\/\/mrnews.com.br\/index.php\/2025\/10\/24\/samarco-e-vale-sao-multadas-em-mais-de-r-18-bilhao\/\" \/>\n<meta property=\"og:site_name\" content=\"MRNews\" \/>\n<meta property=\"article:publisher\" content=\"https:\/\/www.facebook.com\/eaipahpah\/?locale2=pt_BR\" \/>\n<meta property=\"article:published_time\" content=\"2025-10-24T12:08:12+00:00\" \/>\n<meta name=\"author\" content=\"MR News\" \/>\n<meta name=\"twitter:card\" content=\"summary_large_image\" \/>\n<meta name=\"twitter:creator\" content=\"@conspirou\" \/>\n<meta name=\"twitter:site\" content=\"@conspirou\" \/>\n<meta name=\"twitter:label1\" content=\"Escrito por\" \/>\n\t<meta name=\"twitter:data1\" content=\"MR News\" \/>\n\t<meta name=\"twitter:label2\" content=\"Est. tempo de leitura\" \/>\n\t<meta name=\"twitter:data2\" content=\"4 minutos\" \/>\n<script type=\"application\/ld+json\" class=\"yoast-schema-graph\">{\"@context\":\"https:\\\/\\\/schema.org\",\"@graph\":[{\"@type\":\"Article\",\"@id\":\"https:\\\/\\\/mrnews.com.br\\\/index.php\\\/2025\\\/10\\\/24\\\/samarco-e-vale-sao-multadas-em-mais-de-r-18-bilhao\\\/#article\",\"isPartOf\":{\"@id\":\"https:\\\/\\\/mrnews.com.br\\\/index.php\\\/2025\\\/10\\\/24\\\/samarco-e-vale-sao-multadas-em-mais-de-r-18-bilhao\\\/\"},\"author\":{\"name\":\"MR News\",\"@id\":\"https:\\\/\\\/mrnews.com.br\\\/#\\\/schema\\\/person\\\/be3203154562a9f207407861cef7827b\"},\"headline\":\"Samarco e Vale s\u00e3o multadas em mais de R$ 1,8 bilh\u00e3o\",\"datePublished\":\"2025-10-24T12:08:12+00:00\",\"mainEntityOfPage\":{\"@id\":\"https:\\\/\\\/mrnews.com.br\\\/index.php\\\/2025\\\/10\\\/24\\\/samarco-e-vale-sao-multadas-em-mais-de-r-18-bilhao\\\/\"},\"wordCount\":885,\"commentCount\":0,\"publisher\":{\"@id\":\"https:\\\/\\\/mrnews.com.br\\\/#organization\"},\"articleSection\":[\"ENTRETENIMENTO\",\"NOTICIAS\",\"SERVI\u00c7OS\"],\"inLanguage\":\"pt-BR\",\"potentialAction\":[{\"@type\":\"CommentAction\",\"name\":\"Comment\",\"target\":[\"https:\\\/\\\/mrnews.com.br\\\/index.php\\\/2025\\\/10\\\/24\\\/samarco-e-vale-sao-multadas-em-mais-de-r-18-bilhao\\\/#respond\"]}]},{\"@type\":\"WebPage\",\"@id\":\"https:\\\/\\\/mrnews.com.br\\\/index.php\\\/2025\\\/10\\\/24\\\/samarco-e-vale-sao-multadas-em-mais-de-r-18-bilhao\\\/\",\"url\":\"https:\\\/\\\/mrnews.com.br\\\/index.php\\\/2025\\\/10\\\/24\\\/samarco-e-vale-sao-multadas-em-mais-de-r-18-bilhao\\\/\",\"name\":\"Samarco e Vale s\u00e3o multadas em mais de R$ 1,8 bilh\u00e3o\",\"isPartOf\":{\"@id\":\"https:\\\/\\\/mrnews.com.br\\\/#website\"},\"datePublished\":\"2025-10-24T12:08:12+00:00\",\"breadcrumb\":{\"@id\":\"https:\\\/\\\/mrnews.com.br\\\/index.php\\\/2025\\\/10\\\/24\\\/samarco-e-vale-sao-multadas-em-mais-de-r-18-bilhao\\\/#breadcrumb\"},\"inLanguage\":\"pt-BR\",\"potentialAction\":[{\"@type\":\"ReadAction\",\"target\":[\"https:\\\/\\\/mrnews.com.br\\\/index.php\\\/2025\\\/10\\\/24\\\/samarco-e-vale-sao-multadas-em-mais-de-r-18-bilhao\\\/\"]}]},{\"@type\":\"BreadcrumbList\",\"@id\":\"https:\\\/\\\/mrnews.com.br\\\/index.php\\\/2025\\\/10\\\/24\\\/samarco-e-vale-sao-multadas-em-mais-de-r-18-bilhao\\\/#breadcrumb\",\"itemListElement\":[{\"@type\":\"ListItem\",\"position\":1,\"name\":\"In\u00edcio\",\"item\":\"https:\\\/\\\/mrnews.com.br\\\/\"},{\"@type\":\"ListItem\",\"position\":2,\"name\":\"Samarco e Vale s\u00e3o multadas em mais de R$ 1,8 bilh\u00e3o\"}]},{\"@type\":\"WebSite\",\"@id\":\"https:\\\/\\\/mrnews.com.br\\\/#website\",\"url\":\"https:\\\/\\\/mrnews.com.br\\\/\",\"name\":\"MRNews\",\"description\":\"MRNews Jogos de hoje da TV, transmiss\u00f5es ao vivo, Not\u00edcias de futebol, Jogos ao vivo, Lives, resumo de novelas, Programa\u00e7\u00e3o da Globo, A Fazenda e BBB\",\"publisher\":{\"@id\":\"https:\\\/\\\/mrnews.com.br\\\/#organization\"},\"potentialAction\":[{\"@type\":\"SearchAction\",\"target\":{\"@type\":\"EntryPoint\",\"urlTemplate\":\"https:\\\/\\\/mrnews.com.br\\\/?s={search_term_string}\"},\"query-input\":{\"@type\":\"PropertyValueSpecification\",\"valueRequired\":true,\"valueName\":\"search_term_string\"}}],\"inLanguage\":\"pt-BR\"},{\"@type\":\"Organization\",\"@id\":\"https:\\\/\\\/mrnews.com.br\\\/#organization\",\"name\":\"MRNews\",\"url\":\"https:\\\/\\\/mrnews.com.br\\\/\",\"logo\":{\"@type\":\"ImageObject\",\"inLanguage\":\"pt-BR\",\"@id\":\"https:\\\/\\\/mrnews.com.br\\\/#\\\/schema\\\/logo\\\/image\\\/\",\"url\":\"https:\\\/\\\/mrnews.com.br\\\/wp-content\\\/uploads\\\/2019\\\/06\\\/MRNewslogo2.png\",\"contentUrl\":\"https:\\\/\\\/mrnews.com.br\\\/wp-content\\\/uploads\\\/2019\\\/06\\\/MRNewslogo2.png\",\"width\":223,\"height\":58,\"caption\":\"MRNews\"},\"image\":{\"@id\":\"https:\\\/\\\/mrnews.com.br\\\/#\\\/schema\\\/logo\\\/image\\\/\"},\"sameAs\":[\"https:\\\/\\\/www.facebook.com\\\/eaipahpah\\\/?locale2=pt_BR\",\"https:\\\/\\\/x.com\\\/conspirou\",\"https:\\\/\\\/www.instagram.com\\\/eai_pahpah\",\"https:\\\/\\\/br.pinterest.com\\\/mrnewsn\\\/boards\\\/\",\"https:\\\/\\\/www.youtube.com\\\/channel\\\/UCacgnpznQ61fifLWr1tQ-vA?view_as=subscriber\"]},{\"@type\":\"Person\",\"@id\":\"https:\\\/\\\/mrnews.com.br\\\/#\\\/schema\\\/person\\\/be3203154562a9f207407861cef7827b\",\"name\":\"MR News\",\"image\":{\"@type\":\"ImageObject\",\"inLanguage\":\"pt-BR\",\"@id\":\"https:\\\/\\\/secure.gravatar.com\\\/avatar\\\/04084e6d73c042b8646e7c17b494073bf0ede3ea13c7105cfc45cbbbc28385a4?s=96&d=monsterid&r=g\",\"url\":\"https:\\\/\\\/secure.gravatar.com\\\/avatar\\\/04084e6d73c042b8646e7c17b494073bf0ede3ea13c7105cfc45cbbbc28385a4?s=96&d=monsterid&r=g\",\"contentUrl\":\"https:\\\/\\\/secure.gravatar.com\\\/avatar\\\/04084e6d73c042b8646e7c17b494073bf0ede3ea13c7105cfc45cbbbc28385a4?s=96&d=monsterid&r=g\",\"caption\":\"MR News\"},\"description\":\"Especializado em jornalismo colaborativo pela FTP em n\u00edvel de p\u00f3s-gradua\u00e7\u00e3o. suporte@oimeliga.combr\",\"sameAs\":[\"HUGO R.\",\"Admin\"],\"url\":\"https:\\\/\\\/mrnews.com.br\\\/index.php\\\/author\\\/admin\\\/\"}]}<\/script>\n<!-- \/ Yoast SEO plugin. -->","yoast_head_json":{"title":"Samarco e Vale s\u00e3o multadas em mais de R$ 1,8 bilh\u00e3o","robots":{"index":"index","follow":"follow","max-snippet":"max-snippet:-1","max-image-preview":"max-image-preview:large","max-video-preview":"max-video-preview:-1"},"canonical":"https:\/\/mrnews.com.br\/index.php\/2025\/10\/24\/samarco-e-vale-sao-multadas-em-mais-de-r-18-bilhao\/","og_locale":"pt_BR","og_type":"article","og_title":"Samarco e Vale s\u00e3o multadas em mais de R$ 1,8 bilh\u00e3o","og_description":"Por EBC, A Procuradoria-Geral da Fazenda Nacional (PGFN) obteve decis\u00e3o favor\u00e1vel \u00e0 Uni\u00e3o contra o pedido da Samarco Minera\u00e7\u00e3o S.A., que deduziu indevidamente do Imposto de Renda de Pessoa Jur\u00eddica (IRPJ) e da Contribui\u00e7\u00e3o Social sobre o Lucro L\u00edquido (CSLL) valores devidos pela empresa a t\u00edtulo de recupera\u00e7\u00e3o ambiental e multas ambientais, de 2016 a &hellip;","og_url":"https:\/\/mrnews.com.br\/index.php\/2025\/10\/24\/samarco-e-vale-sao-multadas-em-mais-de-r-18-bilhao\/","og_site_name":"MRNews","article_publisher":"https:\/\/www.facebook.com\/eaipahpah\/?locale2=pt_BR","article_published_time":"2025-10-24T12:08:12+00:00","author":"MR News","twitter_card":"summary_large_image","twitter_creator":"@conspirou","twitter_site":"@conspirou","twitter_misc":{"Escrito por":"MR News","Est. tempo de leitura":"4 minutos"},"schema":{"@context":"https:\/\/schema.org","@graph":[{"@type":"Article","@id":"https:\/\/mrnews.com.br\/index.php\/2025\/10\/24\/samarco-e-vale-sao-multadas-em-mais-de-r-18-bilhao\/#article","isPartOf":{"@id":"https:\/\/mrnews.com.br\/index.php\/2025\/10\/24\/samarco-e-vale-sao-multadas-em-mais-de-r-18-bilhao\/"},"author":{"name":"MR News","@id":"https:\/\/mrnews.com.br\/#\/schema\/person\/be3203154562a9f207407861cef7827b"},"headline":"Samarco e Vale s\u00e3o multadas em mais de R$ 1,8 bilh\u00e3o","datePublished":"2025-10-24T12:08:12+00:00","mainEntityOfPage":{"@id":"https:\/\/mrnews.com.br\/index.php\/2025\/10\/24\/samarco-e-vale-sao-multadas-em-mais-de-r-18-bilhao\/"},"wordCount":885,"commentCount":0,"publisher":{"@id":"https:\/\/mrnews.com.br\/#organization"},"articleSection":["ENTRETENIMENTO","NOTICIAS","SERVI\u00c7OS"],"inLanguage":"pt-BR","potentialAction":[{"@type":"CommentAction","name":"Comment","target":["https:\/\/mrnews.com.br\/index.php\/2025\/10\/24\/samarco-e-vale-sao-multadas-em-mais-de-r-18-bilhao\/#respond"]}]},{"@type":"WebPage","@id":"https:\/\/mrnews.com.br\/index.php\/2025\/10\/24\/samarco-e-vale-sao-multadas-em-mais-de-r-18-bilhao\/","url":"https:\/\/mrnews.com.br\/index.php\/2025\/10\/24\/samarco-e-vale-sao-multadas-em-mais-de-r-18-bilhao\/","name":"Samarco e Vale s\u00e3o multadas em mais de R$ 1,8 bilh\u00e3o","isPartOf":{"@id":"https:\/\/mrnews.com.br\/#website"},"datePublished":"2025-10-24T12:08:12+00:00","breadcrumb":{"@id":"https:\/\/mrnews.com.br\/index.php\/2025\/10\/24\/samarco-e-vale-sao-multadas-em-mais-de-r-18-bilhao\/#breadcrumb"},"inLanguage":"pt-BR","potentialAction":[{"@type":"ReadAction","target":["https:\/\/mrnews.com.br\/index.php\/2025\/10\/24\/samarco-e-vale-sao-multadas-em-mais-de-r-18-bilhao\/"]}]},{"@type":"BreadcrumbList","@id":"https:\/\/mrnews.com.br\/index.php\/2025\/10\/24\/samarco-e-vale-sao-multadas-em-mais-de-r-18-bilhao\/#breadcrumb","itemListElement":[{"@type":"ListItem","position":1,"name":"In\u00edcio","item":"https:\/\/mrnews.com.br\/"},{"@type":"ListItem","position":2,"name":"Samarco e Vale s\u00e3o multadas em mais de R$ 1,8 bilh\u00e3o"}]},{"@type":"WebSite","@id":"https:\/\/mrnews.com.br\/#website","url":"https:\/\/mrnews.com.br\/","name":"MRNews","description":"MRNews Jogos de hoje da TV, transmiss\u00f5es ao vivo, Not\u00edcias de futebol, Jogos ao vivo, Lives, resumo de novelas, Programa\u00e7\u00e3o da Globo, A Fazenda e BBB","publisher":{"@id":"https:\/\/mrnews.com.br\/#organization"},"potentialAction":[{"@type":"SearchAction","target":{"@type":"EntryPoint","urlTemplate":"https:\/\/mrnews.com.br\/?s={search_term_string}"},"query-input":{"@type":"PropertyValueSpecification","valueRequired":true,"valueName":"search_term_string"}}],"inLanguage":"pt-BR"},{"@type":"Organization","@id":"https:\/\/mrnews.com.br\/#organization","name":"MRNews","url":"https:\/\/mrnews.com.br\/","logo":{"@type":"ImageObject","inLanguage":"pt-BR","@id":"https:\/\/mrnews.com.br\/#\/schema\/logo\/image\/","url":"https:\/\/mrnews.com.br\/wp-content\/uploads\/2019\/06\/MRNewslogo2.png","contentUrl":"https:\/\/mrnews.com.br\/wp-content\/uploads\/2019\/06\/MRNewslogo2.png","width":223,"height":58,"caption":"MRNews"},"image":{"@id":"https:\/\/mrnews.com.br\/#\/schema\/logo\/image\/"},"sameAs":["https:\/\/www.facebook.com\/eaipahpah\/?locale2=pt_BR","https:\/\/x.com\/conspirou","https:\/\/www.instagram.com\/eai_pahpah","https:\/\/br.pinterest.com\/mrnewsn\/boards\/","https:\/\/www.youtube.com\/channel\/UCacgnpznQ61fifLWr1tQ-vA?view_as=subscriber"]},{"@type":"Person","@id":"https:\/\/mrnews.com.br\/#\/schema\/person\/be3203154562a9f207407861cef7827b","name":"MR News","image":{"@type":"ImageObject","inLanguage":"pt-BR","@id":"https:\/\/secure.gravatar.com\/avatar\/04084e6d73c042b8646e7c17b494073bf0ede3ea13c7105cfc45cbbbc28385a4?s=96&d=monsterid&r=g","url":"https:\/\/secure.gravatar.com\/avatar\/04084e6d73c042b8646e7c17b494073bf0ede3ea13c7105cfc45cbbbc28385a4?s=96&d=monsterid&r=g","contentUrl":"https:\/\/secure.gravatar.com\/avatar\/04084e6d73c042b8646e7c17b494073bf0ede3ea13c7105cfc45cbbbc28385a4?s=96&d=monsterid&r=g","caption":"MR News"},"description":"Especializado em jornalismo colaborativo pela FTP em n\u00edvel de p\u00f3s-gradua\u00e7\u00e3o. suporte@oimeliga.combr","sameAs":["HUGO R.","Admin"],"url":"https:\/\/mrnews.com.br\/index.php\/author\/admin\/"}]}},"jetpack_featured_media_url":"","jetpack_sharing_enabled":true,"jetpack_shortlink":"https:\/\/wp.me\/pa2Qf7-1TnC","amp_enabled":true,"_links":{"self":[{"href":"https:\/\/mrnews.com.br\/index.php\/wp-json\/wp\/v2\/posts\/451212","targetHints":{"allow":["GET"]}}],"collection":[{"href":"https:\/\/mrnews.com.br\/index.php\/wp-json\/wp\/v2\/posts"}],"about":[{"href":"https:\/\/mrnews.com.br\/index.php\/wp-json\/wp\/v2\/types\/post"}],"author":[{"embeddable":true,"href":"https:\/\/mrnews.com.br\/index.php\/wp-json\/wp\/v2\/users\/1"}],"replies":[{"embeddable":true,"href":"https:\/\/mrnews.com.br\/index.php\/wp-json\/wp\/v2\/comments?post=451212"}],"version-history":[{"count":0,"href":"https:\/\/mrnews.com.br\/index.php\/wp-json\/wp\/v2\/posts\/451212\/revisions"}],"wp:attachment":[{"href":"https:\/\/mrnews.com.br\/index.php\/wp-json\/wp\/v2\/media?parent=451212"}],"wp:term":[{"taxonomy":"category","embeddable":true,"href":"https:\/\/mrnews.com.br\/index.php\/wp-json\/wp\/v2\/categories?post=451212"},{"taxonomy":"post_tag","embeddable":true,"href":"https:\/\/mrnews.com.br\/index.php\/wp-json\/wp\/v2\/tags?post=451212"}],"curies":[{"name":"wp","href":"https:\/\/api.w.org\/{rel}","templated":true}]}}