{"id":451214,"date":"2025-10-24T10:32:12","date_gmt":"2025-10-24T13:32:12","guid":{"rendered":"https:\/\/mrnews.com.br\/index.php\/2025\/10\/24\/lula-quer-discutir-com-trump-punicao-dada-a-ministros-do-stf\/"},"modified":"2025-10-24T10:32:12","modified_gmt":"2025-10-24T13:32:12","slug":"lula-quer-discutir-com-trump-punicao-dada-a-ministros-do-stf","status":"publish","type":"post","link":"https:\/\/mrnews.com.br\/index.php\/2025\/10\/24\/lula-quer-discutir-com-trump-punicao-dada-a-ministros-do-stf\/","title":{"rendered":"Lula quer discutir com Trump puni\u00e7\u00e3o dada a ministros do STF"},"content":{"rendered":"<p>Por EBC, <\/p>\n<div>\n<p><strong>O presidente Luiz In\u00e1cio Lula da Silva disse, na madrugada desta sexta-feira (24), que quer discutir com o presidente dos Estados Unidos, Donald Trump, a aplica\u00e7\u00e3o de puni\u00e7\u00f5es do pa\u00eds norte-americano a ministros do Supremo Tribunal Federal (STF)<\/strong>. Lula conversou com jornalistas ao final de sua viagem pela Indon\u00e9sia. Em seguida, o presidente vai \u00e0 Mal\u00e1sia, onde Trump tamb\u00e9m estar\u00e1.<\/p>\n<blockquote>\n<p>\u201cEu tenho todo o interesse em ter essa reuni\u00e3o, toda a disposi\u00e7\u00e3o de defender os interesses do Brasil, mostrar que houve equ\u00edvoco nas taxa\u00e7\u00f5es ao Brasil. E quero provar isso com n\u00fameros.<strong> E quero discutir a puni\u00e7\u00e3o que foi dada a ministros da Suprema Corte do Brasil, [algo que] n\u00e3o tem nenhuma explica\u00e7\u00e3o, nenhum entendimento\u201d<\/strong>, disse o presidente.<\/p>\n<\/blockquote>\n<p>Sete ministros do STF foram alvo de san\u00e7\u00f5es dos Estados Unidos pela atua\u00e7\u00e3o da Corte no julgamento da trama golpista ocorrida durante o governo de Jair Bolsonaro.<\/p>\n<h2>Encontro<\/h2>\n<p><strong>Lula e Trump estar\u00e3o na Mal\u00e1sia para a c\u00fapula da Associa\u00e7\u00e3o de Na\u00e7\u00f5es do Sudeste Asi\u00e1tico (Asean) e para o encontro de l\u00edderes do Leste Asi\u00e1tico (EAS)<\/strong>. Ser\u00e1\u00a0o primeiro encontro entre os dois desde o breve contato entre eles na Assembleia-Geral da ONU, em Nova York, em setembro. Na ocasi\u00e3o, os dois se encontraram quando o presidente brasileiro deixava o palco e seu hom\u00f3logo norte-americano seguia para fazer seu discurso.<\/p>\n<p>O encontro foi breve, mas deixou boa impress\u00e3o em ambos. Durante sua fala na Assembleia-Geral da ONU, Trump citou o r\u00e1pido encontro com Lula, disse que o l\u00edder brasileiro parecia \u201cser um homem muito agrad\u00e1vel\u201d e que havia tido uma \u201cqu\u00edmica excelente\u201d entre os dois. Dias depois, os dois presidentes conversaram ao telefone e Lula solicitou a retirada da sobretaxa de 50% imposta pelo governo norte-americano a produtos brasileiros.<\/p>\n<blockquote>\n<p>\u201cEu quero ter a oportunidade de dizer ao\u00a0Trump o que o Brasil espera dos Estados Unidos e o que o Brasil tem para oferecer. Eu j\u00e1 disse no telefone: n\u00e3o existe veto a nenhum assunto\u201d, acrescentou Lula aos jornalistas na Indon\u00e9sia. \u201cN\u00e3o tem assunto proibido para um pa\u00eds do tamanho do Brasil conversar com um pa\u00eds do tamanho dos EUA. N\u00e3o tem nenhum veto. Vai ser uma reuni\u00e3o livre, a gente vai poder dizer o que quiser, ouvir o que quiser e o que n\u00e3o quiser tamb\u00e9m\u201d.<\/p>\n<\/blockquote>\n<h2>Indon\u00e9sia<\/h2>\n<p>Durante sua passagem pela Indon\u00e9sia, Lula participou de reuni\u00f5es com empres\u00e1rios, al\u00e9m de se encontrar com o presidente daquele pa\u00eds, Prabowo Subianto, e firmar acordos bilaterais. Ele defendeu a amplia\u00e7\u00e3o da rela\u00e7\u00e3o comercial entre o Brasil e outros pa\u00edses, inclusive a Indon\u00e9sia.<\/p>\n<p>\u201cO mundo est\u00e1 a exigir dos l\u00edderes pol\u00edticos muito mais vontade de negociar e fazer as coisas acontecerem. N\u00e3o d\u00e1 pra gente ficar no Brasil esperando que as pessoas cheguem. N\u00f3s, que temos interesse, temos que procurar as pessoas, oferecer o que o Brasil tem de bom&#8221;.\u00a0<\/p>\n<p>      <!-- Relacionada --><\/p>\n<p>            <!-- Relacionada -->\n    <\/div>\n","protected":false},"excerpt":{"rendered":"<p>Por EBC, O presidente Luiz In\u00e1cio Lula da Silva disse, na madrugada desta sexta-feira (24), que quer discutir com o presidente dos Estados Unidos, Donald Trump, a aplica\u00e7\u00e3o de puni\u00e7\u00f5es do pa\u00eds norte-americano a ministros do Supremo Tribunal Federal (STF). Lula conversou com jornalistas ao final de sua viagem pela Indon\u00e9sia. Em seguida, o presidente &hellip;<\/p>\n","protected":false},"author":1,"featured_media":0,"comment_status":"open","ping_status":"open","sticky":false,"template":"","format":"standard","meta":{"_jetpack_memberships_contains_paid_content":false,"footnotes":""},"categories":[2,12225,4],"tags":[],"class_list":["post-451214","post","type-post","status-publish","format-standard","hentry","category-entretenimento","category-noticias","category-servicos"],"yoast_head":"<!-- This site is optimized with the Yoast SEO plugin v27.5 - https:\/\/yoast.com\/product\/yoast-seo-wordpress\/ -->\n<title>Lula quer discutir com Trump puni\u00e7\u00e3o dada a ministros do STF<\/title>\n<meta name=\"robots\" content=\"index, follow, max-snippet:-1, max-image-preview:large, max-video-preview:-1\" \/>\n<link rel=\"canonical\" href=\"https:\/\/mrnews.com.br\/index.php\/2025\/10\/24\/lula-quer-discutir-com-trump-punicao-dada-a-ministros-do-stf\/\" \/>\n<meta property=\"og:locale\" content=\"pt_BR\" \/>\n<meta property=\"og:type\" content=\"article\" \/>\n<meta property=\"og:title\" content=\"Lula quer discutir com Trump puni\u00e7\u00e3o dada a ministros do STF\" \/>\n<meta property=\"og:description\" content=\"Por EBC, O presidente Luiz In\u00e1cio Lula da Silva disse, na madrugada desta sexta-feira (24), que quer discutir com o presidente dos Estados Unidos, Donald Trump, a aplica\u00e7\u00e3o de puni\u00e7\u00f5es do pa\u00eds norte-americano a ministros do Supremo Tribunal Federal (STF). Lula conversou com jornalistas ao final de sua viagem pela Indon\u00e9sia. Em seguida, o presidente &hellip;\" \/>\n<meta property=\"og:url\" content=\"https:\/\/mrnews.com.br\/index.php\/2025\/10\/24\/lula-quer-discutir-com-trump-punicao-dada-a-ministros-do-stf\/\" \/>\n<meta property=\"og:site_name\" content=\"MRNews\" \/>\n<meta property=\"article:publisher\" content=\"https:\/\/www.facebook.com\/eaipahpah\/?locale2=pt_BR\" \/>\n<meta property=\"article:published_time\" content=\"2025-10-24T13:32:12+00:00\" \/>\n<meta name=\"author\" content=\"MR News\" \/>\n<meta name=\"twitter:card\" content=\"summary_large_image\" \/>\n<meta name=\"twitter:creator\" content=\"@conspirou\" \/>\n<meta name=\"twitter:site\" content=\"@conspirou\" \/>\n<meta name=\"twitter:label1\" content=\"Escrito por\" \/>\n\t<meta name=\"twitter:data1\" content=\"MR News\" \/>\n\t<meta name=\"twitter:label2\" content=\"Est. tempo de leitura\" \/>\n\t<meta name=\"twitter:data2\" content=\"3 minutos\" \/>\n<script type=\"application\/ld+json\" class=\"yoast-schema-graph\">{\"@context\":\"https:\\\/\\\/schema.org\",\"@graph\":[{\"@type\":\"Article\",\"@id\":\"https:\\\/\\\/mrnews.com.br\\\/index.php\\\/2025\\\/10\\\/24\\\/lula-quer-discutir-com-trump-punicao-dada-a-ministros-do-stf\\\/#article\",\"isPartOf\":{\"@id\":\"https:\\\/\\\/mrnews.com.br\\\/index.php\\\/2025\\\/10\\\/24\\\/lula-quer-discutir-com-trump-punicao-dada-a-ministros-do-stf\\\/\"},\"author\":{\"name\":\"MR News\",\"@id\":\"https:\\\/\\\/mrnews.com.br\\\/#\\\/schema\\\/person\\\/be3203154562a9f207407861cef7827b\"},\"headline\":\"Lula quer discutir com Trump puni\u00e7\u00e3o dada a ministros do STF\",\"datePublished\":\"2025-10-24T13:32:12+00:00\",\"mainEntityOfPage\":{\"@id\":\"https:\\\/\\\/mrnews.com.br\\\/index.php\\\/2025\\\/10\\\/24\\\/lula-quer-discutir-com-trump-punicao-dada-a-ministros-do-stf\\\/\"},\"wordCount\":530,\"commentCount\":0,\"publisher\":{\"@id\":\"https:\\\/\\\/mrnews.com.br\\\/#organization\"},\"articleSection\":[\"ENTRETENIMENTO\",\"NOTICIAS\",\"SERVI\u00c7OS\"],\"inLanguage\":\"pt-BR\",\"potentialAction\":[{\"@type\":\"CommentAction\",\"name\":\"Comment\",\"target\":[\"https:\\\/\\\/mrnews.com.br\\\/index.php\\\/2025\\\/10\\\/24\\\/lula-quer-discutir-com-trump-punicao-dada-a-ministros-do-stf\\\/#respond\"]}]},{\"@type\":\"WebPage\",\"@id\":\"https:\\\/\\\/mrnews.com.br\\\/index.php\\\/2025\\\/10\\\/24\\\/lula-quer-discutir-com-trump-punicao-dada-a-ministros-do-stf\\\/\",\"url\":\"https:\\\/\\\/mrnews.com.br\\\/index.php\\\/2025\\\/10\\\/24\\\/lula-quer-discutir-com-trump-punicao-dada-a-ministros-do-stf\\\/\",\"name\":\"Lula quer discutir com Trump puni\u00e7\u00e3o dada a ministros do STF\",\"isPartOf\":{\"@id\":\"https:\\\/\\\/mrnews.com.br\\\/#website\"},\"datePublished\":\"2025-10-24T13:32:12+00:00\",\"breadcrumb\":{\"@id\":\"https:\\\/\\\/mrnews.com.br\\\/index.php\\\/2025\\\/10\\\/24\\\/lula-quer-discutir-com-trump-punicao-dada-a-ministros-do-stf\\\/#breadcrumb\"},\"inLanguage\":\"pt-BR\",\"potentialAction\":[{\"@type\":\"ReadAction\",\"target\":[\"https:\\\/\\\/mrnews.com.br\\\/index.php\\\/2025\\\/10\\\/24\\\/lula-quer-discutir-com-trump-punicao-dada-a-ministros-do-stf\\\/\"]}]},{\"@type\":\"BreadcrumbList\",\"@id\":\"https:\\\/\\\/mrnews.com.br\\\/index.php\\\/2025\\\/10\\\/24\\\/lula-quer-discutir-com-trump-punicao-dada-a-ministros-do-stf\\\/#breadcrumb\",\"itemListElement\":[{\"@type\":\"ListItem\",\"position\":1,\"name\":\"In\u00edcio\",\"item\":\"https:\\\/\\\/mrnews.com.br\\\/\"},{\"@type\":\"ListItem\",\"position\":2,\"name\":\"Lula quer discutir com Trump puni\u00e7\u00e3o dada a ministros do STF\"}]},{\"@type\":\"WebSite\",\"@id\":\"https:\\\/\\\/mrnews.com.br\\\/#website\",\"url\":\"https:\\\/\\\/mrnews.com.br\\\/\",\"name\":\"MRNews\",\"description\":\"MRNews Jogos de hoje da TV, transmiss\u00f5es ao vivo, Not\u00edcias de futebol, Jogos ao vivo, Lives, resumo de novelas, Programa\u00e7\u00e3o da Globo, A Fazenda e BBB\",\"publisher\":{\"@id\":\"https:\\\/\\\/mrnews.com.br\\\/#organization\"},\"potentialAction\":[{\"@type\":\"SearchAction\",\"target\":{\"@type\":\"EntryPoint\",\"urlTemplate\":\"https:\\\/\\\/mrnews.com.br\\\/?s={search_term_string}\"},\"query-input\":{\"@type\":\"PropertyValueSpecification\",\"valueRequired\":true,\"valueName\":\"search_term_string\"}}],\"inLanguage\":\"pt-BR\"},{\"@type\":\"Organization\",\"@id\":\"https:\\\/\\\/mrnews.com.br\\\/#organization\",\"name\":\"MRNews\",\"url\":\"https:\\\/\\\/mrnews.com.br\\\/\",\"logo\":{\"@type\":\"ImageObject\",\"inLanguage\":\"pt-BR\",\"@id\":\"https:\\\/\\\/mrnews.com.br\\\/#\\\/schema\\\/logo\\\/image\\\/\",\"url\":\"https:\\\/\\\/mrnews.com.br\\\/wp-content\\\/uploads\\\/2019\\\/06\\\/MRNewslogo2.png\",\"contentUrl\":\"https:\\\/\\\/mrnews.com.br\\\/wp-content\\\/uploads\\\/2019\\\/06\\\/MRNewslogo2.png\",\"width\":223,\"height\":58,\"caption\":\"MRNews\"},\"image\":{\"@id\":\"https:\\\/\\\/mrnews.com.br\\\/#\\\/schema\\\/logo\\\/image\\\/\"},\"sameAs\":[\"https:\\\/\\\/www.facebook.com\\\/eaipahpah\\\/?locale2=pt_BR\",\"https:\\\/\\\/x.com\\\/conspirou\",\"https:\\\/\\\/www.instagram.com\\\/eai_pahpah\",\"https:\\\/\\\/br.pinterest.com\\\/mrnewsn\\\/boards\\\/\",\"https:\\\/\\\/www.youtube.com\\\/channel\\\/UCacgnpznQ61fifLWr1tQ-vA?view_as=subscriber\"]},{\"@type\":\"Person\",\"@id\":\"https:\\\/\\\/mrnews.com.br\\\/#\\\/schema\\\/person\\\/be3203154562a9f207407861cef7827b\",\"name\":\"MR News\",\"image\":{\"@type\":\"ImageObject\",\"inLanguage\":\"pt-BR\",\"@id\":\"https:\\\/\\\/secure.gravatar.com\\\/avatar\\\/04084e6d73c042b8646e7c17b494073bf0ede3ea13c7105cfc45cbbbc28385a4?s=96&d=monsterid&r=g\",\"url\":\"https:\\\/\\\/secure.gravatar.com\\\/avatar\\\/04084e6d73c042b8646e7c17b494073bf0ede3ea13c7105cfc45cbbbc28385a4?s=96&d=monsterid&r=g\",\"contentUrl\":\"https:\\\/\\\/secure.gravatar.com\\\/avatar\\\/04084e6d73c042b8646e7c17b494073bf0ede3ea13c7105cfc45cbbbc28385a4?s=96&d=monsterid&r=g\",\"caption\":\"MR News\"},\"description\":\"Especializado em jornalismo colaborativo pela FTP em n\u00edvel de p\u00f3s-gradua\u00e7\u00e3o. suporte@oimeliga.combr\",\"sameAs\":[\"HUGO R.\",\"Admin\"],\"url\":\"https:\\\/\\\/mrnews.com.br\\\/index.php\\\/author\\\/admin\\\/\"}]}<\/script>\n<!-- \/ Yoast SEO plugin. -->","yoast_head_json":{"title":"Lula quer discutir com Trump puni\u00e7\u00e3o dada a ministros do STF","robots":{"index":"index","follow":"follow","max-snippet":"max-snippet:-1","max-image-preview":"max-image-preview:large","max-video-preview":"max-video-preview:-1"},"canonical":"https:\/\/mrnews.com.br\/index.php\/2025\/10\/24\/lula-quer-discutir-com-trump-punicao-dada-a-ministros-do-stf\/","og_locale":"pt_BR","og_type":"article","og_title":"Lula quer discutir com Trump puni\u00e7\u00e3o dada a ministros do STF","og_description":"Por EBC, O presidente Luiz In\u00e1cio Lula da Silva disse, na madrugada desta sexta-feira (24), que quer discutir com o presidente dos Estados Unidos, Donald Trump, a aplica\u00e7\u00e3o de puni\u00e7\u00f5es do pa\u00eds norte-americano a ministros do Supremo Tribunal Federal (STF). Lula conversou com jornalistas ao final de sua viagem pela Indon\u00e9sia. Em seguida, o presidente &hellip;","og_url":"https:\/\/mrnews.com.br\/index.php\/2025\/10\/24\/lula-quer-discutir-com-trump-punicao-dada-a-ministros-do-stf\/","og_site_name":"MRNews","article_publisher":"https:\/\/www.facebook.com\/eaipahpah\/?locale2=pt_BR","article_published_time":"2025-10-24T13:32:12+00:00","author":"MR News","twitter_card":"summary_large_image","twitter_creator":"@conspirou","twitter_site":"@conspirou","twitter_misc":{"Escrito por":"MR News","Est. tempo de leitura":"3 minutos"},"schema":{"@context":"https:\/\/schema.org","@graph":[{"@type":"Article","@id":"https:\/\/mrnews.com.br\/index.php\/2025\/10\/24\/lula-quer-discutir-com-trump-punicao-dada-a-ministros-do-stf\/#article","isPartOf":{"@id":"https:\/\/mrnews.com.br\/index.php\/2025\/10\/24\/lula-quer-discutir-com-trump-punicao-dada-a-ministros-do-stf\/"},"author":{"name":"MR News","@id":"https:\/\/mrnews.com.br\/#\/schema\/person\/be3203154562a9f207407861cef7827b"},"headline":"Lula quer discutir com Trump puni\u00e7\u00e3o dada a ministros do STF","datePublished":"2025-10-24T13:32:12+00:00","mainEntityOfPage":{"@id":"https:\/\/mrnews.com.br\/index.php\/2025\/10\/24\/lula-quer-discutir-com-trump-punicao-dada-a-ministros-do-stf\/"},"wordCount":530,"commentCount":0,"publisher":{"@id":"https:\/\/mrnews.com.br\/#organization"},"articleSection":["ENTRETENIMENTO","NOTICIAS","SERVI\u00c7OS"],"inLanguage":"pt-BR","potentialAction":[{"@type":"CommentAction","name":"Comment","target":["https:\/\/mrnews.com.br\/index.php\/2025\/10\/24\/lula-quer-discutir-com-trump-punicao-dada-a-ministros-do-stf\/#respond"]}]},{"@type":"WebPage","@id":"https:\/\/mrnews.com.br\/index.php\/2025\/10\/24\/lula-quer-discutir-com-trump-punicao-dada-a-ministros-do-stf\/","url":"https:\/\/mrnews.com.br\/index.php\/2025\/10\/24\/lula-quer-discutir-com-trump-punicao-dada-a-ministros-do-stf\/","name":"Lula quer discutir com Trump puni\u00e7\u00e3o dada a ministros do STF","isPartOf":{"@id":"https:\/\/mrnews.com.br\/#website"},"datePublished":"2025-10-24T13:32:12+00:00","breadcrumb":{"@id":"https:\/\/mrnews.com.br\/index.php\/2025\/10\/24\/lula-quer-discutir-com-trump-punicao-dada-a-ministros-do-stf\/#breadcrumb"},"inLanguage":"pt-BR","potentialAction":[{"@type":"ReadAction","target":["https:\/\/mrnews.com.br\/index.php\/2025\/10\/24\/lula-quer-discutir-com-trump-punicao-dada-a-ministros-do-stf\/"]}]},{"@type":"BreadcrumbList","@id":"https:\/\/mrnews.com.br\/index.php\/2025\/10\/24\/lula-quer-discutir-com-trump-punicao-dada-a-ministros-do-stf\/#breadcrumb","itemListElement":[{"@type":"ListItem","position":1,"name":"In\u00edcio","item":"https:\/\/mrnews.com.br\/"},{"@type":"ListItem","position":2,"name":"Lula quer discutir com Trump puni\u00e7\u00e3o dada a ministros do STF"}]},{"@type":"WebSite","@id":"https:\/\/mrnews.com.br\/#website","url":"https:\/\/mrnews.com.br\/","name":"MRNews","description":"MRNews Jogos de hoje da TV, transmiss\u00f5es ao vivo, Not\u00edcias de futebol, Jogos ao vivo, Lives, resumo de novelas, Programa\u00e7\u00e3o da Globo, A Fazenda e BBB","publisher":{"@id":"https:\/\/mrnews.com.br\/#organization"},"potentialAction":[{"@type":"SearchAction","target":{"@type":"EntryPoint","urlTemplate":"https:\/\/mrnews.com.br\/?s={search_term_string}"},"query-input":{"@type":"PropertyValueSpecification","valueRequired":true,"valueName":"search_term_string"}}],"inLanguage":"pt-BR"},{"@type":"Organization","@id":"https:\/\/mrnews.com.br\/#organization","name":"MRNews","url":"https:\/\/mrnews.com.br\/","logo":{"@type":"ImageObject","inLanguage":"pt-BR","@id":"https:\/\/mrnews.com.br\/#\/schema\/logo\/image\/","url":"https:\/\/mrnews.com.br\/wp-content\/uploads\/2019\/06\/MRNewslogo2.png","contentUrl":"https:\/\/mrnews.com.br\/wp-content\/uploads\/2019\/06\/MRNewslogo2.png","width":223,"height":58,"caption":"MRNews"},"image":{"@id":"https:\/\/mrnews.com.br\/#\/schema\/logo\/image\/"},"sameAs":["https:\/\/www.facebook.com\/eaipahpah\/?locale2=pt_BR","https:\/\/x.com\/conspirou","https:\/\/www.instagram.com\/eai_pahpah","https:\/\/br.pinterest.com\/mrnewsn\/boards\/","https:\/\/www.youtube.com\/channel\/UCacgnpznQ61fifLWr1tQ-vA?view_as=subscriber"]},{"@type":"Person","@id":"https:\/\/mrnews.com.br\/#\/schema\/person\/be3203154562a9f207407861cef7827b","name":"MR News","image":{"@type":"ImageObject","inLanguage":"pt-BR","@id":"https:\/\/secure.gravatar.com\/avatar\/04084e6d73c042b8646e7c17b494073bf0ede3ea13c7105cfc45cbbbc28385a4?s=96&d=monsterid&r=g","url":"https:\/\/secure.gravatar.com\/avatar\/04084e6d73c042b8646e7c17b494073bf0ede3ea13c7105cfc45cbbbc28385a4?s=96&d=monsterid&r=g","contentUrl":"https:\/\/secure.gravatar.com\/avatar\/04084e6d73c042b8646e7c17b494073bf0ede3ea13c7105cfc45cbbbc28385a4?s=96&d=monsterid&r=g","caption":"MR News"},"description":"Especializado em jornalismo colaborativo pela FTP em n\u00edvel de p\u00f3s-gradua\u00e7\u00e3o. suporte@oimeliga.combr","sameAs":["HUGO R.","Admin"],"url":"https:\/\/mrnews.com.br\/index.php\/author\/admin\/"}]}},"jetpack_featured_media_url":"","jetpack_sharing_enabled":true,"jetpack_shortlink":"https:\/\/wp.me\/pa2Qf7-1TnE","amp_enabled":true,"_links":{"self":[{"href":"https:\/\/mrnews.com.br\/index.php\/wp-json\/wp\/v2\/posts\/451214","targetHints":{"allow":["GET"]}}],"collection":[{"href":"https:\/\/mrnews.com.br\/index.php\/wp-json\/wp\/v2\/posts"}],"about":[{"href":"https:\/\/mrnews.com.br\/index.php\/wp-json\/wp\/v2\/types\/post"}],"author":[{"embeddable":true,"href":"https:\/\/mrnews.com.br\/index.php\/wp-json\/wp\/v2\/users\/1"}],"replies":[{"embeddable":true,"href":"https:\/\/mrnews.com.br\/index.php\/wp-json\/wp\/v2\/comments?post=451214"}],"version-history":[{"count":0,"href":"https:\/\/mrnews.com.br\/index.php\/wp-json\/wp\/v2\/posts\/451214\/revisions"}],"wp:attachment":[{"href":"https:\/\/mrnews.com.br\/index.php\/wp-json\/wp\/v2\/media?parent=451214"}],"wp:term":[{"taxonomy":"category","embeddable":true,"href":"https:\/\/mrnews.com.br\/index.php\/wp-json\/wp\/v2\/categories?post=451214"},{"taxonomy":"post_tag","embeddable":true,"href":"https:\/\/mrnews.com.br\/index.php\/wp-json\/wp\/v2\/tags?post=451214"}],"curies":[{"name":"wp","href":"https:\/\/api.w.org\/{rel}","templated":true}]}}