{"id":451224,"date":"2025-10-24T16:48:15","date_gmt":"2025-10-24T19:48:15","guid":{"rendered":"https:\/\/mrnews.com.br\/index.php\/2025\/10\/24\/emprega-cg-realiza-acao-na-usf-do-sao-francisco-cgnoticias\/"},"modified":"2025-10-24T16:48:15","modified_gmt":"2025-10-24T19:48:15","slug":"emprega-cg-realiza-acao-na-usf-do-sao-francisco-cgnoticias","status":"publish","type":"post","link":"https:\/\/mrnews.com.br\/index.php\/2025\/10\/24\/emprega-cg-realiza-acao-na-usf-do-sao-francisco-cgnoticias\/","title":{"rendered":"Emprega CG realiza a\u00e7\u00e3o na USF do S\u00e3o Francisco \u2013 CGNot\u00edcias"},"content":{"rendered":"<p><\/p>\n<div>\n<p>Em visita \u00e0 Unidade de Sa\u00fade da Fam\u00edlia Jair Garcia de Freitas, a Funda\u00e7\u00e3o Social do Trabalho (Funsat) promoveu sua 46\u00aa a\u00e7\u00e3o itinerante do ano. A atividade deixa o programa a apenas duas edi\u00e7\u00f5es da meta estabelecida para 2025, que prev\u00ea 70 eventos. A incurs\u00e3o garantiu 20 atendimentos a moradores que buscaram os servi\u00e7os mais pr\u00f3ximos de suas casas.<\/p>\n<p>Foi o caso de Sandra Garcia de Souza Chimenes (33 anos), moradora do bairro Estrela do Sul, que se deslocou at\u00e9 o mutir\u00e3o. \u201cFacilita pra gente e tem se tornado algo conhecido os itinerantes da Funsat. Por isso, tenho acompanhado nas redes sociais e grupos para ver sempre o cronograma e ir quando posso\u201d, disse a candidata a uma oportunidade de recepcionista \u2014 uma das 150 vagas destacadas neste Emprega CG, entre os 1.442 an\u00fancios do Painel desta sexta-feira (24).<\/p>\n<p>A a\u00e7\u00e3o, realizada das 8h \u00e0s 12h, ofereceu atualiza\u00e7\u00e3o de cadastros, encaminhamentos para entrevistas de emprego, orienta\u00e7\u00f5es sobre Seguro-Desemprego e suporte para utiliza\u00e7\u00e3o da vers\u00e3o digital da Carteira de Trabalho e Previd\u00eancia Social (CTPS Digital).<\/p>\n<p>Em busca de uma nova oportunidade, Eduardo Rodrigues da Costa (37 anos) foi um dos participantes. \u201cFazia um bom tempo que eu n\u00e3o ia at\u00e9 a Funsat e, sabendo dessa presen\u00e7a da pasta na USF, me programei pra resolver o que precisava. Com a atualiza\u00e7\u00e3o do meu perfil no sistema, pretendo conferir agora, regularmente, as vagas e concorrer no que puder. O servi\u00e7o de intermedia\u00e7\u00e3o da Prefeitura ajuda muito\u201d, mencionou o morador do bairro Indubrasil, interessado em coloca\u00e7\u00f5es na \u00e1rea de seguran\u00e7a \u2014 como porteiro, vigia ou controlador de acesso.<\/p>\n<figure class=\"wp-block-image size-large\"><\/figure>\n<p>Do bairro Guanandi, Dayana Lima do Nascimento (26 anos) chegou \u00e0s 8h \u00e0 USF para consultar an\u00fancios espec\u00edficos do Painel do dia. \u201cS\u00e3o sete meses atr\u00e1s de emprego, o que me coloca em urg\u00eancia pra conseguir logo uma contrata\u00e7\u00e3o. Vim do Pernambuco atr\u00e1s de oportunidades em Campo Grande e vou conseguir\u201d, relatou a candidata, migrante do munic\u00edpio de Escada (PE), a 3.553 quil\u00f4metros da Capital sul-mato-grossense.<\/p>\n<p>J\u00e1 Hilton Marques (50 anos) saiu do Jardim Carioca motivado por vagas divulgadas nas redes sociais da Funsat e na p\u00e1gina eletr\u00f4nica da Prefeitura. \u201cMuito boa a divulga\u00e7\u00e3o que \u00e9 feita, sempre colaborando para o trabalhador saber o que est\u00e1 dispon\u00edvel e colocando a maior parte dos an\u00fancios sem exigir experi\u00eancia. Todavia, cabe ao candidato estar atento, pois a oportunidade aberta tamb\u00e9m pode fechar \u2014 ent\u00e3o, a pressa \u00e9 dos dois lados\u201d, destacou.<\/p>\n<figure class=\"wp-block-image size-large\"><\/figure>\n<p>Atenta a essa realidade, Sabrina Santos Barreto (22 anos) ressaltou que disputar vagas t\u00e9cnicas exige preparo e dedica\u00e7\u00e3o. \u201c\u00c9 o pre\u00e7o de escolher pelas oportunidades em cargos que se tenha experi\u00eancia. Eu particularmente prefiro, pois significa uma chance maior de crescimento na pr\u00f3xima empresa em que for trabalhar. S\u00f3 entrarei em um recrutamento aberto para treinamento em nova profiss\u00e3o quando optar, futuramente, por uma transi\u00e7\u00e3o de carreira\u201d, afirmou a moradora do bairro Aero Rancho, elogiando o suporte da Funsat tanto para quem busca recoloca\u00e7\u00e3o quanto para quem pretende se qualificar. No seu caso, a \u201ccarta de encaminhamento\u201d a direcionou para uma entrevista na \u00e1rea de assistente administrativa.<\/p>\n<figure class=\"wp-block-image size-large\"><\/figure>\n<p>Jos\u00e9 Valmir Miranda, pessoa com defici\u00eancia (PCD), refor\u00e7ou a import\u00e2ncia da inclus\u00e3o nas oportunidades de emprego. \u201cQuem est\u00e1 atr\u00e1s de emprego quer a entrada ou o retorno ao trabalho. Cada situa\u00e7\u00e3o \u00e9 uma situa\u00e7\u00e3o, e na Funsat tratam isso com muita sensibilidade. Por ter um bom atendimento, vale a pena seguir pelas redes sociais a publicidade relativa aos feir\u00f5es, itinerantes e \u00e0s vagas com possibilidades, diariamente\u201d, contou o morador do Parque dos Laranjais, de 42 anos.<\/p>\n<p>Para acompanhar as pr\u00f3ximas a\u00e7\u00f5es do Emprega CG, acesse os perfis institucionais da Funsat:<\/p>\n<p>Instagram: @funsat.cg<br \/>Facebook: Funsat Campo Grande MS<br \/>O telefone para d\u00favidas e sugest\u00f5es do programa, gerido pela Diretoria de Vagas e Empregos da Funsat, \u00e9 o (67) 4042-0585, ramal 5841.<\/p>\n<\/div>\n<p><script async defer async defer src=\"https:\/\/connect.facebook.net\/en_US\/sdk.js?ver=1#xfbml=1&amp;version=v3.2\" id=\"prefeitura-campogrande-script-facebook-sdk-js\"><\/script><\/p>\n","protected":false},"excerpt":{"rendered":"<p>Em visita \u00e0 Unidade de Sa\u00fade da Fam\u00edlia Jair Garcia de Freitas, a Funda\u00e7\u00e3o Social do Trabalho (Funsat) promoveu sua 46\u00aa a\u00e7\u00e3o itinerante do ano. A atividade deixa o programa a apenas duas edi\u00e7\u00f5es da meta estabelecida para 2025, que prev\u00ea 70 eventos. A incurs\u00e3o garantiu 20 atendimentos a moradores que buscaram os servi\u00e7os mais &hellip;<\/p>\n","protected":false},"author":1,"featured_media":0,"comment_status":"open","ping_status":"open","sticky":false,"template":"","format":"standard","meta":{"_jetpack_memberships_contains_paid_content":false,"footnotes":""},"categories":[12410],"tags":[],"class_list":["post-451224","post","type-post","status-publish","format-standard","hentry","category-ms"],"yoast_head":"<!-- This site is optimized with the Yoast SEO plugin v27.5 - https:\/\/yoast.com\/product\/yoast-seo-wordpress\/ -->\n<title>Emprega CG realiza a\u00e7\u00e3o na USF do S\u00e3o Francisco \u2013 CGNot\u00edcias<\/title>\n<meta name=\"robots\" content=\"index, follow, max-snippet:-1, max-image-preview:large, max-video-preview:-1\" \/>\n<link rel=\"canonical\" href=\"https:\/\/mrnews.com.br\/index.php\/2025\/10\/24\/emprega-cg-realiza-acao-na-usf-do-sao-francisco-cgnoticias\/\" \/>\n<meta property=\"og:locale\" content=\"pt_BR\" \/>\n<meta property=\"og:type\" content=\"article\" \/>\n<meta property=\"og:title\" content=\"Emprega CG realiza a\u00e7\u00e3o na USF do S\u00e3o Francisco \u2013 CGNot\u00edcias\" \/>\n<meta property=\"og:description\" content=\"Em visita \u00e0 Unidade de Sa\u00fade da Fam\u00edlia Jair Garcia de Freitas, a Funda\u00e7\u00e3o Social do Trabalho (Funsat) promoveu sua 46\u00aa a\u00e7\u00e3o itinerante do ano. A atividade deixa o programa a apenas duas edi\u00e7\u00f5es da meta estabelecida para 2025, que prev\u00ea 70 eventos. A incurs\u00e3o garantiu 20 atendimentos a moradores que buscaram os servi\u00e7os mais &hellip;\" \/>\n<meta property=\"og:url\" content=\"https:\/\/mrnews.com.br\/index.php\/2025\/10\/24\/emprega-cg-realiza-acao-na-usf-do-sao-francisco-cgnoticias\/\" \/>\n<meta property=\"og:site_name\" content=\"MRNews\" \/>\n<meta property=\"article:publisher\" content=\"https:\/\/www.facebook.com\/eaipahpah\/?locale2=pt_BR\" \/>\n<meta property=\"article:published_time\" content=\"2025-10-24T19:48:15+00:00\" \/>\n<meta name=\"author\" content=\"MR News\" \/>\n<meta name=\"twitter:card\" content=\"summary_large_image\" \/>\n<meta name=\"twitter:creator\" content=\"@conspirou\" \/>\n<meta name=\"twitter:site\" content=\"@conspirou\" \/>\n<meta name=\"twitter:label1\" content=\"Escrito por\" \/>\n\t<meta name=\"twitter:data1\" content=\"MR News\" \/>\n\t<meta name=\"twitter:label2\" content=\"Est. tempo de leitura\" \/>\n\t<meta name=\"twitter:data2\" content=\"3 minutos\" \/>\n<script type=\"application\/ld+json\" class=\"yoast-schema-graph\">{\"@context\":\"https:\\\/\\\/schema.org\",\"@graph\":[{\"@type\":\"Article\",\"@id\":\"https:\\\/\\\/mrnews.com.br\\\/index.php\\\/2025\\\/10\\\/24\\\/emprega-cg-realiza-acao-na-usf-do-sao-francisco-cgnoticias\\\/#article\",\"isPartOf\":{\"@id\":\"https:\\\/\\\/mrnews.com.br\\\/index.php\\\/2025\\\/10\\\/24\\\/emprega-cg-realiza-acao-na-usf-do-sao-francisco-cgnoticias\\\/\"},\"author\":{\"name\":\"MR News\",\"@id\":\"https:\\\/\\\/mrnews.com.br\\\/#\\\/schema\\\/person\\\/be3203154562a9f207407861cef7827b\"},\"headline\":\"Emprega CG realiza a\u00e7\u00e3o na USF do S\u00e3o Francisco \u2013 CGNot\u00edcias\",\"datePublished\":\"2025-10-24T19:48:15+00:00\",\"mainEntityOfPage\":{\"@id\":\"https:\\\/\\\/mrnews.com.br\\\/index.php\\\/2025\\\/10\\\/24\\\/emprega-cg-realiza-acao-na-usf-do-sao-francisco-cgnoticias\\\/\"},\"wordCount\":676,\"commentCount\":0,\"publisher\":{\"@id\":\"https:\\\/\\\/mrnews.com.br\\\/#organization\"},\"articleSection\":[\"Mato Grosso do Sul\"],\"inLanguage\":\"pt-BR\",\"potentialAction\":[{\"@type\":\"CommentAction\",\"name\":\"Comment\",\"target\":[\"https:\\\/\\\/mrnews.com.br\\\/index.php\\\/2025\\\/10\\\/24\\\/emprega-cg-realiza-acao-na-usf-do-sao-francisco-cgnoticias\\\/#respond\"]}]},{\"@type\":\"WebPage\",\"@id\":\"https:\\\/\\\/mrnews.com.br\\\/index.php\\\/2025\\\/10\\\/24\\\/emprega-cg-realiza-acao-na-usf-do-sao-francisco-cgnoticias\\\/\",\"url\":\"https:\\\/\\\/mrnews.com.br\\\/index.php\\\/2025\\\/10\\\/24\\\/emprega-cg-realiza-acao-na-usf-do-sao-francisco-cgnoticias\\\/\",\"name\":\"Emprega CG realiza a\u00e7\u00e3o na USF do S\u00e3o Francisco \u2013 CGNot\u00edcias\",\"isPartOf\":{\"@id\":\"https:\\\/\\\/mrnews.com.br\\\/#website\"},\"datePublished\":\"2025-10-24T19:48:15+00:00\",\"breadcrumb\":{\"@id\":\"https:\\\/\\\/mrnews.com.br\\\/index.php\\\/2025\\\/10\\\/24\\\/emprega-cg-realiza-acao-na-usf-do-sao-francisco-cgnoticias\\\/#breadcrumb\"},\"inLanguage\":\"pt-BR\",\"potentialAction\":[{\"@type\":\"ReadAction\",\"target\":[\"https:\\\/\\\/mrnews.com.br\\\/index.php\\\/2025\\\/10\\\/24\\\/emprega-cg-realiza-acao-na-usf-do-sao-francisco-cgnoticias\\\/\"]}]},{\"@type\":\"BreadcrumbList\",\"@id\":\"https:\\\/\\\/mrnews.com.br\\\/index.php\\\/2025\\\/10\\\/24\\\/emprega-cg-realiza-acao-na-usf-do-sao-francisco-cgnoticias\\\/#breadcrumb\",\"itemListElement\":[{\"@type\":\"ListItem\",\"position\":1,\"name\":\"In\u00edcio\",\"item\":\"https:\\\/\\\/mrnews.com.br\\\/\"},{\"@type\":\"ListItem\",\"position\":2,\"name\":\"Emprega CG realiza a\u00e7\u00e3o na USF do S\u00e3o Francisco \u2013 CGNot\u00edcias\"}]},{\"@type\":\"WebSite\",\"@id\":\"https:\\\/\\\/mrnews.com.br\\\/#website\",\"url\":\"https:\\\/\\\/mrnews.com.br\\\/\",\"name\":\"MRNews\",\"description\":\"MRNews Jogos de hoje da TV, transmiss\u00f5es ao vivo, Not\u00edcias de futebol, Jogos ao vivo, Lives, resumo de novelas, Programa\u00e7\u00e3o da Globo, A Fazenda e BBB\",\"publisher\":{\"@id\":\"https:\\\/\\\/mrnews.com.br\\\/#organization\"},\"potentialAction\":[{\"@type\":\"SearchAction\",\"target\":{\"@type\":\"EntryPoint\",\"urlTemplate\":\"https:\\\/\\\/mrnews.com.br\\\/?s={search_term_string}\"},\"query-input\":{\"@type\":\"PropertyValueSpecification\",\"valueRequired\":true,\"valueName\":\"search_term_string\"}}],\"inLanguage\":\"pt-BR\"},{\"@type\":\"Organization\",\"@id\":\"https:\\\/\\\/mrnews.com.br\\\/#organization\",\"name\":\"MRNews\",\"url\":\"https:\\\/\\\/mrnews.com.br\\\/\",\"logo\":{\"@type\":\"ImageObject\",\"inLanguage\":\"pt-BR\",\"@id\":\"https:\\\/\\\/mrnews.com.br\\\/#\\\/schema\\\/logo\\\/image\\\/\",\"url\":\"https:\\\/\\\/mrnews.com.br\\\/wp-content\\\/uploads\\\/2019\\\/06\\\/MRNewslogo2.png\",\"contentUrl\":\"https:\\\/\\\/mrnews.com.br\\\/wp-content\\\/uploads\\\/2019\\\/06\\\/MRNewslogo2.png\",\"width\":223,\"height\":58,\"caption\":\"MRNews\"},\"image\":{\"@id\":\"https:\\\/\\\/mrnews.com.br\\\/#\\\/schema\\\/logo\\\/image\\\/\"},\"sameAs\":[\"https:\\\/\\\/www.facebook.com\\\/eaipahpah\\\/?locale2=pt_BR\",\"https:\\\/\\\/x.com\\\/conspirou\",\"https:\\\/\\\/www.instagram.com\\\/eai_pahpah\",\"https:\\\/\\\/br.pinterest.com\\\/mrnewsn\\\/boards\\\/\",\"https:\\\/\\\/www.youtube.com\\\/channel\\\/UCacgnpznQ61fifLWr1tQ-vA?view_as=subscriber\"]},{\"@type\":\"Person\",\"@id\":\"https:\\\/\\\/mrnews.com.br\\\/#\\\/schema\\\/person\\\/be3203154562a9f207407861cef7827b\",\"name\":\"MR News\",\"image\":{\"@type\":\"ImageObject\",\"inLanguage\":\"pt-BR\",\"@id\":\"https:\\\/\\\/secure.gravatar.com\\\/avatar\\\/04084e6d73c042b8646e7c17b494073bf0ede3ea13c7105cfc45cbbbc28385a4?s=96&d=monsterid&r=g\",\"url\":\"https:\\\/\\\/secure.gravatar.com\\\/avatar\\\/04084e6d73c042b8646e7c17b494073bf0ede3ea13c7105cfc45cbbbc28385a4?s=96&d=monsterid&r=g\",\"contentUrl\":\"https:\\\/\\\/secure.gravatar.com\\\/avatar\\\/04084e6d73c042b8646e7c17b494073bf0ede3ea13c7105cfc45cbbbc28385a4?s=96&d=monsterid&r=g\",\"caption\":\"MR News\"},\"description\":\"Especializado em jornalismo colaborativo pela FTP em n\u00edvel de p\u00f3s-gradua\u00e7\u00e3o. suporte@oimeliga.combr\",\"sameAs\":[\"HUGO R.\",\"Admin\"],\"url\":\"https:\\\/\\\/mrnews.com.br\\\/index.php\\\/author\\\/admin\\\/\"}]}<\/script>\n<!-- \/ Yoast SEO plugin. -->","yoast_head_json":{"title":"Emprega CG realiza a\u00e7\u00e3o na USF do S\u00e3o Francisco \u2013 CGNot\u00edcias","robots":{"index":"index","follow":"follow","max-snippet":"max-snippet:-1","max-image-preview":"max-image-preview:large","max-video-preview":"max-video-preview:-1"},"canonical":"https:\/\/mrnews.com.br\/index.php\/2025\/10\/24\/emprega-cg-realiza-acao-na-usf-do-sao-francisco-cgnoticias\/","og_locale":"pt_BR","og_type":"article","og_title":"Emprega CG realiza a\u00e7\u00e3o na USF do S\u00e3o Francisco \u2013 CGNot\u00edcias","og_description":"Em visita \u00e0 Unidade de Sa\u00fade da Fam\u00edlia Jair Garcia de Freitas, a Funda\u00e7\u00e3o Social do Trabalho (Funsat) promoveu sua 46\u00aa a\u00e7\u00e3o itinerante do ano. A atividade deixa o programa a apenas duas edi\u00e7\u00f5es da meta estabelecida para 2025, que prev\u00ea 70 eventos. A incurs\u00e3o garantiu 20 atendimentos a moradores que buscaram os servi\u00e7os mais &hellip;","og_url":"https:\/\/mrnews.com.br\/index.php\/2025\/10\/24\/emprega-cg-realiza-acao-na-usf-do-sao-francisco-cgnoticias\/","og_site_name":"MRNews","article_publisher":"https:\/\/www.facebook.com\/eaipahpah\/?locale2=pt_BR","article_published_time":"2025-10-24T19:48:15+00:00","author":"MR News","twitter_card":"summary_large_image","twitter_creator":"@conspirou","twitter_site":"@conspirou","twitter_misc":{"Escrito por":"MR News","Est. tempo de leitura":"3 minutos"},"schema":{"@context":"https:\/\/schema.org","@graph":[{"@type":"Article","@id":"https:\/\/mrnews.com.br\/index.php\/2025\/10\/24\/emprega-cg-realiza-acao-na-usf-do-sao-francisco-cgnoticias\/#article","isPartOf":{"@id":"https:\/\/mrnews.com.br\/index.php\/2025\/10\/24\/emprega-cg-realiza-acao-na-usf-do-sao-francisco-cgnoticias\/"},"author":{"name":"MR News","@id":"https:\/\/mrnews.com.br\/#\/schema\/person\/be3203154562a9f207407861cef7827b"},"headline":"Emprega CG realiza a\u00e7\u00e3o na USF do S\u00e3o Francisco \u2013 CGNot\u00edcias","datePublished":"2025-10-24T19:48:15+00:00","mainEntityOfPage":{"@id":"https:\/\/mrnews.com.br\/index.php\/2025\/10\/24\/emprega-cg-realiza-acao-na-usf-do-sao-francisco-cgnoticias\/"},"wordCount":676,"commentCount":0,"publisher":{"@id":"https:\/\/mrnews.com.br\/#organization"},"articleSection":["Mato Grosso do Sul"],"inLanguage":"pt-BR","potentialAction":[{"@type":"CommentAction","name":"Comment","target":["https:\/\/mrnews.com.br\/index.php\/2025\/10\/24\/emprega-cg-realiza-acao-na-usf-do-sao-francisco-cgnoticias\/#respond"]}]},{"@type":"WebPage","@id":"https:\/\/mrnews.com.br\/index.php\/2025\/10\/24\/emprega-cg-realiza-acao-na-usf-do-sao-francisco-cgnoticias\/","url":"https:\/\/mrnews.com.br\/index.php\/2025\/10\/24\/emprega-cg-realiza-acao-na-usf-do-sao-francisco-cgnoticias\/","name":"Emprega CG realiza a\u00e7\u00e3o na USF do S\u00e3o Francisco \u2013 CGNot\u00edcias","isPartOf":{"@id":"https:\/\/mrnews.com.br\/#website"},"datePublished":"2025-10-24T19:48:15+00:00","breadcrumb":{"@id":"https:\/\/mrnews.com.br\/index.php\/2025\/10\/24\/emprega-cg-realiza-acao-na-usf-do-sao-francisco-cgnoticias\/#breadcrumb"},"inLanguage":"pt-BR","potentialAction":[{"@type":"ReadAction","target":["https:\/\/mrnews.com.br\/index.php\/2025\/10\/24\/emprega-cg-realiza-acao-na-usf-do-sao-francisco-cgnoticias\/"]}]},{"@type":"BreadcrumbList","@id":"https:\/\/mrnews.com.br\/index.php\/2025\/10\/24\/emprega-cg-realiza-acao-na-usf-do-sao-francisco-cgnoticias\/#breadcrumb","itemListElement":[{"@type":"ListItem","position":1,"name":"In\u00edcio","item":"https:\/\/mrnews.com.br\/"},{"@type":"ListItem","position":2,"name":"Emprega CG realiza a\u00e7\u00e3o na USF do S\u00e3o Francisco \u2013 CGNot\u00edcias"}]},{"@type":"WebSite","@id":"https:\/\/mrnews.com.br\/#website","url":"https:\/\/mrnews.com.br\/","name":"MRNews","description":"MRNews Jogos de hoje da TV, transmiss\u00f5es ao vivo, Not\u00edcias de futebol, Jogos ao vivo, Lives, resumo de novelas, Programa\u00e7\u00e3o da Globo, A Fazenda e BBB","publisher":{"@id":"https:\/\/mrnews.com.br\/#organization"},"potentialAction":[{"@type":"SearchAction","target":{"@type":"EntryPoint","urlTemplate":"https:\/\/mrnews.com.br\/?s={search_term_string}"},"query-input":{"@type":"PropertyValueSpecification","valueRequired":true,"valueName":"search_term_string"}}],"inLanguage":"pt-BR"},{"@type":"Organization","@id":"https:\/\/mrnews.com.br\/#organization","name":"MRNews","url":"https:\/\/mrnews.com.br\/","logo":{"@type":"ImageObject","inLanguage":"pt-BR","@id":"https:\/\/mrnews.com.br\/#\/schema\/logo\/image\/","url":"https:\/\/mrnews.com.br\/wp-content\/uploads\/2019\/06\/MRNewslogo2.png","contentUrl":"https:\/\/mrnews.com.br\/wp-content\/uploads\/2019\/06\/MRNewslogo2.png","width":223,"height":58,"caption":"MRNews"},"image":{"@id":"https:\/\/mrnews.com.br\/#\/schema\/logo\/image\/"},"sameAs":["https:\/\/www.facebook.com\/eaipahpah\/?locale2=pt_BR","https:\/\/x.com\/conspirou","https:\/\/www.instagram.com\/eai_pahpah","https:\/\/br.pinterest.com\/mrnewsn\/boards\/","https:\/\/www.youtube.com\/channel\/UCacgnpznQ61fifLWr1tQ-vA?view_as=subscriber"]},{"@type":"Person","@id":"https:\/\/mrnews.com.br\/#\/schema\/person\/be3203154562a9f207407861cef7827b","name":"MR News","image":{"@type":"ImageObject","inLanguage":"pt-BR","@id":"https:\/\/secure.gravatar.com\/avatar\/04084e6d73c042b8646e7c17b494073bf0ede3ea13c7105cfc45cbbbc28385a4?s=96&d=monsterid&r=g","url":"https:\/\/secure.gravatar.com\/avatar\/04084e6d73c042b8646e7c17b494073bf0ede3ea13c7105cfc45cbbbc28385a4?s=96&d=monsterid&r=g","contentUrl":"https:\/\/secure.gravatar.com\/avatar\/04084e6d73c042b8646e7c17b494073bf0ede3ea13c7105cfc45cbbbc28385a4?s=96&d=monsterid&r=g","caption":"MR News"},"description":"Especializado em jornalismo colaborativo pela FTP em n\u00edvel de p\u00f3s-gradua\u00e7\u00e3o. suporte@oimeliga.combr","sameAs":["HUGO R.","Admin"],"url":"https:\/\/mrnews.com.br\/index.php\/author\/admin\/"}]}},"jetpack_featured_media_url":"","jetpack_sharing_enabled":true,"jetpack_shortlink":"https:\/\/wp.me\/pa2Qf7-1TnO","amp_enabled":true,"_links":{"self":[{"href":"https:\/\/mrnews.com.br\/index.php\/wp-json\/wp\/v2\/posts\/451224","targetHints":{"allow":["GET"]}}],"collection":[{"href":"https:\/\/mrnews.com.br\/index.php\/wp-json\/wp\/v2\/posts"}],"about":[{"href":"https:\/\/mrnews.com.br\/index.php\/wp-json\/wp\/v2\/types\/post"}],"author":[{"embeddable":true,"href":"https:\/\/mrnews.com.br\/index.php\/wp-json\/wp\/v2\/users\/1"}],"replies":[{"embeddable":true,"href":"https:\/\/mrnews.com.br\/index.php\/wp-json\/wp\/v2\/comments?post=451224"}],"version-history":[{"count":0,"href":"https:\/\/mrnews.com.br\/index.php\/wp-json\/wp\/v2\/posts\/451224\/revisions"}],"wp:attachment":[{"href":"https:\/\/mrnews.com.br\/index.php\/wp-json\/wp\/v2\/media?parent=451224"}],"wp:term":[{"taxonomy":"category","embeddable":true,"href":"https:\/\/mrnews.com.br\/index.php\/wp-json\/wp\/v2\/categories?post=451224"},{"taxonomy":"post_tag","embeddable":true,"href":"https:\/\/mrnews.com.br\/index.php\/wp-json\/wp\/v2\/tags?post=451224"}],"curies":[{"name":"wp","href":"https:\/\/api.w.org\/{rel}","templated":true}]}}