{"id":451225,"date":"2025-10-24T16:51:13","date_gmt":"2025-10-24T19:51:13","guid":{"rendered":"https:\/\/mrnews.com.br\/index.php\/2025\/10\/24\/alckmin-inaugura-zona-de-processamento-de-exportacao-no-mato-grosso\/"},"modified":"2025-10-24T16:51:13","modified_gmt":"2025-10-24T19:51:13","slug":"alckmin-inaugura-zona-de-processamento-de-exportacao-no-mato-grosso","status":"publish","type":"post","link":"https:\/\/mrnews.com.br\/index.php\/2025\/10\/24\/alckmin-inaugura-zona-de-processamento-de-exportacao-no-mato-grosso\/","title":{"rendered":"Alckmin inaugura Zona de Processamento de Exporta\u00e7\u00e3o no Mato Grosso"},"content":{"rendered":"<p>Por EBC, <\/p>\n<div>\n<p><strong>O presidente em exerc\u00edcio, Geraldo Alckmin, inaugurou, nesta sexta-feira (24), a Zona de Processamento de Exporta\u00e7\u00e3o (ZPE) de C\u00e1ceres, no Mato Grosso.<\/strong><\/p>\n<blockquote>\n<p>\u201cOs setores que exportam, estando numa ZPE, eles t\u00eam uma facilidade, tem um ganho do ponto de vista econ\u00f4mico que ajuda no processo da exporta\u00e7\u00e3o. E n\u00f3s estamos aqui quase na fronteira, ent\u00e3o, \u00e9 extremamente importante\u201d, explicou.<\/p>\n<\/blockquote>\n<p><strong>Com uma \u00e1rea de 240 hectares, a ZPE de C\u00e1ceres contou com investimentos de R$ 51,3 milh\u00f5es em obras de infraestrutura e da \u00e1rea administrativa.<\/strong><\/p>\n<p>As ZPEs s\u00e3o \u00e1reas de livre com\u00e9rcio destinadas \u00e0 produ\u00e7\u00e3o de bens para exporta\u00e7\u00e3o e \u00e0 presta\u00e7\u00e3o de servi\u00e7os vinculados \u00e0 atividade exportadora. <strong>Essa \u00e9 a quarta ZPE ativa no pa\u00eds, somando-se \u00e0s de Uberaba (MG), Pec\u00e9m (CE) e Parna\u00edba (PI).<\/strong><\/p>\n<p>A produ\u00e7\u00e3o nesse espa\u00e7o, destinada \u00e0 exporta\u00e7\u00e3o, garante \u00e0s empresas suspens\u00e3o do recolhimento de alguns impostos e tributos na aquisi\u00e7\u00e3o de insumos e mat\u00e9rias primas, com a convers\u00e3o em isen\u00e7\u00e3o ou al\u00edquota zero caso o produto final seja exportado. Se a produ\u00e7\u00e3o for vendida no mercado interno, a cobran\u00e7a de tributos \u00e9 realizada.<\/p>\n<p>&gt;&gt; Siga o canal da <strong>Ag\u00eancia Brasil <\/strong>no WhatsApp<\/p>\n<p><strong>Alckmin destacou que C\u00e1ceres \u00e9 um munic\u00edpio com uma grande extens\u00e3o territorial &#8211; 12 vezes maior a cidade de S\u00e3o Paulo &#8211; e que pode atrair investimentos para instala\u00e7\u00e3o de agroind\u00fastrias, por exemplo, agregando valor aos cultivos e cria\u00e7\u00f5es da regi\u00e3o.<\/strong><\/p>\n<blockquote>\n<p>\u201cSe eu sou campe\u00e3o na agropecu\u00e1ria, eu vou agregar valor para poder gerar mais emprego e melhorar a renda\u201d, argumentou, em conversa com jornalistas locais.<\/p>\n<\/blockquote>\n<p><strong>A nova ZPE j\u00e1 conta com uma empresa operando, a TRC Agroflorestal, que produz placas de madeira e teca.<\/strong><\/p>\n<h2>Integra\u00e7\u00e3o<\/h2>\n<p>A ZPE de C\u00e1ceres ainda est\u00e1 localizada estrategicamente em uma das rotas de Integra\u00e7\u00e3o Sul-Americana, a rota do Quadrante Rondon. O programa do governo brasileiro\u00a0visa otimizar a log\u00edstica e fortalecer o com\u00e9rcio com os pa\u00edses vizinhos e a \u00c1sia, conectando diversas regi\u00f5es do Brasil atrav\u00e9s de projetos em rodovias, ferrovias, hidrovias, portos e aeroportos.<\/p>\n<p>O presidente afirmou, ainda, que vai conversar com o ministro dos Portos e Aeroportos, Silvio Costa Filho, para destravar a Hidrovia Paraguai-Paran\u00e1. <strong>A via fluvial na bacia do Rio da Prata conecta cinco pa\u00edses sul-americanos: Brasil, Paraguai, Bol\u00edvia, Argentina e Uruguai.<\/strong><\/p>\n<blockquote>\n<p>\u201cO trecho que precisa ser desassoreado, que precisa melhorar o calado, \u00e9 C\u00e1ceres at\u00e9 Corumb\u00e1 [MS]. Ent\u00e3o, esse \u00e9 o trecho que precisa ter o investimento. N\u00f3s precisamos ter efici\u00eancia econ\u00f4mica, reduzir custos, melhorar a log\u00edstica e integrar modais, integrar os v\u00e1rios tipos de modais. Ent\u00e3o, essa hidrovia \u00e9 essencial\u201d, destacou.<\/p>\n<\/blockquote>\n<p>\u00a0<\/p>\n<p>      <!-- Relacionada --><\/p>\n<p>            <!-- Relacionada -->\n    <\/div>\n","protected":false},"excerpt":{"rendered":"<p>Por EBC, O presidente em exerc\u00edcio, Geraldo Alckmin, inaugurou, nesta sexta-feira (24), a Zona de Processamento de Exporta\u00e7\u00e3o (ZPE) de C\u00e1ceres, no Mato Grosso. \u201cOs setores que exportam, estando numa ZPE, eles t\u00eam uma facilidade, tem um ganho do ponto de vista econ\u00f4mico que ajuda no processo da exporta\u00e7\u00e3o. E n\u00f3s estamos aqui quase na &hellip;<\/p>\n","protected":false},"author":1,"featured_media":0,"comment_status":"open","ping_status":"open","sticky":false,"template":"","format":"standard","meta":{"_jetpack_memberships_contains_paid_content":false,"footnotes":""},"categories":[2,12225,4],"tags":[],"class_list":["post-451225","post","type-post","status-publish","format-standard","hentry","category-entretenimento","category-noticias","category-servicos"],"yoast_head":"<!-- This site is optimized with the Yoast SEO plugin v27.5 - https:\/\/yoast.com\/product\/yoast-seo-wordpress\/ -->\n<title>Alckmin inaugura Zona de Processamento de Exporta\u00e7\u00e3o no Mato Grosso<\/title>\n<meta name=\"robots\" content=\"index, follow, max-snippet:-1, max-image-preview:large, max-video-preview:-1\" \/>\n<link rel=\"canonical\" href=\"https:\/\/mrnews.com.br\/index.php\/2025\/10\/24\/alckmin-inaugura-zona-de-processamento-de-exportacao-no-mato-grosso\/\" \/>\n<meta property=\"og:locale\" content=\"pt_BR\" \/>\n<meta property=\"og:type\" content=\"article\" \/>\n<meta property=\"og:title\" content=\"Alckmin inaugura Zona de Processamento de Exporta\u00e7\u00e3o no Mato Grosso\" \/>\n<meta property=\"og:description\" content=\"Por EBC, O presidente em exerc\u00edcio, Geraldo Alckmin, inaugurou, nesta sexta-feira (24), a Zona de Processamento de Exporta\u00e7\u00e3o (ZPE) de C\u00e1ceres, no Mato Grosso. \u201cOs setores que exportam, estando numa ZPE, eles t\u00eam uma facilidade, tem um ganho do ponto de vista econ\u00f4mico que ajuda no processo da exporta\u00e7\u00e3o. E n\u00f3s estamos aqui quase na &hellip;\" \/>\n<meta property=\"og:url\" content=\"https:\/\/mrnews.com.br\/index.php\/2025\/10\/24\/alckmin-inaugura-zona-de-processamento-de-exportacao-no-mato-grosso\/\" \/>\n<meta property=\"og:site_name\" content=\"MRNews\" \/>\n<meta property=\"article:publisher\" content=\"https:\/\/www.facebook.com\/eaipahpah\/?locale2=pt_BR\" \/>\n<meta property=\"article:published_time\" content=\"2025-10-24T19:51:13+00:00\" \/>\n<meta name=\"author\" content=\"MR News\" \/>\n<meta name=\"twitter:card\" content=\"summary_large_image\" \/>\n<meta name=\"twitter:creator\" content=\"@conspirou\" \/>\n<meta name=\"twitter:site\" content=\"@conspirou\" \/>\n<meta name=\"twitter:label1\" content=\"Escrito por\" \/>\n\t<meta name=\"twitter:data1\" content=\"MR News\" \/>\n\t<meta name=\"twitter:label2\" content=\"Est. tempo de leitura\" \/>\n\t<meta name=\"twitter:data2\" content=\"2 minutos\" \/>\n<script type=\"application\/ld+json\" class=\"yoast-schema-graph\">{\"@context\":\"https:\\\/\\\/schema.org\",\"@graph\":[{\"@type\":\"Article\",\"@id\":\"https:\\\/\\\/mrnews.com.br\\\/index.php\\\/2025\\\/10\\\/24\\\/alckmin-inaugura-zona-de-processamento-de-exportacao-no-mato-grosso\\\/#article\",\"isPartOf\":{\"@id\":\"https:\\\/\\\/mrnews.com.br\\\/index.php\\\/2025\\\/10\\\/24\\\/alckmin-inaugura-zona-de-processamento-de-exportacao-no-mato-grosso\\\/\"},\"author\":{\"name\":\"MR News\",\"@id\":\"https:\\\/\\\/mrnews.com.br\\\/#\\\/schema\\\/person\\\/be3203154562a9f207407861cef7827b\"},\"headline\":\"Alckmin inaugura Zona de Processamento de Exporta\u00e7\u00e3o no Mato Grosso\",\"datePublished\":\"2025-10-24T19:51:13+00:00\",\"mainEntityOfPage\":{\"@id\":\"https:\\\/\\\/mrnews.com.br\\\/index.php\\\/2025\\\/10\\\/24\\\/alckmin-inaugura-zona-de-processamento-de-exportacao-no-mato-grosso\\\/\"},\"wordCount\":478,\"commentCount\":0,\"publisher\":{\"@id\":\"https:\\\/\\\/mrnews.com.br\\\/#organization\"},\"articleSection\":[\"ENTRETENIMENTO\",\"NOTICIAS\",\"SERVI\u00c7OS\"],\"inLanguage\":\"pt-BR\",\"potentialAction\":[{\"@type\":\"CommentAction\",\"name\":\"Comment\",\"target\":[\"https:\\\/\\\/mrnews.com.br\\\/index.php\\\/2025\\\/10\\\/24\\\/alckmin-inaugura-zona-de-processamento-de-exportacao-no-mato-grosso\\\/#respond\"]}]},{\"@type\":\"WebPage\",\"@id\":\"https:\\\/\\\/mrnews.com.br\\\/index.php\\\/2025\\\/10\\\/24\\\/alckmin-inaugura-zona-de-processamento-de-exportacao-no-mato-grosso\\\/\",\"url\":\"https:\\\/\\\/mrnews.com.br\\\/index.php\\\/2025\\\/10\\\/24\\\/alckmin-inaugura-zona-de-processamento-de-exportacao-no-mato-grosso\\\/\",\"name\":\"Alckmin inaugura Zona de Processamento de Exporta\u00e7\u00e3o no Mato Grosso\",\"isPartOf\":{\"@id\":\"https:\\\/\\\/mrnews.com.br\\\/#website\"},\"datePublished\":\"2025-10-24T19:51:13+00:00\",\"breadcrumb\":{\"@id\":\"https:\\\/\\\/mrnews.com.br\\\/index.php\\\/2025\\\/10\\\/24\\\/alckmin-inaugura-zona-de-processamento-de-exportacao-no-mato-grosso\\\/#breadcrumb\"},\"inLanguage\":\"pt-BR\",\"potentialAction\":[{\"@type\":\"ReadAction\",\"target\":[\"https:\\\/\\\/mrnews.com.br\\\/index.php\\\/2025\\\/10\\\/24\\\/alckmin-inaugura-zona-de-processamento-de-exportacao-no-mato-grosso\\\/\"]}]},{\"@type\":\"BreadcrumbList\",\"@id\":\"https:\\\/\\\/mrnews.com.br\\\/index.php\\\/2025\\\/10\\\/24\\\/alckmin-inaugura-zona-de-processamento-de-exportacao-no-mato-grosso\\\/#breadcrumb\",\"itemListElement\":[{\"@type\":\"ListItem\",\"position\":1,\"name\":\"In\u00edcio\",\"item\":\"https:\\\/\\\/mrnews.com.br\\\/\"},{\"@type\":\"ListItem\",\"position\":2,\"name\":\"Alckmin inaugura Zona de Processamento de Exporta\u00e7\u00e3o no Mato Grosso\"}]},{\"@type\":\"WebSite\",\"@id\":\"https:\\\/\\\/mrnews.com.br\\\/#website\",\"url\":\"https:\\\/\\\/mrnews.com.br\\\/\",\"name\":\"MRNews\",\"description\":\"MRNews Jogos de hoje da TV, transmiss\u00f5es ao vivo, Not\u00edcias de futebol, Jogos ao vivo, Lives, resumo de novelas, Programa\u00e7\u00e3o da Globo, A Fazenda e BBB\",\"publisher\":{\"@id\":\"https:\\\/\\\/mrnews.com.br\\\/#organization\"},\"potentialAction\":[{\"@type\":\"SearchAction\",\"target\":{\"@type\":\"EntryPoint\",\"urlTemplate\":\"https:\\\/\\\/mrnews.com.br\\\/?s={search_term_string}\"},\"query-input\":{\"@type\":\"PropertyValueSpecification\",\"valueRequired\":true,\"valueName\":\"search_term_string\"}}],\"inLanguage\":\"pt-BR\"},{\"@type\":\"Organization\",\"@id\":\"https:\\\/\\\/mrnews.com.br\\\/#organization\",\"name\":\"MRNews\",\"url\":\"https:\\\/\\\/mrnews.com.br\\\/\",\"logo\":{\"@type\":\"ImageObject\",\"inLanguage\":\"pt-BR\",\"@id\":\"https:\\\/\\\/mrnews.com.br\\\/#\\\/schema\\\/logo\\\/image\\\/\",\"url\":\"https:\\\/\\\/mrnews.com.br\\\/wp-content\\\/uploads\\\/2019\\\/06\\\/MRNewslogo2.png\",\"contentUrl\":\"https:\\\/\\\/mrnews.com.br\\\/wp-content\\\/uploads\\\/2019\\\/06\\\/MRNewslogo2.png\",\"width\":223,\"height\":58,\"caption\":\"MRNews\"},\"image\":{\"@id\":\"https:\\\/\\\/mrnews.com.br\\\/#\\\/schema\\\/logo\\\/image\\\/\"},\"sameAs\":[\"https:\\\/\\\/www.facebook.com\\\/eaipahpah\\\/?locale2=pt_BR\",\"https:\\\/\\\/x.com\\\/conspirou\",\"https:\\\/\\\/www.instagram.com\\\/eai_pahpah\",\"https:\\\/\\\/br.pinterest.com\\\/mrnewsn\\\/boards\\\/\",\"https:\\\/\\\/www.youtube.com\\\/channel\\\/UCacgnpznQ61fifLWr1tQ-vA?view_as=subscriber\"]},{\"@type\":\"Person\",\"@id\":\"https:\\\/\\\/mrnews.com.br\\\/#\\\/schema\\\/person\\\/be3203154562a9f207407861cef7827b\",\"name\":\"MR News\",\"image\":{\"@type\":\"ImageObject\",\"inLanguage\":\"pt-BR\",\"@id\":\"https:\\\/\\\/secure.gravatar.com\\\/avatar\\\/04084e6d73c042b8646e7c17b494073bf0ede3ea13c7105cfc45cbbbc28385a4?s=96&d=monsterid&r=g\",\"url\":\"https:\\\/\\\/secure.gravatar.com\\\/avatar\\\/04084e6d73c042b8646e7c17b494073bf0ede3ea13c7105cfc45cbbbc28385a4?s=96&d=monsterid&r=g\",\"contentUrl\":\"https:\\\/\\\/secure.gravatar.com\\\/avatar\\\/04084e6d73c042b8646e7c17b494073bf0ede3ea13c7105cfc45cbbbc28385a4?s=96&d=monsterid&r=g\",\"caption\":\"MR News\"},\"description\":\"Especializado em jornalismo colaborativo pela FTP em n\u00edvel de p\u00f3s-gradua\u00e7\u00e3o. suporte@oimeliga.combr\",\"sameAs\":[\"HUGO R.\",\"Admin\"],\"url\":\"https:\\\/\\\/mrnews.com.br\\\/index.php\\\/author\\\/admin\\\/\"}]}<\/script>\n<!-- \/ Yoast SEO plugin. -->","yoast_head_json":{"title":"Alckmin inaugura Zona de Processamento de Exporta\u00e7\u00e3o no Mato Grosso","robots":{"index":"index","follow":"follow","max-snippet":"max-snippet:-1","max-image-preview":"max-image-preview:large","max-video-preview":"max-video-preview:-1"},"canonical":"https:\/\/mrnews.com.br\/index.php\/2025\/10\/24\/alckmin-inaugura-zona-de-processamento-de-exportacao-no-mato-grosso\/","og_locale":"pt_BR","og_type":"article","og_title":"Alckmin inaugura Zona de Processamento de Exporta\u00e7\u00e3o no Mato Grosso","og_description":"Por EBC, O presidente em exerc\u00edcio, Geraldo Alckmin, inaugurou, nesta sexta-feira (24), a Zona de Processamento de Exporta\u00e7\u00e3o (ZPE) de C\u00e1ceres, no Mato Grosso. \u201cOs setores que exportam, estando numa ZPE, eles t\u00eam uma facilidade, tem um ganho do ponto de vista econ\u00f4mico que ajuda no processo da exporta\u00e7\u00e3o. E n\u00f3s estamos aqui quase na &hellip;","og_url":"https:\/\/mrnews.com.br\/index.php\/2025\/10\/24\/alckmin-inaugura-zona-de-processamento-de-exportacao-no-mato-grosso\/","og_site_name":"MRNews","article_publisher":"https:\/\/www.facebook.com\/eaipahpah\/?locale2=pt_BR","article_published_time":"2025-10-24T19:51:13+00:00","author":"MR News","twitter_card":"summary_large_image","twitter_creator":"@conspirou","twitter_site":"@conspirou","twitter_misc":{"Escrito por":"MR News","Est. tempo de leitura":"2 minutos"},"schema":{"@context":"https:\/\/schema.org","@graph":[{"@type":"Article","@id":"https:\/\/mrnews.com.br\/index.php\/2025\/10\/24\/alckmin-inaugura-zona-de-processamento-de-exportacao-no-mato-grosso\/#article","isPartOf":{"@id":"https:\/\/mrnews.com.br\/index.php\/2025\/10\/24\/alckmin-inaugura-zona-de-processamento-de-exportacao-no-mato-grosso\/"},"author":{"name":"MR News","@id":"https:\/\/mrnews.com.br\/#\/schema\/person\/be3203154562a9f207407861cef7827b"},"headline":"Alckmin inaugura Zona de Processamento de Exporta\u00e7\u00e3o no Mato Grosso","datePublished":"2025-10-24T19:51:13+00:00","mainEntityOfPage":{"@id":"https:\/\/mrnews.com.br\/index.php\/2025\/10\/24\/alckmin-inaugura-zona-de-processamento-de-exportacao-no-mato-grosso\/"},"wordCount":478,"commentCount":0,"publisher":{"@id":"https:\/\/mrnews.com.br\/#organization"},"articleSection":["ENTRETENIMENTO","NOTICIAS","SERVI\u00c7OS"],"inLanguage":"pt-BR","potentialAction":[{"@type":"CommentAction","name":"Comment","target":["https:\/\/mrnews.com.br\/index.php\/2025\/10\/24\/alckmin-inaugura-zona-de-processamento-de-exportacao-no-mato-grosso\/#respond"]}]},{"@type":"WebPage","@id":"https:\/\/mrnews.com.br\/index.php\/2025\/10\/24\/alckmin-inaugura-zona-de-processamento-de-exportacao-no-mato-grosso\/","url":"https:\/\/mrnews.com.br\/index.php\/2025\/10\/24\/alckmin-inaugura-zona-de-processamento-de-exportacao-no-mato-grosso\/","name":"Alckmin inaugura Zona de Processamento de Exporta\u00e7\u00e3o no Mato Grosso","isPartOf":{"@id":"https:\/\/mrnews.com.br\/#website"},"datePublished":"2025-10-24T19:51:13+00:00","breadcrumb":{"@id":"https:\/\/mrnews.com.br\/index.php\/2025\/10\/24\/alckmin-inaugura-zona-de-processamento-de-exportacao-no-mato-grosso\/#breadcrumb"},"inLanguage":"pt-BR","potentialAction":[{"@type":"ReadAction","target":["https:\/\/mrnews.com.br\/index.php\/2025\/10\/24\/alckmin-inaugura-zona-de-processamento-de-exportacao-no-mato-grosso\/"]}]},{"@type":"BreadcrumbList","@id":"https:\/\/mrnews.com.br\/index.php\/2025\/10\/24\/alckmin-inaugura-zona-de-processamento-de-exportacao-no-mato-grosso\/#breadcrumb","itemListElement":[{"@type":"ListItem","position":1,"name":"In\u00edcio","item":"https:\/\/mrnews.com.br\/"},{"@type":"ListItem","position":2,"name":"Alckmin inaugura Zona de Processamento de Exporta\u00e7\u00e3o no Mato Grosso"}]},{"@type":"WebSite","@id":"https:\/\/mrnews.com.br\/#website","url":"https:\/\/mrnews.com.br\/","name":"MRNews","description":"MRNews Jogos de hoje da TV, transmiss\u00f5es ao vivo, Not\u00edcias de futebol, Jogos ao vivo, Lives, resumo de novelas, Programa\u00e7\u00e3o da Globo, A Fazenda e BBB","publisher":{"@id":"https:\/\/mrnews.com.br\/#organization"},"potentialAction":[{"@type":"SearchAction","target":{"@type":"EntryPoint","urlTemplate":"https:\/\/mrnews.com.br\/?s={search_term_string}"},"query-input":{"@type":"PropertyValueSpecification","valueRequired":true,"valueName":"search_term_string"}}],"inLanguage":"pt-BR"},{"@type":"Organization","@id":"https:\/\/mrnews.com.br\/#organization","name":"MRNews","url":"https:\/\/mrnews.com.br\/","logo":{"@type":"ImageObject","inLanguage":"pt-BR","@id":"https:\/\/mrnews.com.br\/#\/schema\/logo\/image\/","url":"https:\/\/mrnews.com.br\/wp-content\/uploads\/2019\/06\/MRNewslogo2.png","contentUrl":"https:\/\/mrnews.com.br\/wp-content\/uploads\/2019\/06\/MRNewslogo2.png","width":223,"height":58,"caption":"MRNews"},"image":{"@id":"https:\/\/mrnews.com.br\/#\/schema\/logo\/image\/"},"sameAs":["https:\/\/www.facebook.com\/eaipahpah\/?locale2=pt_BR","https:\/\/x.com\/conspirou","https:\/\/www.instagram.com\/eai_pahpah","https:\/\/br.pinterest.com\/mrnewsn\/boards\/","https:\/\/www.youtube.com\/channel\/UCacgnpznQ61fifLWr1tQ-vA?view_as=subscriber"]},{"@type":"Person","@id":"https:\/\/mrnews.com.br\/#\/schema\/person\/be3203154562a9f207407861cef7827b","name":"MR News","image":{"@type":"ImageObject","inLanguage":"pt-BR","@id":"https:\/\/secure.gravatar.com\/avatar\/04084e6d73c042b8646e7c17b494073bf0ede3ea13c7105cfc45cbbbc28385a4?s=96&d=monsterid&r=g","url":"https:\/\/secure.gravatar.com\/avatar\/04084e6d73c042b8646e7c17b494073bf0ede3ea13c7105cfc45cbbbc28385a4?s=96&d=monsterid&r=g","contentUrl":"https:\/\/secure.gravatar.com\/avatar\/04084e6d73c042b8646e7c17b494073bf0ede3ea13c7105cfc45cbbbc28385a4?s=96&d=monsterid&r=g","caption":"MR News"},"description":"Especializado em jornalismo colaborativo pela FTP em n\u00edvel de p\u00f3s-gradua\u00e7\u00e3o. suporte@oimeliga.combr","sameAs":["HUGO R.","Admin"],"url":"https:\/\/mrnews.com.br\/index.php\/author\/admin\/"}]}},"jetpack_featured_media_url":"","jetpack_sharing_enabled":true,"jetpack_shortlink":"https:\/\/wp.me\/pa2Qf7-1TnP","amp_enabled":true,"_links":{"self":[{"href":"https:\/\/mrnews.com.br\/index.php\/wp-json\/wp\/v2\/posts\/451225","targetHints":{"allow":["GET"]}}],"collection":[{"href":"https:\/\/mrnews.com.br\/index.php\/wp-json\/wp\/v2\/posts"}],"about":[{"href":"https:\/\/mrnews.com.br\/index.php\/wp-json\/wp\/v2\/types\/post"}],"author":[{"embeddable":true,"href":"https:\/\/mrnews.com.br\/index.php\/wp-json\/wp\/v2\/users\/1"}],"replies":[{"embeddable":true,"href":"https:\/\/mrnews.com.br\/index.php\/wp-json\/wp\/v2\/comments?post=451225"}],"version-history":[{"count":0,"href":"https:\/\/mrnews.com.br\/index.php\/wp-json\/wp\/v2\/posts\/451225\/revisions"}],"wp:attachment":[{"href":"https:\/\/mrnews.com.br\/index.php\/wp-json\/wp\/v2\/media?parent=451225"}],"wp:term":[{"taxonomy":"category","embeddable":true,"href":"https:\/\/mrnews.com.br\/index.php\/wp-json\/wp\/v2\/categories?post=451225"},{"taxonomy":"post_tag","embeddable":true,"href":"https:\/\/mrnews.com.br\/index.php\/wp-json\/wp\/v2\/tags?post=451225"}],"curies":[{"name":"wp","href":"https:\/\/api.w.org\/{rel}","templated":true}]}}