{"id":451253,"date":"2025-10-24T23:16:13","date_gmt":"2025-10-25T02:16:13","guid":{"rendered":"https:\/\/mrnews.com.br\/index.php\/2025\/10\/24\/robson-sampaio-e-declarado-patrono-do-paradesporto-brasileiro\/"},"modified":"2025-10-24T23:16:13","modified_gmt":"2025-10-25T02:16:13","slug":"robson-sampaio-e-declarado-patrono-do-paradesporto-brasileiro","status":"publish","type":"post","link":"https:\/\/mrnews.com.br\/index.php\/2025\/10\/24\/robson-sampaio-e-declarado-patrono-do-paradesporto-brasileiro\/","title":{"rendered":"Robson Sampaio \u00e9 declarado Patrono do Paradesporto Brasileiro"},"content":{"rendered":"<p><\/p>\n<div>\n<p>Robson Sampaio de Almeida foi declarado como Patrono do Paradesporto Brasileiro. A Lei 15.238 que foi sancionada pelo\u00a0vice-presidente da Rep\u00fablica, Geraldo Alckmin, foi publicada nesta sexta-feira (24) no Di\u00e1rio Oficial da Uni\u00e3o (DOU).<\/p>\n<p>O alagoano foi um dos pioneiros do Movimento Paral\u00edmpico no Brasil e participou da conquista da primeira medalha brasileira em Jogos Paral\u00edmpicos, no ano de 1976 em Toronto (Canad\u00e1). Uma prata na modalidade Lawn Bowls, antecedente da bocha praticada na grama, que foi obtida ao lado de Luiz Carlos.<\/p>\n<p>Em depoimento ao programa Caminhos da Reportagem, da <strong>TV Brasil<\/strong>, a doutora em Educa\u00e7\u00e3o F\u00edsica na \u00e1rea de Atividade F\u00edsica Adaptada Michele Barreto relatou que esta medalha foi conquistada em um momento no qual o movimento paral\u00edmpico ainda dava seus primeiros passos: \u201cNaquele momento, como a ideia era a participa\u00e7\u00e3o [do Brasil nos Jogos], a organiza\u00e7\u00e3o dos Jogos n\u00e3o era t\u00e3o r\u00edgida. A prioridade de permitir a participa\u00e7\u00e3o era o mais interessante. Ent\u00e3o os atletas brasileiros, e ouvi isso do pr\u00f3prio atleta medalhista Luiz Carlos, n\u00e3o conheciam a modalidade Lawn Bowls. Eles foram para competir na nata\u00e7\u00e3o e no basquete, modalidades que at\u00e9 ent\u00e3o eram desenvolvidas no pa\u00eds, e chegando l\u00e1 eles viram o jogo. Existia um kit espec\u00edfico de Lawn Bowls que os atletas do Brasil n\u00e3o tinham, e pegaram emprestado e trouxeram a primeira medalha de prata do Brasil\u201d.<\/p>\n<p>Robson conheceu o basquete em cadeira de rodas durante processo de reabilita\u00e7\u00e3o nos Estados Unidos e fundou, ao lado do t\u00e9cnico Aldo Miccolis, o Clube do Otimismo, no Rio de Janeiro em 1958. A organiza\u00e7\u00e3o foi criada dois anos antes da primeira edi\u00e7\u00e3o dos Jogos Paral\u00edmpicos, em Roma (It\u00e1lia) em 1960, ainda sem a participa\u00e7\u00e3o brasileira.<\/p>\n<p>O Patrono do Paradesporto Brasileiro tamb\u00e9m fez parte da primeira delega\u00e7\u00e3o do Brasil em Jogos Paral\u00edmpicos, em Heindelberg (Alemanha), nas disputas do basquete em cadeira de rodas e do atletismo.<\/p>\n<p>      <!-- Relacionada --><\/p>\n<p>            <!-- Relacionada -->\n    <\/div>\n","protected":false},"excerpt":{"rendered":"<p>Robson Sampaio de Almeida foi declarado como Patrono do Paradesporto Brasileiro. A Lei 15.238 que foi sancionada pelo\u00a0vice-presidente da Rep\u00fablica, Geraldo Alckmin, foi publicada nesta sexta-feira (24) no Di\u00e1rio Oficial da Uni\u00e3o (DOU). O alagoano foi um dos pioneiros do Movimento Paral\u00edmpico no Brasil e participou da conquista da primeira medalha brasileira em Jogos Paral\u00edmpicos, &hellip;<\/p>\n","protected":false},"author":1,"featured_media":0,"comment_status":"open","ping_status":"open","sticky":false,"template":"","format":"standard","meta":{"_jetpack_memberships_contains_paid_content":false,"footnotes":""},"categories":[3,4587,4],"tags":[],"class_list":["post-451253","post","type-post","status-publish","format-standard","hentry","category-esportes1","category-esportes","category-servicos"],"yoast_head":"<!-- This site is optimized with the Yoast SEO plugin v27.5 - https:\/\/yoast.com\/product\/yoast-seo-wordpress\/ -->\n<title>Robson Sampaio \u00e9 declarado Patrono do Paradesporto Brasileiro<\/title>\n<meta name=\"robots\" content=\"index, follow, max-snippet:-1, max-image-preview:large, max-video-preview:-1\" \/>\n<link rel=\"canonical\" href=\"https:\/\/mrnews.com.br\/index.php\/2025\/10\/24\/robson-sampaio-e-declarado-patrono-do-paradesporto-brasileiro\/\" \/>\n<meta property=\"og:locale\" content=\"pt_BR\" \/>\n<meta property=\"og:type\" content=\"article\" \/>\n<meta property=\"og:title\" content=\"Robson Sampaio \u00e9 declarado Patrono do Paradesporto Brasileiro\" \/>\n<meta property=\"og:description\" content=\"Robson Sampaio de Almeida foi declarado como Patrono do Paradesporto Brasileiro. A Lei 15.238 que foi sancionada pelo\u00a0vice-presidente da Rep\u00fablica, Geraldo Alckmin, foi publicada nesta sexta-feira (24) no Di\u00e1rio Oficial da Uni\u00e3o (DOU). O alagoano foi um dos pioneiros do Movimento Paral\u00edmpico no Brasil e participou da conquista da primeira medalha brasileira em Jogos Paral\u00edmpicos, &hellip;\" \/>\n<meta property=\"og:url\" content=\"https:\/\/mrnews.com.br\/index.php\/2025\/10\/24\/robson-sampaio-e-declarado-patrono-do-paradesporto-brasileiro\/\" \/>\n<meta property=\"og:site_name\" content=\"MRNews\" \/>\n<meta property=\"article:publisher\" content=\"https:\/\/www.facebook.com\/eaipahpah\/?locale2=pt_BR\" \/>\n<meta property=\"article:published_time\" content=\"2025-10-25T02:16:13+00:00\" \/>\n<meta name=\"author\" content=\"MR News\" \/>\n<meta name=\"twitter:card\" content=\"summary_large_image\" \/>\n<meta name=\"twitter:creator\" content=\"@conspirou\" \/>\n<meta name=\"twitter:site\" content=\"@conspirou\" \/>\n<meta name=\"twitter:label1\" content=\"Escrito por\" \/>\n\t<meta name=\"twitter:data1\" content=\"MR News\" \/>\n\t<meta name=\"twitter:label2\" content=\"Est. tempo de leitura\" \/>\n\t<meta name=\"twitter:data2\" content=\"2 minutos\" \/>\n<script type=\"application\/ld+json\" class=\"yoast-schema-graph\">{\"@context\":\"https:\\\/\\\/schema.org\",\"@graph\":[{\"@type\":\"Article\",\"@id\":\"https:\\\/\\\/mrnews.com.br\\\/index.php\\\/2025\\\/10\\\/24\\\/robson-sampaio-e-declarado-patrono-do-paradesporto-brasileiro\\\/#article\",\"isPartOf\":{\"@id\":\"https:\\\/\\\/mrnews.com.br\\\/index.php\\\/2025\\\/10\\\/24\\\/robson-sampaio-e-declarado-patrono-do-paradesporto-brasileiro\\\/\"},\"author\":{\"name\":\"MR News\",\"@id\":\"https:\\\/\\\/mrnews.com.br\\\/#\\\/schema\\\/person\\\/be3203154562a9f207407861cef7827b\"},\"headline\":\"Robson Sampaio \u00e9 declarado Patrono do Paradesporto Brasileiro\",\"datePublished\":\"2025-10-25T02:16:13+00:00\",\"mainEntityOfPage\":{\"@id\":\"https:\\\/\\\/mrnews.com.br\\\/index.php\\\/2025\\\/10\\\/24\\\/robson-sampaio-e-declarado-patrono-do-paradesporto-brasileiro\\\/\"},\"wordCount\":345,\"commentCount\":0,\"publisher\":{\"@id\":\"https:\\\/\\\/mrnews.com.br\\\/#organization\"},\"articleSection\":[\"ESPORTES\",\"Esportes\",\"SERVI\u00c7OS\"],\"inLanguage\":\"pt-BR\",\"potentialAction\":[{\"@type\":\"CommentAction\",\"name\":\"Comment\",\"target\":[\"https:\\\/\\\/mrnews.com.br\\\/index.php\\\/2025\\\/10\\\/24\\\/robson-sampaio-e-declarado-patrono-do-paradesporto-brasileiro\\\/#respond\"]}]},{\"@type\":\"WebPage\",\"@id\":\"https:\\\/\\\/mrnews.com.br\\\/index.php\\\/2025\\\/10\\\/24\\\/robson-sampaio-e-declarado-patrono-do-paradesporto-brasileiro\\\/\",\"url\":\"https:\\\/\\\/mrnews.com.br\\\/index.php\\\/2025\\\/10\\\/24\\\/robson-sampaio-e-declarado-patrono-do-paradesporto-brasileiro\\\/\",\"name\":\"Robson Sampaio \u00e9 declarado Patrono do Paradesporto Brasileiro\",\"isPartOf\":{\"@id\":\"https:\\\/\\\/mrnews.com.br\\\/#website\"},\"datePublished\":\"2025-10-25T02:16:13+00:00\",\"breadcrumb\":{\"@id\":\"https:\\\/\\\/mrnews.com.br\\\/index.php\\\/2025\\\/10\\\/24\\\/robson-sampaio-e-declarado-patrono-do-paradesporto-brasileiro\\\/#breadcrumb\"},\"inLanguage\":\"pt-BR\",\"potentialAction\":[{\"@type\":\"ReadAction\",\"target\":[\"https:\\\/\\\/mrnews.com.br\\\/index.php\\\/2025\\\/10\\\/24\\\/robson-sampaio-e-declarado-patrono-do-paradesporto-brasileiro\\\/\"]}]},{\"@type\":\"BreadcrumbList\",\"@id\":\"https:\\\/\\\/mrnews.com.br\\\/index.php\\\/2025\\\/10\\\/24\\\/robson-sampaio-e-declarado-patrono-do-paradesporto-brasileiro\\\/#breadcrumb\",\"itemListElement\":[{\"@type\":\"ListItem\",\"position\":1,\"name\":\"In\u00edcio\",\"item\":\"https:\\\/\\\/mrnews.com.br\\\/\"},{\"@type\":\"ListItem\",\"position\":2,\"name\":\"Robson Sampaio \u00e9 declarado Patrono do Paradesporto Brasileiro\"}]},{\"@type\":\"WebSite\",\"@id\":\"https:\\\/\\\/mrnews.com.br\\\/#website\",\"url\":\"https:\\\/\\\/mrnews.com.br\\\/\",\"name\":\"MRNews\",\"description\":\"MRNews Jogos de hoje da TV, transmiss\u00f5es ao vivo, Not\u00edcias de futebol, Jogos ao vivo, Lives, resumo de novelas, Programa\u00e7\u00e3o da Globo, A Fazenda e BBB\",\"publisher\":{\"@id\":\"https:\\\/\\\/mrnews.com.br\\\/#organization\"},\"potentialAction\":[{\"@type\":\"SearchAction\",\"target\":{\"@type\":\"EntryPoint\",\"urlTemplate\":\"https:\\\/\\\/mrnews.com.br\\\/?s={search_term_string}\"},\"query-input\":{\"@type\":\"PropertyValueSpecification\",\"valueRequired\":true,\"valueName\":\"search_term_string\"}}],\"inLanguage\":\"pt-BR\"},{\"@type\":\"Organization\",\"@id\":\"https:\\\/\\\/mrnews.com.br\\\/#organization\",\"name\":\"MRNews\",\"url\":\"https:\\\/\\\/mrnews.com.br\\\/\",\"logo\":{\"@type\":\"ImageObject\",\"inLanguage\":\"pt-BR\",\"@id\":\"https:\\\/\\\/mrnews.com.br\\\/#\\\/schema\\\/logo\\\/image\\\/\",\"url\":\"https:\\\/\\\/mrnews.com.br\\\/wp-content\\\/uploads\\\/2019\\\/06\\\/MRNewslogo2.png\",\"contentUrl\":\"https:\\\/\\\/mrnews.com.br\\\/wp-content\\\/uploads\\\/2019\\\/06\\\/MRNewslogo2.png\",\"width\":223,\"height\":58,\"caption\":\"MRNews\"},\"image\":{\"@id\":\"https:\\\/\\\/mrnews.com.br\\\/#\\\/schema\\\/logo\\\/image\\\/\"},\"sameAs\":[\"https:\\\/\\\/www.facebook.com\\\/eaipahpah\\\/?locale2=pt_BR\",\"https:\\\/\\\/x.com\\\/conspirou\",\"https:\\\/\\\/www.instagram.com\\\/eai_pahpah\",\"https:\\\/\\\/br.pinterest.com\\\/mrnewsn\\\/boards\\\/\",\"https:\\\/\\\/www.youtube.com\\\/channel\\\/UCacgnpznQ61fifLWr1tQ-vA?view_as=subscriber\"]},{\"@type\":\"Person\",\"@id\":\"https:\\\/\\\/mrnews.com.br\\\/#\\\/schema\\\/person\\\/be3203154562a9f207407861cef7827b\",\"name\":\"MR News\",\"image\":{\"@type\":\"ImageObject\",\"inLanguage\":\"pt-BR\",\"@id\":\"https:\\\/\\\/secure.gravatar.com\\\/avatar\\\/04084e6d73c042b8646e7c17b494073bf0ede3ea13c7105cfc45cbbbc28385a4?s=96&d=monsterid&r=g\",\"url\":\"https:\\\/\\\/secure.gravatar.com\\\/avatar\\\/04084e6d73c042b8646e7c17b494073bf0ede3ea13c7105cfc45cbbbc28385a4?s=96&d=monsterid&r=g\",\"contentUrl\":\"https:\\\/\\\/secure.gravatar.com\\\/avatar\\\/04084e6d73c042b8646e7c17b494073bf0ede3ea13c7105cfc45cbbbc28385a4?s=96&d=monsterid&r=g\",\"caption\":\"MR News\"},\"description\":\"Especializado em jornalismo colaborativo pela FTP em n\u00edvel de p\u00f3s-gradua\u00e7\u00e3o. suporte@oimeliga.combr\",\"sameAs\":[\"HUGO R.\",\"Admin\"],\"url\":\"https:\\\/\\\/mrnews.com.br\\\/index.php\\\/author\\\/admin\\\/\"}]}<\/script>\n<!-- \/ Yoast SEO plugin. -->","yoast_head_json":{"title":"Robson Sampaio \u00e9 declarado Patrono do Paradesporto Brasileiro","robots":{"index":"index","follow":"follow","max-snippet":"max-snippet:-1","max-image-preview":"max-image-preview:large","max-video-preview":"max-video-preview:-1"},"canonical":"https:\/\/mrnews.com.br\/index.php\/2025\/10\/24\/robson-sampaio-e-declarado-patrono-do-paradesporto-brasileiro\/","og_locale":"pt_BR","og_type":"article","og_title":"Robson Sampaio \u00e9 declarado Patrono do Paradesporto Brasileiro","og_description":"Robson Sampaio de Almeida foi declarado como Patrono do Paradesporto Brasileiro. A Lei 15.238 que foi sancionada pelo\u00a0vice-presidente da Rep\u00fablica, Geraldo Alckmin, foi publicada nesta sexta-feira (24) no Di\u00e1rio Oficial da Uni\u00e3o (DOU). O alagoano foi um dos pioneiros do Movimento Paral\u00edmpico no Brasil e participou da conquista da primeira medalha brasileira em Jogos Paral\u00edmpicos, &hellip;","og_url":"https:\/\/mrnews.com.br\/index.php\/2025\/10\/24\/robson-sampaio-e-declarado-patrono-do-paradesporto-brasileiro\/","og_site_name":"MRNews","article_publisher":"https:\/\/www.facebook.com\/eaipahpah\/?locale2=pt_BR","article_published_time":"2025-10-25T02:16:13+00:00","author":"MR News","twitter_card":"summary_large_image","twitter_creator":"@conspirou","twitter_site":"@conspirou","twitter_misc":{"Escrito por":"MR News","Est. tempo de leitura":"2 minutos"},"schema":{"@context":"https:\/\/schema.org","@graph":[{"@type":"Article","@id":"https:\/\/mrnews.com.br\/index.php\/2025\/10\/24\/robson-sampaio-e-declarado-patrono-do-paradesporto-brasileiro\/#article","isPartOf":{"@id":"https:\/\/mrnews.com.br\/index.php\/2025\/10\/24\/robson-sampaio-e-declarado-patrono-do-paradesporto-brasileiro\/"},"author":{"name":"MR News","@id":"https:\/\/mrnews.com.br\/#\/schema\/person\/be3203154562a9f207407861cef7827b"},"headline":"Robson Sampaio \u00e9 declarado Patrono do Paradesporto Brasileiro","datePublished":"2025-10-25T02:16:13+00:00","mainEntityOfPage":{"@id":"https:\/\/mrnews.com.br\/index.php\/2025\/10\/24\/robson-sampaio-e-declarado-patrono-do-paradesporto-brasileiro\/"},"wordCount":345,"commentCount":0,"publisher":{"@id":"https:\/\/mrnews.com.br\/#organization"},"articleSection":["ESPORTES","Esportes","SERVI\u00c7OS"],"inLanguage":"pt-BR","potentialAction":[{"@type":"CommentAction","name":"Comment","target":["https:\/\/mrnews.com.br\/index.php\/2025\/10\/24\/robson-sampaio-e-declarado-patrono-do-paradesporto-brasileiro\/#respond"]}]},{"@type":"WebPage","@id":"https:\/\/mrnews.com.br\/index.php\/2025\/10\/24\/robson-sampaio-e-declarado-patrono-do-paradesporto-brasileiro\/","url":"https:\/\/mrnews.com.br\/index.php\/2025\/10\/24\/robson-sampaio-e-declarado-patrono-do-paradesporto-brasileiro\/","name":"Robson Sampaio \u00e9 declarado Patrono do Paradesporto Brasileiro","isPartOf":{"@id":"https:\/\/mrnews.com.br\/#website"},"datePublished":"2025-10-25T02:16:13+00:00","breadcrumb":{"@id":"https:\/\/mrnews.com.br\/index.php\/2025\/10\/24\/robson-sampaio-e-declarado-patrono-do-paradesporto-brasileiro\/#breadcrumb"},"inLanguage":"pt-BR","potentialAction":[{"@type":"ReadAction","target":["https:\/\/mrnews.com.br\/index.php\/2025\/10\/24\/robson-sampaio-e-declarado-patrono-do-paradesporto-brasileiro\/"]}]},{"@type":"BreadcrumbList","@id":"https:\/\/mrnews.com.br\/index.php\/2025\/10\/24\/robson-sampaio-e-declarado-patrono-do-paradesporto-brasileiro\/#breadcrumb","itemListElement":[{"@type":"ListItem","position":1,"name":"In\u00edcio","item":"https:\/\/mrnews.com.br\/"},{"@type":"ListItem","position":2,"name":"Robson Sampaio \u00e9 declarado Patrono do Paradesporto Brasileiro"}]},{"@type":"WebSite","@id":"https:\/\/mrnews.com.br\/#website","url":"https:\/\/mrnews.com.br\/","name":"MRNews","description":"MRNews Jogos de hoje da TV, transmiss\u00f5es ao vivo, Not\u00edcias de futebol, Jogos ao vivo, Lives, resumo de novelas, Programa\u00e7\u00e3o da Globo, A Fazenda e BBB","publisher":{"@id":"https:\/\/mrnews.com.br\/#organization"},"potentialAction":[{"@type":"SearchAction","target":{"@type":"EntryPoint","urlTemplate":"https:\/\/mrnews.com.br\/?s={search_term_string}"},"query-input":{"@type":"PropertyValueSpecification","valueRequired":true,"valueName":"search_term_string"}}],"inLanguage":"pt-BR"},{"@type":"Organization","@id":"https:\/\/mrnews.com.br\/#organization","name":"MRNews","url":"https:\/\/mrnews.com.br\/","logo":{"@type":"ImageObject","inLanguage":"pt-BR","@id":"https:\/\/mrnews.com.br\/#\/schema\/logo\/image\/","url":"https:\/\/mrnews.com.br\/wp-content\/uploads\/2019\/06\/MRNewslogo2.png","contentUrl":"https:\/\/mrnews.com.br\/wp-content\/uploads\/2019\/06\/MRNewslogo2.png","width":223,"height":58,"caption":"MRNews"},"image":{"@id":"https:\/\/mrnews.com.br\/#\/schema\/logo\/image\/"},"sameAs":["https:\/\/www.facebook.com\/eaipahpah\/?locale2=pt_BR","https:\/\/x.com\/conspirou","https:\/\/www.instagram.com\/eai_pahpah","https:\/\/br.pinterest.com\/mrnewsn\/boards\/","https:\/\/www.youtube.com\/channel\/UCacgnpznQ61fifLWr1tQ-vA?view_as=subscriber"]},{"@type":"Person","@id":"https:\/\/mrnews.com.br\/#\/schema\/person\/be3203154562a9f207407861cef7827b","name":"MR News","image":{"@type":"ImageObject","inLanguage":"pt-BR","@id":"https:\/\/secure.gravatar.com\/avatar\/04084e6d73c042b8646e7c17b494073bf0ede3ea13c7105cfc45cbbbc28385a4?s=96&d=monsterid&r=g","url":"https:\/\/secure.gravatar.com\/avatar\/04084e6d73c042b8646e7c17b494073bf0ede3ea13c7105cfc45cbbbc28385a4?s=96&d=monsterid&r=g","contentUrl":"https:\/\/secure.gravatar.com\/avatar\/04084e6d73c042b8646e7c17b494073bf0ede3ea13c7105cfc45cbbbc28385a4?s=96&d=monsterid&r=g","caption":"MR News"},"description":"Especializado em jornalismo colaborativo pela FTP em n\u00edvel de p\u00f3s-gradua\u00e7\u00e3o. suporte@oimeliga.combr","sameAs":["HUGO R.","Admin"],"url":"https:\/\/mrnews.com.br\/index.php\/author\/admin\/"}]}},"jetpack_featured_media_url":"","jetpack_sharing_enabled":true,"jetpack_shortlink":"https:\/\/wp.me\/pa2Qf7-1Toh","amp_enabled":true,"_links":{"self":[{"href":"https:\/\/mrnews.com.br\/index.php\/wp-json\/wp\/v2\/posts\/451253","targetHints":{"allow":["GET"]}}],"collection":[{"href":"https:\/\/mrnews.com.br\/index.php\/wp-json\/wp\/v2\/posts"}],"about":[{"href":"https:\/\/mrnews.com.br\/index.php\/wp-json\/wp\/v2\/types\/post"}],"author":[{"embeddable":true,"href":"https:\/\/mrnews.com.br\/index.php\/wp-json\/wp\/v2\/users\/1"}],"replies":[{"embeddable":true,"href":"https:\/\/mrnews.com.br\/index.php\/wp-json\/wp\/v2\/comments?post=451253"}],"version-history":[{"count":0,"href":"https:\/\/mrnews.com.br\/index.php\/wp-json\/wp\/v2\/posts\/451253\/revisions"}],"wp:attachment":[{"href":"https:\/\/mrnews.com.br\/index.php\/wp-json\/wp\/v2\/media?parent=451253"}],"wp:term":[{"taxonomy":"category","embeddable":true,"href":"https:\/\/mrnews.com.br\/index.php\/wp-json\/wp\/v2\/categories?post=451253"},{"taxonomy":"post_tag","embeddable":true,"href":"https:\/\/mrnews.com.br\/index.php\/wp-json\/wp\/v2\/tags?post=451253"}],"curies":[{"name":"wp","href":"https:\/\/api.w.org\/{rel}","templated":true}]}}