{"id":451278,"date":"2025-10-25T11:45:13","date_gmt":"2025-10-25T14:45:13","guid":{"rendered":"https:\/\/mrnews.com.br\/index.php\/2025\/10\/25\/belem-vira-galeria-a-ceu-aberto-com-estatuas-de-oncas-coloridas\/"},"modified":"2025-10-25T11:45:13","modified_gmt":"2025-10-25T14:45:13","slug":"belem-vira-galeria-a-ceu-aberto-com-estatuas-de-oncas-coloridas","status":"publish","type":"post","link":"https:\/\/mrnews.com.br\/index.php\/2025\/10\/25\/belem-vira-galeria-a-ceu-aberto-com-estatuas-de-oncas-coloridas\/","title":{"rendered":"Bel\u00e9m vira galeria a c\u00e9u aberto com est\u00e1tuas de on\u00e7as coloridas"},"content":{"rendered":"<p>Por EBC, <\/p>\n<div>\n<p>A partir deste s\u00e1bado (25), Bel\u00e9m se transforma em uma grande galeria a c\u00e9u aberto com a chegada da <strong>Jaguar Parade 2025<\/strong>, exposi\u00e7\u00e3o internacional que une arte, cultura e consci\u00eancia ambiental. A <strong>mostra<\/strong>, que coincide com o per\u00edodo em que a cidade sedia a 30\u00aa Confer\u00eancia das Na\u00e7\u00f5es Unidas Sobre Mudan\u00e7as Clim\u00e1ticas (COP30), apresenta <strong>cerca de 50 esculturas de on\u00e7as-pintadas espalhadas por pontos tur\u00edsticos e espa\u00e7os de grande circula\u00e7\u00e3o<\/strong>.<\/p>\n<p>As <strong>esculturas coloridas e estilizadas<\/strong>, criadas por artistas brasileiros e internacionais, d<strong>estacam a import\u00e2ncia da preserva\u00e7\u00e3o da on\u00e7a-pintada e de seu habitat<\/strong>, especialmente na Amaz\u00f4nia, onde vive a maior popula\u00e7\u00e3o do felino.<\/p>\n<p>Das 50 obras expostas, 38 foram customizadas por artistas paraenses, duas vieram do Maranh\u00e3o e dez s\u00e3o reapresenta\u00e7\u00f5es de edi\u00e7\u00f5es anteriores em cidades como S\u00e3o Paulo, Rio de Janeiro, Belo Horizonte, Florian\u00f3polis, Nova York, Cali e Paris \u2013\u00a0onde o projeto integrou a programa\u00e7\u00e3o dos Jogos Ol\u00edmpicos de 2024.<\/p>\n<p><strong>A edi\u00e7\u00e3o de Bel\u00e9m tamb\u00e9m valoriza o protagonismo feminino amaz\u00f4nico<\/strong>. As artistas e madrinhas Gaby Amarantos, Faf\u00e1 de Bel\u00e9m e Isabelle Nogueira se unem \u00e0 iniciativa para refor\u00e7ar a mensagem de defesa da floresta e da biodiversidade.<\/p>\n<div class=\"dnd-widget-wrapper context-grande_6colunas type-image atom-align-left\">\n<div class=\"dnd-atom-rendered\"><!-- scald=441820:grande_6colunas {\"additionalClasses\":\"\"} --><\/p>\n<p>    <!-- END scald=441820 --><\/div>\n<p><h6 class=\"meta\">Esculturas\u00a0de on\u00e7as-pintadas ficam expostas em Bel\u00e9m at\u00e9 30 de novembro &#8211;\u00a0<strong>Foto: Jaguar Parade\/Divulga\u00e7\u00e3o<\/strong><!--END copyright=441820--><\/h6>\n<\/p>\n<\/div>\n<p><strong>As esculturas ficar\u00e3o expostas at\u00e9 30 de novembro<\/strong>. No dia 29, quando se celebra o Dia Nacional da On\u00e7a-Pintada, ser\u00e1 realizado o leil\u00e3o beneficente das obras. Toda a arrecada\u00e7\u00e3o ser\u00e1 destinada para institui\u00e7\u00f5es que atuam na conserva\u00e7\u00e3o da esp\u00e9cie, como On\u00e7afari, Panthera, Ampara Silvestre, SOS Pantanal, Instituto Libio, Instituto Peabiru e BRC.<\/p>\n<p>Criada em 2019, a Jaguar Parade chega pela primeira vez \u00e0 Regi\u00e3o Norte, com o prop\u00f3sito de aliar arte e impacto socioambiental. As on\u00e7as poder\u00e3o ser vistas em locais emblem\u00e1ticos como o Portal da Amaz\u00f4nia, Esta\u00e7\u00e3o das Docas, Ver-o-Rio, Pra\u00e7a da Rep\u00fablica, Pra\u00e7a Santu\u00e1rio de Nazar\u00e9 e Parque da Resid\u00eancia, entre outros.<\/p>\n<p><strong>Servi\u00e7o<\/strong><\/p>\n<p>Jaguar Parade Bel\u00e9m 2025<br \/>Exposi\u00e7\u00e3o em Bel\u00e9m: 25 de outubro a 30 de novembro<br \/>Leil\u00e3o da Jaguar Parade: 29 de novembro<br \/>Informa\u00e7\u00f5es: www.jaguarparade.com\/belem2025<br \/>Redes sociais: @jaguar.parade<\/p>\n<p>      <!-- Relacionada --><\/p>\n<p>            <!-- Relacionada -->\n    <\/div>\n","protected":false},"excerpt":{"rendered":"<p>Por EBC, A partir deste s\u00e1bado (25), Bel\u00e9m se transforma em uma grande galeria a c\u00e9u aberto com a chegada da Jaguar Parade 2025, exposi\u00e7\u00e3o internacional que une arte, cultura e consci\u00eancia ambiental. A mostra, que coincide com o per\u00edodo em que a cidade sedia a 30\u00aa Confer\u00eancia das Na\u00e7\u00f5es Unidas Sobre Mudan\u00e7as Clim\u00e1ticas (COP30), &hellip;<\/p>\n","protected":false},"author":1,"featured_media":0,"comment_status":"open","ping_status":"open","sticky":false,"template":"","format":"standard","meta":{"_jetpack_memberships_contains_paid_content":false,"footnotes":""},"categories":[2,12225,4],"tags":[],"class_list":["post-451278","post","type-post","status-publish","format-standard","hentry","category-entretenimento","category-noticias","category-servicos"],"yoast_head":"<!-- This site is optimized with the Yoast SEO plugin v27.4 - https:\/\/yoast.com\/product\/yoast-seo-wordpress\/ -->\n<title>Bel\u00e9m vira galeria a c\u00e9u aberto com est\u00e1tuas de on\u00e7as coloridas<\/title>\n<meta name=\"robots\" content=\"index, follow, max-snippet:-1, max-image-preview:large, max-video-preview:-1\" \/>\n<link rel=\"canonical\" href=\"https:\/\/mrnews.com.br\/index.php\/2025\/10\/25\/belem-vira-galeria-a-ceu-aberto-com-estatuas-de-oncas-coloridas\/\" \/>\n<meta property=\"og:locale\" content=\"pt_BR\" \/>\n<meta property=\"og:type\" content=\"article\" \/>\n<meta property=\"og:title\" content=\"Bel\u00e9m vira galeria a c\u00e9u aberto com est\u00e1tuas de on\u00e7as coloridas\" \/>\n<meta property=\"og:description\" content=\"Por EBC, A partir deste s\u00e1bado (25), Bel\u00e9m se transforma em uma grande galeria a c\u00e9u aberto com a chegada da Jaguar Parade 2025, exposi\u00e7\u00e3o internacional que une arte, cultura e consci\u00eancia ambiental. A mostra, que coincide com o per\u00edodo em que a cidade sedia a 30\u00aa Confer\u00eancia das Na\u00e7\u00f5es Unidas Sobre Mudan\u00e7as Clim\u00e1ticas (COP30), &hellip;\" \/>\n<meta property=\"og:url\" content=\"https:\/\/mrnews.com.br\/index.php\/2025\/10\/25\/belem-vira-galeria-a-ceu-aberto-com-estatuas-de-oncas-coloridas\/\" \/>\n<meta property=\"og:site_name\" content=\"MRNews\" \/>\n<meta property=\"article:publisher\" content=\"https:\/\/www.facebook.com\/eaipahpah\/?locale2=pt_BR\" \/>\n<meta property=\"article:published_time\" content=\"2025-10-25T14:45:13+00:00\" \/>\n<meta name=\"author\" content=\"MR News\" \/>\n<meta name=\"twitter:card\" content=\"summary_large_image\" \/>\n<meta name=\"twitter:creator\" content=\"@conspirou\" \/>\n<meta name=\"twitter:site\" content=\"@conspirou\" \/>\n<meta name=\"twitter:label1\" content=\"Escrito por\" \/>\n\t<meta name=\"twitter:data1\" content=\"MR News\" \/>\n\t<meta name=\"twitter:label2\" content=\"Est. tempo de leitura\" \/>\n\t<meta name=\"twitter:data2\" content=\"2 minutos\" \/>\n<script type=\"application\/ld+json\" class=\"yoast-schema-graph\">{\"@context\":\"https:\\\/\\\/schema.org\",\"@graph\":[{\"@type\":\"Article\",\"@id\":\"https:\\\/\\\/mrnews.com.br\\\/index.php\\\/2025\\\/10\\\/25\\\/belem-vira-galeria-a-ceu-aberto-com-estatuas-de-oncas-coloridas\\\/#article\",\"isPartOf\":{\"@id\":\"https:\\\/\\\/mrnews.com.br\\\/index.php\\\/2025\\\/10\\\/25\\\/belem-vira-galeria-a-ceu-aberto-com-estatuas-de-oncas-coloridas\\\/\"},\"author\":{\"name\":\"MR News\",\"@id\":\"https:\\\/\\\/mrnews.com.br\\\/#\\\/schema\\\/person\\\/be3203154562a9f207407861cef7827b\"},\"headline\":\"Bel\u00e9m vira galeria a c\u00e9u aberto com est\u00e1tuas de on\u00e7as coloridas\",\"datePublished\":\"2025-10-25T14:45:13+00:00\",\"mainEntityOfPage\":{\"@id\":\"https:\\\/\\\/mrnews.com.br\\\/index.php\\\/2025\\\/10\\\/25\\\/belem-vira-galeria-a-ceu-aberto-com-estatuas-de-oncas-coloridas\\\/\"},\"wordCount\":397,\"commentCount\":0,\"publisher\":{\"@id\":\"https:\\\/\\\/mrnews.com.br\\\/#organization\"},\"articleSection\":[\"ENTRETENIMENTO\",\"NOTICIAS\",\"SERVI\u00c7OS\"],\"inLanguage\":\"pt-BR\",\"potentialAction\":[{\"@type\":\"CommentAction\",\"name\":\"Comment\",\"target\":[\"https:\\\/\\\/mrnews.com.br\\\/index.php\\\/2025\\\/10\\\/25\\\/belem-vira-galeria-a-ceu-aberto-com-estatuas-de-oncas-coloridas\\\/#respond\"]}]},{\"@type\":\"WebPage\",\"@id\":\"https:\\\/\\\/mrnews.com.br\\\/index.php\\\/2025\\\/10\\\/25\\\/belem-vira-galeria-a-ceu-aberto-com-estatuas-de-oncas-coloridas\\\/\",\"url\":\"https:\\\/\\\/mrnews.com.br\\\/index.php\\\/2025\\\/10\\\/25\\\/belem-vira-galeria-a-ceu-aberto-com-estatuas-de-oncas-coloridas\\\/\",\"name\":\"Bel\u00e9m vira galeria a c\u00e9u aberto com est\u00e1tuas de on\u00e7as coloridas\",\"isPartOf\":{\"@id\":\"https:\\\/\\\/mrnews.com.br\\\/#website\"},\"datePublished\":\"2025-10-25T14:45:13+00:00\",\"breadcrumb\":{\"@id\":\"https:\\\/\\\/mrnews.com.br\\\/index.php\\\/2025\\\/10\\\/25\\\/belem-vira-galeria-a-ceu-aberto-com-estatuas-de-oncas-coloridas\\\/#breadcrumb\"},\"inLanguage\":\"pt-BR\",\"potentialAction\":[{\"@type\":\"ReadAction\",\"target\":[\"https:\\\/\\\/mrnews.com.br\\\/index.php\\\/2025\\\/10\\\/25\\\/belem-vira-galeria-a-ceu-aberto-com-estatuas-de-oncas-coloridas\\\/\"]}]},{\"@type\":\"BreadcrumbList\",\"@id\":\"https:\\\/\\\/mrnews.com.br\\\/index.php\\\/2025\\\/10\\\/25\\\/belem-vira-galeria-a-ceu-aberto-com-estatuas-de-oncas-coloridas\\\/#breadcrumb\",\"itemListElement\":[{\"@type\":\"ListItem\",\"position\":1,\"name\":\"In\u00edcio\",\"item\":\"https:\\\/\\\/mrnews.com.br\\\/\"},{\"@type\":\"ListItem\",\"position\":2,\"name\":\"Bel\u00e9m vira galeria a c\u00e9u aberto com est\u00e1tuas de on\u00e7as coloridas\"}]},{\"@type\":\"WebSite\",\"@id\":\"https:\\\/\\\/mrnews.com.br\\\/#website\",\"url\":\"https:\\\/\\\/mrnews.com.br\\\/\",\"name\":\"MRNews\",\"description\":\"MRNews Jogos de hoje da TV, transmiss\u00f5es ao vivo, Not\u00edcias de futebol, Jogos ao vivo, Lives, resumo de novelas, Programa\u00e7\u00e3o da Globo, A Fazenda e BBB\",\"publisher\":{\"@id\":\"https:\\\/\\\/mrnews.com.br\\\/#organization\"},\"potentialAction\":[{\"@type\":\"SearchAction\",\"target\":{\"@type\":\"EntryPoint\",\"urlTemplate\":\"https:\\\/\\\/mrnews.com.br\\\/?s={search_term_string}\"},\"query-input\":{\"@type\":\"PropertyValueSpecification\",\"valueRequired\":true,\"valueName\":\"search_term_string\"}}],\"inLanguage\":\"pt-BR\"},{\"@type\":\"Organization\",\"@id\":\"https:\\\/\\\/mrnews.com.br\\\/#organization\",\"name\":\"MRNews\",\"url\":\"https:\\\/\\\/mrnews.com.br\\\/\",\"logo\":{\"@type\":\"ImageObject\",\"inLanguage\":\"pt-BR\",\"@id\":\"https:\\\/\\\/mrnews.com.br\\\/#\\\/schema\\\/logo\\\/image\\\/\",\"url\":\"https:\\\/\\\/mrnews.com.br\\\/wp-content\\\/uploads\\\/2019\\\/06\\\/MRNewslogo2.png\",\"contentUrl\":\"https:\\\/\\\/mrnews.com.br\\\/wp-content\\\/uploads\\\/2019\\\/06\\\/MRNewslogo2.png\",\"width\":223,\"height\":58,\"caption\":\"MRNews\"},\"image\":{\"@id\":\"https:\\\/\\\/mrnews.com.br\\\/#\\\/schema\\\/logo\\\/image\\\/\"},\"sameAs\":[\"https:\\\/\\\/www.facebook.com\\\/eaipahpah\\\/?locale2=pt_BR\",\"https:\\\/\\\/x.com\\\/conspirou\",\"https:\\\/\\\/www.instagram.com\\\/eai_pahpah\",\"https:\\\/\\\/br.pinterest.com\\\/mrnewsn\\\/boards\\\/\",\"https:\\\/\\\/www.youtube.com\\\/channel\\\/UCacgnpznQ61fifLWr1tQ-vA?view_as=subscriber\"]},{\"@type\":\"Person\",\"@id\":\"https:\\\/\\\/mrnews.com.br\\\/#\\\/schema\\\/person\\\/be3203154562a9f207407861cef7827b\",\"name\":\"MR News\",\"image\":{\"@type\":\"ImageObject\",\"inLanguage\":\"pt-BR\",\"@id\":\"https:\\\/\\\/secure.gravatar.com\\\/avatar\\\/04084e6d73c042b8646e7c17b494073bf0ede3ea13c7105cfc45cbbbc28385a4?s=96&d=monsterid&r=g\",\"url\":\"https:\\\/\\\/secure.gravatar.com\\\/avatar\\\/04084e6d73c042b8646e7c17b494073bf0ede3ea13c7105cfc45cbbbc28385a4?s=96&d=monsterid&r=g\",\"contentUrl\":\"https:\\\/\\\/secure.gravatar.com\\\/avatar\\\/04084e6d73c042b8646e7c17b494073bf0ede3ea13c7105cfc45cbbbc28385a4?s=96&d=monsterid&r=g\",\"caption\":\"MR News\"},\"description\":\"Especializado em jornalismo colaborativo pela FTP em n\u00edvel de p\u00f3s-gradua\u00e7\u00e3o. suporte@oimeliga.combr\",\"sameAs\":[\"HUGO R.\",\"Admin\"],\"url\":\"https:\\\/\\\/mrnews.com.br\\\/index.php\\\/author\\\/admin\\\/\"}]}<\/script>\n<!-- \/ Yoast SEO plugin. -->","yoast_head_json":{"title":"Bel\u00e9m vira galeria a c\u00e9u aberto com est\u00e1tuas de on\u00e7as coloridas","robots":{"index":"index","follow":"follow","max-snippet":"max-snippet:-1","max-image-preview":"max-image-preview:large","max-video-preview":"max-video-preview:-1"},"canonical":"https:\/\/mrnews.com.br\/index.php\/2025\/10\/25\/belem-vira-galeria-a-ceu-aberto-com-estatuas-de-oncas-coloridas\/","og_locale":"pt_BR","og_type":"article","og_title":"Bel\u00e9m vira galeria a c\u00e9u aberto com est\u00e1tuas de on\u00e7as coloridas","og_description":"Por EBC, A partir deste s\u00e1bado (25), Bel\u00e9m se transforma em uma grande galeria a c\u00e9u aberto com a chegada da Jaguar Parade 2025, exposi\u00e7\u00e3o internacional que une arte, cultura e consci\u00eancia ambiental. A mostra, que coincide com o per\u00edodo em que a cidade sedia a 30\u00aa Confer\u00eancia das Na\u00e7\u00f5es Unidas Sobre Mudan\u00e7as Clim\u00e1ticas (COP30), &hellip;","og_url":"https:\/\/mrnews.com.br\/index.php\/2025\/10\/25\/belem-vira-galeria-a-ceu-aberto-com-estatuas-de-oncas-coloridas\/","og_site_name":"MRNews","article_publisher":"https:\/\/www.facebook.com\/eaipahpah\/?locale2=pt_BR","article_published_time":"2025-10-25T14:45:13+00:00","author":"MR News","twitter_card":"summary_large_image","twitter_creator":"@conspirou","twitter_site":"@conspirou","twitter_misc":{"Escrito por":"MR News","Est. tempo de leitura":"2 minutos"},"schema":{"@context":"https:\/\/schema.org","@graph":[{"@type":"Article","@id":"https:\/\/mrnews.com.br\/index.php\/2025\/10\/25\/belem-vira-galeria-a-ceu-aberto-com-estatuas-de-oncas-coloridas\/#article","isPartOf":{"@id":"https:\/\/mrnews.com.br\/index.php\/2025\/10\/25\/belem-vira-galeria-a-ceu-aberto-com-estatuas-de-oncas-coloridas\/"},"author":{"name":"MR News","@id":"https:\/\/mrnews.com.br\/#\/schema\/person\/be3203154562a9f207407861cef7827b"},"headline":"Bel\u00e9m vira galeria a c\u00e9u aberto com est\u00e1tuas de on\u00e7as coloridas","datePublished":"2025-10-25T14:45:13+00:00","mainEntityOfPage":{"@id":"https:\/\/mrnews.com.br\/index.php\/2025\/10\/25\/belem-vira-galeria-a-ceu-aberto-com-estatuas-de-oncas-coloridas\/"},"wordCount":397,"commentCount":0,"publisher":{"@id":"https:\/\/mrnews.com.br\/#organization"},"articleSection":["ENTRETENIMENTO","NOTICIAS","SERVI\u00c7OS"],"inLanguage":"pt-BR","potentialAction":[{"@type":"CommentAction","name":"Comment","target":["https:\/\/mrnews.com.br\/index.php\/2025\/10\/25\/belem-vira-galeria-a-ceu-aberto-com-estatuas-de-oncas-coloridas\/#respond"]}]},{"@type":"WebPage","@id":"https:\/\/mrnews.com.br\/index.php\/2025\/10\/25\/belem-vira-galeria-a-ceu-aberto-com-estatuas-de-oncas-coloridas\/","url":"https:\/\/mrnews.com.br\/index.php\/2025\/10\/25\/belem-vira-galeria-a-ceu-aberto-com-estatuas-de-oncas-coloridas\/","name":"Bel\u00e9m vira galeria a c\u00e9u aberto com est\u00e1tuas de on\u00e7as coloridas","isPartOf":{"@id":"https:\/\/mrnews.com.br\/#website"},"datePublished":"2025-10-25T14:45:13+00:00","breadcrumb":{"@id":"https:\/\/mrnews.com.br\/index.php\/2025\/10\/25\/belem-vira-galeria-a-ceu-aberto-com-estatuas-de-oncas-coloridas\/#breadcrumb"},"inLanguage":"pt-BR","potentialAction":[{"@type":"ReadAction","target":["https:\/\/mrnews.com.br\/index.php\/2025\/10\/25\/belem-vira-galeria-a-ceu-aberto-com-estatuas-de-oncas-coloridas\/"]}]},{"@type":"BreadcrumbList","@id":"https:\/\/mrnews.com.br\/index.php\/2025\/10\/25\/belem-vira-galeria-a-ceu-aberto-com-estatuas-de-oncas-coloridas\/#breadcrumb","itemListElement":[{"@type":"ListItem","position":1,"name":"In\u00edcio","item":"https:\/\/mrnews.com.br\/"},{"@type":"ListItem","position":2,"name":"Bel\u00e9m vira galeria a c\u00e9u aberto com est\u00e1tuas de on\u00e7as coloridas"}]},{"@type":"WebSite","@id":"https:\/\/mrnews.com.br\/#website","url":"https:\/\/mrnews.com.br\/","name":"MRNews","description":"MRNews Jogos de hoje da TV, transmiss\u00f5es ao vivo, Not\u00edcias de futebol, Jogos ao vivo, Lives, resumo de novelas, Programa\u00e7\u00e3o da Globo, A Fazenda e BBB","publisher":{"@id":"https:\/\/mrnews.com.br\/#organization"},"potentialAction":[{"@type":"SearchAction","target":{"@type":"EntryPoint","urlTemplate":"https:\/\/mrnews.com.br\/?s={search_term_string}"},"query-input":{"@type":"PropertyValueSpecification","valueRequired":true,"valueName":"search_term_string"}}],"inLanguage":"pt-BR"},{"@type":"Organization","@id":"https:\/\/mrnews.com.br\/#organization","name":"MRNews","url":"https:\/\/mrnews.com.br\/","logo":{"@type":"ImageObject","inLanguage":"pt-BR","@id":"https:\/\/mrnews.com.br\/#\/schema\/logo\/image\/","url":"https:\/\/mrnews.com.br\/wp-content\/uploads\/2019\/06\/MRNewslogo2.png","contentUrl":"https:\/\/mrnews.com.br\/wp-content\/uploads\/2019\/06\/MRNewslogo2.png","width":223,"height":58,"caption":"MRNews"},"image":{"@id":"https:\/\/mrnews.com.br\/#\/schema\/logo\/image\/"},"sameAs":["https:\/\/www.facebook.com\/eaipahpah\/?locale2=pt_BR","https:\/\/x.com\/conspirou","https:\/\/www.instagram.com\/eai_pahpah","https:\/\/br.pinterest.com\/mrnewsn\/boards\/","https:\/\/www.youtube.com\/channel\/UCacgnpznQ61fifLWr1tQ-vA?view_as=subscriber"]},{"@type":"Person","@id":"https:\/\/mrnews.com.br\/#\/schema\/person\/be3203154562a9f207407861cef7827b","name":"MR News","image":{"@type":"ImageObject","inLanguage":"pt-BR","@id":"https:\/\/secure.gravatar.com\/avatar\/04084e6d73c042b8646e7c17b494073bf0ede3ea13c7105cfc45cbbbc28385a4?s=96&d=monsterid&r=g","url":"https:\/\/secure.gravatar.com\/avatar\/04084e6d73c042b8646e7c17b494073bf0ede3ea13c7105cfc45cbbbc28385a4?s=96&d=monsterid&r=g","contentUrl":"https:\/\/secure.gravatar.com\/avatar\/04084e6d73c042b8646e7c17b494073bf0ede3ea13c7105cfc45cbbbc28385a4?s=96&d=monsterid&r=g","caption":"MR News"},"description":"Especializado em jornalismo colaborativo pela FTP em n\u00edvel de p\u00f3s-gradua\u00e7\u00e3o. suporte@oimeliga.combr","sameAs":["HUGO R.","Admin"],"url":"https:\/\/mrnews.com.br\/index.php\/author\/admin\/"}]}},"jetpack_featured_media_url":"","jetpack_sharing_enabled":true,"jetpack_shortlink":"https:\/\/wp.me\/pa2Qf7-1ToG","amp_enabled":true,"_links":{"self":[{"href":"https:\/\/mrnews.com.br\/index.php\/wp-json\/wp\/v2\/posts\/451278","targetHints":{"allow":["GET"]}}],"collection":[{"href":"https:\/\/mrnews.com.br\/index.php\/wp-json\/wp\/v2\/posts"}],"about":[{"href":"https:\/\/mrnews.com.br\/index.php\/wp-json\/wp\/v2\/types\/post"}],"author":[{"embeddable":true,"href":"https:\/\/mrnews.com.br\/index.php\/wp-json\/wp\/v2\/users\/1"}],"replies":[{"embeddable":true,"href":"https:\/\/mrnews.com.br\/index.php\/wp-json\/wp\/v2\/comments?post=451278"}],"version-history":[{"count":0,"href":"https:\/\/mrnews.com.br\/index.php\/wp-json\/wp\/v2\/posts\/451278\/revisions"}],"wp:attachment":[{"href":"https:\/\/mrnews.com.br\/index.php\/wp-json\/wp\/v2\/media?parent=451278"}],"wp:term":[{"taxonomy":"category","embeddable":true,"href":"https:\/\/mrnews.com.br\/index.php\/wp-json\/wp\/v2\/categories?post=451278"},{"taxonomy":"post_tag","embeddable":true,"href":"https:\/\/mrnews.com.br\/index.php\/wp-json\/wp\/v2\/tags?post=451278"}],"curies":[{"name":"wp","href":"https:\/\/api.w.org\/{rel}","templated":true}]}}