{"id":451281,"date":"2025-10-25T13:51:13","date_gmt":"2025-10-25T16:51:13","guid":{"rendered":"https:\/\/mrnews.com.br\/index.php\/2025\/10\/25\/pf-desenvolve-plano-de-seguranca-para-os-dias-de-cop-30-em-belem\/"},"modified":"2025-10-25T13:51:13","modified_gmt":"2025-10-25T16:51:13","slug":"pf-desenvolve-plano-de-seguranca-para-os-dias-de-cop-30-em-belem","status":"publish","type":"post","link":"https:\/\/mrnews.com.br\/index.php\/2025\/10\/25\/pf-desenvolve-plano-de-seguranca-para-os-dias-de-cop-30-em-belem\/","title":{"rendered":"PF desenvolve plano de seguran\u00e7a para os dias de COP 30 em Bel\u00e9m"},"content":{"rendered":"<p>Por EBC, <\/p>\n<div>\n<p>A Pol\u00edcia Federal (PF) definiu o plano de a\u00e7\u00e3o para a seguran\u00e7a da 30\u00aa Confer\u00eancia das Na\u00e7\u00f5es Unidas sobre Mudan\u00e7as Clim\u00e1ticas (COP30) , que ocorrer\u00e1 entre 10 e 21 de novembro, em Bel\u00e9m. I<strong>niciadas em 1\u00ba de outubro na capital paraense, as a\u00e7\u00f5es da corpora\u00e7\u00e3o t\u00eam o objetivo de garantir a prote\u00e7\u00e3o de um n\u00famero recorde de delega\u00e7\u00f5es internacionais e, ao mesmo tempo, assegurar o exerc\u00edcio da liberdade de express\u00e3o<\/strong>.<\/p>\n<h2>Eixos de atua\u00e7\u00e3o<\/h2>\n<p>O planejamento da PF diante dos desafios de seguran\u00e7a e log\u00edstica para a COP 30, concentram-se em tr\u00eas eixos:<\/p>\n<p><strong>1. diplomacia e recorde de delega\u00e7\u00f5es:<\/strong> a complexidade da agenda clim\u00e1tica e a expectativa de um n\u00famero recorde de delega\u00e7\u00f5es com vis\u00f5es antag\u00f4nicas exigem um esquema de seguran\u00e7a adaptado e especial para autoridades e uma articula\u00e7\u00e3o geopol\u00edtica intensa.<\/p>\n<p><strong>2. log\u00edstica refor\u00e7ada:<\/strong> abrange o refor\u00e7o na imigra\u00e7\u00e3o, na fiscaliza\u00e7\u00e3o de portos (como o de Outeiro, que receber\u00e1 navios de cruzeiro) e a seguran\u00e7a aeroportu\u00e1ria, incluindo a atua\u00e7\u00e3o na Base A\u00e9rea de Bel\u00e9m, por onde as autoridades de diversos pa\u00edses chegar\u00e3o ao territ\u00f3rio brasileiro;<\/p>\n<p><strong>3.\u00a0liberdade de manifesta\u00e7\u00e3o: <\/strong>a confer\u00eancia de Bel\u00e9m ser\u00e1 um palco central para a livre manifesta\u00e7\u00e3o de povos origin\u00e1rios e movimentos sociais. A Pol\u00edcia Federal atuar\u00e1 para proteger os participantes, estabelecer per\u00edmetros e garantir uma &#8220;conviv\u00eancia harm\u00f4nica&#8221; entre os segmentos sociais, sem prejudicar o funcionamento regular da cidade.<\/p>\n<h2>Efetivo policial<\/h2>\n<p>Para enfrentar a complexidade do evento, a Pol\u00edcia Federal j\u00e1 recrutou aproximadamente 1,2 mil servidores, entre policiais e administrativos.<\/p>\n<p><strong>O esquema de seguran\u00e7a tamb\u00e9m inclui o emprego de equipes dedicadas no aeroporto e no Porto de Outeiro, com atividades di\u00e1rias, al\u00e9m de capacidades investigativas para preven\u00e7\u00e3o de crimes cibern\u00e9ticos e de terrorismo.A estrutura envolve, ainda, varreduras e contramedidas anti-bombas.<\/strong><\/p>\n<h2>Livre debate<\/h2>\n<p>No evento de visibilidade internacional, a institui\u00e7\u00e3o policial explica que a confer\u00eancia \u2013 realizada pela primeira vez na Amaz\u00f4nia brasileira \u2013 vir\u00e1 ap\u00f3s edi\u00e7\u00f5es realizadas em pa\u00edses com maiores restri\u00e7\u00f5es \u00e0s liberdades civis.<\/p>\n<blockquote>\n<p>\u201cA PF destaca o Brasil se consolida como o principal palco dos \u00faltimos cinco anos para a livre manifesta\u00e7\u00e3o de povos origin\u00e1rios\u201d, diz a nota da entidade.<\/p>\n<\/blockquote>\n<p>Os cidades-sede das \u00faltimas Confer\u00eancias das Na\u00e7\u00f5es Unidas sobre Mudan\u00e7as Clim\u00e1ticas (COP) foram:<\/p>\n<p>\u00b7\u00a0 \u00a0 \u00a0 \u00a0 \u00a0em 2024, Baku, no Azerbaij\u00e3o, sediou a COP29;<br \/>\u00b7\u00a0 \u00a0 \u00a0 \u00a0 \u00a0em 2023, Dubai, nos Emirados \u00c1rabes Unidos, sediou a COP28;<br \/>\u00b7\u00a0 \u00a0 \u00a0 \u00a0 \u00a0em 2022, Sharm el-Sheikh, no Egito, sediou a COP27;<br \/>\u00b7\u00a0 \u00a0 \u00a0 \u00a0 \u00a0em 2021, Glasgow, na Esc\u00f3cia, sediou a COP26.<\/p>\n<h2>Aldeia COP<\/h2>\n<p>De olho na import\u00e2ncia da presen\u00e7a e do saber dos povos tradicionais nas negocia\u00e7\u00f5es clim\u00e1ticas, o governo brasileiro tamb\u00e9m organizou uma &#8220;Aldeia COP&#8221; para receber povos ind\u00edgenas do Brasil e de todo o mundo durante a COP30.<\/p>\n<p>A \u00e1rea total de 72.695 m\u00b2, com \u00e1rea constru\u00edda de 14.903,81 m\u00b2, foi montada na Universidade Federal do Par\u00e1. Desde setembro, o espa\u00e7o \u00e9 destinado ao acampamento e \u00e0 realiza\u00e7\u00e3o de atividades culturais, pol\u00edticas e espirituais.<\/p>\n<p><strong>A estimativa \u00e9 de que 3 mil ind\u00edgenas fiquem hospedados no local, durante a realiza\u00e7\u00e3o do evento internacional.<\/strong><\/p>\n<p>A Aldeia COP \u00e9 coordenada pelo Minist\u00e9rio dos Povos Ind\u00edgenas, em parceria com a Articula\u00e7\u00e3o dos Povos Ind\u00edgenas do Brasil (Apib), a Coordena\u00e7\u00e3o das Organiza\u00e7\u00f5es Ind\u00edgenas da Amaz\u00f4nia Brasileira (COIAB) e a Federa\u00e7\u00e3o dos Povos Ind\u00edgenas do Par\u00e1 (Fepipa).<\/p>\n<p>      <!-- Relacionada --><\/p>\n<p>            <!-- Relacionada -->\n    <\/div>\n","protected":false},"excerpt":{"rendered":"<p>Por EBC, A Pol\u00edcia Federal (PF) definiu o plano de a\u00e7\u00e3o para a seguran\u00e7a da 30\u00aa Confer\u00eancia das Na\u00e7\u00f5es Unidas sobre Mudan\u00e7as Clim\u00e1ticas (COP30) , que ocorrer\u00e1 entre 10 e 21 de novembro, em Bel\u00e9m. Iniciadas em 1\u00ba de outubro na capital paraense, as a\u00e7\u00f5es da corpora\u00e7\u00e3o t\u00eam o objetivo de garantir a prote\u00e7\u00e3o de &hellip;<\/p>\n","protected":false},"author":1,"featured_media":0,"comment_status":"open","ping_status":"open","sticky":false,"template":"","format":"standard","meta":{"_jetpack_memberships_contains_paid_content":false,"footnotes":""},"categories":[2,12225,4],"tags":[],"class_list":["post-451281","post","type-post","status-publish","format-standard","hentry","category-entretenimento","category-noticias","category-servicos"],"yoast_head":"<!-- This site is optimized with the Yoast SEO plugin v27.4 - https:\/\/yoast.com\/product\/yoast-seo-wordpress\/ -->\n<title>PF desenvolve plano de seguran\u00e7a para os dias de COP 30 em Bel\u00e9m<\/title>\n<meta name=\"robots\" content=\"index, follow, max-snippet:-1, max-image-preview:large, max-video-preview:-1\" \/>\n<link rel=\"canonical\" href=\"https:\/\/mrnews.com.br\/index.php\/2025\/10\/25\/pf-desenvolve-plano-de-seguranca-para-os-dias-de-cop-30-em-belem\/\" \/>\n<meta property=\"og:locale\" content=\"pt_BR\" \/>\n<meta property=\"og:type\" content=\"article\" \/>\n<meta property=\"og:title\" content=\"PF desenvolve plano de seguran\u00e7a para os dias de COP 30 em Bel\u00e9m\" \/>\n<meta property=\"og:description\" content=\"Por EBC, A Pol\u00edcia Federal (PF) definiu o plano de a\u00e7\u00e3o para a seguran\u00e7a da 30\u00aa Confer\u00eancia das Na\u00e7\u00f5es Unidas sobre Mudan\u00e7as Clim\u00e1ticas (COP30) , que ocorrer\u00e1 entre 10 e 21 de novembro, em Bel\u00e9m. Iniciadas em 1\u00ba de outubro na capital paraense, as a\u00e7\u00f5es da corpora\u00e7\u00e3o t\u00eam o objetivo de garantir a prote\u00e7\u00e3o de &hellip;\" \/>\n<meta property=\"og:url\" content=\"https:\/\/mrnews.com.br\/index.php\/2025\/10\/25\/pf-desenvolve-plano-de-seguranca-para-os-dias-de-cop-30-em-belem\/\" \/>\n<meta property=\"og:site_name\" content=\"MRNews\" \/>\n<meta property=\"article:publisher\" content=\"https:\/\/www.facebook.com\/eaipahpah\/?locale2=pt_BR\" \/>\n<meta property=\"article:published_time\" content=\"2025-10-25T16:51:13+00:00\" \/>\n<meta name=\"author\" content=\"MR News\" \/>\n<meta name=\"twitter:card\" content=\"summary_large_image\" \/>\n<meta name=\"twitter:creator\" content=\"@conspirou\" \/>\n<meta name=\"twitter:site\" content=\"@conspirou\" \/>\n<meta name=\"twitter:label1\" content=\"Escrito por\" \/>\n\t<meta name=\"twitter:data1\" content=\"MR News\" \/>\n\t<meta name=\"twitter:label2\" content=\"Est. tempo de leitura\" \/>\n\t<meta name=\"twitter:data2\" content=\"3 minutos\" \/>\n<script type=\"application\/ld+json\" class=\"yoast-schema-graph\">{\"@context\":\"https:\\\/\\\/schema.org\",\"@graph\":[{\"@type\":\"Article\",\"@id\":\"https:\\\/\\\/mrnews.com.br\\\/index.php\\\/2025\\\/10\\\/25\\\/pf-desenvolve-plano-de-seguranca-para-os-dias-de-cop-30-em-belem\\\/#article\",\"isPartOf\":{\"@id\":\"https:\\\/\\\/mrnews.com.br\\\/index.php\\\/2025\\\/10\\\/25\\\/pf-desenvolve-plano-de-seguranca-para-os-dias-de-cop-30-em-belem\\\/\"},\"author\":{\"name\":\"MR News\",\"@id\":\"https:\\\/\\\/mrnews.com.br\\\/#\\\/schema\\\/person\\\/be3203154562a9f207407861cef7827b\"},\"headline\":\"PF desenvolve plano de seguran\u00e7a para os dias de COP 30 em Bel\u00e9m\",\"datePublished\":\"2025-10-25T16:51:13+00:00\",\"mainEntityOfPage\":{\"@id\":\"https:\\\/\\\/mrnews.com.br\\\/index.php\\\/2025\\\/10\\\/25\\\/pf-desenvolve-plano-de-seguranca-para-os-dias-de-cop-30-em-belem\\\/\"},\"wordCount\":614,\"commentCount\":0,\"publisher\":{\"@id\":\"https:\\\/\\\/mrnews.com.br\\\/#organization\"},\"articleSection\":[\"ENTRETENIMENTO\",\"NOTICIAS\",\"SERVI\u00c7OS\"],\"inLanguage\":\"pt-BR\",\"potentialAction\":[{\"@type\":\"CommentAction\",\"name\":\"Comment\",\"target\":[\"https:\\\/\\\/mrnews.com.br\\\/index.php\\\/2025\\\/10\\\/25\\\/pf-desenvolve-plano-de-seguranca-para-os-dias-de-cop-30-em-belem\\\/#respond\"]}]},{\"@type\":\"WebPage\",\"@id\":\"https:\\\/\\\/mrnews.com.br\\\/index.php\\\/2025\\\/10\\\/25\\\/pf-desenvolve-plano-de-seguranca-para-os-dias-de-cop-30-em-belem\\\/\",\"url\":\"https:\\\/\\\/mrnews.com.br\\\/index.php\\\/2025\\\/10\\\/25\\\/pf-desenvolve-plano-de-seguranca-para-os-dias-de-cop-30-em-belem\\\/\",\"name\":\"PF desenvolve plano de seguran\u00e7a para os dias de COP 30 em Bel\u00e9m\",\"isPartOf\":{\"@id\":\"https:\\\/\\\/mrnews.com.br\\\/#website\"},\"datePublished\":\"2025-10-25T16:51:13+00:00\",\"breadcrumb\":{\"@id\":\"https:\\\/\\\/mrnews.com.br\\\/index.php\\\/2025\\\/10\\\/25\\\/pf-desenvolve-plano-de-seguranca-para-os-dias-de-cop-30-em-belem\\\/#breadcrumb\"},\"inLanguage\":\"pt-BR\",\"potentialAction\":[{\"@type\":\"ReadAction\",\"target\":[\"https:\\\/\\\/mrnews.com.br\\\/index.php\\\/2025\\\/10\\\/25\\\/pf-desenvolve-plano-de-seguranca-para-os-dias-de-cop-30-em-belem\\\/\"]}]},{\"@type\":\"BreadcrumbList\",\"@id\":\"https:\\\/\\\/mrnews.com.br\\\/index.php\\\/2025\\\/10\\\/25\\\/pf-desenvolve-plano-de-seguranca-para-os-dias-de-cop-30-em-belem\\\/#breadcrumb\",\"itemListElement\":[{\"@type\":\"ListItem\",\"position\":1,\"name\":\"In\u00edcio\",\"item\":\"https:\\\/\\\/mrnews.com.br\\\/\"},{\"@type\":\"ListItem\",\"position\":2,\"name\":\"PF desenvolve plano de seguran\u00e7a para os dias de COP 30 em Bel\u00e9m\"}]},{\"@type\":\"WebSite\",\"@id\":\"https:\\\/\\\/mrnews.com.br\\\/#website\",\"url\":\"https:\\\/\\\/mrnews.com.br\\\/\",\"name\":\"MRNews\",\"description\":\"MRNews Jogos de hoje da TV, transmiss\u00f5es ao vivo, Not\u00edcias de futebol, Jogos ao vivo, Lives, resumo de novelas, Programa\u00e7\u00e3o da Globo, A Fazenda e BBB\",\"publisher\":{\"@id\":\"https:\\\/\\\/mrnews.com.br\\\/#organization\"},\"potentialAction\":[{\"@type\":\"SearchAction\",\"target\":{\"@type\":\"EntryPoint\",\"urlTemplate\":\"https:\\\/\\\/mrnews.com.br\\\/?s={search_term_string}\"},\"query-input\":{\"@type\":\"PropertyValueSpecification\",\"valueRequired\":true,\"valueName\":\"search_term_string\"}}],\"inLanguage\":\"pt-BR\"},{\"@type\":\"Organization\",\"@id\":\"https:\\\/\\\/mrnews.com.br\\\/#organization\",\"name\":\"MRNews\",\"url\":\"https:\\\/\\\/mrnews.com.br\\\/\",\"logo\":{\"@type\":\"ImageObject\",\"inLanguage\":\"pt-BR\",\"@id\":\"https:\\\/\\\/mrnews.com.br\\\/#\\\/schema\\\/logo\\\/image\\\/\",\"url\":\"https:\\\/\\\/mrnews.com.br\\\/wp-content\\\/uploads\\\/2019\\\/06\\\/MRNewslogo2.png\",\"contentUrl\":\"https:\\\/\\\/mrnews.com.br\\\/wp-content\\\/uploads\\\/2019\\\/06\\\/MRNewslogo2.png\",\"width\":223,\"height\":58,\"caption\":\"MRNews\"},\"image\":{\"@id\":\"https:\\\/\\\/mrnews.com.br\\\/#\\\/schema\\\/logo\\\/image\\\/\"},\"sameAs\":[\"https:\\\/\\\/www.facebook.com\\\/eaipahpah\\\/?locale2=pt_BR\",\"https:\\\/\\\/x.com\\\/conspirou\",\"https:\\\/\\\/www.instagram.com\\\/eai_pahpah\",\"https:\\\/\\\/br.pinterest.com\\\/mrnewsn\\\/boards\\\/\",\"https:\\\/\\\/www.youtube.com\\\/channel\\\/UCacgnpznQ61fifLWr1tQ-vA?view_as=subscriber\"]},{\"@type\":\"Person\",\"@id\":\"https:\\\/\\\/mrnews.com.br\\\/#\\\/schema\\\/person\\\/be3203154562a9f207407861cef7827b\",\"name\":\"MR News\",\"image\":{\"@type\":\"ImageObject\",\"inLanguage\":\"pt-BR\",\"@id\":\"https:\\\/\\\/secure.gravatar.com\\\/avatar\\\/04084e6d73c042b8646e7c17b494073bf0ede3ea13c7105cfc45cbbbc28385a4?s=96&d=monsterid&r=g\",\"url\":\"https:\\\/\\\/secure.gravatar.com\\\/avatar\\\/04084e6d73c042b8646e7c17b494073bf0ede3ea13c7105cfc45cbbbc28385a4?s=96&d=monsterid&r=g\",\"contentUrl\":\"https:\\\/\\\/secure.gravatar.com\\\/avatar\\\/04084e6d73c042b8646e7c17b494073bf0ede3ea13c7105cfc45cbbbc28385a4?s=96&d=monsterid&r=g\",\"caption\":\"MR News\"},\"description\":\"Especializado em jornalismo colaborativo pela FTP em n\u00edvel de p\u00f3s-gradua\u00e7\u00e3o. suporte@oimeliga.combr\",\"sameAs\":[\"HUGO R.\",\"Admin\"],\"url\":\"https:\\\/\\\/mrnews.com.br\\\/index.php\\\/author\\\/admin\\\/\"}]}<\/script>\n<!-- \/ Yoast SEO plugin. -->","yoast_head_json":{"title":"PF desenvolve plano de seguran\u00e7a para os dias de COP 30 em Bel\u00e9m","robots":{"index":"index","follow":"follow","max-snippet":"max-snippet:-1","max-image-preview":"max-image-preview:large","max-video-preview":"max-video-preview:-1"},"canonical":"https:\/\/mrnews.com.br\/index.php\/2025\/10\/25\/pf-desenvolve-plano-de-seguranca-para-os-dias-de-cop-30-em-belem\/","og_locale":"pt_BR","og_type":"article","og_title":"PF desenvolve plano de seguran\u00e7a para os dias de COP 30 em Bel\u00e9m","og_description":"Por EBC, A Pol\u00edcia Federal (PF) definiu o plano de a\u00e7\u00e3o para a seguran\u00e7a da 30\u00aa Confer\u00eancia das Na\u00e7\u00f5es Unidas sobre Mudan\u00e7as Clim\u00e1ticas (COP30) , que ocorrer\u00e1 entre 10 e 21 de novembro, em Bel\u00e9m. Iniciadas em 1\u00ba de outubro na capital paraense, as a\u00e7\u00f5es da corpora\u00e7\u00e3o t\u00eam o objetivo de garantir a prote\u00e7\u00e3o de &hellip;","og_url":"https:\/\/mrnews.com.br\/index.php\/2025\/10\/25\/pf-desenvolve-plano-de-seguranca-para-os-dias-de-cop-30-em-belem\/","og_site_name":"MRNews","article_publisher":"https:\/\/www.facebook.com\/eaipahpah\/?locale2=pt_BR","article_published_time":"2025-10-25T16:51:13+00:00","author":"MR News","twitter_card":"summary_large_image","twitter_creator":"@conspirou","twitter_site":"@conspirou","twitter_misc":{"Escrito por":"MR News","Est. tempo de leitura":"3 minutos"},"schema":{"@context":"https:\/\/schema.org","@graph":[{"@type":"Article","@id":"https:\/\/mrnews.com.br\/index.php\/2025\/10\/25\/pf-desenvolve-plano-de-seguranca-para-os-dias-de-cop-30-em-belem\/#article","isPartOf":{"@id":"https:\/\/mrnews.com.br\/index.php\/2025\/10\/25\/pf-desenvolve-plano-de-seguranca-para-os-dias-de-cop-30-em-belem\/"},"author":{"name":"MR News","@id":"https:\/\/mrnews.com.br\/#\/schema\/person\/be3203154562a9f207407861cef7827b"},"headline":"PF desenvolve plano de seguran\u00e7a para os dias de COP 30 em Bel\u00e9m","datePublished":"2025-10-25T16:51:13+00:00","mainEntityOfPage":{"@id":"https:\/\/mrnews.com.br\/index.php\/2025\/10\/25\/pf-desenvolve-plano-de-seguranca-para-os-dias-de-cop-30-em-belem\/"},"wordCount":614,"commentCount":0,"publisher":{"@id":"https:\/\/mrnews.com.br\/#organization"},"articleSection":["ENTRETENIMENTO","NOTICIAS","SERVI\u00c7OS"],"inLanguage":"pt-BR","potentialAction":[{"@type":"CommentAction","name":"Comment","target":["https:\/\/mrnews.com.br\/index.php\/2025\/10\/25\/pf-desenvolve-plano-de-seguranca-para-os-dias-de-cop-30-em-belem\/#respond"]}]},{"@type":"WebPage","@id":"https:\/\/mrnews.com.br\/index.php\/2025\/10\/25\/pf-desenvolve-plano-de-seguranca-para-os-dias-de-cop-30-em-belem\/","url":"https:\/\/mrnews.com.br\/index.php\/2025\/10\/25\/pf-desenvolve-plano-de-seguranca-para-os-dias-de-cop-30-em-belem\/","name":"PF desenvolve plano de seguran\u00e7a para os dias de COP 30 em Bel\u00e9m","isPartOf":{"@id":"https:\/\/mrnews.com.br\/#website"},"datePublished":"2025-10-25T16:51:13+00:00","breadcrumb":{"@id":"https:\/\/mrnews.com.br\/index.php\/2025\/10\/25\/pf-desenvolve-plano-de-seguranca-para-os-dias-de-cop-30-em-belem\/#breadcrumb"},"inLanguage":"pt-BR","potentialAction":[{"@type":"ReadAction","target":["https:\/\/mrnews.com.br\/index.php\/2025\/10\/25\/pf-desenvolve-plano-de-seguranca-para-os-dias-de-cop-30-em-belem\/"]}]},{"@type":"BreadcrumbList","@id":"https:\/\/mrnews.com.br\/index.php\/2025\/10\/25\/pf-desenvolve-plano-de-seguranca-para-os-dias-de-cop-30-em-belem\/#breadcrumb","itemListElement":[{"@type":"ListItem","position":1,"name":"In\u00edcio","item":"https:\/\/mrnews.com.br\/"},{"@type":"ListItem","position":2,"name":"PF desenvolve plano de seguran\u00e7a para os dias de COP 30 em Bel\u00e9m"}]},{"@type":"WebSite","@id":"https:\/\/mrnews.com.br\/#website","url":"https:\/\/mrnews.com.br\/","name":"MRNews","description":"MRNews Jogos de hoje da TV, transmiss\u00f5es ao vivo, Not\u00edcias de futebol, Jogos ao vivo, Lives, resumo de novelas, Programa\u00e7\u00e3o da Globo, A Fazenda e BBB","publisher":{"@id":"https:\/\/mrnews.com.br\/#organization"},"potentialAction":[{"@type":"SearchAction","target":{"@type":"EntryPoint","urlTemplate":"https:\/\/mrnews.com.br\/?s={search_term_string}"},"query-input":{"@type":"PropertyValueSpecification","valueRequired":true,"valueName":"search_term_string"}}],"inLanguage":"pt-BR"},{"@type":"Organization","@id":"https:\/\/mrnews.com.br\/#organization","name":"MRNews","url":"https:\/\/mrnews.com.br\/","logo":{"@type":"ImageObject","inLanguage":"pt-BR","@id":"https:\/\/mrnews.com.br\/#\/schema\/logo\/image\/","url":"https:\/\/mrnews.com.br\/wp-content\/uploads\/2019\/06\/MRNewslogo2.png","contentUrl":"https:\/\/mrnews.com.br\/wp-content\/uploads\/2019\/06\/MRNewslogo2.png","width":223,"height":58,"caption":"MRNews"},"image":{"@id":"https:\/\/mrnews.com.br\/#\/schema\/logo\/image\/"},"sameAs":["https:\/\/www.facebook.com\/eaipahpah\/?locale2=pt_BR","https:\/\/x.com\/conspirou","https:\/\/www.instagram.com\/eai_pahpah","https:\/\/br.pinterest.com\/mrnewsn\/boards\/","https:\/\/www.youtube.com\/channel\/UCacgnpznQ61fifLWr1tQ-vA?view_as=subscriber"]},{"@type":"Person","@id":"https:\/\/mrnews.com.br\/#\/schema\/person\/be3203154562a9f207407861cef7827b","name":"MR News","image":{"@type":"ImageObject","inLanguage":"pt-BR","@id":"https:\/\/secure.gravatar.com\/avatar\/04084e6d73c042b8646e7c17b494073bf0ede3ea13c7105cfc45cbbbc28385a4?s=96&d=monsterid&r=g","url":"https:\/\/secure.gravatar.com\/avatar\/04084e6d73c042b8646e7c17b494073bf0ede3ea13c7105cfc45cbbbc28385a4?s=96&d=monsterid&r=g","contentUrl":"https:\/\/secure.gravatar.com\/avatar\/04084e6d73c042b8646e7c17b494073bf0ede3ea13c7105cfc45cbbbc28385a4?s=96&d=monsterid&r=g","caption":"MR News"},"description":"Especializado em jornalismo colaborativo pela FTP em n\u00edvel de p\u00f3s-gradua\u00e7\u00e3o. suporte@oimeliga.combr","sameAs":["HUGO R.","Admin"],"url":"https:\/\/mrnews.com.br\/index.php\/author\/admin\/"}]}},"jetpack_featured_media_url":"","jetpack_sharing_enabled":true,"jetpack_shortlink":"https:\/\/wp.me\/pa2Qf7-1ToJ","amp_enabled":true,"_links":{"self":[{"href":"https:\/\/mrnews.com.br\/index.php\/wp-json\/wp\/v2\/posts\/451281","targetHints":{"allow":["GET"]}}],"collection":[{"href":"https:\/\/mrnews.com.br\/index.php\/wp-json\/wp\/v2\/posts"}],"about":[{"href":"https:\/\/mrnews.com.br\/index.php\/wp-json\/wp\/v2\/types\/post"}],"author":[{"embeddable":true,"href":"https:\/\/mrnews.com.br\/index.php\/wp-json\/wp\/v2\/users\/1"}],"replies":[{"embeddable":true,"href":"https:\/\/mrnews.com.br\/index.php\/wp-json\/wp\/v2\/comments?post=451281"}],"version-history":[{"count":0,"href":"https:\/\/mrnews.com.br\/index.php\/wp-json\/wp\/v2\/posts\/451281\/revisions"}],"wp:attachment":[{"href":"https:\/\/mrnews.com.br\/index.php\/wp-json\/wp\/v2\/media?parent=451281"}],"wp:term":[{"taxonomy":"category","embeddable":true,"href":"https:\/\/mrnews.com.br\/index.php\/wp-json\/wp\/v2\/categories?post=451281"},{"taxonomy":"post_tag","embeddable":true,"href":"https:\/\/mrnews.com.br\/index.php\/wp-json\/wp\/v2\/tags?post=451281"}],"curies":[{"name":"wp","href":"https:\/\/api.w.org\/{rel}","templated":true}]}}