{"id":451290,"date":"2025-10-25T18:45:12","date_gmt":"2025-10-25T21:45:12","guid":{"rendered":"https:\/\/mrnews.com.br\/index.php\/2025\/10\/25\/joao-fonseca-e-luisa-stefani-se-classificam-para-finais-neste-domingo\/"},"modified":"2025-10-25T18:45:12","modified_gmt":"2025-10-25T21:45:12","slug":"joao-fonseca-e-luisa-stefani-se-classificam-para-finais-neste-domingo","status":"publish","type":"post","link":"https:\/\/mrnews.com.br\/index.php\/2025\/10\/25\/joao-fonseca-e-luisa-stefani-se-classificam-para-finais-neste-domingo\/","title":{"rendered":"Jo\u00e3o Fonseca e Lu\u00edsa Stefani se classificam para finais neste domingo"},"content":{"rendered":"<p>Por EBC, <\/p>\n<div>\n<p>A manh\u00e3 e o come\u00e7o da tarde deste s\u00e1bado (25) foram hist\u00f3ricos para o t\u00eanis brasileiro, com dois atletas chegando em finais importantes do circuito mundial. O carioca Jo\u00e3o Fonseca se garantiu na disputa do t\u00edtulo do ATP 500 da Basileia, na Su\u00ed\u00e7a, enquanto a paulista Lu\u00edsa Stefani se classificou para a decis\u00e3o do WTA 500 de T\u00f3quio, no Jap\u00e3o.<\/p>\n<p><strong>Os torneios de n\u00edvel 500, que d\u00e3o 500 pontos aos campe\u00f5es, s\u00e3o os de terceiro maior n\u00edvel do circuito, tanto masculino como feminino, atr\u00e1s apenas das competi\u00e7\u00f5es n\u00edvel 1000 e dos Grand Slams (que distribuem dois mil pontos ao vencedor)<\/strong>. \u00c9 a primeira vez que Jo\u00e3o vai a final de um ATP 500. Lu\u00edsa, por sua vez, ter\u00e1 pela frente a terceira decis\u00e3o de um WTA 500 somente este ano, ap\u00f3s t\u00edtulos em Linz, na \u00c1ustria, e Estrasburgo, na Fran\u00e7a, sempre com a h\u00fangara Timea Babos, com quem tamb\u00e9m venceu o SP Open (WTA 250 de S\u00e3o Paulo).<\/p>\n<p>N\u00famero 46 do ranking de simples da Associa\u00e7\u00e3o dos Tenistas Profissionais (ATP), Jo\u00e3o encarou o espanhol Jaume Munar (42\u00ba) na semifinal do torneio na Basileia e venceu por 2 sets a 0, parciais de 7\/6 (7-4) e 7\/5. Na final deste domingo (26), a partir de 11h (hor\u00e1rio de Bras\u00edlia), ele enfrenta outro tenista da Espanha, Alejandro Fokina (18\u00ba). O carioca, de apenas 19 anos, passa a figurar entre os 30 melhores do mundo na pr\u00f3xima atualiza\u00e7\u00e3o da lista se ganhar.<\/p>\n<p>J\u00e1 Lu\u00edsa, que ocupa o 17\u00ba lugar do ranking de duplas da Associa\u00e7\u00e3o de T\u00eanis Feminino (WTA, sigla em ingl\u00eas), e Babos (16\u00aa) se garantiram na decis\u00e3o de T\u00f3quio ao derrotarem a norte-americana Taylor Townsend, n\u00famero dois do mundo, e a australiana Ellen Perez (23\u00aa) por 2 sets a 1, parciais de 6\/7 (4-7), 6\/3 e 10-5 no match tie-break\u00a0(desempate em que vence a parceria que atingir dez pontos primeiro). As rivais eram as principais favoritas ao t\u00edtulo.<\/p>\n<p>A paulista e a h\u00fangara retornam \u00e0 quadra da capital japonesa na madrugada deste domingo, por volta de 1h30 (hor\u00e1rio de Bras\u00edlia), para decidirem o t\u00edtulo contra a s\u00e9rvia Aleksandra Krunic (20\u00aa) e a cazaque Anna Danilina (13\u00aa). A competi\u00e7\u00e3o \u00e9 a \u00faltima antes de Lu\u00edsa e Babos disputarem, em novembro, o WTA Finals, torneio que reunir\u00e1 as oito melhores duplas da temporada em Riad, na Ar\u00e1bia Saudita.<\/p>\n<p>      <!-- Relacionada --><\/p>\n<p>            <!-- Relacionada -->\n    <\/div>\n","protected":false},"excerpt":{"rendered":"<p>Por EBC, A manh\u00e3 e o come\u00e7o da tarde deste s\u00e1bado (25) foram hist\u00f3ricos para o t\u00eanis brasileiro, com dois atletas chegando em finais importantes do circuito mundial. O carioca Jo\u00e3o Fonseca se garantiu na disputa do t\u00edtulo do ATP 500 da Basileia, na Su\u00ed\u00e7a, enquanto a paulista Lu\u00edsa Stefani se classificou para a decis\u00e3o &hellip;<\/p>\n","protected":false},"author":1,"featured_media":0,"comment_status":"open","ping_status":"open","sticky":false,"template":"","format":"standard","meta":{"_jetpack_memberships_contains_paid_content":false,"footnotes":""},"categories":[2,12225,4],"tags":[],"class_list":["post-451290","post","type-post","status-publish","format-standard","hentry","category-entretenimento","category-noticias","category-servicos"],"yoast_head":"<!-- This site is optimized with the Yoast SEO plugin v27.5 - https:\/\/yoast.com\/product\/yoast-seo-wordpress\/ -->\n<title>Jo\u00e3o Fonseca e Lu\u00edsa Stefani se classificam para finais neste domingo<\/title>\n<meta name=\"robots\" content=\"index, follow, max-snippet:-1, max-image-preview:large, max-video-preview:-1\" \/>\n<link rel=\"canonical\" href=\"https:\/\/mrnews.com.br\/index.php\/2025\/10\/25\/joao-fonseca-e-luisa-stefani-se-classificam-para-finais-neste-domingo\/\" \/>\n<meta property=\"og:locale\" content=\"pt_BR\" \/>\n<meta property=\"og:type\" content=\"article\" \/>\n<meta property=\"og:title\" content=\"Jo\u00e3o Fonseca e Lu\u00edsa Stefani se classificam para finais neste domingo\" \/>\n<meta property=\"og:description\" content=\"Por EBC, A manh\u00e3 e o come\u00e7o da tarde deste s\u00e1bado (25) foram hist\u00f3ricos para o t\u00eanis brasileiro, com dois atletas chegando em finais importantes do circuito mundial. O carioca Jo\u00e3o Fonseca se garantiu na disputa do t\u00edtulo do ATP 500 da Basileia, na Su\u00ed\u00e7a, enquanto a paulista Lu\u00edsa Stefani se classificou para a decis\u00e3o &hellip;\" \/>\n<meta property=\"og:url\" content=\"https:\/\/mrnews.com.br\/index.php\/2025\/10\/25\/joao-fonseca-e-luisa-stefani-se-classificam-para-finais-neste-domingo\/\" \/>\n<meta property=\"og:site_name\" content=\"MRNews\" \/>\n<meta property=\"article:publisher\" content=\"https:\/\/www.facebook.com\/eaipahpah\/?locale2=pt_BR\" \/>\n<meta property=\"article:published_time\" content=\"2025-10-25T21:45:12+00:00\" \/>\n<meta name=\"author\" content=\"MR News\" \/>\n<meta name=\"twitter:card\" content=\"summary_large_image\" \/>\n<meta name=\"twitter:creator\" content=\"@conspirou\" \/>\n<meta name=\"twitter:site\" content=\"@conspirou\" \/>\n<meta name=\"twitter:label1\" content=\"Escrito por\" \/>\n\t<meta name=\"twitter:data1\" content=\"MR News\" \/>\n\t<meta name=\"twitter:label2\" content=\"Est. tempo de leitura\" \/>\n\t<meta name=\"twitter:data2\" content=\"2 minutos\" \/>\n<script type=\"application\/ld+json\" class=\"yoast-schema-graph\">{\"@context\":\"https:\\\/\\\/schema.org\",\"@graph\":[{\"@type\":\"Article\",\"@id\":\"https:\\\/\\\/mrnews.com.br\\\/index.php\\\/2025\\\/10\\\/25\\\/joao-fonseca-e-luisa-stefani-se-classificam-para-finais-neste-domingo\\\/#article\",\"isPartOf\":{\"@id\":\"https:\\\/\\\/mrnews.com.br\\\/index.php\\\/2025\\\/10\\\/25\\\/joao-fonseca-e-luisa-stefani-se-classificam-para-finais-neste-domingo\\\/\"},\"author\":{\"name\":\"MR News\",\"@id\":\"https:\\\/\\\/mrnews.com.br\\\/#\\\/schema\\\/person\\\/be3203154562a9f207407861cef7827b\"},\"headline\":\"Jo\u00e3o Fonseca e Lu\u00edsa Stefani se classificam para finais neste domingo\",\"datePublished\":\"2025-10-25T21:45:12+00:00\",\"mainEntityOfPage\":{\"@id\":\"https:\\\/\\\/mrnews.com.br\\\/index.php\\\/2025\\\/10\\\/25\\\/joao-fonseca-e-luisa-stefani-se-classificam-para-finais-neste-domingo\\\/\"},\"wordCount\":421,\"commentCount\":0,\"publisher\":{\"@id\":\"https:\\\/\\\/mrnews.com.br\\\/#organization\"},\"articleSection\":[\"ENTRETENIMENTO\",\"NOTICIAS\",\"SERVI\u00c7OS\"],\"inLanguage\":\"pt-BR\",\"potentialAction\":[{\"@type\":\"CommentAction\",\"name\":\"Comment\",\"target\":[\"https:\\\/\\\/mrnews.com.br\\\/index.php\\\/2025\\\/10\\\/25\\\/joao-fonseca-e-luisa-stefani-se-classificam-para-finais-neste-domingo\\\/#respond\"]}]},{\"@type\":\"WebPage\",\"@id\":\"https:\\\/\\\/mrnews.com.br\\\/index.php\\\/2025\\\/10\\\/25\\\/joao-fonseca-e-luisa-stefani-se-classificam-para-finais-neste-domingo\\\/\",\"url\":\"https:\\\/\\\/mrnews.com.br\\\/index.php\\\/2025\\\/10\\\/25\\\/joao-fonseca-e-luisa-stefani-se-classificam-para-finais-neste-domingo\\\/\",\"name\":\"Jo\u00e3o Fonseca e Lu\u00edsa Stefani se classificam para finais neste domingo\",\"isPartOf\":{\"@id\":\"https:\\\/\\\/mrnews.com.br\\\/#website\"},\"datePublished\":\"2025-10-25T21:45:12+00:00\",\"breadcrumb\":{\"@id\":\"https:\\\/\\\/mrnews.com.br\\\/index.php\\\/2025\\\/10\\\/25\\\/joao-fonseca-e-luisa-stefani-se-classificam-para-finais-neste-domingo\\\/#breadcrumb\"},\"inLanguage\":\"pt-BR\",\"potentialAction\":[{\"@type\":\"ReadAction\",\"target\":[\"https:\\\/\\\/mrnews.com.br\\\/index.php\\\/2025\\\/10\\\/25\\\/joao-fonseca-e-luisa-stefani-se-classificam-para-finais-neste-domingo\\\/\"]}]},{\"@type\":\"BreadcrumbList\",\"@id\":\"https:\\\/\\\/mrnews.com.br\\\/index.php\\\/2025\\\/10\\\/25\\\/joao-fonseca-e-luisa-stefani-se-classificam-para-finais-neste-domingo\\\/#breadcrumb\",\"itemListElement\":[{\"@type\":\"ListItem\",\"position\":1,\"name\":\"In\u00edcio\",\"item\":\"https:\\\/\\\/mrnews.com.br\\\/\"},{\"@type\":\"ListItem\",\"position\":2,\"name\":\"Jo\u00e3o Fonseca e Lu\u00edsa Stefani se classificam para finais neste domingo\"}]},{\"@type\":\"WebSite\",\"@id\":\"https:\\\/\\\/mrnews.com.br\\\/#website\",\"url\":\"https:\\\/\\\/mrnews.com.br\\\/\",\"name\":\"MRNews\",\"description\":\"MRNews Jogos de hoje da TV, transmiss\u00f5es ao vivo, Not\u00edcias de futebol, Jogos ao vivo, Lives, resumo de novelas, Programa\u00e7\u00e3o da Globo, A Fazenda e BBB\",\"publisher\":{\"@id\":\"https:\\\/\\\/mrnews.com.br\\\/#organization\"},\"potentialAction\":[{\"@type\":\"SearchAction\",\"target\":{\"@type\":\"EntryPoint\",\"urlTemplate\":\"https:\\\/\\\/mrnews.com.br\\\/?s={search_term_string}\"},\"query-input\":{\"@type\":\"PropertyValueSpecification\",\"valueRequired\":true,\"valueName\":\"search_term_string\"}}],\"inLanguage\":\"pt-BR\"},{\"@type\":\"Organization\",\"@id\":\"https:\\\/\\\/mrnews.com.br\\\/#organization\",\"name\":\"MRNews\",\"url\":\"https:\\\/\\\/mrnews.com.br\\\/\",\"logo\":{\"@type\":\"ImageObject\",\"inLanguage\":\"pt-BR\",\"@id\":\"https:\\\/\\\/mrnews.com.br\\\/#\\\/schema\\\/logo\\\/image\\\/\",\"url\":\"https:\\\/\\\/mrnews.com.br\\\/wp-content\\\/uploads\\\/2019\\\/06\\\/MRNewslogo2.png\",\"contentUrl\":\"https:\\\/\\\/mrnews.com.br\\\/wp-content\\\/uploads\\\/2019\\\/06\\\/MRNewslogo2.png\",\"width\":223,\"height\":58,\"caption\":\"MRNews\"},\"image\":{\"@id\":\"https:\\\/\\\/mrnews.com.br\\\/#\\\/schema\\\/logo\\\/image\\\/\"},\"sameAs\":[\"https:\\\/\\\/www.facebook.com\\\/eaipahpah\\\/?locale2=pt_BR\",\"https:\\\/\\\/x.com\\\/conspirou\",\"https:\\\/\\\/www.instagram.com\\\/eai_pahpah\",\"https:\\\/\\\/br.pinterest.com\\\/mrnewsn\\\/boards\\\/\",\"https:\\\/\\\/www.youtube.com\\\/channel\\\/UCacgnpznQ61fifLWr1tQ-vA?view_as=subscriber\"]},{\"@type\":\"Person\",\"@id\":\"https:\\\/\\\/mrnews.com.br\\\/#\\\/schema\\\/person\\\/be3203154562a9f207407861cef7827b\",\"name\":\"MR News\",\"image\":{\"@type\":\"ImageObject\",\"inLanguage\":\"pt-BR\",\"@id\":\"https:\\\/\\\/secure.gravatar.com\\\/avatar\\\/04084e6d73c042b8646e7c17b494073bf0ede3ea13c7105cfc45cbbbc28385a4?s=96&d=monsterid&r=g\",\"url\":\"https:\\\/\\\/secure.gravatar.com\\\/avatar\\\/04084e6d73c042b8646e7c17b494073bf0ede3ea13c7105cfc45cbbbc28385a4?s=96&d=monsterid&r=g\",\"contentUrl\":\"https:\\\/\\\/secure.gravatar.com\\\/avatar\\\/04084e6d73c042b8646e7c17b494073bf0ede3ea13c7105cfc45cbbbc28385a4?s=96&d=monsterid&r=g\",\"caption\":\"MR News\"},\"description\":\"Especializado em jornalismo colaborativo pela FTP em n\u00edvel de p\u00f3s-gradua\u00e7\u00e3o. suporte@oimeliga.combr\",\"sameAs\":[\"HUGO R.\",\"Admin\"],\"url\":\"https:\\\/\\\/mrnews.com.br\\\/index.php\\\/author\\\/admin\\\/\"}]}<\/script>\n<!-- \/ Yoast SEO plugin. -->","yoast_head_json":{"title":"Jo\u00e3o Fonseca e Lu\u00edsa Stefani se classificam para finais neste domingo","robots":{"index":"index","follow":"follow","max-snippet":"max-snippet:-1","max-image-preview":"max-image-preview:large","max-video-preview":"max-video-preview:-1"},"canonical":"https:\/\/mrnews.com.br\/index.php\/2025\/10\/25\/joao-fonseca-e-luisa-stefani-se-classificam-para-finais-neste-domingo\/","og_locale":"pt_BR","og_type":"article","og_title":"Jo\u00e3o Fonseca e Lu\u00edsa Stefani se classificam para finais neste domingo","og_description":"Por EBC, A manh\u00e3 e o come\u00e7o da tarde deste s\u00e1bado (25) foram hist\u00f3ricos para o t\u00eanis brasileiro, com dois atletas chegando em finais importantes do circuito mundial. O carioca Jo\u00e3o Fonseca se garantiu na disputa do t\u00edtulo do ATP 500 da Basileia, na Su\u00ed\u00e7a, enquanto a paulista Lu\u00edsa Stefani se classificou para a decis\u00e3o &hellip;","og_url":"https:\/\/mrnews.com.br\/index.php\/2025\/10\/25\/joao-fonseca-e-luisa-stefani-se-classificam-para-finais-neste-domingo\/","og_site_name":"MRNews","article_publisher":"https:\/\/www.facebook.com\/eaipahpah\/?locale2=pt_BR","article_published_time":"2025-10-25T21:45:12+00:00","author":"MR News","twitter_card":"summary_large_image","twitter_creator":"@conspirou","twitter_site":"@conspirou","twitter_misc":{"Escrito por":"MR News","Est. tempo de leitura":"2 minutos"},"schema":{"@context":"https:\/\/schema.org","@graph":[{"@type":"Article","@id":"https:\/\/mrnews.com.br\/index.php\/2025\/10\/25\/joao-fonseca-e-luisa-stefani-se-classificam-para-finais-neste-domingo\/#article","isPartOf":{"@id":"https:\/\/mrnews.com.br\/index.php\/2025\/10\/25\/joao-fonseca-e-luisa-stefani-se-classificam-para-finais-neste-domingo\/"},"author":{"name":"MR News","@id":"https:\/\/mrnews.com.br\/#\/schema\/person\/be3203154562a9f207407861cef7827b"},"headline":"Jo\u00e3o Fonseca e Lu\u00edsa Stefani se classificam para finais neste domingo","datePublished":"2025-10-25T21:45:12+00:00","mainEntityOfPage":{"@id":"https:\/\/mrnews.com.br\/index.php\/2025\/10\/25\/joao-fonseca-e-luisa-stefani-se-classificam-para-finais-neste-domingo\/"},"wordCount":421,"commentCount":0,"publisher":{"@id":"https:\/\/mrnews.com.br\/#organization"},"articleSection":["ENTRETENIMENTO","NOTICIAS","SERVI\u00c7OS"],"inLanguage":"pt-BR","potentialAction":[{"@type":"CommentAction","name":"Comment","target":["https:\/\/mrnews.com.br\/index.php\/2025\/10\/25\/joao-fonseca-e-luisa-stefani-se-classificam-para-finais-neste-domingo\/#respond"]}]},{"@type":"WebPage","@id":"https:\/\/mrnews.com.br\/index.php\/2025\/10\/25\/joao-fonseca-e-luisa-stefani-se-classificam-para-finais-neste-domingo\/","url":"https:\/\/mrnews.com.br\/index.php\/2025\/10\/25\/joao-fonseca-e-luisa-stefani-se-classificam-para-finais-neste-domingo\/","name":"Jo\u00e3o Fonseca e Lu\u00edsa Stefani se classificam para finais neste domingo","isPartOf":{"@id":"https:\/\/mrnews.com.br\/#website"},"datePublished":"2025-10-25T21:45:12+00:00","breadcrumb":{"@id":"https:\/\/mrnews.com.br\/index.php\/2025\/10\/25\/joao-fonseca-e-luisa-stefani-se-classificam-para-finais-neste-domingo\/#breadcrumb"},"inLanguage":"pt-BR","potentialAction":[{"@type":"ReadAction","target":["https:\/\/mrnews.com.br\/index.php\/2025\/10\/25\/joao-fonseca-e-luisa-stefani-se-classificam-para-finais-neste-domingo\/"]}]},{"@type":"BreadcrumbList","@id":"https:\/\/mrnews.com.br\/index.php\/2025\/10\/25\/joao-fonseca-e-luisa-stefani-se-classificam-para-finais-neste-domingo\/#breadcrumb","itemListElement":[{"@type":"ListItem","position":1,"name":"In\u00edcio","item":"https:\/\/mrnews.com.br\/"},{"@type":"ListItem","position":2,"name":"Jo\u00e3o Fonseca e Lu\u00edsa Stefani se classificam para finais neste domingo"}]},{"@type":"WebSite","@id":"https:\/\/mrnews.com.br\/#website","url":"https:\/\/mrnews.com.br\/","name":"MRNews","description":"MRNews Jogos de hoje da TV, transmiss\u00f5es ao vivo, Not\u00edcias de futebol, Jogos ao vivo, Lives, resumo de novelas, Programa\u00e7\u00e3o da Globo, A Fazenda e BBB","publisher":{"@id":"https:\/\/mrnews.com.br\/#organization"},"potentialAction":[{"@type":"SearchAction","target":{"@type":"EntryPoint","urlTemplate":"https:\/\/mrnews.com.br\/?s={search_term_string}"},"query-input":{"@type":"PropertyValueSpecification","valueRequired":true,"valueName":"search_term_string"}}],"inLanguage":"pt-BR"},{"@type":"Organization","@id":"https:\/\/mrnews.com.br\/#organization","name":"MRNews","url":"https:\/\/mrnews.com.br\/","logo":{"@type":"ImageObject","inLanguage":"pt-BR","@id":"https:\/\/mrnews.com.br\/#\/schema\/logo\/image\/","url":"https:\/\/mrnews.com.br\/wp-content\/uploads\/2019\/06\/MRNewslogo2.png","contentUrl":"https:\/\/mrnews.com.br\/wp-content\/uploads\/2019\/06\/MRNewslogo2.png","width":223,"height":58,"caption":"MRNews"},"image":{"@id":"https:\/\/mrnews.com.br\/#\/schema\/logo\/image\/"},"sameAs":["https:\/\/www.facebook.com\/eaipahpah\/?locale2=pt_BR","https:\/\/x.com\/conspirou","https:\/\/www.instagram.com\/eai_pahpah","https:\/\/br.pinterest.com\/mrnewsn\/boards\/","https:\/\/www.youtube.com\/channel\/UCacgnpznQ61fifLWr1tQ-vA?view_as=subscriber"]},{"@type":"Person","@id":"https:\/\/mrnews.com.br\/#\/schema\/person\/be3203154562a9f207407861cef7827b","name":"MR News","image":{"@type":"ImageObject","inLanguage":"pt-BR","@id":"https:\/\/secure.gravatar.com\/avatar\/04084e6d73c042b8646e7c17b494073bf0ede3ea13c7105cfc45cbbbc28385a4?s=96&d=monsterid&r=g","url":"https:\/\/secure.gravatar.com\/avatar\/04084e6d73c042b8646e7c17b494073bf0ede3ea13c7105cfc45cbbbc28385a4?s=96&d=monsterid&r=g","contentUrl":"https:\/\/secure.gravatar.com\/avatar\/04084e6d73c042b8646e7c17b494073bf0ede3ea13c7105cfc45cbbbc28385a4?s=96&d=monsterid&r=g","caption":"MR News"},"description":"Especializado em jornalismo colaborativo pela FTP em n\u00edvel de p\u00f3s-gradua\u00e7\u00e3o. suporte@oimeliga.combr","sameAs":["HUGO R.","Admin"],"url":"https:\/\/mrnews.com.br\/index.php\/author\/admin\/"}]}},"jetpack_featured_media_url":"","jetpack_sharing_enabled":true,"jetpack_shortlink":"https:\/\/wp.me\/pa2Qf7-1ToS","amp_enabled":true,"_links":{"self":[{"href":"https:\/\/mrnews.com.br\/index.php\/wp-json\/wp\/v2\/posts\/451290","targetHints":{"allow":["GET"]}}],"collection":[{"href":"https:\/\/mrnews.com.br\/index.php\/wp-json\/wp\/v2\/posts"}],"about":[{"href":"https:\/\/mrnews.com.br\/index.php\/wp-json\/wp\/v2\/types\/post"}],"author":[{"embeddable":true,"href":"https:\/\/mrnews.com.br\/index.php\/wp-json\/wp\/v2\/users\/1"}],"replies":[{"embeddable":true,"href":"https:\/\/mrnews.com.br\/index.php\/wp-json\/wp\/v2\/comments?post=451290"}],"version-history":[{"count":0,"href":"https:\/\/mrnews.com.br\/index.php\/wp-json\/wp\/v2\/posts\/451290\/revisions"}],"wp:attachment":[{"href":"https:\/\/mrnews.com.br\/index.php\/wp-json\/wp\/v2\/media?parent=451290"}],"wp:term":[{"taxonomy":"category","embeddable":true,"href":"https:\/\/mrnews.com.br\/index.php\/wp-json\/wp\/v2\/categories?post=451290"},{"taxonomy":"post_tag","embeddable":true,"href":"https:\/\/mrnews.com.br\/index.php\/wp-json\/wp\/v2\/tags?post=451290"}],"curies":[{"name":"wp","href":"https:\/\/api.w.org\/{rel}","templated":true}]}}