{"id":451307,"date":"2025-10-26T01:47:12","date_gmt":"2025-10-26T04:47:12","guid":{"rendered":"https:\/\/mrnews.com.br\/index.php\/2025\/10\/26\/catedral-da-se-lotada-rememora-os-50-anos-do-assassinato-de-herzog\/"},"modified":"2025-10-26T01:47:12","modified_gmt":"2025-10-26T04:47:12","slug":"catedral-da-se-lotada-rememora-os-50-anos-do-assassinato-de-herzog","status":"publish","type":"post","link":"https:\/\/mrnews.com.br\/index.php\/2025\/10\/26\/catedral-da-se-lotada-rememora-os-50-anos-do-assassinato-de-herzog\/","title":{"rendered":"Catedral da S\u00e9 lotada rememora os 50 anos do assassinato de Herzog"},"content":{"rendered":"<p>Por EBC, <\/p>\n<div>\n<p>Para marcar este 25 de outubro, data em que o jornalista Vladimir Herzog foi assassinado pela ditadura militar h\u00e1 50 anos, a Comiss\u00e3o Arns e o Instituto Vladimir Herzog realizaram um ato ecum\u00eanico que lotou a Catedral da S\u00e9, no centro da capital paulista. O local tamb\u00e9m foi palco, dias depois da morte do jornalista, da hist\u00f3rica cerim\u00f4nia inter-religiosa de 1975, que desafiou o regime militar e reuniu cerca de 8 mil pessoas.<\/p>\n<p>Presente no ato, Ivo Herzog,\u00a0filho de Vladimir, afirmou\u00a0que todos os familiares de v\u00edtimas da ditadura militar no pa\u00eds esperam\u00a0que um\u00a0processo legal seja levado a cabo. \u201c[O que falta] \u00e9 a investiga\u00e7\u00e3o das circunst\u00e2ncias dos crimes que foram cometidos, \u00e9 um indiciamento dos autores dos crimes, estando vivos ou estando mortos, \u00e9 o julgamento e a decis\u00e3o do nosso poder judici\u00e1rio se eles cometeram ou n\u00e3o cometeram crimes\u201d, disse \u00e0 imprensa.<\/p>\n<p>Ivo ressaltou que a\u00a0revis\u00e3o do parecer do Supremo Tribunal Federal (STF) em rela\u00e7\u00e3o \u00e0 Lei da Anistia de 1979 \u00e9 uma luta da sociedade. Ele lembrou que\u00a0a ADPF 320, que trata sobre a anistia,\u00a0est\u00e1 nas m\u00e3os do relator, ministro Dias Toffoli,\u00a0h\u00e1 mais de oito anos.<\/p>\n<p>\u201cO Brasil tem uma tradi\u00e7\u00e3o, desde que se tornou uma rep\u00fablica, onde aconteceram v\u00e1rios golpes e ou tentativas de golpes. Todos esses eventos t\u00eam duas coisas em comum: a presen\u00e7a dos militares e a impunidade.\u201d<\/p>\n<p>A ADPF 320 versa sobre a interpreta\u00e7\u00e3o que o sistema judici\u00e1rio e o Poder P\u00fablico d\u00e3o \u00e0 Lei de Anistia. Protocolada em 2014 e ainda pendente de julgamento, a a\u00e7\u00e3o foi ajuizada pelo Partido Socialismo e Liberdade (PSOL).<\/p>\n<p>\u201cEu entendo que esse atraso, essa absten\u00e7\u00e3o do ministro Toffoli, infelizmente, \u00e9 uma cumplicidade com essa cultura de impunidade. E a noite de hoje, essa nossa manifesta\u00e7\u00e3o, essa nossa indigna\u00e7\u00e3o pelos agentes de Estado que cometeram atrocidades contra todos os entes queridos, os familiares a quem a gente dedica essa noite, sensibilize os ministros do STF, sensibilize o ministro de Dias Toffoli\u201d, acrescentou Ivo.<\/p>\n<p>O Instituto Vladimir Herzog &#8211; que entrou como amicus curiae da ADPF em dezembro de 2021 &#8211;\u00a0compreende que a atual interpreta\u00e7\u00e3o da Lei de Anistia assegura a impunidade dos crimes de lesa-humanidade cometidos por agentes da ditadura militar\u00a0e est\u00e1 em desacordo com os tratados internacionais de direitos humanos dos quais o Brasil \u00e9 signat\u00e1rio.<br \/>\u00a0<\/p>\n<div class=\"dnd-widget-wrapper context-cheio_8colunas type-image\">\n<div class=\"dnd-atom-rendered\"><!-- scald=441902:cheio_8colunas --><\/p>\n<p>    <!-- END scald=441902 --><\/div>\n<p><h5 class=\"meta\">Ato inter-religioso na Igreja da S\u00e9\u00a0lembra a morte do jornalista Vladimir Herzog, em dia 25 de outubro de 1975. Foto:\u00a0<strong>Paulo Pinto\/Ag\u00eancia Brasil<\/strong><!--END copyright=441902--><\/h5>\n<\/p>\n<\/div>\n<p>Ivo afirmou ainda que o tema da anistia tem sido sequestrado pela extrema-direita. \u201cAnistia \u00e9 um perd\u00e3o. A anistia de 1979, por si s\u00f3, \u00e9 uma aberra\u00e7\u00e3o, porque o regime autorit\u00e1rio da \u00e9poca nunca reconheceu que cometeu nenhum crime. Como anistiar quem n\u00e3o cometeu crime? A mesma coisa est\u00e1 acontecendo novamente com esses que est\u00e3o sendo julgados pelo 8 de janeiro. Eles n\u00e3o admitem que cometeram crime&#8221;, disse.<\/p>\n<p>O presidente em exerc\u00edcio Geraldo Alckmin esteve na cerim\u00f4nia deste s\u00e1bado. \u201cA morte do Vladimir Herzog foi o resultado do extremismo do Estado\u00a0que, ao inv\u00e9s de proteger os cidad\u00e3os, os perseguia e matava. Por isso, fortalecer a democracia, a justi\u00e7a e a liberdade\u201d, disse Alckmin.<\/p>\n<p>Questionado se era a favor da revis\u00e3o da Lei da Anistia de 1979, ele afirmou: \u201cacho que j\u00e1 demos bons passos nessa quest\u00e3o\u201d.<\/p>\n<p>Ivo Herzog destacou que a presen\u00e7a de Alckmin reafirma o compromisso do Estado com a democracia. \u201cH\u00e1 50 anos, quando mais de 8 mil pessoas vieram a\u00a0essa catedral demonstrar sua indigna\u00e7\u00e3o contra a barb\u00e1rie que foi cometida contra o meu pai, havia muito medo, medo do Estado. Havia dezenas de atiradores de plant\u00e3o aguardando que qualquer manifesta\u00e7\u00e3o, qualquer desordem justificasse um massacre&#8221;, lembrou.\u00a0<\/p>\n<p>&#8220;Hoje, na pessoa do presidente, Geraldo Alckmin, n\u00f3s temos o Estado de m\u00e3os dadas com a gente, para reafirmar o compromisso com a democracia, reafirmar o compromisso com a justi\u00e7a, reafirmar o compromisso com os direitos humanos, reafirmar o compromisso com a verdade.\u201d<\/p>\n<h2>O assassinato de Vlado<br \/>\u00a0<\/h2>\n<div class=\"dnd-widget-wrapper context-cheio_8colunas type-image\">\n<div class=\"dnd-atom-rendered\"><!-- scald=441915:cheio_8colunas --><\/p>\n<p>    <!-- END scald=441915 --><\/div>\n<p><h5 class=\"meta\">O jornalista Vladimir Herzog foi assassinado pela ditadura militar h\u00e1 50 anos, no dia 25 de outubro de 1975. <strong>Foto:<\/strong>\u00a0<strong>Paulo Pinto\/Ag\u00eancia Brasil<\/strong><!--END copyright=441915--><\/h5>\n<\/p>\n<\/div>\n<p>Vladimir Herzog foi torturado e morto nas depend\u00eancias do Doi-Codi &#8211; \u00f3rg\u00e3o de repress\u00e3o da ditadura militar subordinado ao Ex\u00e9rcito -, onde havia sido preso sem ordem judicial. Diretor de Jornalismo da TV Cultura na \u00e9poca, Vlado,\u00a0como era conhecido entre colegas e amigos, havia se apresentado voluntariamente, na manh\u00e3 de 25 de outubro de 1975, ao \u00f3rg\u00e3o de repress\u00e3o.<\/p>\n<p>\u201cEu estava fechado em uma cela forte, eu ouvia uma pessoa sendo torturada e a pergunta era basicamente\u00a0\u2018quem s\u00e3o os jornalistas?\u2019. [Eu me questionava:] \u2018Quem pode ser a essa altura? Quem tinha pra ser preso j\u00e1 foi preso ou fugiu\u2019\u201d, lembra o jornalista S\u00e9rgio Gomes.<\/p>\n<p>Ele estava preso no Doi-Codi na data em que Vlado foi assassinado. \u201cAfinal, tem uma hora que para tudo, sil\u00eancio, remanejam as pessoas de um lugar para o outro, e \u00e9 a hora que tiram o cad\u00e1ver e fazem a simula\u00e7\u00e3o do suic\u00eddio\u201d, relatou.<\/p>\n<p>Desde a morte de Herzog, sua esposa, Clarice Herzog, esteve \u00e0 frente das den\u00fancias sobre o assassinato pol\u00edtico do marido.<\/p>\n<p>No dia 31 de outubro de 1975, foi realizado um ato na Catedral da S\u00e9,\u00a0um marco na resist\u00eancia democr\u00e1tica\u00a0conduzido por l\u00edderes religiosos como o cardeal dom Paulo Evaristo Arns, o rabino Henry Sobel e o reverendo Jaime Wright, com o apoio do jornalista Aud\u00e1lio Dantas, ent\u00e3o presidente do Sindicato dos Jornalistas de S\u00e3o Paulo. Cinco d\u00e9cadas depois, o novo ato inter-religioso na S\u00e9 \u00e9 dedicado \u00e0 mem\u00f3ria de todas as v\u00edtimas da ditadura.<\/p>\n<p>Na tarde de hoje, jornalistas fizeram uma passeata\u00a0desde o audit\u00f3rio Vladimir Herzog, na sede do sindicato da categoria em S\u00e3o Paulo (SJPSP), at\u00e9 a S\u00e9 para participar do evento\u00a0na catedral.<\/p>\n<p>\u201cHoje \u00e9 um dia muito especial, muito emocionante. Logo ap\u00f3s o assassinato de Herzog, no dia 25, houve uma assembleia no sindicato, em que centenas de jornalistas decidiram organizar o ato do dia 31 de outubro na Catedral da S\u00e9, que foi aquele primeiro grande ato contra a ditadura militar, p\u00f3s AI-5. Rememorar essa caminhada, fazer essa atividade, foi muito bonito, com pessoas de diferentes gera\u00e7\u00f5es, colegas jornalistas\u201d, disse Thiago Tanji, presidente do SJPSP.<\/p>\n<p>\u201c\u00c9 importante lembrar que as pessoas que torturaram, assassinaram o Vladimir Herzog, n\u00e3o foram condenadas, n\u00e3o foram investigadas, ent\u00e3o a nossa luta contra impunidade \u00e9 sobre o passado, mas tamb\u00e9m no presente, contra os golpistas do passado e do presente. Realizar essa atividade com uma catedral cheia, um lugar significativo na luta pela democracia, \u00e9 muito especial\u201d, finalizou.<\/p>\n<p>Diversas pessoas que estiveram no primeiro ato e voltaram para a catedral 50 anos depois foram aplaudidas de p\u00e9. Tamb\u00e9m compareceram ao local nomes como Luiza Erundina, Eug\u00eania Gonzaga, Amelinha Teles, Jurema Werneck, Fernando Morais, Jos\u00e9 Dirceu, Ivan Valente, S\u00e9rgio Gomes, Eduardo Suplicy, Jos\u00e9 Geno\u00edno, Paulo Teixeira, Paulo Vannuchi, Rui Falc\u00e3o, Ariel de Castro Alves, Jos\u00e9 Trajano,\u00a0Juca Kfouri, Andre Basbaum, Jos\u00e9 Carlos Dias e\u00a0Frei Chico.<\/p>\n<p>No come\u00e7o da cerim\u00f4nia deste s\u00e1bado, por volta das 19h, os presentes acompanharam apresenta\u00e7\u00e3o do Coro Luther King, que foi seguida de manifesta\u00e7\u00f5es inter-religiosas, com a presen\u00e7a de dom Odilo Pedro Scherer, da reverenda Anita Wright &#8211; filha de Jaime Wright, e do rabino Rav Uri Lam. O ato foi intercalado por m\u00fasicas executadas pelo coral e discursos.<\/p>\n<p>Ainda na catedral, houve a exibi\u00e7\u00e3o de v\u00eddeos especialmente produzidos para a ocasi\u00e3o, com imagens de manifesta\u00e7\u00f5es e de v\u00edtimas do Estado desde a ditadura militar at\u00e9 os dias atuais. Entre os v\u00eddeos, estava a leitura de uma carta de Zora Herzog, m\u00e3e de Vlado, feita pela atriz Fernanda Montenegro, para o juiz M\u00e1rcio Jos\u00e9 de Moraes, que reconheceu o direito \u00e0\u00a0indeniza\u00e7\u00e3o para a\u00a0fam\u00edlia de Vladimir Herzog\u00a0pela Uni\u00e3o.<\/p>\n<p>      <!-- Relacionada --><\/p>\n<p>            <!-- Relacionada -->\n    <\/div>\n","protected":false},"excerpt":{"rendered":"<p>Por EBC, Para marcar este 25 de outubro, data em que o jornalista Vladimir Herzog foi assassinado pela ditadura militar h\u00e1 50 anos, a Comiss\u00e3o Arns e o Instituto Vladimir Herzog realizaram um ato ecum\u00eanico que lotou a Catedral da S\u00e9, no centro da capital paulista. O local tamb\u00e9m foi palco, dias depois da morte &hellip;<\/p>\n","protected":false},"author":1,"featured_media":0,"comment_status":"open","ping_status":"open","sticky":false,"template":"","format":"standard","meta":{"_jetpack_memberships_contains_paid_content":false,"footnotes":""},"categories":[2,12225,4],"tags":[],"class_list":["post-451307","post","type-post","status-publish","format-standard","hentry","category-entretenimento","category-noticias","category-servicos"],"yoast_head":"<!-- This site is optimized with the Yoast SEO plugin v27.5 - https:\/\/yoast.com\/product\/yoast-seo-wordpress\/ -->\n<title>Catedral da S\u00e9 lotada rememora os 50 anos do assassinato de Herzog<\/title>\n<meta name=\"robots\" content=\"index, follow, max-snippet:-1, max-image-preview:large, max-video-preview:-1\" \/>\n<link rel=\"canonical\" href=\"https:\/\/mrnews.com.br\/index.php\/2025\/10\/26\/catedral-da-se-lotada-rememora-os-50-anos-do-assassinato-de-herzog\/\" \/>\n<meta property=\"og:locale\" content=\"pt_BR\" \/>\n<meta property=\"og:type\" content=\"article\" \/>\n<meta property=\"og:title\" content=\"Catedral da S\u00e9 lotada rememora os 50 anos do assassinato de Herzog\" \/>\n<meta property=\"og:description\" content=\"Por EBC, Para marcar este 25 de outubro, data em que o jornalista Vladimir Herzog foi assassinado pela ditadura militar h\u00e1 50 anos, a Comiss\u00e3o Arns e o Instituto Vladimir Herzog realizaram um ato ecum\u00eanico que lotou a Catedral da S\u00e9, no centro da capital paulista. O local tamb\u00e9m foi palco, dias depois da morte &hellip;\" \/>\n<meta property=\"og:url\" content=\"https:\/\/mrnews.com.br\/index.php\/2025\/10\/26\/catedral-da-se-lotada-rememora-os-50-anos-do-assassinato-de-herzog\/\" \/>\n<meta property=\"og:site_name\" content=\"MRNews\" \/>\n<meta property=\"article:publisher\" content=\"https:\/\/www.facebook.com\/eaipahpah\/?locale2=pt_BR\" \/>\n<meta property=\"article:published_time\" content=\"2025-10-26T04:47:12+00:00\" \/>\n<meta name=\"author\" content=\"MR News\" \/>\n<meta name=\"twitter:card\" content=\"summary_large_image\" \/>\n<meta name=\"twitter:creator\" content=\"@conspirou\" \/>\n<meta name=\"twitter:site\" content=\"@conspirou\" \/>\n<meta name=\"twitter:label1\" content=\"Escrito por\" \/>\n\t<meta name=\"twitter:data1\" content=\"MR News\" \/>\n\t<meta name=\"twitter:label2\" content=\"Est. tempo de leitura\" \/>\n\t<meta name=\"twitter:data2\" content=\"7 minutos\" \/>\n<script type=\"application\/ld+json\" class=\"yoast-schema-graph\">{\"@context\":\"https:\\\/\\\/schema.org\",\"@graph\":[{\"@type\":\"Article\",\"@id\":\"https:\\\/\\\/mrnews.com.br\\\/index.php\\\/2025\\\/10\\\/26\\\/catedral-da-se-lotada-rememora-os-50-anos-do-assassinato-de-herzog\\\/#article\",\"isPartOf\":{\"@id\":\"https:\\\/\\\/mrnews.com.br\\\/index.php\\\/2025\\\/10\\\/26\\\/catedral-da-se-lotada-rememora-os-50-anos-do-assassinato-de-herzog\\\/\"},\"author\":{\"name\":\"MR News\",\"@id\":\"https:\\\/\\\/mrnews.com.br\\\/#\\\/schema\\\/person\\\/be3203154562a9f207407861cef7827b\"},\"headline\":\"Catedral da S\u00e9 lotada rememora os 50 anos do assassinato de Herzog\",\"datePublished\":\"2025-10-26T04:47:12+00:00\",\"mainEntityOfPage\":{\"@id\":\"https:\\\/\\\/mrnews.com.br\\\/index.php\\\/2025\\\/10\\\/26\\\/catedral-da-se-lotada-rememora-os-50-anos-do-assassinato-de-herzog\\\/\"},\"wordCount\":1367,\"commentCount\":0,\"publisher\":{\"@id\":\"https:\\\/\\\/mrnews.com.br\\\/#organization\"},\"articleSection\":[\"ENTRETENIMENTO\",\"NOTICIAS\",\"SERVI\u00c7OS\"],\"inLanguage\":\"pt-BR\",\"potentialAction\":[{\"@type\":\"CommentAction\",\"name\":\"Comment\",\"target\":[\"https:\\\/\\\/mrnews.com.br\\\/index.php\\\/2025\\\/10\\\/26\\\/catedral-da-se-lotada-rememora-os-50-anos-do-assassinato-de-herzog\\\/#respond\"]}]},{\"@type\":\"WebPage\",\"@id\":\"https:\\\/\\\/mrnews.com.br\\\/index.php\\\/2025\\\/10\\\/26\\\/catedral-da-se-lotada-rememora-os-50-anos-do-assassinato-de-herzog\\\/\",\"url\":\"https:\\\/\\\/mrnews.com.br\\\/index.php\\\/2025\\\/10\\\/26\\\/catedral-da-se-lotada-rememora-os-50-anos-do-assassinato-de-herzog\\\/\",\"name\":\"Catedral da S\u00e9 lotada rememora os 50 anos do assassinato de Herzog\",\"isPartOf\":{\"@id\":\"https:\\\/\\\/mrnews.com.br\\\/#website\"},\"datePublished\":\"2025-10-26T04:47:12+00:00\",\"breadcrumb\":{\"@id\":\"https:\\\/\\\/mrnews.com.br\\\/index.php\\\/2025\\\/10\\\/26\\\/catedral-da-se-lotada-rememora-os-50-anos-do-assassinato-de-herzog\\\/#breadcrumb\"},\"inLanguage\":\"pt-BR\",\"potentialAction\":[{\"@type\":\"ReadAction\",\"target\":[\"https:\\\/\\\/mrnews.com.br\\\/index.php\\\/2025\\\/10\\\/26\\\/catedral-da-se-lotada-rememora-os-50-anos-do-assassinato-de-herzog\\\/\"]}]},{\"@type\":\"BreadcrumbList\",\"@id\":\"https:\\\/\\\/mrnews.com.br\\\/index.php\\\/2025\\\/10\\\/26\\\/catedral-da-se-lotada-rememora-os-50-anos-do-assassinato-de-herzog\\\/#breadcrumb\",\"itemListElement\":[{\"@type\":\"ListItem\",\"position\":1,\"name\":\"In\u00edcio\",\"item\":\"https:\\\/\\\/mrnews.com.br\\\/\"},{\"@type\":\"ListItem\",\"position\":2,\"name\":\"Catedral da S\u00e9 lotada rememora os 50 anos do assassinato de Herzog\"}]},{\"@type\":\"WebSite\",\"@id\":\"https:\\\/\\\/mrnews.com.br\\\/#website\",\"url\":\"https:\\\/\\\/mrnews.com.br\\\/\",\"name\":\"MRNews\",\"description\":\"MRNews Jogos de hoje da TV, transmiss\u00f5es ao vivo, Not\u00edcias de futebol, Jogos ao vivo, Lives, resumo de novelas, Programa\u00e7\u00e3o da Globo, A Fazenda e BBB\",\"publisher\":{\"@id\":\"https:\\\/\\\/mrnews.com.br\\\/#organization\"},\"potentialAction\":[{\"@type\":\"SearchAction\",\"target\":{\"@type\":\"EntryPoint\",\"urlTemplate\":\"https:\\\/\\\/mrnews.com.br\\\/?s={search_term_string}\"},\"query-input\":{\"@type\":\"PropertyValueSpecification\",\"valueRequired\":true,\"valueName\":\"search_term_string\"}}],\"inLanguage\":\"pt-BR\"},{\"@type\":\"Organization\",\"@id\":\"https:\\\/\\\/mrnews.com.br\\\/#organization\",\"name\":\"MRNews\",\"url\":\"https:\\\/\\\/mrnews.com.br\\\/\",\"logo\":{\"@type\":\"ImageObject\",\"inLanguage\":\"pt-BR\",\"@id\":\"https:\\\/\\\/mrnews.com.br\\\/#\\\/schema\\\/logo\\\/image\\\/\",\"url\":\"https:\\\/\\\/mrnews.com.br\\\/wp-content\\\/uploads\\\/2019\\\/06\\\/MRNewslogo2.png\",\"contentUrl\":\"https:\\\/\\\/mrnews.com.br\\\/wp-content\\\/uploads\\\/2019\\\/06\\\/MRNewslogo2.png\",\"width\":223,\"height\":58,\"caption\":\"MRNews\"},\"image\":{\"@id\":\"https:\\\/\\\/mrnews.com.br\\\/#\\\/schema\\\/logo\\\/image\\\/\"},\"sameAs\":[\"https:\\\/\\\/www.facebook.com\\\/eaipahpah\\\/?locale2=pt_BR\",\"https:\\\/\\\/x.com\\\/conspirou\",\"https:\\\/\\\/www.instagram.com\\\/eai_pahpah\",\"https:\\\/\\\/br.pinterest.com\\\/mrnewsn\\\/boards\\\/\",\"https:\\\/\\\/www.youtube.com\\\/channel\\\/UCacgnpznQ61fifLWr1tQ-vA?view_as=subscriber\"]},{\"@type\":\"Person\",\"@id\":\"https:\\\/\\\/mrnews.com.br\\\/#\\\/schema\\\/person\\\/be3203154562a9f207407861cef7827b\",\"name\":\"MR News\",\"image\":{\"@type\":\"ImageObject\",\"inLanguage\":\"pt-BR\",\"@id\":\"https:\\\/\\\/secure.gravatar.com\\\/avatar\\\/04084e6d73c042b8646e7c17b494073bf0ede3ea13c7105cfc45cbbbc28385a4?s=96&d=monsterid&r=g\",\"url\":\"https:\\\/\\\/secure.gravatar.com\\\/avatar\\\/04084e6d73c042b8646e7c17b494073bf0ede3ea13c7105cfc45cbbbc28385a4?s=96&d=monsterid&r=g\",\"contentUrl\":\"https:\\\/\\\/secure.gravatar.com\\\/avatar\\\/04084e6d73c042b8646e7c17b494073bf0ede3ea13c7105cfc45cbbbc28385a4?s=96&d=monsterid&r=g\",\"caption\":\"MR News\"},\"description\":\"Especializado em jornalismo colaborativo pela FTP em n\u00edvel de p\u00f3s-gradua\u00e7\u00e3o. suporte@oimeliga.combr\",\"sameAs\":[\"HUGO R.\",\"Admin\"],\"url\":\"https:\\\/\\\/mrnews.com.br\\\/index.php\\\/author\\\/admin\\\/\"}]}<\/script>\n<!-- \/ Yoast SEO plugin. -->","yoast_head_json":{"title":"Catedral da S\u00e9 lotada rememora os 50 anos do assassinato de Herzog","robots":{"index":"index","follow":"follow","max-snippet":"max-snippet:-1","max-image-preview":"max-image-preview:large","max-video-preview":"max-video-preview:-1"},"canonical":"https:\/\/mrnews.com.br\/index.php\/2025\/10\/26\/catedral-da-se-lotada-rememora-os-50-anos-do-assassinato-de-herzog\/","og_locale":"pt_BR","og_type":"article","og_title":"Catedral da S\u00e9 lotada rememora os 50 anos do assassinato de Herzog","og_description":"Por EBC, Para marcar este 25 de outubro, data em que o jornalista Vladimir Herzog foi assassinado pela ditadura militar h\u00e1 50 anos, a Comiss\u00e3o Arns e o Instituto Vladimir Herzog realizaram um ato ecum\u00eanico que lotou a Catedral da S\u00e9, no centro da capital paulista. O local tamb\u00e9m foi palco, dias depois da morte &hellip;","og_url":"https:\/\/mrnews.com.br\/index.php\/2025\/10\/26\/catedral-da-se-lotada-rememora-os-50-anos-do-assassinato-de-herzog\/","og_site_name":"MRNews","article_publisher":"https:\/\/www.facebook.com\/eaipahpah\/?locale2=pt_BR","article_published_time":"2025-10-26T04:47:12+00:00","author":"MR News","twitter_card":"summary_large_image","twitter_creator":"@conspirou","twitter_site":"@conspirou","twitter_misc":{"Escrito por":"MR News","Est. tempo de leitura":"7 minutos"},"schema":{"@context":"https:\/\/schema.org","@graph":[{"@type":"Article","@id":"https:\/\/mrnews.com.br\/index.php\/2025\/10\/26\/catedral-da-se-lotada-rememora-os-50-anos-do-assassinato-de-herzog\/#article","isPartOf":{"@id":"https:\/\/mrnews.com.br\/index.php\/2025\/10\/26\/catedral-da-se-lotada-rememora-os-50-anos-do-assassinato-de-herzog\/"},"author":{"name":"MR News","@id":"https:\/\/mrnews.com.br\/#\/schema\/person\/be3203154562a9f207407861cef7827b"},"headline":"Catedral da S\u00e9 lotada rememora os 50 anos do assassinato de Herzog","datePublished":"2025-10-26T04:47:12+00:00","mainEntityOfPage":{"@id":"https:\/\/mrnews.com.br\/index.php\/2025\/10\/26\/catedral-da-se-lotada-rememora-os-50-anos-do-assassinato-de-herzog\/"},"wordCount":1367,"commentCount":0,"publisher":{"@id":"https:\/\/mrnews.com.br\/#organization"},"articleSection":["ENTRETENIMENTO","NOTICIAS","SERVI\u00c7OS"],"inLanguage":"pt-BR","potentialAction":[{"@type":"CommentAction","name":"Comment","target":["https:\/\/mrnews.com.br\/index.php\/2025\/10\/26\/catedral-da-se-lotada-rememora-os-50-anos-do-assassinato-de-herzog\/#respond"]}]},{"@type":"WebPage","@id":"https:\/\/mrnews.com.br\/index.php\/2025\/10\/26\/catedral-da-se-lotada-rememora-os-50-anos-do-assassinato-de-herzog\/","url":"https:\/\/mrnews.com.br\/index.php\/2025\/10\/26\/catedral-da-se-lotada-rememora-os-50-anos-do-assassinato-de-herzog\/","name":"Catedral da S\u00e9 lotada rememora os 50 anos do assassinato de Herzog","isPartOf":{"@id":"https:\/\/mrnews.com.br\/#website"},"datePublished":"2025-10-26T04:47:12+00:00","breadcrumb":{"@id":"https:\/\/mrnews.com.br\/index.php\/2025\/10\/26\/catedral-da-se-lotada-rememora-os-50-anos-do-assassinato-de-herzog\/#breadcrumb"},"inLanguage":"pt-BR","potentialAction":[{"@type":"ReadAction","target":["https:\/\/mrnews.com.br\/index.php\/2025\/10\/26\/catedral-da-se-lotada-rememora-os-50-anos-do-assassinato-de-herzog\/"]}]},{"@type":"BreadcrumbList","@id":"https:\/\/mrnews.com.br\/index.php\/2025\/10\/26\/catedral-da-se-lotada-rememora-os-50-anos-do-assassinato-de-herzog\/#breadcrumb","itemListElement":[{"@type":"ListItem","position":1,"name":"In\u00edcio","item":"https:\/\/mrnews.com.br\/"},{"@type":"ListItem","position":2,"name":"Catedral da S\u00e9 lotada rememora os 50 anos do assassinato de Herzog"}]},{"@type":"WebSite","@id":"https:\/\/mrnews.com.br\/#website","url":"https:\/\/mrnews.com.br\/","name":"MRNews","description":"MRNews Jogos de hoje da TV, transmiss\u00f5es ao vivo, Not\u00edcias de futebol, Jogos ao vivo, Lives, resumo de novelas, Programa\u00e7\u00e3o da Globo, A Fazenda e BBB","publisher":{"@id":"https:\/\/mrnews.com.br\/#organization"},"potentialAction":[{"@type":"SearchAction","target":{"@type":"EntryPoint","urlTemplate":"https:\/\/mrnews.com.br\/?s={search_term_string}"},"query-input":{"@type":"PropertyValueSpecification","valueRequired":true,"valueName":"search_term_string"}}],"inLanguage":"pt-BR"},{"@type":"Organization","@id":"https:\/\/mrnews.com.br\/#organization","name":"MRNews","url":"https:\/\/mrnews.com.br\/","logo":{"@type":"ImageObject","inLanguage":"pt-BR","@id":"https:\/\/mrnews.com.br\/#\/schema\/logo\/image\/","url":"https:\/\/mrnews.com.br\/wp-content\/uploads\/2019\/06\/MRNewslogo2.png","contentUrl":"https:\/\/mrnews.com.br\/wp-content\/uploads\/2019\/06\/MRNewslogo2.png","width":223,"height":58,"caption":"MRNews"},"image":{"@id":"https:\/\/mrnews.com.br\/#\/schema\/logo\/image\/"},"sameAs":["https:\/\/www.facebook.com\/eaipahpah\/?locale2=pt_BR","https:\/\/x.com\/conspirou","https:\/\/www.instagram.com\/eai_pahpah","https:\/\/br.pinterest.com\/mrnewsn\/boards\/","https:\/\/www.youtube.com\/channel\/UCacgnpznQ61fifLWr1tQ-vA?view_as=subscriber"]},{"@type":"Person","@id":"https:\/\/mrnews.com.br\/#\/schema\/person\/be3203154562a9f207407861cef7827b","name":"MR News","image":{"@type":"ImageObject","inLanguage":"pt-BR","@id":"https:\/\/secure.gravatar.com\/avatar\/04084e6d73c042b8646e7c17b494073bf0ede3ea13c7105cfc45cbbbc28385a4?s=96&d=monsterid&r=g","url":"https:\/\/secure.gravatar.com\/avatar\/04084e6d73c042b8646e7c17b494073bf0ede3ea13c7105cfc45cbbbc28385a4?s=96&d=monsterid&r=g","contentUrl":"https:\/\/secure.gravatar.com\/avatar\/04084e6d73c042b8646e7c17b494073bf0ede3ea13c7105cfc45cbbbc28385a4?s=96&d=monsterid&r=g","caption":"MR News"},"description":"Especializado em jornalismo colaborativo pela FTP em n\u00edvel de p\u00f3s-gradua\u00e7\u00e3o. suporte@oimeliga.combr","sameAs":["HUGO R.","Admin"],"url":"https:\/\/mrnews.com.br\/index.php\/author\/admin\/"}]}},"jetpack_featured_media_url":"","jetpack_sharing_enabled":true,"jetpack_shortlink":"https:\/\/wp.me\/pa2Qf7-1Tp9","amp_enabled":true,"_links":{"self":[{"href":"https:\/\/mrnews.com.br\/index.php\/wp-json\/wp\/v2\/posts\/451307","targetHints":{"allow":["GET"]}}],"collection":[{"href":"https:\/\/mrnews.com.br\/index.php\/wp-json\/wp\/v2\/posts"}],"about":[{"href":"https:\/\/mrnews.com.br\/index.php\/wp-json\/wp\/v2\/types\/post"}],"author":[{"embeddable":true,"href":"https:\/\/mrnews.com.br\/index.php\/wp-json\/wp\/v2\/users\/1"}],"replies":[{"embeddable":true,"href":"https:\/\/mrnews.com.br\/index.php\/wp-json\/wp\/v2\/comments?post=451307"}],"version-history":[{"count":0,"href":"https:\/\/mrnews.com.br\/index.php\/wp-json\/wp\/v2\/posts\/451307\/revisions"}],"wp:attachment":[{"href":"https:\/\/mrnews.com.br\/index.php\/wp-json\/wp\/v2\/media?parent=451307"}],"wp:term":[{"taxonomy":"category","embeddable":true,"href":"https:\/\/mrnews.com.br\/index.php\/wp-json\/wp\/v2\/categories?post=451307"},{"taxonomy":"post_tag","embeddable":true,"href":"https:\/\/mrnews.com.br\/index.php\/wp-json\/wp\/v2\/tags?post=451307"}],"curies":[{"name":"wp","href":"https:\/\/api.w.org\/{rel}","templated":true}]}}