{"id":451309,"date":"2025-10-26T08:05:13","date_gmt":"2025-10-26T11:05:13","guid":{"rendered":"https:\/\/mrnews.com.br\/index.php\/2025\/10\/26\/hoje-e-dia-destaca-novembro-azul-prevencao-ao-avc-e-mauricio-de-sousa\/"},"modified":"2025-10-26T08:05:13","modified_gmt":"2025-10-26T11:05:13","slug":"hoje-e-dia-destaca-novembro-azul-prevencao-ao-avc-e-mauricio-de-sousa","status":"publish","type":"post","link":"https:\/\/mrnews.com.br\/index.php\/2025\/10\/26\/hoje-e-dia-destaca-novembro-azul-prevencao-ao-avc-e-mauricio-de-sousa\/","title":{"rendered":"Hoje \u00e9 Dia destaca Novembro Azul, preven\u00e7\u00e3o ao AVC e Maur\u00edcio de Sousa"},"content":{"rendered":"<p>Por EBC, <\/p>\n<div>\n<p>Esta semana temos duas importantes campanhas de promo\u00e7\u00e3o da sa\u00fade e tr\u00eas efem\u00e9rides que destacam a cultura. Vamos come\u00e7ar pelo \u00faltimo dia da semana, porque o <em>Novembro Azul<\/em> come\u00e7a no dia 1\u00ba desse m\u00eas. A mobiliza\u00e7\u00e3o incentiva a preven\u00e7\u00e3o do c\u00e2ncer de pr\u00f3stata, a variante da doen\u00e7a que mais acomete os homens.<\/p>\n<p>O Instituto Nacional de C\u00e2ncer (INCA) estima que, para o tri\u00eanio 2023\u20132025 haja uma m\u00e9dia de 71.730 novos casos por ano. A doen\u00e7a matou uma m\u00e9dia de 47 homens por dia em 2023, como destacou a <strong>Ag\u00eancia Brasil<\/strong> e o <strong><em>Rep\u00f3rter Brasil<\/em><\/strong>, da <strong>TV Brasil<\/strong>, em reportagens do ano passado.<\/p>\n<p>Mesmo assim, quase metade dos homens acima de 40 anos n\u00e3o fazem os exames preventivos, como noticiou a <strong>Radioag\u00eancia Nacional<\/strong>, em 2023. A import\u00e2ncia da preven\u00e7\u00e3o foi tema do <strong><em>Tarde Nacional Amaz\u00f4nia<\/em><\/strong>, da <strong>R\u00e1dio Nacional<\/strong>, em edi\u00e7\u00e3o de 2024.<\/p>\n<p>Por falar em sa\u00fade, o <em>Dia Mundial do Acidente Vascular Cerebral<\/em>, fixado em 29 de outubro, foi institu\u00eddo pela Organiza\u00e7\u00e3o Mundial da Sa\u00fade (OMS) e pela Federa\u00e7\u00e3o Mundial de Neurologia para conscientizar e prevenir esse mal, que chega a atingir uma a cada seis pessoas no mundo.<\/p>\n<p>O <strong><em>Revista Brasil<\/em><\/strong>, da <strong>R\u00e1dio Nacional<\/strong>, entrevistou uma neurologista em 2017 para explicar o que \u00e9 o AVC, tamb\u00e9m conhecido como derrame cerebral. O <strong><em>Nacional Informa<\/em><\/strong>, tamb\u00e9m veiculado pela emissora, em 2022\u00a0destacou que\u00a0reconhecer os sinais de alerta e fornecer socorro r\u00e1pido pode evitar \u00f3bitos e sequelas graves.<\/p>\n<p>A <strong>Ag\u00eancia Brasil<\/strong> mostrou que 90% dos casos s\u00e3o evit\u00e1veis, em texto de 2023. Esse tamb\u00e9m foi o foco do epis\u00f3dio do <em><strong>Caminhos da Reportagem<\/strong><\/em> chamado \u201cAVC, cada minuto importa\u201d, exibido pela <strong>TV Brasil<\/strong> em 2024.<\/p>\n<p><span class=\"embed-youtube\" style=\"text-align:center; display: block;\"><iframe loading=\"lazy\" class=\"youtube-player\" width=\"640\" height=\"360\" src=\"https:\/\/www.youtube.com\/embed\/83fTBR0uFLs?version=3&#038;rel=1&#038;showsearch=0&#038;showinfo=1&#038;iv_load_policy=1&#038;fs=1&#038;hl=pt-BR&#038;autohide=2&#038;wmode=transparent\" allowfullscreen=\"true\" style=\"border:0;\" sandbox=\"allow-scripts allow-same-origin allow-popups allow-presentation allow-popups-to-escape-sandbox\"><\/iframe><\/span><\/p>\n<h2><strong>Respeito \u00e0 diversidade<\/strong><\/h2>\n<p>No dia 26 de outubro \u00e9 celebrado o <em>Dia Internacional da Visibilidade Intersexo<\/em>. A data foi escolhida em alus\u00e3o \u00e0 manifesta\u00e7\u00e3o ocorrida nesse dia\u00a0em 1996, nos Estados Unidos, durante uma Confer\u00eancia da Academia Americana de Pediatria. Foi a primeira manifesta\u00e7\u00e3o p\u00fablica de pessoas intersexo j\u00e1 registrada.<\/p>\n<p>Essa condi\u00e7\u00e3o, em que a pessoa nasce com o \u00f3rg\u00e3o genital com apar\u00eancia diferente da realidade cromoss\u00f4mica (XX ou XY), foi explicada pelo <em><strong>Tarde Nacional<\/strong><\/em>, da <strong>R\u00e1dio Nacional<\/strong>, e pelo <em><strong>Rep\u00f3rter Brasil Tarde<\/strong><\/em>, da <strong>TV Brasil<\/strong>, em edi\u00e7\u00f5es de 2024.<\/p>\n<p>A <strong>Radioag\u00eancia Nacional<\/strong> destacou que essas pessoas t\u00eam o direito de alterar o sexo no registro civil, em reportagem de 2021. E a <strong>Ag\u00eancia Brasil<\/strong> contou a hist\u00f3ria da primeira brasileira a obter o registro intersexo, em reportagem do ano passado.<\/p>\n<h2><strong>Cultura<\/strong><\/h2>\n<p>No dia 27 de outubro Mauricio de Sousa, o mais famoso e premiado cartunista brasileiro, faz anivers\u00e1rio de 90 anos. Os personagens da Turma da M\u00f4nica, sua cria\u00e7\u00e3o m\u00e1xima, marcaram a inf\u00e2ncia de milh\u00f5es de brasileiros, de diferentes gera\u00e7\u00f5es. Seja nos quadrinhos, na TV, cinema, em games e at\u00e9 em campanhas de utilidade p\u00fablica.<\/p>\n<p>A trajet\u00f3ria e a contribui\u00e7\u00e3o de Maur\u00edcio para a cultura do pa\u00eds foram destacadas pela <strong>Ag\u00eancia Brasil<\/strong>, pela <strong>Radioag\u00eancia Nacional<\/strong>, e tamb\u00e9m no <em><strong>Rep\u00f3rter Brasil<\/strong><\/em>, da <strong>TV Brasil<\/strong>, em reportagens de 2020, na ocasi\u00e3o de seu anivers\u00e1rio de 85 anos. Maur\u00edcio deu ainda uma longa entrevista sobre sua vida e obra para a <strong>TV Brasil<\/strong> em 2019, no programa <em><strong>Conversa com Roseann Kennedy<\/strong><\/em>.\u00a0<\/p>\n<p><span class=\"embed-youtube\" style=\"text-align:center; display: block;\"><iframe loading=\"lazy\" class=\"youtube-player\" width=\"640\" height=\"360\" src=\"https:\/\/www.youtube.com\/embed\/8CwZhpwlirY?version=3&#038;rel=1&#038;showsearch=0&#038;showinfo=1&#038;iv_load_policy=1&#038;fs=1&#038;hl=pt-BR&#038;autohide=2&#038;wmode=transparent\" allowfullscreen=\"true\" style=\"border:0;\" sandbox=\"allow-scripts allow-same-origin allow-popups allow-presentation allow-popups-to-escape-sandbox\"><\/iframe><\/span><span class=\"embed-youtube\" style=\"text-align:center; display: block;\"><iframe loading=\"lazy\" class=\"youtube-player\" width=\"640\" height=\"360\" src=\"https:\/\/www.youtube.com\/embed\/7OdLdEUBX9U?version=3&#038;rel=1&#038;showsearch=0&#038;showinfo=1&#038;iv_load_policy=1&#038;fs=1&#038;hl=pt-BR&#038;autohide=2&#038;wmode=transparent\" allowfullscreen=\"true\" style=\"border:0;\" sandbox=\"allow-scripts allow-same-origin allow-popups allow-presentation allow-popups-to-escape-sandbox\"><\/iframe><\/span><\/p>\n<p>Aproveitando o papo sobre quadrinhos e personagens que encantam crian\u00e7as e adultos, o <em>Dia Internacional da Anima\u00e7\u00e3o<\/em> \u00e9 comemorado em 28 de outubro. Nesta data, em 1892, ocorreu a primeira apresenta\u00e7\u00e3o do &#8220;Teatro \u00d3tico&#8221;, do artista franc\u00eas \u00c9mile Reynaud, com suas anima\u00e7\u00f5es chamadas &#8220;Pantomimas Luminosas&#8221;, no Museu Gr\u00e9vin, em Paris.<\/p>\n<p>No Brasil, a data \u00e9 comemorada com apresenta\u00e7\u00f5es gratuitas de anima\u00e7\u00f5es nacionais e internacionais em dezenas de cidades, como mostra esta reportagem da <strong>Ag\u00eancia Brasil<\/strong>, de 2016. No mesmo ano, a Ag\u00eancia trouxe <strong>este outro texto<\/strong>, mostrando que cresce no pa\u00eds a participa\u00e7\u00e3o de mulheres na produ\u00e7\u00e3o de anima\u00e7\u00f5es. A efem\u00e9ride ganhou destaque ainda no <em><strong>Rep\u00f3rter Maranh\u00e3o<\/strong><\/em>, da <strong>TV Brasil<\/strong>, em 2017.\u00a0<\/p>\n<p><span class=\"embed-youtube\" style=\"text-align:center; display: block;\"><iframe loading=\"lazy\" class=\"youtube-player\" width=\"640\" height=\"360\" src=\"https:\/\/www.youtube.com\/embed\/3KXhw2UgRV0?version=3&#038;rel=1&#038;showsearch=0&#038;showinfo=1&#038;iv_load_policy=1&#038;fs=1&#038;hl=pt-BR&#038;autohide=2&#038;wmode=transparent\" allowfullscreen=\"true\" style=\"border:0;\" sandbox=\"allow-scripts allow-same-origin allow-popups allow-presentation allow-popups-to-escape-sandbox\"><\/iframe><\/span><\/p>\n<p>Celebrar e incentivar o h\u00e1bito da leitura \u00e9 o objetivo do <em>Dia Nacional do Livro<\/em>, efem\u00e9ride comemorada em 29 de outubro. A <strong>Ag\u00eancia Brasil<\/strong> destacou, em 2023, que o Brasil tem 25 milh\u00f5es de leitores de livros. Um contingente considerado baixo, levando-se em conta a totalidade da popula\u00e7\u00e3o.<\/p>\n<p>Em reportagem publicada no mesmo ano, a <strong>Radiog\u00eancia Nacional<\/strong> mostrou que os leitores brasileiros est\u00e3o comprando mais livros pela internet. E o <strong><em>Rep\u00f3rter Brasil<\/em><\/strong>, da <strong>TV Brasil<\/strong>, aproveitou a efem\u00e9ride para exibir uma s\u00e9rie de tr\u00eas reportagens especiais, <strong>que pode ser conferida aqui<\/strong>.\u00a0<\/p>\n<p><span class=\"embed-youtube\" style=\"text-align:center; display: block;\"><iframe loading=\"lazy\" class=\"youtube-player\" width=\"640\" height=\"360\" src=\"https:\/\/www.youtube.com\/embed\/35Um8kE7vtU?version=3&#038;rel=1&#038;showsearch=0&#038;showinfo=1&#038;iv_load_policy=1&#038;fs=1&#038;hl=pt-BR&#038;autohide=2&#038;wmode=transparent\" allowfullscreen=\"true\" style=\"border:0;\" sandbox=\"allow-scripts allow-same-origin allow-popups allow-presentation allow-popups-to-escape-sandbox\"><\/iframe><\/span><span class=\"embed-youtube\" style=\"text-align:center; display: block;\"><iframe loading=\"lazy\" class=\"youtube-player\" width=\"640\" height=\"360\" src=\"https:\/\/www.youtube.com\/embed\/igUvl7Q3p9Q?version=3&#038;rel=1&#038;showsearch=0&#038;showinfo=1&#038;iv_load_policy=1&#038;fs=1&#038;hl=pt-BR&#038;autohide=2&#038;wmode=transparent\" allowfullscreen=\"true\" style=\"border:0;\" sandbox=\"allow-scripts allow-same-origin allow-popups allow-presentation allow-popups-to-escape-sandbox\"><\/iframe><\/span><span class=\"embed-youtube\" style=\"text-align:center; display: block;\"><iframe loading=\"lazy\" class=\"youtube-player\" width=\"640\" height=\"360\" src=\"https:\/\/www.youtube.com\/embed\/Apl6MYgUQYw?version=3&#038;rel=1&#038;showsearch=0&#038;showinfo=1&#038;iv_load_policy=1&#038;fs=1&#038;hl=pt-BR&#038;autohide=2&#038;wmode=transparent\" allowfullscreen=\"true\" style=\"border:0;\" sandbox=\"allow-scripts allow-same-origin allow-popups allow-presentation allow-popups-to-escape-sandbox\"><\/iframe><\/span><\/p>\n<p>E j\u00e1 que estamos falando de leitura, temos tamb\u00e9m o <em>Dia Nacional da Poesia<\/em>, comemorado em 31 de outubro. A efem\u00e9ride \u00e9 uma homenagem ao nascimento de Carlos Drummond de Andrade, considerado por muitos como o mais influente poeta brasileiro do s\u00e9culo XX. A data foi destaque de edi\u00e7\u00e3o do <strong><em>Rep\u00f3rter Brasil<\/em><\/strong>, da <strong>TV Brasil<\/strong>, em 2020, e da <strong><em>R\u00e1dio Animada<\/em><\/strong>, da <strong>R\u00e1dio MEC<\/strong>, em 2021.<\/p>\n<p>J\u00e1 a <strong>Ag\u00eancia Brasil<\/strong><strong> <\/strong>aproveitou a efem\u00e9ride para trazer dicas de como incentivar a leitura entre as crian\u00e7as, em texto de 2024. E a <strong>Radioag\u00eancia Nacional<\/strong> destacou como a poesia tem ganhado novos formatos com a internet.<\/p>\n<p><span class=\"embed-youtube\" style=\"text-align:center; display: block;\"><iframe loading=\"lazy\" class=\"youtube-player\" width=\"640\" height=\"360\" src=\"https:\/\/www.youtube.com\/embed\/A5SWHvI9Zgc?version=3&#038;rel=1&#038;showsearch=0&#038;showinfo=1&#038;iv_load_policy=1&#038;fs=1&#038;hl=pt-BR&#038;autohide=2&#038;wmode=transparent\" allowfullscreen=\"true\" style=\"border:0;\" sandbox=\"allow-scripts allow-same-origin allow-popups allow-presentation allow-popups-to-escape-sandbox\"><\/iframe><\/span><\/p>\n<h2><strong>Esporte<\/strong><\/h2>\n<p>Diego Maradona, um dos maiores craques do futebol argentino, faria 65 anos no dia 30 de outubro. Nascido em um bairro pobre nos sub\u00farbios de Buenos Aires, o jogador se tornou um \u00edcone para muitas pessoas na Argentina e em todo o mundo.<\/p>\n<p>Diego morreu aos 60 anos, e sua morte virou caso judicial, com a equipe m\u00e9dica sendo acusada de neglig\u00eancia. A partida do astro dos gramados, em 2020, foi destaque na <strong>Radioag\u00eancia Nacional<\/strong> e no <em><strong>Rep\u00f3rter Brasil<\/strong><\/em>, da <strong>TV Brasil<\/strong>. E o carinho dos f\u00e3s e as homenagens ao \u00eddolo foram o foco de reportagem da <strong>Ag\u00eancia Brasil<\/strong> em 2021, um ano ap\u00f3s o falecimento.\u00a0<\/p>\n<p><span class=\"embed-youtube\" style=\"text-align:center; display: block;\"><iframe loading=\"lazy\" class=\"youtube-player\" width=\"640\" height=\"360\" src=\"https:\/\/www.youtube.com\/embed\/VAMpbmUavX0?version=3&#038;rel=1&#038;showsearch=0&#038;showinfo=1&#038;iv_load_policy=1&#038;fs=1&#038;hl=pt-BR&#038;autohide=2&#038;wmode=transparent\" allowfullscreen=\"true\" style=\"border:0;\" sandbox=\"allow-scripts allow-same-origin allow-popups allow-presentation allow-popups-to-escape-sandbox\"><\/iframe><\/span><\/p>\n<h2><strong>Halloween e Dia do Saci<\/strong><\/h2>\n<p>O que voc\u00ea prefere? Uma celebra\u00e7\u00e3o importada ou uma data tipicamente brasileira? Brincadeiras \u00e0 parte, em 31 de outubro s\u00e3o comemorados o <em>Dia das Bruxas<\/em> e o <em>Dia do Saci<\/em>. Mais conhecido como <em>Halloween<\/em>, o primeiro \u00e9 uma comemora\u00e7\u00e3o tradicional nos Estados Unidos, na Irlanda e em outros lugares pelo mundo afora, inclusive no Brasil, onde foi amplamente adotada.<\/p>\n<p>J\u00e1 o <em>Dia do Saci<\/em> foi criado por lei em 2003, justamente com o objetivo de resgatar figuras do folclore brasileiro, em contraposi\u00e7\u00e3o \u00e0 celebra\u00e7\u00e3o gringa. Essa \u201ccompeti\u00e7\u00e3o\u201d foi tema de edi\u00e7\u00e3o da <em><strong>R\u00e1dio Animada<\/strong><\/em>, programa da <strong>R\u00e1dio Nacional<\/strong>, e de reportagem da <strong>Radioag\u00eancia Nacional<\/strong>, ambas em 2023.<\/p>\n<p>E se voc\u00ea for comemorar fantasiado ou com uma maquiagem tem\u00e1tica, o\u00a0Instituto Nacional de Metrologia, Qualidade e Tecnologia\u00a0(Inmetro) tem recomenda\u00e7\u00f5es para adquirir produtos sem risco para a sa\u00fade, como mostra esta mat\u00e9ria do <em><strong>Rep\u00f3rter Brasil<\/strong><\/em>, da <strong>TV Brasil<\/strong>, de 2019.\u00a0<\/p>\n<p><span class=\"embed-youtube\" style=\"text-align:center; display: block;\"><iframe loading=\"lazy\" class=\"youtube-player\" width=\"640\" height=\"360\" src=\"https:\/\/www.youtube.com\/embed\/1Gwc3z1Dc7Q?version=3&#038;rel=1&#038;showsearch=0&#038;showinfo=1&#038;iv_load_policy=1&#038;fs=1&#038;hl=pt-BR&#038;autohide=2&#038;wmode=transparent\" allowfullscreen=\"true\" style=\"border:0;\" sandbox=\"allow-scripts allow-same-origin allow-popups allow-presentation allow-popups-to-escape-sandbox\"><\/iframe><\/span><\/p>\n<h2><strong>Hist\u00f3ria<\/strong><\/h2>\n<p>A Guerra do Vietn\u00e3 come\u00e7ou h\u00e1 66 anos, no dia 1\u00ba de novembro de 1959. O conflito entre Vietn\u00e3 do Norte e Vietn\u00e3 do Sul, que teve o apoio dos Estados Unidos, chocou o mundo pelos impactos aos civis e ao meio ambiente, por causa dos bombardeios indiscriminados na regi\u00e3o, feitos pelos americanos.<\/p>\n<p>O programa <em><strong>Na Trilha da Hist\u00f3ria<\/strong><\/em>, da <strong>R\u00e1dio Nacional<\/strong>, entrevistou o historiador Ant\u00f4nio Jos\u00e9 Barbosa sobre a guerra, em episodio de 2019. Os 50 anos da\u00a0imagem mais famosa e emblem\u00e1tica do conflito, a foto da menina Kim Phuc fugindo de um bombardeio, com a pele queimada por napalm, foi o foco de mat\u00e9ria do <strong><em>Rep\u00f3rter Brasil Tarde<\/em><\/strong>, da <strong>TV Brasil<\/strong>, em 2022.<\/p>\n<p>A pr\u00f3pria Kim contou sua hist\u00f3ria em uma autobiografia lan\u00e7ada no Brasil em 2018, como noticiou a <strong>Ag\u00eancia Brasil<\/strong>.<\/p>\n<p><span class=\"embed-youtube\" style=\"text-align:center; display: block;\"><iframe loading=\"lazy\" class=\"youtube-player\" width=\"640\" height=\"360\" src=\"https:\/\/www.youtube.com\/embed\/TD4_SABadLE?version=3&#038;rel=1&#038;showsearch=0&#038;showinfo=1&#038;iv_load_policy=1&#038;fs=1&#038;hl=pt-BR&#038;autohide=2&#038;wmode=transparent\" allowfullscreen=\"true\" style=\"border:0;\" sandbox=\"allow-scripts allow-same-origin allow-popups allow-presentation allow-popups-to-escape-sandbox\"><\/iframe><\/span><\/p>\n<h2><strong>Confira a rela\u00e7\u00e3o completa de datas do Hoje \u00e9 Dia de 26 de Outubro a\u00a01\u00ba de Novembro de 2025*<\/strong><\/h2>\n<p><!-- Outubro \/ Novembro --><\/p>\n<div class=\"cmpTable tcols-2\">\n<p>Outubro \/ Novembro de 2025<\/p>\n<p>26\/10<\/p>\n<div class=\"cmpTableCell cmpTopics\">\n<p>Dia da Visibilidade Intersexo<\/p>\n<\/div>\n<p>27\/10<\/p>\n<div class=\"cmpTableCell cmpTopics\">\n<p>Nascimento do cartunista paulista Mauricio de Sousa (90 anos)<\/p>\n<p>Nascimento do presidente pernambucano Luiz In\u00e1cio Lula da Silva (80 anos)<\/p>\n<p>Dia Mundial do Patrim\u00f4nio Audiovisual &#8211; comemora\u00e7\u00e3o institu\u00edda pela Unesco para marcar a data da aprova\u00e7\u00e3o de uma recomenda\u00e7\u00e3o sobre a salvaguarda e conserva\u00e7\u00e3o das imagens em movimento, que se deu na 21\u00aa reuni\u00e3o da pr\u00f3pria Unesco, em 27 de outubro de 1980<\/p>\n<\/div>\n<p>28\/10<\/p>\n<div class=\"cmpTableCell cmpTopics\">\n<p>Nascimento do magnata, empres\u00e1rio, diretor executivo, investidor, filantropo e autor estadunidense William Henry Gates III, o Bill Gates (70 anos)<\/p>\n<p>Inaugura\u00e7\u00e3o do Aeroporto Internacional de Cruzeiro do Sul (AC) (55 anos) &#8211; o aeroporto mais ocidental do Brasil<\/p>\n<p>Dia Internacional da Anima\u00e7\u00e3o &#8211; comemora\u00e7\u00e3o institu\u00edda pela Associa\u00e7\u00e3o Internacional do Filme de Anima\u00e7\u00e3o, apoiada no Brasil pela Associa\u00e7\u00e3o Brasileira de Cinema de Anima\u00e7\u00e3o, para marcar a data da 1\u00aa apresenta\u00e7\u00e3o do &#8220;Teatro \u00d3tico&#8221;, do artista franc\u00eas \u00c9mile Reynaud, que apresentava suas cenas animadas intituladas &#8220;Pantomimas Luminosas&#8221;, no Museu Gr\u00e9vin, em Paris<\/p>\n<p>Dia do Servidor P\u00fablico &#8211; comemorado por brasileiros, conforme Decreto N\u00ba 5936, de 28 de outubro de 1943, e Artigo 236\u00ba da Lei n\u00ba 8.112, de 11 de dezembro de 1990, pela qual tamb\u00e9m se instituiu o Regime Jur\u00eddico dos Servidores P\u00fablicos Civis da Uni\u00e3o, das autarquias, inclusive as em regime especial, e das funda\u00e7\u00f5es p\u00fablicas federais, para marcar a data da Lei N\u00ba 284, de 28 de outubro de 1936, pela qual se adotou o principio geral de forma\u00e7\u00e3o de carreiras para os funcion\u00e1rios civis federais brasileiros<\/p>\n<\/div>\n<p>29\/10<\/p>\n<div class=\"cmpTableCell cmpTopics\">\n<p>Ataque a faca na bas\u00edlica de Notre-Dame de Nice, Fran\u00e7a, deixa tr\u00eas pessoas mortas (5 anos)<\/p>\n<p>Funda\u00e7\u00e3o da Real Biblioteca, que se tornou a Biblioteca Nacional (215 anos)<\/p>\n<p>Get\u00falio Vargas \u00e9 deposto por um movimento militar liderado por generais que compunham seu pr\u00f3prio minist\u00e9rio e que p\u00f4s fim ao Estado Novo (80 anos)<\/p>\n<p>Dia Mundial do Acidente Vascular Cerebral &#8211; comemora\u00e7\u00e3o institu\u00edda pela Organiza\u00e7\u00e3o Mundial da Sa\u00fade (OMS) e pela Federa\u00e7\u00e3o Mundial de Neurologia. Tem por finalidade conscientizar e prevenir sobre esse mal, que chega a atingir uma a cada seis pessoas<\/p>\n<p>Dia Nacional do Livro &#8211; comemora\u00e7\u00e3o criada pela Lei n\u00ba 5.191, de 13 de dezembro de 1966, pela qual se obriga a celebra\u00e7\u00e3o nas escolas p\u00fablicas e particulares de Ensino Fundamental e M\u00e9dio do Brasil, sem interrup\u00e7\u00e3o dos trabalhos escolares<\/p>\n<\/div>\n<p>30\/10<\/p>\n<div class=\"cmpTableCell cmpTopics\">\n<p>Nascimento do treinador e ex-futebolista argentino Diego Maradona (65 anos)<\/p>\n<p>Sismo do Mar Egeu (5 anos) \u2013 terremoto de magnitude entre 6,6 e 7,0, com o saldo de 119 mortos, 1.053 feridos e 15 mil desabrigados<\/p>\n<\/div>\n<p>31\/10<\/p>\n<div class=\"cmpTableCell cmpTopics\">\n<p>Morte do ator escoc\u00eas Sean Connery (5 anos)<\/p>\n<p>Dia Nacional da Poesia &#8211; comemora\u00e7\u00e3o institu\u00edda pela Lei n\u00ba 13.131, de 3 de junho de 2015. Tem por finalidade marcar a data do anivers\u00e1rio de nascimento de Carlos Drummond de Andrade, considerado por muitos como o mais influente poeta brasileiro do s\u00e9culo XX<\/p>\n<p>Dia das Bruxas &#8211; conhecido como Halloween, \u00e9 uma comemora\u00e7\u00e3o tradicional nos Estados Unidos, Canad\u00e1, Inglaterra, Irlanda e outros lugares pelo mundo afora. \u00c9 festejada com personagens como bruxas, ab\u00f3boras enfeitadas, zumbis etc., a partir da celebra\u00e7\u00e3o do &#8220;Festival de Samhain&#8221; na Irlanda, uma festividade da mitologia Celta, que era iniciada a partir do p\u00f4r-do-Sol de 31 de outubro no Hemisf\u00e9rio Norte, no final da temporada de colheitas<\/p>\n<p>Dia do Saci &#8211; comemora\u00e7\u00e3o brasileira, institu\u00edda pelo Projeto de Lei federal n\u00ba 2 762 de 2003, com o objetivo de resgatar figuras do folclore brasileiro, em contraposi\u00e7\u00e3o ao &#8220;Dia das Bruxas&#8221;, ou Halloween, de tradi\u00e7\u00e3o cultural celta<\/p>\n<p>Dia Mundial das Cidades<\/p>\n<p>In\u00edcio do &#8220;Multiplicidade: Festival Internacional de Mulheres nas Artes C\u00eanicas&#8221; (10 anos) &#8211; primeiro festival realizado no Rio de Janeiro inteiramente dedicado \u00e0 produ\u00e7\u00e3o teatral feminina<\/p>\n<\/div>\n<p>1\u00ba\/11<\/p>\n<div class=\"cmpTableCell cmpTopics\">\n<p>Morte do coordenador de palco paulista Tom Veiga (5 anos) &#8211; ficou conhecido por manipular e dar voz ao personagem Louro Jos\u00e9, no programa de Ana Maria Braga, exibido na Rede Globo<\/p>\n<p>Come\u00e7a a Guerra do Vietn\u00e3 (70 anos)<\/p>\n<p>Terremoto em Lisboa, que matou entre 15 mil e 20 mil pessoas (270 anos). Dentre v\u00e1rias perdas humanas e materiais, a Biblioteca Real foi destru\u00edda, com mais de 70 mil volumes de itens l\u00e1 armazenados<\/p>\n<p>Novembro Azul &#8211; campanha nacional de preven\u00e7\u00e3o ao c\u00e2ncer de pr\u00f3stata<\/p>\n<p>Dia Mundial Vegano &#8211; comemora\u00e7\u00e3o internacional festejada desde 1994, e que foi institu\u00edda durante a celebra\u00e7\u00e3o do 50\u00ba anivers\u00e1rio da Sociedade Vegana do Reino Unido<\/p>\n<\/div>\n<\/div>\n<p><em>*As datas s\u00e3o selecionadas pela equipe de pesquisadores do Projeto Efem\u00e9rides, da Ger\u00eancia de Acervo da <strong>Empresa Brasil de Comunica\u00e7\u00e3o (EBC)<\/strong>, que traz temas relacionados \u00e0 cultura, hist\u00f3ria, ci\u00eancia e personalidades, sempre ressaltando marcos nacionais e regionais. A Ger\u00eancia de Acervo tamb\u00e9m atende aos pedidos de pesquisa do p\u00fablico externo. Basta enviar um e-mail para <strong>centraldepesquisas@ebc.com.br<\/strong>.<\/em><\/p>\n<p>\u00a0<\/p>\n<p>      <!-- Relacionada --><br \/>\n            <!-- Relacionada -->\n    <\/div>\n","protected":false},"excerpt":{"rendered":"<p>Por EBC, Esta semana temos duas importantes campanhas de promo\u00e7\u00e3o da sa\u00fade e tr\u00eas efem\u00e9rides que destacam a cultura. Vamos come\u00e7ar pelo \u00faltimo dia da semana, porque o Novembro Azul come\u00e7a no dia 1\u00ba desse m\u00eas. A mobiliza\u00e7\u00e3o incentiva a preven\u00e7\u00e3o do c\u00e2ncer de pr\u00f3stata, a variante da doen\u00e7a que mais acomete os homens. O &hellip;<\/p>\n","protected":false},"author":1,"featured_media":0,"comment_status":"open","ping_status":"open","sticky":false,"template":"","format":"standard","meta":{"_jetpack_memberships_contains_paid_content":false,"footnotes":""},"categories":[2,12225,4],"tags":[],"class_list":["post-451309","post","type-post","status-publish","format-standard","hentry","category-entretenimento","category-noticias","category-servicos"],"yoast_head":"<!-- This site is optimized with the Yoast SEO plugin v27.5 - https:\/\/yoast.com\/product\/yoast-seo-wordpress\/ -->\n<title>Hoje \u00e9 Dia destaca Novembro Azul, preven\u00e7\u00e3o ao AVC e Maur\u00edcio de Sousa<\/title>\n<meta name=\"robots\" content=\"index, follow, max-snippet:-1, max-image-preview:large, max-video-preview:-1\" \/>\n<link rel=\"canonical\" href=\"https:\/\/mrnews.com.br\/index.php\/2025\/10\/26\/hoje-e-dia-destaca-novembro-azul-prevencao-ao-avc-e-mauricio-de-sousa\/\" \/>\n<meta property=\"og:locale\" content=\"pt_BR\" \/>\n<meta property=\"og:type\" content=\"article\" \/>\n<meta property=\"og:title\" content=\"Hoje \u00e9 Dia destaca Novembro Azul, preven\u00e7\u00e3o ao AVC e Maur\u00edcio de Sousa\" \/>\n<meta property=\"og:description\" content=\"Por EBC, Esta semana temos duas importantes campanhas de promo\u00e7\u00e3o da sa\u00fade e tr\u00eas efem\u00e9rides que destacam a cultura. Vamos come\u00e7ar pelo \u00faltimo dia da semana, porque o Novembro Azul come\u00e7a no dia 1\u00ba desse m\u00eas. A mobiliza\u00e7\u00e3o incentiva a preven\u00e7\u00e3o do c\u00e2ncer de pr\u00f3stata, a variante da doen\u00e7a que mais acomete os homens. O &hellip;\" \/>\n<meta property=\"og:url\" content=\"https:\/\/mrnews.com.br\/index.php\/2025\/10\/26\/hoje-e-dia-destaca-novembro-azul-prevencao-ao-avc-e-mauricio-de-sousa\/\" \/>\n<meta property=\"og:site_name\" content=\"MRNews\" \/>\n<meta property=\"article:publisher\" content=\"https:\/\/www.facebook.com\/eaipahpah\/?locale2=pt_BR\" \/>\n<meta property=\"article:published_time\" content=\"2025-10-26T11:05:13+00:00\" \/>\n<meta name=\"author\" content=\"MR News\" \/>\n<meta name=\"twitter:card\" content=\"summary_large_image\" \/>\n<meta name=\"twitter:creator\" content=\"@conspirou\" \/>\n<meta name=\"twitter:site\" content=\"@conspirou\" \/>\n<meta name=\"twitter:label1\" content=\"Escrito por\" \/>\n\t<meta name=\"twitter:data1\" content=\"MR News\" \/>\n\t<meta name=\"twitter:label2\" content=\"Est. tempo de leitura\" \/>\n\t<meta name=\"twitter:data2\" content=\"11 minutos\" \/>\n<script type=\"application\/ld+json\" class=\"yoast-schema-graph\">{\"@context\":\"https:\\\/\\\/schema.org\",\"@graph\":[{\"@type\":\"Article\",\"@id\":\"https:\\\/\\\/mrnews.com.br\\\/index.php\\\/2025\\\/10\\\/26\\\/hoje-e-dia-destaca-novembro-azul-prevencao-ao-avc-e-mauricio-de-sousa\\\/#article\",\"isPartOf\":{\"@id\":\"https:\\\/\\\/mrnews.com.br\\\/index.php\\\/2025\\\/10\\\/26\\\/hoje-e-dia-destaca-novembro-azul-prevencao-ao-avc-e-mauricio-de-sousa\\\/\"},\"author\":{\"name\":\"MR News\",\"@id\":\"https:\\\/\\\/mrnews.com.br\\\/#\\\/schema\\\/person\\\/be3203154562a9f207407861cef7827b\"},\"headline\":\"Hoje \u00e9 Dia destaca Novembro Azul, preven\u00e7\u00e3o ao AVC e Maur\u00edcio de Sousa\",\"datePublished\":\"2025-10-26T11:05:13+00:00\",\"mainEntityOfPage\":{\"@id\":\"https:\\\/\\\/mrnews.com.br\\\/index.php\\\/2025\\\/10\\\/26\\\/hoje-e-dia-destaca-novembro-azul-prevencao-ao-avc-e-mauricio-de-sousa\\\/\"},\"wordCount\":2265,\"commentCount\":0,\"publisher\":{\"@id\":\"https:\\\/\\\/mrnews.com.br\\\/#organization\"},\"articleSection\":[\"ENTRETENIMENTO\",\"NOTICIAS\",\"SERVI\u00c7OS\"],\"inLanguage\":\"pt-BR\",\"potentialAction\":[{\"@type\":\"CommentAction\",\"name\":\"Comment\",\"target\":[\"https:\\\/\\\/mrnews.com.br\\\/index.php\\\/2025\\\/10\\\/26\\\/hoje-e-dia-destaca-novembro-azul-prevencao-ao-avc-e-mauricio-de-sousa\\\/#respond\"]}]},{\"@type\":\"WebPage\",\"@id\":\"https:\\\/\\\/mrnews.com.br\\\/index.php\\\/2025\\\/10\\\/26\\\/hoje-e-dia-destaca-novembro-azul-prevencao-ao-avc-e-mauricio-de-sousa\\\/\",\"url\":\"https:\\\/\\\/mrnews.com.br\\\/index.php\\\/2025\\\/10\\\/26\\\/hoje-e-dia-destaca-novembro-azul-prevencao-ao-avc-e-mauricio-de-sousa\\\/\",\"name\":\"Hoje \u00e9 Dia destaca Novembro Azul, preven\u00e7\u00e3o ao AVC e Maur\u00edcio de Sousa\",\"isPartOf\":{\"@id\":\"https:\\\/\\\/mrnews.com.br\\\/#website\"},\"datePublished\":\"2025-10-26T11:05:13+00:00\",\"breadcrumb\":{\"@id\":\"https:\\\/\\\/mrnews.com.br\\\/index.php\\\/2025\\\/10\\\/26\\\/hoje-e-dia-destaca-novembro-azul-prevencao-ao-avc-e-mauricio-de-sousa\\\/#breadcrumb\"},\"inLanguage\":\"pt-BR\",\"potentialAction\":[{\"@type\":\"ReadAction\",\"target\":[\"https:\\\/\\\/mrnews.com.br\\\/index.php\\\/2025\\\/10\\\/26\\\/hoje-e-dia-destaca-novembro-azul-prevencao-ao-avc-e-mauricio-de-sousa\\\/\"]}]},{\"@type\":\"BreadcrumbList\",\"@id\":\"https:\\\/\\\/mrnews.com.br\\\/index.php\\\/2025\\\/10\\\/26\\\/hoje-e-dia-destaca-novembro-azul-prevencao-ao-avc-e-mauricio-de-sousa\\\/#breadcrumb\",\"itemListElement\":[{\"@type\":\"ListItem\",\"position\":1,\"name\":\"In\u00edcio\",\"item\":\"https:\\\/\\\/mrnews.com.br\\\/\"},{\"@type\":\"ListItem\",\"position\":2,\"name\":\"Hoje \u00e9 Dia destaca Novembro Azul, preven\u00e7\u00e3o ao AVC e Maur\u00edcio de Sousa\"}]},{\"@type\":\"WebSite\",\"@id\":\"https:\\\/\\\/mrnews.com.br\\\/#website\",\"url\":\"https:\\\/\\\/mrnews.com.br\\\/\",\"name\":\"MRNews\",\"description\":\"MRNews Jogos de hoje da TV, transmiss\u00f5es ao vivo, Not\u00edcias de futebol, Jogos ao vivo, Lives, resumo de novelas, Programa\u00e7\u00e3o da Globo, A Fazenda e BBB\",\"publisher\":{\"@id\":\"https:\\\/\\\/mrnews.com.br\\\/#organization\"},\"potentialAction\":[{\"@type\":\"SearchAction\",\"target\":{\"@type\":\"EntryPoint\",\"urlTemplate\":\"https:\\\/\\\/mrnews.com.br\\\/?s={search_term_string}\"},\"query-input\":{\"@type\":\"PropertyValueSpecification\",\"valueRequired\":true,\"valueName\":\"search_term_string\"}}],\"inLanguage\":\"pt-BR\"},{\"@type\":\"Organization\",\"@id\":\"https:\\\/\\\/mrnews.com.br\\\/#organization\",\"name\":\"MRNews\",\"url\":\"https:\\\/\\\/mrnews.com.br\\\/\",\"logo\":{\"@type\":\"ImageObject\",\"inLanguage\":\"pt-BR\",\"@id\":\"https:\\\/\\\/mrnews.com.br\\\/#\\\/schema\\\/logo\\\/image\\\/\",\"url\":\"https:\\\/\\\/mrnews.com.br\\\/wp-content\\\/uploads\\\/2019\\\/06\\\/MRNewslogo2.png\",\"contentUrl\":\"https:\\\/\\\/mrnews.com.br\\\/wp-content\\\/uploads\\\/2019\\\/06\\\/MRNewslogo2.png\",\"width\":223,\"height\":58,\"caption\":\"MRNews\"},\"image\":{\"@id\":\"https:\\\/\\\/mrnews.com.br\\\/#\\\/schema\\\/logo\\\/image\\\/\"},\"sameAs\":[\"https:\\\/\\\/www.facebook.com\\\/eaipahpah\\\/?locale2=pt_BR\",\"https:\\\/\\\/x.com\\\/conspirou\",\"https:\\\/\\\/www.instagram.com\\\/eai_pahpah\",\"https:\\\/\\\/br.pinterest.com\\\/mrnewsn\\\/boards\\\/\",\"https:\\\/\\\/www.youtube.com\\\/channel\\\/UCacgnpznQ61fifLWr1tQ-vA?view_as=subscriber\"]},{\"@type\":\"Person\",\"@id\":\"https:\\\/\\\/mrnews.com.br\\\/#\\\/schema\\\/person\\\/be3203154562a9f207407861cef7827b\",\"name\":\"MR News\",\"image\":{\"@type\":\"ImageObject\",\"inLanguage\":\"pt-BR\",\"@id\":\"https:\\\/\\\/secure.gravatar.com\\\/avatar\\\/04084e6d73c042b8646e7c17b494073bf0ede3ea13c7105cfc45cbbbc28385a4?s=96&d=monsterid&r=g\",\"url\":\"https:\\\/\\\/secure.gravatar.com\\\/avatar\\\/04084e6d73c042b8646e7c17b494073bf0ede3ea13c7105cfc45cbbbc28385a4?s=96&d=monsterid&r=g\",\"contentUrl\":\"https:\\\/\\\/secure.gravatar.com\\\/avatar\\\/04084e6d73c042b8646e7c17b494073bf0ede3ea13c7105cfc45cbbbc28385a4?s=96&d=monsterid&r=g\",\"caption\":\"MR News\"},\"description\":\"Especializado em jornalismo colaborativo pela FTP em n\u00edvel de p\u00f3s-gradua\u00e7\u00e3o. suporte@oimeliga.combr\",\"sameAs\":[\"HUGO R.\",\"Admin\"],\"url\":\"https:\\\/\\\/mrnews.com.br\\\/index.php\\\/author\\\/admin\\\/\"}]}<\/script>\n<!-- \/ Yoast SEO plugin. -->","yoast_head_json":{"title":"Hoje \u00e9 Dia destaca Novembro Azul, preven\u00e7\u00e3o ao AVC e Maur\u00edcio de Sousa","robots":{"index":"index","follow":"follow","max-snippet":"max-snippet:-1","max-image-preview":"max-image-preview:large","max-video-preview":"max-video-preview:-1"},"canonical":"https:\/\/mrnews.com.br\/index.php\/2025\/10\/26\/hoje-e-dia-destaca-novembro-azul-prevencao-ao-avc-e-mauricio-de-sousa\/","og_locale":"pt_BR","og_type":"article","og_title":"Hoje \u00e9 Dia destaca Novembro Azul, preven\u00e7\u00e3o ao AVC e Maur\u00edcio de Sousa","og_description":"Por EBC, Esta semana temos duas importantes campanhas de promo\u00e7\u00e3o da sa\u00fade e tr\u00eas efem\u00e9rides que destacam a cultura. Vamos come\u00e7ar pelo \u00faltimo dia da semana, porque o Novembro Azul come\u00e7a no dia 1\u00ba desse m\u00eas. A mobiliza\u00e7\u00e3o incentiva a preven\u00e7\u00e3o do c\u00e2ncer de pr\u00f3stata, a variante da doen\u00e7a que mais acomete os homens. O &hellip;","og_url":"https:\/\/mrnews.com.br\/index.php\/2025\/10\/26\/hoje-e-dia-destaca-novembro-azul-prevencao-ao-avc-e-mauricio-de-sousa\/","og_site_name":"MRNews","article_publisher":"https:\/\/www.facebook.com\/eaipahpah\/?locale2=pt_BR","article_published_time":"2025-10-26T11:05:13+00:00","author":"MR News","twitter_card":"summary_large_image","twitter_creator":"@conspirou","twitter_site":"@conspirou","twitter_misc":{"Escrito por":"MR News","Est. tempo de leitura":"11 minutos"},"schema":{"@context":"https:\/\/schema.org","@graph":[{"@type":"Article","@id":"https:\/\/mrnews.com.br\/index.php\/2025\/10\/26\/hoje-e-dia-destaca-novembro-azul-prevencao-ao-avc-e-mauricio-de-sousa\/#article","isPartOf":{"@id":"https:\/\/mrnews.com.br\/index.php\/2025\/10\/26\/hoje-e-dia-destaca-novembro-azul-prevencao-ao-avc-e-mauricio-de-sousa\/"},"author":{"name":"MR News","@id":"https:\/\/mrnews.com.br\/#\/schema\/person\/be3203154562a9f207407861cef7827b"},"headline":"Hoje \u00e9 Dia destaca Novembro Azul, preven\u00e7\u00e3o ao AVC e Maur\u00edcio de Sousa","datePublished":"2025-10-26T11:05:13+00:00","mainEntityOfPage":{"@id":"https:\/\/mrnews.com.br\/index.php\/2025\/10\/26\/hoje-e-dia-destaca-novembro-azul-prevencao-ao-avc-e-mauricio-de-sousa\/"},"wordCount":2265,"commentCount":0,"publisher":{"@id":"https:\/\/mrnews.com.br\/#organization"},"articleSection":["ENTRETENIMENTO","NOTICIAS","SERVI\u00c7OS"],"inLanguage":"pt-BR","potentialAction":[{"@type":"CommentAction","name":"Comment","target":["https:\/\/mrnews.com.br\/index.php\/2025\/10\/26\/hoje-e-dia-destaca-novembro-azul-prevencao-ao-avc-e-mauricio-de-sousa\/#respond"]}]},{"@type":"WebPage","@id":"https:\/\/mrnews.com.br\/index.php\/2025\/10\/26\/hoje-e-dia-destaca-novembro-azul-prevencao-ao-avc-e-mauricio-de-sousa\/","url":"https:\/\/mrnews.com.br\/index.php\/2025\/10\/26\/hoje-e-dia-destaca-novembro-azul-prevencao-ao-avc-e-mauricio-de-sousa\/","name":"Hoje \u00e9 Dia destaca Novembro Azul, preven\u00e7\u00e3o ao AVC e Maur\u00edcio de Sousa","isPartOf":{"@id":"https:\/\/mrnews.com.br\/#website"},"datePublished":"2025-10-26T11:05:13+00:00","breadcrumb":{"@id":"https:\/\/mrnews.com.br\/index.php\/2025\/10\/26\/hoje-e-dia-destaca-novembro-azul-prevencao-ao-avc-e-mauricio-de-sousa\/#breadcrumb"},"inLanguage":"pt-BR","potentialAction":[{"@type":"ReadAction","target":["https:\/\/mrnews.com.br\/index.php\/2025\/10\/26\/hoje-e-dia-destaca-novembro-azul-prevencao-ao-avc-e-mauricio-de-sousa\/"]}]},{"@type":"BreadcrumbList","@id":"https:\/\/mrnews.com.br\/index.php\/2025\/10\/26\/hoje-e-dia-destaca-novembro-azul-prevencao-ao-avc-e-mauricio-de-sousa\/#breadcrumb","itemListElement":[{"@type":"ListItem","position":1,"name":"In\u00edcio","item":"https:\/\/mrnews.com.br\/"},{"@type":"ListItem","position":2,"name":"Hoje \u00e9 Dia destaca Novembro Azul, preven\u00e7\u00e3o ao AVC e Maur\u00edcio de Sousa"}]},{"@type":"WebSite","@id":"https:\/\/mrnews.com.br\/#website","url":"https:\/\/mrnews.com.br\/","name":"MRNews","description":"MRNews Jogos de hoje da TV, transmiss\u00f5es ao vivo, Not\u00edcias de futebol, Jogos ao vivo, Lives, resumo de novelas, Programa\u00e7\u00e3o da Globo, A Fazenda e BBB","publisher":{"@id":"https:\/\/mrnews.com.br\/#organization"},"potentialAction":[{"@type":"SearchAction","target":{"@type":"EntryPoint","urlTemplate":"https:\/\/mrnews.com.br\/?s={search_term_string}"},"query-input":{"@type":"PropertyValueSpecification","valueRequired":true,"valueName":"search_term_string"}}],"inLanguage":"pt-BR"},{"@type":"Organization","@id":"https:\/\/mrnews.com.br\/#organization","name":"MRNews","url":"https:\/\/mrnews.com.br\/","logo":{"@type":"ImageObject","inLanguage":"pt-BR","@id":"https:\/\/mrnews.com.br\/#\/schema\/logo\/image\/","url":"https:\/\/mrnews.com.br\/wp-content\/uploads\/2019\/06\/MRNewslogo2.png","contentUrl":"https:\/\/mrnews.com.br\/wp-content\/uploads\/2019\/06\/MRNewslogo2.png","width":223,"height":58,"caption":"MRNews"},"image":{"@id":"https:\/\/mrnews.com.br\/#\/schema\/logo\/image\/"},"sameAs":["https:\/\/www.facebook.com\/eaipahpah\/?locale2=pt_BR","https:\/\/x.com\/conspirou","https:\/\/www.instagram.com\/eai_pahpah","https:\/\/br.pinterest.com\/mrnewsn\/boards\/","https:\/\/www.youtube.com\/channel\/UCacgnpznQ61fifLWr1tQ-vA?view_as=subscriber"]},{"@type":"Person","@id":"https:\/\/mrnews.com.br\/#\/schema\/person\/be3203154562a9f207407861cef7827b","name":"MR News","image":{"@type":"ImageObject","inLanguage":"pt-BR","@id":"https:\/\/secure.gravatar.com\/avatar\/04084e6d73c042b8646e7c17b494073bf0ede3ea13c7105cfc45cbbbc28385a4?s=96&d=monsterid&r=g","url":"https:\/\/secure.gravatar.com\/avatar\/04084e6d73c042b8646e7c17b494073bf0ede3ea13c7105cfc45cbbbc28385a4?s=96&d=monsterid&r=g","contentUrl":"https:\/\/secure.gravatar.com\/avatar\/04084e6d73c042b8646e7c17b494073bf0ede3ea13c7105cfc45cbbbc28385a4?s=96&d=monsterid&r=g","caption":"MR News"},"description":"Especializado em jornalismo colaborativo pela FTP em n\u00edvel de p\u00f3s-gradua\u00e7\u00e3o. suporte@oimeliga.combr","sameAs":["HUGO R.","Admin"],"url":"https:\/\/mrnews.com.br\/index.php\/author\/admin\/"}]}},"jetpack_featured_media_url":"","jetpack_sharing_enabled":true,"jetpack_shortlink":"https:\/\/wp.me\/pa2Qf7-1Tpb","amp_enabled":true,"_links":{"self":[{"href":"https:\/\/mrnews.com.br\/index.php\/wp-json\/wp\/v2\/posts\/451309","targetHints":{"allow":["GET"]}}],"collection":[{"href":"https:\/\/mrnews.com.br\/index.php\/wp-json\/wp\/v2\/posts"}],"about":[{"href":"https:\/\/mrnews.com.br\/index.php\/wp-json\/wp\/v2\/types\/post"}],"author":[{"embeddable":true,"href":"https:\/\/mrnews.com.br\/index.php\/wp-json\/wp\/v2\/users\/1"}],"replies":[{"embeddable":true,"href":"https:\/\/mrnews.com.br\/index.php\/wp-json\/wp\/v2\/comments?post=451309"}],"version-history":[{"count":0,"href":"https:\/\/mrnews.com.br\/index.php\/wp-json\/wp\/v2\/posts\/451309\/revisions"}],"wp:attachment":[{"href":"https:\/\/mrnews.com.br\/index.php\/wp-json\/wp\/v2\/media?parent=451309"}],"wp:term":[{"taxonomy":"category","embeddable":true,"href":"https:\/\/mrnews.com.br\/index.php\/wp-json\/wp\/v2\/categories?post=451309"},{"taxonomy":"post_tag","embeddable":true,"href":"https:\/\/mrnews.com.br\/index.php\/wp-json\/wp\/v2\/tags?post=451309"}],"curies":[{"name":"wp","href":"https:\/\/api.w.org\/{rel}","templated":true}]}}