{"id":451347,"date":"2025-10-26T23:42:16","date_gmt":"2025-10-27T02:42:16","guid":{"rendered":"https:\/\/mrnews.com.br\/index.php\/2025\/10\/26\/o-retorno-da-stock-car-acelera-os-coracoes-em-campo-grande-cgnoticias\/"},"modified":"2025-10-26T23:42:16","modified_gmt":"2025-10-27T02:42:16","slug":"o-retorno-da-stock-car-acelera-os-coracoes-em-campo-grande-cgnoticias","status":"publish","type":"post","link":"https:\/\/mrnews.com.br\/index.php\/2025\/10\/26\/o-retorno-da-stock-car-acelera-os-coracoes-em-campo-grande-cgnoticias\/","title":{"rendered":"o retorno da Stock Car acelera os cora\u00e7\u00f5es em Campo Grande \u2013 CGNot\u00edcias"},"content":{"rendered":"<p><\/p>\n<div>\n<p>Nem mesmo a chuva foi capaz de esfriar o entusiasmo de quem lotou as arquibancadas do Aut\u00f3dromo Internacional Orlando Moura, neste domingo (26). Pelo contr\u00e1rio: cada gota que caiu sobre a pista s\u00f3 fez aumentar a adrenalina de quem esperava h\u00e1 seis anos pelo retorno da principal categoria do automobilismo brasileiro a Campo Grande.<\/p>\n<p>A 9\u00aa etapa da temporada 2025 da Stock Car Pro Series trouxe de volta \u00e0 Capital, desde s\u00e1bado (25), o ronco dos motores, o cheiro de combust\u00edvel e, neste domingo, a emo\u00e7\u00e3o de uma corrida marcada pela for\u00e7a da torcida e pela supera\u00e7\u00e3o dentro e fora das pistas.<\/p>\n<figure class=\"wp-block-image size-large\"><\/figure>\n<p>Entre as centenas de espectadores, fam\u00edlias inteiras celebraram o retorno da Stock Car \u00e0 cidade. Como foi o caso da jovem Vit\u00f3ria Elisa Pedrotti, de 15 anos, uma das primeiras a garantir o ingresso \u2014 e o lugar nas arquibancadas. Moradora do Jardim Am\u00e9rica, ela convenceu os pais a acompanh\u00e1-la para ver de perto o espet\u00e1culo da velocidade.<\/p>\n<p>\u201cSou muito f\u00e3 de F\u00f3rmula 1 e adoro carros. Quando soube que a Stock Car voltaria depois de seis anos, falei pro meu pai que a gente n\u00e3o podia perder. E corrida na chuva \u00e9 o melhor que tem! Me arrepia ver o ronco dos motores\u201d, contou empolgada.<\/p>\n<figure class=\"wp-block-image size-large\"><\/figure>\n<p>O pai, Leomar Pedrotti, de 44 anos, e a m\u00e3e, Dirciane, de 42, compartilharam a emo\u00e7\u00e3o da filha.<\/p>\n<p>\u201cTodo esporte de adrenalina nos atrai, mas ver a alegria dela \u00e9 o que mais nos motiva. \u00c9 cheiro de gasolina e energia boa, o esporte \u00e9 pra ser vivido em fam\u00edlia\u201d, disse Leomar.<\/p>\n<figure class=\"wp-block-image size-large\"><\/figure>\n<p>Nas arquibancadas, a cena se repetia. Davidson de Lima Sarabia, de 39 anos, morador do Conjunto Parati, levou o filho Davi Rodrigues, de 9 anos, que havia feito anivers\u00e1rio na v\u00e9spera.<\/p>\n<figure class=\"wp-block-image size-large\"><\/figure>\n<p>\u201cA expectativa era grande. \u00c9 a primeira vez que trago meu filho. A corrida foi da gal\u00e1xia! A chuva s\u00f3 deixou tudo mais emocionante. Parab\u00e9ns \u00e0 prefeitura pela realiza\u00e7\u00e3o do evento\u201d, afirmou, sorridente.<\/p>\n<figure class=\"wp-block-image size-large\"><\/figure>\n<p>Outro espectador, Daniel Lucas da Silva, de 29 anos, levou o filho Arthur, de 6 anos, ambos moradores do bairro S\u00e3o Francisco, resumiu o sentimento coletivo.<\/p>\n<p>\u201cFoi maravilhoso! Campo Grande j\u00e1 teve F\u00f3rmula Truck, Marcas Brasil, e agora a Stock Car, que \u00e9 a principal corrida nacional. \u00c9 uma honra ver isso aqui de novo\u201d.<\/p>\n<figure class=\"wp-block-image size-large\"><\/figure>\n<p><strong>Homenagem emocionou pilotos e p\u00fablico<\/strong><\/p>\n<p>Antes do in\u00edcio da prova, o domingo tamb\u00e9m foi marcado por um momento de emo\u00e7\u00e3o fora da pista.<br \/>A organiza\u00e7\u00e3o da Stock Car prestou homenagem ao m\u00e9dico Dino Altman, refer\u00eancia internacional em seguran\u00e7a no automobilismo e pioneiro da medicina esportiva no Brasil. H\u00e1 mais de 30 anos dedicado \u00e0 categoria, Dino foi reconhecido por seu trabalho que ajudou a salvar vidas e elevar os padr\u00f5es de seguran\u00e7a nas corridas.<\/p>\n<p>Durante a cerim\u00f4nia, Felipe Massa e Thiago Camilo expressaram gratid\u00e3o pelo legado do m\u00e9dico.<\/p>\n<p>\u201cO Dino \u00e9 o nosso anjo da guarda. Ele foi pe\u00e7a fundamental na minha recupera\u00e7\u00e3o depois do acidente de 2009, na Hungria. O que ele faz \u00e9 com amor, e isso n\u00e3o tem pre\u00e7o\u201d, disse Massa.<\/p>\n<p>\u201cEle \u00e9 esse porto seguro que esperamos nunca precisar, mas sabemos que est\u00e1 l\u00e1 quando \u00e9 necess\u00e1rio. Obrigado por esse legado\u201d, completou Camilo.<\/p>\n<p>Emocionado, Dino retribuiu. \u201cTalvez o melhor trabalho que eu possa fazer \u00e9 nunca precisar atender ningu\u00e9m. Trabalhamos para melhorar a seguran\u00e7a dos carros e das pistas. Essa homenagem vai ficar no meu cora\u00e7\u00e3o\u201d.<\/p>\n<figure class=\"wp-block-image size-large\"><\/figure>\n<p><strong>Thiago Camilo vence em corrida marcada pela chuva<\/strong><\/p>\n<p>Dentro da pista, a disputa tamb\u00e9m foi intensa. Thiago Camilo, da Ipiranga Racing, conquistou a pole position no s\u00e1bado e venceu pela primeira vez em 2025 no domingo, ap\u00f3s oito etapas realizadas. O piloto subiu para o top 3 do campeonato, somando 576 pontos.<\/p>\n<p>O p\u00f3dio foi completado por J\u00falio Campos e Felipe Fraga, que largaram em 3\u00ba e 22\u00ba lugares, respectivamente.<\/p>\n<figure class=\"wp-block-image size-large\"><\/figure>\n<p>A largada da corrida principal foi abortada ap\u00f3s o carro de Vicente Orige (Scuderia Bandeiras) apresentar problemas na volta de apresenta\u00e7\u00e3o. Os primeiros minutos aconteceram atr\u00e1s do Safety Car. Logo depois, Felipe Massa, que havia largado em segundo, abandonou a prova por problemas no carro.<\/p>\n<p>Com a abertura dos boxes, a chuva ganhou for\u00e7a e trouxe ainda mais emo\u00e7\u00e3o. A pista molhada provocou rodadas e sa\u00eddas, mas todos os pilotos conseguiram retornar sem danos graves.<\/p>\n<p>O Safety Car precisou ser acionado novamente, garantindo a seguran\u00e7a at\u00e9 a relargada, cerca de dez minutos depois. Mesmo assim, o p\u00fablico permaneceu vibrando, e a festa foi completa com a vit\u00f3ria de Camilo.<\/p>\n<p><strong>Campo Grande reafirma tradi\u00e7\u00e3o sobre quatro rodas<\/strong><\/p>\n<p>A etapa de 2025 marcou o retorno da Stock Car a Campo Grande ap\u00f3s seis anos, refor\u00e7ando a tradi\u00e7\u00e3o da cidade em receber grandes eventos sobre quatro rodas.<\/p>\n<p>O Aut\u00f3dromo Internacional Orlando Moura, com 3.443 metros de extens\u00e3o, voltou a figurar entre os principais palcos do automobilismo nacional, reunindo f\u00e3s, pilotos e equipes em um fim de semana que ficar\u00e1 na mem\u00f3ria.<\/p>\n<p>Com chuva, emo\u00e7\u00e3o e arquibancadas cheias, Campo Grande mostrou, mais uma vez, que tem velocidade no cora\u00e7\u00e3o, e paix\u00e3o de sobra para seguir acelerando no calend\u00e1rio esportivo brasileiro.<\/p>\n<figure class=\"wp-block-image size-large\"><\/figure>\n<h6 class=\"wp-block-heading\">ParaTodosVerem: Foto de capa mostra os pilotos durante a corrida. Em seguida, os pilotos posicionados no grid de largada. Vit\u00f3ria observa a prova com um bin\u00f3culo para ver os carros mais de perto; logo depois, aparece ao lado dos pais. Davidson \u00e9 fotografado ap\u00f3s o fim da corrida e logo em seguida foto do seu filho. Daniel posa com o filho Arthur. H\u00e1 tamb\u00e9m uma homenagem ao m\u00e9dico. O piloto Thiago Camilo aparece em destaque. Por fim, a entrada dos boxes do aut\u00f3dromo \u00e9 mostrada.<\/h6>\n<\/div>\n<p><script async defer async defer src=\"https:\/\/connect.facebook.net\/en_US\/sdk.js?ver=1#xfbml=1&amp;version=v3.2\" id=\"prefeitura-campogrande-script-facebook-sdk-js\"><\/script><\/p>\n","protected":false},"excerpt":{"rendered":"<p>Nem mesmo a chuva foi capaz de esfriar o entusiasmo de quem lotou as arquibancadas do Aut\u00f3dromo Internacional Orlando Moura, neste domingo (26). Pelo contr\u00e1rio: cada gota que caiu sobre a pista s\u00f3 fez aumentar a adrenalina de quem esperava h\u00e1 seis anos pelo retorno da principal categoria do automobilismo brasileiro a Campo Grande. A &hellip;<\/p>\n","protected":false},"author":1,"featured_media":0,"comment_status":"open","ping_status":"open","sticky":false,"template":"","format":"standard","meta":{"_jetpack_memberships_contains_paid_content":false,"footnotes":""},"categories":[12410],"tags":[],"class_list":["post-451347","post","type-post","status-publish","format-standard","hentry","category-ms"],"yoast_head":"<!-- This site is optimized with the Yoast SEO plugin v27.5 - https:\/\/yoast.com\/product\/yoast-seo-wordpress\/ -->\n<title>o retorno da Stock Car acelera os cora\u00e7\u00f5es em Campo Grande \u2013 CGNot\u00edcias<\/title>\n<meta name=\"robots\" content=\"index, follow, max-snippet:-1, max-image-preview:large, max-video-preview:-1\" \/>\n<link rel=\"canonical\" href=\"https:\/\/mrnews.com.br\/index.php\/2025\/10\/26\/o-retorno-da-stock-car-acelera-os-coracoes-em-campo-grande-cgnoticias\/\" \/>\n<meta property=\"og:locale\" content=\"pt_BR\" \/>\n<meta property=\"og:type\" content=\"article\" \/>\n<meta property=\"og:title\" content=\"o retorno da Stock Car acelera os cora\u00e7\u00f5es em Campo Grande \u2013 CGNot\u00edcias\" \/>\n<meta property=\"og:description\" content=\"Nem mesmo a chuva foi capaz de esfriar o entusiasmo de quem lotou as arquibancadas do Aut\u00f3dromo Internacional Orlando Moura, neste domingo (26). Pelo contr\u00e1rio: cada gota que caiu sobre a pista s\u00f3 fez aumentar a adrenalina de quem esperava h\u00e1 seis anos pelo retorno da principal categoria do automobilismo brasileiro a Campo Grande. A &hellip;\" \/>\n<meta property=\"og:url\" content=\"https:\/\/mrnews.com.br\/index.php\/2025\/10\/26\/o-retorno-da-stock-car-acelera-os-coracoes-em-campo-grande-cgnoticias\/\" \/>\n<meta property=\"og:site_name\" content=\"MRNews\" \/>\n<meta property=\"article:publisher\" content=\"https:\/\/www.facebook.com\/eaipahpah\/?locale2=pt_BR\" \/>\n<meta property=\"article:published_time\" content=\"2025-10-27T02:42:16+00:00\" \/>\n<meta name=\"author\" content=\"MR News\" \/>\n<meta name=\"twitter:card\" content=\"summary_large_image\" \/>\n<meta name=\"twitter:creator\" content=\"@conspirou\" \/>\n<meta name=\"twitter:site\" content=\"@conspirou\" \/>\n<meta name=\"twitter:label1\" content=\"Escrito por\" \/>\n\t<meta name=\"twitter:data1\" content=\"MR News\" \/>\n\t<meta name=\"twitter:label2\" content=\"Est. tempo de leitura\" \/>\n\t<meta name=\"twitter:data2\" content=\"5 minutos\" \/>\n<script type=\"application\/ld+json\" class=\"yoast-schema-graph\">{\"@context\":\"https:\\\/\\\/schema.org\",\"@graph\":[{\"@type\":\"Article\",\"@id\":\"https:\\\/\\\/mrnews.com.br\\\/index.php\\\/2025\\\/10\\\/26\\\/o-retorno-da-stock-car-acelera-os-coracoes-em-campo-grande-cgnoticias\\\/#article\",\"isPartOf\":{\"@id\":\"https:\\\/\\\/mrnews.com.br\\\/index.php\\\/2025\\\/10\\\/26\\\/o-retorno-da-stock-car-acelera-os-coracoes-em-campo-grande-cgnoticias\\\/\"},\"author\":{\"name\":\"MR News\",\"@id\":\"https:\\\/\\\/mrnews.com.br\\\/#\\\/schema\\\/person\\\/be3203154562a9f207407861cef7827b\"},\"headline\":\"o retorno da Stock Car acelera os cora\u00e7\u00f5es em Campo Grande \u2013 CGNot\u00edcias\",\"datePublished\":\"2025-10-27T02:42:16+00:00\",\"mainEntityOfPage\":{\"@id\":\"https:\\\/\\\/mrnews.com.br\\\/index.php\\\/2025\\\/10\\\/26\\\/o-retorno-da-stock-car-acelera-os-coracoes-em-campo-grande-cgnoticias\\\/\"},\"wordCount\":971,\"commentCount\":0,\"publisher\":{\"@id\":\"https:\\\/\\\/mrnews.com.br\\\/#organization\"},\"articleSection\":[\"Mato Grosso do Sul\"],\"inLanguage\":\"pt-BR\",\"potentialAction\":[{\"@type\":\"CommentAction\",\"name\":\"Comment\",\"target\":[\"https:\\\/\\\/mrnews.com.br\\\/index.php\\\/2025\\\/10\\\/26\\\/o-retorno-da-stock-car-acelera-os-coracoes-em-campo-grande-cgnoticias\\\/#respond\"]}]},{\"@type\":\"WebPage\",\"@id\":\"https:\\\/\\\/mrnews.com.br\\\/index.php\\\/2025\\\/10\\\/26\\\/o-retorno-da-stock-car-acelera-os-coracoes-em-campo-grande-cgnoticias\\\/\",\"url\":\"https:\\\/\\\/mrnews.com.br\\\/index.php\\\/2025\\\/10\\\/26\\\/o-retorno-da-stock-car-acelera-os-coracoes-em-campo-grande-cgnoticias\\\/\",\"name\":\"o retorno da Stock Car acelera os cora\u00e7\u00f5es em Campo Grande \u2013 CGNot\u00edcias\",\"isPartOf\":{\"@id\":\"https:\\\/\\\/mrnews.com.br\\\/#website\"},\"datePublished\":\"2025-10-27T02:42:16+00:00\",\"breadcrumb\":{\"@id\":\"https:\\\/\\\/mrnews.com.br\\\/index.php\\\/2025\\\/10\\\/26\\\/o-retorno-da-stock-car-acelera-os-coracoes-em-campo-grande-cgnoticias\\\/#breadcrumb\"},\"inLanguage\":\"pt-BR\",\"potentialAction\":[{\"@type\":\"ReadAction\",\"target\":[\"https:\\\/\\\/mrnews.com.br\\\/index.php\\\/2025\\\/10\\\/26\\\/o-retorno-da-stock-car-acelera-os-coracoes-em-campo-grande-cgnoticias\\\/\"]}]},{\"@type\":\"BreadcrumbList\",\"@id\":\"https:\\\/\\\/mrnews.com.br\\\/index.php\\\/2025\\\/10\\\/26\\\/o-retorno-da-stock-car-acelera-os-coracoes-em-campo-grande-cgnoticias\\\/#breadcrumb\",\"itemListElement\":[{\"@type\":\"ListItem\",\"position\":1,\"name\":\"In\u00edcio\",\"item\":\"https:\\\/\\\/mrnews.com.br\\\/\"},{\"@type\":\"ListItem\",\"position\":2,\"name\":\"o retorno da Stock Car acelera os cora\u00e7\u00f5es em Campo Grande \u2013 CGNot\u00edcias\"}]},{\"@type\":\"WebSite\",\"@id\":\"https:\\\/\\\/mrnews.com.br\\\/#website\",\"url\":\"https:\\\/\\\/mrnews.com.br\\\/\",\"name\":\"MRNews\",\"description\":\"MRNews Jogos de hoje da TV, transmiss\u00f5es ao vivo, Not\u00edcias de futebol, Jogos ao vivo, Lives, resumo de novelas, Programa\u00e7\u00e3o da Globo, A Fazenda e BBB\",\"publisher\":{\"@id\":\"https:\\\/\\\/mrnews.com.br\\\/#organization\"},\"potentialAction\":[{\"@type\":\"SearchAction\",\"target\":{\"@type\":\"EntryPoint\",\"urlTemplate\":\"https:\\\/\\\/mrnews.com.br\\\/?s={search_term_string}\"},\"query-input\":{\"@type\":\"PropertyValueSpecification\",\"valueRequired\":true,\"valueName\":\"search_term_string\"}}],\"inLanguage\":\"pt-BR\"},{\"@type\":\"Organization\",\"@id\":\"https:\\\/\\\/mrnews.com.br\\\/#organization\",\"name\":\"MRNews\",\"url\":\"https:\\\/\\\/mrnews.com.br\\\/\",\"logo\":{\"@type\":\"ImageObject\",\"inLanguage\":\"pt-BR\",\"@id\":\"https:\\\/\\\/mrnews.com.br\\\/#\\\/schema\\\/logo\\\/image\\\/\",\"url\":\"https:\\\/\\\/mrnews.com.br\\\/wp-content\\\/uploads\\\/2019\\\/06\\\/MRNewslogo2.png\",\"contentUrl\":\"https:\\\/\\\/mrnews.com.br\\\/wp-content\\\/uploads\\\/2019\\\/06\\\/MRNewslogo2.png\",\"width\":223,\"height\":58,\"caption\":\"MRNews\"},\"image\":{\"@id\":\"https:\\\/\\\/mrnews.com.br\\\/#\\\/schema\\\/logo\\\/image\\\/\"},\"sameAs\":[\"https:\\\/\\\/www.facebook.com\\\/eaipahpah\\\/?locale2=pt_BR\",\"https:\\\/\\\/x.com\\\/conspirou\",\"https:\\\/\\\/www.instagram.com\\\/eai_pahpah\",\"https:\\\/\\\/br.pinterest.com\\\/mrnewsn\\\/boards\\\/\",\"https:\\\/\\\/www.youtube.com\\\/channel\\\/UCacgnpznQ61fifLWr1tQ-vA?view_as=subscriber\"]},{\"@type\":\"Person\",\"@id\":\"https:\\\/\\\/mrnews.com.br\\\/#\\\/schema\\\/person\\\/be3203154562a9f207407861cef7827b\",\"name\":\"MR News\",\"image\":{\"@type\":\"ImageObject\",\"inLanguage\":\"pt-BR\",\"@id\":\"https:\\\/\\\/secure.gravatar.com\\\/avatar\\\/04084e6d73c042b8646e7c17b494073bf0ede3ea13c7105cfc45cbbbc28385a4?s=96&d=monsterid&r=g\",\"url\":\"https:\\\/\\\/secure.gravatar.com\\\/avatar\\\/04084e6d73c042b8646e7c17b494073bf0ede3ea13c7105cfc45cbbbc28385a4?s=96&d=monsterid&r=g\",\"contentUrl\":\"https:\\\/\\\/secure.gravatar.com\\\/avatar\\\/04084e6d73c042b8646e7c17b494073bf0ede3ea13c7105cfc45cbbbc28385a4?s=96&d=monsterid&r=g\",\"caption\":\"MR News\"},\"description\":\"Especializado em jornalismo colaborativo pela FTP em n\u00edvel de p\u00f3s-gradua\u00e7\u00e3o. suporte@oimeliga.combr\",\"sameAs\":[\"HUGO R.\",\"Admin\"],\"url\":\"https:\\\/\\\/mrnews.com.br\\\/index.php\\\/author\\\/admin\\\/\"}]}<\/script>\n<!-- \/ Yoast SEO plugin. -->","yoast_head_json":{"title":"o retorno da Stock Car acelera os cora\u00e7\u00f5es em Campo Grande \u2013 CGNot\u00edcias","robots":{"index":"index","follow":"follow","max-snippet":"max-snippet:-1","max-image-preview":"max-image-preview:large","max-video-preview":"max-video-preview:-1"},"canonical":"https:\/\/mrnews.com.br\/index.php\/2025\/10\/26\/o-retorno-da-stock-car-acelera-os-coracoes-em-campo-grande-cgnoticias\/","og_locale":"pt_BR","og_type":"article","og_title":"o retorno da Stock Car acelera os cora\u00e7\u00f5es em Campo Grande \u2013 CGNot\u00edcias","og_description":"Nem mesmo a chuva foi capaz de esfriar o entusiasmo de quem lotou as arquibancadas do Aut\u00f3dromo Internacional Orlando Moura, neste domingo (26). Pelo contr\u00e1rio: cada gota que caiu sobre a pista s\u00f3 fez aumentar a adrenalina de quem esperava h\u00e1 seis anos pelo retorno da principal categoria do automobilismo brasileiro a Campo Grande. A &hellip;","og_url":"https:\/\/mrnews.com.br\/index.php\/2025\/10\/26\/o-retorno-da-stock-car-acelera-os-coracoes-em-campo-grande-cgnoticias\/","og_site_name":"MRNews","article_publisher":"https:\/\/www.facebook.com\/eaipahpah\/?locale2=pt_BR","article_published_time":"2025-10-27T02:42:16+00:00","author":"MR News","twitter_card":"summary_large_image","twitter_creator":"@conspirou","twitter_site":"@conspirou","twitter_misc":{"Escrito por":"MR News","Est. tempo de leitura":"5 minutos"},"schema":{"@context":"https:\/\/schema.org","@graph":[{"@type":"Article","@id":"https:\/\/mrnews.com.br\/index.php\/2025\/10\/26\/o-retorno-da-stock-car-acelera-os-coracoes-em-campo-grande-cgnoticias\/#article","isPartOf":{"@id":"https:\/\/mrnews.com.br\/index.php\/2025\/10\/26\/o-retorno-da-stock-car-acelera-os-coracoes-em-campo-grande-cgnoticias\/"},"author":{"name":"MR News","@id":"https:\/\/mrnews.com.br\/#\/schema\/person\/be3203154562a9f207407861cef7827b"},"headline":"o retorno da Stock Car acelera os cora\u00e7\u00f5es em Campo Grande \u2013 CGNot\u00edcias","datePublished":"2025-10-27T02:42:16+00:00","mainEntityOfPage":{"@id":"https:\/\/mrnews.com.br\/index.php\/2025\/10\/26\/o-retorno-da-stock-car-acelera-os-coracoes-em-campo-grande-cgnoticias\/"},"wordCount":971,"commentCount":0,"publisher":{"@id":"https:\/\/mrnews.com.br\/#organization"},"articleSection":["Mato Grosso do Sul"],"inLanguage":"pt-BR","potentialAction":[{"@type":"CommentAction","name":"Comment","target":["https:\/\/mrnews.com.br\/index.php\/2025\/10\/26\/o-retorno-da-stock-car-acelera-os-coracoes-em-campo-grande-cgnoticias\/#respond"]}]},{"@type":"WebPage","@id":"https:\/\/mrnews.com.br\/index.php\/2025\/10\/26\/o-retorno-da-stock-car-acelera-os-coracoes-em-campo-grande-cgnoticias\/","url":"https:\/\/mrnews.com.br\/index.php\/2025\/10\/26\/o-retorno-da-stock-car-acelera-os-coracoes-em-campo-grande-cgnoticias\/","name":"o retorno da Stock Car acelera os cora\u00e7\u00f5es em Campo Grande \u2013 CGNot\u00edcias","isPartOf":{"@id":"https:\/\/mrnews.com.br\/#website"},"datePublished":"2025-10-27T02:42:16+00:00","breadcrumb":{"@id":"https:\/\/mrnews.com.br\/index.php\/2025\/10\/26\/o-retorno-da-stock-car-acelera-os-coracoes-em-campo-grande-cgnoticias\/#breadcrumb"},"inLanguage":"pt-BR","potentialAction":[{"@type":"ReadAction","target":["https:\/\/mrnews.com.br\/index.php\/2025\/10\/26\/o-retorno-da-stock-car-acelera-os-coracoes-em-campo-grande-cgnoticias\/"]}]},{"@type":"BreadcrumbList","@id":"https:\/\/mrnews.com.br\/index.php\/2025\/10\/26\/o-retorno-da-stock-car-acelera-os-coracoes-em-campo-grande-cgnoticias\/#breadcrumb","itemListElement":[{"@type":"ListItem","position":1,"name":"In\u00edcio","item":"https:\/\/mrnews.com.br\/"},{"@type":"ListItem","position":2,"name":"o retorno da Stock Car acelera os cora\u00e7\u00f5es em Campo Grande \u2013 CGNot\u00edcias"}]},{"@type":"WebSite","@id":"https:\/\/mrnews.com.br\/#website","url":"https:\/\/mrnews.com.br\/","name":"MRNews","description":"MRNews Jogos de hoje da TV, transmiss\u00f5es ao vivo, Not\u00edcias de futebol, Jogos ao vivo, Lives, resumo de novelas, Programa\u00e7\u00e3o da Globo, A Fazenda e BBB","publisher":{"@id":"https:\/\/mrnews.com.br\/#organization"},"potentialAction":[{"@type":"SearchAction","target":{"@type":"EntryPoint","urlTemplate":"https:\/\/mrnews.com.br\/?s={search_term_string}"},"query-input":{"@type":"PropertyValueSpecification","valueRequired":true,"valueName":"search_term_string"}}],"inLanguage":"pt-BR"},{"@type":"Organization","@id":"https:\/\/mrnews.com.br\/#organization","name":"MRNews","url":"https:\/\/mrnews.com.br\/","logo":{"@type":"ImageObject","inLanguage":"pt-BR","@id":"https:\/\/mrnews.com.br\/#\/schema\/logo\/image\/","url":"https:\/\/mrnews.com.br\/wp-content\/uploads\/2019\/06\/MRNewslogo2.png","contentUrl":"https:\/\/mrnews.com.br\/wp-content\/uploads\/2019\/06\/MRNewslogo2.png","width":223,"height":58,"caption":"MRNews"},"image":{"@id":"https:\/\/mrnews.com.br\/#\/schema\/logo\/image\/"},"sameAs":["https:\/\/www.facebook.com\/eaipahpah\/?locale2=pt_BR","https:\/\/x.com\/conspirou","https:\/\/www.instagram.com\/eai_pahpah","https:\/\/br.pinterest.com\/mrnewsn\/boards\/","https:\/\/www.youtube.com\/channel\/UCacgnpznQ61fifLWr1tQ-vA?view_as=subscriber"]},{"@type":"Person","@id":"https:\/\/mrnews.com.br\/#\/schema\/person\/be3203154562a9f207407861cef7827b","name":"MR News","image":{"@type":"ImageObject","inLanguage":"pt-BR","@id":"https:\/\/secure.gravatar.com\/avatar\/04084e6d73c042b8646e7c17b494073bf0ede3ea13c7105cfc45cbbbc28385a4?s=96&d=monsterid&r=g","url":"https:\/\/secure.gravatar.com\/avatar\/04084e6d73c042b8646e7c17b494073bf0ede3ea13c7105cfc45cbbbc28385a4?s=96&d=monsterid&r=g","contentUrl":"https:\/\/secure.gravatar.com\/avatar\/04084e6d73c042b8646e7c17b494073bf0ede3ea13c7105cfc45cbbbc28385a4?s=96&d=monsterid&r=g","caption":"MR News"},"description":"Especializado em jornalismo colaborativo pela FTP em n\u00edvel de p\u00f3s-gradua\u00e7\u00e3o. suporte@oimeliga.combr","sameAs":["HUGO R.","Admin"],"url":"https:\/\/mrnews.com.br\/index.php\/author\/admin\/"}]}},"jetpack_featured_media_url":"","jetpack_sharing_enabled":true,"jetpack_shortlink":"https:\/\/wp.me\/pa2Qf7-1TpN","amp_enabled":true,"_links":{"self":[{"href":"https:\/\/mrnews.com.br\/index.php\/wp-json\/wp\/v2\/posts\/451347","targetHints":{"allow":["GET"]}}],"collection":[{"href":"https:\/\/mrnews.com.br\/index.php\/wp-json\/wp\/v2\/posts"}],"about":[{"href":"https:\/\/mrnews.com.br\/index.php\/wp-json\/wp\/v2\/types\/post"}],"author":[{"embeddable":true,"href":"https:\/\/mrnews.com.br\/index.php\/wp-json\/wp\/v2\/users\/1"}],"replies":[{"embeddable":true,"href":"https:\/\/mrnews.com.br\/index.php\/wp-json\/wp\/v2\/comments?post=451347"}],"version-history":[{"count":0,"href":"https:\/\/mrnews.com.br\/index.php\/wp-json\/wp\/v2\/posts\/451347\/revisions"}],"wp:attachment":[{"href":"https:\/\/mrnews.com.br\/index.php\/wp-json\/wp\/v2\/media?parent=451347"}],"wp:term":[{"taxonomy":"category","embeddable":true,"href":"https:\/\/mrnews.com.br\/index.php\/wp-json\/wp\/v2\/categories?post=451347"},{"taxonomy":"post_tag","embeddable":true,"href":"https:\/\/mrnews.com.br\/index.php\/wp-json\/wp\/v2\/tags?post=451347"}],"curies":[{"name":"wp","href":"https:\/\/api.w.org\/{rel}","templated":true}]}}