{"id":451351,"date":"2025-10-27T07:00:11","date_gmt":"2025-10-27T10:00:11","guid":{"rendered":"https:\/\/mrnews.com.br\/?p=451351"},"modified":"2025-10-27T07:00:11","modified_gmt":"2025-10-27T10:00:11","slug":"chega-a-noticia-de-ninao-homem-mais-alto-do-brasil-apos-amputar-segunda-perna","status":"publish","type":"post","link":"https:\/\/mrnews.com.br\/index.php\/2025\/10\/27\/chega-a-noticia-de-ninao-homem-mais-alto-do-brasil-apos-amputar-segunda-perna\/","title":{"rendered":"Chega a not\u00edcia de Nin\u00e3o, Homem mais alto do Brasil, ap\u00f3s amputar segunda perna"},"content":{"rendered":"<p><strong>Homem mais alto do Brasil recebe alta ap\u00f3s amputar segunda perna e comove o pa\u00eds: \u201cVou superar mais essa barreira\u201d<\/strong><\/p>\n<p>Joelison Fernandes da Silva, o gigante paraibano conhecido carinhosamente como <strong>Nin\u00e3o<\/strong>, voltou a emocionar o Brasil ao deixar o Hospital das Cl\u00ednicas de Campina Grande nesta segunda-feira (20). O homem mais alto do pa\u00eds, com <strong>2,37 metros de altura<\/strong>, recebeu <strong>alta hospitalar<\/strong> ap\u00f3s passar pela <strong>amputa\u00e7\u00e3o da perna esquerda<\/strong>, consequ\u00eancia de complica\u00e7\u00f5es provocadas por <strong>osteomielite<\/strong>, uma grave infec\u00e7\u00e3o nos ossos.<\/p>\n<p>O caso ganhou repercuss\u00e3o nacional por causa da for\u00e7a e do otimismo de Nin\u00e3o, que j\u00e1 havia enfrentado uma cirurgia semelhante em <strong>2021<\/strong>, quando teve a <strong>perna direita amputada<\/strong> pelo mesmo motivo. Mesmo diante de uma nova batalha f\u00edsica e emocional, o paraibano mant\u00e9m o esp\u00edrito de supera\u00e7\u00e3o e f\u00e9.<\/p>\n<blockquote><p>\u201cN\u00e3o \u00e9 f\u00e1cil, mas infelizmente foi necess\u00e1rio. A recupera\u00e7\u00e3o \u00e9 dolorida, mas com f\u00e9 em Deus vou superar mais essa barreira\u201d, declarou Nin\u00e3o ap\u00f3s a alta.<\/p><\/blockquote>\n<h3>\ud83c\udfe5 Interna\u00e7\u00e3o e cirurgia delicada<\/h3>\n<p>Internado desde o dia 17 de outubro, Nin\u00e3o chegou ao hospital apresentando <strong>sinais de necrose e comprometimento tecidual<\/strong>. Ap\u00f3s avalia\u00e7\u00e3o da equipe m\u00e9dica, a amputa\u00e7\u00e3o foi considerada indispens\u00e1vel para conter o avan\u00e7o da infec\u00e7\u00e3o. A cirurgia foi feita cerca de <strong>20 cent\u00edmetros abaixo do joelho<\/strong>, da mesma forma que a primeira, em 2021.<\/p>\n<p>De acordo com o boletim m\u00e9dico, a <strong>recupera\u00e7\u00e3o ser\u00e1 acompanhada ambulatorialmente<\/strong>, e ele deve retornar ao hospital dentro de 30 dias para retirada dos pontos.<\/p>\n<p>Durante o per\u00edodo de interna\u00e7\u00e3o, Nin\u00e3o recebeu apoio de amigos, f\u00e3s e seguidores nas redes sociais. Muitos se emocionaram ao ver imagens dele realizando <strong>fisioterapia com determina\u00e7\u00e3o<\/strong>, mesmo ap\u00f3s o procedimento cir\u00fargico.<\/p>\n<h3>\ud83d\udcaa For\u00e7a e f\u00e9 para recome\u00e7ar<\/h3>\n<p>Natural de <strong>Assun\u00e7\u00e3o, no Cariri da Para\u00edba<\/strong>, Nin\u00e3o descobriu o <strong>gigantismo<\/strong> aos 14 anos, quando j\u00e1 media 1,95 metro. A condi\u00e7\u00e3o fez dele uma figura conhecida e admirada em todo o Brasil, n\u00e3o apenas pela estatura, mas pela <strong>humildade e simpatia<\/strong> com que lida com os desafios da vida.<\/p>\n<p>Apesar da gravidade do quadro, Nin\u00e3o j\u00e1 faz planos para o futuro. Ele sonha em <strong>voltar a andar com o aux\u00edlio de pr\u00f3teses<\/strong>, mas o custo elevado tem sido um obst\u00e1culo. Por isso, o paraibano pretende <strong>lan\u00e7ar uma campanha para arrecadar recursos<\/strong> e realizar esse sonho.<\/p>\n<blockquote><p>\u201cA pr\u00f3tese \u00e9 cara, mas eu confio que com a ajuda do povo brasileiro vou conseguir. Quero voltar a caminhar e viver com alegria\u201d, afirmou.<\/p><\/blockquote>\n<h3>\ud83e\uddec Entenda a osteomielite<\/h3>\n<p>A <strong>osteomielite<\/strong> \u00e9 uma infec\u00e7\u00e3o que atinge os ossos, podendo ser causada por <strong>bact\u00e9rias, fungos ou v\u00edrus<\/strong>. A doen\u00e7a provoca inflama\u00e7\u00f5es, dor intensa e, em casos graves como o de Nin\u00e3o, pode levar \u00e0 <strong>necrose dos tecidos<\/strong>, exigindo amputa\u00e7\u00e3o do membro afetado. O quadro pode se agravar em pacientes com <strong>diabetes<\/strong>, condi\u00e7\u00e3o que o paraibano tamb\u00e9m enfrenta.<\/p>\n<p>Mesmo com todas as dificuldades, Nin\u00e3o segue inspirando o Brasil com sua f\u00e9, coragem e vontade de viver. Sua hist\u00f3ria \u00e9 um lembrete poderoso de que <strong>nenhum obst\u00e1culo \u00e9 grande demais para quem tem esperan\u00e7a e determina\u00e7\u00e3o<\/strong>.<\/p>\n<hr \/>\n<p><strong>Tags:<\/strong> #Para\u00edba #Nin\u00e3o #HomemMaisAltoDoBrasil #CampinaGrande #Sa\u00fade #Supera\u00e7\u00e3o #Osteomielite #HospitalDasCl\u00ednicas #mrnews<\/p>\n<p><strong>Isabel Veloso emociona seguidores ap\u00f3s transplante de medula \u00f3ssea: \u2018Meu pai me deu a vida de novo\u2019<\/strong><\/p>\n<p>A influenciadora digital <strong>Isabel Veloso<\/strong> emocionou milh\u00f5es de seguidores nas redes sociais ao compartilhar sua jornada ap\u00f3s realizar um <strong>transplante de medula \u00f3ssea<\/strong>. O procedimento, feito na \u00faltima sexta-feira (24), teve um significado ainda mais profundo: o doador foi seu pr\u00f3prio pai, <strong>Joelson Veloso<\/strong>, que apresentou 60% de compatibilidade com a filha.<\/p>\n<p>Internada desde o dia 17 de outubro no <strong>Hospital Erasto Gaertner<\/strong>, em Curitiba, Isabel relatou o impacto do tratamento em sua vida e o simbolismo de receber, literalmente, uma nova chance por meio do sangue do pr\u00f3prio pai. Em uma das publica\u00e7\u00f5es mais comoventes, ela escreveu:<\/p>\n<blockquote><p>\u201cMeu pai me deu a vida duas vezes. A primeira foi quando nasci, e agora, com a medula dele, ganhei a chance de renascer.\u201d<\/p><\/blockquote>\n<p>A jovem destacou que o tratamento a deixou debilitada e vulner\u00e1vel, mas o gesto do pai renovou sua esperan\u00e7a. \u201cFoi ent\u00e3o que meu pai me deu a vida de novo. N\u00e3o com palavras, nem com bra\u00e7os. Mas com o sangue dele. Com a medula\u201d, escreveu Isabel, acompanhando o relato com uma foto de m\u00e3os dadas com Joelson no hospital.<\/p>\n<hr \/>\n<h3>Um elo de sangue e esperan\u00e7a<\/h3>\n<p>Em entrevista recente, Joelson Veloso compartilhou detalhes sobre o processo de doa\u00e7\u00e3o. Apesar da compatibilidade parcial, os m\u00e9dicos consideraram seu perfil gen\u00e9tico o mais adequado para o transplante. O pai passou por tr\u00eas dias de preparo com medicamentos antes da coleta, realizada com o aux\u00edlio de um cateter.<\/p>\n<p>\u201cN\u00e3o pensei duas vezes. Se h\u00e1 uma chance de salvar minha filha, eu faria mil vezes\u201d, contou Joelson, visivelmente emocionado. Ele tamb\u00e9m revelou que o procedimento, embora exigente, foi tranquilo e cercado de cuidados m\u00e9dicos.<\/p>\n<hr \/>\n<h3>A luta de Isabel contra o c\u00e2ncer<\/h3>\n<p>Isabel Veloso foi diagnosticada com <strong>Linfoma de Hodgkin<\/strong> aos 15 anos. Desde ent\u00e3o, passou por diferentes fases da doen\u00e7a, enfrentando tratamentos intensos, reca\u00eddas e per\u00edodos de remiss\u00e3o. Aos 17 anos, recebeu a not\u00edcia de que o c\u00e2ncer era considerado incur\u00e1vel, mas jamais desistiu da luta.<\/p>\n<p>Em 2024, durante a gesta\u00e7\u00e3o do pequeno Arthur, precisou retomar o tratamento ap\u00f3s uma nova recidiva. Agora, com o transplante bem-sucedido, Isabel compartilha nas redes sociais mensagens de esperan\u00e7a e supera\u00e7\u00e3o, inspirando outras pessoas que enfrentam batalhas semelhantes.<\/p>\n<p>\u201cObrigada, pai, por salvar a minha vida\u201d, escreveu a influenciadora em um emocionante post que j\u00e1 acumula milh\u00f5es de curtidas e coment\u00e1rios de apoio.<\/p>\n<hr \/>\n<h3>For\u00e7a, f\u00e9 e gratid\u00e3o<\/h3>\n<p>Al\u00e9m da recupera\u00e7\u00e3o f\u00edsica, Isabel destacou a import\u00e2ncia da f\u00e9 e do amor familiar em sua trajet\u00f3ria. \u201cA ci\u00eancia e o amor caminharam juntos neste processo. Eu recebi do meu pai n\u00e3o s\u00f3 a medula, mas tamb\u00e9m toda a for\u00e7a que ele sempre teve por mim\u201d, disse.<\/p>\n<p>Os seguidores da influenciadora t\u00eam acompanhado cada etapa de sua evolu\u00e7\u00e3o, enviando mensagens de carinho e energia positiva. Isabel segue em recupera\u00e7\u00e3o, cercada pela equipe m\u00e9dica, pela fam\u00edlia e pelo amor de quem torce por seu recome\u00e7o.<\/p>\n<hr \/>\n<p><strong>Tags:<\/strong> Isabel Veloso, transplante de medula, c\u00e2ncer, supera\u00e7\u00e3o, f\u00e9, Hospital Erasto Gaertner<\/p>\n<p><strong>P\u00fablico detona Ana Castela e Bruna Biancardi ap\u00f3s momento no Altas Horas: \u201cAs duas\u2026\u201d<\/strong><\/p>\n<p>O <em>Altas Horas<\/em> especial do <strong>Crian\u00e7a Esperan\u00e7a<\/strong>, exibido neste s\u00e1bado (25), movimentou as redes sociais ao reunir <strong>Ana Castela<\/strong>, <strong>Bruna Biancardi<\/strong> e <strong>Neymar<\/strong> no palco do programa comandado por <strong>Serginho Groisman<\/strong>. O trio protagonizou momentos de descontra\u00e7\u00e3o, mas um epis\u00f3dio espec\u00edfico envolvendo a cantora e a influenciadora acabou gerando pol\u00eamica e dividindo opini\u00f5es entre os internautas.<\/p>\n<p>Durante o bate-papo, Neymar relembrou com bom humor as can\u00e7\u00f5es que marcaram sua inf\u00e2ncia e chegou a cantar o sucesso <em>Cheia de Manias<\/em>, do <strong>Ra\u00e7a Negra<\/strong>, ao lado da Boiadeira. Enquanto isso, Bruna Biancardi, que estava na plateia, interagiu com o apresentador e revelou que o craque \u201cn\u00e3o cozinha nada\u201d, arrancando risadas do p\u00fablico e dos convidados.<\/p>\n<p>Animada, <strong>Ana Castela<\/strong> aproveitou a deixa para anunciar uma <strong>parceria inesperada<\/strong> com Bruna Biancardi. Segundo a sertaneja, ambas se unir\u00e3o em um projeto especial de Natal.<\/p>\n<blockquote><p>\u201cVamos falar, Bruna? \u00c9 no Instagram, mas \u00e9 como se fosse um programa, assim\u2026 A gente vai fazer juntas um especial de Natal, cozinhando e conversando\u201d, revelou a cantora, empolgada com a novidade.<\/p><\/blockquote>\n<p>Apesar do clima leve no est\u00fadio, a rea\u00e7\u00e3o do p\u00fablico nas redes sociais foi imediata \u2014 e nem um pouco positiva. Muitos internautas criticaram a aproxima\u00e7\u00e3o entre Ana e Bruna, alegando que o gesto seria uma \u201cprovoca\u00e7\u00e3o indireta\u201d \u00e0 influenciadora <strong>Virginia Fonseca<\/strong>, ex-namorada de <strong>Z\u00e9 Felipe<\/strong>, atual parceiro de Ana Castela.<\/p>\n<p>\u201cTudo isso pra cutucar a Virginia, mas j\u00e1 sabemos que tudo que a Bruna encosta n\u00e3o vinga\u201d, comentou uma usu\u00e1ria no Instagram. Outra ironizou: \u201cAs duas maiores f\u00e3s da Virginia\u201d, enquanto uma terceira apontou: \u201cQue for\u00e7a\u00e7\u00e3o de barra! Tudo parece ensaiado demais\u201d.<\/p>\n<p>Nos coment\u00e1rios, f\u00e3s de Ana defenderam a cantora e afirmaram que as cr\u00edticas foram exageradas. \u201cGente, foi s\u00f3 uma brincadeira no programa, n\u00e3o tem nada demais\u201d, escreveu uma seguidora. J\u00e1 outros destacaram que a pol\u00eamica demonstra como qualquer atitude das celebridades hoje ganha propor\u00e7\u00f5es gigantes na internet.<\/p>\n<p>Apesar das rea\u00e7\u00f5es mistas, o epis\u00f3dio rendeu grande engajamento ao <em>Altas Horas<\/em>, que manteve boa audi\u00eancia com o especial beneficente. Ana Castela, por sua vez, segue consolidando sua carreira no sertanejo e expandindo sua presen\u00e7a nas redes, enquanto Bruna Biancardi continua lidando com os holofotes por seu v\u00ednculo com Neymar e por apari\u00e7\u00f5es em eventos p\u00fablicos.<\/p>\n<p><strong>Tags:<\/strong> Ana Castela, Bruna Biancardi, Neymar, Altas Horas, Serginho Groisman, Crian\u00e7a Esperan\u00e7a, celebridades, TV Globo, pol\u00eamica<\/p>\n<p><strong>Eliana chora ao lembrar caso de crian\u00e7a que denunciou o pai por abuso ap\u00f3s assistir seu programa<\/strong><\/p>\n<p>Durante sua participa\u00e7\u00e3o no programa <em>Conversa com Bial<\/em>, exibido na noite desta sexta-feira (24), a apresentadora <strong>Eliana<\/strong> n\u00e3o conteve a emo\u00e7\u00e3o ao recordar um epis\u00f3dio marcante que envolveu uma den\u00fancia de abuso sexual infantil feita por uma menina de apenas sete anos, em Bauru (SP). O caso ocorreu em 2016, depois que a crian\u00e7a ouviu um alerta feito pela apresentadora em seu programa dominical no SBT.<\/p>\n<p>Pedro Bial relembrou o momento ao ler uma not\u00edcia publicada na \u00e9poca, destacando o impacto que a mensagem de Eliana teve na vida da menina. A crian\u00e7a, ao assistir ao programa, ouviu a apresentadora incentivar v\u00edtimas de viol\u00eancia sexual a procurarem ajuda. Tocada pelas palavras, ela relatou \u00e0 m\u00e3e que era abusada pelo pr\u00f3prio pai, o que levou \u00e0 den\u00fancia e \u00e0 investiga\u00e7\u00e3o do caso.<\/p>\n<p>Visivelmente emocionada, Eliana contou que o epis\u00f3dio marcou profundamente sua trajet\u00f3ria.<\/p>\n<blockquote><p>\u201cIsso me tocou profundamente. Naquela \u00e9poca, enquanto eu trabalhava para a fam\u00edlia brasileira, ocorreu um caso muito grave de estupro coletivo. Sendo uma mulher \u00e0 frente de um programa dominical, um espa\u00e7o ocupado majoritariamente por homens por muitos anos, eu me senti na obriga\u00e7\u00e3o, Bial, de ser a voz de tantas mulheres\u201d, disse a apresentadora.<\/p><\/blockquote>\n<p>Ela tamb\u00e9m destacou a import\u00e2ncia de usar seu espa\u00e7o na televis\u00e3o para conscientizar o p\u00fablico sobre temas delicados e urgentes.<\/p>\n<blockquote><p>\u201cEsse caso, para mim, foi o que me mostrou que valia a pena correr o risco, que valia a pena falar. Eu n\u00e3o falei sozinha. Trouxe pessoas que h\u00e1 anos denunciam, apoiam e acolhem mulheres para que elas n\u00e3o se sintam oprimidas e silenciadas. Espero que, com essa atitude, eu tenha colaborado para ajudar e salvar muitas outras\u201d, completou Eliana.<\/p><\/blockquote>\n<p>O p\u00fablico que assistia ao <em>Conversa com Bial<\/em> se emocionou junto com a apresentadora e destacou nas redes sociais a sensibilidade e a coragem de Eliana ao tratar de um tema t\u00e3o doloroso e, ao mesmo tempo, necess\u00e1rio. Sua fala refor\u00e7ou a responsabilidade social da televis\u00e3o e o poder transformador da comunica\u00e7\u00e3o quando usada para o bem.<\/p>\n<p>Al\u00e9m de ser uma das figuras mais queridas da TV brasileira, Eliana tamb\u00e9m \u00e9 reconhecida por seu engajamento em causas sociais, especialmente ligadas \u00e0 prote\u00e7\u00e3o da inf\u00e2ncia e \u00e0 valoriza\u00e7\u00e3o das mulheres. O relato emocionado serviu como lembrete de que a empatia e a informa\u00e7\u00e3o podem, de fato, salvar vidas.<\/p>\n<p><strong>Tags:<\/strong> Eliana, Conversa com Bial, SBT, abuso infantil, den\u00fancia de abuso, programas de TV, televis\u00e3o brasileira, Pedro Bial<\/p>\n<h2>Paulo Zulu comove f\u00e3s ao desabafar sobre luta contra o c\u00e2ncer: \u201cQuero expressar minha gratid\u00e3o por estar vivo\u201d<\/h2>\n<hr \/>\n<p>Aos 60 anos, o ator e modelo <strong>Paulo Zulu<\/strong> emocionou o p\u00fablico ao reaparecer nas redes sociais para falar sobre sua <strong>batalha contra o c\u00e2ncer de bexiga<\/strong>, doen\u00e7a que enfrentou duas vezes \u2014 a primeira em 2021 e a segunda em 2023. Conhecido por seu estilo de vida saud\u00e1vel e pela carreira marcante na televis\u00e3o e nas passarelas, o artista compartilhou um v\u00eddeo recente no Instagram, transmitindo uma mensagem de for\u00e7a, f\u00e9 e gratid\u00e3o.<\/p>\n<p>Em um tom sereno e confiante, Zulu iniciou o v\u00eddeo dizendo que desejava se comunicar diretamente com seus seguidores: \u201c<strong>Quero expressar minha gratid\u00e3o pelo carinho e preocupa\u00e7\u00e3o das pessoas que acompanham meu trabalho<\/strong>. A vida \u00e9 um presente e, por isso, sigo firme, cuidando da sa\u00fade e mantendo a mente positiva\u201d.<\/p>\n<p>Segundo o ator, ele continua realizando <strong>exames peri\u00f3dicos<\/strong> e mantendo sua rotina de <strong>atividades f\u00edsicas e alimenta\u00e7\u00e3o equilibrada<\/strong>, pilares que, segundo ele, foram fundamentais durante todo o tratamento.<\/p>\n<h3>Paulo Zulu mant\u00e9m rotina saud\u00e1vel mesmo ap\u00f3s cirurgias<\/h3>\n<p>Em mar\u00e7o do ano passado, o modelo revelou que havia passado por uma cirurgia para <strong>retirar um novo tumor na bexiga<\/strong>, dois anos ap\u00f3s o primeiro diagn\u00f3stico. Na \u00e9poca, ele tranquilizou os f\u00e3s explicando que o procedimento foi bem-sucedido e que continuava com acompanhamento m\u00e9dico constante.<\/p>\n<p>Mesmo ap\u00f3s duas cirurgias delicadas, Paulo Zulu n\u00e3o se afastou completamente de suas paix\u00f5es: <strong>o surfe, o esporte e a natureza<\/strong>. Ele afirmou que permanecer ativo foi essencial para manter o equil\u00edbrio emocional e f\u00edsico. \u201c<strong>O corpo responde ao que a mente acredita<\/strong>. Eu acredito na cura, acredito em Deus e sigo com f\u00e9\u201d, declarou.<\/p>\n<h3>Rea\u00e7\u00e3o dos f\u00e3s e mensagens de apoio<\/h3>\n<p>Assim que o v\u00eddeo foi publicado, as redes sociais do ator foram tomadas por <strong>mensagens de carinho e encorajamento<\/strong>. Muitos seguidores destacaram a for\u00e7a e o exemplo de supera\u00e7\u00e3o que ele representa.<\/p>\n<p>\u201cUm guerreiro de verdade! Mesmo enfrentando uma doen\u00e7a t\u00e3o dif\u00edcil, continua inspirando com seu sorriso e humildade\u201d, escreveu uma f\u00e3. Outro internauta comentou: \u201cVoc\u00ea \u00e9 a prova viva de que f\u00e9, disciplina e amor \u00e0 vida fazem toda a diferen\u00e7a\u201d.<\/p>\n<p>Alguns seguidores tamb\u00e9m se mostraram surpresos com o diagn\u00f3stico, ressaltando o cuidado que Zulu sempre teve com o corpo e a sa\u00fade. \u201cUm homem que sempre praticou esportes, se alimentou bem e ainda assim enfrentou o c\u00e2ncer\u2026 isso mostra que ningu\u00e9m est\u00e1 livre, e que o importante \u00e9 o diagn\u00f3stico precoce\u201d, observou outro coment\u00e1rio.<\/p>\n<h3>Um exemplo de coragem e esperan\u00e7a<\/h3>\n<p>A hist\u00f3ria de Paulo Zulu refor\u00e7a a import\u00e2ncia da <strong>preven\u00e7\u00e3o e dos exames regulares<\/strong>, especialmente para homens a partir dos 40 anos. O c\u00e2ncer de bexiga \u00e9 mais comum do que se imagina e, quando identificado no in\u00edcio, as chances de cura s\u00e3o altas.<\/p>\n<p>Zulu, que j\u00e1 foi gal\u00e3 de novelas como <em>O Clone<\/em> e <em>Mulheres Apaixonadas<\/em>, agora inspira por outro motivo: a forma com que encara a vida com serenidade, mesmo ap\u00f3s os desafios. Ele encerrou sua fala no v\u00eddeo com uma reflex\u00e3o que tocou profundamente os f\u00e3s:<\/p>\n<blockquote><p>\u201cAgrade\u00e7o por cada novo amanhecer. Agrade\u00e7o pela oportunidade de continuar vivendo, aprendendo e ajudando quem est\u00e1 passando por momentos parecidos. Enquanto houver vida, h\u00e1 esperan\u00e7a.\u201d<\/p><\/blockquote>\n<p>O depoimento sincero e inspirador de Paulo Zulu mostra que, mesmo diante da dor, \u00e9 poss\u00edvel <strong>seguir em frente com dignidade e f\u00e9<\/strong> \u2014 uma mensagem poderosa que ecoa muito al\u00e9m das telas.<\/p>\n<hr \/>\n<p><strong>Categorias:<\/strong> Celebridades<br \/>\n<strong>Tags:<\/strong> Paulo Zulu, c\u00e2ncer de bexiga, sa\u00fade, supera\u00e7\u00e3o, celebridades brasileiras<\/p>\n<hr \/>\n<p>&nbsp;<\/p>\n<h2>Acidente com Lucas Leto deixa f\u00e3s em choque: o que realmente aconteceu com o ator ap\u00f3s a batida?<\/h2>\n<hr \/>\n<p>O ator <strong>Lucas Leto<\/strong>, conhecido por sua participa\u00e7\u00e3o marcante em <em>Vale Tudo<\/em> e atualmente integrante do quadro <strong>Dan\u00e7a dos Famosos<\/strong>, viveu momentos de tens\u00e3o na noite da \u00faltima quinta-feira (23). Ap\u00f3s uma confraterniza\u00e7\u00e3o com colegas do programa, o artista se envolveu em um <strong>acidente de carro<\/strong> no Rio de Janeiro que assustou f\u00e3s e amigos.<\/p>\n<p>De acordo com informa\u00e7\u00f5es confirmadas pela equipe de Lucas, o incidente aconteceu na zona Sudoeste da capital fluminense. O ve\u00edculo em que ele estava \u2014 um carro de aplicativo \u2014 foi atingido por <strong>uma motocicleta<\/strong> que colidiu na traseira, causando o estilha\u00e7amento do vidro traseiro e um grande barulho. Dentro do carro, al\u00e9m de Lucas, estavam <strong>a core\u00f3grafa Mayara Ara\u00fajo<\/strong> e o <strong>assessor pessoal<\/strong> do ator.<\/p>\n<h3>Momento do susto e primeiros atendimentos<\/h3>\n<p>O impacto causou p\u00e2nico, mas felizmente <strong>ningu\u00e9m se feriu gravemente<\/strong>. Lucas, que estava usando o cinto de seguran\u00e7a no banco de tr\u00e1s, saiu ileso, assim como os outros ocupantes. O motociclista envolvido recebeu atendimento do <strong>Corpo de Bombeiros<\/strong>, acionado imediatamente ap\u00f3s a colis\u00e3o.<\/p>\n<p>Testemunhas relataram que o acidente aconteceu em um cruzamento movimentado e que o motociclista perdeu o controle pouco antes da batida. A <strong>Pol\u00edcia Militar<\/strong> compareceu ao local e registrou a ocorr\u00eancia.<\/p>\n<p>A assessoria do ator divulgou uma nota informando que <strong>Lucas passa bem<\/strong> e agradeceu pelas mensagens de carinho recebidas nas redes sociais. \u201cFoi um susto, mas ele est\u00e1 bem e descansando em casa\u201d, dizia o comunicado.<\/p>\n<h3>Repercuss\u00e3o nas redes sociais<\/h3>\n<p>Pouco ap\u00f3s a not\u00edcia se espalhar, f\u00e3s lotaram os coment\u00e1rios das p\u00e1ginas oficiais do ator com mensagens de apoio. Muitos relembraram a simpatia e o carisma de Lucas na televis\u00e3o e destacaram o al\u00edvio em saber que o acidente n\u00e3o teve consequ\u00eancias mais graves.<\/p>\n<p>\u201cMeu cora\u00e7\u00e3o parou quando vi a not\u00edcia! Que bom que ele est\u00e1 bem!\u201d, escreveu uma seguidora. Outra comentou: \u201cLucas \u00e9 um querido, merece toda prote\u00e7\u00e3o. Deus foi generoso.\u201d<\/p>\n<h3>Despedida emocionante de \u201cSardinha\u201d<\/h3>\n<p>Recentemente, Lucas tamb\u00e9m viveu outro momento marcante ao se despedir do personagem <strong>Sardinha<\/strong>, da novela <em>Vale Tudo<\/em>. O ator compartilhou que a reta final das grava\u00e7\u00f5es foi repleta de emo\u00e7\u00f5es e reflex\u00f5es sobre sua trajet\u00f3ria art\u00edstica.<\/p>\n<p>Segundo ele, cada personagem deixa um peda\u00e7o importante de aprendizado. \u201cEncerrar um ciclo como esse \u00e9 sempre agridoce. Foi um papel especial, e eu me sinto grato por ter feito parte dessa hist\u00f3ria\u201d, declarou.<\/p>\n<p>Agora, recuperado do susto, Lucas Leto segue focado em novos projetos na Globo e nas apresenta\u00e7\u00f5es do <strong>Dan\u00e7a dos Famosos<\/strong>, onde tem conquistado o p\u00fablico com sua energia e talento no palco.<\/p>\n<hr \/>\n<p><strong>Categorias:<\/strong> Celebridades, TV Globo, Dan\u00e7a dos Famosos<br \/>\n<strong>Tags:<\/strong> Lucas Leto, acidente, Dan\u00e7a dos Famosos, Vale Tudo, celebridades<\/p>\n<p>&nbsp;<\/p>\n<h2>Ser\u00e1 que Jorginho Ninja mudou de verdade? Pai de Jo\u00e9lly volta em \u201cTr\u00eas Gra\u00e7as\u201d e coloca a comunidade em alerta<\/h2>\n<hr \/>\n<p>Nos pr\u00f3ximos cap\u00edtulos de <strong><em>Tr\u00eas Gra\u00e7as<\/em><\/strong>, o p\u00fablico da novela das nove da Globo ver\u00e1 uma reviravolta que promete mexer com toda a trama da comunidade da Chacrinha. O retorno de <strong>Jorginho Ninja<\/strong> (Juliano Cazarr\u00e9) ap\u00f3s anos preso deixar\u00e1 todos em choque \u2014 especialmente <strong>Gerluce<\/strong> (Sophie Charlotte), que teme pelo bem-estar da filha, <strong>Jo\u00e9lly<\/strong> (Alana Cabral).<\/p>\n<p>Depois de cumprir pena, Jorginho tenta mostrar que \u00e9 um homem mudado. Ele se apresenta como algu\u00e9m arrependido, disposto a reconstruir a vida e recuperar a confian\u00e7a da fam\u00edlia. Mas ser\u00e1 que a transforma\u00e7\u00e3o \u00e9 verdadeira ou apenas mais um disfarce de um criminoso experiente?<\/p>\n<h3>O passado sombrio que Gerluce tenta esquecer<\/h3>\n<p>Gerluce ainda carrega cicatrizes profundas do tempo em que vivia sob o dom\u00ednio de Jorginho Ninja, o antigo chefe da Chacrinha. Naquela \u00e9poca, o bandido impunha medo e controle sobre todos ao redor, inclusive sobre ela. Uma noite marcada por viol\u00eancia e humilha\u00e7\u00e3o mudou para sempre o destino da jovem, que acabou engravidando de Jo\u00e9lly.<\/p>\n<p>Desde ent\u00e3o, Gerluce criou a filha sozinha, escondendo dela a verdadeira identidade do pai. Jo\u00e9lly cresceu acreditando que ele havia morrido, e agora, com o retorno repentino de Jorginho, a verdade come\u00e7a a se aproximar de uma revela\u00e7\u00e3o inevit\u00e1vel.<\/p>\n<h3>O reencontro e a desconfian\u00e7a<\/h3>\n<p>Determinada a proteger Jo\u00e9lly, Gerluce tenta impedir qualquer aproxima\u00e7\u00e3o entre pai e filha. Para ela, as palavras de arrependimento de Jorginho n\u00e3o passam de encena\u00e7\u00e3o. O comportamento cauteloso da cuidadora reflete o medo de reviver o passado e de ver a filha se iludir com um homem que, segundo ela, nunca foi digno de confian\u00e7a.<\/p>\n<p>Enquanto isso, <strong>Bagd\u00e1<\/strong> (Xam\u00e3), atual l\u00edder da comunidade, tamb\u00e9m demonstra preocupa\u00e7\u00e3o com a presen\u00e7a do ex-comandante. Apesar de manter um ar de frieza, ele sabe que Jorginho ainda \u00e9 temido e pode desequilibrar o poder local. A tens\u00e3o entre os dois promete gerar momentos explosivos nos pr\u00f3ximos cap\u00edtulos.<\/p>\n<h3>Uma segunda chance ou uma nova armadilha?<\/h3>\n<p>A volta de Jorginho Ninja abre uma nova fase em <em>Tr\u00eas Gra\u00e7as<\/em>, marcada por conflitos morais, segredos e decis\u00f5es dif\u00edceis. O p\u00fablico agora se pergunta: <strong>ser\u00e1 que um homem capaz de tanto mal pode realmente mudar?<\/strong><\/p>\n<p>A novela tem explorado com intensidade os limites do perd\u00e3o e o impacto do passado nas rela\u00e7\u00f5es familiares. Gerluce, mesmo tentando se manter forte, ainda luta com o dilema entre proteger Jo\u00e9lly e permitir que ela descubra a verdade sobre o pr\u00f3prio pai.<\/p>\n<p>Nos bastidores da trama, h\u00e1 quem diga que uma revela\u00e7\u00e3o bomb\u00e1stica est\u00e1 por vir \u2014 algo que pode transformar completamente a rela\u00e7\u00e3o entre os personagens e redefinir o rumo da hist\u00f3ria.<\/p>\n<hr \/>\n<p><strong>Categorias:<\/strong> Novelas, Tr\u00eas Gra\u00e7as, Globo<br \/>\n<strong>Tags:<\/strong> novela das nove, Tr\u00eas Gra\u00e7as, Jorginho Ninja, Gerluce, Jo\u00e9lly, cap\u00edtulos Tr\u00eas Gra\u00e7as, resumo novelas<\/p>\n<hr \/>\n<p>&nbsp;<\/p>\n<h3>Tr\u00eas Gra\u00e7as: segredo devastador vem \u00e0 tona e muda tudo entre Gerluce e o pai desaparecido<\/h3>\n<p>Nos pr\u00f3ximos cap\u00edtulos da novela <strong>Tr\u00eas Gra\u00e7as<\/strong>, exibida na <strong>Globo<\/strong>, o p\u00fablico ser\u00e1 surpreendido por uma das revela\u00e7\u00f5es mais intensas da trama: o verdadeiro motivo que levou <strong>Joaquim<\/strong> (Marcos Palmeira) a abandonar <strong>L\u00edgia<\/strong> (Dira Paes) e a filha <strong>Gerluce<\/strong> (Sophie Charlotte) quando ela ainda era crian\u00e7a. O reencontro entre pai e filha promete abalar as estruturas da hist\u00f3ria e revelar segredos que ficaram enterrados por d\u00e9cadas.<\/p>\n<p>Na sequ\u00eancia prevista para ir ao ar ainda nesta semana, Joaquim surgir\u00e1 vivendo de forma isolada em um ferro-velho na periferia, longe de todos. \u00c9 l\u00e1 que <strong>Misael<\/strong> (Belo), em recupera\u00e7\u00e3o ap\u00f3s o atentado orquestrado por <strong>Santiago Ferette<\/strong> (Murilo Ben\u00edcio), decide se refugiar. A conviv\u00eancia for\u00e7ada acaba expondo um lado de Joaquim que ningu\u00e9m conhecia \u2014 um homem atormentado pelo passado e pelas escolhas que fez.<\/p>\n<p>Durante uma conversa tensa, Misael questiona por que ele se afastou da pr\u00f3pria fam\u00edlia. Cansado de guardar o segredo, Joaquim desabafa: \u201c<strong>Eu s\u00f3 me sinto bem quando t\u00f4 sozinho. Nunca soube viver com ningu\u00e9m<\/strong>\u201d. A fala chocar\u00e1 o amigo e mostrar\u00e1 que, por tr\u00e1s da frieza do personagem, existe um profundo sentimento de culpa e solid\u00e3o.<\/p>\n<p>O di\u00e1logo ganha for\u00e7a quando Misael menciona Gerluce, contando que a jovem enfrenta dificuldades, mas segue lutando para sustentar a m\u00e3e doente e criar a filha pequena. Mesmo assim, Joaquim reage com indiferen\u00e7a: \u201c<strong>Ela que fique l\u00e1 e eu c\u00e1. \u00c9 melhor assim<\/strong>\u201d. Essa resposta, seca e cortante, mostra que o personagem ainda n\u00e3o consegue lidar com suas pr\u00f3prias feridas emocionais.<\/p>\n<p>Entretanto, rumores de bastidores apontam que essa barreira entre pai e filha come\u00e7ar\u00e1 a ruir nos cap\u00edtulos seguintes. Um <strong>acontecimento tr\u00e1gico<\/strong> envolvendo L\u00edgia far\u00e1 Joaquim rever suas atitudes e o obrigar\u00e1 a se reaproximar de Gerluce. O reencontro promete ser um dos momentos mais emocionantes da novela \u2014 e pode mudar completamente o rumo dos personagens.<\/p>\n<p>A sequ\u00eancia tamb\u00e9m deve trazer novas revela\u00e7\u00f5es sobre o passado de Joaquim e sua liga\u00e7\u00e3o com o desaparecido <strong>Rog\u00e9rio<\/strong> (Eduardo Moscovis), marido de <strong>Arminda<\/strong> (Grazi Massafera). A trama sugere que o motivo de sua fuga vai muito al\u00e9m de quest\u00f5es familiares, envolvendo segredos perigosos e um poss\u00edvel envolvimento com o esquema da <strong>Funda\u00e7\u00e3o Ferette<\/strong>.<\/p>\n<p>Enquanto isso, Gerluce continuar\u00e1 em sua jornada de reden\u00e7\u00e3o e enfrentamento, marcada por decis\u00f5es ousadas e atitudes que desafiam o poder da elite da cidade. O destino dos dois, no entanto, parece inevitavelmente entrela\u00e7ado \u2014 e o reencontro promete vir acompanhado de <strong>verdades dolorosas<\/strong> e <strong>consequ\u00eancias irrevers\u00edveis<\/strong>.<\/p>\n<blockquote><p>\u201cTr\u00eas Gra\u00e7as\u201d segue exibida de segunda a s\u00e1bado, \u00e0s 21h, na <strong>Globo<\/strong>, prometendo novas reviravoltas e revela\u00e7\u00f5es explosivas nos pr\u00f3ximos cap\u00edtulos.<\/p><\/blockquote>\n<hr \/>\n<p><strong>Tags:<\/strong> #Tr\u00easGra\u00e7as #NovelaDasNove #Globo #Gerluce #SophieCharlotte #MarcosPalmeira #DramaFamiliar #TVNews<\/p>\n<h3>Tr\u00eas Gra\u00e7as: Gerluce transforma em \u2018p\u00f3\u2019 est\u00e1tua cheia de mist\u00e9rios e que d\u00e1 nome \u00e0 novela<\/h3>\n<p>Em <strong>Tr\u00eas Gra\u00e7as<\/strong>, a trama das nove da Globo d\u00e1 uma guinada surpreendente com a atitude impensada de <strong>Gerluce (Sophie Charlotte)<\/strong>. Movida por um sentimento de justi\u00e7a e revolta, ela decide destruir a famosa est\u00e1tua das Tr\u00eas Gra\u00e7as \u2014 obra que d\u00e1 nome \u00e0 novela e carrega segredos sombrios que podem mudar o destino de todos os personagens.<\/p>\n<p>Tudo come\u00e7a quando Gerluce, trabalhando como cuidadora de <strong>Josefa (Arlete Salles)<\/strong>, m\u00e3e de <strong>Arminda (Grazi Massafera)<\/strong>, descobre que a pe\u00e7a estava escondida h\u00e1 anos na mans\u00e3o da fam\u00edlia. A idosa acaba revelando que o artefato foi trazido da It\u00e1lia por <strong>Rog\u00e9rio (Eduardo Moscovis)<\/strong> antes de sua misteriosa morte, o que desperta a curiosidade da jovem.<\/p>\n<p>Sem imaginar o real valor da obra \u2014 avaliada em <strong>1,4 milh\u00e3o de d\u00f3lares<\/strong> \u2014, Gerluce acredita que a est\u00e1tua possa ter algum significado simb\u00f3lico ligado ao passado de Arminda. No entanto, ela desconhece que a escultura serve como <strong>esconderijo para o dinheiro desviado por Ferette (Murilo Ben\u00edcio)<\/strong>, parte do esquema criminoso de fabrica\u00e7\u00e3o e venda de medicamentos falsificados pela Funda\u00e7\u00e3o.<\/p>\n<h4>Um ato ousado em nome da justi\u00e7a<\/h4>\n<p>Cansada de ver a popula\u00e7\u00e3o sofrer sem acesso a rem\u00e9dios de verdade, Gerluce toma uma decis\u00e3o extrema: vende parte do material da escultura e usa o dinheiro para <strong>comprar medicamentos aut\u00eanticos<\/strong>, distribuindo-os gratuitamente \u00e0 comunidade. Ao fazer isso, ela desafia diretamente os poderosos envolvidos no esquema de corrup\u00e7\u00e3o.<\/p>\n<p>Em um momento simb\u00f3lico e impactante, Gerluce destr\u00f3i completamente a est\u00e1tua das Tr\u00eas Gra\u00e7as, reduzindo-a a p\u00f3. A cena marca n\u00e3o apenas a <strong>queda do imp\u00e9rio criminoso<\/strong>, mas tamb\u00e9m a transforma\u00e7\u00e3o da personagem \u2014 que deixa de ser uma simples cuidadora para se tornar <strong>s\u00edmbolo de resist\u00eancia e coragem<\/strong>.<\/p>\n<h4>Mist\u00e9rio e reviravolta na novela das nove da Globo<\/h4>\n<p>O gesto de Gerluce desencadeia uma s\u00e9rie de consequ\u00eancias inesperadas. Arminda, desesperada ao descobrir o que aconteceu com a escultura, promete vingan\u00e7a. Ferette, por sua vez, entra em p\u00e2nico ao perceber que o dinheiro desviado pode ter sido destru\u00eddo junto com a obra.<\/p>\n<p>A partir desse ponto, a novela promete intensificar os conflitos e revelar segredos guardados h\u00e1 anos \u2014 incluindo a verdadeira causa da morte de Rog\u00e9rio e o passado oculto da Funda\u00e7\u00e3o.<\/p>\n<p>A destrui\u00e7\u00e3o da est\u00e1tua, portanto, n\u00e3o \u00e9 apenas um ato impulsivo, mas <strong>um divisor de \u00e1guas<\/strong> em Tr\u00eas Gra\u00e7as. Gerluce, sem saber, pode ter dado in\u00edcio ao desmoronamento de uma rede de corrup\u00e7\u00e3o e \u00e0 liberta\u00e7\u00e3o de todos que vivem sob o dom\u00ednio dos poderosos.<\/p>\n<hr \/>\n<p><strong>Tags:<\/strong> tr\u00eas gra\u00e7as, novelas globo, gerluce est\u00e1tua, novela das nove, resumo tr\u00eas gra\u00e7as, cap\u00edtulos tr\u00eas gra\u00e7as, entretenimento, Globo<\/p>\n<h3>Milagre inesperado salva Jo\u00e9lly e Raul de trag\u00e9dia em <em>Tr\u00eas Gra\u00e7as<\/em> ap\u00f3s senten\u00e7a cruel de Bagd\u00e1<\/h3>\n<p>Nos pr\u00f3ximos cap\u00edtulos da novela das nove, <strong><em>Tr\u00eas Gra\u00e7as<\/em><\/strong>, exibida pela Globo, o p\u00fablico ver\u00e1 um dos momentos mais tensos e emocionantes da trama. <strong>Jo\u00e9lly e Raul<\/strong> viver\u00e3o minutos de puro terror ao serem encurralados por <strong>Bagd\u00e1<\/strong> e seus comparsas, que finalmente conseguem encontr\u00e1-los ap\u00f3s uma longa ca\u00e7ada motivada por uma d\u00edvida de drogas.<\/p>\n<p>O encontro, que acontece no <strong>mirante da comunidade da Chacrinha<\/strong>, come\u00e7a como uma tentativa de reconcilia\u00e7\u00e3o entre o casal \u2014 que conversa sobre o futuro do beb\u00ea que Jo\u00e9lly espera \u2014, mas logo se transforma em um <strong>pesadelo sem sa\u00edda<\/strong>. Bagd\u00e1 surge de surpresa, acompanhado de seus homens, e decreta o destino dos dois:<\/p>\n<blockquote><p>\u201cOs dois pro micro-ondas!\u201d, sentencia o traficante, deixando claro que n\u00e3o h\u00e1 escapat\u00f3ria.<\/p><\/blockquote>\n<h4>Desespero e interven\u00e7\u00e3o milagrosa<\/h4>\n<p>A cena, descrita por Vitor Peccoli, do <em>Resumo das Novelas<\/em>, mostrar\u00e1 <strong>Jo\u00e9lly desesperada<\/strong>, implorando pela vida de Raul enquanto tenta proteger o filho que carrega. O clima de pavor toma conta da sequ\u00eancia, at\u00e9 que <strong>Kellen<\/strong>, filha do pastor da comunidade, surge para enfrentar Bagd\u00e1 em um ato de coragem inesperado.<\/p>\n<p>Sem temer o perigo, Kellen confronta o traficante e o acusa de cometer uma injusti\u00e7a. A tens\u00e3o cresce, e todos acreditam que ela tamb\u00e9m ser\u00e1 punida. No entanto, a situa\u00e7\u00e3o muda radicalmente quando a jovem <strong>revela um segredo bomb\u00e1stico<\/strong> \u2014 o nome do verdadeiro pai do beb\u00ea de Jo\u00e9lly.<\/p>\n<h4>Bagd\u00e1 recua, mas amea\u00e7a permanece<\/h4>\n<p>A revela\u00e7\u00e3o deixa Bagd\u00e1 atordoado. Por alguns segundos, ele hesita e decide <strong>poupar a vida de Jo\u00e9lly e Raul<\/strong>, mas o perd\u00e3o vem com uma condi\u00e7\u00e3o: o casal permanecer\u00e1 sob sua vigil\u00e2ncia. Antes de deix\u00e1-los ir, o traficante humilha Raul diante dos capangas e avisa que <strong>\u201cningu\u00e9m desafia Bagd\u00e1 impunemente\u201d<\/strong>.<\/p>\n<p>Mesmo libertos, os dois saem do local sob forte tens\u00e3o, cientes de que o perigo ainda ronda seus caminhos. O momento \u00e9 descrito como <strong>um verdadeiro milagre aos 45 do segundo tempo<\/strong>, que salva n\u00e3o s\u00f3 suas vidas, mas tamb\u00e9m o futuro do beb\u00ea.<\/p>\n<p>Nos bastidores, a sequ\u00eancia promete ser uma das mais impactantes da novela, marcada por <strong>drama, suspense e emo\u00e7\u00e3o<\/strong>, consolidando <em>Tr\u00eas Gra\u00e7as<\/em> como um dos maiores sucessos do hor\u00e1rio nobre da Globo.<\/p>\n<hr \/>\n<p><strong>Tags:<\/strong> #Tr\u00easGra\u00e7as #NovelaDasNove #Globo #Bagd\u00e1 #Jo\u00e9lly #Raul #Spoiler #Pr\u00f3ximosCap\u00edtulos<\/p>\n","protected":false},"excerpt":{"rendered":"<p>Homem mais alto do Brasil recebe alta ap\u00f3s amputar segunda perna e comove o pa\u00eds: \u201cVou superar mais essa barreira\u201d Joelison Fernandes da Silva, o gigante paraibano conhecido carinhosamente como Nin\u00e3o, voltou a emocionar o Brasil ao deixar o Hospital das Cl\u00ednicas de Campina Grande nesta segunda-feira (20). O homem mais alto do pa\u00eds, com &hellip;<\/p>\n","protected":false},"author":1,"featured_media":451352,"comment_status":"open","ping_status":"open","sticky":false,"template":"","format":"standard","meta":{"_jetpack_memberships_contains_paid_content":false,"footnotes":""},"categories":[2,7147,3937,4],"tags":[],"class_list":["post-451351","post","type-post","status-publish","format-standard","has-post-thumbnail","hentry","category-entretenimento","category-globo","category-resumo-de-novelas","category-servicos"],"yoast_head":"<!-- This site is optimized with the Yoast SEO plugin v27.4 - https:\/\/yoast.com\/product\/yoast-seo-wordpress\/ -->\n<title>Chega a not\u00edcia de Nin\u00e3o, Homem mais alto do Brasil, ap\u00f3s amputar segunda perna<\/title>\n<meta name=\"robots\" content=\"index, follow, max-snippet:-1, max-image-preview:large, max-video-preview:-1\" \/>\n<link rel=\"canonical\" href=\"https:\/\/mrnews.com.br\/index.php\/2025\/10\/27\/chega-a-noticia-de-ninao-homem-mais-alto-do-brasil-apos-amputar-segunda-perna\/\" \/>\n<meta property=\"og:locale\" content=\"pt_BR\" \/>\n<meta property=\"og:type\" content=\"article\" \/>\n<meta property=\"og:title\" content=\"Chega a not\u00edcia de Nin\u00e3o, Homem mais alto do Brasil, ap\u00f3s amputar segunda perna\" \/>\n<meta property=\"og:description\" content=\"Homem mais alto do Brasil recebe alta ap\u00f3s amputar segunda perna e comove o pa\u00eds: \u201cVou superar mais essa barreira\u201d Joelison Fernandes da Silva, o gigante paraibano conhecido carinhosamente como Nin\u00e3o, voltou a emocionar o Brasil ao deixar o Hospital das Cl\u00ednicas de Campina Grande nesta segunda-feira (20). O homem mais alto do pa\u00eds, com &hellip;\" \/>\n<meta property=\"og:url\" content=\"https:\/\/mrnews.com.br\/index.php\/2025\/10\/27\/chega-a-noticia-de-ninao-homem-mais-alto-do-brasil-apos-amputar-segunda-perna\/\" \/>\n<meta property=\"og:site_name\" content=\"MRNews\" \/>\n<meta property=\"article:publisher\" content=\"https:\/\/www.facebook.com\/eaipahpah\/?locale2=pt_BR\" \/>\n<meta property=\"article:published_time\" content=\"2025-10-27T10:00:11+00:00\" \/>\n<meta property=\"og:image\" content=\"https:\/\/mrnews.com.br\/wp-content\/uploads\/2025\/10\/FB_IMG_1761558926328.jpg\" \/>\n\t<meta property=\"og:image:width\" content=\"1080\" \/>\n\t<meta property=\"og:image:height\" content=\"1096\" \/>\n\t<meta property=\"og:image:type\" content=\"image\/jpeg\" \/>\n<meta name=\"author\" content=\"MR News\" \/>\n<meta name=\"twitter:card\" content=\"summary_large_image\" \/>\n<meta name=\"twitter:creator\" content=\"@conspirou\" \/>\n<meta name=\"twitter:site\" content=\"@conspirou\" \/>\n<meta name=\"twitter:label1\" content=\"Escrito por\" \/>\n\t<meta name=\"twitter:data1\" content=\"MR News\" \/>\n\t<meta name=\"twitter:label2\" content=\"Est. tempo de leitura\" \/>\n\t<meta name=\"twitter:data2\" content=\"25 minutos\" \/>\n<script type=\"application\/ld+json\" class=\"yoast-schema-graph\">{\"@context\":\"https:\\\/\\\/schema.org\",\"@graph\":[{\"@type\":\"Article\",\"@id\":\"https:\\\/\\\/mrnews.com.br\\\/index.php\\\/2025\\\/10\\\/27\\\/chega-a-noticia-de-ninao-homem-mais-alto-do-brasil-apos-amputar-segunda-perna\\\/#article\",\"isPartOf\":{\"@id\":\"https:\\\/\\\/mrnews.com.br\\\/index.php\\\/2025\\\/10\\\/27\\\/chega-a-noticia-de-ninao-homem-mais-alto-do-brasil-apos-amputar-segunda-perna\\\/\"},\"author\":{\"name\":\"MR News\",\"@id\":\"https:\\\/\\\/mrnews.com.br\\\/#\\\/schema\\\/person\\\/be3203154562a9f207407861cef7827b\"},\"headline\":\"Chega a not\u00edcia de Nin\u00e3o, Homem mais alto do Brasil, ap\u00f3s amputar segunda perna\",\"datePublished\":\"2025-10-27T10:00:11+00:00\",\"mainEntityOfPage\":{\"@id\":\"https:\\\/\\\/mrnews.com.br\\\/index.php\\\/2025\\\/10\\\/27\\\/chega-a-noticia-de-ninao-homem-mais-alto-do-brasil-apos-amputar-segunda-perna\\\/\"},\"wordCount\":5091,\"commentCount\":0,\"publisher\":{\"@id\":\"https:\\\/\\\/mrnews.com.br\\\/#organization\"},\"image\":{\"@id\":\"https:\\\/\\\/mrnews.com.br\\\/index.php\\\/2025\\\/10\\\/27\\\/chega-a-noticia-de-ninao-homem-mais-alto-do-brasil-apos-amputar-segunda-perna\\\/#primaryimage\"},\"thumbnailUrl\":\"https:\\\/\\\/mrnews.com.br\\\/wp-content\\\/uploads\\\/2025\\\/10\\\/FB_IMG_1761558926328.jpg\",\"articleSection\":[\"ENTRETENIMENTO\",\"Programa\u00e7\u00e3o da Globo\",\"Resumo de novelas\",\"SERVI\u00c7OS\"],\"inLanguage\":\"pt-BR\",\"potentialAction\":[{\"@type\":\"CommentAction\",\"name\":\"Comment\",\"target\":[\"https:\\\/\\\/mrnews.com.br\\\/index.php\\\/2025\\\/10\\\/27\\\/chega-a-noticia-de-ninao-homem-mais-alto-do-brasil-apos-amputar-segunda-perna\\\/#respond\"]}]},{\"@type\":\"WebPage\",\"@id\":\"https:\\\/\\\/mrnews.com.br\\\/index.php\\\/2025\\\/10\\\/27\\\/chega-a-noticia-de-ninao-homem-mais-alto-do-brasil-apos-amputar-segunda-perna\\\/\",\"url\":\"https:\\\/\\\/mrnews.com.br\\\/index.php\\\/2025\\\/10\\\/27\\\/chega-a-noticia-de-ninao-homem-mais-alto-do-brasil-apos-amputar-segunda-perna\\\/\",\"name\":\"Chega a not\u00edcia de Nin\u00e3o, Homem mais alto do Brasil, ap\u00f3s amputar segunda perna\",\"isPartOf\":{\"@id\":\"https:\\\/\\\/mrnews.com.br\\\/#website\"},\"primaryImageOfPage\":{\"@id\":\"https:\\\/\\\/mrnews.com.br\\\/index.php\\\/2025\\\/10\\\/27\\\/chega-a-noticia-de-ninao-homem-mais-alto-do-brasil-apos-amputar-segunda-perna\\\/#primaryimage\"},\"image\":{\"@id\":\"https:\\\/\\\/mrnews.com.br\\\/index.php\\\/2025\\\/10\\\/27\\\/chega-a-noticia-de-ninao-homem-mais-alto-do-brasil-apos-amputar-segunda-perna\\\/#primaryimage\"},\"thumbnailUrl\":\"https:\\\/\\\/mrnews.com.br\\\/wp-content\\\/uploads\\\/2025\\\/10\\\/FB_IMG_1761558926328.jpg\",\"datePublished\":\"2025-10-27T10:00:11+00:00\",\"breadcrumb\":{\"@id\":\"https:\\\/\\\/mrnews.com.br\\\/index.php\\\/2025\\\/10\\\/27\\\/chega-a-noticia-de-ninao-homem-mais-alto-do-brasil-apos-amputar-segunda-perna\\\/#breadcrumb\"},\"inLanguage\":\"pt-BR\",\"potentialAction\":[{\"@type\":\"ReadAction\",\"target\":[\"https:\\\/\\\/mrnews.com.br\\\/index.php\\\/2025\\\/10\\\/27\\\/chega-a-noticia-de-ninao-homem-mais-alto-do-brasil-apos-amputar-segunda-perna\\\/\"]}]},{\"@type\":\"ImageObject\",\"inLanguage\":\"pt-BR\",\"@id\":\"https:\\\/\\\/mrnews.com.br\\\/index.php\\\/2025\\\/10\\\/27\\\/chega-a-noticia-de-ninao-homem-mais-alto-do-brasil-apos-amputar-segunda-perna\\\/#primaryimage\",\"url\":\"https:\\\/\\\/mrnews.com.br\\\/wp-content\\\/uploads\\\/2025\\\/10\\\/FB_IMG_1761558926328.jpg\",\"contentUrl\":\"https:\\\/\\\/mrnews.com.br\\\/wp-content\\\/uploads\\\/2025\\\/10\\\/FB_IMG_1761558926328.jpg\",\"width\":1080,\"height\":1096},{\"@type\":\"BreadcrumbList\",\"@id\":\"https:\\\/\\\/mrnews.com.br\\\/index.php\\\/2025\\\/10\\\/27\\\/chega-a-noticia-de-ninao-homem-mais-alto-do-brasil-apos-amputar-segunda-perna\\\/#breadcrumb\",\"itemListElement\":[{\"@type\":\"ListItem\",\"position\":1,\"name\":\"In\u00edcio\",\"item\":\"https:\\\/\\\/mrnews.com.br\\\/\"},{\"@type\":\"ListItem\",\"position\":2,\"name\":\"Chega a not\u00edcia de Nin\u00e3o, Homem mais alto do Brasil, ap\u00f3s amputar segunda perna\"}]},{\"@type\":\"WebSite\",\"@id\":\"https:\\\/\\\/mrnews.com.br\\\/#website\",\"url\":\"https:\\\/\\\/mrnews.com.br\\\/\",\"name\":\"MRNews\",\"description\":\"MRNews Jogos de hoje da TV, transmiss\u00f5es ao vivo, Not\u00edcias de futebol, Jogos ao vivo, Lives, resumo de novelas, Programa\u00e7\u00e3o da Globo, A Fazenda e BBB\",\"publisher\":{\"@id\":\"https:\\\/\\\/mrnews.com.br\\\/#organization\"},\"potentialAction\":[{\"@type\":\"SearchAction\",\"target\":{\"@type\":\"EntryPoint\",\"urlTemplate\":\"https:\\\/\\\/mrnews.com.br\\\/?s={search_term_string}\"},\"query-input\":{\"@type\":\"PropertyValueSpecification\",\"valueRequired\":true,\"valueName\":\"search_term_string\"}}],\"inLanguage\":\"pt-BR\"},{\"@type\":\"Organization\",\"@id\":\"https:\\\/\\\/mrnews.com.br\\\/#organization\",\"name\":\"MRNews\",\"url\":\"https:\\\/\\\/mrnews.com.br\\\/\",\"logo\":{\"@type\":\"ImageObject\",\"inLanguage\":\"pt-BR\",\"@id\":\"https:\\\/\\\/mrnews.com.br\\\/#\\\/schema\\\/logo\\\/image\\\/\",\"url\":\"https:\\\/\\\/mrnews.com.br\\\/wp-content\\\/uploads\\\/2019\\\/06\\\/MRNewslogo2.png\",\"contentUrl\":\"https:\\\/\\\/mrnews.com.br\\\/wp-content\\\/uploads\\\/2019\\\/06\\\/MRNewslogo2.png\",\"width\":223,\"height\":58,\"caption\":\"MRNews\"},\"image\":{\"@id\":\"https:\\\/\\\/mrnews.com.br\\\/#\\\/schema\\\/logo\\\/image\\\/\"},\"sameAs\":[\"https:\\\/\\\/www.facebook.com\\\/eaipahpah\\\/?locale2=pt_BR\",\"https:\\\/\\\/x.com\\\/conspirou\",\"https:\\\/\\\/www.instagram.com\\\/eai_pahpah\",\"https:\\\/\\\/br.pinterest.com\\\/mrnewsn\\\/boards\\\/\",\"https:\\\/\\\/www.youtube.com\\\/channel\\\/UCacgnpznQ61fifLWr1tQ-vA?view_as=subscriber\"]},{\"@type\":\"Person\",\"@id\":\"https:\\\/\\\/mrnews.com.br\\\/#\\\/schema\\\/person\\\/be3203154562a9f207407861cef7827b\",\"name\":\"MR News\",\"image\":{\"@type\":\"ImageObject\",\"inLanguage\":\"pt-BR\",\"@id\":\"https:\\\/\\\/secure.gravatar.com\\\/avatar\\\/04084e6d73c042b8646e7c17b494073bf0ede3ea13c7105cfc45cbbbc28385a4?s=96&d=monsterid&r=g\",\"url\":\"https:\\\/\\\/secure.gravatar.com\\\/avatar\\\/04084e6d73c042b8646e7c17b494073bf0ede3ea13c7105cfc45cbbbc28385a4?s=96&d=monsterid&r=g\",\"contentUrl\":\"https:\\\/\\\/secure.gravatar.com\\\/avatar\\\/04084e6d73c042b8646e7c17b494073bf0ede3ea13c7105cfc45cbbbc28385a4?s=96&d=monsterid&r=g\",\"caption\":\"MR News\"},\"description\":\"Especializado em jornalismo colaborativo pela FTP em n\u00edvel de p\u00f3s-gradua\u00e7\u00e3o. suporte@oimeliga.combr\",\"sameAs\":[\"HUGO R.\",\"Admin\"],\"url\":\"https:\\\/\\\/mrnews.com.br\\\/index.php\\\/author\\\/admin\\\/\"}]}<\/script>\n<!-- \/ Yoast SEO plugin. -->","yoast_head_json":{"title":"Chega a not\u00edcia de Nin\u00e3o, Homem mais alto do Brasil, ap\u00f3s amputar segunda perna","robots":{"index":"index","follow":"follow","max-snippet":"max-snippet:-1","max-image-preview":"max-image-preview:large","max-video-preview":"max-video-preview:-1"},"canonical":"https:\/\/mrnews.com.br\/index.php\/2025\/10\/27\/chega-a-noticia-de-ninao-homem-mais-alto-do-brasil-apos-amputar-segunda-perna\/","og_locale":"pt_BR","og_type":"article","og_title":"Chega a not\u00edcia de Nin\u00e3o, Homem mais alto do Brasil, ap\u00f3s amputar segunda perna","og_description":"Homem mais alto do Brasil recebe alta ap\u00f3s amputar segunda perna e comove o pa\u00eds: \u201cVou superar mais essa barreira\u201d Joelison Fernandes da Silva, o gigante paraibano conhecido carinhosamente como Nin\u00e3o, voltou a emocionar o Brasil ao deixar o Hospital das Cl\u00ednicas de Campina Grande nesta segunda-feira (20). O homem mais alto do pa\u00eds, com &hellip;","og_url":"https:\/\/mrnews.com.br\/index.php\/2025\/10\/27\/chega-a-noticia-de-ninao-homem-mais-alto-do-brasil-apos-amputar-segunda-perna\/","og_site_name":"MRNews","article_publisher":"https:\/\/www.facebook.com\/eaipahpah\/?locale2=pt_BR","article_published_time":"2025-10-27T10:00:11+00:00","og_image":[{"width":1080,"height":1096,"url":"https:\/\/mrnews.com.br\/wp-content\/uploads\/2025\/10\/FB_IMG_1761558926328.jpg","type":"image\/jpeg"}],"author":"MR News","twitter_card":"summary_large_image","twitter_creator":"@conspirou","twitter_site":"@conspirou","twitter_misc":{"Escrito por":"MR News","Est. tempo de leitura":"25 minutos"},"schema":{"@context":"https:\/\/schema.org","@graph":[{"@type":"Article","@id":"https:\/\/mrnews.com.br\/index.php\/2025\/10\/27\/chega-a-noticia-de-ninao-homem-mais-alto-do-brasil-apos-amputar-segunda-perna\/#article","isPartOf":{"@id":"https:\/\/mrnews.com.br\/index.php\/2025\/10\/27\/chega-a-noticia-de-ninao-homem-mais-alto-do-brasil-apos-amputar-segunda-perna\/"},"author":{"name":"MR News","@id":"https:\/\/mrnews.com.br\/#\/schema\/person\/be3203154562a9f207407861cef7827b"},"headline":"Chega a not\u00edcia de Nin\u00e3o, Homem mais alto do Brasil, ap\u00f3s amputar segunda perna","datePublished":"2025-10-27T10:00:11+00:00","mainEntityOfPage":{"@id":"https:\/\/mrnews.com.br\/index.php\/2025\/10\/27\/chega-a-noticia-de-ninao-homem-mais-alto-do-brasil-apos-amputar-segunda-perna\/"},"wordCount":5091,"commentCount":0,"publisher":{"@id":"https:\/\/mrnews.com.br\/#organization"},"image":{"@id":"https:\/\/mrnews.com.br\/index.php\/2025\/10\/27\/chega-a-noticia-de-ninao-homem-mais-alto-do-brasil-apos-amputar-segunda-perna\/#primaryimage"},"thumbnailUrl":"https:\/\/mrnews.com.br\/wp-content\/uploads\/2025\/10\/FB_IMG_1761558926328.jpg","articleSection":["ENTRETENIMENTO","Programa\u00e7\u00e3o da Globo","Resumo de novelas","SERVI\u00c7OS"],"inLanguage":"pt-BR","potentialAction":[{"@type":"CommentAction","name":"Comment","target":["https:\/\/mrnews.com.br\/index.php\/2025\/10\/27\/chega-a-noticia-de-ninao-homem-mais-alto-do-brasil-apos-amputar-segunda-perna\/#respond"]}]},{"@type":"WebPage","@id":"https:\/\/mrnews.com.br\/index.php\/2025\/10\/27\/chega-a-noticia-de-ninao-homem-mais-alto-do-brasil-apos-amputar-segunda-perna\/","url":"https:\/\/mrnews.com.br\/index.php\/2025\/10\/27\/chega-a-noticia-de-ninao-homem-mais-alto-do-brasil-apos-amputar-segunda-perna\/","name":"Chega a not\u00edcia de Nin\u00e3o, Homem mais alto do Brasil, ap\u00f3s amputar segunda perna","isPartOf":{"@id":"https:\/\/mrnews.com.br\/#website"},"primaryImageOfPage":{"@id":"https:\/\/mrnews.com.br\/index.php\/2025\/10\/27\/chega-a-noticia-de-ninao-homem-mais-alto-do-brasil-apos-amputar-segunda-perna\/#primaryimage"},"image":{"@id":"https:\/\/mrnews.com.br\/index.php\/2025\/10\/27\/chega-a-noticia-de-ninao-homem-mais-alto-do-brasil-apos-amputar-segunda-perna\/#primaryimage"},"thumbnailUrl":"https:\/\/mrnews.com.br\/wp-content\/uploads\/2025\/10\/FB_IMG_1761558926328.jpg","datePublished":"2025-10-27T10:00:11+00:00","breadcrumb":{"@id":"https:\/\/mrnews.com.br\/index.php\/2025\/10\/27\/chega-a-noticia-de-ninao-homem-mais-alto-do-brasil-apos-amputar-segunda-perna\/#breadcrumb"},"inLanguage":"pt-BR","potentialAction":[{"@type":"ReadAction","target":["https:\/\/mrnews.com.br\/index.php\/2025\/10\/27\/chega-a-noticia-de-ninao-homem-mais-alto-do-brasil-apos-amputar-segunda-perna\/"]}]},{"@type":"ImageObject","inLanguage":"pt-BR","@id":"https:\/\/mrnews.com.br\/index.php\/2025\/10\/27\/chega-a-noticia-de-ninao-homem-mais-alto-do-brasil-apos-amputar-segunda-perna\/#primaryimage","url":"https:\/\/mrnews.com.br\/wp-content\/uploads\/2025\/10\/FB_IMG_1761558926328.jpg","contentUrl":"https:\/\/mrnews.com.br\/wp-content\/uploads\/2025\/10\/FB_IMG_1761558926328.jpg","width":1080,"height":1096},{"@type":"BreadcrumbList","@id":"https:\/\/mrnews.com.br\/index.php\/2025\/10\/27\/chega-a-noticia-de-ninao-homem-mais-alto-do-brasil-apos-amputar-segunda-perna\/#breadcrumb","itemListElement":[{"@type":"ListItem","position":1,"name":"In\u00edcio","item":"https:\/\/mrnews.com.br\/"},{"@type":"ListItem","position":2,"name":"Chega a not\u00edcia de Nin\u00e3o, Homem mais alto do Brasil, ap\u00f3s amputar segunda perna"}]},{"@type":"WebSite","@id":"https:\/\/mrnews.com.br\/#website","url":"https:\/\/mrnews.com.br\/","name":"MRNews","description":"MRNews Jogos de hoje da TV, transmiss\u00f5es ao vivo, Not\u00edcias de futebol, Jogos ao vivo, Lives, resumo de novelas, Programa\u00e7\u00e3o da Globo, A Fazenda e BBB","publisher":{"@id":"https:\/\/mrnews.com.br\/#organization"},"potentialAction":[{"@type":"SearchAction","target":{"@type":"EntryPoint","urlTemplate":"https:\/\/mrnews.com.br\/?s={search_term_string}"},"query-input":{"@type":"PropertyValueSpecification","valueRequired":true,"valueName":"search_term_string"}}],"inLanguage":"pt-BR"},{"@type":"Organization","@id":"https:\/\/mrnews.com.br\/#organization","name":"MRNews","url":"https:\/\/mrnews.com.br\/","logo":{"@type":"ImageObject","inLanguage":"pt-BR","@id":"https:\/\/mrnews.com.br\/#\/schema\/logo\/image\/","url":"https:\/\/mrnews.com.br\/wp-content\/uploads\/2019\/06\/MRNewslogo2.png","contentUrl":"https:\/\/mrnews.com.br\/wp-content\/uploads\/2019\/06\/MRNewslogo2.png","width":223,"height":58,"caption":"MRNews"},"image":{"@id":"https:\/\/mrnews.com.br\/#\/schema\/logo\/image\/"},"sameAs":["https:\/\/www.facebook.com\/eaipahpah\/?locale2=pt_BR","https:\/\/x.com\/conspirou","https:\/\/www.instagram.com\/eai_pahpah","https:\/\/br.pinterest.com\/mrnewsn\/boards\/","https:\/\/www.youtube.com\/channel\/UCacgnpznQ61fifLWr1tQ-vA?view_as=subscriber"]},{"@type":"Person","@id":"https:\/\/mrnews.com.br\/#\/schema\/person\/be3203154562a9f207407861cef7827b","name":"MR News","image":{"@type":"ImageObject","inLanguage":"pt-BR","@id":"https:\/\/secure.gravatar.com\/avatar\/04084e6d73c042b8646e7c17b494073bf0ede3ea13c7105cfc45cbbbc28385a4?s=96&d=monsterid&r=g","url":"https:\/\/secure.gravatar.com\/avatar\/04084e6d73c042b8646e7c17b494073bf0ede3ea13c7105cfc45cbbbc28385a4?s=96&d=monsterid&r=g","contentUrl":"https:\/\/secure.gravatar.com\/avatar\/04084e6d73c042b8646e7c17b494073bf0ede3ea13c7105cfc45cbbbc28385a4?s=96&d=monsterid&r=g","caption":"MR News"},"description":"Especializado em jornalismo colaborativo pela FTP em n\u00edvel de p\u00f3s-gradua\u00e7\u00e3o. suporte@oimeliga.combr","sameAs":["HUGO R.","Admin"],"url":"https:\/\/mrnews.com.br\/index.php\/author\/admin\/"}]}},"jetpack_featured_media_url":"https:\/\/mrnews.com.br\/wp-content\/uploads\/2025\/10\/FB_IMG_1761558926328.jpg","jetpack_sharing_enabled":true,"jetpack_shortlink":"https:\/\/wp.me\/pa2Qf7-1TpR","amp_enabled":true,"_links":{"self":[{"href":"https:\/\/mrnews.com.br\/index.php\/wp-json\/wp\/v2\/posts\/451351","targetHints":{"allow":["GET"]}}],"collection":[{"href":"https:\/\/mrnews.com.br\/index.php\/wp-json\/wp\/v2\/posts"}],"about":[{"href":"https:\/\/mrnews.com.br\/index.php\/wp-json\/wp\/v2\/types\/post"}],"author":[{"embeddable":true,"href":"https:\/\/mrnews.com.br\/index.php\/wp-json\/wp\/v2\/users\/1"}],"replies":[{"embeddable":true,"href":"https:\/\/mrnews.com.br\/index.php\/wp-json\/wp\/v2\/comments?post=451351"}],"version-history":[{"count":1,"href":"https:\/\/mrnews.com.br\/index.php\/wp-json\/wp\/v2\/posts\/451351\/revisions"}],"predecessor-version":[{"id":451353,"href":"https:\/\/mrnews.com.br\/index.php\/wp-json\/wp\/v2\/posts\/451351\/revisions\/451353"}],"wp:featuredmedia":[{"embeddable":true,"href":"https:\/\/mrnews.com.br\/index.php\/wp-json\/wp\/v2\/media\/451352"}],"wp:attachment":[{"href":"https:\/\/mrnews.com.br\/index.php\/wp-json\/wp\/v2\/media?parent=451351"}],"wp:term":[{"taxonomy":"category","embeddable":true,"href":"https:\/\/mrnews.com.br\/index.php\/wp-json\/wp\/v2\/categories?post=451351"},{"taxonomy":"post_tag","embeddable":true,"href":"https:\/\/mrnews.com.br\/index.php\/wp-json\/wp\/v2\/tags?post=451351"}],"curies":[{"name":"wp","href":"https:\/\/api.w.org\/{rel}","templated":true}]}}