{"id":451369,"date":"2025-10-27T14:53:12","date_gmt":"2025-10-27T17:53:12","guid":{"rendered":"https:\/\/mrnews.com.br\/index.php\/2025\/10\/27\/bolsonaro-tem-ate-esta-segunda-para-recorrer-de-condenacao-no-stf\/"},"modified":"2025-10-27T14:53:12","modified_gmt":"2025-10-27T17:53:12","slug":"bolsonaro-tem-ate-esta-segunda-para-recorrer-de-condenacao-no-stf","status":"publish","type":"post","link":"https:\/\/mrnews.com.br\/index.php\/2025\/10\/27\/bolsonaro-tem-ate-esta-segunda-para-recorrer-de-condenacao-no-stf\/","title":{"rendered":"Bolsonaro tem at\u00e9 esta segunda para recorrer de condena\u00e7\u00e3o no STF"},"content":{"rendered":"<p>Por EBC, <\/p>\n<div>\n<p>O<strong> prazo para a defesa do ex-presidente Jair Bolsonaro (PL) recorrer<\/strong> da condena\u00e7\u00e3o imposta pelo Supremo Tribunal Federal (STF) <strong>termina nesta segunda-feira (27)<\/strong>. Os advogados t\u00eam <strong>at\u00e9 as 23h59 para apresentar os embargos de declara\u00e7\u00e3o<\/strong>, recurso que busca esclarecer eventuais contradi\u00e7\u00f5es, omiss\u00f5es ou erros no ac\u00f3rd\u00e3o publicado na semana passada.<\/p>\n<p>O mesmo prazo vale para os outros sete r\u00e9us do chamado N\u00facleo 1\u00a0da trama golpista, considerados os principais articuladores dos atos antidemocr\u00e1ticos de 8 de janeiro de 2023.<\/p>\n<p>Embora comuns nesse tipo de processo, <strong>os embargos de declara\u00e7\u00e3o n\u00e3o t\u00eam poder de reverter as condena\u00e7\u00f5es<\/strong>, servindo apenas para <strong>ajustes formais ou pedidos de esclarecimento<\/strong>. Ap\u00f3s a an\u00e1lise desses recursos, que ser\u00e1 feita pela Primeira Turma do STF, o <strong>tribunal poder\u00e1 declarar o tr\u00e2nsito em julgado<\/strong>, etapa em que as decis\u00f5es se tornam definitivas, e as penas passam a ser executadas.<\/p>\n<h2>Condena\u00e7\u00e3o<\/h2>\n<p>Bolsonaro foi condenado a 27 anos e tr\u00eas meses de pris\u00e3o, em regime inicial fechado, pelos crimes de tentativa de golpe de Estado, atentado contra o Estado Democr\u00e1tico de Direito,\u00a0organiza\u00e7\u00e3o criminosa armada, da qual foi apontado como l\u00edder, dano qualificado pela viol\u00eancia e grave amea\u00e7a e deteriora\u00e7\u00e3o de patrim\u00f4nio tombado.<\/p>\n<p>A defesa de Bolsonaro deve insistir na tese de que os crimes de tentativa de golpe de Estado e aboli\u00e7\u00e3o violenta do Estado Democr\u00e1tico de Direito deveriam ser considerados como um \u00fanico delito, o que reduziria a pena. A maioria dos ministros, no entanto, j\u00e1 rejeitou esse argumento durante o julgamento. Desde agosto, o ex-presidente cumpre pris\u00e3o domiciliar com uso de tornozeleira eletr\u00f4nica, por determina\u00e7\u00e3o do ministro Alexandre de Moraes, relator do processo.<\/p>\n<h2>Pr\u00f3ximos passos<\/h2>\n<p>Os recursos apresentados ser\u00e3o julgados em <strong>plen\u00e1rio virtual pela Primeira Turma<\/strong>, composta pelos ministros Fl\u00e1vio Dino (presidente), Alexandre de Moraes, Cristiano Zanin, C\u00e1rmen L\u00facia e Lu\u00eds Roberto Barroso.<\/p>\n<p>Se os embargos forem rejeitados, caber\u00e1 novo recurso, mas, <strong>caso o Supremo entenda que n\u00e3o h\u00e1 mais medidas poss\u00edveis, o processo ser\u00e1 considerado encerrado<\/strong>. A partir da\u00ed, o tribunal deve definir o regime e o local de cumprimento de pena dos condenados.<\/p>\n<p>O tenente-coronel Mauro Cid, ex-ajudante de ordens de Bolsonaro, \u00e9 o \u00fanico r\u00e9u que pode n\u00e3o apresentar recurso. Condenado a dois anos em regime aberto, ele j\u00e1 cumpriu per\u00edodo superior em medidas cautelares e poder\u00e1 ser considerado com a pena extinta.<\/p>\n<p>Confira a lista dos condenados do n\u00facleo central da trama golpista:<\/p>\n<ul>\n<li>Jair Messias Bolsonaro \u2013 ex-presidente da Rep\u00fablica, condenado a 27 anos e tr\u00eas\u00a0meses de pris\u00e3o;<\/li>\n<li>Walter Braga Netto \u2013 general da reserva e ex-ministro da Defesa e da Casa Civil, condenado a 26 anos;<\/li>\n<li>Augusto Heleno \u2013 general da reserva e ex-chefe do Gabinete de Seguran\u00e7a Institucional (GSI), condenado a 21 anos;<\/li>\n<li>Almir Garnier \u2013 almirante e ex-comandante da Marinha, condenado a 24 anos;<\/li>\n<li>Paulo S\u00e9rgio Nogueira \u2013 general e ex-ministro da Defesa, condenado a 19 anos;<\/li>\n<li>Anderson Torres \u2013 ex-ministro da Justi\u00e7a e ex-secret\u00e1rio de Seguran\u00e7a do DF, condenado a 24 anos;<\/li>\n<li>Alexandre Ramagem \u2013 deputado federal e ex-diretor da Abin, condenado a 16 anos, um\u00a0m\u00eas e 15 dias de pris\u00e3o;<\/li>\n<li>Mauro Cid \u2013 tenente-coronel e ex-ajudante de ordens, condenado a dois\u00a0anos em regime aberto.<\/li>\n<\/ul>\n<p>      <!-- Relacionada --><\/p>\n<p>            <!-- Relacionada -->\n    <\/div>\n","protected":false},"excerpt":{"rendered":"<p>Por EBC, O prazo para a defesa do ex-presidente Jair Bolsonaro (PL) recorrer da condena\u00e7\u00e3o imposta pelo Supremo Tribunal Federal (STF) termina nesta segunda-feira (27). Os advogados t\u00eam at\u00e9 as 23h59 para apresentar os embargos de declara\u00e7\u00e3o, recurso que busca esclarecer eventuais contradi\u00e7\u00f5es, omiss\u00f5es ou erros no ac\u00f3rd\u00e3o publicado na semana passada. O mesmo prazo &hellip;<\/p>\n","protected":false},"author":1,"featured_media":0,"comment_status":"open","ping_status":"open","sticky":false,"template":"","format":"standard","meta":{"_jetpack_memberships_contains_paid_content":false,"footnotes":""},"categories":[2,12225,4],"tags":[],"class_list":["post-451369","post","type-post","status-publish","format-standard","hentry","category-entretenimento","category-noticias","category-servicos"],"yoast_head":"<!-- This site is optimized with the Yoast SEO plugin v27.5 - https:\/\/yoast.com\/product\/yoast-seo-wordpress\/ -->\n<title>Bolsonaro tem at\u00e9 esta segunda para recorrer de condena\u00e7\u00e3o no STF<\/title>\n<meta name=\"robots\" content=\"index, follow, max-snippet:-1, max-image-preview:large, max-video-preview:-1\" \/>\n<link rel=\"canonical\" href=\"https:\/\/mrnews.com.br\/index.php\/2025\/10\/27\/bolsonaro-tem-ate-esta-segunda-para-recorrer-de-condenacao-no-stf\/\" \/>\n<meta property=\"og:locale\" content=\"pt_BR\" \/>\n<meta property=\"og:type\" content=\"article\" \/>\n<meta property=\"og:title\" content=\"Bolsonaro tem at\u00e9 esta segunda para recorrer de condena\u00e7\u00e3o no STF\" \/>\n<meta property=\"og:description\" content=\"Por EBC, O prazo para a defesa do ex-presidente Jair Bolsonaro (PL) recorrer da condena\u00e7\u00e3o imposta pelo Supremo Tribunal Federal (STF) termina nesta segunda-feira (27). Os advogados t\u00eam at\u00e9 as 23h59 para apresentar os embargos de declara\u00e7\u00e3o, recurso que busca esclarecer eventuais contradi\u00e7\u00f5es, omiss\u00f5es ou erros no ac\u00f3rd\u00e3o publicado na semana passada. O mesmo prazo &hellip;\" \/>\n<meta property=\"og:url\" content=\"https:\/\/mrnews.com.br\/index.php\/2025\/10\/27\/bolsonaro-tem-ate-esta-segunda-para-recorrer-de-condenacao-no-stf\/\" \/>\n<meta property=\"og:site_name\" content=\"MRNews\" \/>\n<meta property=\"article:publisher\" content=\"https:\/\/www.facebook.com\/eaipahpah\/?locale2=pt_BR\" \/>\n<meta property=\"article:published_time\" content=\"2025-10-27T17:53:12+00:00\" \/>\n<meta name=\"author\" content=\"MR News\" \/>\n<meta name=\"twitter:card\" content=\"summary_large_image\" \/>\n<meta name=\"twitter:creator\" content=\"@conspirou\" \/>\n<meta name=\"twitter:site\" content=\"@conspirou\" \/>\n<meta name=\"twitter:label1\" content=\"Escrito por\" \/>\n\t<meta name=\"twitter:data1\" content=\"MR News\" \/>\n\t<meta name=\"twitter:label2\" content=\"Est. tempo de leitura\" \/>\n\t<meta name=\"twitter:data2\" content=\"3 minutos\" \/>\n<script type=\"application\/ld+json\" class=\"yoast-schema-graph\">{\"@context\":\"https:\\\/\\\/schema.org\",\"@graph\":[{\"@type\":\"Article\",\"@id\":\"https:\\\/\\\/mrnews.com.br\\\/index.php\\\/2025\\\/10\\\/27\\\/bolsonaro-tem-ate-esta-segunda-para-recorrer-de-condenacao-no-stf\\\/#article\",\"isPartOf\":{\"@id\":\"https:\\\/\\\/mrnews.com.br\\\/index.php\\\/2025\\\/10\\\/27\\\/bolsonaro-tem-ate-esta-segunda-para-recorrer-de-condenacao-no-stf\\\/\"},\"author\":{\"name\":\"MR News\",\"@id\":\"https:\\\/\\\/mrnews.com.br\\\/#\\\/schema\\\/person\\\/be3203154562a9f207407861cef7827b\"},\"headline\":\"Bolsonaro tem at\u00e9 esta segunda para recorrer de condena\u00e7\u00e3o no STF\",\"datePublished\":\"2025-10-27T17:53:12+00:00\",\"mainEntityOfPage\":{\"@id\":\"https:\\\/\\\/mrnews.com.br\\\/index.php\\\/2025\\\/10\\\/27\\\/bolsonaro-tem-ate-esta-segunda-para-recorrer-de-condenacao-no-stf\\\/\"},\"wordCount\":567,\"commentCount\":0,\"publisher\":{\"@id\":\"https:\\\/\\\/mrnews.com.br\\\/#organization\"},\"articleSection\":[\"ENTRETENIMENTO\",\"NOTICIAS\",\"SERVI\u00c7OS\"],\"inLanguage\":\"pt-BR\",\"potentialAction\":[{\"@type\":\"CommentAction\",\"name\":\"Comment\",\"target\":[\"https:\\\/\\\/mrnews.com.br\\\/index.php\\\/2025\\\/10\\\/27\\\/bolsonaro-tem-ate-esta-segunda-para-recorrer-de-condenacao-no-stf\\\/#respond\"]}]},{\"@type\":\"WebPage\",\"@id\":\"https:\\\/\\\/mrnews.com.br\\\/index.php\\\/2025\\\/10\\\/27\\\/bolsonaro-tem-ate-esta-segunda-para-recorrer-de-condenacao-no-stf\\\/\",\"url\":\"https:\\\/\\\/mrnews.com.br\\\/index.php\\\/2025\\\/10\\\/27\\\/bolsonaro-tem-ate-esta-segunda-para-recorrer-de-condenacao-no-stf\\\/\",\"name\":\"Bolsonaro tem at\u00e9 esta segunda para recorrer de condena\u00e7\u00e3o no STF\",\"isPartOf\":{\"@id\":\"https:\\\/\\\/mrnews.com.br\\\/#website\"},\"datePublished\":\"2025-10-27T17:53:12+00:00\",\"breadcrumb\":{\"@id\":\"https:\\\/\\\/mrnews.com.br\\\/index.php\\\/2025\\\/10\\\/27\\\/bolsonaro-tem-ate-esta-segunda-para-recorrer-de-condenacao-no-stf\\\/#breadcrumb\"},\"inLanguage\":\"pt-BR\",\"potentialAction\":[{\"@type\":\"ReadAction\",\"target\":[\"https:\\\/\\\/mrnews.com.br\\\/index.php\\\/2025\\\/10\\\/27\\\/bolsonaro-tem-ate-esta-segunda-para-recorrer-de-condenacao-no-stf\\\/\"]}]},{\"@type\":\"BreadcrumbList\",\"@id\":\"https:\\\/\\\/mrnews.com.br\\\/index.php\\\/2025\\\/10\\\/27\\\/bolsonaro-tem-ate-esta-segunda-para-recorrer-de-condenacao-no-stf\\\/#breadcrumb\",\"itemListElement\":[{\"@type\":\"ListItem\",\"position\":1,\"name\":\"In\u00edcio\",\"item\":\"https:\\\/\\\/mrnews.com.br\\\/\"},{\"@type\":\"ListItem\",\"position\":2,\"name\":\"Bolsonaro tem at\u00e9 esta segunda para recorrer de condena\u00e7\u00e3o no STF\"}]},{\"@type\":\"WebSite\",\"@id\":\"https:\\\/\\\/mrnews.com.br\\\/#website\",\"url\":\"https:\\\/\\\/mrnews.com.br\\\/\",\"name\":\"MRNews\",\"description\":\"MRNews Jogos de hoje da TV, transmiss\u00f5es ao vivo, Not\u00edcias de futebol, Jogos ao vivo, Lives, resumo de novelas, Programa\u00e7\u00e3o da Globo, A Fazenda e BBB\",\"publisher\":{\"@id\":\"https:\\\/\\\/mrnews.com.br\\\/#organization\"},\"potentialAction\":[{\"@type\":\"SearchAction\",\"target\":{\"@type\":\"EntryPoint\",\"urlTemplate\":\"https:\\\/\\\/mrnews.com.br\\\/?s={search_term_string}\"},\"query-input\":{\"@type\":\"PropertyValueSpecification\",\"valueRequired\":true,\"valueName\":\"search_term_string\"}}],\"inLanguage\":\"pt-BR\"},{\"@type\":\"Organization\",\"@id\":\"https:\\\/\\\/mrnews.com.br\\\/#organization\",\"name\":\"MRNews\",\"url\":\"https:\\\/\\\/mrnews.com.br\\\/\",\"logo\":{\"@type\":\"ImageObject\",\"inLanguage\":\"pt-BR\",\"@id\":\"https:\\\/\\\/mrnews.com.br\\\/#\\\/schema\\\/logo\\\/image\\\/\",\"url\":\"https:\\\/\\\/mrnews.com.br\\\/wp-content\\\/uploads\\\/2019\\\/06\\\/MRNewslogo2.png\",\"contentUrl\":\"https:\\\/\\\/mrnews.com.br\\\/wp-content\\\/uploads\\\/2019\\\/06\\\/MRNewslogo2.png\",\"width\":223,\"height\":58,\"caption\":\"MRNews\"},\"image\":{\"@id\":\"https:\\\/\\\/mrnews.com.br\\\/#\\\/schema\\\/logo\\\/image\\\/\"},\"sameAs\":[\"https:\\\/\\\/www.facebook.com\\\/eaipahpah\\\/?locale2=pt_BR\",\"https:\\\/\\\/x.com\\\/conspirou\",\"https:\\\/\\\/www.instagram.com\\\/eai_pahpah\",\"https:\\\/\\\/br.pinterest.com\\\/mrnewsn\\\/boards\\\/\",\"https:\\\/\\\/www.youtube.com\\\/channel\\\/UCacgnpznQ61fifLWr1tQ-vA?view_as=subscriber\"]},{\"@type\":\"Person\",\"@id\":\"https:\\\/\\\/mrnews.com.br\\\/#\\\/schema\\\/person\\\/be3203154562a9f207407861cef7827b\",\"name\":\"MR News\",\"image\":{\"@type\":\"ImageObject\",\"inLanguage\":\"pt-BR\",\"@id\":\"https:\\\/\\\/secure.gravatar.com\\\/avatar\\\/04084e6d73c042b8646e7c17b494073bf0ede3ea13c7105cfc45cbbbc28385a4?s=96&d=monsterid&r=g\",\"url\":\"https:\\\/\\\/secure.gravatar.com\\\/avatar\\\/04084e6d73c042b8646e7c17b494073bf0ede3ea13c7105cfc45cbbbc28385a4?s=96&d=monsterid&r=g\",\"contentUrl\":\"https:\\\/\\\/secure.gravatar.com\\\/avatar\\\/04084e6d73c042b8646e7c17b494073bf0ede3ea13c7105cfc45cbbbc28385a4?s=96&d=monsterid&r=g\",\"caption\":\"MR News\"},\"description\":\"Especializado em jornalismo colaborativo pela FTP em n\u00edvel de p\u00f3s-gradua\u00e7\u00e3o. suporte@oimeliga.combr\",\"sameAs\":[\"HUGO R.\",\"Admin\"],\"url\":\"https:\\\/\\\/mrnews.com.br\\\/index.php\\\/author\\\/admin\\\/\"}]}<\/script>\n<!-- \/ Yoast SEO plugin. -->","yoast_head_json":{"title":"Bolsonaro tem at\u00e9 esta segunda para recorrer de condena\u00e7\u00e3o no STF","robots":{"index":"index","follow":"follow","max-snippet":"max-snippet:-1","max-image-preview":"max-image-preview:large","max-video-preview":"max-video-preview:-1"},"canonical":"https:\/\/mrnews.com.br\/index.php\/2025\/10\/27\/bolsonaro-tem-ate-esta-segunda-para-recorrer-de-condenacao-no-stf\/","og_locale":"pt_BR","og_type":"article","og_title":"Bolsonaro tem at\u00e9 esta segunda para recorrer de condena\u00e7\u00e3o no STF","og_description":"Por EBC, O prazo para a defesa do ex-presidente Jair Bolsonaro (PL) recorrer da condena\u00e7\u00e3o imposta pelo Supremo Tribunal Federal (STF) termina nesta segunda-feira (27). Os advogados t\u00eam at\u00e9 as 23h59 para apresentar os embargos de declara\u00e7\u00e3o, recurso que busca esclarecer eventuais contradi\u00e7\u00f5es, omiss\u00f5es ou erros no ac\u00f3rd\u00e3o publicado na semana passada. O mesmo prazo &hellip;","og_url":"https:\/\/mrnews.com.br\/index.php\/2025\/10\/27\/bolsonaro-tem-ate-esta-segunda-para-recorrer-de-condenacao-no-stf\/","og_site_name":"MRNews","article_publisher":"https:\/\/www.facebook.com\/eaipahpah\/?locale2=pt_BR","article_published_time":"2025-10-27T17:53:12+00:00","author":"MR News","twitter_card":"summary_large_image","twitter_creator":"@conspirou","twitter_site":"@conspirou","twitter_misc":{"Escrito por":"MR News","Est. tempo de leitura":"3 minutos"},"schema":{"@context":"https:\/\/schema.org","@graph":[{"@type":"Article","@id":"https:\/\/mrnews.com.br\/index.php\/2025\/10\/27\/bolsonaro-tem-ate-esta-segunda-para-recorrer-de-condenacao-no-stf\/#article","isPartOf":{"@id":"https:\/\/mrnews.com.br\/index.php\/2025\/10\/27\/bolsonaro-tem-ate-esta-segunda-para-recorrer-de-condenacao-no-stf\/"},"author":{"name":"MR News","@id":"https:\/\/mrnews.com.br\/#\/schema\/person\/be3203154562a9f207407861cef7827b"},"headline":"Bolsonaro tem at\u00e9 esta segunda para recorrer de condena\u00e7\u00e3o no STF","datePublished":"2025-10-27T17:53:12+00:00","mainEntityOfPage":{"@id":"https:\/\/mrnews.com.br\/index.php\/2025\/10\/27\/bolsonaro-tem-ate-esta-segunda-para-recorrer-de-condenacao-no-stf\/"},"wordCount":567,"commentCount":0,"publisher":{"@id":"https:\/\/mrnews.com.br\/#organization"},"articleSection":["ENTRETENIMENTO","NOTICIAS","SERVI\u00c7OS"],"inLanguage":"pt-BR","potentialAction":[{"@type":"CommentAction","name":"Comment","target":["https:\/\/mrnews.com.br\/index.php\/2025\/10\/27\/bolsonaro-tem-ate-esta-segunda-para-recorrer-de-condenacao-no-stf\/#respond"]}]},{"@type":"WebPage","@id":"https:\/\/mrnews.com.br\/index.php\/2025\/10\/27\/bolsonaro-tem-ate-esta-segunda-para-recorrer-de-condenacao-no-stf\/","url":"https:\/\/mrnews.com.br\/index.php\/2025\/10\/27\/bolsonaro-tem-ate-esta-segunda-para-recorrer-de-condenacao-no-stf\/","name":"Bolsonaro tem at\u00e9 esta segunda para recorrer de condena\u00e7\u00e3o no STF","isPartOf":{"@id":"https:\/\/mrnews.com.br\/#website"},"datePublished":"2025-10-27T17:53:12+00:00","breadcrumb":{"@id":"https:\/\/mrnews.com.br\/index.php\/2025\/10\/27\/bolsonaro-tem-ate-esta-segunda-para-recorrer-de-condenacao-no-stf\/#breadcrumb"},"inLanguage":"pt-BR","potentialAction":[{"@type":"ReadAction","target":["https:\/\/mrnews.com.br\/index.php\/2025\/10\/27\/bolsonaro-tem-ate-esta-segunda-para-recorrer-de-condenacao-no-stf\/"]}]},{"@type":"BreadcrumbList","@id":"https:\/\/mrnews.com.br\/index.php\/2025\/10\/27\/bolsonaro-tem-ate-esta-segunda-para-recorrer-de-condenacao-no-stf\/#breadcrumb","itemListElement":[{"@type":"ListItem","position":1,"name":"In\u00edcio","item":"https:\/\/mrnews.com.br\/"},{"@type":"ListItem","position":2,"name":"Bolsonaro tem at\u00e9 esta segunda para recorrer de condena\u00e7\u00e3o no STF"}]},{"@type":"WebSite","@id":"https:\/\/mrnews.com.br\/#website","url":"https:\/\/mrnews.com.br\/","name":"MRNews","description":"MRNews Jogos de hoje da TV, transmiss\u00f5es ao vivo, Not\u00edcias de futebol, Jogos ao vivo, Lives, resumo de novelas, Programa\u00e7\u00e3o da Globo, A Fazenda e BBB","publisher":{"@id":"https:\/\/mrnews.com.br\/#organization"},"potentialAction":[{"@type":"SearchAction","target":{"@type":"EntryPoint","urlTemplate":"https:\/\/mrnews.com.br\/?s={search_term_string}"},"query-input":{"@type":"PropertyValueSpecification","valueRequired":true,"valueName":"search_term_string"}}],"inLanguage":"pt-BR"},{"@type":"Organization","@id":"https:\/\/mrnews.com.br\/#organization","name":"MRNews","url":"https:\/\/mrnews.com.br\/","logo":{"@type":"ImageObject","inLanguage":"pt-BR","@id":"https:\/\/mrnews.com.br\/#\/schema\/logo\/image\/","url":"https:\/\/mrnews.com.br\/wp-content\/uploads\/2019\/06\/MRNewslogo2.png","contentUrl":"https:\/\/mrnews.com.br\/wp-content\/uploads\/2019\/06\/MRNewslogo2.png","width":223,"height":58,"caption":"MRNews"},"image":{"@id":"https:\/\/mrnews.com.br\/#\/schema\/logo\/image\/"},"sameAs":["https:\/\/www.facebook.com\/eaipahpah\/?locale2=pt_BR","https:\/\/x.com\/conspirou","https:\/\/www.instagram.com\/eai_pahpah","https:\/\/br.pinterest.com\/mrnewsn\/boards\/","https:\/\/www.youtube.com\/channel\/UCacgnpznQ61fifLWr1tQ-vA?view_as=subscriber"]},{"@type":"Person","@id":"https:\/\/mrnews.com.br\/#\/schema\/person\/be3203154562a9f207407861cef7827b","name":"MR News","image":{"@type":"ImageObject","inLanguage":"pt-BR","@id":"https:\/\/secure.gravatar.com\/avatar\/04084e6d73c042b8646e7c17b494073bf0ede3ea13c7105cfc45cbbbc28385a4?s=96&d=monsterid&r=g","url":"https:\/\/secure.gravatar.com\/avatar\/04084e6d73c042b8646e7c17b494073bf0ede3ea13c7105cfc45cbbbc28385a4?s=96&d=monsterid&r=g","contentUrl":"https:\/\/secure.gravatar.com\/avatar\/04084e6d73c042b8646e7c17b494073bf0ede3ea13c7105cfc45cbbbc28385a4?s=96&d=monsterid&r=g","caption":"MR News"},"description":"Especializado em jornalismo colaborativo pela FTP em n\u00edvel de p\u00f3s-gradua\u00e7\u00e3o. suporte@oimeliga.combr","sameAs":["HUGO R.","Admin"],"url":"https:\/\/mrnews.com.br\/index.php\/author\/admin\/"}]}},"jetpack_featured_media_url":"","jetpack_sharing_enabled":true,"jetpack_shortlink":"https:\/\/wp.me\/pa2Qf7-1Tq9","amp_enabled":true,"_links":{"self":[{"href":"https:\/\/mrnews.com.br\/index.php\/wp-json\/wp\/v2\/posts\/451369","targetHints":{"allow":["GET"]}}],"collection":[{"href":"https:\/\/mrnews.com.br\/index.php\/wp-json\/wp\/v2\/posts"}],"about":[{"href":"https:\/\/mrnews.com.br\/index.php\/wp-json\/wp\/v2\/types\/post"}],"author":[{"embeddable":true,"href":"https:\/\/mrnews.com.br\/index.php\/wp-json\/wp\/v2\/users\/1"}],"replies":[{"embeddable":true,"href":"https:\/\/mrnews.com.br\/index.php\/wp-json\/wp\/v2\/comments?post=451369"}],"version-history":[{"count":0,"href":"https:\/\/mrnews.com.br\/index.php\/wp-json\/wp\/v2\/posts\/451369\/revisions"}],"wp:attachment":[{"href":"https:\/\/mrnews.com.br\/index.php\/wp-json\/wp\/v2\/media?parent=451369"}],"wp:term":[{"taxonomy":"category","embeddable":true,"href":"https:\/\/mrnews.com.br\/index.php\/wp-json\/wp\/v2\/categories?post=451369"},{"taxonomy":"post_tag","embeddable":true,"href":"https:\/\/mrnews.com.br\/index.php\/wp-json\/wp\/v2\/tags?post=451369"}],"curies":[{"name":"wp","href":"https:\/\/api.w.org\/{rel}","templated":true}]}}