{"id":451373,"date":"2025-10-27T17:41:12","date_gmt":"2025-10-27T20:41:12","guid":{"rendered":"https:\/\/mrnews.com.br\/index.php\/2025\/10\/27\/lula-completa-80-anos-e-se-torna-o-primeiro-octogenario-no-cargo\/"},"modified":"2025-10-27T17:41:12","modified_gmt":"2025-10-27T20:41:12","slug":"lula-completa-80-anos-e-se-torna-o-primeiro-octogenario-no-cargo","status":"publish","type":"post","link":"https:\/\/mrnews.com.br\/index.php\/2025\/10\/27\/lula-completa-80-anos-e-se-torna-o-primeiro-octogenario-no-cargo\/","title":{"rendered":"Lula completa 80 anos e se torna o primeiro octogen\u00e1rio no cargo"},"content":{"rendered":"<p>Por EBC, <\/p>\n<div>\n<p><strong>O presidente Luiz In\u00e1cio Lula da Silva, nascido em 27 de outubro de 1945, em Garanhuns (PE), se tornou o primeiro presidente octogen\u00e1rio no exerc\u00edcio do poder Executivo no Brasil.<\/strong> Este \u00e9 o terceiro mandato presidencial de Lula, ap\u00f3s ter exercido a mesma fun\u00e7\u00e3o de 2003 a 2006 e de 2007 a 2011.<\/p>\n<p>Aos 80 anos completados nesta segunda-feira (27), o governante supera o recorde anterior do ex-presidente Michel Temer, que deixou o cargo aos 78 anos, em 2018.<\/p>\n<p>O terceiro presidente brasileiro mais velho em exerc\u00edcio foi Get\u00falio Vargas, em seu segundo mandato, que morreu aos 72 anos, em agosto de 1954.<\/p>\n<p>Por outro lado, o mais jovem ocupante da cadeira no Pal\u00e1cio do Planalto foi Fernando Collor de Mello, aos 43 anos, que deixou o cargo ap\u00f3s impeachment, em setembro de 1992.<\/p>\n<h2>Anivers\u00e1rio no exterior<\/h2>\n<p><strong>Lula recebeu homenagens durante sua viagem oficial \u00e0 \u00c1sia. Na Mal\u00e1sia, a celebra\u00e7\u00e3o ocorreu em jantar de gala e bolo oferecido pelo premi\u00ea do pa\u00eds asi\u00e1tico, Anwar Ibrahim.<\/strong><\/p>\n<p>Em entrevista coletiva de imprensa na Mal\u00e1sia, o presidente comentou a data.\u00a0<\/p>\n<blockquote>\n<p>&#8220;Estou completando 80 anos de idade no melhor momento da minha vida. Eu nunca me senti t\u00e3o vivo e com tanta vontade de viver. Por isso, digo a todos que espero viver at\u00e9 os 120 anos. A partir de hoje, faltam s\u00f3 40 [anos]\u201d, disse.<\/p>\n<\/blockquote>\n<p>Em sua rede social, o mandat\u00e1rio brasileiro agradeceu as homenagens recebidas em Kuala Lumpur, capital malaia.<\/p>\n<blockquote>\n<p>\u201cFinalizo o dia de hoje entre novos amigos e antigos companheiros que encontrei aqui na Mal\u00e1sia. Chefes de Estado do Sudeste Asi\u00e1tico e pa\u00edses convidados, que fizeram uma bonita homenagem pelo meu anivers\u00e1rio. A todos eles, minha profunda gratid\u00e3o.\u201d<\/p>\n<\/blockquote>\n<p>Lula disse que espera encontrar todos em breve no Brasil, durante a 30\u00aa Confer\u00eancia das Na\u00e7\u00f5es Unidas sobre as Mudan\u00e7as Clim\u00e1ticas (COP30), prevista para ocorrer entre 10 e 21 de novembro, na cidade de Bel\u00e9m.<\/p>\n<p>Dias antes, Lula recebeu homenagem antecipada na Indon\u00e9sia, a convite do presidente indon\u00e9sio Prabowo Subianto.\u00a0<\/p>\n<h2>Felicita\u00e7\u00f5es<\/h2>\n<p><strong>O presidente dos Estados Unidos, Donald Trump, desejou feliz anivers\u00e1rio ao presidente brasileiro por seus 80 anos, em contato com jornalistas a bordo do avi\u00e3o presidencial Air Force One, a caminho do Jap\u00e3o.<\/strong><\/p>\n<blockquote>\n<p>&#8220;Eu quero desejar feliz anivers\u00e1rio ao presidente. \u00c9 anivers\u00e1rio dele hoje. Voc\u00eas sabiam disso? \u00c9 um cara muito vigoroso, na verdade. Fiquei muito impressionado. Ent\u00e3o, feliz anivers\u00e1rio\u201d, declarou o norte-americano afirmando que teve uma \u201cboa reuni\u00e3o\u201d com o brasileiro, no domingo (26).<\/p>\n<\/blockquote>\n<p>Ao chegar na 20\u00aa C\u00fapula da \u00c1sia no Leste, nesta segunda-feira, Lula se encontrou com o presidente da \u00c1frica do Sul, Cyril Ramaphosa. Em tom bem-humorado, Ramaphosa brincou ao dizer que o brasileiro &#8216;est\u00e1 fazendo apenas 25 anos&#8217;. O relato foi publicado por Lula em seu perfil oficial no X.<\/p>\n<p>No Brasil, o vice-presidente da Rep\u00fablica e ministro do Desenvolvimento, Ind\u00fastria, Com\u00e9rcio e Servi\u00e7os, Geraldo Alckmin, enviou felicita\u00e7\u00f5es, mencionando que comemora o 80\u00ba anivers\u00e1rio \u201cjunto com todos os brasileiros que escolheram a democracia como forma de realizar as suas esperan\u00e7as\u201d.<\/p>\n<p>Diversos outros ministros tamb\u00e9m parabenizaram a lideran\u00e7a pela data. Entre eles, o novo ministro-chefe da Secret\u00e1ria-geral da Presid\u00eancia da Rep\u00fablica, Guilherme Boulos, o da Educa\u00e7\u00e3o, Camilo Santana, e da Agricultura e Pecu\u00e1ria, Carlos F\u00e1varo.<\/p>\n<p>Outras personalidades pol\u00edticas tamb\u00e9m enviaram felicita\u00e7\u00f5es, como o prefeito do Recife, Jo\u00e3o Campos. \u201cHoje \u00e9 dia de celebrar os 80 anos de um dos maiores l\u00edderes mundiais, de uma hist\u00f3ria incr\u00edvel e de uma luta incans\u00e1vel pelo povo brasileiro\u201d, postou em seu perfil social na plataforma Instagram.<\/p>\n<h2>Retorno ao Brasil<\/h2>\n<p>At\u00e9 esta ter\u00e7a-feira (28), o presidente Lula e a comitiva brasileira cumprem agenda oficial em Kuala Lumpur (MY), a convite do primeiro-ministro Anwar Ibrahim, e participam da 47\u00aa C\u00fapula da Associa\u00e7\u00e3o de Na\u00e7\u00f5es do Sudeste Asi\u00e1tico (Asean).\u00a0<\/p>\n<p>A visita tem o objetivo de intensificar e diversificar o com\u00e9rcio e os investimentos bilaterais, com foco em setores estrat\u00e9gicos como energia, ci\u00eancia, tecnologia e inova\u00e7\u00e3o.<\/p>\n<p>      <!-- Relacionada --><\/p>\n<p>            <!-- Relacionada -->\n    <\/div>\n","protected":false},"excerpt":{"rendered":"<p>Por EBC, O presidente Luiz In\u00e1cio Lula da Silva, nascido em 27 de outubro de 1945, em Garanhuns (PE), se tornou o primeiro presidente octogen\u00e1rio no exerc\u00edcio do poder Executivo no Brasil. Este \u00e9 o terceiro mandato presidencial de Lula, ap\u00f3s ter exercido a mesma fun\u00e7\u00e3o de 2003 a 2006 e de 2007 a 2011. &hellip;<\/p>\n","protected":false},"author":1,"featured_media":0,"comment_status":"open","ping_status":"open","sticky":false,"template":"","format":"standard","meta":{"_jetpack_memberships_contains_paid_content":false,"footnotes":""},"categories":[2,12225,4],"tags":[],"class_list":["post-451373","post","type-post","status-publish","format-standard","hentry","category-entretenimento","category-noticias","category-servicos"],"yoast_head":"<!-- This site is optimized with the Yoast SEO plugin v27.5 - https:\/\/yoast.com\/product\/yoast-seo-wordpress\/ -->\n<title>Lula completa 80 anos e se torna o primeiro octogen\u00e1rio no cargo<\/title>\n<meta name=\"robots\" content=\"index, follow, max-snippet:-1, max-image-preview:large, max-video-preview:-1\" \/>\n<link rel=\"canonical\" href=\"https:\/\/mrnews.com.br\/index.php\/2025\/10\/27\/lula-completa-80-anos-e-se-torna-o-primeiro-octogenario-no-cargo\/\" \/>\n<meta property=\"og:locale\" content=\"pt_BR\" \/>\n<meta property=\"og:type\" content=\"article\" \/>\n<meta property=\"og:title\" content=\"Lula completa 80 anos e se torna o primeiro octogen\u00e1rio no cargo\" \/>\n<meta property=\"og:description\" content=\"Por EBC, O presidente Luiz In\u00e1cio Lula da Silva, nascido em 27 de outubro de 1945, em Garanhuns (PE), se tornou o primeiro presidente octogen\u00e1rio no exerc\u00edcio do poder Executivo no Brasil. Este \u00e9 o terceiro mandato presidencial de Lula, ap\u00f3s ter exercido a mesma fun\u00e7\u00e3o de 2003 a 2006 e de 2007 a 2011. &hellip;\" \/>\n<meta property=\"og:url\" content=\"https:\/\/mrnews.com.br\/index.php\/2025\/10\/27\/lula-completa-80-anos-e-se-torna-o-primeiro-octogenario-no-cargo\/\" \/>\n<meta property=\"og:site_name\" content=\"MRNews\" \/>\n<meta property=\"article:publisher\" content=\"https:\/\/www.facebook.com\/eaipahpah\/?locale2=pt_BR\" \/>\n<meta property=\"article:published_time\" content=\"2025-10-27T20:41:12+00:00\" \/>\n<meta name=\"author\" content=\"MR News\" \/>\n<meta name=\"twitter:card\" content=\"summary_large_image\" \/>\n<meta name=\"twitter:creator\" content=\"@conspirou\" \/>\n<meta name=\"twitter:site\" content=\"@conspirou\" \/>\n<meta name=\"twitter:label1\" content=\"Escrito por\" \/>\n\t<meta name=\"twitter:data1\" content=\"MR News\" \/>\n\t<meta name=\"twitter:label2\" content=\"Est. tempo de leitura\" \/>\n\t<meta name=\"twitter:data2\" content=\"3 minutos\" \/>\n<script type=\"application\/ld+json\" class=\"yoast-schema-graph\">{\"@context\":\"https:\\\/\\\/schema.org\",\"@graph\":[{\"@type\":\"Article\",\"@id\":\"https:\\\/\\\/mrnews.com.br\\\/index.php\\\/2025\\\/10\\\/27\\\/lula-completa-80-anos-e-se-torna-o-primeiro-octogenario-no-cargo\\\/#article\",\"isPartOf\":{\"@id\":\"https:\\\/\\\/mrnews.com.br\\\/index.php\\\/2025\\\/10\\\/27\\\/lula-completa-80-anos-e-se-torna-o-primeiro-octogenario-no-cargo\\\/\"},\"author\":{\"name\":\"MR News\",\"@id\":\"https:\\\/\\\/mrnews.com.br\\\/#\\\/schema\\\/person\\\/be3203154562a9f207407861cef7827b\"},\"headline\":\"Lula completa 80 anos e se torna o primeiro octogen\u00e1rio no cargo\",\"datePublished\":\"2025-10-27T20:41:12+00:00\",\"mainEntityOfPage\":{\"@id\":\"https:\\\/\\\/mrnews.com.br\\\/index.php\\\/2025\\\/10\\\/27\\\/lula-completa-80-anos-e-se-torna-o-primeiro-octogenario-no-cargo\\\/\"},\"wordCount\":693,\"commentCount\":0,\"publisher\":{\"@id\":\"https:\\\/\\\/mrnews.com.br\\\/#organization\"},\"articleSection\":[\"ENTRETENIMENTO\",\"NOTICIAS\",\"SERVI\u00c7OS\"],\"inLanguage\":\"pt-BR\",\"potentialAction\":[{\"@type\":\"CommentAction\",\"name\":\"Comment\",\"target\":[\"https:\\\/\\\/mrnews.com.br\\\/index.php\\\/2025\\\/10\\\/27\\\/lula-completa-80-anos-e-se-torna-o-primeiro-octogenario-no-cargo\\\/#respond\"]}]},{\"@type\":\"WebPage\",\"@id\":\"https:\\\/\\\/mrnews.com.br\\\/index.php\\\/2025\\\/10\\\/27\\\/lula-completa-80-anos-e-se-torna-o-primeiro-octogenario-no-cargo\\\/\",\"url\":\"https:\\\/\\\/mrnews.com.br\\\/index.php\\\/2025\\\/10\\\/27\\\/lula-completa-80-anos-e-se-torna-o-primeiro-octogenario-no-cargo\\\/\",\"name\":\"Lula completa 80 anos e se torna o primeiro octogen\u00e1rio no cargo\",\"isPartOf\":{\"@id\":\"https:\\\/\\\/mrnews.com.br\\\/#website\"},\"datePublished\":\"2025-10-27T20:41:12+00:00\",\"breadcrumb\":{\"@id\":\"https:\\\/\\\/mrnews.com.br\\\/index.php\\\/2025\\\/10\\\/27\\\/lula-completa-80-anos-e-se-torna-o-primeiro-octogenario-no-cargo\\\/#breadcrumb\"},\"inLanguage\":\"pt-BR\",\"potentialAction\":[{\"@type\":\"ReadAction\",\"target\":[\"https:\\\/\\\/mrnews.com.br\\\/index.php\\\/2025\\\/10\\\/27\\\/lula-completa-80-anos-e-se-torna-o-primeiro-octogenario-no-cargo\\\/\"]}]},{\"@type\":\"BreadcrumbList\",\"@id\":\"https:\\\/\\\/mrnews.com.br\\\/index.php\\\/2025\\\/10\\\/27\\\/lula-completa-80-anos-e-se-torna-o-primeiro-octogenario-no-cargo\\\/#breadcrumb\",\"itemListElement\":[{\"@type\":\"ListItem\",\"position\":1,\"name\":\"In\u00edcio\",\"item\":\"https:\\\/\\\/mrnews.com.br\\\/\"},{\"@type\":\"ListItem\",\"position\":2,\"name\":\"Lula completa 80 anos e se torna o primeiro octogen\u00e1rio no cargo\"}]},{\"@type\":\"WebSite\",\"@id\":\"https:\\\/\\\/mrnews.com.br\\\/#website\",\"url\":\"https:\\\/\\\/mrnews.com.br\\\/\",\"name\":\"MRNews\",\"description\":\"MRNews Jogos de hoje da TV, transmiss\u00f5es ao vivo, Not\u00edcias de futebol, Jogos ao vivo, Lives, resumo de novelas, Programa\u00e7\u00e3o da Globo, A Fazenda e BBB\",\"publisher\":{\"@id\":\"https:\\\/\\\/mrnews.com.br\\\/#organization\"},\"potentialAction\":[{\"@type\":\"SearchAction\",\"target\":{\"@type\":\"EntryPoint\",\"urlTemplate\":\"https:\\\/\\\/mrnews.com.br\\\/?s={search_term_string}\"},\"query-input\":{\"@type\":\"PropertyValueSpecification\",\"valueRequired\":true,\"valueName\":\"search_term_string\"}}],\"inLanguage\":\"pt-BR\"},{\"@type\":\"Organization\",\"@id\":\"https:\\\/\\\/mrnews.com.br\\\/#organization\",\"name\":\"MRNews\",\"url\":\"https:\\\/\\\/mrnews.com.br\\\/\",\"logo\":{\"@type\":\"ImageObject\",\"inLanguage\":\"pt-BR\",\"@id\":\"https:\\\/\\\/mrnews.com.br\\\/#\\\/schema\\\/logo\\\/image\\\/\",\"url\":\"https:\\\/\\\/mrnews.com.br\\\/wp-content\\\/uploads\\\/2019\\\/06\\\/MRNewslogo2.png\",\"contentUrl\":\"https:\\\/\\\/mrnews.com.br\\\/wp-content\\\/uploads\\\/2019\\\/06\\\/MRNewslogo2.png\",\"width\":223,\"height\":58,\"caption\":\"MRNews\"},\"image\":{\"@id\":\"https:\\\/\\\/mrnews.com.br\\\/#\\\/schema\\\/logo\\\/image\\\/\"},\"sameAs\":[\"https:\\\/\\\/www.facebook.com\\\/eaipahpah\\\/?locale2=pt_BR\",\"https:\\\/\\\/x.com\\\/conspirou\",\"https:\\\/\\\/www.instagram.com\\\/eai_pahpah\",\"https:\\\/\\\/br.pinterest.com\\\/mrnewsn\\\/boards\\\/\",\"https:\\\/\\\/www.youtube.com\\\/channel\\\/UCacgnpznQ61fifLWr1tQ-vA?view_as=subscriber\"]},{\"@type\":\"Person\",\"@id\":\"https:\\\/\\\/mrnews.com.br\\\/#\\\/schema\\\/person\\\/be3203154562a9f207407861cef7827b\",\"name\":\"MR News\",\"image\":{\"@type\":\"ImageObject\",\"inLanguage\":\"pt-BR\",\"@id\":\"https:\\\/\\\/secure.gravatar.com\\\/avatar\\\/04084e6d73c042b8646e7c17b494073bf0ede3ea13c7105cfc45cbbbc28385a4?s=96&d=monsterid&r=g\",\"url\":\"https:\\\/\\\/secure.gravatar.com\\\/avatar\\\/04084e6d73c042b8646e7c17b494073bf0ede3ea13c7105cfc45cbbbc28385a4?s=96&d=monsterid&r=g\",\"contentUrl\":\"https:\\\/\\\/secure.gravatar.com\\\/avatar\\\/04084e6d73c042b8646e7c17b494073bf0ede3ea13c7105cfc45cbbbc28385a4?s=96&d=monsterid&r=g\",\"caption\":\"MR News\"},\"description\":\"Especializado em jornalismo colaborativo pela FTP em n\u00edvel de p\u00f3s-gradua\u00e7\u00e3o. suporte@oimeliga.combr\",\"sameAs\":[\"HUGO R.\",\"Admin\"],\"url\":\"https:\\\/\\\/mrnews.com.br\\\/index.php\\\/author\\\/admin\\\/\"}]}<\/script>\n<!-- \/ Yoast SEO plugin. -->","yoast_head_json":{"title":"Lula completa 80 anos e se torna o primeiro octogen\u00e1rio no cargo","robots":{"index":"index","follow":"follow","max-snippet":"max-snippet:-1","max-image-preview":"max-image-preview:large","max-video-preview":"max-video-preview:-1"},"canonical":"https:\/\/mrnews.com.br\/index.php\/2025\/10\/27\/lula-completa-80-anos-e-se-torna-o-primeiro-octogenario-no-cargo\/","og_locale":"pt_BR","og_type":"article","og_title":"Lula completa 80 anos e se torna o primeiro octogen\u00e1rio no cargo","og_description":"Por EBC, O presidente Luiz In\u00e1cio Lula da Silva, nascido em 27 de outubro de 1945, em Garanhuns (PE), se tornou o primeiro presidente octogen\u00e1rio no exerc\u00edcio do poder Executivo no Brasil. Este \u00e9 o terceiro mandato presidencial de Lula, ap\u00f3s ter exercido a mesma fun\u00e7\u00e3o de 2003 a 2006 e de 2007 a 2011. &hellip;","og_url":"https:\/\/mrnews.com.br\/index.php\/2025\/10\/27\/lula-completa-80-anos-e-se-torna-o-primeiro-octogenario-no-cargo\/","og_site_name":"MRNews","article_publisher":"https:\/\/www.facebook.com\/eaipahpah\/?locale2=pt_BR","article_published_time":"2025-10-27T20:41:12+00:00","author":"MR News","twitter_card":"summary_large_image","twitter_creator":"@conspirou","twitter_site":"@conspirou","twitter_misc":{"Escrito por":"MR News","Est. tempo de leitura":"3 minutos"},"schema":{"@context":"https:\/\/schema.org","@graph":[{"@type":"Article","@id":"https:\/\/mrnews.com.br\/index.php\/2025\/10\/27\/lula-completa-80-anos-e-se-torna-o-primeiro-octogenario-no-cargo\/#article","isPartOf":{"@id":"https:\/\/mrnews.com.br\/index.php\/2025\/10\/27\/lula-completa-80-anos-e-se-torna-o-primeiro-octogenario-no-cargo\/"},"author":{"name":"MR News","@id":"https:\/\/mrnews.com.br\/#\/schema\/person\/be3203154562a9f207407861cef7827b"},"headline":"Lula completa 80 anos e se torna o primeiro octogen\u00e1rio no cargo","datePublished":"2025-10-27T20:41:12+00:00","mainEntityOfPage":{"@id":"https:\/\/mrnews.com.br\/index.php\/2025\/10\/27\/lula-completa-80-anos-e-se-torna-o-primeiro-octogenario-no-cargo\/"},"wordCount":693,"commentCount":0,"publisher":{"@id":"https:\/\/mrnews.com.br\/#organization"},"articleSection":["ENTRETENIMENTO","NOTICIAS","SERVI\u00c7OS"],"inLanguage":"pt-BR","potentialAction":[{"@type":"CommentAction","name":"Comment","target":["https:\/\/mrnews.com.br\/index.php\/2025\/10\/27\/lula-completa-80-anos-e-se-torna-o-primeiro-octogenario-no-cargo\/#respond"]}]},{"@type":"WebPage","@id":"https:\/\/mrnews.com.br\/index.php\/2025\/10\/27\/lula-completa-80-anos-e-se-torna-o-primeiro-octogenario-no-cargo\/","url":"https:\/\/mrnews.com.br\/index.php\/2025\/10\/27\/lula-completa-80-anos-e-se-torna-o-primeiro-octogenario-no-cargo\/","name":"Lula completa 80 anos e se torna o primeiro octogen\u00e1rio no cargo","isPartOf":{"@id":"https:\/\/mrnews.com.br\/#website"},"datePublished":"2025-10-27T20:41:12+00:00","breadcrumb":{"@id":"https:\/\/mrnews.com.br\/index.php\/2025\/10\/27\/lula-completa-80-anos-e-se-torna-o-primeiro-octogenario-no-cargo\/#breadcrumb"},"inLanguage":"pt-BR","potentialAction":[{"@type":"ReadAction","target":["https:\/\/mrnews.com.br\/index.php\/2025\/10\/27\/lula-completa-80-anos-e-se-torna-o-primeiro-octogenario-no-cargo\/"]}]},{"@type":"BreadcrumbList","@id":"https:\/\/mrnews.com.br\/index.php\/2025\/10\/27\/lula-completa-80-anos-e-se-torna-o-primeiro-octogenario-no-cargo\/#breadcrumb","itemListElement":[{"@type":"ListItem","position":1,"name":"In\u00edcio","item":"https:\/\/mrnews.com.br\/"},{"@type":"ListItem","position":2,"name":"Lula completa 80 anos e se torna o primeiro octogen\u00e1rio no cargo"}]},{"@type":"WebSite","@id":"https:\/\/mrnews.com.br\/#website","url":"https:\/\/mrnews.com.br\/","name":"MRNews","description":"MRNews Jogos de hoje da TV, transmiss\u00f5es ao vivo, Not\u00edcias de futebol, Jogos ao vivo, Lives, resumo de novelas, Programa\u00e7\u00e3o da Globo, A Fazenda e BBB","publisher":{"@id":"https:\/\/mrnews.com.br\/#organization"},"potentialAction":[{"@type":"SearchAction","target":{"@type":"EntryPoint","urlTemplate":"https:\/\/mrnews.com.br\/?s={search_term_string}"},"query-input":{"@type":"PropertyValueSpecification","valueRequired":true,"valueName":"search_term_string"}}],"inLanguage":"pt-BR"},{"@type":"Organization","@id":"https:\/\/mrnews.com.br\/#organization","name":"MRNews","url":"https:\/\/mrnews.com.br\/","logo":{"@type":"ImageObject","inLanguage":"pt-BR","@id":"https:\/\/mrnews.com.br\/#\/schema\/logo\/image\/","url":"https:\/\/mrnews.com.br\/wp-content\/uploads\/2019\/06\/MRNewslogo2.png","contentUrl":"https:\/\/mrnews.com.br\/wp-content\/uploads\/2019\/06\/MRNewslogo2.png","width":223,"height":58,"caption":"MRNews"},"image":{"@id":"https:\/\/mrnews.com.br\/#\/schema\/logo\/image\/"},"sameAs":["https:\/\/www.facebook.com\/eaipahpah\/?locale2=pt_BR","https:\/\/x.com\/conspirou","https:\/\/www.instagram.com\/eai_pahpah","https:\/\/br.pinterest.com\/mrnewsn\/boards\/","https:\/\/www.youtube.com\/channel\/UCacgnpznQ61fifLWr1tQ-vA?view_as=subscriber"]},{"@type":"Person","@id":"https:\/\/mrnews.com.br\/#\/schema\/person\/be3203154562a9f207407861cef7827b","name":"MR News","image":{"@type":"ImageObject","inLanguage":"pt-BR","@id":"https:\/\/secure.gravatar.com\/avatar\/04084e6d73c042b8646e7c17b494073bf0ede3ea13c7105cfc45cbbbc28385a4?s=96&d=monsterid&r=g","url":"https:\/\/secure.gravatar.com\/avatar\/04084e6d73c042b8646e7c17b494073bf0ede3ea13c7105cfc45cbbbc28385a4?s=96&d=monsterid&r=g","contentUrl":"https:\/\/secure.gravatar.com\/avatar\/04084e6d73c042b8646e7c17b494073bf0ede3ea13c7105cfc45cbbbc28385a4?s=96&d=monsterid&r=g","caption":"MR News"},"description":"Especializado em jornalismo colaborativo pela FTP em n\u00edvel de p\u00f3s-gradua\u00e7\u00e3o. suporte@oimeliga.combr","sameAs":["HUGO R.","Admin"],"url":"https:\/\/mrnews.com.br\/index.php\/author\/admin\/"}]}},"jetpack_featured_media_url":"","jetpack_sharing_enabled":true,"jetpack_shortlink":"https:\/\/wp.me\/pa2Qf7-1Tqd","amp_enabled":true,"_links":{"self":[{"href":"https:\/\/mrnews.com.br\/index.php\/wp-json\/wp\/v2\/posts\/451373","targetHints":{"allow":["GET"]}}],"collection":[{"href":"https:\/\/mrnews.com.br\/index.php\/wp-json\/wp\/v2\/posts"}],"about":[{"href":"https:\/\/mrnews.com.br\/index.php\/wp-json\/wp\/v2\/types\/post"}],"author":[{"embeddable":true,"href":"https:\/\/mrnews.com.br\/index.php\/wp-json\/wp\/v2\/users\/1"}],"replies":[{"embeddable":true,"href":"https:\/\/mrnews.com.br\/index.php\/wp-json\/wp\/v2\/comments?post=451373"}],"version-history":[{"count":0,"href":"https:\/\/mrnews.com.br\/index.php\/wp-json\/wp\/v2\/posts\/451373\/revisions"}],"wp:attachment":[{"href":"https:\/\/mrnews.com.br\/index.php\/wp-json\/wp\/v2\/media?parent=451373"}],"wp:term":[{"taxonomy":"category","embeddable":true,"href":"https:\/\/mrnews.com.br\/index.php\/wp-json\/wp\/v2\/categories?post=451373"},{"taxonomy":"post_tag","embeddable":true,"href":"https:\/\/mrnews.com.br\/index.php\/wp-json\/wp\/v2\/tags?post=451373"}],"curies":[{"name":"wp","href":"https:\/\/api.w.org\/{rel}","templated":true}]}}