{"id":451388,"date":"2025-10-27T21:11:13","date_gmt":"2025-10-28T00:11:13","guid":{"rendered":"https:\/\/mrnews.com.br\/index.php\/2025\/10\/27\/ex-diretor-do-inss-nega-vinculo-politico-em-depoimento-a-cpi\/"},"modified":"2025-10-27T21:11:13","modified_gmt":"2025-10-28T00:11:13","slug":"ex-diretor-do-inss-nega-vinculo-politico-em-depoimento-a-cpi","status":"publish","type":"post","link":"https:\/\/mrnews.com.br\/index.php\/2025\/10\/27\/ex-diretor-do-inss-nega-vinculo-politico-em-depoimento-a-cpi\/","title":{"rendered":"Ex-diretor do INSS nega v\u00ednculo pol\u00edtico em depoimento \u00e0 CPI"},"content":{"rendered":"<p>Por EBC, <\/p>\n<div>\n<p><strong>O ex-diretor de Governan\u00e7a, Planejamento e Inova\u00e7\u00e3o do Instituto Nacional do Seguro Social (INSS), Alexandre Guimar\u00e3es, negou, nesta segunda-feira (27), ter mantido rela\u00e7\u00e3o com pol\u00edticos em sua trajet\u00f3ria profissional em \u00f3rg\u00e3os p\u00fablicos. <\/strong>Em depoimento \u00e0 Comiss\u00e3o Parlamentar Mista de Inqu\u00e9rito (CPMI) do INSS, Guimar\u00e3es afirmou que os cargos que ocupou foram obtidos por meio da distribui\u00e7\u00e3o de curr\u00edculos a parlamentares.<\/p>\n<p>\u201cN\u00e3o tenho rela\u00e7\u00e3o com pol\u00edticos\u201d, afirmou o ex-diretor, que ocupou o cargo de 2021 at\u00e9 o in\u00edcio de 2023. Guimar\u00e3es, no entanto, admitiu ter sido indicado ao INSS ap\u00f3s uma reuni\u00e3o r\u00e1pida com o deputado Euclydes Pettersen (Republicanos-MG).<\/p>\n<p><strong>Guimar\u00e3es \u00e9 investigado sob suspeita de ter recebido R$ 313 mil de Ant\u00f4nio Carlos Camilo Antunes, conhecido como Careca do INSS, apontado como um dos operadores de um esquema de fraudes envolvendo descontos indevidos em benef\u00edcios previdenci\u00e1rios.<\/strong><\/p>\n<p>No depoimento, Guimar\u00e3es admitiu ter conhecido Antunes em 2022. O ex-diretor alegou que os repasses foram totalmente legais e deveram-se ao fornecimento de material de educa\u00e7\u00e3o financeira de sua empresa para uma consultoria de Antunes e do filho dele.<\/p>\n<p>Guimar\u00e3es, no entanto, admitiu que a empresa do Careca do INSS era a \u00fanica cliente de sua empresa. Ele disse ter encerrado a presta\u00e7\u00e3o de servi\u00e7os ap\u00f3s a Pol\u00edcia Federal (PF) desbaratar o esquema de cobran\u00e7as n\u00e3o autorizadas de aposentados e pensionistas a associa\u00e7\u00f5es.<\/p>\n<p>O ex-diretor negou qualquer participa\u00e7\u00e3o, enquanto ocupava o cargo no INSS, da celebra\u00e7\u00e3o de acordos entre o \u00f3rg\u00e3o e as entidades que fizeram os descontos ilegais. Tamb\u00e9m afirmou s\u00f3 ter tido conhecimento do esquema ap\u00f3s a opera\u00e7\u00e3o da PF.<\/p>\n<h2>Respostas<\/h2>\n<p><strong>Em resposta, Pettersen confirmou que o encontro pode ter ocorrido, mas negou qualquer irregularidade. <\/strong><\/p>\n<blockquote>\n<p>\u201cPosso realmente ter me reunido com ele, como com tantos outros que buscam apoio para indica\u00e7\u00f5es em \u00f3rg\u00e3os p\u00fablicos. Cada indicado \u00e9 respons\u00e1vel por suas a\u00e7\u00f5es\u201d, declarou o deputado.<\/p>\n<\/blockquote>\n<p>Durante a sess\u00e3o, o relator da CPMI, deputado Alfredo Gaspar (Uni\u00e3o Brasil-AL), anunciou a inten\u00e7\u00e3o de convocar Pettersen e o senador Weverton Rocha (PDT-MA) para prestarem esclarecimentos \u00e0 comiss\u00e3o. \u201cEspero que n\u00e3o haja nenhuma blindagem. Esses esclarecimentos s\u00e3o bons para o deputado e para o senador\u201d, afirmou o relator.<\/p>\n<p>At\u00e9 o momento, h\u00e1 um requerimento formal de convoca\u00e7\u00e3o de Weverton Rocha, protocolado pelo deputado Kim Kataguiri (Uni\u00e3o Brasil-SP). O documento menciona que o senador teria recebido o Careca do INSS em seu gabinete. A CPMI dever\u00e1 votar, nas pr\u00f3ximas sess\u00f5es, os pedidos de convoca\u00e7\u00e3o de parlamentares e a amplia\u00e7\u00e3o das quebras de sigilo de pessoas investigadas no caso.<\/p>\n<p>Em nota, o senador afirmou estranhar a men\u00e7\u00e3o a seu nome e declarou n\u00e3o ser alvo de investiga\u00e7\u00e3o.<\/p>\n<blockquote>\n<p>\u201cAcho estranha essa men\u00e7\u00e3o, j\u00e1 que n\u00e3o sou investigado nem citado em nenhuma apura\u00e7\u00e3o. Na minha opini\u00e3o, o relator deve se concentrar em oferecer respostas concretas para combater as fraudes no INSS\u201d, rebateu Weverton.<\/p>\n<\/blockquote>\n<p>      <!-- Relacionada --><\/p>\n<p>            <!-- Relacionada -->\n    <\/div>\n","protected":false},"excerpt":{"rendered":"<p>Por EBC, O ex-diretor de Governan\u00e7a, Planejamento e Inova\u00e7\u00e3o do Instituto Nacional do Seguro Social (INSS), Alexandre Guimar\u00e3es, negou, nesta segunda-feira (27), ter mantido rela\u00e7\u00e3o com pol\u00edticos em sua trajet\u00f3ria profissional em \u00f3rg\u00e3os p\u00fablicos. Em depoimento \u00e0 Comiss\u00e3o Parlamentar Mista de Inqu\u00e9rito (CPMI) do INSS, Guimar\u00e3es afirmou que os cargos que ocupou foram obtidos por &hellip;<\/p>\n","protected":false},"author":1,"featured_media":0,"comment_status":"open","ping_status":"open","sticky":false,"template":"","format":"standard","meta":{"_jetpack_memberships_contains_paid_content":false,"footnotes":""},"categories":[2,12225,4],"tags":[],"class_list":["post-451388","post","type-post","status-publish","format-standard","hentry","category-entretenimento","category-noticias","category-servicos"],"yoast_head":"<!-- This site is optimized with the Yoast SEO plugin v27.5 - https:\/\/yoast.com\/product\/yoast-seo-wordpress\/ -->\n<title>Ex-diretor do INSS nega v\u00ednculo pol\u00edtico em depoimento \u00e0 CPI<\/title>\n<meta name=\"robots\" content=\"index, follow, max-snippet:-1, max-image-preview:large, max-video-preview:-1\" \/>\n<link rel=\"canonical\" href=\"https:\/\/mrnews.com.br\/index.php\/2025\/10\/27\/ex-diretor-do-inss-nega-vinculo-politico-em-depoimento-a-cpi\/\" \/>\n<meta property=\"og:locale\" content=\"pt_BR\" \/>\n<meta property=\"og:type\" content=\"article\" \/>\n<meta property=\"og:title\" content=\"Ex-diretor do INSS nega v\u00ednculo pol\u00edtico em depoimento \u00e0 CPI\" \/>\n<meta property=\"og:description\" content=\"Por EBC, O ex-diretor de Governan\u00e7a, Planejamento e Inova\u00e7\u00e3o do Instituto Nacional do Seguro Social (INSS), Alexandre Guimar\u00e3es, negou, nesta segunda-feira (27), ter mantido rela\u00e7\u00e3o com pol\u00edticos em sua trajet\u00f3ria profissional em \u00f3rg\u00e3os p\u00fablicos. Em depoimento \u00e0 Comiss\u00e3o Parlamentar Mista de Inqu\u00e9rito (CPMI) do INSS, Guimar\u00e3es afirmou que os cargos que ocupou foram obtidos por &hellip;\" \/>\n<meta property=\"og:url\" content=\"https:\/\/mrnews.com.br\/index.php\/2025\/10\/27\/ex-diretor-do-inss-nega-vinculo-politico-em-depoimento-a-cpi\/\" \/>\n<meta property=\"og:site_name\" content=\"MRNews\" \/>\n<meta property=\"article:publisher\" content=\"https:\/\/www.facebook.com\/eaipahpah\/?locale2=pt_BR\" \/>\n<meta property=\"article:published_time\" content=\"2025-10-28T00:11:13+00:00\" \/>\n<meta name=\"author\" content=\"MR News\" \/>\n<meta name=\"twitter:card\" content=\"summary_large_image\" \/>\n<meta name=\"twitter:creator\" content=\"@conspirou\" \/>\n<meta name=\"twitter:site\" content=\"@conspirou\" \/>\n<meta name=\"twitter:label1\" content=\"Escrito por\" \/>\n\t<meta name=\"twitter:data1\" content=\"MR News\" \/>\n\t<meta name=\"twitter:label2\" content=\"Est. tempo de leitura\" \/>\n\t<meta name=\"twitter:data2\" content=\"3 minutos\" \/>\n<script type=\"application\/ld+json\" class=\"yoast-schema-graph\">{\"@context\":\"https:\\\/\\\/schema.org\",\"@graph\":[{\"@type\":\"Article\",\"@id\":\"https:\\\/\\\/mrnews.com.br\\\/index.php\\\/2025\\\/10\\\/27\\\/ex-diretor-do-inss-nega-vinculo-politico-em-depoimento-a-cpi\\\/#article\",\"isPartOf\":{\"@id\":\"https:\\\/\\\/mrnews.com.br\\\/index.php\\\/2025\\\/10\\\/27\\\/ex-diretor-do-inss-nega-vinculo-politico-em-depoimento-a-cpi\\\/\"},\"author\":{\"name\":\"MR News\",\"@id\":\"https:\\\/\\\/mrnews.com.br\\\/#\\\/schema\\\/person\\\/be3203154562a9f207407861cef7827b\"},\"headline\":\"Ex-diretor do INSS nega v\u00ednculo pol\u00edtico em depoimento \u00e0 CPI\",\"datePublished\":\"2025-10-28T00:11:13+00:00\",\"mainEntityOfPage\":{\"@id\":\"https:\\\/\\\/mrnews.com.br\\\/index.php\\\/2025\\\/10\\\/27\\\/ex-diretor-do-inss-nega-vinculo-politico-em-depoimento-a-cpi\\\/\"},\"wordCount\":530,\"commentCount\":0,\"publisher\":{\"@id\":\"https:\\\/\\\/mrnews.com.br\\\/#organization\"},\"articleSection\":[\"ENTRETENIMENTO\",\"NOTICIAS\",\"SERVI\u00c7OS\"],\"inLanguage\":\"pt-BR\",\"potentialAction\":[{\"@type\":\"CommentAction\",\"name\":\"Comment\",\"target\":[\"https:\\\/\\\/mrnews.com.br\\\/index.php\\\/2025\\\/10\\\/27\\\/ex-diretor-do-inss-nega-vinculo-politico-em-depoimento-a-cpi\\\/#respond\"]}]},{\"@type\":\"WebPage\",\"@id\":\"https:\\\/\\\/mrnews.com.br\\\/index.php\\\/2025\\\/10\\\/27\\\/ex-diretor-do-inss-nega-vinculo-politico-em-depoimento-a-cpi\\\/\",\"url\":\"https:\\\/\\\/mrnews.com.br\\\/index.php\\\/2025\\\/10\\\/27\\\/ex-diretor-do-inss-nega-vinculo-politico-em-depoimento-a-cpi\\\/\",\"name\":\"Ex-diretor do INSS nega v\u00ednculo pol\u00edtico em depoimento \u00e0 CPI\",\"isPartOf\":{\"@id\":\"https:\\\/\\\/mrnews.com.br\\\/#website\"},\"datePublished\":\"2025-10-28T00:11:13+00:00\",\"breadcrumb\":{\"@id\":\"https:\\\/\\\/mrnews.com.br\\\/index.php\\\/2025\\\/10\\\/27\\\/ex-diretor-do-inss-nega-vinculo-politico-em-depoimento-a-cpi\\\/#breadcrumb\"},\"inLanguage\":\"pt-BR\",\"potentialAction\":[{\"@type\":\"ReadAction\",\"target\":[\"https:\\\/\\\/mrnews.com.br\\\/index.php\\\/2025\\\/10\\\/27\\\/ex-diretor-do-inss-nega-vinculo-politico-em-depoimento-a-cpi\\\/\"]}]},{\"@type\":\"BreadcrumbList\",\"@id\":\"https:\\\/\\\/mrnews.com.br\\\/index.php\\\/2025\\\/10\\\/27\\\/ex-diretor-do-inss-nega-vinculo-politico-em-depoimento-a-cpi\\\/#breadcrumb\",\"itemListElement\":[{\"@type\":\"ListItem\",\"position\":1,\"name\":\"In\u00edcio\",\"item\":\"https:\\\/\\\/mrnews.com.br\\\/\"},{\"@type\":\"ListItem\",\"position\":2,\"name\":\"Ex-diretor do INSS nega v\u00ednculo pol\u00edtico em depoimento \u00e0 CPI\"}]},{\"@type\":\"WebSite\",\"@id\":\"https:\\\/\\\/mrnews.com.br\\\/#website\",\"url\":\"https:\\\/\\\/mrnews.com.br\\\/\",\"name\":\"MRNews\",\"description\":\"MRNews Jogos de hoje da TV, transmiss\u00f5es ao vivo, Not\u00edcias de futebol, Jogos ao vivo, Lives, resumo de novelas, Programa\u00e7\u00e3o da Globo, A Fazenda e BBB\",\"publisher\":{\"@id\":\"https:\\\/\\\/mrnews.com.br\\\/#organization\"},\"potentialAction\":[{\"@type\":\"SearchAction\",\"target\":{\"@type\":\"EntryPoint\",\"urlTemplate\":\"https:\\\/\\\/mrnews.com.br\\\/?s={search_term_string}\"},\"query-input\":{\"@type\":\"PropertyValueSpecification\",\"valueRequired\":true,\"valueName\":\"search_term_string\"}}],\"inLanguage\":\"pt-BR\"},{\"@type\":\"Organization\",\"@id\":\"https:\\\/\\\/mrnews.com.br\\\/#organization\",\"name\":\"MRNews\",\"url\":\"https:\\\/\\\/mrnews.com.br\\\/\",\"logo\":{\"@type\":\"ImageObject\",\"inLanguage\":\"pt-BR\",\"@id\":\"https:\\\/\\\/mrnews.com.br\\\/#\\\/schema\\\/logo\\\/image\\\/\",\"url\":\"https:\\\/\\\/mrnews.com.br\\\/wp-content\\\/uploads\\\/2019\\\/06\\\/MRNewslogo2.png\",\"contentUrl\":\"https:\\\/\\\/mrnews.com.br\\\/wp-content\\\/uploads\\\/2019\\\/06\\\/MRNewslogo2.png\",\"width\":223,\"height\":58,\"caption\":\"MRNews\"},\"image\":{\"@id\":\"https:\\\/\\\/mrnews.com.br\\\/#\\\/schema\\\/logo\\\/image\\\/\"},\"sameAs\":[\"https:\\\/\\\/www.facebook.com\\\/eaipahpah\\\/?locale2=pt_BR\",\"https:\\\/\\\/x.com\\\/conspirou\",\"https:\\\/\\\/www.instagram.com\\\/eai_pahpah\",\"https:\\\/\\\/br.pinterest.com\\\/mrnewsn\\\/boards\\\/\",\"https:\\\/\\\/www.youtube.com\\\/channel\\\/UCacgnpznQ61fifLWr1tQ-vA?view_as=subscriber\"]},{\"@type\":\"Person\",\"@id\":\"https:\\\/\\\/mrnews.com.br\\\/#\\\/schema\\\/person\\\/be3203154562a9f207407861cef7827b\",\"name\":\"MR News\",\"image\":{\"@type\":\"ImageObject\",\"inLanguage\":\"pt-BR\",\"@id\":\"https:\\\/\\\/secure.gravatar.com\\\/avatar\\\/04084e6d73c042b8646e7c17b494073bf0ede3ea13c7105cfc45cbbbc28385a4?s=96&d=monsterid&r=g\",\"url\":\"https:\\\/\\\/secure.gravatar.com\\\/avatar\\\/04084e6d73c042b8646e7c17b494073bf0ede3ea13c7105cfc45cbbbc28385a4?s=96&d=monsterid&r=g\",\"contentUrl\":\"https:\\\/\\\/secure.gravatar.com\\\/avatar\\\/04084e6d73c042b8646e7c17b494073bf0ede3ea13c7105cfc45cbbbc28385a4?s=96&d=monsterid&r=g\",\"caption\":\"MR News\"},\"description\":\"Especializado em jornalismo colaborativo pela FTP em n\u00edvel de p\u00f3s-gradua\u00e7\u00e3o. suporte@oimeliga.combr\",\"sameAs\":[\"HUGO R.\",\"Admin\"],\"url\":\"https:\\\/\\\/mrnews.com.br\\\/index.php\\\/author\\\/admin\\\/\"}]}<\/script>\n<!-- \/ Yoast SEO plugin. -->","yoast_head_json":{"title":"Ex-diretor do INSS nega v\u00ednculo pol\u00edtico em depoimento \u00e0 CPI","robots":{"index":"index","follow":"follow","max-snippet":"max-snippet:-1","max-image-preview":"max-image-preview:large","max-video-preview":"max-video-preview:-1"},"canonical":"https:\/\/mrnews.com.br\/index.php\/2025\/10\/27\/ex-diretor-do-inss-nega-vinculo-politico-em-depoimento-a-cpi\/","og_locale":"pt_BR","og_type":"article","og_title":"Ex-diretor do INSS nega v\u00ednculo pol\u00edtico em depoimento \u00e0 CPI","og_description":"Por EBC, O ex-diretor de Governan\u00e7a, Planejamento e Inova\u00e7\u00e3o do Instituto Nacional do Seguro Social (INSS), Alexandre Guimar\u00e3es, negou, nesta segunda-feira (27), ter mantido rela\u00e7\u00e3o com pol\u00edticos em sua trajet\u00f3ria profissional em \u00f3rg\u00e3os p\u00fablicos. Em depoimento \u00e0 Comiss\u00e3o Parlamentar Mista de Inqu\u00e9rito (CPMI) do INSS, Guimar\u00e3es afirmou que os cargos que ocupou foram obtidos por &hellip;","og_url":"https:\/\/mrnews.com.br\/index.php\/2025\/10\/27\/ex-diretor-do-inss-nega-vinculo-politico-em-depoimento-a-cpi\/","og_site_name":"MRNews","article_publisher":"https:\/\/www.facebook.com\/eaipahpah\/?locale2=pt_BR","article_published_time":"2025-10-28T00:11:13+00:00","author":"MR News","twitter_card":"summary_large_image","twitter_creator":"@conspirou","twitter_site":"@conspirou","twitter_misc":{"Escrito por":"MR News","Est. tempo de leitura":"3 minutos"},"schema":{"@context":"https:\/\/schema.org","@graph":[{"@type":"Article","@id":"https:\/\/mrnews.com.br\/index.php\/2025\/10\/27\/ex-diretor-do-inss-nega-vinculo-politico-em-depoimento-a-cpi\/#article","isPartOf":{"@id":"https:\/\/mrnews.com.br\/index.php\/2025\/10\/27\/ex-diretor-do-inss-nega-vinculo-politico-em-depoimento-a-cpi\/"},"author":{"name":"MR News","@id":"https:\/\/mrnews.com.br\/#\/schema\/person\/be3203154562a9f207407861cef7827b"},"headline":"Ex-diretor do INSS nega v\u00ednculo pol\u00edtico em depoimento \u00e0 CPI","datePublished":"2025-10-28T00:11:13+00:00","mainEntityOfPage":{"@id":"https:\/\/mrnews.com.br\/index.php\/2025\/10\/27\/ex-diretor-do-inss-nega-vinculo-politico-em-depoimento-a-cpi\/"},"wordCount":530,"commentCount":0,"publisher":{"@id":"https:\/\/mrnews.com.br\/#organization"},"articleSection":["ENTRETENIMENTO","NOTICIAS","SERVI\u00c7OS"],"inLanguage":"pt-BR","potentialAction":[{"@type":"CommentAction","name":"Comment","target":["https:\/\/mrnews.com.br\/index.php\/2025\/10\/27\/ex-diretor-do-inss-nega-vinculo-politico-em-depoimento-a-cpi\/#respond"]}]},{"@type":"WebPage","@id":"https:\/\/mrnews.com.br\/index.php\/2025\/10\/27\/ex-diretor-do-inss-nega-vinculo-politico-em-depoimento-a-cpi\/","url":"https:\/\/mrnews.com.br\/index.php\/2025\/10\/27\/ex-diretor-do-inss-nega-vinculo-politico-em-depoimento-a-cpi\/","name":"Ex-diretor do INSS nega v\u00ednculo pol\u00edtico em depoimento \u00e0 CPI","isPartOf":{"@id":"https:\/\/mrnews.com.br\/#website"},"datePublished":"2025-10-28T00:11:13+00:00","breadcrumb":{"@id":"https:\/\/mrnews.com.br\/index.php\/2025\/10\/27\/ex-diretor-do-inss-nega-vinculo-politico-em-depoimento-a-cpi\/#breadcrumb"},"inLanguage":"pt-BR","potentialAction":[{"@type":"ReadAction","target":["https:\/\/mrnews.com.br\/index.php\/2025\/10\/27\/ex-diretor-do-inss-nega-vinculo-politico-em-depoimento-a-cpi\/"]}]},{"@type":"BreadcrumbList","@id":"https:\/\/mrnews.com.br\/index.php\/2025\/10\/27\/ex-diretor-do-inss-nega-vinculo-politico-em-depoimento-a-cpi\/#breadcrumb","itemListElement":[{"@type":"ListItem","position":1,"name":"In\u00edcio","item":"https:\/\/mrnews.com.br\/"},{"@type":"ListItem","position":2,"name":"Ex-diretor do INSS nega v\u00ednculo pol\u00edtico em depoimento \u00e0 CPI"}]},{"@type":"WebSite","@id":"https:\/\/mrnews.com.br\/#website","url":"https:\/\/mrnews.com.br\/","name":"MRNews","description":"MRNews Jogos de hoje da TV, transmiss\u00f5es ao vivo, Not\u00edcias de futebol, Jogos ao vivo, Lives, resumo de novelas, Programa\u00e7\u00e3o da Globo, A Fazenda e BBB","publisher":{"@id":"https:\/\/mrnews.com.br\/#organization"},"potentialAction":[{"@type":"SearchAction","target":{"@type":"EntryPoint","urlTemplate":"https:\/\/mrnews.com.br\/?s={search_term_string}"},"query-input":{"@type":"PropertyValueSpecification","valueRequired":true,"valueName":"search_term_string"}}],"inLanguage":"pt-BR"},{"@type":"Organization","@id":"https:\/\/mrnews.com.br\/#organization","name":"MRNews","url":"https:\/\/mrnews.com.br\/","logo":{"@type":"ImageObject","inLanguage":"pt-BR","@id":"https:\/\/mrnews.com.br\/#\/schema\/logo\/image\/","url":"https:\/\/mrnews.com.br\/wp-content\/uploads\/2019\/06\/MRNewslogo2.png","contentUrl":"https:\/\/mrnews.com.br\/wp-content\/uploads\/2019\/06\/MRNewslogo2.png","width":223,"height":58,"caption":"MRNews"},"image":{"@id":"https:\/\/mrnews.com.br\/#\/schema\/logo\/image\/"},"sameAs":["https:\/\/www.facebook.com\/eaipahpah\/?locale2=pt_BR","https:\/\/x.com\/conspirou","https:\/\/www.instagram.com\/eai_pahpah","https:\/\/br.pinterest.com\/mrnewsn\/boards\/","https:\/\/www.youtube.com\/channel\/UCacgnpznQ61fifLWr1tQ-vA?view_as=subscriber"]},{"@type":"Person","@id":"https:\/\/mrnews.com.br\/#\/schema\/person\/be3203154562a9f207407861cef7827b","name":"MR News","image":{"@type":"ImageObject","inLanguage":"pt-BR","@id":"https:\/\/secure.gravatar.com\/avatar\/04084e6d73c042b8646e7c17b494073bf0ede3ea13c7105cfc45cbbbc28385a4?s=96&d=monsterid&r=g","url":"https:\/\/secure.gravatar.com\/avatar\/04084e6d73c042b8646e7c17b494073bf0ede3ea13c7105cfc45cbbbc28385a4?s=96&d=monsterid&r=g","contentUrl":"https:\/\/secure.gravatar.com\/avatar\/04084e6d73c042b8646e7c17b494073bf0ede3ea13c7105cfc45cbbbc28385a4?s=96&d=monsterid&r=g","caption":"MR News"},"description":"Especializado em jornalismo colaborativo pela FTP em n\u00edvel de p\u00f3s-gradua\u00e7\u00e3o. suporte@oimeliga.combr","sameAs":["HUGO R.","Admin"],"url":"https:\/\/mrnews.com.br\/index.php\/author\/admin\/"}]}},"jetpack_featured_media_url":"","jetpack_sharing_enabled":true,"jetpack_shortlink":"https:\/\/wp.me\/pa2Qf7-1Tqs","amp_enabled":true,"_links":{"self":[{"href":"https:\/\/mrnews.com.br\/index.php\/wp-json\/wp\/v2\/posts\/451388","targetHints":{"allow":["GET"]}}],"collection":[{"href":"https:\/\/mrnews.com.br\/index.php\/wp-json\/wp\/v2\/posts"}],"about":[{"href":"https:\/\/mrnews.com.br\/index.php\/wp-json\/wp\/v2\/types\/post"}],"author":[{"embeddable":true,"href":"https:\/\/mrnews.com.br\/index.php\/wp-json\/wp\/v2\/users\/1"}],"replies":[{"embeddable":true,"href":"https:\/\/mrnews.com.br\/index.php\/wp-json\/wp\/v2\/comments?post=451388"}],"version-history":[{"count":0,"href":"https:\/\/mrnews.com.br\/index.php\/wp-json\/wp\/v2\/posts\/451388\/revisions"}],"wp:attachment":[{"href":"https:\/\/mrnews.com.br\/index.php\/wp-json\/wp\/v2\/media?parent=451388"}],"wp:term":[{"taxonomy":"category","embeddable":true,"href":"https:\/\/mrnews.com.br\/index.php\/wp-json\/wp\/v2\/categories?post=451388"},{"taxonomy":"post_tag","embeddable":true,"href":"https:\/\/mrnews.com.br\/index.php\/wp-json\/wp\/v2\/tags?post=451388"}],"curies":[{"name":"wp","href":"https:\/\/api.w.org\/{rel}","templated":true}]}}