{"id":451404,"date":"2025-10-28T09:47:12","date_gmt":"2025-10-28T12:47:12","guid":{"rendered":"https:\/\/mrnews.com.br\/index.php\/2025\/10\/28\/exposicao-imersiva-revela-memoria-do-povo-mura-originario-da-amazonia\/"},"modified":"2025-10-28T09:47:12","modified_gmt":"2025-10-28T12:47:12","slug":"exposicao-imersiva-revela-memoria-do-povo-mura-originario-da-amazonia","status":"publish","type":"post","link":"https:\/\/mrnews.com.br\/index.php\/2025\/10\/28\/exposicao-imersiva-revela-memoria-do-povo-mura-originario-da-amazonia\/","title":{"rendered":"Exposi\u00e7\u00e3o imersiva revela mem\u00f3ria do povo Mura, origin\u00e1rio da Amaz\u00f4nia"},"content":{"rendered":"<p>Por EBC, <\/p>\n<div>\n<p>A exposi\u00e7\u00e3o &#8220;Amaz\u00f4nia Imersiva: narrativas ind\u00edgens&#8221;, aberta\u00a0nessa segunda-feira (27)\u00a0no Centro de Realidade Estendida da Pontif\u00edcia Universidade Cat\u00f3lica do Paran\u00e1 (PUCPR), mostra\u00a0a hist\u00f3ria e viv\u00eancias do povo ind\u00edgena Mura, origin\u00e1rio da Amaz\u00f4nia. O projeto \u00e9 gratuito e foi idealizado por Humberto Salgueiro, ex-aluno da Pontif\u00edcia Universidade Cat\u00f3lica do Paran\u00e1 (PUCPR), com cria\u00e7\u00e3o dos <em>alumnis<\/em>\u00a0da institui\u00e7\u00e3o de ensino, os m\u00fasicos e irm\u00e3os Darlison e Lucas Meireles, descendentes do povo Mura que vivem no norte do Paran\u00e1.<\/p>\n<p><strong>A exposi\u00e7\u00e3o poder\u00e1 ser visitada at\u00e9 o dia 11 de novembro.<\/strong><\/p>\n<blockquote>\n<p>\u201cA gente uniu esse interc\u00e2mbio cultural de trazer l\u00e1 do norte do estado a hist\u00f3ria do povo Mura, aqui para Curitiba\u201d, disse Salgueiro \u00e0 <strong>Ag\u00eancia Brasil<\/strong>. \u201cA gente tem sess\u00f5es o dia inteiro, das 9h \u00e0s 21h\u201d.<\/p>\n<\/blockquote>\n<p><strong>Quem quiser participar dessa experi\u00eancia deve acessar o<em> site<\/em> oficial do evento e agendar a data e o hor\u00e1rio da sess\u00e3o. A classifica\u00e7\u00e3o et\u00e1ria \u00e9 livre.<\/strong><\/p>\n<div class=\"dnd-widget-wrapper context-cheio_8colunas type-image\">\n<div class=\"dnd-atom-rendered\"><!-- scald=442082:cheio_8colunas --><\/p>\n<p>    <!-- END scald=442082 --><\/div>\n<div class=\"dnd-caption-wrapper\">\n<p>Exposi\u00e7\u00e3o Amaz\u00f4nia Imersiva &#8211;\u00a0Foto\u00a0<strong>Humberto Salgueiro\/Divulga\u00e7\u00e3o<\/strong><!--END copyright=442082--><\/p>\n<\/div>\n<\/div>\n<p>A realiza\u00e7\u00e3o \u00e9 da produtora Click Arte Cultura e Educativos e do coletivo Puxirum, que significa trabalho coletivo, na l\u00edngua Mura.<\/p>\n<blockquote>\n<p>\u201cO nome Puxirum que a gente traz no projeto \u00e9 sobre um mutir\u00e3o, um coletivo. A gente traz essa hist\u00f3ria, passada de gera\u00e7\u00f5es a gera\u00e7\u00f5es, porque \u00e9 uma heran\u00e7a do povo Mura\u201d. O projeto foi viabilizado por meio da Lei Aldir Blanc de Incentivo \u00e0 Cultura. \u2018\u00c9 um projeto financiado pelo estado do Paran\u00e1\u201d.<\/p>\n<\/blockquote>\n<h2>Tecnologia imersiva<\/h2>\n<p><strong>A exposi\u00e7\u00e3o re\u00fane a tecnologia imersiva junto com os conhecimentos dos irm\u00e3os Meireles, proje\u00e7\u00e3o 360\u00ba, cenografia e ilumina\u00e7\u00e3o especiais \u201ce tamb\u00e9m cheiros da floresta\u201d, destacou Humberto Salgueiro.<\/strong><\/p>\n<blockquote>\n<p>\u201cEnt\u00e3o, a gente trouxe essa experi\u00eancia sensorial de v\u00e1rias formas\u201d. A ilumina\u00e7\u00e3o interage com o som. \u201cA gente monta a floresta, tem a cenografia das plantas. A ilumina\u00e7\u00e3o come\u00e7a diurna\u201d.<\/p>\n<\/blockquote>\n<p><strong>Com isso, os sons v\u00eam do teto, das paredes; ouvem-se cantos de p\u00e1ssaros e sons de animais diurnos. De repente, com o entardecer e a noite, os sons mudam. Aparecem grilos, animais noturnos.<\/strong><\/p>\n<p>\u201cA gente trouxe essa experi\u00eancia para as pessoas verem e sentirem um ambiente bem diferente do que est\u00e3o acostumadas\u201d. A mostra aborda tamb\u00e9m a chegada dos europeus \u00e0 Amaz\u00f4nia, o que ocorre com os Mura, e a dispers\u00e3o desse povo.<\/p>\n<p><strong>Os idealizadores pretendem levar a exposi\u00e7\u00e3o sobre o povo Mura para outras regi\u00f5es do Paran\u00e1, em primeiro lugar, e tamb\u00e9m para outros locais do Brasil.<\/strong> \u201cAcho que esse projeto pode expandir e trazer mais culturas para dentro dele\u201d. Salgueiro acredita que a ajuda da tecnologia pode facilitar muito o conhecimento sobre os povos origin\u00e1rios da Amaz\u00f4nia. \u201c\u00c0s vezes, fica muito mais atrativo as pessoas quererem participar de uma atra\u00e7\u00e3o imersiva e conhecer esses povos origin\u00e1rios, ribeirinhos, essa cultura que o nosso Brasil tem. \u00c9 importante valorizar a cultura brasileira\u201d.<\/p>\n<div class=\"dnd-widget-wrapper context-cheio_8colunas type-image\">\n<div class=\"dnd-atom-rendered\"><!-- scald=442083:cheio_8colunas --><\/p>\n<p>    <!-- END scald=442083 --><\/div>\n<div class=\"dnd-caption-wrapper\">\n<p>Exposi\u00e7\u00e3o Amaz\u00f4nia Imersiva mostra hist\u00f3ria do povo Mura, da Amaz\u00f4nia. Foto\u00a0<strong>Humberto Salgueiro\/Divulga\u00e7\u00e3o<\/strong><!--END copyright=442083--><\/p>\n<\/div>\n<\/div>\n<p><strong>O povo Mura ainda vive na Amaz\u00f4nia, em especial na localidade de Autazes, no estado do Amazonas, pr\u00f3ximo ao Rio Madeira<\/strong>. A exposi\u00e7\u00e3o tem o objetivo\u00a0ainda de ser um instrumento de educa\u00e7\u00e3o ambiental e valoriza\u00e7\u00e3o da cultura ind\u00edgena. Na abertura da exposi\u00e7\u00e3o,\u00a0estudantes de escolas p\u00fablicas ficaram entusiasmados com o cheiro dos ambientes, das plantas, e puderam conhecer ao vivo alguns elementos da natureza, como a \u00e1rvore Pau-brasil, s\u00edmbolo do pa\u00eds.\u00a0<\/p>\n<p>      <!-- Relacionada --><\/p>\n<p>            <!-- Relacionada -->\n    <\/div>\n","protected":false},"excerpt":{"rendered":"<p>Por EBC, A exposi\u00e7\u00e3o &#8220;Amaz\u00f4nia Imersiva: narrativas ind\u00edgens&#8221;, aberta\u00a0nessa segunda-feira (27)\u00a0no Centro de Realidade Estendida da Pontif\u00edcia Universidade Cat\u00f3lica do Paran\u00e1 (PUCPR), mostra\u00a0a hist\u00f3ria e viv\u00eancias do povo ind\u00edgena Mura, origin\u00e1rio da Amaz\u00f4nia. O projeto \u00e9 gratuito e foi idealizado por Humberto Salgueiro, ex-aluno da Pontif\u00edcia Universidade Cat\u00f3lica do Paran\u00e1 (PUCPR), com cria\u00e7\u00e3o dos alumnis\u00a0da &hellip;<\/p>\n","protected":false},"author":1,"featured_media":0,"comment_status":"open","ping_status":"open","sticky":false,"template":"","format":"standard","meta":{"_jetpack_memberships_contains_paid_content":false,"footnotes":""},"categories":[2,12225,4],"tags":[],"class_list":["post-451404","post","type-post","status-publish","format-standard","hentry","category-entretenimento","category-noticias","category-servicos"],"yoast_head":"<!-- This site is optimized with the Yoast SEO plugin v27.5 - https:\/\/yoast.com\/product\/yoast-seo-wordpress\/ -->\n<title>Exposi\u00e7\u00e3o imersiva revela mem\u00f3ria do povo Mura, origin\u00e1rio da Amaz\u00f4nia<\/title>\n<meta name=\"robots\" content=\"index, follow, max-snippet:-1, max-image-preview:large, max-video-preview:-1\" \/>\n<link rel=\"canonical\" href=\"https:\/\/mrnews.com.br\/index.php\/2025\/10\/28\/exposicao-imersiva-revela-memoria-do-povo-mura-originario-da-amazonia\/\" \/>\n<meta property=\"og:locale\" content=\"pt_BR\" \/>\n<meta property=\"og:type\" content=\"article\" \/>\n<meta property=\"og:title\" content=\"Exposi\u00e7\u00e3o imersiva revela mem\u00f3ria do povo Mura, origin\u00e1rio da Amaz\u00f4nia\" \/>\n<meta property=\"og:description\" content=\"Por EBC, A exposi\u00e7\u00e3o &#8220;Amaz\u00f4nia Imersiva: narrativas ind\u00edgens&#8221;, aberta\u00a0nessa segunda-feira (27)\u00a0no Centro de Realidade Estendida da Pontif\u00edcia Universidade Cat\u00f3lica do Paran\u00e1 (PUCPR), mostra\u00a0a hist\u00f3ria e viv\u00eancias do povo ind\u00edgena Mura, origin\u00e1rio da Amaz\u00f4nia. O projeto \u00e9 gratuito e foi idealizado por Humberto Salgueiro, ex-aluno da Pontif\u00edcia Universidade Cat\u00f3lica do Paran\u00e1 (PUCPR), com cria\u00e7\u00e3o dos alumnis\u00a0da &hellip;\" \/>\n<meta property=\"og:url\" content=\"https:\/\/mrnews.com.br\/index.php\/2025\/10\/28\/exposicao-imersiva-revela-memoria-do-povo-mura-originario-da-amazonia\/\" \/>\n<meta property=\"og:site_name\" content=\"MRNews\" \/>\n<meta property=\"article:publisher\" content=\"https:\/\/www.facebook.com\/eaipahpah\/?locale2=pt_BR\" \/>\n<meta property=\"article:published_time\" content=\"2025-10-28T12:47:12+00:00\" \/>\n<meta name=\"author\" content=\"MR News\" \/>\n<meta name=\"twitter:card\" content=\"summary_large_image\" \/>\n<meta name=\"twitter:creator\" content=\"@conspirou\" \/>\n<meta name=\"twitter:site\" content=\"@conspirou\" \/>\n<meta name=\"twitter:label1\" content=\"Escrito por\" \/>\n\t<meta name=\"twitter:data1\" content=\"MR News\" \/>\n\t<meta name=\"twitter:label2\" content=\"Est. tempo de leitura\" \/>\n\t<meta name=\"twitter:data2\" content=\"3 minutos\" \/>\n<script type=\"application\/ld+json\" class=\"yoast-schema-graph\">{\"@context\":\"https:\\\/\\\/schema.org\",\"@graph\":[{\"@type\":\"Article\",\"@id\":\"https:\\\/\\\/mrnews.com.br\\\/index.php\\\/2025\\\/10\\\/28\\\/exposicao-imersiva-revela-memoria-do-povo-mura-originario-da-amazonia\\\/#article\",\"isPartOf\":{\"@id\":\"https:\\\/\\\/mrnews.com.br\\\/index.php\\\/2025\\\/10\\\/28\\\/exposicao-imersiva-revela-memoria-do-povo-mura-originario-da-amazonia\\\/\"},\"author\":{\"name\":\"MR News\",\"@id\":\"https:\\\/\\\/mrnews.com.br\\\/#\\\/schema\\\/person\\\/be3203154562a9f207407861cef7827b\"},\"headline\":\"Exposi\u00e7\u00e3o imersiva revela mem\u00f3ria do povo Mura, origin\u00e1rio da Amaz\u00f4nia\",\"datePublished\":\"2025-10-28T12:47:12+00:00\",\"mainEntityOfPage\":{\"@id\":\"https:\\\/\\\/mrnews.com.br\\\/index.php\\\/2025\\\/10\\\/28\\\/exposicao-imersiva-revela-memoria-do-povo-mura-originario-da-amazonia\\\/\"},\"wordCount\":622,\"commentCount\":0,\"publisher\":{\"@id\":\"https:\\\/\\\/mrnews.com.br\\\/#organization\"},\"articleSection\":[\"ENTRETENIMENTO\",\"NOTICIAS\",\"SERVI\u00c7OS\"],\"inLanguage\":\"pt-BR\",\"potentialAction\":[{\"@type\":\"CommentAction\",\"name\":\"Comment\",\"target\":[\"https:\\\/\\\/mrnews.com.br\\\/index.php\\\/2025\\\/10\\\/28\\\/exposicao-imersiva-revela-memoria-do-povo-mura-originario-da-amazonia\\\/#respond\"]}]},{\"@type\":\"WebPage\",\"@id\":\"https:\\\/\\\/mrnews.com.br\\\/index.php\\\/2025\\\/10\\\/28\\\/exposicao-imersiva-revela-memoria-do-povo-mura-originario-da-amazonia\\\/\",\"url\":\"https:\\\/\\\/mrnews.com.br\\\/index.php\\\/2025\\\/10\\\/28\\\/exposicao-imersiva-revela-memoria-do-povo-mura-originario-da-amazonia\\\/\",\"name\":\"Exposi\u00e7\u00e3o imersiva revela mem\u00f3ria do povo Mura, origin\u00e1rio da Amaz\u00f4nia\",\"isPartOf\":{\"@id\":\"https:\\\/\\\/mrnews.com.br\\\/#website\"},\"datePublished\":\"2025-10-28T12:47:12+00:00\",\"breadcrumb\":{\"@id\":\"https:\\\/\\\/mrnews.com.br\\\/index.php\\\/2025\\\/10\\\/28\\\/exposicao-imersiva-revela-memoria-do-povo-mura-originario-da-amazonia\\\/#breadcrumb\"},\"inLanguage\":\"pt-BR\",\"potentialAction\":[{\"@type\":\"ReadAction\",\"target\":[\"https:\\\/\\\/mrnews.com.br\\\/index.php\\\/2025\\\/10\\\/28\\\/exposicao-imersiva-revela-memoria-do-povo-mura-originario-da-amazonia\\\/\"]}]},{\"@type\":\"BreadcrumbList\",\"@id\":\"https:\\\/\\\/mrnews.com.br\\\/index.php\\\/2025\\\/10\\\/28\\\/exposicao-imersiva-revela-memoria-do-povo-mura-originario-da-amazonia\\\/#breadcrumb\",\"itemListElement\":[{\"@type\":\"ListItem\",\"position\":1,\"name\":\"In\u00edcio\",\"item\":\"https:\\\/\\\/mrnews.com.br\\\/\"},{\"@type\":\"ListItem\",\"position\":2,\"name\":\"Exposi\u00e7\u00e3o imersiva revela mem\u00f3ria do povo Mura, origin\u00e1rio da Amaz\u00f4nia\"}]},{\"@type\":\"WebSite\",\"@id\":\"https:\\\/\\\/mrnews.com.br\\\/#website\",\"url\":\"https:\\\/\\\/mrnews.com.br\\\/\",\"name\":\"MRNews\",\"description\":\"MRNews Jogos de hoje da TV, transmiss\u00f5es ao vivo, Not\u00edcias de futebol, Jogos ao vivo, Lives, resumo de novelas, Programa\u00e7\u00e3o da Globo, A Fazenda e BBB\",\"publisher\":{\"@id\":\"https:\\\/\\\/mrnews.com.br\\\/#organization\"},\"potentialAction\":[{\"@type\":\"SearchAction\",\"target\":{\"@type\":\"EntryPoint\",\"urlTemplate\":\"https:\\\/\\\/mrnews.com.br\\\/?s={search_term_string}\"},\"query-input\":{\"@type\":\"PropertyValueSpecification\",\"valueRequired\":true,\"valueName\":\"search_term_string\"}}],\"inLanguage\":\"pt-BR\"},{\"@type\":\"Organization\",\"@id\":\"https:\\\/\\\/mrnews.com.br\\\/#organization\",\"name\":\"MRNews\",\"url\":\"https:\\\/\\\/mrnews.com.br\\\/\",\"logo\":{\"@type\":\"ImageObject\",\"inLanguage\":\"pt-BR\",\"@id\":\"https:\\\/\\\/mrnews.com.br\\\/#\\\/schema\\\/logo\\\/image\\\/\",\"url\":\"https:\\\/\\\/mrnews.com.br\\\/wp-content\\\/uploads\\\/2019\\\/06\\\/MRNewslogo2.png\",\"contentUrl\":\"https:\\\/\\\/mrnews.com.br\\\/wp-content\\\/uploads\\\/2019\\\/06\\\/MRNewslogo2.png\",\"width\":223,\"height\":58,\"caption\":\"MRNews\"},\"image\":{\"@id\":\"https:\\\/\\\/mrnews.com.br\\\/#\\\/schema\\\/logo\\\/image\\\/\"},\"sameAs\":[\"https:\\\/\\\/www.facebook.com\\\/eaipahpah\\\/?locale2=pt_BR\",\"https:\\\/\\\/x.com\\\/conspirou\",\"https:\\\/\\\/www.instagram.com\\\/eai_pahpah\",\"https:\\\/\\\/br.pinterest.com\\\/mrnewsn\\\/boards\\\/\",\"https:\\\/\\\/www.youtube.com\\\/channel\\\/UCacgnpznQ61fifLWr1tQ-vA?view_as=subscriber\"]},{\"@type\":\"Person\",\"@id\":\"https:\\\/\\\/mrnews.com.br\\\/#\\\/schema\\\/person\\\/be3203154562a9f207407861cef7827b\",\"name\":\"MR News\",\"image\":{\"@type\":\"ImageObject\",\"inLanguage\":\"pt-BR\",\"@id\":\"https:\\\/\\\/secure.gravatar.com\\\/avatar\\\/04084e6d73c042b8646e7c17b494073bf0ede3ea13c7105cfc45cbbbc28385a4?s=96&d=monsterid&r=g\",\"url\":\"https:\\\/\\\/secure.gravatar.com\\\/avatar\\\/04084e6d73c042b8646e7c17b494073bf0ede3ea13c7105cfc45cbbbc28385a4?s=96&d=monsterid&r=g\",\"contentUrl\":\"https:\\\/\\\/secure.gravatar.com\\\/avatar\\\/04084e6d73c042b8646e7c17b494073bf0ede3ea13c7105cfc45cbbbc28385a4?s=96&d=monsterid&r=g\",\"caption\":\"MR News\"},\"description\":\"Especializado em jornalismo colaborativo pela FTP em n\u00edvel de p\u00f3s-gradua\u00e7\u00e3o. suporte@oimeliga.combr\",\"sameAs\":[\"HUGO R.\",\"Admin\"],\"url\":\"https:\\\/\\\/mrnews.com.br\\\/index.php\\\/author\\\/admin\\\/\"}]}<\/script>\n<!-- \/ Yoast SEO plugin. -->","yoast_head_json":{"title":"Exposi\u00e7\u00e3o imersiva revela mem\u00f3ria do povo Mura, origin\u00e1rio da Amaz\u00f4nia","robots":{"index":"index","follow":"follow","max-snippet":"max-snippet:-1","max-image-preview":"max-image-preview:large","max-video-preview":"max-video-preview:-1"},"canonical":"https:\/\/mrnews.com.br\/index.php\/2025\/10\/28\/exposicao-imersiva-revela-memoria-do-povo-mura-originario-da-amazonia\/","og_locale":"pt_BR","og_type":"article","og_title":"Exposi\u00e7\u00e3o imersiva revela mem\u00f3ria do povo Mura, origin\u00e1rio da Amaz\u00f4nia","og_description":"Por EBC, A exposi\u00e7\u00e3o &#8220;Amaz\u00f4nia Imersiva: narrativas ind\u00edgens&#8221;, aberta\u00a0nessa segunda-feira (27)\u00a0no Centro de Realidade Estendida da Pontif\u00edcia Universidade Cat\u00f3lica do Paran\u00e1 (PUCPR), mostra\u00a0a hist\u00f3ria e viv\u00eancias do povo ind\u00edgena Mura, origin\u00e1rio da Amaz\u00f4nia. O projeto \u00e9 gratuito e foi idealizado por Humberto Salgueiro, ex-aluno da Pontif\u00edcia Universidade Cat\u00f3lica do Paran\u00e1 (PUCPR), com cria\u00e7\u00e3o dos alumnis\u00a0da &hellip;","og_url":"https:\/\/mrnews.com.br\/index.php\/2025\/10\/28\/exposicao-imersiva-revela-memoria-do-povo-mura-originario-da-amazonia\/","og_site_name":"MRNews","article_publisher":"https:\/\/www.facebook.com\/eaipahpah\/?locale2=pt_BR","article_published_time":"2025-10-28T12:47:12+00:00","author":"MR News","twitter_card":"summary_large_image","twitter_creator":"@conspirou","twitter_site":"@conspirou","twitter_misc":{"Escrito por":"MR News","Est. tempo de leitura":"3 minutos"},"schema":{"@context":"https:\/\/schema.org","@graph":[{"@type":"Article","@id":"https:\/\/mrnews.com.br\/index.php\/2025\/10\/28\/exposicao-imersiva-revela-memoria-do-povo-mura-originario-da-amazonia\/#article","isPartOf":{"@id":"https:\/\/mrnews.com.br\/index.php\/2025\/10\/28\/exposicao-imersiva-revela-memoria-do-povo-mura-originario-da-amazonia\/"},"author":{"name":"MR News","@id":"https:\/\/mrnews.com.br\/#\/schema\/person\/be3203154562a9f207407861cef7827b"},"headline":"Exposi\u00e7\u00e3o imersiva revela mem\u00f3ria do povo Mura, origin\u00e1rio da Amaz\u00f4nia","datePublished":"2025-10-28T12:47:12+00:00","mainEntityOfPage":{"@id":"https:\/\/mrnews.com.br\/index.php\/2025\/10\/28\/exposicao-imersiva-revela-memoria-do-povo-mura-originario-da-amazonia\/"},"wordCount":622,"commentCount":0,"publisher":{"@id":"https:\/\/mrnews.com.br\/#organization"},"articleSection":["ENTRETENIMENTO","NOTICIAS","SERVI\u00c7OS"],"inLanguage":"pt-BR","potentialAction":[{"@type":"CommentAction","name":"Comment","target":["https:\/\/mrnews.com.br\/index.php\/2025\/10\/28\/exposicao-imersiva-revela-memoria-do-povo-mura-originario-da-amazonia\/#respond"]}]},{"@type":"WebPage","@id":"https:\/\/mrnews.com.br\/index.php\/2025\/10\/28\/exposicao-imersiva-revela-memoria-do-povo-mura-originario-da-amazonia\/","url":"https:\/\/mrnews.com.br\/index.php\/2025\/10\/28\/exposicao-imersiva-revela-memoria-do-povo-mura-originario-da-amazonia\/","name":"Exposi\u00e7\u00e3o imersiva revela mem\u00f3ria do povo Mura, origin\u00e1rio da Amaz\u00f4nia","isPartOf":{"@id":"https:\/\/mrnews.com.br\/#website"},"datePublished":"2025-10-28T12:47:12+00:00","breadcrumb":{"@id":"https:\/\/mrnews.com.br\/index.php\/2025\/10\/28\/exposicao-imersiva-revela-memoria-do-povo-mura-originario-da-amazonia\/#breadcrumb"},"inLanguage":"pt-BR","potentialAction":[{"@type":"ReadAction","target":["https:\/\/mrnews.com.br\/index.php\/2025\/10\/28\/exposicao-imersiva-revela-memoria-do-povo-mura-originario-da-amazonia\/"]}]},{"@type":"BreadcrumbList","@id":"https:\/\/mrnews.com.br\/index.php\/2025\/10\/28\/exposicao-imersiva-revela-memoria-do-povo-mura-originario-da-amazonia\/#breadcrumb","itemListElement":[{"@type":"ListItem","position":1,"name":"In\u00edcio","item":"https:\/\/mrnews.com.br\/"},{"@type":"ListItem","position":2,"name":"Exposi\u00e7\u00e3o imersiva revela mem\u00f3ria do povo Mura, origin\u00e1rio da Amaz\u00f4nia"}]},{"@type":"WebSite","@id":"https:\/\/mrnews.com.br\/#website","url":"https:\/\/mrnews.com.br\/","name":"MRNews","description":"MRNews Jogos de hoje da TV, transmiss\u00f5es ao vivo, Not\u00edcias de futebol, Jogos ao vivo, Lives, resumo de novelas, Programa\u00e7\u00e3o da Globo, A Fazenda e BBB","publisher":{"@id":"https:\/\/mrnews.com.br\/#organization"},"potentialAction":[{"@type":"SearchAction","target":{"@type":"EntryPoint","urlTemplate":"https:\/\/mrnews.com.br\/?s={search_term_string}"},"query-input":{"@type":"PropertyValueSpecification","valueRequired":true,"valueName":"search_term_string"}}],"inLanguage":"pt-BR"},{"@type":"Organization","@id":"https:\/\/mrnews.com.br\/#organization","name":"MRNews","url":"https:\/\/mrnews.com.br\/","logo":{"@type":"ImageObject","inLanguage":"pt-BR","@id":"https:\/\/mrnews.com.br\/#\/schema\/logo\/image\/","url":"https:\/\/mrnews.com.br\/wp-content\/uploads\/2019\/06\/MRNewslogo2.png","contentUrl":"https:\/\/mrnews.com.br\/wp-content\/uploads\/2019\/06\/MRNewslogo2.png","width":223,"height":58,"caption":"MRNews"},"image":{"@id":"https:\/\/mrnews.com.br\/#\/schema\/logo\/image\/"},"sameAs":["https:\/\/www.facebook.com\/eaipahpah\/?locale2=pt_BR","https:\/\/x.com\/conspirou","https:\/\/www.instagram.com\/eai_pahpah","https:\/\/br.pinterest.com\/mrnewsn\/boards\/","https:\/\/www.youtube.com\/channel\/UCacgnpznQ61fifLWr1tQ-vA?view_as=subscriber"]},{"@type":"Person","@id":"https:\/\/mrnews.com.br\/#\/schema\/person\/be3203154562a9f207407861cef7827b","name":"MR News","image":{"@type":"ImageObject","inLanguage":"pt-BR","@id":"https:\/\/secure.gravatar.com\/avatar\/04084e6d73c042b8646e7c17b494073bf0ede3ea13c7105cfc45cbbbc28385a4?s=96&d=monsterid&r=g","url":"https:\/\/secure.gravatar.com\/avatar\/04084e6d73c042b8646e7c17b494073bf0ede3ea13c7105cfc45cbbbc28385a4?s=96&d=monsterid&r=g","contentUrl":"https:\/\/secure.gravatar.com\/avatar\/04084e6d73c042b8646e7c17b494073bf0ede3ea13c7105cfc45cbbbc28385a4?s=96&d=monsterid&r=g","caption":"MR News"},"description":"Especializado em jornalismo colaborativo pela FTP em n\u00edvel de p\u00f3s-gradua\u00e7\u00e3o. suporte@oimeliga.combr","sameAs":["HUGO R.","Admin"],"url":"https:\/\/mrnews.com.br\/index.php\/author\/admin\/"}]}},"jetpack_featured_media_url":"","jetpack_sharing_enabled":true,"jetpack_shortlink":"https:\/\/wp.me\/pa2Qf7-1TqI","amp_enabled":true,"_links":{"self":[{"href":"https:\/\/mrnews.com.br\/index.php\/wp-json\/wp\/v2\/posts\/451404","targetHints":{"allow":["GET"]}}],"collection":[{"href":"https:\/\/mrnews.com.br\/index.php\/wp-json\/wp\/v2\/posts"}],"about":[{"href":"https:\/\/mrnews.com.br\/index.php\/wp-json\/wp\/v2\/types\/post"}],"author":[{"embeddable":true,"href":"https:\/\/mrnews.com.br\/index.php\/wp-json\/wp\/v2\/users\/1"}],"replies":[{"embeddable":true,"href":"https:\/\/mrnews.com.br\/index.php\/wp-json\/wp\/v2\/comments?post=451404"}],"version-history":[{"count":0,"href":"https:\/\/mrnews.com.br\/index.php\/wp-json\/wp\/v2\/posts\/451404\/revisions"}],"wp:attachment":[{"href":"https:\/\/mrnews.com.br\/index.php\/wp-json\/wp\/v2\/media?parent=451404"}],"wp:term":[{"taxonomy":"category","embeddable":true,"href":"https:\/\/mrnews.com.br\/index.php\/wp-json\/wp\/v2\/categories?post=451404"},{"taxonomy":"post_tag","embeddable":true,"href":"https:\/\/mrnews.com.br\/index.php\/wp-json\/wp\/v2\/tags?post=451404"}],"curies":[{"name":"wp","href":"https:\/\/api.w.org\/{rel}","templated":true}]}}