{"id":451411,"date":"2025-10-28T13:46:12","date_gmt":"2025-10-28T16:46:12","guid":{"rendered":"https:\/\/mrnews.com.br\/index.php\/2025\/10\/28\/milena-titoneli-e-prata-no-mundial-de-taekwondo-o-3o-podio-do-brasil\/"},"modified":"2025-10-28T13:46:12","modified_gmt":"2025-10-28T16:46:12","slug":"milena-titoneli-e-prata-no-mundial-de-taekwondo-o-3o-podio-do-brasil","status":"publish","type":"post","link":"https:\/\/mrnews.com.br\/index.php\/2025\/10\/28\/milena-titoneli-e-prata-no-mundial-de-taekwondo-o-3o-podio-do-brasil\/","title":{"rendered":"Milena Titoneli \u00e9 prata no Mundial de taekwondo, o 3\u00ba p\u00f3dio do Brasil"},"content":{"rendered":"<p><\/p>\n<div>\n<p>O Brasil subiu ao p\u00f3dio pela terceira vez no Mundial de Taekwondo, em\u00a0Wuxi (China). Nesta ter\u00e7a-feira, a paulista Milena Titoneli faturou a medalha de prata na categoria dos 67 quilos. Na final, Titoneli foi superada pela h\u00fangara Luana M\u00e1rton por 2 rounds a 1. A medalha \u00e9 a terceira da brasileira em cinco participa\u00e7\u00f5es em Mundiais: ela foi bronze em 2019 (Manchester\/Inglaterra) e em 2022 (Guadalajara\/M\u00e9xico). O Mundial vai at\u00e9 quinta-feira (30), com transmiss\u00e3o ao vivo no site da Federa\u00e7\u00e3o Internacional (World Taekwondo).<\/p>\n<p>Nascida em S\u00e3o Caetano do Sul(SP), a lutadora de 27 anos soma dois t\u00edtulos na temporada: foi campe\u00e3o no Aberto do Rio de Janeiro, em maio, e no Aberto da Pol\u00f4nia, em setembro \u2013 na ocasi\u00e3o, Titoneli derrotou Mart\u00f3n na final.<\/p>\n<p>\u201cA gente n\u00e3o conta por quantidade, \u00e9 pelo valor da medalha. Ontem j\u00e1 t\u00ednhamos nossa melhor campanha [com os dois ouros de Henrique e Maria Clara]. E antes de Wuxi, nossa melhor participa\u00e7\u00e3o foi em Madri (2005), com um ouro e uma prata [de Nat\u00e1lia Falavigna e M\u00e1rcio Wenceslau, respectivamente]. A que teve mais medalhas foi em Manchester, com cinco p\u00f3dios, mas nenhum ouro. Essa, de longe, \u00e9 nossa melhor campanha da hist\u00f3ria&#8221;, comemorou\u00a0Henrique Precioso, diretor t\u00e9cnico da Confedera\u00e7\u00e3o Brasileira de Taekwondo (CBTKD).\u00a0<\/p>\n<p>A delega\u00e7\u00e3o brasileira j\u00e1 havia conquistado dois ouros na competi\u00e7\u00e3o. Na segunda (27), o lutador Henrique Matos (categoria 80 kg) tornou-se o primeiro lutador homem do pa\u00eds a subir no topo do p\u00f3dio mundial. \u00a0J\u00e1 Maria Clara Pacheco foi campe\u00e3 nos 57 kg, quebrando um jejum de 20 anos desde o primeiro ouro da hist\u00f3ria da Amarelinha, com paranaense Nat\u00e1lia Falavigna, em 2005.<\/p>\n<h2>Programa\u00e7\u00e3o &#8211; luta de atleta brasileiros<\/h2>\n<p><u>De 28\/10 para 29\/10:<\/u><br \/>Masculino &#8211; at\u00e9 58kg &#8211; Paulo Ricardo Souza de Melo (RJ)<br \/>Feminino &#8211;\u00a0 at\u00e9 62kg: &#8211; Celydiene Kristina Carneiro (SP)<br \/>22h \u00e0s 3h &#8211; preliminares<br \/>4h \u00e0s 6h &#8211; oitavas e quartas<br \/>6h30 \u00e0s 8h30 &#8211; semis e finais<\/p>\n<p><u>De 29\/10 para 30\/10:<\/u><br \/>Masculino &#8211; at\u00e9 74kg &#8211; Edival Marques Quirino Pontes (PB)<br \/>Feminino &#8211; at\u00e9 53 kg &#8211; N\u00edvea Maria Barros da Silva (RN)<br \/>22h \u00e0s 2h &#8211; preliminares<br \/>4h \u00e0s 5h30 &#8211; oitavas e quartas<br \/>6h30 \u00e0s 8h30 &#8211; semis e finais<\/p>\n<p>      <!-- Relacionada --><\/p>\n<p>            <!-- Relacionada -->\n    <\/div>\n","protected":false},"excerpt":{"rendered":"<p>O Brasil subiu ao p\u00f3dio pela terceira vez no Mundial de Taekwondo, em\u00a0Wuxi (China). Nesta ter\u00e7a-feira, a paulista Milena Titoneli faturou a medalha de prata na categoria dos 67 quilos. Na final, Titoneli foi superada pela h\u00fangara Luana M\u00e1rton por 2 rounds a 1. A medalha \u00e9 a terceira da brasileira em cinco participa\u00e7\u00f5es em &hellip;<\/p>\n","protected":false},"author":1,"featured_media":0,"comment_status":"open","ping_status":"open","sticky":false,"template":"","format":"standard","meta":{"_jetpack_memberships_contains_paid_content":false,"footnotes":""},"categories":[3,4587,4],"tags":[],"class_list":["post-451411","post","type-post","status-publish","format-standard","hentry","category-esportes1","category-esportes","category-servicos"],"yoast_head":"<!-- This site is optimized with the Yoast SEO plugin v27.5 - https:\/\/yoast.com\/product\/yoast-seo-wordpress\/ -->\n<title>Milena Titoneli \u00e9 prata no Mundial de taekwondo, o 3\u00ba p\u00f3dio do Brasil<\/title>\n<meta name=\"robots\" content=\"index, follow, max-snippet:-1, max-image-preview:large, max-video-preview:-1\" \/>\n<link rel=\"canonical\" href=\"https:\/\/mrnews.com.br\/index.php\/2025\/10\/28\/milena-titoneli-e-prata-no-mundial-de-taekwondo-o-3o-podio-do-brasil\/\" \/>\n<meta property=\"og:locale\" content=\"pt_BR\" \/>\n<meta property=\"og:type\" content=\"article\" \/>\n<meta property=\"og:title\" content=\"Milena Titoneli \u00e9 prata no Mundial de taekwondo, o 3\u00ba p\u00f3dio do Brasil\" \/>\n<meta property=\"og:description\" content=\"O Brasil subiu ao p\u00f3dio pela terceira vez no Mundial de Taekwondo, em\u00a0Wuxi (China). Nesta ter\u00e7a-feira, a paulista Milena Titoneli faturou a medalha de prata na categoria dos 67 quilos. Na final, Titoneli foi superada pela h\u00fangara Luana M\u00e1rton por 2 rounds a 1. A medalha \u00e9 a terceira da brasileira em cinco participa\u00e7\u00f5es em &hellip;\" \/>\n<meta property=\"og:url\" content=\"https:\/\/mrnews.com.br\/index.php\/2025\/10\/28\/milena-titoneli-e-prata-no-mundial-de-taekwondo-o-3o-podio-do-brasil\/\" \/>\n<meta property=\"og:site_name\" content=\"MRNews\" \/>\n<meta property=\"article:publisher\" content=\"https:\/\/www.facebook.com\/eaipahpah\/?locale2=pt_BR\" \/>\n<meta property=\"article:published_time\" content=\"2025-10-28T16:46:12+00:00\" \/>\n<meta name=\"author\" content=\"MR News\" \/>\n<meta name=\"twitter:card\" content=\"summary_large_image\" \/>\n<meta name=\"twitter:creator\" content=\"@conspirou\" \/>\n<meta name=\"twitter:site\" content=\"@conspirou\" \/>\n<meta name=\"twitter:label1\" content=\"Escrito por\" \/>\n\t<meta name=\"twitter:data1\" content=\"MR News\" \/>\n\t<meta name=\"twitter:label2\" content=\"Est. tempo de leitura\" \/>\n\t<meta name=\"twitter:data2\" content=\"2 minutos\" \/>\n<script type=\"application\/ld+json\" class=\"yoast-schema-graph\">{\"@context\":\"https:\\\/\\\/schema.org\",\"@graph\":[{\"@type\":\"Article\",\"@id\":\"https:\\\/\\\/mrnews.com.br\\\/index.php\\\/2025\\\/10\\\/28\\\/milena-titoneli-e-prata-no-mundial-de-taekwondo-o-3o-podio-do-brasil\\\/#article\",\"isPartOf\":{\"@id\":\"https:\\\/\\\/mrnews.com.br\\\/index.php\\\/2025\\\/10\\\/28\\\/milena-titoneli-e-prata-no-mundial-de-taekwondo-o-3o-podio-do-brasil\\\/\"},\"author\":{\"name\":\"MR News\",\"@id\":\"https:\\\/\\\/mrnews.com.br\\\/#\\\/schema\\\/person\\\/be3203154562a9f207407861cef7827b\"},\"headline\":\"Milena Titoneli \u00e9 prata no Mundial de taekwondo, o 3\u00ba p\u00f3dio do Brasil\",\"datePublished\":\"2025-10-28T16:46:12+00:00\",\"mainEntityOfPage\":{\"@id\":\"https:\\\/\\\/mrnews.com.br\\\/index.php\\\/2025\\\/10\\\/28\\\/milena-titoneli-e-prata-no-mundial-de-taekwondo-o-3o-podio-do-brasil\\\/\"},\"wordCount\":390,\"commentCount\":0,\"publisher\":{\"@id\":\"https:\\\/\\\/mrnews.com.br\\\/#organization\"},\"articleSection\":[\"ESPORTES\",\"Esportes\",\"SERVI\u00c7OS\"],\"inLanguage\":\"pt-BR\",\"potentialAction\":[{\"@type\":\"CommentAction\",\"name\":\"Comment\",\"target\":[\"https:\\\/\\\/mrnews.com.br\\\/index.php\\\/2025\\\/10\\\/28\\\/milena-titoneli-e-prata-no-mundial-de-taekwondo-o-3o-podio-do-brasil\\\/#respond\"]}]},{\"@type\":\"WebPage\",\"@id\":\"https:\\\/\\\/mrnews.com.br\\\/index.php\\\/2025\\\/10\\\/28\\\/milena-titoneli-e-prata-no-mundial-de-taekwondo-o-3o-podio-do-brasil\\\/\",\"url\":\"https:\\\/\\\/mrnews.com.br\\\/index.php\\\/2025\\\/10\\\/28\\\/milena-titoneli-e-prata-no-mundial-de-taekwondo-o-3o-podio-do-brasil\\\/\",\"name\":\"Milena Titoneli \u00e9 prata no Mundial de taekwondo, o 3\u00ba p\u00f3dio do Brasil\",\"isPartOf\":{\"@id\":\"https:\\\/\\\/mrnews.com.br\\\/#website\"},\"datePublished\":\"2025-10-28T16:46:12+00:00\",\"breadcrumb\":{\"@id\":\"https:\\\/\\\/mrnews.com.br\\\/index.php\\\/2025\\\/10\\\/28\\\/milena-titoneli-e-prata-no-mundial-de-taekwondo-o-3o-podio-do-brasil\\\/#breadcrumb\"},\"inLanguage\":\"pt-BR\",\"potentialAction\":[{\"@type\":\"ReadAction\",\"target\":[\"https:\\\/\\\/mrnews.com.br\\\/index.php\\\/2025\\\/10\\\/28\\\/milena-titoneli-e-prata-no-mundial-de-taekwondo-o-3o-podio-do-brasil\\\/\"]}]},{\"@type\":\"BreadcrumbList\",\"@id\":\"https:\\\/\\\/mrnews.com.br\\\/index.php\\\/2025\\\/10\\\/28\\\/milena-titoneli-e-prata-no-mundial-de-taekwondo-o-3o-podio-do-brasil\\\/#breadcrumb\",\"itemListElement\":[{\"@type\":\"ListItem\",\"position\":1,\"name\":\"In\u00edcio\",\"item\":\"https:\\\/\\\/mrnews.com.br\\\/\"},{\"@type\":\"ListItem\",\"position\":2,\"name\":\"Milena Titoneli \u00e9 prata no Mundial de taekwondo, o 3\u00ba p\u00f3dio do Brasil\"}]},{\"@type\":\"WebSite\",\"@id\":\"https:\\\/\\\/mrnews.com.br\\\/#website\",\"url\":\"https:\\\/\\\/mrnews.com.br\\\/\",\"name\":\"MRNews\",\"description\":\"MRNews Jogos de hoje da TV, transmiss\u00f5es ao vivo, Not\u00edcias de futebol, Jogos ao vivo, Lives, resumo de novelas, Programa\u00e7\u00e3o da Globo, A Fazenda e BBB\",\"publisher\":{\"@id\":\"https:\\\/\\\/mrnews.com.br\\\/#organization\"},\"potentialAction\":[{\"@type\":\"SearchAction\",\"target\":{\"@type\":\"EntryPoint\",\"urlTemplate\":\"https:\\\/\\\/mrnews.com.br\\\/?s={search_term_string}\"},\"query-input\":{\"@type\":\"PropertyValueSpecification\",\"valueRequired\":true,\"valueName\":\"search_term_string\"}}],\"inLanguage\":\"pt-BR\"},{\"@type\":\"Organization\",\"@id\":\"https:\\\/\\\/mrnews.com.br\\\/#organization\",\"name\":\"MRNews\",\"url\":\"https:\\\/\\\/mrnews.com.br\\\/\",\"logo\":{\"@type\":\"ImageObject\",\"inLanguage\":\"pt-BR\",\"@id\":\"https:\\\/\\\/mrnews.com.br\\\/#\\\/schema\\\/logo\\\/image\\\/\",\"url\":\"https:\\\/\\\/mrnews.com.br\\\/wp-content\\\/uploads\\\/2019\\\/06\\\/MRNewslogo2.png\",\"contentUrl\":\"https:\\\/\\\/mrnews.com.br\\\/wp-content\\\/uploads\\\/2019\\\/06\\\/MRNewslogo2.png\",\"width\":223,\"height\":58,\"caption\":\"MRNews\"},\"image\":{\"@id\":\"https:\\\/\\\/mrnews.com.br\\\/#\\\/schema\\\/logo\\\/image\\\/\"},\"sameAs\":[\"https:\\\/\\\/www.facebook.com\\\/eaipahpah\\\/?locale2=pt_BR\",\"https:\\\/\\\/x.com\\\/conspirou\",\"https:\\\/\\\/www.instagram.com\\\/eai_pahpah\",\"https:\\\/\\\/br.pinterest.com\\\/mrnewsn\\\/boards\\\/\",\"https:\\\/\\\/www.youtube.com\\\/channel\\\/UCacgnpznQ61fifLWr1tQ-vA?view_as=subscriber\"]},{\"@type\":\"Person\",\"@id\":\"https:\\\/\\\/mrnews.com.br\\\/#\\\/schema\\\/person\\\/be3203154562a9f207407861cef7827b\",\"name\":\"MR News\",\"image\":{\"@type\":\"ImageObject\",\"inLanguage\":\"pt-BR\",\"@id\":\"https:\\\/\\\/secure.gravatar.com\\\/avatar\\\/04084e6d73c042b8646e7c17b494073bf0ede3ea13c7105cfc45cbbbc28385a4?s=96&d=monsterid&r=g\",\"url\":\"https:\\\/\\\/secure.gravatar.com\\\/avatar\\\/04084e6d73c042b8646e7c17b494073bf0ede3ea13c7105cfc45cbbbc28385a4?s=96&d=monsterid&r=g\",\"contentUrl\":\"https:\\\/\\\/secure.gravatar.com\\\/avatar\\\/04084e6d73c042b8646e7c17b494073bf0ede3ea13c7105cfc45cbbbc28385a4?s=96&d=monsterid&r=g\",\"caption\":\"MR News\"},\"description\":\"Especializado em jornalismo colaborativo pela FTP em n\u00edvel de p\u00f3s-gradua\u00e7\u00e3o. suporte@oimeliga.combr\",\"sameAs\":[\"HUGO R.\",\"Admin\"],\"url\":\"https:\\\/\\\/mrnews.com.br\\\/index.php\\\/author\\\/admin\\\/\"}]}<\/script>\n<!-- \/ Yoast SEO plugin. -->","yoast_head_json":{"title":"Milena Titoneli \u00e9 prata no Mundial de taekwondo, o 3\u00ba p\u00f3dio do Brasil","robots":{"index":"index","follow":"follow","max-snippet":"max-snippet:-1","max-image-preview":"max-image-preview:large","max-video-preview":"max-video-preview:-1"},"canonical":"https:\/\/mrnews.com.br\/index.php\/2025\/10\/28\/milena-titoneli-e-prata-no-mundial-de-taekwondo-o-3o-podio-do-brasil\/","og_locale":"pt_BR","og_type":"article","og_title":"Milena Titoneli \u00e9 prata no Mundial de taekwondo, o 3\u00ba p\u00f3dio do Brasil","og_description":"O Brasil subiu ao p\u00f3dio pela terceira vez no Mundial de Taekwondo, em\u00a0Wuxi (China). Nesta ter\u00e7a-feira, a paulista Milena Titoneli faturou a medalha de prata na categoria dos 67 quilos. Na final, Titoneli foi superada pela h\u00fangara Luana M\u00e1rton por 2 rounds a 1. A medalha \u00e9 a terceira da brasileira em cinco participa\u00e7\u00f5es em &hellip;","og_url":"https:\/\/mrnews.com.br\/index.php\/2025\/10\/28\/milena-titoneli-e-prata-no-mundial-de-taekwondo-o-3o-podio-do-brasil\/","og_site_name":"MRNews","article_publisher":"https:\/\/www.facebook.com\/eaipahpah\/?locale2=pt_BR","article_published_time":"2025-10-28T16:46:12+00:00","author":"MR News","twitter_card":"summary_large_image","twitter_creator":"@conspirou","twitter_site":"@conspirou","twitter_misc":{"Escrito por":"MR News","Est. tempo de leitura":"2 minutos"},"schema":{"@context":"https:\/\/schema.org","@graph":[{"@type":"Article","@id":"https:\/\/mrnews.com.br\/index.php\/2025\/10\/28\/milena-titoneli-e-prata-no-mundial-de-taekwondo-o-3o-podio-do-brasil\/#article","isPartOf":{"@id":"https:\/\/mrnews.com.br\/index.php\/2025\/10\/28\/milena-titoneli-e-prata-no-mundial-de-taekwondo-o-3o-podio-do-brasil\/"},"author":{"name":"MR News","@id":"https:\/\/mrnews.com.br\/#\/schema\/person\/be3203154562a9f207407861cef7827b"},"headline":"Milena Titoneli \u00e9 prata no Mundial de taekwondo, o 3\u00ba p\u00f3dio do Brasil","datePublished":"2025-10-28T16:46:12+00:00","mainEntityOfPage":{"@id":"https:\/\/mrnews.com.br\/index.php\/2025\/10\/28\/milena-titoneli-e-prata-no-mundial-de-taekwondo-o-3o-podio-do-brasil\/"},"wordCount":390,"commentCount":0,"publisher":{"@id":"https:\/\/mrnews.com.br\/#organization"},"articleSection":["ESPORTES","Esportes","SERVI\u00c7OS"],"inLanguage":"pt-BR","potentialAction":[{"@type":"CommentAction","name":"Comment","target":["https:\/\/mrnews.com.br\/index.php\/2025\/10\/28\/milena-titoneli-e-prata-no-mundial-de-taekwondo-o-3o-podio-do-brasil\/#respond"]}]},{"@type":"WebPage","@id":"https:\/\/mrnews.com.br\/index.php\/2025\/10\/28\/milena-titoneli-e-prata-no-mundial-de-taekwondo-o-3o-podio-do-brasil\/","url":"https:\/\/mrnews.com.br\/index.php\/2025\/10\/28\/milena-titoneli-e-prata-no-mundial-de-taekwondo-o-3o-podio-do-brasil\/","name":"Milena Titoneli \u00e9 prata no Mundial de taekwondo, o 3\u00ba p\u00f3dio do Brasil","isPartOf":{"@id":"https:\/\/mrnews.com.br\/#website"},"datePublished":"2025-10-28T16:46:12+00:00","breadcrumb":{"@id":"https:\/\/mrnews.com.br\/index.php\/2025\/10\/28\/milena-titoneli-e-prata-no-mundial-de-taekwondo-o-3o-podio-do-brasil\/#breadcrumb"},"inLanguage":"pt-BR","potentialAction":[{"@type":"ReadAction","target":["https:\/\/mrnews.com.br\/index.php\/2025\/10\/28\/milena-titoneli-e-prata-no-mundial-de-taekwondo-o-3o-podio-do-brasil\/"]}]},{"@type":"BreadcrumbList","@id":"https:\/\/mrnews.com.br\/index.php\/2025\/10\/28\/milena-titoneli-e-prata-no-mundial-de-taekwondo-o-3o-podio-do-brasil\/#breadcrumb","itemListElement":[{"@type":"ListItem","position":1,"name":"In\u00edcio","item":"https:\/\/mrnews.com.br\/"},{"@type":"ListItem","position":2,"name":"Milena Titoneli \u00e9 prata no Mundial de taekwondo, o 3\u00ba p\u00f3dio do Brasil"}]},{"@type":"WebSite","@id":"https:\/\/mrnews.com.br\/#website","url":"https:\/\/mrnews.com.br\/","name":"MRNews","description":"MRNews Jogos de hoje da TV, transmiss\u00f5es ao vivo, Not\u00edcias de futebol, Jogos ao vivo, Lives, resumo de novelas, Programa\u00e7\u00e3o da Globo, A Fazenda e BBB","publisher":{"@id":"https:\/\/mrnews.com.br\/#organization"},"potentialAction":[{"@type":"SearchAction","target":{"@type":"EntryPoint","urlTemplate":"https:\/\/mrnews.com.br\/?s={search_term_string}"},"query-input":{"@type":"PropertyValueSpecification","valueRequired":true,"valueName":"search_term_string"}}],"inLanguage":"pt-BR"},{"@type":"Organization","@id":"https:\/\/mrnews.com.br\/#organization","name":"MRNews","url":"https:\/\/mrnews.com.br\/","logo":{"@type":"ImageObject","inLanguage":"pt-BR","@id":"https:\/\/mrnews.com.br\/#\/schema\/logo\/image\/","url":"https:\/\/mrnews.com.br\/wp-content\/uploads\/2019\/06\/MRNewslogo2.png","contentUrl":"https:\/\/mrnews.com.br\/wp-content\/uploads\/2019\/06\/MRNewslogo2.png","width":223,"height":58,"caption":"MRNews"},"image":{"@id":"https:\/\/mrnews.com.br\/#\/schema\/logo\/image\/"},"sameAs":["https:\/\/www.facebook.com\/eaipahpah\/?locale2=pt_BR","https:\/\/x.com\/conspirou","https:\/\/www.instagram.com\/eai_pahpah","https:\/\/br.pinterest.com\/mrnewsn\/boards\/","https:\/\/www.youtube.com\/channel\/UCacgnpznQ61fifLWr1tQ-vA?view_as=subscriber"]},{"@type":"Person","@id":"https:\/\/mrnews.com.br\/#\/schema\/person\/be3203154562a9f207407861cef7827b","name":"MR News","image":{"@type":"ImageObject","inLanguage":"pt-BR","@id":"https:\/\/secure.gravatar.com\/avatar\/04084e6d73c042b8646e7c17b494073bf0ede3ea13c7105cfc45cbbbc28385a4?s=96&d=monsterid&r=g","url":"https:\/\/secure.gravatar.com\/avatar\/04084e6d73c042b8646e7c17b494073bf0ede3ea13c7105cfc45cbbbc28385a4?s=96&d=monsterid&r=g","contentUrl":"https:\/\/secure.gravatar.com\/avatar\/04084e6d73c042b8646e7c17b494073bf0ede3ea13c7105cfc45cbbbc28385a4?s=96&d=monsterid&r=g","caption":"MR News"},"description":"Especializado em jornalismo colaborativo pela FTP em n\u00edvel de p\u00f3s-gradua\u00e7\u00e3o. suporte@oimeliga.combr","sameAs":["HUGO R.","Admin"],"url":"https:\/\/mrnews.com.br\/index.php\/author\/admin\/"}]}},"jetpack_featured_media_url":"","jetpack_sharing_enabled":true,"jetpack_shortlink":"https:\/\/wp.me\/pa2Qf7-1TqP","amp_enabled":true,"_links":{"self":[{"href":"https:\/\/mrnews.com.br\/index.php\/wp-json\/wp\/v2\/posts\/451411","targetHints":{"allow":["GET"]}}],"collection":[{"href":"https:\/\/mrnews.com.br\/index.php\/wp-json\/wp\/v2\/posts"}],"about":[{"href":"https:\/\/mrnews.com.br\/index.php\/wp-json\/wp\/v2\/types\/post"}],"author":[{"embeddable":true,"href":"https:\/\/mrnews.com.br\/index.php\/wp-json\/wp\/v2\/users\/1"}],"replies":[{"embeddable":true,"href":"https:\/\/mrnews.com.br\/index.php\/wp-json\/wp\/v2\/comments?post=451411"}],"version-history":[{"count":0,"href":"https:\/\/mrnews.com.br\/index.php\/wp-json\/wp\/v2\/posts\/451411\/revisions"}],"wp:attachment":[{"href":"https:\/\/mrnews.com.br\/index.php\/wp-json\/wp\/v2\/media?parent=451411"}],"wp:term":[{"taxonomy":"category","embeddable":true,"href":"https:\/\/mrnews.com.br\/index.php\/wp-json\/wp\/v2\/categories?post=451411"},{"taxonomy":"post_tag","embeddable":true,"href":"https:\/\/mrnews.com.br\/index.php\/wp-json\/wp\/v2\/tags?post=451411"}],"curies":[{"name":"wp","href":"https:\/\/api.w.org\/{rel}","templated":true}]}}