{"id":451419,"date":"2025-10-28T16:05:12","date_gmt":"2025-10-28T19:05:12","guid":{"rendered":"https:\/\/mrnews.com.br\/index.php\/2025\/10\/28\/com-vias-interditadas-rio-de-janeiro-entra-em-estagio-2-de-atencao\/"},"modified":"2025-10-28T16:05:12","modified_gmt":"2025-10-28T19:05:12","slug":"com-vias-interditadas-rio-de-janeiro-entra-em-estagio-2-de-atencao","status":"publish","type":"post","link":"https:\/\/mrnews.com.br\/index.php\/2025\/10\/28\/com-vias-interditadas-rio-de-janeiro-entra-em-estagio-2-de-atencao\/","title":{"rendered":"Com vias interditadas, Rio de Janeiro entra em est\u00e1gio 2 de aten\u00e7\u00e3o"},"content":{"rendered":"<p>Por EBC, <\/p>\n<div>\n<p>O munic\u00edpio do Rio de Janeiro entrou em est\u00e1gio 2 de aten\u00e7\u00e3o, o que significa risco de ocorr\u00eancia de alto impacto, por conta da opera\u00e7\u00e3o das pol\u00edcias Militar e Civil deflagrada nesta ter\u00e7a-feira (28) na regi\u00e3o dos complexos da Penha e do Alem\u00e3o. <strong>De acordo com o governo do estado, a a\u00e7\u00e3o mobiliza 2,5 mil policiais civis e militares para prender lideran\u00e7as criminosas e impedir o fortalecimento do Comando Vermelho.<\/strong><\/p>\n<p><strong>Segundo o Centro de Opera\u00e7\u00f5es e Resili\u00eancia da Prefeitura do Rio de Janeiro, vias no entorno dos complexos do Alem\u00e3o, Penha, Chapad\u00e3o, S\u00e3o Francisco Xavier, na zona norte; Freguesia, em Jacarepagu\u00e1; e Taquara, na zona sudoeste, passam por interdi\u00e7\u00f5es tempor\u00e1rias em fun\u00e7\u00e3o de ocorr\u00eancias policiais.<\/strong>\u00a0\u00a0<\/p>\n<p>Segundo a Rio \u00d4nibus, mais de 100 linhas tiveram os itiner\u00e1rios alterados. De acordo com a Mobi-Rio, os corredores Transbrasil e Transcarioca do BRT, al\u00e9m dos servi\u00e7os de conex\u00e3o do BRT, foram impactados pelas ocorr\u00eancias.<\/p>\n<p>As recomenda\u00e7\u00f5es da prefeitura s\u00e3o:\u00a0<\/p>\n<ul>\n<li>Evite circular nas regi\u00f5es impactadas pelas ocorr\u00eancias policiais;<\/li>\n<li>Permane\u00e7a em local seguro;<\/li>\n<li>Mantenha-se informado atrav\u00e9s dos meios de comunica\u00e7\u00e3o e canais oficiais do COR;<\/li>\n<li>Baixe o aplicativo do COR.Rio, dispon\u00edvel para Android (http:\/\/bit.ly\/appcor_android) ou iOS (http:\/\/bit.ly\/appcor_ios );<\/li>\n<li>Se necess\u00e1rio, use os telefones de emerg\u00eancia 190 (Pol\u00edcia Militar) e 193 (Corpo de Bombeiros).<\/li>\n<\/ul>\n<p><strong>A opera\u00e7\u00e3o, que ainda est\u00e1 em curso, deixou pelo menos 60 mortos. De acordo com o governo do estado, at\u00e9 o momento, 81 pessoas foram presas, \u200b72 fuzis apreendidos e &#8220;grande quantidade de drogas ainda em contabiliza\u00e7\u00e3o&#8221;.<\/strong><\/p>\n<div class=\"dnd-widget-wrapper context-cheio_8colunas type-image\">\n<div class=\"dnd-atom-rendered\"><!-- scald=442189:cheio_8colunas --><\/p>\n<p>    <!-- END scald=442189 --><\/div>\n<p><h6 class=\"meta\">Opera\u00e7\u00e3o no Rio de Janeiro conta com 2,5 mil policiais &#8211; Foto :<strong> Reuters\/Aline Massuca\/Proibida reprodu\u00e7\u00e3o<\/strong><!--END copyright=442189--><\/h6>\n<\/p>\n<\/div>\n<h2>Comiss\u00e3o<\/h2>\n<p>A Comiss\u00e3o de Defesa dos Direitos Humanos e Cidadania da Assembleia Legislativa do Rio de Janeiro (Alerj) informou, em nota, que acompanha &#8220;com extrema preocupa\u00e7\u00e3o a escalada de viol\u00eancia provocada pela megaopera\u00e7\u00e3o&#8221;.\u00a0<\/p>\n<p><strong>A comiss\u00e3o informou que vai oficiar o Minist\u00e9rio P\u00fablico e as pol\u00edcias Civil e Militar cobrando explica\u00e7\u00f5es sobre as circunst\u00e2ncias da a\u00e7\u00e3o, &#8220;que transformou novamente as favelas do Rio em cen\u00e1rio de guerra e barb\u00e1rie&#8221;.<\/strong>\u00a0<\/p>\n<p>Para a presidente da Comiss\u00e3o de Defesa dos Direitos Humanos e Cidadania, deputada Dani Monteiro (PSOL), \u201cnenhuma pol\u00edtica de seguran\u00e7a pode se sustentar sobre esse banho de sangue\u201d.\u00a0<\/p>\n<blockquote>\n<p>\u201cO Estado n\u00e3o pode continuar tratando a vida de todas as v\u00edtimas como descart\u00e1vel, nem as favelas como territ\u00f3rio inimigo ou palco de espet\u00e1culo. \u00c9 preciso garantir a prote\u00e7\u00e3o de moradores e policiais, priorizando direitos, intelig\u00eancia e planejamento em vez de viol\u00eancia e terror\u201d, afirmou a deputada.<\/p>\n<\/blockquote>\n<p>      <!-- Relacionada --><\/p>\n<p>            <!-- Relacionada -->\n    <\/div>\n","protected":false},"excerpt":{"rendered":"<p>Por EBC, O munic\u00edpio do Rio de Janeiro entrou em est\u00e1gio 2 de aten\u00e7\u00e3o, o que significa risco de ocorr\u00eancia de alto impacto, por conta da opera\u00e7\u00e3o das pol\u00edcias Militar e Civil deflagrada nesta ter\u00e7a-feira (28) na regi\u00e3o dos complexos da Penha e do Alem\u00e3o. De acordo com o governo do estado, a a\u00e7\u00e3o mobiliza &hellip;<\/p>\n","protected":false},"author":1,"featured_media":0,"comment_status":"open","ping_status":"open","sticky":false,"template":"","format":"standard","meta":{"_jetpack_memberships_contains_paid_content":false,"footnotes":""},"categories":[2,12225,4],"tags":[],"class_list":["post-451419","post","type-post","status-publish","format-standard","hentry","category-entretenimento","category-noticias","category-servicos"],"yoast_head":"<!-- This site is optimized with the Yoast SEO plugin v27.5 - https:\/\/yoast.com\/product\/yoast-seo-wordpress\/ -->\n<title>Com vias interditadas, Rio de Janeiro entra em est\u00e1gio 2 de aten\u00e7\u00e3o<\/title>\n<meta name=\"robots\" content=\"index, follow, max-snippet:-1, max-image-preview:large, max-video-preview:-1\" \/>\n<link rel=\"canonical\" href=\"https:\/\/mrnews.com.br\/index.php\/2025\/10\/28\/com-vias-interditadas-rio-de-janeiro-entra-em-estagio-2-de-atencao\/\" \/>\n<meta property=\"og:locale\" content=\"pt_BR\" \/>\n<meta property=\"og:type\" content=\"article\" \/>\n<meta property=\"og:title\" content=\"Com vias interditadas, Rio de Janeiro entra em est\u00e1gio 2 de aten\u00e7\u00e3o\" \/>\n<meta property=\"og:description\" content=\"Por EBC, O munic\u00edpio do Rio de Janeiro entrou em est\u00e1gio 2 de aten\u00e7\u00e3o, o que significa risco de ocorr\u00eancia de alto impacto, por conta da opera\u00e7\u00e3o das pol\u00edcias Militar e Civil deflagrada nesta ter\u00e7a-feira (28) na regi\u00e3o dos complexos da Penha e do Alem\u00e3o. De acordo com o governo do estado, a a\u00e7\u00e3o mobiliza &hellip;\" \/>\n<meta property=\"og:url\" content=\"https:\/\/mrnews.com.br\/index.php\/2025\/10\/28\/com-vias-interditadas-rio-de-janeiro-entra-em-estagio-2-de-atencao\/\" \/>\n<meta property=\"og:site_name\" content=\"MRNews\" \/>\n<meta property=\"article:publisher\" content=\"https:\/\/www.facebook.com\/eaipahpah\/?locale2=pt_BR\" \/>\n<meta property=\"article:published_time\" content=\"2025-10-28T19:05:12+00:00\" \/>\n<meta name=\"author\" content=\"MR News\" \/>\n<meta name=\"twitter:card\" content=\"summary_large_image\" \/>\n<meta name=\"twitter:creator\" content=\"@conspirou\" \/>\n<meta name=\"twitter:site\" content=\"@conspirou\" \/>\n<meta name=\"twitter:label1\" content=\"Escrito por\" \/>\n\t<meta name=\"twitter:data1\" content=\"MR News\" \/>\n\t<meta name=\"twitter:label2\" content=\"Est. tempo de leitura\" \/>\n\t<meta name=\"twitter:data2\" content=\"2 minutos\" \/>\n<script type=\"application\/ld+json\" class=\"yoast-schema-graph\">{\"@context\":\"https:\\\/\\\/schema.org\",\"@graph\":[{\"@type\":\"Article\",\"@id\":\"https:\\\/\\\/mrnews.com.br\\\/index.php\\\/2025\\\/10\\\/28\\\/com-vias-interditadas-rio-de-janeiro-entra-em-estagio-2-de-atencao\\\/#article\",\"isPartOf\":{\"@id\":\"https:\\\/\\\/mrnews.com.br\\\/index.php\\\/2025\\\/10\\\/28\\\/com-vias-interditadas-rio-de-janeiro-entra-em-estagio-2-de-atencao\\\/\"},\"author\":{\"name\":\"MR News\",\"@id\":\"https:\\\/\\\/mrnews.com.br\\\/#\\\/schema\\\/person\\\/be3203154562a9f207407861cef7827b\"},\"headline\":\"Com vias interditadas, Rio de Janeiro entra em est\u00e1gio 2 de aten\u00e7\u00e3o\",\"datePublished\":\"2025-10-28T19:05:12+00:00\",\"mainEntityOfPage\":{\"@id\":\"https:\\\/\\\/mrnews.com.br\\\/index.php\\\/2025\\\/10\\\/28\\\/com-vias-interditadas-rio-de-janeiro-entra-em-estagio-2-de-atencao\\\/\"},\"wordCount\":481,\"commentCount\":0,\"publisher\":{\"@id\":\"https:\\\/\\\/mrnews.com.br\\\/#organization\"},\"articleSection\":[\"ENTRETENIMENTO\",\"NOTICIAS\",\"SERVI\u00c7OS\"],\"inLanguage\":\"pt-BR\",\"potentialAction\":[{\"@type\":\"CommentAction\",\"name\":\"Comment\",\"target\":[\"https:\\\/\\\/mrnews.com.br\\\/index.php\\\/2025\\\/10\\\/28\\\/com-vias-interditadas-rio-de-janeiro-entra-em-estagio-2-de-atencao\\\/#respond\"]}]},{\"@type\":\"WebPage\",\"@id\":\"https:\\\/\\\/mrnews.com.br\\\/index.php\\\/2025\\\/10\\\/28\\\/com-vias-interditadas-rio-de-janeiro-entra-em-estagio-2-de-atencao\\\/\",\"url\":\"https:\\\/\\\/mrnews.com.br\\\/index.php\\\/2025\\\/10\\\/28\\\/com-vias-interditadas-rio-de-janeiro-entra-em-estagio-2-de-atencao\\\/\",\"name\":\"Com vias interditadas, Rio de Janeiro entra em est\u00e1gio 2 de aten\u00e7\u00e3o\",\"isPartOf\":{\"@id\":\"https:\\\/\\\/mrnews.com.br\\\/#website\"},\"datePublished\":\"2025-10-28T19:05:12+00:00\",\"breadcrumb\":{\"@id\":\"https:\\\/\\\/mrnews.com.br\\\/index.php\\\/2025\\\/10\\\/28\\\/com-vias-interditadas-rio-de-janeiro-entra-em-estagio-2-de-atencao\\\/#breadcrumb\"},\"inLanguage\":\"pt-BR\",\"potentialAction\":[{\"@type\":\"ReadAction\",\"target\":[\"https:\\\/\\\/mrnews.com.br\\\/index.php\\\/2025\\\/10\\\/28\\\/com-vias-interditadas-rio-de-janeiro-entra-em-estagio-2-de-atencao\\\/\"]}]},{\"@type\":\"BreadcrumbList\",\"@id\":\"https:\\\/\\\/mrnews.com.br\\\/index.php\\\/2025\\\/10\\\/28\\\/com-vias-interditadas-rio-de-janeiro-entra-em-estagio-2-de-atencao\\\/#breadcrumb\",\"itemListElement\":[{\"@type\":\"ListItem\",\"position\":1,\"name\":\"In\u00edcio\",\"item\":\"https:\\\/\\\/mrnews.com.br\\\/\"},{\"@type\":\"ListItem\",\"position\":2,\"name\":\"Com vias interditadas, Rio de Janeiro entra em est\u00e1gio 2 de aten\u00e7\u00e3o\"}]},{\"@type\":\"WebSite\",\"@id\":\"https:\\\/\\\/mrnews.com.br\\\/#website\",\"url\":\"https:\\\/\\\/mrnews.com.br\\\/\",\"name\":\"MRNews\",\"description\":\"MRNews Jogos de hoje da TV, transmiss\u00f5es ao vivo, Not\u00edcias de futebol, Jogos ao vivo, Lives, resumo de novelas, Programa\u00e7\u00e3o da Globo, A Fazenda e BBB\",\"publisher\":{\"@id\":\"https:\\\/\\\/mrnews.com.br\\\/#organization\"},\"potentialAction\":[{\"@type\":\"SearchAction\",\"target\":{\"@type\":\"EntryPoint\",\"urlTemplate\":\"https:\\\/\\\/mrnews.com.br\\\/?s={search_term_string}\"},\"query-input\":{\"@type\":\"PropertyValueSpecification\",\"valueRequired\":true,\"valueName\":\"search_term_string\"}}],\"inLanguage\":\"pt-BR\"},{\"@type\":\"Organization\",\"@id\":\"https:\\\/\\\/mrnews.com.br\\\/#organization\",\"name\":\"MRNews\",\"url\":\"https:\\\/\\\/mrnews.com.br\\\/\",\"logo\":{\"@type\":\"ImageObject\",\"inLanguage\":\"pt-BR\",\"@id\":\"https:\\\/\\\/mrnews.com.br\\\/#\\\/schema\\\/logo\\\/image\\\/\",\"url\":\"https:\\\/\\\/mrnews.com.br\\\/wp-content\\\/uploads\\\/2019\\\/06\\\/MRNewslogo2.png\",\"contentUrl\":\"https:\\\/\\\/mrnews.com.br\\\/wp-content\\\/uploads\\\/2019\\\/06\\\/MRNewslogo2.png\",\"width\":223,\"height\":58,\"caption\":\"MRNews\"},\"image\":{\"@id\":\"https:\\\/\\\/mrnews.com.br\\\/#\\\/schema\\\/logo\\\/image\\\/\"},\"sameAs\":[\"https:\\\/\\\/www.facebook.com\\\/eaipahpah\\\/?locale2=pt_BR\",\"https:\\\/\\\/x.com\\\/conspirou\",\"https:\\\/\\\/www.instagram.com\\\/eai_pahpah\",\"https:\\\/\\\/br.pinterest.com\\\/mrnewsn\\\/boards\\\/\",\"https:\\\/\\\/www.youtube.com\\\/channel\\\/UCacgnpznQ61fifLWr1tQ-vA?view_as=subscriber\"]},{\"@type\":\"Person\",\"@id\":\"https:\\\/\\\/mrnews.com.br\\\/#\\\/schema\\\/person\\\/be3203154562a9f207407861cef7827b\",\"name\":\"MR News\",\"image\":{\"@type\":\"ImageObject\",\"inLanguage\":\"pt-BR\",\"@id\":\"https:\\\/\\\/secure.gravatar.com\\\/avatar\\\/04084e6d73c042b8646e7c17b494073bf0ede3ea13c7105cfc45cbbbc28385a4?s=96&d=monsterid&r=g\",\"url\":\"https:\\\/\\\/secure.gravatar.com\\\/avatar\\\/04084e6d73c042b8646e7c17b494073bf0ede3ea13c7105cfc45cbbbc28385a4?s=96&d=monsterid&r=g\",\"contentUrl\":\"https:\\\/\\\/secure.gravatar.com\\\/avatar\\\/04084e6d73c042b8646e7c17b494073bf0ede3ea13c7105cfc45cbbbc28385a4?s=96&d=monsterid&r=g\",\"caption\":\"MR News\"},\"description\":\"Especializado em jornalismo colaborativo pela FTP em n\u00edvel de p\u00f3s-gradua\u00e7\u00e3o. suporte@oimeliga.combr\",\"sameAs\":[\"HUGO R.\",\"Admin\"],\"url\":\"https:\\\/\\\/mrnews.com.br\\\/index.php\\\/author\\\/admin\\\/\"}]}<\/script>\n<!-- \/ Yoast SEO plugin. -->","yoast_head_json":{"title":"Com vias interditadas, Rio de Janeiro entra em est\u00e1gio 2 de aten\u00e7\u00e3o","robots":{"index":"index","follow":"follow","max-snippet":"max-snippet:-1","max-image-preview":"max-image-preview:large","max-video-preview":"max-video-preview:-1"},"canonical":"https:\/\/mrnews.com.br\/index.php\/2025\/10\/28\/com-vias-interditadas-rio-de-janeiro-entra-em-estagio-2-de-atencao\/","og_locale":"pt_BR","og_type":"article","og_title":"Com vias interditadas, Rio de Janeiro entra em est\u00e1gio 2 de aten\u00e7\u00e3o","og_description":"Por EBC, O munic\u00edpio do Rio de Janeiro entrou em est\u00e1gio 2 de aten\u00e7\u00e3o, o que significa risco de ocorr\u00eancia de alto impacto, por conta da opera\u00e7\u00e3o das pol\u00edcias Militar e Civil deflagrada nesta ter\u00e7a-feira (28) na regi\u00e3o dos complexos da Penha e do Alem\u00e3o. De acordo com o governo do estado, a a\u00e7\u00e3o mobiliza &hellip;","og_url":"https:\/\/mrnews.com.br\/index.php\/2025\/10\/28\/com-vias-interditadas-rio-de-janeiro-entra-em-estagio-2-de-atencao\/","og_site_name":"MRNews","article_publisher":"https:\/\/www.facebook.com\/eaipahpah\/?locale2=pt_BR","article_published_time":"2025-10-28T19:05:12+00:00","author":"MR News","twitter_card":"summary_large_image","twitter_creator":"@conspirou","twitter_site":"@conspirou","twitter_misc":{"Escrito por":"MR News","Est. tempo de leitura":"2 minutos"},"schema":{"@context":"https:\/\/schema.org","@graph":[{"@type":"Article","@id":"https:\/\/mrnews.com.br\/index.php\/2025\/10\/28\/com-vias-interditadas-rio-de-janeiro-entra-em-estagio-2-de-atencao\/#article","isPartOf":{"@id":"https:\/\/mrnews.com.br\/index.php\/2025\/10\/28\/com-vias-interditadas-rio-de-janeiro-entra-em-estagio-2-de-atencao\/"},"author":{"name":"MR News","@id":"https:\/\/mrnews.com.br\/#\/schema\/person\/be3203154562a9f207407861cef7827b"},"headline":"Com vias interditadas, Rio de Janeiro entra em est\u00e1gio 2 de aten\u00e7\u00e3o","datePublished":"2025-10-28T19:05:12+00:00","mainEntityOfPage":{"@id":"https:\/\/mrnews.com.br\/index.php\/2025\/10\/28\/com-vias-interditadas-rio-de-janeiro-entra-em-estagio-2-de-atencao\/"},"wordCount":481,"commentCount":0,"publisher":{"@id":"https:\/\/mrnews.com.br\/#organization"},"articleSection":["ENTRETENIMENTO","NOTICIAS","SERVI\u00c7OS"],"inLanguage":"pt-BR","potentialAction":[{"@type":"CommentAction","name":"Comment","target":["https:\/\/mrnews.com.br\/index.php\/2025\/10\/28\/com-vias-interditadas-rio-de-janeiro-entra-em-estagio-2-de-atencao\/#respond"]}]},{"@type":"WebPage","@id":"https:\/\/mrnews.com.br\/index.php\/2025\/10\/28\/com-vias-interditadas-rio-de-janeiro-entra-em-estagio-2-de-atencao\/","url":"https:\/\/mrnews.com.br\/index.php\/2025\/10\/28\/com-vias-interditadas-rio-de-janeiro-entra-em-estagio-2-de-atencao\/","name":"Com vias interditadas, Rio de Janeiro entra em est\u00e1gio 2 de aten\u00e7\u00e3o","isPartOf":{"@id":"https:\/\/mrnews.com.br\/#website"},"datePublished":"2025-10-28T19:05:12+00:00","breadcrumb":{"@id":"https:\/\/mrnews.com.br\/index.php\/2025\/10\/28\/com-vias-interditadas-rio-de-janeiro-entra-em-estagio-2-de-atencao\/#breadcrumb"},"inLanguage":"pt-BR","potentialAction":[{"@type":"ReadAction","target":["https:\/\/mrnews.com.br\/index.php\/2025\/10\/28\/com-vias-interditadas-rio-de-janeiro-entra-em-estagio-2-de-atencao\/"]}]},{"@type":"BreadcrumbList","@id":"https:\/\/mrnews.com.br\/index.php\/2025\/10\/28\/com-vias-interditadas-rio-de-janeiro-entra-em-estagio-2-de-atencao\/#breadcrumb","itemListElement":[{"@type":"ListItem","position":1,"name":"In\u00edcio","item":"https:\/\/mrnews.com.br\/"},{"@type":"ListItem","position":2,"name":"Com vias interditadas, Rio de Janeiro entra em est\u00e1gio 2 de aten\u00e7\u00e3o"}]},{"@type":"WebSite","@id":"https:\/\/mrnews.com.br\/#website","url":"https:\/\/mrnews.com.br\/","name":"MRNews","description":"MRNews Jogos de hoje da TV, transmiss\u00f5es ao vivo, Not\u00edcias de futebol, Jogos ao vivo, Lives, resumo de novelas, Programa\u00e7\u00e3o da Globo, A Fazenda e BBB","publisher":{"@id":"https:\/\/mrnews.com.br\/#organization"},"potentialAction":[{"@type":"SearchAction","target":{"@type":"EntryPoint","urlTemplate":"https:\/\/mrnews.com.br\/?s={search_term_string}"},"query-input":{"@type":"PropertyValueSpecification","valueRequired":true,"valueName":"search_term_string"}}],"inLanguage":"pt-BR"},{"@type":"Organization","@id":"https:\/\/mrnews.com.br\/#organization","name":"MRNews","url":"https:\/\/mrnews.com.br\/","logo":{"@type":"ImageObject","inLanguage":"pt-BR","@id":"https:\/\/mrnews.com.br\/#\/schema\/logo\/image\/","url":"https:\/\/mrnews.com.br\/wp-content\/uploads\/2019\/06\/MRNewslogo2.png","contentUrl":"https:\/\/mrnews.com.br\/wp-content\/uploads\/2019\/06\/MRNewslogo2.png","width":223,"height":58,"caption":"MRNews"},"image":{"@id":"https:\/\/mrnews.com.br\/#\/schema\/logo\/image\/"},"sameAs":["https:\/\/www.facebook.com\/eaipahpah\/?locale2=pt_BR","https:\/\/x.com\/conspirou","https:\/\/www.instagram.com\/eai_pahpah","https:\/\/br.pinterest.com\/mrnewsn\/boards\/","https:\/\/www.youtube.com\/channel\/UCacgnpznQ61fifLWr1tQ-vA?view_as=subscriber"]},{"@type":"Person","@id":"https:\/\/mrnews.com.br\/#\/schema\/person\/be3203154562a9f207407861cef7827b","name":"MR News","image":{"@type":"ImageObject","inLanguage":"pt-BR","@id":"https:\/\/secure.gravatar.com\/avatar\/04084e6d73c042b8646e7c17b494073bf0ede3ea13c7105cfc45cbbbc28385a4?s=96&d=monsterid&r=g","url":"https:\/\/secure.gravatar.com\/avatar\/04084e6d73c042b8646e7c17b494073bf0ede3ea13c7105cfc45cbbbc28385a4?s=96&d=monsterid&r=g","contentUrl":"https:\/\/secure.gravatar.com\/avatar\/04084e6d73c042b8646e7c17b494073bf0ede3ea13c7105cfc45cbbbc28385a4?s=96&d=monsterid&r=g","caption":"MR News"},"description":"Especializado em jornalismo colaborativo pela FTP em n\u00edvel de p\u00f3s-gradua\u00e7\u00e3o. suporte@oimeliga.combr","sameAs":["HUGO R.","Admin"],"url":"https:\/\/mrnews.com.br\/index.php\/author\/admin\/"}]}},"jetpack_featured_media_url":"","jetpack_sharing_enabled":true,"jetpack_shortlink":"https:\/\/wp.me\/pa2Qf7-1TqX","amp_enabled":true,"_links":{"self":[{"href":"https:\/\/mrnews.com.br\/index.php\/wp-json\/wp\/v2\/posts\/451419","targetHints":{"allow":["GET"]}}],"collection":[{"href":"https:\/\/mrnews.com.br\/index.php\/wp-json\/wp\/v2\/posts"}],"about":[{"href":"https:\/\/mrnews.com.br\/index.php\/wp-json\/wp\/v2\/types\/post"}],"author":[{"embeddable":true,"href":"https:\/\/mrnews.com.br\/index.php\/wp-json\/wp\/v2\/users\/1"}],"replies":[{"embeddable":true,"href":"https:\/\/mrnews.com.br\/index.php\/wp-json\/wp\/v2\/comments?post=451419"}],"version-history":[{"count":0,"href":"https:\/\/mrnews.com.br\/index.php\/wp-json\/wp\/v2\/posts\/451419\/revisions"}],"wp:attachment":[{"href":"https:\/\/mrnews.com.br\/index.php\/wp-json\/wp\/v2\/media?parent=451419"}],"wp:term":[{"taxonomy":"category","embeddable":true,"href":"https:\/\/mrnews.com.br\/index.php\/wp-json\/wp\/v2\/categories?post=451419"},{"taxonomy":"post_tag","embeddable":true,"href":"https:\/\/mrnews.com.br\/index.php\/wp-json\/wp\/v2\/tags?post=451419"}],"curies":[{"name":"wp","href":"https:\/\/api.w.org\/{rel}","templated":true}]}}