{"id":451427,"date":"2025-10-28T20:17:12","date_gmt":"2025-10-28T23:17:12","guid":{"rendered":"https:\/\/mrnews.com.br\/index.php\/2025\/10\/28\/stf-reconhece-fim-da-acao-penal-do-golpe-para-mauro-cid\/"},"modified":"2025-10-28T20:17:12","modified_gmt":"2025-10-28T23:17:12","slug":"stf-reconhece-fim-da-acao-penal-do-golpe-para-mauro-cid","status":"publish","type":"post","link":"https:\/\/mrnews.com.br\/index.php\/2025\/10\/28\/stf-reconhece-fim-da-acao-penal-do-golpe-para-mauro-cid\/","title":{"rendered":"STF reconhece fim da a\u00e7\u00e3o penal do golpe para Mauro Cid"},"content":{"rendered":"<p>Por EBC, <\/p>\n<div>\n<p><strong>O Supremo Tribunal Federal (STF) certificou nesta ter\u00e7a-feira (28) o fim da a\u00e7\u00e3o penal da trama golpista para o tenente-coronel Mauro Cid, ex-ajudante de ordens de Jair Bolsonaro.<\/strong><\/p>\n<p>A medida foi tomada\u00a0pela Secretaria Judici\u00e1ria da Corte ap\u00f3s o fim do prazo para as defesas do militar, do ex-presidente Jair Bolsonaro e de demais condenados do N\u00facleo 1 protocolarem recurso contra as condena\u00e7\u00f5es. O prazo foi encerrado nesta segunda-feira (27).<\/p>\n<p>A partir de agora, caber\u00e1 ao ministro Alexandre de Moraes, relator do caso, decidir se o ex-ajudante ter\u00e1 a punibilidade extinta em fun\u00e7\u00e3o do acordo de dela\u00e7\u00e3o premiada.<\/p>\n<p><strong>Os advogados de Cid n\u00e3o recorreram da condena\u00e7\u00e3o e pediram ao ministro a declara\u00e7\u00e3o do fim do processo e a retirada das medidas impostas.\u00a0<\/strong><\/p>\n<p><strong>O\u00a0militar\u00a0foi condenado a 2 anos de pris\u00e3o\u00a0em regime aberto e teve assegurado o direito \u00e0 liberdade. Cid j\u00e1 cumpriu a pena no per\u00edodo em que ficou preso durante as investiga\u00e7\u00f5es, mas ainda est\u00e1 sob o monitoramento de tornozeleira eletr\u00f4nica e com bens e passaportes retidos.\u00a0<\/strong><\/p>\n<p>Os recursos de Bolsonaro e demais acusados ser\u00e3o julgados pela Primeira Turma da Corte a partir do dia 7 de novembro.<\/p>\n<p>No dia 11 de setembro, por 4 votos a 1, a Primeira Turma do STF condenou Cid, Bolsonaro e mais seis r\u00e9us pelos crimes de crimes de organiza\u00e7\u00e3o criminosa armada, tentativa de aboli\u00e7\u00e3o violenta do Estado Democr\u00e1tico de Direito, golpe de Estado, dano qualificado pela viol\u00eancia e grave amea\u00e7a e deteriora\u00e7\u00e3o de patrim\u00f4nio tombado.\u00a0<\/p>\n<p>      <!-- Relacionada --><\/p>\n<p>            <!-- Relacionada -->\n    <\/div>\n","protected":false},"excerpt":{"rendered":"<p>Por EBC, O Supremo Tribunal Federal (STF) certificou nesta ter\u00e7a-feira (28) o fim da a\u00e7\u00e3o penal da trama golpista para o tenente-coronel Mauro Cid, ex-ajudante de ordens de Jair Bolsonaro. A medida foi tomada\u00a0pela Secretaria Judici\u00e1ria da Corte ap\u00f3s o fim do prazo para as defesas do militar, do ex-presidente Jair Bolsonaro e de demais &hellip;<\/p>\n","protected":false},"author":1,"featured_media":0,"comment_status":"open","ping_status":"open","sticky":false,"template":"","format":"standard","meta":{"_jetpack_memberships_contains_paid_content":false,"footnotes":""},"categories":[2,12225,4],"tags":[],"class_list":["post-451427","post","type-post","status-publish","format-standard","hentry","category-entretenimento","category-noticias","category-servicos"],"yoast_head":"<!-- This site is optimized with the Yoast SEO plugin v27.5 - https:\/\/yoast.com\/product\/yoast-seo-wordpress\/ -->\n<title>STF reconhece fim da a\u00e7\u00e3o penal do golpe para Mauro Cid<\/title>\n<meta name=\"robots\" content=\"index, follow, max-snippet:-1, max-image-preview:large, max-video-preview:-1\" \/>\n<link rel=\"canonical\" href=\"https:\/\/mrnews.com.br\/index.php\/2025\/10\/28\/stf-reconhece-fim-da-acao-penal-do-golpe-para-mauro-cid\/\" \/>\n<meta property=\"og:locale\" content=\"pt_BR\" \/>\n<meta property=\"og:type\" content=\"article\" \/>\n<meta property=\"og:title\" content=\"STF reconhece fim da a\u00e7\u00e3o penal do golpe para Mauro Cid\" \/>\n<meta property=\"og:description\" content=\"Por EBC, O Supremo Tribunal Federal (STF) certificou nesta ter\u00e7a-feira (28) o fim da a\u00e7\u00e3o penal da trama golpista para o tenente-coronel Mauro Cid, ex-ajudante de ordens de Jair Bolsonaro. A medida foi tomada\u00a0pela Secretaria Judici\u00e1ria da Corte ap\u00f3s o fim do prazo para as defesas do militar, do ex-presidente Jair Bolsonaro e de demais &hellip;\" \/>\n<meta property=\"og:url\" content=\"https:\/\/mrnews.com.br\/index.php\/2025\/10\/28\/stf-reconhece-fim-da-acao-penal-do-golpe-para-mauro-cid\/\" \/>\n<meta property=\"og:site_name\" content=\"MRNews\" \/>\n<meta property=\"article:publisher\" content=\"https:\/\/www.facebook.com\/eaipahpah\/?locale2=pt_BR\" \/>\n<meta property=\"article:published_time\" content=\"2025-10-28T23:17:12+00:00\" \/>\n<meta name=\"author\" content=\"MR News\" \/>\n<meta name=\"twitter:card\" content=\"summary_large_image\" \/>\n<meta name=\"twitter:creator\" content=\"@conspirou\" \/>\n<meta name=\"twitter:site\" content=\"@conspirou\" \/>\n<meta name=\"twitter:label1\" content=\"Escrito por\" \/>\n\t<meta name=\"twitter:data1\" content=\"MR News\" \/>\n\t<meta name=\"twitter:label2\" content=\"Est. tempo de leitura\" \/>\n\t<meta name=\"twitter:data2\" content=\"1 minuto\" \/>\n<script type=\"application\/ld+json\" class=\"yoast-schema-graph\">{\"@context\":\"https:\\\/\\\/schema.org\",\"@graph\":[{\"@type\":\"Article\",\"@id\":\"https:\\\/\\\/mrnews.com.br\\\/index.php\\\/2025\\\/10\\\/28\\\/stf-reconhece-fim-da-acao-penal-do-golpe-para-mauro-cid\\\/#article\",\"isPartOf\":{\"@id\":\"https:\\\/\\\/mrnews.com.br\\\/index.php\\\/2025\\\/10\\\/28\\\/stf-reconhece-fim-da-acao-penal-do-golpe-para-mauro-cid\\\/\"},\"author\":{\"name\":\"MR News\",\"@id\":\"https:\\\/\\\/mrnews.com.br\\\/#\\\/schema\\\/person\\\/be3203154562a9f207407861cef7827b\"},\"headline\":\"STF reconhece fim da a\u00e7\u00e3o penal do golpe para Mauro Cid\",\"datePublished\":\"2025-10-28T23:17:12+00:00\",\"mainEntityOfPage\":{\"@id\":\"https:\\\/\\\/mrnews.com.br\\\/index.php\\\/2025\\\/10\\\/28\\\/stf-reconhece-fim-da-acao-penal-do-golpe-para-mauro-cid\\\/\"},\"wordCount\":274,\"commentCount\":0,\"publisher\":{\"@id\":\"https:\\\/\\\/mrnews.com.br\\\/#organization\"},\"articleSection\":[\"ENTRETENIMENTO\",\"NOTICIAS\",\"SERVI\u00c7OS\"],\"inLanguage\":\"pt-BR\",\"potentialAction\":[{\"@type\":\"CommentAction\",\"name\":\"Comment\",\"target\":[\"https:\\\/\\\/mrnews.com.br\\\/index.php\\\/2025\\\/10\\\/28\\\/stf-reconhece-fim-da-acao-penal-do-golpe-para-mauro-cid\\\/#respond\"]}]},{\"@type\":\"WebPage\",\"@id\":\"https:\\\/\\\/mrnews.com.br\\\/index.php\\\/2025\\\/10\\\/28\\\/stf-reconhece-fim-da-acao-penal-do-golpe-para-mauro-cid\\\/\",\"url\":\"https:\\\/\\\/mrnews.com.br\\\/index.php\\\/2025\\\/10\\\/28\\\/stf-reconhece-fim-da-acao-penal-do-golpe-para-mauro-cid\\\/\",\"name\":\"STF reconhece fim da a\u00e7\u00e3o penal do golpe para Mauro Cid\",\"isPartOf\":{\"@id\":\"https:\\\/\\\/mrnews.com.br\\\/#website\"},\"datePublished\":\"2025-10-28T23:17:12+00:00\",\"breadcrumb\":{\"@id\":\"https:\\\/\\\/mrnews.com.br\\\/index.php\\\/2025\\\/10\\\/28\\\/stf-reconhece-fim-da-acao-penal-do-golpe-para-mauro-cid\\\/#breadcrumb\"},\"inLanguage\":\"pt-BR\",\"potentialAction\":[{\"@type\":\"ReadAction\",\"target\":[\"https:\\\/\\\/mrnews.com.br\\\/index.php\\\/2025\\\/10\\\/28\\\/stf-reconhece-fim-da-acao-penal-do-golpe-para-mauro-cid\\\/\"]}]},{\"@type\":\"BreadcrumbList\",\"@id\":\"https:\\\/\\\/mrnews.com.br\\\/index.php\\\/2025\\\/10\\\/28\\\/stf-reconhece-fim-da-acao-penal-do-golpe-para-mauro-cid\\\/#breadcrumb\",\"itemListElement\":[{\"@type\":\"ListItem\",\"position\":1,\"name\":\"In\u00edcio\",\"item\":\"https:\\\/\\\/mrnews.com.br\\\/\"},{\"@type\":\"ListItem\",\"position\":2,\"name\":\"STF reconhece fim da a\u00e7\u00e3o penal do golpe para Mauro Cid\"}]},{\"@type\":\"WebSite\",\"@id\":\"https:\\\/\\\/mrnews.com.br\\\/#website\",\"url\":\"https:\\\/\\\/mrnews.com.br\\\/\",\"name\":\"MRNews\",\"description\":\"MRNews Jogos de hoje da TV, transmiss\u00f5es ao vivo, Not\u00edcias de futebol, Jogos ao vivo, Lives, resumo de novelas, Programa\u00e7\u00e3o da Globo, A Fazenda e BBB\",\"publisher\":{\"@id\":\"https:\\\/\\\/mrnews.com.br\\\/#organization\"},\"potentialAction\":[{\"@type\":\"SearchAction\",\"target\":{\"@type\":\"EntryPoint\",\"urlTemplate\":\"https:\\\/\\\/mrnews.com.br\\\/?s={search_term_string}\"},\"query-input\":{\"@type\":\"PropertyValueSpecification\",\"valueRequired\":true,\"valueName\":\"search_term_string\"}}],\"inLanguage\":\"pt-BR\"},{\"@type\":\"Organization\",\"@id\":\"https:\\\/\\\/mrnews.com.br\\\/#organization\",\"name\":\"MRNews\",\"url\":\"https:\\\/\\\/mrnews.com.br\\\/\",\"logo\":{\"@type\":\"ImageObject\",\"inLanguage\":\"pt-BR\",\"@id\":\"https:\\\/\\\/mrnews.com.br\\\/#\\\/schema\\\/logo\\\/image\\\/\",\"url\":\"https:\\\/\\\/mrnews.com.br\\\/wp-content\\\/uploads\\\/2019\\\/06\\\/MRNewslogo2.png\",\"contentUrl\":\"https:\\\/\\\/mrnews.com.br\\\/wp-content\\\/uploads\\\/2019\\\/06\\\/MRNewslogo2.png\",\"width\":223,\"height\":58,\"caption\":\"MRNews\"},\"image\":{\"@id\":\"https:\\\/\\\/mrnews.com.br\\\/#\\\/schema\\\/logo\\\/image\\\/\"},\"sameAs\":[\"https:\\\/\\\/www.facebook.com\\\/eaipahpah\\\/?locale2=pt_BR\",\"https:\\\/\\\/x.com\\\/conspirou\",\"https:\\\/\\\/www.instagram.com\\\/eai_pahpah\",\"https:\\\/\\\/br.pinterest.com\\\/mrnewsn\\\/boards\\\/\",\"https:\\\/\\\/www.youtube.com\\\/channel\\\/UCacgnpznQ61fifLWr1tQ-vA?view_as=subscriber\"]},{\"@type\":\"Person\",\"@id\":\"https:\\\/\\\/mrnews.com.br\\\/#\\\/schema\\\/person\\\/be3203154562a9f207407861cef7827b\",\"name\":\"MR News\",\"image\":{\"@type\":\"ImageObject\",\"inLanguage\":\"pt-BR\",\"@id\":\"https:\\\/\\\/secure.gravatar.com\\\/avatar\\\/04084e6d73c042b8646e7c17b494073bf0ede3ea13c7105cfc45cbbbc28385a4?s=96&d=monsterid&r=g\",\"url\":\"https:\\\/\\\/secure.gravatar.com\\\/avatar\\\/04084e6d73c042b8646e7c17b494073bf0ede3ea13c7105cfc45cbbbc28385a4?s=96&d=monsterid&r=g\",\"contentUrl\":\"https:\\\/\\\/secure.gravatar.com\\\/avatar\\\/04084e6d73c042b8646e7c17b494073bf0ede3ea13c7105cfc45cbbbc28385a4?s=96&d=monsterid&r=g\",\"caption\":\"MR News\"},\"description\":\"Especializado em jornalismo colaborativo pela FTP em n\u00edvel de p\u00f3s-gradua\u00e7\u00e3o. suporte@oimeliga.combr\",\"sameAs\":[\"HUGO R.\",\"Admin\"],\"url\":\"https:\\\/\\\/mrnews.com.br\\\/index.php\\\/author\\\/admin\\\/\"}]}<\/script>\n<!-- \/ Yoast SEO plugin. -->","yoast_head_json":{"title":"STF reconhece fim da a\u00e7\u00e3o penal do golpe para Mauro Cid","robots":{"index":"index","follow":"follow","max-snippet":"max-snippet:-1","max-image-preview":"max-image-preview:large","max-video-preview":"max-video-preview:-1"},"canonical":"https:\/\/mrnews.com.br\/index.php\/2025\/10\/28\/stf-reconhece-fim-da-acao-penal-do-golpe-para-mauro-cid\/","og_locale":"pt_BR","og_type":"article","og_title":"STF reconhece fim da a\u00e7\u00e3o penal do golpe para Mauro Cid","og_description":"Por EBC, O Supremo Tribunal Federal (STF) certificou nesta ter\u00e7a-feira (28) o fim da a\u00e7\u00e3o penal da trama golpista para o tenente-coronel Mauro Cid, ex-ajudante de ordens de Jair Bolsonaro. A medida foi tomada\u00a0pela Secretaria Judici\u00e1ria da Corte ap\u00f3s o fim do prazo para as defesas do militar, do ex-presidente Jair Bolsonaro e de demais &hellip;","og_url":"https:\/\/mrnews.com.br\/index.php\/2025\/10\/28\/stf-reconhece-fim-da-acao-penal-do-golpe-para-mauro-cid\/","og_site_name":"MRNews","article_publisher":"https:\/\/www.facebook.com\/eaipahpah\/?locale2=pt_BR","article_published_time":"2025-10-28T23:17:12+00:00","author":"MR News","twitter_card":"summary_large_image","twitter_creator":"@conspirou","twitter_site":"@conspirou","twitter_misc":{"Escrito por":"MR News","Est. tempo de leitura":"1 minuto"},"schema":{"@context":"https:\/\/schema.org","@graph":[{"@type":"Article","@id":"https:\/\/mrnews.com.br\/index.php\/2025\/10\/28\/stf-reconhece-fim-da-acao-penal-do-golpe-para-mauro-cid\/#article","isPartOf":{"@id":"https:\/\/mrnews.com.br\/index.php\/2025\/10\/28\/stf-reconhece-fim-da-acao-penal-do-golpe-para-mauro-cid\/"},"author":{"name":"MR News","@id":"https:\/\/mrnews.com.br\/#\/schema\/person\/be3203154562a9f207407861cef7827b"},"headline":"STF reconhece fim da a\u00e7\u00e3o penal do golpe para Mauro Cid","datePublished":"2025-10-28T23:17:12+00:00","mainEntityOfPage":{"@id":"https:\/\/mrnews.com.br\/index.php\/2025\/10\/28\/stf-reconhece-fim-da-acao-penal-do-golpe-para-mauro-cid\/"},"wordCount":274,"commentCount":0,"publisher":{"@id":"https:\/\/mrnews.com.br\/#organization"},"articleSection":["ENTRETENIMENTO","NOTICIAS","SERVI\u00c7OS"],"inLanguage":"pt-BR","potentialAction":[{"@type":"CommentAction","name":"Comment","target":["https:\/\/mrnews.com.br\/index.php\/2025\/10\/28\/stf-reconhece-fim-da-acao-penal-do-golpe-para-mauro-cid\/#respond"]}]},{"@type":"WebPage","@id":"https:\/\/mrnews.com.br\/index.php\/2025\/10\/28\/stf-reconhece-fim-da-acao-penal-do-golpe-para-mauro-cid\/","url":"https:\/\/mrnews.com.br\/index.php\/2025\/10\/28\/stf-reconhece-fim-da-acao-penal-do-golpe-para-mauro-cid\/","name":"STF reconhece fim da a\u00e7\u00e3o penal do golpe para Mauro Cid","isPartOf":{"@id":"https:\/\/mrnews.com.br\/#website"},"datePublished":"2025-10-28T23:17:12+00:00","breadcrumb":{"@id":"https:\/\/mrnews.com.br\/index.php\/2025\/10\/28\/stf-reconhece-fim-da-acao-penal-do-golpe-para-mauro-cid\/#breadcrumb"},"inLanguage":"pt-BR","potentialAction":[{"@type":"ReadAction","target":["https:\/\/mrnews.com.br\/index.php\/2025\/10\/28\/stf-reconhece-fim-da-acao-penal-do-golpe-para-mauro-cid\/"]}]},{"@type":"BreadcrumbList","@id":"https:\/\/mrnews.com.br\/index.php\/2025\/10\/28\/stf-reconhece-fim-da-acao-penal-do-golpe-para-mauro-cid\/#breadcrumb","itemListElement":[{"@type":"ListItem","position":1,"name":"In\u00edcio","item":"https:\/\/mrnews.com.br\/"},{"@type":"ListItem","position":2,"name":"STF reconhece fim da a\u00e7\u00e3o penal do golpe para Mauro Cid"}]},{"@type":"WebSite","@id":"https:\/\/mrnews.com.br\/#website","url":"https:\/\/mrnews.com.br\/","name":"MRNews","description":"MRNews Jogos de hoje da TV, transmiss\u00f5es ao vivo, Not\u00edcias de futebol, Jogos ao vivo, Lives, resumo de novelas, Programa\u00e7\u00e3o da Globo, A Fazenda e BBB","publisher":{"@id":"https:\/\/mrnews.com.br\/#organization"},"potentialAction":[{"@type":"SearchAction","target":{"@type":"EntryPoint","urlTemplate":"https:\/\/mrnews.com.br\/?s={search_term_string}"},"query-input":{"@type":"PropertyValueSpecification","valueRequired":true,"valueName":"search_term_string"}}],"inLanguage":"pt-BR"},{"@type":"Organization","@id":"https:\/\/mrnews.com.br\/#organization","name":"MRNews","url":"https:\/\/mrnews.com.br\/","logo":{"@type":"ImageObject","inLanguage":"pt-BR","@id":"https:\/\/mrnews.com.br\/#\/schema\/logo\/image\/","url":"https:\/\/mrnews.com.br\/wp-content\/uploads\/2019\/06\/MRNewslogo2.png","contentUrl":"https:\/\/mrnews.com.br\/wp-content\/uploads\/2019\/06\/MRNewslogo2.png","width":223,"height":58,"caption":"MRNews"},"image":{"@id":"https:\/\/mrnews.com.br\/#\/schema\/logo\/image\/"},"sameAs":["https:\/\/www.facebook.com\/eaipahpah\/?locale2=pt_BR","https:\/\/x.com\/conspirou","https:\/\/www.instagram.com\/eai_pahpah","https:\/\/br.pinterest.com\/mrnewsn\/boards\/","https:\/\/www.youtube.com\/channel\/UCacgnpznQ61fifLWr1tQ-vA?view_as=subscriber"]},{"@type":"Person","@id":"https:\/\/mrnews.com.br\/#\/schema\/person\/be3203154562a9f207407861cef7827b","name":"MR News","image":{"@type":"ImageObject","inLanguage":"pt-BR","@id":"https:\/\/secure.gravatar.com\/avatar\/04084e6d73c042b8646e7c17b494073bf0ede3ea13c7105cfc45cbbbc28385a4?s=96&d=monsterid&r=g","url":"https:\/\/secure.gravatar.com\/avatar\/04084e6d73c042b8646e7c17b494073bf0ede3ea13c7105cfc45cbbbc28385a4?s=96&d=monsterid&r=g","contentUrl":"https:\/\/secure.gravatar.com\/avatar\/04084e6d73c042b8646e7c17b494073bf0ede3ea13c7105cfc45cbbbc28385a4?s=96&d=monsterid&r=g","caption":"MR News"},"description":"Especializado em jornalismo colaborativo pela FTP em n\u00edvel de p\u00f3s-gradua\u00e7\u00e3o. suporte@oimeliga.combr","sameAs":["HUGO R.","Admin"],"url":"https:\/\/mrnews.com.br\/index.php\/author\/admin\/"}]}},"jetpack_featured_media_url":"","jetpack_sharing_enabled":true,"jetpack_shortlink":"https:\/\/wp.me\/pa2Qf7-1Tr5","amp_enabled":true,"_links":{"self":[{"href":"https:\/\/mrnews.com.br\/index.php\/wp-json\/wp\/v2\/posts\/451427","targetHints":{"allow":["GET"]}}],"collection":[{"href":"https:\/\/mrnews.com.br\/index.php\/wp-json\/wp\/v2\/posts"}],"about":[{"href":"https:\/\/mrnews.com.br\/index.php\/wp-json\/wp\/v2\/types\/post"}],"author":[{"embeddable":true,"href":"https:\/\/mrnews.com.br\/index.php\/wp-json\/wp\/v2\/users\/1"}],"replies":[{"embeddable":true,"href":"https:\/\/mrnews.com.br\/index.php\/wp-json\/wp\/v2\/comments?post=451427"}],"version-history":[{"count":0,"href":"https:\/\/mrnews.com.br\/index.php\/wp-json\/wp\/v2\/posts\/451427\/revisions"}],"wp:attachment":[{"href":"https:\/\/mrnews.com.br\/index.php\/wp-json\/wp\/v2\/media?parent=451427"}],"wp:term":[{"taxonomy":"category","embeddable":true,"href":"https:\/\/mrnews.com.br\/index.php\/wp-json\/wp\/v2\/categories?post=451427"},{"taxonomy":"post_tag","embeddable":true,"href":"https:\/\/mrnews.com.br\/index.php\/wp-json\/wp\/v2\/tags?post=451427"}],"curies":[{"name":"wp","href":"https:\/\/api.w.org\/{rel}","templated":true}]}}