{"id":451449,"date":"2025-10-29T12:42:13","date_gmt":"2025-10-29T15:42:13","guid":{"rendered":"https:\/\/mrnews.com.br\/index.php\/2025\/10\/29\/emissao-da-nova-carteira-de-identidade-nacional-em-bonito-pode-ser-agendada-online-ou-presencialmente-prefeitura-municipal-de-bonito\/"},"modified":"2025-10-29T12:42:13","modified_gmt":"2025-10-29T15:42:13","slug":"emissao-da-nova-carteira-de-identidade-nacional-em-bonito-pode-ser-agendada-online-ou-presencialmente-prefeitura-municipal-de-bonito","status":"publish","type":"post","link":"https:\/\/mrnews.com.br\/index.php\/2025\/10\/29\/emissao-da-nova-carteira-de-identidade-nacional-em-bonito-pode-ser-agendada-online-ou-presencialmente-prefeitura-municipal-de-bonito\/","title":{"rendered":"Emiss\u00e3o da nova Carteira de Identidade Nacional em Bonito pode ser agendada online ou presencialmente &#8211; Prefeitura Municipal de Bonito"},"content":{"rendered":"<p><\/p>\n<div>\n<div class=\"td-post-featured-image\"><\/div>\n<p>A nova Carteira de Identidade Nacional (CIN), tamb\u00e9m conhecida como \u201cnovo RG\u201d, j\u00e1 est\u00e1 dispon\u00edvel para os moradores de Bonito. O documento substitui gradualmente o modelo antigo e traz mais seguran\u00e7a, praticidade e padroniza\u00e7\u00e3o em todo o pa\u00eds.<\/p>\n<p>Entre as principais mudan\u00e7as est\u00e3o o uso do n\u00famero do CPF como identificador \u00fanico e a inclus\u00e3o de mecanismos antifraude, como o QR Code e o c\u00f3digo MRZ, que permite a leitura automatizada dos dados.<\/p>\n<p>Em Bonito, o processo de emiss\u00e3o e agendamento foi modernizado para reduzir filas e tornar o atendimento mais r\u00e1pido e organizado. Os cidad\u00e3os podem realizar o agendamento de duas formas: online, pelo site oficial da Secretaria de Estado de Justi\u00e7a e Seguran\u00e7a P\u00fablica (Sejusp), ou presencialmente, nos pontos de apoio municipais.<\/p>\n<h3 class=\"wp-block-heading\"><strong>Onde e como fazer o agendamento<\/strong><\/h3>\n<p><strong>1. Pela internet:<\/strong><br \/>Acesse o portal servicos.sejusp.ms.gov.br, selecione o posto de identifica\u00e7\u00e3o, preencha seus dados, escolha a data e o hor\u00e1rio desejados e salve o protocolo de atendimento.<\/p>\n<p><strong>2. Presencialmente:<\/strong><br \/>Quem preferir pode realizar o agendamento nos seguintes locais:<\/p>\n<ul class=\"wp-block-list\">\n<li><strong>CRAS (Centro de Refer\u00eancia de Assist\u00eancia Social)<\/strong> \u2013 Rua Posid\u00f4nio Monteiro, s\/n\u00ba (ao lado da UBS Rinc\u00e3o Bonito), Vila Marambaia;<\/li>\n<li><strong>Sala do Empreendedor<\/strong> \u2013 Rua Coronel Pilad Rebu\u00e1, n\u00ba 1.738, Centro.<\/li>\n<\/ul>\n<p>Em ambos os locais, servidores est\u00e3o dispon\u00edveis para auxiliar no processo de agendamento e orientar sobre os documentos necess\u00e1rios.<\/p>\n<h3 class=\"wp-block-heading\"><strong>Documentos exigidos<\/strong><\/h3>\n<p><strong>Para a 1\u00aa via:<\/strong><\/p>\n<ul class=\"wp-block-list\">\n<li>\u00b7 Certid\u00e3o de nascimento (original);<\/li>\n<li>\u00b7 Em caso de casamento, certid\u00e3o de casamento com averba\u00e7\u00e3o (original);<\/li>\n<li>\u00b7 Certificado de naturaliza\u00e7\u00e3o (para pessoas naturalizadas);<\/li>\n<li>\u00b7 CPF (emitir comprovante de situa\u00e7\u00e3o cadastral no site da Receita Federal).<\/li>\n<\/ul>\n<p>A certid\u00e3o de nascimento deve estar atualizada, conforme o Decreto n\u00ba 6.828, de 27 de abril de 2009, da legisla\u00e7\u00e3o brasileira, em vigor desde 1\u00ba de janeiro de 2010.<\/p>\n<h3 class=\"wp-block-heading\"><strong>Custos e prazos<\/strong><\/h3>\n<ul class=\"wp-block-list\">\n<li>\u00b7 A 1\u00aa via da CIN \u00e9 gratuita;<\/li>\n<li>\u00b7 A 2\u00aa via tem cobran\u00e7a de taxa, conforme tabela estadual;<\/li>\n<li>\u00b7 O prazo m\u00e9dio para retirada do documento \u00e9 de at\u00e9 30 dias corridos ap\u00f3s o atendimento.<\/li>\n<\/ul>\n<h3 class=\"wp-block-heading\"><strong>Importante<\/strong><\/h3>\n<ul class=\"wp-block-list\">\n<li>\u00b7 Compare\u00e7a ao Posto de Identifica\u00e7\u00e3o de Bonito, localizado na Rua Coronel Pilad Rebu\u00e1, n\u00ba 1.780 (anexo \u00e0 Prefeitura de Bonito), com todos os documentos exigidos. O atendimento \u00e9 de segunda a sexta-feira, das 7h \u00e0s 13h, exceto em feriados;<\/li>\n<li>\u00b7 Caso n\u00e3o possa comparecer, cancele o agendamento para liberar a vaga a outro cidad\u00e3o;<\/li>\n<li>\u00b7 Atrasos n\u00e3o ser\u00e3o tolerados, o atendimento ser\u00e1 cancelado, sendo necess\u00e1rio realizar um novo agendamento;<\/li>\n<li>\u00b7 O antigo RG continua v\u00e1lido at\u00e9 2032, mas a atualiza\u00e7\u00e3o \u00e9 recomendada por oferecer mais seguran\u00e7a e facilitar o uso em todo o territ\u00f3rio nacional;<\/li>\n<li>\u00b7 Menores de 14 anos devem comparecer acompanhados de um respons\u00e1vel.<\/li>\n<\/ul>\n<p>Para os moradores de Bonito que ainda n\u00e3o emitiram a nova Carteira de Identidade Nacional, este \u00e9 o momento ideal. O agendamento online, o atendimento organizado e a gratuidade da primeira via tornam o processo r\u00e1pido e pr\u00e1tico. A atualiza\u00e7\u00e3o do documento garante mais seguran\u00e7a, praticidade e comodidade para quem vive no munic\u00edpio.<\/p>\n<\/p><\/div>\n","protected":false},"excerpt":{"rendered":"<p>A nova Carteira de Identidade Nacional (CIN), tamb\u00e9m conhecida como \u201cnovo RG\u201d, j\u00e1 est\u00e1 dispon\u00edvel para os moradores de Bonito. O documento substitui gradualmente o modelo antigo e traz mais seguran\u00e7a, praticidade e padroniza\u00e7\u00e3o em todo o pa\u00eds. Entre as principais mudan\u00e7as est\u00e3o o uso do n\u00famero do CPF como identificador \u00fanico e a inclus\u00e3o &hellip;<\/p>\n","protected":false},"author":1,"featured_media":0,"comment_status":"open","ping_status":"open","sticky":false,"template":"","format":"standard","meta":{"_jetpack_memberships_contains_paid_content":false,"footnotes":""},"categories":[12410],"tags":[],"class_list":["post-451449","post","type-post","status-publish","format-standard","hentry","category-ms"],"yoast_head":"<!-- This site is optimized with the Yoast SEO plugin v27.5 - https:\/\/yoast.com\/product\/yoast-seo-wordpress\/ -->\n<title>Emiss\u00e3o da nova Carteira de Identidade Nacional em Bonito pode ser agendada online ou presencialmente - Prefeitura Municipal de Bonito<\/title>\n<meta name=\"robots\" content=\"index, follow, max-snippet:-1, max-image-preview:large, max-video-preview:-1\" \/>\n<link rel=\"canonical\" href=\"https:\/\/mrnews.com.br\/index.php\/2025\/10\/29\/emissao-da-nova-carteira-de-identidade-nacional-em-bonito-pode-ser-agendada-online-ou-presencialmente-prefeitura-municipal-de-bonito\/\" \/>\n<meta property=\"og:locale\" content=\"pt_BR\" \/>\n<meta property=\"og:type\" content=\"article\" \/>\n<meta property=\"og:title\" content=\"Emiss\u00e3o da nova Carteira de Identidade Nacional em Bonito pode ser agendada online ou presencialmente - Prefeitura Municipal de Bonito\" \/>\n<meta property=\"og:description\" content=\"A nova Carteira de Identidade Nacional (CIN), tamb\u00e9m conhecida como \u201cnovo RG\u201d, j\u00e1 est\u00e1 dispon\u00edvel para os moradores de Bonito. O documento substitui gradualmente o modelo antigo e traz mais seguran\u00e7a, praticidade e padroniza\u00e7\u00e3o em todo o pa\u00eds. Entre as principais mudan\u00e7as est\u00e3o o uso do n\u00famero do CPF como identificador \u00fanico e a inclus\u00e3o &hellip;\" \/>\n<meta property=\"og:url\" content=\"https:\/\/mrnews.com.br\/index.php\/2025\/10\/29\/emissao-da-nova-carteira-de-identidade-nacional-em-bonito-pode-ser-agendada-online-ou-presencialmente-prefeitura-municipal-de-bonito\/\" \/>\n<meta property=\"og:site_name\" content=\"MRNews\" \/>\n<meta property=\"article:publisher\" content=\"https:\/\/www.facebook.com\/eaipahpah\/?locale2=pt_BR\" \/>\n<meta property=\"article:published_time\" content=\"2025-10-29T15:42:13+00:00\" \/>\n<meta name=\"author\" content=\"MR News\" \/>\n<meta name=\"twitter:card\" content=\"summary_large_image\" \/>\n<meta name=\"twitter:creator\" content=\"@conspirou\" \/>\n<meta name=\"twitter:site\" content=\"@conspirou\" \/>\n<meta name=\"twitter:label1\" content=\"Escrito por\" \/>\n\t<meta name=\"twitter:data1\" content=\"MR News\" \/>\n\t<meta name=\"twitter:label2\" content=\"Est. tempo de leitura\" \/>\n\t<meta name=\"twitter:data2\" content=\"3 minutos\" \/>\n<script type=\"application\/ld+json\" class=\"yoast-schema-graph\">{\"@context\":\"https:\\\/\\\/schema.org\",\"@graph\":[{\"@type\":\"Article\",\"@id\":\"https:\\\/\\\/mrnews.com.br\\\/index.php\\\/2025\\\/10\\\/29\\\/emissao-da-nova-carteira-de-identidade-nacional-em-bonito-pode-ser-agendada-online-ou-presencialmente-prefeitura-municipal-de-bonito\\\/#article\",\"isPartOf\":{\"@id\":\"https:\\\/\\\/mrnews.com.br\\\/index.php\\\/2025\\\/10\\\/29\\\/emissao-da-nova-carteira-de-identidade-nacional-em-bonito-pode-ser-agendada-online-ou-presencialmente-prefeitura-municipal-de-bonito\\\/\"},\"author\":{\"name\":\"MR News\",\"@id\":\"https:\\\/\\\/mrnews.com.br\\\/#\\\/schema\\\/person\\\/be3203154562a9f207407861cef7827b\"},\"headline\":\"Emiss\u00e3o da nova Carteira de Identidade Nacional em Bonito pode ser agendada online ou presencialmente &#8211; Prefeitura Municipal de Bonito\",\"datePublished\":\"2025-10-29T15:42:13+00:00\",\"mainEntityOfPage\":{\"@id\":\"https:\\\/\\\/mrnews.com.br\\\/index.php\\\/2025\\\/10\\\/29\\\/emissao-da-nova-carteira-de-identidade-nacional-em-bonito-pode-ser-agendada-online-ou-presencialmente-prefeitura-municipal-de-bonito\\\/\"},\"wordCount\":533,\"commentCount\":0,\"publisher\":{\"@id\":\"https:\\\/\\\/mrnews.com.br\\\/#organization\"},\"articleSection\":[\"Mato Grosso do Sul\"],\"inLanguage\":\"pt-BR\",\"potentialAction\":[{\"@type\":\"CommentAction\",\"name\":\"Comment\",\"target\":[\"https:\\\/\\\/mrnews.com.br\\\/index.php\\\/2025\\\/10\\\/29\\\/emissao-da-nova-carteira-de-identidade-nacional-em-bonito-pode-ser-agendada-online-ou-presencialmente-prefeitura-municipal-de-bonito\\\/#respond\"]}]},{\"@type\":\"WebPage\",\"@id\":\"https:\\\/\\\/mrnews.com.br\\\/index.php\\\/2025\\\/10\\\/29\\\/emissao-da-nova-carteira-de-identidade-nacional-em-bonito-pode-ser-agendada-online-ou-presencialmente-prefeitura-municipal-de-bonito\\\/\",\"url\":\"https:\\\/\\\/mrnews.com.br\\\/index.php\\\/2025\\\/10\\\/29\\\/emissao-da-nova-carteira-de-identidade-nacional-em-bonito-pode-ser-agendada-online-ou-presencialmente-prefeitura-municipal-de-bonito\\\/\",\"name\":\"Emiss\u00e3o da nova Carteira de Identidade Nacional em Bonito pode ser agendada online ou presencialmente - Prefeitura Municipal de Bonito\",\"isPartOf\":{\"@id\":\"https:\\\/\\\/mrnews.com.br\\\/#website\"},\"datePublished\":\"2025-10-29T15:42:13+00:00\",\"breadcrumb\":{\"@id\":\"https:\\\/\\\/mrnews.com.br\\\/index.php\\\/2025\\\/10\\\/29\\\/emissao-da-nova-carteira-de-identidade-nacional-em-bonito-pode-ser-agendada-online-ou-presencialmente-prefeitura-municipal-de-bonito\\\/#breadcrumb\"},\"inLanguage\":\"pt-BR\",\"potentialAction\":[{\"@type\":\"ReadAction\",\"target\":[\"https:\\\/\\\/mrnews.com.br\\\/index.php\\\/2025\\\/10\\\/29\\\/emissao-da-nova-carteira-de-identidade-nacional-em-bonito-pode-ser-agendada-online-ou-presencialmente-prefeitura-municipal-de-bonito\\\/\"]}]},{\"@type\":\"BreadcrumbList\",\"@id\":\"https:\\\/\\\/mrnews.com.br\\\/index.php\\\/2025\\\/10\\\/29\\\/emissao-da-nova-carteira-de-identidade-nacional-em-bonito-pode-ser-agendada-online-ou-presencialmente-prefeitura-municipal-de-bonito\\\/#breadcrumb\",\"itemListElement\":[{\"@type\":\"ListItem\",\"position\":1,\"name\":\"In\u00edcio\",\"item\":\"https:\\\/\\\/mrnews.com.br\\\/\"},{\"@type\":\"ListItem\",\"position\":2,\"name\":\"Emiss\u00e3o da nova Carteira de Identidade Nacional em Bonito pode ser agendada online ou presencialmente &#8211; Prefeitura Municipal de Bonito\"}]},{\"@type\":\"WebSite\",\"@id\":\"https:\\\/\\\/mrnews.com.br\\\/#website\",\"url\":\"https:\\\/\\\/mrnews.com.br\\\/\",\"name\":\"MRNews\",\"description\":\"MRNews Jogos de hoje da TV, transmiss\u00f5es ao vivo, Not\u00edcias de futebol, Jogos ao vivo, Lives, resumo de novelas, Programa\u00e7\u00e3o da Globo, A Fazenda e BBB\",\"publisher\":{\"@id\":\"https:\\\/\\\/mrnews.com.br\\\/#organization\"},\"potentialAction\":[{\"@type\":\"SearchAction\",\"target\":{\"@type\":\"EntryPoint\",\"urlTemplate\":\"https:\\\/\\\/mrnews.com.br\\\/?s={search_term_string}\"},\"query-input\":{\"@type\":\"PropertyValueSpecification\",\"valueRequired\":true,\"valueName\":\"search_term_string\"}}],\"inLanguage\":\"pt-BR\"},{\"@type\":\"Organization\",\"@id\":\"https:\\\/\\\/mrnews.com.br\\\/#organization\",\"name\":\"MRNews\",\"url\":\"https:\\\/\\\/mrnews.com.br\\\/\",\"logo\":{\"@type\":\"ImageObject\",\"inLanguage\":\"pt-BR\",\"@id\":\"https:\\\/\\\/mrnews.com.br\\\/#\\\/schema\\\/logo\\\/image\\\/\",\"url\":\"https:\\\/\\\/mrnews.com.br\\\/wp-content\\\/uploads\\\/2019\\\/06\\\/MRNewslogo2.png\",\"contentUrl\":\"https:\\\/\\\/mrnews.com.br\\\/wp-content\\\/uploads\\\/2019\\\/06\\\/MRNewslogo2.png\",\"width\":223,\"height\":58,\"caption\":\"MRNews\"},\"image\":{\"@id\":\"https:\\\/\\\/mrnews.com.br\\\/#\\\/schema\\\/logo\\\/image\\\/\"},\"sameAs\":[\"https:\\\/\\\/www.facebook.com\\\/eaipahpah\\\/?locale2=pt_BR\",\"https:\\\/\\\/x.com\\\/conspirou\",\"https:\\\/\\\/www.instagram.com\\\/eai_pahpah\",\"https:\\\/\\\/br.pinterest.com\\\/mrnewsn\\\/boards\\\/\",\"https:\\\/\\\/www.youtube.com\\\/channel\\\/UCacgnpznQ61fifLWr1tQ-vA?view_as=subscriber\"]},{\"@type\":\"Person\",\"@id\":\"https:\\\/\\\/mrnews.com.br\\\/#\\\/schema\\\/person\\\/be3203154562a9f207407861cef7827b\",\"name\":\"MR News\",\"image\":{\"@type\":\"ImageObject\",\"inLanguage\":\"pt-BR\",\"@id\":\"https:\\\/\\\/secure.gravatar.com\\\/avatar\\\/04084e6d73c042b8646e7c17b494073bf0ede3ea13c7105cfc45cbbbc28385a4?s=96&d=monsterid&r=g\",\"url\":\"https:\\\/\\\/secure.gravatar.com\\\/avatar\\\/04084e6d73c042b8646e7c17b494073bf0ede3ea13c7105cfc45cbbbc28385a4?s=96&d=monsterid&r=g\",\"contentUrl\":\"https:\\\/\\\/secure.gravatar.com\\\/avatar\\\/04084e6d73c042b8646e7c17b494073bf0ede3ea13c7105cfc45cbbbc28385a4?s=96&d=monsterid&r=g\",\"caption\":\"MR News\"},\"description\":\"Especializado em jornalismo colaborativo pela FTP em n\u00edvel de p\u00f3s-gradua\u00e7\u00e3o. suporte@oimeliga.combr\",\"sameAs\":[\"HUGO R.\",\"Admin\"],\"url\":\"https:\\\/\\\/mrnews.com.br\\\/index.php\\\/author\\\/admin\\\/\"}]}<\/script>\n<!-- \/ Yoast SEO plugin. -->","yoast_head_json":{"title":"Emiss\u00e3o da nova Carteira de Identidade Nacional em Bonito pode ser agendada online ou presencialmente - Prefeitura Municipal de Bonito","robots":{"index":"index","follow":"follow","max-snippet":"max-snippet:-1","max-image-preview":"max-image-preview:large","max-video-preview":"max-video-preview:-1"},"canonical":"https:\/\/mrnews.com.br\/index.php\/2025\/10\/29\/emissao-da-nova-carteira-de-identidade-nacional-em-bonito-pode-ser-agendada-online-ou-presencialmente-prefeitura-municipal-de-bonito\/","og_locale":"pt_BR","og_type":"article","og_title":"Emiss\u00e3o da nova Carteira de Identidade Nacional em Bonito pode ser agendada online ou presencialmente - Prefeitura Municipal de Bonito","og_description":"A nova Carteira de Identidade Nacional (CIN), tamb\u00e9m conhecida como \u201cnovo RG\u201d, j\u00e1 est\u00e1 dispon\u00edvel para os moradores de Bonito. O documento substitui gradualmente o modelo antigo e traz mais seguran\u00e7a, praticidade e padroniza\u00e7\u00e3o em todo o pa\u00eds. Entre as principais mudan\u00e7as est\u00e3o o uso do n\u00famero do CPF como identificador \u00fanico e a inclus\u00e3o &hellip;","og_url":"https:\/\/mrnews.com.br\/index.php\/2025\/10\/29\/emissao-da-nova-carteira-de-identidade-nacional-em-bonito-pode-ser-agendada-online-ou-presencialmente-prefeitura-municipal-de-bonito\/","og_site_name":"MRNews","article_publisher":"https:\/\/www.facebook.com\/eaipahpah\/?locale2=pt_BR","article_published_time":"2025-10-29T15:42:13+00:00","author":"MR News","twitter_card":"summary_large_image","twitter_creator":"@conspirou","twitter_site":"@conspirou","twitter_misc":{"Escrito por":"MR News","Est. tempo de leitura":"3 minutos"},"schema":{"@context":"https:\/\/schema.org","@graph":[{"@type":"Article","@id":"https:\/\/mrnews.com.br\/index.php\/2025\/10\/29\/emissao-da-nova-carteira-de-identidade-nacional-em-bonito-pode-ser-agendada-online-ou-presencialmente-prefeitura-municipal-de-bonito\/#article","isPartOf":{"@id":"https:\/\/mrnews.com.br\/index.php\/2025\/10\/29\/emissao-da-nova-carteira-de-identidade-nacional-em-bonito-pode-ser-agendada-online-ou-presencialmente-prefeitura-municipal-de-bonito\/"},"author":{"name":"MR News","@id":"https:\/\/mrnews.com.br\/#\/schema\/person\/be3203154562a9f207407861cef7827b"},"headline":"Emiss\u00e3o da nova Carteira de Identidade Nacional em Bonito pode ser agendada online ou presencialmente &#8211; Prefeitura Municipal de Bonito","datePublished":"2025-10-29T15:42:13+00:00","mainEntityOfPage":{"@id":"https:\/\/mrnews.com.br\/index.php\/2025\/10\/29\/emissao-da-nova-carteira-de-identidade-nacional-em-bonito-pode-ser-agendada-online-ou-presencialmente-prefeitura-municipal-de-bonito\/"},"wordCount":533,"commentCount":0,"publisher":{"@id":"https:\/\/mrnews.com.br\/#organization"},"articleSection":["Mato Grosso do Sul"],"inLanguage":"pt-BR","potentialAction":[{"@type":"CommentAction","name":"Comment","target":["https:\/\/mrnews.com.br\/index.php\/2025\/10\/29\/emissao-da-nova-carteira-de-identidade-nacional-em-bonito-pode-ser-agendada-online-ou-presencialmente-prefeitura-municipal-de-bonito\/#respond"]}]},{"@type":"WebPage","@id":"https:\/\/mrnews.com.br\/index.php\/2025\/10\/29\/emissao-da-nova-carteira-de-identidade-nacional-em-bonito-pode-ser-agendada-online-ou-presencialmente-prefeitura-municipal-de-bonito\/","url":"https:\/\/mrnews.com.br\/index.php\/2025\/10\/29\/emissao-da-nova-carteira-de-identidade-nacional-em-bonito-pode-ser-agendada-online-ou-presencialmente-prefeitura-municipal-de-bonito\/","name":"Emiss\u00e3o da nova Carteira de Identidade Nacional em Bonito pode ser agendada online ou presencialmente - Prefeitura Municipal de Bonito","isPartOf":{"@id":"https:\/\/mrnews.com.br\/#website"},"datePublished":"2025-10-29T15:42:13+00:00","breadcrumb":{"@id":"https:\/\/mrnews.com.br\/index.php\/2025\/10\/29\/emissao-da-nova-carteira-de-identidade-nacional-em-bonito-pode-ser-agendada-online-ou-presencialmente-prefeitura-municipal-de-bonito\/#breadcrumb"},"inLanguage":"pt-BR","potentialAction":[{"@type":"ReadAction","target":["https:\/\/mrnews.com.br\/index.php\/2025\/10\/29\/emissao-da-nova-carteira-de-identidade-nacional-em-bonito-pode-ser-agendada-online-ou-presencialmente-prefeitura-municipal-de-bonito\/"]}]},{"@type":"BreadcrumbList","@id":"https:\/\/mrnews.com.br\/index.php\/2025\/10\/29\/emissao-da-nova-carteira-de-identidade-nacional-em-bonito-pode-ser-agendada-online-ou-presencialmente-prefeitura-municipal-de-bonito\/#breadcrumb","itemListElement":[{"@type":"ListItem","position":1,"name":"In\u00edcio","item":"https:\/\/mrnews.com.br\/"},{"@type":"ListItem","position":2,"name":"Emiss\u00e3o da nova Carteira de Identidade Nacional em Bonito pode ser agendada online ou presencialmente &#8211; Prefeitura Municipal de Bonito"}]},{"@type":"WebSite","@id":"https:\/\/mrnews.com.br\/#website","url":"https:\/\/mrnews.com.br\/","name":"MRNews","description":"MRNews Jogos de hoje da TV, transmiss\u00f5es ao vivo, Not\u00edcias de futebol, Jogos ao vivo, Lives, resumo de novelas, Programa\u00e7\u00e3o da Globo, A Fazenda e BBB","publisher":{"@id":"https:\/\/mrnews.com.br\/#organization"},"potentialAction":[{"@type":"SearchAction","target":{"@type":"EntryPoint","urlTemplate":"https:\/\/mrnews.com.br\/?s={search_term_string}"},"query-input":{"@type":"PropertyValueSpecification","valueRequired":true,"valueName":"search_term_string"}}],"inLanguage":"pt-BR"},{"@type":"Organization","@id":"https:\/\/mrnews.com.br\/#organization","name":"MRNews","url":"https:\/\/mrnews.com.br\/","logo":{"@type":"ImageObject","inLanguage":"pt-BR","@id":"https:\/\/mrnews.com.br\/#\/schema\/logo\/image\/","url":"https:\/\/mrnews.com.br\/wp-content\/uploads\/2019\/06\/MRNewslogo2.png","contentUrl":"https:\/\/mrnews.com.br\/wp-content\/uploads\/2019\/06\/MRNewslogo2.png","width":223,"height":58,"caption":"MRNews"},"image":{"@id":"https:\/\/mrnews.com.br\/#\/schema\/logo\/image\/"},"sameAs":["https:\/\/www.facebook.com\/eaipahpah\/?locale2=pt_BR","https:\/\/x.com\/conspirou","https:\/\/www.instagram.com\/eai_pahpah","https:\/\/br.pinterest.com\/mrnewsn\/boards\/","https:\/\/www.youtube.com\/channel\/UCacgnpznQ61fifLWr1tQ-vA?view_as=subscriber"]},{"@type":"Person","@id":"https:\/\/mrnews.com.br\/#\/schema\/person\/be3203154562a9f207407861cef7827b","name":"MR News","image":{"@type":"ImageObject","inLanguage":"pt-BR","@id":"https:\/\/secure.gravatar.com\/avatar\/04084e6d73c042b8646e7c17b494073bf0ede3ea13c7105cfc45cbbbc28385a4?s=96&d=monsterid&r=g","url":"https:\/\/secure.gravatar.com\/avatar\/04084e6d73c042b8646e7c17b494073bf0ede3ea13c7105cfc45cbbbc28385a4?s=96&d=monsterid&r=g","contentUrl":"https:\/\/secure.gravatar.com\/avatar\/04084e6d73c042b8646e7c17b494073bf0ede3ea13c7105cfc45cbbbc28385a4?s=96&d=monsterid&r=g","caption":"MR News"},"description":"Especializado em jornalismo colaborativo pela FTP em n\u00edvel de p\u00f3s-gradua\u00e7\u00e3o. suporte@oimeliga.combr","sameAs":["HUGO R.","Admin"],"url":"https:\/\/mrnews.com.br\/index.php\/author\/admin\/"}]}},"jetpack_featured_media_url":"","jetpack_sharing_enabled":true,"jetpack_shortlink":"https:\/\/wp.me\/pa2Qf7-1Trr","amp_enabled":true,"_links":{"self":[{"href":"https:\/\/mrnews.com.br\/index.php\/wp-json\/wp\/v2\/posts\/451449","targetHints":{"allow":["GET"]}}],"collection":[{"href":"https:\/\/mrnews.com.br\/index.php\/wp-json\/wp\/v2\/posts"}],"about":[{"href":"https:\/\/mrnews.com.br\/index.php\/wp-json\/wp\/v2\/types\/post"}],"author":[{"embeddable":true,"href":"https:\/\/mrnews.com.br\/index.php\/wp-json\/wp\/v2\/users\/1"}],"replies":[{"embeddable":true,"href":"https:\/\/mrnews.com.br\/index.php\/wp-json\/wp\/v2\/comments?post=451449"}],"version-history":[{"count":0,"href":"https:\/\/mrnews.com.br\/index.php\/wp-json\/wp\/v2\/posts\/451449\/revisions"}],"wp:attachment":[{"href":"https:\/\/mrnews.com.br\/index.php\/wp-json\/wp\/v2\/media?parent=451449"}],"wp:term":[{"taxonomy":"category","embeddable":true,"href":"https:\/\/mrnews.com.br\/index.php\/wp-json\/wp\/v2\/categories?post=451449"},{"taxonomy":"post_tag","embeddable":true,"href":"https:\/\/mrnews.com.br\/index.php\/wp-json\/wp\/v2\/tags?post=451449"}],"curies":[{"name":"wp","href":"https:\/\/api.w.org\/{rel}","templated":true}]}}